{"id":11961,"date":"2018-06-27T22:43:33","date_gmt":"2018-06-28T01:43:33","guid":{"rendered":"http:\/\/diariotextual.com\/inicio\/?p=11961"},"modified":"2018-06-28T09:42:18","modified_gmt":"2018-06-28T12:42:18","slug":"moro-funcionario-nacional-peor-imagen","status":"publish","type":"post","link":"https:\/\/diariotextual.com\/inicio\/index.php\/2018\/06\/27\/moro-funcionario-nacional-peor-imagen\/","title":{"rendered":"Moro, el funcionario nacional con peor imagen"},"content":{"rendered":"<p>El pampeano<strong> Roberto Moro<\/strong>, titular de la Sedronar, es el funcionario nacional con peor imagen entre los argentinos, seg\u00fan una encuesta de la Universidad de San Andr\u00e9s. Tiene el 66 por ciento de imagen negativa.<\/p>\n<p><!--more--><br \/>\nEl dato surgi\u00f3 en la \u00faltima Encuesta de Satisfacci\u00f3n Pol\u00edtica y Opini\u00f3n P\u00fablica de la Universidad de San Andr\u00e9s, a la que accedi\u00f3 el diario <a href=\"https:\/\/www.cronista.com\/economiapolitica\/Alzas-y-bajas-del-Gobierno-en-un-sondeo-que-mide-a-Macri-y-sus-ministros--20180627-0087.html\" target=\"_blank\" rel=\"noopener\"><strong>El Cronista<\/strong><\/a>.<\/p>\n<p><img fetchpriority=\"high\" decoding=\"async\" class=\"alignnone size-full wp-image-11964\" src=\"http:\/\/diariotextual.com\/inicio\/wp-content\/uploads\/2018\/06\/imagenministrosfuncionariosmoro2018-1.jpg\" alt=\"\" width=\"727\" height=\"500\" srcset=\"https:\/\/diariotextual.com\/inicio\/wp-content\/uploads\/2018\/06\/imagenministrosfuncionariosmoro2018-1.jpg 727w, https:\/\/diariotextual.com\/inicio\/wp-content\/uploads\/2018\/06\/imagenministrosfuncionariosmoro2018-1-300x206.jpg 300w, https:\/\/diariotextual.com\/inicio\/wp-content\/uploads\/2018\/06\/imagenministrosfuncionariosmoro2018-1-585x402.jpg 585w\" sizes=\"(max-width: 727px) 100vw, 727px\" \/><\/p>\n<p>Moro -quien fuera subsecretario de Adicciones de La Pampa- lleg\u00f3 en diciembre de 2015 al Gobierno nacional, de la mano del obispo <strong>Mario Poli<\/strong>.<\/p>\n<p>Desde hace un a\u00f1o y medio que est\u00e1 en el ojo de la tormenta: est\u00e1 acusado, entre otras irregularidades, de favorecer a allegados y contrataciones de personal que ni aparecer\u00eda por las oficinas de la secretar\u00eda.<\/p>\n<p>Los que le siguen al pampeano de <strong>peor performance<\/strong> son\u00a0<strong>Jorge Triaca\u00a0<\/strong>(Trabajo),\u00a0<strong>Gustavo Arribas\u00a0<\/strong>(AFI),\u00a0<strong>Luis Etchevehere\u00a0<\/strong>(Agroindustria) y\u00a0<strong>Segio Bergman\u00a0<\/strong>(Medio Ambiente).<\/p>\n<p><strong>En tanto, los seis que tienen imagen neta positiva\u00a0<\/strong>son\u00a0<strong>Carolina Stanley\u00a0<\/strong>(Desarrollo Social),\u00a0<strong>Rogelio Frigerio\u00a0<\/strong>(Interior),\u00a0<strong>Guillermo Dietrich<\/strong>(Transporte),\u00a0<strong>Patricia Bullrich\u00a0<\/strong>(Seguridad) y\u00a0<strong>Marcos Pe\u00f1a<\/strong>\u00a0(jefe de Gabinete).<\/p>\n<p>El segundo pelot\u00f3n, con saldo negativo pero menor al 15%, lo integran\u00a0<strong>Germ\u00e1n Garavano<\/strong>(Justicia),\u00a0<strong>Nicol\u00e1s Dujovne\u00a0<\/strong>(Hacienda y Finanzas),\u00a0<strong>Luis Caputo\u00a0<\/strong>(Banco Central),\u00a0<strong>Jorge Faurie<\/strong>(Canciller\u00eda),\u00a0<strong>Alejandro Finocchiaro\u00a0<\/strong>(Educaci\u00f3n) y\u00a0<strong>Pablo Avelluto\u00a0<\/strong>(Cultura).<\/p>\n<p>Un dato a tener en cuenta: llamativamente no aparece en el listado el otro pampeano con cargo de rango ministerial:<strong> Javier Mac Allister<\/strong>, secretario de Deportes.<\/p>\n<p>&nbsp;<\/p>\n<p>&nbsp;<\/p>\n<p>&nbsp;<\/p>\n","protected":false},"excerpt":{"rendered":"<p>El pampeano Roberto Moro, titular de la Sedronar, es el funcionario nacional con peor imagen entre los argentinos, seg\u00fan una encuesta de la Universidad de San Andr\u00e9s. Tiene el 66&hellip;<\/p>\n","protected":false},"author":3,"featured_media":11963,"comment_status":"closed","ping_status":"open","sticky":false,"template":"","format":"standard","meta":{"_acf_changed":false,"footnotes":""},"categories":[4,11,8],"tags":[501,500],"class_list":["post-11961","post","type-post","status-publish","format-standard","has-post-thumbnail","hentry","category-destacadas","category-que-pasa","category-politica","tag-imagen","tag-moro"],"acf":[],"yoast_head":"<!-- This site is optimized with the Yoast SEO plugin v27.5 - https:\/\/yoast.com\/product\/yoast-seo-wordpress\/ -->\n<title>Moro, el funcionario nacional con peor imagen - Diario Textual<\/title>\n<meta name=\"robots\" content=\"index, follow, max-snippet:-1, max-image-preview:large, max-video-preview:-1\" \/>\n<link rel=\"canonical\" href=\"https:\/\/diariotextual.com\/inicio\/index.php\/2018\/06\/27\/moro-funcionario-nacional-peor-imagen\/\" \/>\n<meta property=\"og:locale\" content=\"es_ES\" \/>\n<meta property=\"og:type\" content=\"article\" \/>\n<meta property=\"og:title\" content=\"Moro, el funcionario nacional con peor imagen - Diario Textual\" \/>\n<meta property=\"og:description\" content=\"El pampeano Roberto Moro, titular de la Sedronar, es el funcionario nacional con peor imagen entre los argentinos, seg\u00fan una encuesta de la Universidad de San Andr\u00e9s. Tiene el 66&hellip;\" \/>\n<meta property=\"og:url\" content=\"https:\/\/diariotextual.com\/inicio\/index.php\/2018\/06\/27\/moro-funcionario-nacional-peor-imagen\/\" \/>\n<meta property=\"og:site_name\" content=\"Diario Textual\" \/>\n<meta property=\"article:publisher\" content=\"https:\/\/www.facebook.com\/eltextual\" \/>\n<meta property=\"article:published_time\" content=\"2018-06-28T01:43:33+00:00\" \/>\n<meta property=\"article:modified_time\" content=\"2018-06-28T12:42:18+00:00\" \/>\n<meta property=\"og:image\" content=\"https:\/\/diariotextual.com\/inicio\/wp-content\/uploads\/2018\/06\/mororobertosedronar52.jpg\" \/>\n\t<meta property=\"og:image:width\" content=\"862\" \/>\n\t<meta property=\"og:image:height\" content=\"601\" \/>\n\t<meta property=\"og:image:type\" content=\"image\/jpeg\" \/>\n<meta name=\"author\" content=\"Diario1 Diario1\" \/>\n<meta name=\"twitter:card\" content=\"summary_large_image\" \/>\n<meta name=\"twitter:creator\" content=\"@eltextual\" \/>\n<meta name=\"twitter:site\" content=\"@eltextual\" \/>\n<meta name=\"twitter:label1\" content=\"Escrito por\" \/>\n\t<meta name=\"twitter:data1\" content=\"Diario1 Diario1\" \/>\n\t<meta name=\"twitter:label2\" content=\"Tiempo de lectura\" \/>\n\t<meta name=\"twitter:data2\" content=\"1 minuto\" \/>\n<script type=\"application\/ld+json\" class=\"yoast-schema-graph\">{\"@context\":\"https:\\\/\\\/schema.org\",\"@graph\":[{\"@type\":\"Article\",\"@id\":\"https:\\\/\\\/diariotextual.com\\\/inicio\\\/index.php\\\/2018\\\/06\\\/27\\\/moro-funcionario-nacional-peor-imagen\\\/#article\",\"isPartOf\":{\"@id\":\"https:\\\/\\\/diariotextual.com\\\/inicio\\\/index.php\\\/2018\\\/06\\\/27\\\/moro-funcionario-nacional-peor-imagen\\\/\"},\"author\":{\"name\":\"Diario1 Diario1\",\"@id\":\"https:\\\/\\\/diariotextual.com\\\/inicio\\\/#\\\/schema\\\/person\\\/418fc4093c33e86ed41562db3508f958\"},\"headline\":\"Moro, el funcionario nacional con peor imagen\",\"datePublished\":\"2018-06-28T01:43:33+00:00\",\"dateModified\":\"2018-06-28T12:42:18+00:00\",\"mainEntityOfPage\":{\"@id\":\"https:\\\/\\\/diariotextual.com\\\/inicio\\\/index.php\\\/2018\\\/06\\\/27\\\/moro-funcionario-nacional-peor-imagen\\\/\"},\"wordCount\":258,\"publisher\":{\"@id\":\"https:\\\/\\\/diariotextual.com\\\/inicio\\\/#organization\"},\"image\":{\"@id\":\"https:\\\/\\\/diariotextual.com\\\/inicio\\\/index.php\\\/2018\\\/06\\\/27\\\/moro-funcionario-nacional-peor-imagen\\\/#primaryimage\"},\"thumbnailUrl\":\"https:\\\/\\\/diariotextual.com\\\/inicio\\\/wp-content\\\/uploads\\\/2018\\\/06\\\/mororobertosedronar52.jpg\",\"keywords\":[\"imagen\",\"moro\"],\"articleSection\":[\"A - DESTACADAS (mod 16)\",\"A - QUE PASA (al costado)\",\"POLITICA\"],\"inLanguage\":\"es\"},{\"@type\":\"WebPage\",\"@id\":\"https:\\\/\\\/diariotextual.com\\\/inicio\\\/index.php\\\/2018\\\/06\\\/27\\\/moro-funcionario-nacional-peor-imagen\\\/\",\"url\":\"https:\\\/\\\/diariotextual.com\\\/inicio\\\/index.php\\\/2018\\\/06\\\/27\\\/moro-funcionario-nacional-peor-imagen\\\/\",\"name\":\"Moro, el funcionario nacional con peor imagen - Diario Textual\",\"isPartOf\":{\"@id\":\"https:\\\/\\\/diariotextual.com\\\/inicio\\\/#website\"},\"primaryImageOfPage\":{\"@id\":\"https:\\\/\\\/diariotextual.com\\\/inicio\\\/index.php\\\/2018\\\/06\\\/27\\\/moro-funcionario-nacional-peor-imagen\\\/#primaryimage\"},\"image\":{\"@id\":\"https:\\\/\\\/diariotextual.com\\\/inicio\\\/index.php\\\/2018\\\/06\\\/27\\\/moro-funcionario-nacional-peor-imagen\\\/#primaryimage\"},\"thumbnailUrl\":\"https:\\\/\\\/diariotextual.com\\\/inicio\\\/wp-content\\\/uploads\\\/2018\\\/06\\\/mororobertosedronar52.jpg\",\"datePublished\":\"2018-06-28T01:43:33+00:00\",\"dateModified\":\"2018-06-28T12:42:18+00:00\",\"breadcrumb\":{\"@id\":\"https:\\\/\\\/diariotextual.com\\\/inicio\\\/index.php\\\/2018\\\/06\\\/27\\\/moro-funcionario-nacional-peor-imagen\\\/#breadcrumb\"},\"inLanguage\":\"es\",\"potentialAction\":[{\"@type\":\"ReadAction\",\"target\":[\"https:\\\/\\\/diariotextual.com\\\/inicio\\\/index.php\\\/2018\\\/06\\\/27\\\/moro-funcionario-nacional-peor-imagen\\\/\"]}]},{\"@type\":\"ImageObject\",\"inLanguage\":\"es\",\"@id\":\"https:\\\/\\\/diariotextual.com\\\/inicio\\\/index.php\\\/2018\\\/06\\\/27\\\/moro-funcionario-nacional-peor-imagen\\\/#primaryimage\",\"url\":\"https:\\\/\\\/diariotextual.com\\\/inicio\\\/wp-content\\\/uploads\\\/2018\\\/06\\\/mororobertosedronar52.jpg\",\"contentUrl\":\"https:\\\/\\\/diariotextual.com\\\/inicio\\\/wp-content\\\/uploads\\\/2018\\\/06\\\/mororobertosedronar52.jpg\",\"width\":862,\"height\":601},{\"@type\":\"BreadcrumbList\",\"@id\":\"https:\\\/\\\/diariotextual.com\\\/inicio\\\/index.php\\\/2018\\\/06\\\/27\\\/moro-funcionario-nacional-peor-imagen\\\/#breadcrumb\",\"itemListElement\":[{\"@type\":\"ListItem\",\"position\":1,\"name\":\"Portada\",\"item\":\"https:\\\/\\\/diariotextual.com\\\/inicio\\\/\"},{\"@type\":\"ListItem\",\"position\":2,\"name\":\"Moro, el funcionario nacional con peor imagen\"}]},{\"@type\":\"WebSite\",\"@id\":\"https:\\\/\\\/diariotextual.com\\\/inicio\\\/#website\",\"url\":\"https:\\\/\\\/diariotextual.com\\\/inicio\\\/\",\"name\":\"Diario Textual\",\"description\":\"\",\"publisher\":{\"@id\":\"https:\\\/\\\/diariotextual.com\\\/inicio\\\/#organization\"},\"potentialAction\":[{\"@type\":\"SearchAction\",\"target\":{\"@type\":\"EntryPoint\",\"urlTemplate\":\"https:\\\/\\\/diariotextual.com\\\/inicio\\\/?s={search_term_string}\"},\"query-input\":{\"@type\":\"PropertyValueSpecification\",\"valueRequired\":true,\"valueName\":\"search_term_string\"}}],\"inLanguage\":\"es\"},{\"@type\":\"Organization\",\"@id\":\"https:\\\/\\\/diariotextual.com\\\/inicio\\\/#organization\",\"name\":\"Diario Textual\",\"url\":\"https:\\\/\\\/diariotextual.com\\\/inicio\\\/\",\"logo\":{\"@type\":\"ImageObject\",\"inLanguage\":\"es\",\"@id\":\"https:\\\/\\\/diariotextual.com\\\/inicio\\\/#\\\/schema\\\/logo\\\/image\\\/\",\"url\":\"https:\\\/\\\/diariotextual.com\\\/inicio\\\/wp-content\\\/uploads\\\/2023\\\/05\\\/logotextual1.jpg\",\"contentUrl\":\"https:\\\/\\\/diariotextual.com\\\/inicio\\\/wp-content\\\/uploads\\\/2023\\\/05\\\/logotextual1.jpg\",\"width\":516,\"height\":76,\"caption\":\"Diario Textual\"},\"image\":{\"@id\":\"https:\\\/\\\/diariotextual.com\\\/inicio\\\/#\\\/schema\\\/logo\\\/image\\\/\"},\"sameAs\":[\"https:\\\/\\\/www.facebook.com\\\/eltextual\",\"https:\\\/\\\/x.com\\\/eltextual\",\"http:\\\/\\\/www.instagram.com\\\/eltextual\"]},{\"@type\":\"Person\",\"@id\":\"https:\\\/\\\/diariotextual.com\\\/inicio\\\/#\\\/schema\\\/person\\\/418fc4093c33e86ed41562db3508f958\",\"name\":\"Diario1 Diario1\",\"image\":{\"@type\":\"ImageObject\",\"inLanguage\":\"es\",\"@id\":\"https:\\\/\\\/secure.gravatar.com\\\/avatar\\\/9167d280179c85bc18be67aa7eda765854300033af4896dd779b608640f2ef7a?s=96&d=mm&r=g\",\"url\":\"https:\\\/\\\/secure.gravatar.com\\\/avatar\\\/9167d280179c85bc18be67aa7eda765854300033af4896dd779b608640f2ef7a?s=96&d=mm&r=g\",\"contentUrl\":\"https:\\\/\\\/secure.gravatar.com\\\/avatar\\\/9167d280179c85bc18be67aa7eda765854300033af4896dd779b608640f2ef7a?s=96&d=mm&r=g\",\"caption\":\"Diario1 Diario1\"},\"url\":\"https:\\\/\\\/diariotextual.com\\\/inicio\\\/index.php\\\/author\\\/diario1\\\/\"}]}<\/script>\n<!-- \/ Yoast SEO plugin. -->","yoast_head_json":{"title":"Moro, el funcionario nacional con peor imagen - Diario Textual","robots":{"index":"index","follow":"follow","max-snippet":"max-snippet:-1","max-image-preview":"max-image-preview:large","max-video-preview":"max-video-preview:-1"},"canonical":"https:\/\/diariotextual.com\/inicio\/index.php\/2018\/06\/27\/moro-funcionario-nacional-peor-imagen\/","og_locale":"es_ES","og_type":"article","og_title":"Moro, el funcionario nacional con peor imagen - Diario Textual","og_description":"El pampeano Roberto Moro, titular de la Sedronar, es el funcionario nacional con peor imagen entre los argentinos, seg\u00fan una encuesta de la Universidad de San Andr\u00e9s. Tiene el 66&hellip;","og_url":"https:\/\/diariotextual.com\/inicio\/index.php\/2018\/06\/27\/moro-funcionario-nacional-peor-imagen\/","og_site_name":"Diario Textual","article_publisher":"https:\/\/www.facebook.com\/eltextual","article_published_time":"2018-06-28T01:43:33+00:00","article_modified_time":"2018-06-28T12:42:18+00:00","og_image":[{"width":862,"height":601,"url":"https:\/\/diariotextual.com\/inicio\/wp-content\/uploads\/2018\/06\/mororobertosedronar52.jpg","type":"image\/jpeg"}],"author":"Diario1 Diario1","twitter_card":"summary_large_image","twitter_creator":"@eltextual","twitter_site":"@eltextual","twitter_misc":{"Escrito por":"Diario1 Diario1","Tiempo de lectura":"1 minuto"},"schema":{"@context":"https:\/\/schema.org","@graph":[{"@type":"Article","@id":"https:\/\/diariotextual.com\/inicio\/index.php\/2018\/06\/27\/moro-funcionario-nacional-peor-imagen\/#article","isPartOf":{"@id":"https:\/\/diariotextual.com\/inicio\/index.php\/2018\/06\/27\/moro-funcionario-nacional-peor-imagen\/"},"author":{"name":"Diario1 Diario1","@id":"https:\/\/diariotextual.com\/inicio\/#\/schema\/person\/418fc4093c33e86ed41562db3508f958"},"headline":"Moro, el funcionario nacional con peor imagen","datePublished":"2018-06-28T01:43:33+00:00","dateModified":"2018-06-28T12:42:18+00:00","mainEntityOfPage":{"@id":"https:\/\/diariotextual.com\/inicio\/index.php\/2018\/06\/27\/moro-funcionario-nacional-peor-imagen\/"},"wordCount":258,"publisher":{"@id":"https:\/\/diariotextual.com\/inicio\/#organization"},"image":{"@id":"https:\/\/diariotextual.com\/inicio\/index.php\/2018\/06\/27\/moro-funcionario-nacional-peor-imagen\/#primaryimage"},"thumbnailUrl":"https:\/\/diariotextual.com\/inicio\/wp-content\/uploads\/2018\/06\/mororobertosedronar52.jpg","keywords":["imagen","moro"],"articleSection":["A - DESTACADAS (mod 16)","A - QUE PASA (al costado)","POLITICA"],"inLanguage":"es"},{"@type":"WebPage","@id":"https:\/\/diariotextual.com\/inicio\/index.php\/2018\/06\/27\/moro-funcionario-nacional-peor-imagen\/","url":"https:\/\/diariotextual.com\/inicio\/index.php\/2018\/06\/27\/moro-funcionario-nacional-peor-imagen\/","name":"Moro, el funcionario nacional con peor imagen - Diario Textual","isPartOf":{"@id":"https:\/\/diariotextual.com\/inicio\/#website"},"primaryImageOfPage":{"@id":"https:\/\/diariotextual.com\/inicio\/index.php\/2018\/06\/27\/moro-funcionario-nacional-peor-imagen\/#primaryimage"},"image":{"@id":"https:\/\/diariotextual.com\/inicio\/index.php\/2018\/06\/27\/moro-funcionario-nacional-peor-imagen\/#primaryimage"},"thumbnailUrl":"https:\/\/diariotextual.com\/inicio\/wp-content\/uploads\/2018\/06\/mororobertosedronar52.jpg","datePublished":"2018-06-28T01:43:33+00:00","dateModified":"2018-06-28T12:42:18+00:00","breadcrumb":{"@id":"https:\/\/diariotextual.com\/inicio\/index.php\/2018\/06\/27\/moro-funcionario-nacional-peor-imagen\/#breadcrumb"},"inLanguage":"es","potentialAction":[{"@type":"ReadAction","target":["https:\/\/diariotextual.com\/inicio\/index.php\/2018\/06\/27\/moro-funcionario-nacional-peor-imagen\/"]}]},{"@type":"ImageObject","inLanguage":"es","@id":"https:\/\/diariotextual.com\/inicio\/index.php\/2018\/06\/27\/moro-funcionario-nacional-peor-imagen\/#primaryimage","url":"https:\/\/diariotextual.com\/inicio\/wp-content\/uploads\/2018\/06\/mororobertosedronar52.jpg","contentUrl":"https:\/\/diariotextual.com\/inicio\/wp-content\/uploads\/2018\/06\/mororobertosedronar52.jpg","width":862,"height":601},{"@type":"BreadcrumbList","@id":"https:\/\/diariotextual.com\/inicio\/index.php\/2018\/06\/27\/moro-funcionario-nacional-peor-imagen\/#breadcrumb","itemListElement":[{"@type":"ListItem","position":1,"name":"Portada","item":"https:\/\/diariotextual.com\/inicio\/"},{"@type":"ListItem","position":2,"name":"Moro, el funcionario nacional con peor imagen"}]},{"@type":"WebSite","@id":"https:\/\/diariotextual.com\/inicio\/#website","url":"https:\/\/diariotextual.com\/inicio\/","name":"Diario Textual","description":"","publisher":{"@id":"https:\/\/diariotextual.com\/inicio\/#organization"},"potentialAction":[{"@type":"SearchAction","target":{"@type":"EntryPoint","urlTemplate":"https:\/\/diariotextual.com\/inicio\/?s={search_term_string}"},"query-input":{"@type":"PropertyValueSpecification","valueRequired":true,"valueName":"search_term_string"}}],"inLanguage":"es"},{"@type":"Organization","@id":"https:\/\/diariotextual.com\/inicio\/#organization","name":"Diario Textual","url":"https:\/\/diariotextual.com\/inicio\/","logo":{"@type":"ImageObject","inLanguage":"es","@id":"https:\/\/diariotextual.com\/inicio\/#\/schema\/logo\/image\/","url":"https:\/\/diariotextual.com\/inicio\/wp-content\/uploads\/2023\/05\/logotextual1.jpg","contentUrl":"https:\/\/diariotextual.com\/inicio\/wp-content\/uploads\/2023\/05\/logotextual1.jpg","width":516,"height":76,"caption":"Diario Textual"},"image":{"@id":"https:\/\/diariotextual.com\/inicio\/#\/schema\/logo\/image\/"},"sameAs":["https:\/\/www.facebook.com\/eltextual","https:\/\/x.com\/eltextual","http:\/\/www.instagram.com\/eltextual"]},{"@type":"Person","@id":"https:\/\/diariotextual.com\/inicio\/#\/schema\/person\/418fc4093c33e86ed41562db3508f958","name":"Diario1 Diario1","image":{"@type":"ImageObject","inLanguage":"es","@id":"https:\/\/secure.gravatar.com\/avatar\/9167d280179c85bc18be67aa7eda765854300033af4896dd779b608640f2ef7a?s=96&d=mm&r=g","url":"https:\/\/secure.gravatar.com\/avatar\/9167d280179c85bc18be67aa7eda765854300033af4896dd779b608640f2ef7a?s=96&d=mm&r=g","contentUrl":"https:\/\/secure.gravatar.com\/avatar\/9167d280179c85bc18be67aa7eda765854300033af4896dd779b608640f2ef7a?s=96&d=mm&r=g","caption":"Diario1 Diario1"},"url":"https:\/\/diariotextual.com\/inicio\/index.php\/author\/diario1\/"}]}},"_links":{"self":[{"href":"https:\/\/diariotextual.com\/inicio\/index.php\/wp-json\/wp\/v2\/posts\/11961","targetHints":{"allow":["GET"]}}],"collection":[{"href":"https:\/\/diariotextual.com\/inicio\/index.php\/wp-json\/wp\/v2\/posts"}],"about":[{"href":"https:\/\/diariotextual.com\/inicio\/index.php\/wp-json\/wp\/v2\/types\/post"}],"author":[{"embeddable":true,"href":"https:\/\/diariotextual.com\/inicio\/index.php\/wp-json\/wp\/v2\/users\/3"}],"replies":[{"embeddable":true,"href":"https:\/\/diariotextual.com\/inicio\/index.php\/wp-json\/wp\/v2\/comments?post=11961"}],"version-history":[{"count":2,"href":"https:\/\/diariotextual.com\/inicio\/index.php\/wp-json\/wp\/v2\/posts\/11961\/revisions"}],"predecessor-version":[{"id":11965,"href":"https:\/\/diariotextual.com\/inicio\/index.php\/wp-json\/wp\/v2\/posts\/11961\/revisions\/11965"}],"wp:featuredmedia":[{"embeddable":true,"href":"https:\/\/diariotextual.com\/inicio\/index.php\/wp-json\/wp\/v2\/media\/11963"}],"wp:attachment":[{"href":"https:\/\/diariotextual.com\/inicio\/index.php\/wp-json\/wp\/v2\/media?parent=11961"}],"wp:term":[{"taxonomy":"category","embeddable":true,"href":"https:\/\/diariotextual.com\/inicio\/index.php\/wp-json\/wp\/v2\/categories?post=11961"},{"taxonomy":"post_tag","embeddable":true,"href":"https:\/\/diariotextual.com\/inicio\/index.php\/wp-json\/wp\/v2\/tags?post=11961"}],"curies":[{"name":"wp","href":"https:\/\/api.w.org\/{rel}","templated":true}]}}