{"id":120270,"date":"2020-11-07T07:40:25","date_gmt":"2020-11-07T10:40:25","guid":{"rendered":"http:\/\/diariotextual.com\/inicio\/?p=120270"},"modified":"2020-11-13T17:15:27","modified_gmt":"2020-11-13T20:15:27","slug":"murio-el-cineasta-y-politico-fernando-pino-solanas","status":"publish","type":"post","link":"https:\/\/diariotextual.com\/inicio\/index.php\/2020\/11\/07\/murio-el-cineasta-y-politico-fernando-pino-solanas\/","title":{"rendered":"Muri\u00f3 el cineasta y pol\u00edtico Fernando \u201cPino\u201d Solanas"},"content":{"rendered":"\n<p>El cineasta y embajador argentino ante la UNESCO, <strong>Fernando \u201cPino\u201d Solanas<\/strong>, falleci\u00f3 este viernes a \u00faltima hora en Par\u00eds, luego de haber permanecido varias semanas internado por haber contra\u00eddo coronavirus.<\/p>\n\n\n\n<p>La noticia fue confirmada por el Ministerio de Relaciones Exteriores a primera hora de la madrugada de este s\u00e1bado. <strong>\u201cEnorme dolor por Pino Solanas. Muri\u00f3 en cumplimiento de sus funciones como embajador de Argentina ante la UNESCO. Ser\u00e1 recordado por su arte, por su compromiso pol\u00edtico y por su \u00e9tica puesta siempre al servicio de un pa\u00eds mejor. Un abrazo a su familia y sus amigos\u201d<\/strong>, public\u00f3 Canciller\u00eda en sus redes sociales.<\/p>\n\n\n\n<p>Cineasta, exdiputado nacional, exsenador y principal referente de la agrupaci\u00f3n Proyecto Sur que integra el Frente de Todos, contrajo Covid-19 a mediados de octubre. Desde entonces se encontraba recibiendo asistencia m\u00e9dica junto a su esposa en un hospital de Par\u00eds, donde est\u00e1 ubicada la sede del organismo de la ONU para la educaci\u00f3n, la ciencia y la cultura.<\/p>\n\n\n\n<p>Una de sus \u00faltimas actividades oficiales fue visitar al Papa Francisco en el Vaticano, donde mantuvieron una reuni\u00f3n en la que charlaron sobre la pobreza y el cambio clim\u00e1tico. Una semana despu\u00e9s, el propio Solanas confirmar\u00eda que \u00e9l y su mujer estaban infectados.<\/p>\n\n\n\n<p>Nacido el 16 de febrero de 1936 en la localidad bonaerense de Olivos, Fernando \u201cPino\u201d Solanas, adem\u00e1s de su carrera como dirigente,\u00a0<strong>ser\u00e1 recordado como uno de los referentes y pioneros del cine pol\u00edtico argentino.<\/strong>\u00a0Con una mirada cr\u00edtica de la realidad, fue el art\u00edfice de \u201c<strong>La hora de los Hornos\u201d,<\/strong>\u00a0junto a Octavio Getino, a mediados de los sesenta durante la dictadura de Juan Carlos Ongan\u00eda.<\/p>\n\n\n\n<figure class=\"wp-block-image size-large\"><img fetchpriority=\"high\" decoding=\"async\" width=\"1024\" height=\"607\" src=\"http:\/\/diariotextual.com\/inicio\/wp-content\/uploads\/2020\/11\/solanaspino001-1024x607.jpg\" alt=\"\" class=\"wp-image-120272\" srcset=\"https:\/\/diariotextual.com\/inicio\/wp-content\/uploads\/2020\/11\/solanaspino001-1024x607.jpg 1024w, https:\/\/diariotextual.com\/inicio\/wp-content\/uploads\/2020\/11\/solanaspino001-300x178.jpg 300w, https:\/\/diariotextual.com\/inicio\/wp-content\/uploads\/2020\/11\/solanaspino001-768x456.jpg 768w, https:\/\/diariotextual.com\/inicio\/wp-content\/uploads\/2020\/11\/solanaspino001-585x347.jpg 585w, https:\/\/diariotextual.com\/inicio\/wp-content\/uploads\/2020\/11\/solanaspino001.jpg 1170w\" sizes=\"(max-width: 1024px) 100vw, 1024px\" \/><\/figure>\n\n\n\n<p>A ra\u00edz de la censura impuesta por el gobierno de facto de Ongan\u00eda, durante cinco a\u00f1os \u201cLa hora de los Hornos\u201d se proyect\u00f3 de forma clandestina en villas, sindicatos, obras en construcci\u00f3n, parroquias, unidades b\u00e1sicas y casas particulares. Fue el film m\u00e1s visto en la clandestinidad de toda la historia argentina. En Argentina, Solanas era miembro junto a Getino y Gerardo Vallejo del \u201c<strong>Grupo Cine Liberaci\u00f3n<\/strong>\u201d, un hito del arte cinematogr\u00e1fico latinoamericano identificado con las ideas revolucionarias de los a\u00f1os sesenta y setenta.<\/p>\n\n\n\n<p>La pel\u00edcula logr\u00f3 llamar la atenci\u00f3n de Juan Domingo Per\u00f3n, quien convoc\u00f3 a ambos directores a Puerta de Hierro, donde permaneci\u00f3 durante su exilio en Madrid. All\u00ed surgieron los testimonios de&nbsp;<em><strong>La Revoluci\u00f3n Justicialista<\/strong><\/em>y<em><strong>Actualizaci\u00f3n Pol\u00edtica y Doctrinaria para la toma del Poder<\/strong><\/em>, ambas de 1971.<\/p>\n\n\n\n<p>Durante aquellos a\u00f1os recibi\u00f3 amenazas de muerte de la Triple A. Si bien en 1975 consigui\u00f3 finalizar su primera pel\u00edcula de ficci\u00f3n &#8211;<em>Los hijos de Fierro<\/em>-, esta demor\u00f3 casi una d\u00e9cada en poder proyectarse. Luego del golpe de Estado de 1976, el cineasta es alertado de que un comando de la Marina lo intentar\u00eda secuestrar, por lo que decide escapar a Espa\u00f1a, para luego terminar&nbsp;<strong>exiliado en Francia.<\/strong><\/p>\n\n\n\n<p>Ya con el retorno de la democracia en Argentina, su reconocimiento empieza a trascender las fronteras. En Venecia y La Habana fue galardonado por&nbsp;<em>El Exilio de Gardel (1985)<\/em>&nbsp;y fue elegido mejor director en el&nbsp;<strong>Festival de Cannes<\/strong>&nbsp;por&nbsp;<em>Sur (1988)<\/em>, donde reuni\u00f3 a Fito P\u00e1ez con Roberto Goyeneche.<\/p>\n\n\n\n<p>\u201cPino\u201d inici\u00f3 su carrera como dirigente pol\u00edtico. Cr\u00edtico de la gesti\u00f3n de Carlos Menem por su impronta privatizadora, fue querellado por el ex presidente luego de que calificara al gobierno de \u201cuna pandillas de estafadores, corruptos y traidores\u201d.&nbsp;<strong>En mayo de 1991 fue baleado al d\u00eda siguiente de haber ratificado su declaraci\u00f3n ante la Justicia.<\/strong><\/p>\n\n\n\n<p>Por sus diferencias con el Partido Justicialista, se uni\u00f3 al \u201cGrupo de los Ocho\u201d, donde se inici\u00f3 con un tercer puesto para senador por la Capital, con el 7,5% de los votos.<\/p>\n\n\n\n<p>En 1993 compiti\u00f3 en provincia de Buenos Aires y gan\u00f3 su banca como diputado del Frente Grande, espacio del que se terminar\u00eda alejando en plena reforma constitucional de 1994 por sus diferencias con Chacho \u00c1lvarez.<\/p>\n\n\n\n<p>En 1997 cumpli\u00f3 su mandato como legislador y decidi\u00f3 volver a sus or\u00edgenes. En 2004 estren\u00f3 Memorias del Saqueo, documental en el que grafic\u00f3 las crisis pol\u00edticas, econ\u00f3micas y sociales que atraves\u00f3 la Argentina desde la dictadura c\u00edvico-militar de 1976 hasta el estallido de 2001, durante el gobierno de Fernando de la R\u00faa. Dicho film lo present\u00f3 en Berl\u00edn, donde fue nuevamente premiado, y luego lo har\u00eda ante Fidel Castro y Hugo Ch\u00e1vez.<\/p>\n\n\n\n<p>En 2007 regres\u00f3 de lleno a la pol\u00edtica. Compiti\u00f3 en las presidenciales al frente de Proyecto Sur, pero sac\u00f3 solo el 1,6% de los votos. Luego intentar\u00eda competir por la jefatura de gobierno porte\u00f1a, aunque qued\u00f3 tercero con el 12,8% de los sufragios.<\/p>\n\n\n\n<p>Aliado con Elisa Carri\u00f3, en 2013 obtuvo su banca como senador. En ese entonces era un ferviente opositor al gobierno de Cristina Kirchner. Finalmente su espacio, Proyecto Sur, fue parte de la uni\u00f3n del peronismo en 2019 que llev\u00f3 a la presidencia a Alberto Fern\u00e1ndez.<\/p>\n","protected":false},"excerpt":{"rendered":"<p>El cineasta y embajador argentino ante la UNESCO, Fernando \u201cPino\u201d Solanas, falleci\u00f3 este viernes a \u00faltima hora en Par\u00eds, luego de haber permanecido varias semanas internado por haber contra\u00eddo coronavirus.&hellip;<\/p>\n","protected":false},"author":3,"featured_media":120278,"comment_status":"closed","ping_status":"open","sticky":false,"template":"","format":"standard","meta":{"_acf_changed":false,"footnotes":""},"categories":[11,8],"tags":[4345,4346],"class_list":["post-120270","post","type-post","status-publish","format-standard","has-post-thumbnail","hentry","category-que-pasa","category-politica","tag-pino","tag-solanas"],"acf":[],"yoast_head":"<!-- This site is optimized with the Yoast SEO plugin v27.5 - https:\/\/yoast.com\/product\/yoast-seo-wordpress\/ -->\n<title>Muri\u00f3 el cineasta y pol\u00edtico Fernando \u201cPino\u201d Solanas - Diario Textual<\/title>\n<meta name=\"robots\" content=\"index, follow, max-snippet:-1, max-image-preview:large, max-video-preview:-1\" \/>\n<link rel=\"canonical\" href=\"https:\/\/diariotextual.com\/inicio\/index.php\/2020\/11\/07\/murio-el-cineasta-y-politico-fernando-pino-solanas\/\" \/>\n<meta property=\"og:locale\" content=\"es_ES\" \/>\n<meta property=\"og:type\" content=\"article\" \/>\n<meta property=\"og:title\" content=\"Muri\u00f3 el cineasta y pol\u00edtico Fernando \u201cPino\u201d Solanas - Diario Textual\" \/>\n<meta property=\"og:description\" content=\"El cineasta y embajador argentino ante la UNESCO, Fernando \u201cPino\u201d Solanas, falleci\u00f3 este viernes a \u00faltima hora en Par\u00eds, luego de haber permanecido varias semanas internado por haber contra\u00eddo coronavirus.&hellip;\" \/>\n<meta property=\"og:url\" content=\"https:\/\/diariotextual.com\/inicio\/index.php\/2020\/11\/07\/murio-el-cineasta-y-politico-fernando-pino-solanas\/\" \/>\n<meta property=\"og:site_name\" content=\"Diario Textual\" \/>\n<meta property=\"article:publisher\" content=\"https:\/\/www.facebook.com\/eltextual\" \/>\n<meta property=\"article:published_time\" content=\"2020-11-07T10:40:25+00:00\" \/>\n<meta property=\"article:modified_time\" content=\"2020-11-13T20:15:27+00:00\" \/>\n<meta property=\"og:image\" content=\"https:\/\/diariotextual.com\/inicio\/wp-content\/uploads\/2020\/11\/solanaspino002.jpg\" \/>\n\t<meta property=\"og:image:width\" content=\"1024\" \/>\n\t<meta property=\"og:image:height\" content=\"578\" \/>\n\t<meta property=\"og:image:type\" content=\"image\/jpeg\" \/>\n<meta name=\"author\" content=\"Diario1 Diario1\" \/>\n<meta name=\"twitter:card\" content=\"summary_large_image\" \/>\n<meta name=\"twitter:creator\" content=\"@eltextual\" \/>\n<meta name=\"twitter:site\" content=\"@eltextual\" \/>\n<meta name=\"twitter:label1\" content=\"Escrito por\" \/>\n\t<meta name=\"twitter:data1\" content=\"Diario1 Diario1\" \/>\n\t<meta name=\"twitter:label2\" content=\"Tiempo de lectura\" \/>\n\t<meta name=\"twitter:data2\" content=\"4 minutos\" \/>\n<script type=\"application\/ld+json\" class=\"yoast-schema-graph\">{\"@context\":\"https:\\\/\\\/schema.org\",\"@graph\":[{\"@type\":\"Article\",\"@id\":\"https:\\\/\\\/diariotextual.com\\\/inicio\\\/index.php\\\/2020\\\/11\\\/07\\\/murio-el-cineasta-y-politico-fernando-pino-solanas\\\/#article\",\"isPartOf\":{\"@id\":\"https:\\\/\\\/diariotextual.com\\\/inicio\\\/index.php\\\/2020\\\/11\\\/07\\\/murio-el-cineasta-y-politico-fernando-pino-solanas\\\/\"},\"author\":{\"name\":\"Diario1 Diario1\",\"@id\":\"https:\\\/\\\/diariotextual.com\\\/inicio\\\/#\\\/schema\\\/person\\\/418fc4093c33e86ed41562db3508f958\"},\"headline\":\"Muri\u00f3 el cineasta y pol\u00edtico Fernando \u201cPino\u201d Solanas\",\"datePublished\":\"2020-11-07T10:40:25+00:00\",\"dateModified\":\"2020-11-13T20:15:27+00:00\",\"mainEntityOfPage\":{\"@id\":\"https:\\\/\\\/diariotextual.com\\\/inicio\\\/index.php\\\/2020\\\/11\\\/07\\\/murio-el-cineasta-y-politico-fernando-pino-solanas\\\/\"},\"wordCount\":858,\"publisher\":{\"@id\":\"https:\\\/\\\/diariotextual.com\\\/inicio\\\/#organization\"},\"image\":{\"@id\":\"https:\\\/\\\/diariotextual.com\\\/inicio\\\/index.php\\\/2020\\\/11\\\/07\\\/murio-el-cineasta-y-politico-fernando-pino-solanas\\\/#primaryimage\"},\"thumbnailUrl\":\"https:\\\/\\\/diariotextual.com\\\/inicio\\\/wp-content\\\/uploads\\\/2020\\\/11\\\/solanaspino002.jpg\",\"keywords\":[\"pino\",\"solanas\"],\"articleSection\":[\"A - QUE PASA (al costado)\",\"POLITICA\"],\"inLanguage\":\"es\"},{\"@type\":\"WebPage\",\"@id\":\"https:\\\/\\\/diariotextual.com\\\/inicio\\\/index.php\\\/2020\\\/11\\\/07\\\/murio-el-cineasta-y-politico-fernando-pino-solanas\\\/\",\"url\":\"https:\\\/\\\/diariotextual.com\\\/inicio\\\/index.php\\\/2020\\\/11\\\/07\\\/murio-el-cineasta-y-politico-fernando-pino-solanas\\\/\",\"name\":\"Muri\u00f3 el cineasta y pol\u00edtico Fernando \u201cPino\u201d Solanas - Diario Textual\",\"isPartOf\":{\"@id\":\"https:\\\/\\\/diariotextual.com\\\/inicio\\\/#website\"},\"primaryImageOfPage\":{\"@id\":\"https:\\\/\\\/diariotextual.com\\\/inicio\\\/index.php\\\/2020\\\/11\\\/07\\\/murio-el-cineasta-y-politico-fernando-pino-solanas\\\/#primaryimage\"},\"image\":{\"@id\":\"https:\\\/\\\/diariotextual.com\\\/inicio\\\/index.php\\\/2020\\\/11\\\/07\\\/murio-el-cineasta-y-politico-fernando-pino-solanas\\\/#primaryimage\"},\"thumbnailUrl\":\"https:\\\/\\\/diariotextual.com\\\/inicio\\\/wp-content\\\/uploads\\\/2020\\\/11\\\/solanaspino002.jpg\",\"datePublished\":\"2020-11-07T10:40:25+00:00\",\"dateModified\":\"2020-11-13T20:15:27+00:00\",\"breadcrumb\":{\"@id\":\"https:\\\/\\\/diariotextual.com\\\/inicio\\\/index.php\\\/2020\\\/11\\\/07\\\/murio-el-cineasta-y-politico-fernando-pino-solanas\\\/#breadcrumb\"},\"inLanguage\":\"es\",\"potentialAction\":[{\"@type\":\"ReadAction\",\"target\":[\"https:\\\/\\\/diariotextual.com\\\/inicio\\\/index.php\\\/2020\\\/11\\\/07\\\/murio-el-cineasta-y-politico-fernando-pino-solanas\\\/\"]}]},{\"@type\":\"ImageObject\",\"inLanguage\":\"es\",\"@id\":\"https:\\\/\\\/diariotextual.com\\\/inicio\\\/index.php\\\/2020\\\/11\\\/07\\\/murio-el-cineasta-y-politico-fernando-pino-solanas\\\/#primaryimage\",\"url\":\"https:\\\/\\\/diariotextual.com\\\/inicio\\\/wp-content\\\/uploads\\\/2020\\\/11\\\/solanaspino002.jpg\",\"contentUrl\":\"https:\\\/\\\/diariotextual.com\\\/inicio\\\/wp-content\\\/uploads\\\/2020\\\/11\\\/solanaspino002.jpg\",\"width\":1024,\"height\":578},{\"@type\":\"BreadcrumbList\",\"@id\":\"https:\\\/\\\/diariotextual.com\\\/inicio\\\/index.php\\\/2020\\\/11\\\/07\\\/murio-el-cineasta-y-politico-fernando-pino-solanas\\\/#breadcrumb\",\"itemListElement\":[{\"@type\":\"ListItem\",\"position\":1,\"name\":\"Portada\",\"item\":\"https:\\\/\\\/diariotextual.com\\\/inicio\\\/\"},{\"@type\":\"ListItem\",\"position\":2,\"name\":\"Muri\u00f3 el cineasta y pol\u00edtico Fernando \u201cPino\u201d Solanas\"}]},{\"@type\":\"WebSite\",\"@id\":\"https:\\\/\\\/diariotextual.com\\\/inicio\\\/#website\",\"url\":\"https:\\\/\\\/diariotextual.com\\\/inicio\\\/\",\"name\":\"Diario Textual\",\"description\":\"\",\"publisher\":{\"@id\":\"https:\\\/\\\/diariotextual.com\\\/inicio\\\/#organization\"},\"potentialAction\":[{\"@type\":\"SearchAction\",\"target\":{\"@type\":\"EntryPoint\",\"urlTemplate\":\"https:\\\/\\\/diariotextual.com\\\/inicio\\\/?s={search_term_string}\"},\"query-input\":{\"@type\":\"PropertyValueSpecification\",\"valueRequired\":true,\"valueName\":\"search_term_string\"}}],\"inLanguage\":\"es\"},{\"@type\":\"Organization\",\"@id\":\"https:\\\/\\\/diariotextual.com\\\/inicio\\\/#organization\",\"name\":\"Diario Textual\",\"url\":\"https:\\\/\\\/diariotextual.com\\\/inicio\\\/\",\"logo\":{\"@type\":\"ImageObject\",\"inLanguage\":\"es\",\"@id\":\"https:\\\/\\\/diariotextual.com\\\/inicio\\\/#\\\/schema\\\/logo\\\/image\\\/\",\"url\":\"https:\\\/\\\/diariotextual.com\\\/inicio\\\/wp-content\\\/uploads\\\/2023\\\/05\\\/logotextual1.jpg\",\"contentUrl\":\"https:\\\/\\\/diariotextual.com\\\/inicio\\\/wp-content\\\/uploads\\\/2023\\\/05\\\/logotextual1.jpg\",\"width\":516,\"height\":76,\"caption\":\"Diario Textual\"},\"image\":{\"@id\":\"https:\\\/\\\/diariotextual.com\\\/inicio\\\/#\\\/schema\\\/logo\\\/image\\\/\"},\"sameAs\":[\"https:\\\/\\\/www.facebook.com\\\/eltextual\",\"https:\\\/\\\/x.com\\\/eltextual\",\"http:\\\/\\\/www.instagram.com\\\/eltextual\"]},{\"@type\":\"Person\",\"@id\":\"https:\\\/\\\/diariotextual.com\\\/inicio\\\/#\\\/schema\\\/person\\\/418fc4093c33e86ed41562db3508f958\",\"name\":\"Diario1 Diario1\",\"image\":{\"@type\":\"ImageObject\",\"inLanguage\":\"es\",\"@id\":\"https:\\\/\\\/secure.gravatar.com\\\/avatar\\\/9167d280179c85bc18be67aa7eda765854300033af4896dd779b608640f2ef7a?s=96&d=mm&r=g\",\"url\":\"https:\\\/\\\/secure.gravatar.com\\\/avatar\\\/9167d280179c85bc18be67aa7eda765854300033af4896dd779b608640f2ef7a?s=96&d=mm&r=g\",\"contentUrl\":\"https:\\\/\\\/secure.gravatar.com\\\/avatar\\\/9167d280179c85bc18be67aa7eda765854300033af4896dd779b608640f2ef7a?s=96&d=mm&r=g\",\"caption\":\"Diario1 Diario1\"},\"url\":\"https:\\\/\\\/diariotextual.com\\\/inicio\\\/index.php\\\/author\\\/diario1\\\/\"}]}<\/script>\n<!-- \/ Yoast SEO plugin. -->","yoast_head_json":{"title":"Muri\u00f3 el cineasta y pol\u00edtico Fernando \u201cPino\u201d Solanas - Diario Textual","robots":{"index":"index","follow":"follow","max-snippet":"max-snippet:-1","max-image-preview":"max-image-preview:large","max-video-preview":"max-video-preview:-1"},"canonical":"https:\/\/diariotextual.com\/inicio\/index.php\/2020\/11\/07\/murio-el-cineasta-y-politico-fernando-pino-solanas\/","og_locale":"es_ES","og_type":"article","og_title":"Muri\u00f3 el cineasta y pol\u00edtico Fernando \u201cPino\u201d Solanas - Diario Textual","og_description":"El cineasta y embajador argentino ante la UNESCO, Fernando \u201cPino\u201d Solanas, falleci\u00f3 este viernes a \u00faltima hora en Par\u00eds, luego de haber permanecido varias semanas internado por haber contra\u00eddo coronavirus.&hellip;","og_url":"https:\/\/diariotextual.com\/inicio\/index.php\/2020\/11\/07\/murio-el-cineasta-y-politico-fernando-pino-solanas\/","og_site_name":"Diario Textual","article_publisher":"https:\/\/www.facebook.com\/eltextual","article_published_time":"2020-11-07T10:40:25+00:00","article_modified_time":"2020-11-13T20:15:27+00:00","og_image":[{"width":1024,"height":578,"url":"https:\/\/diariotextual.com\/inicio\/wp-content\/uploads\/2020\/11\/solanaspino002.jpg","type":"image\/jpeg"}],"author":"Diario1 Diario1","twitter_card":"summary_large_image","twitter_creator":"@eltextual","twitter_site":"@eltextual","twitter_misc":{"Escrito por":"Diario1 Diario1","Tiempo de lectura":"4 minutos"},"schema":{"@context":"https:\/\/schema.org","@graph":[{"@type":"Article","@id":"https:\/\/diariotextual.com\/inicio\/index.php\/2020\/11\/07\/murio-el-cineasta-y-politico-fernando-pino-solanas\/#article","isPartOf":{"@id":"https:\/\/diariotextual.com\/inicio\/index.php\/2020\/11\/07\/murio-el-cineasta-y-politico-fernando-pino-solanas\/"},"author":{"name":"Diario1 Diario1","@id":"https:\/\/diariotextual.com\/inicio\/#\/schema\/person\/418fc4093c33e86ed41562db3508f958"},"headline":"Muri\u00f3 el cineasta y pol\u00edtico Fernando \u201cPino\u201d Solanas","datePublished":"2020-11-07T10:40:25+00:00","dateModified":"2020-11-13T20:15:27+00:00","mainEntityOfPage":{"@id":"https:\/\/diariotextual.com\/inicio\/index.php\/2020\/11\/07\/murio-el-cineasta-y-politico-fernando-pino-solanas\/"},"wordCount":858,"publisher":{"@id":"https:\/\/diariotextual.com\/inicio\/#organization"},"image":{"@id":"https:\/\/diariotextual.com\/inicio\/index.php\/2020\/11\/07\/murio-el-cineasta-y-politico-fernando-pino-solanas\/#primaryimage"},"thumbnailUrl":"https:\/\/diariotextual.com\/inicio\/wp-content\/uploads\/2020\/11\/solanaspino002.jpg","keywords":["pino","solanas"],"articleSection":["A - QUE PASA (al costado)","POLITICA"],"inLanguage":"es"},{"@type":"WebPage","@id":"https:\/\/diariotextual.com\/inicio\/index.php\/2020\/11\/07\/murio-el-cineasta-y-politico-fernando-pino-solanas\/","url":"https:\/\/diariotextual.com\/inicio\/index.php\/2020\/11\/07\/murio-el-cineasta-y-politico-fernando-pino-solanas\/","name":"Muri\u00f3 el cineasta y pol\u00edtico Fernando \u201cPino\u201d Solanas - Diario Textual","isPartOf":{"@id":"https:\/\/diariotextual.com\/inicio\/#website"},"primaryImageOfPage":{"@id":"https:\/\/diariotextual.com\/inicio\/index.php\/2020\/11\/07\/murio-el-cineasta-y-politico-fernando-pino-solanas\/#primaryimage"},"image":{"@id":"https:\/\/diariotextual.com\/inicio\/index.php\/2020\/11\/07\/murio-el-cineasta-y-politico-fernando-pino-solanas\/#primaryimage"},"thumbnailUrl":"https:\/\/diariotextual.com\/inicio\/wp-content\/uploads\/2020\/11\/solanaspino002.jpg","datePublished":"2020-11-07T10:40:25+00:00","dateModified":"2020-11-13T20:15:27+00:00","breadcrumb":{"@id":"https:\/\/diariotextual.com\/inicio\/index.php\/2020\/11\/07\/murio-el-cineasta-y-politico-fernando-pino-solanas\/#breadcrumb"},"inLanguage":"es","potentialAction":[{"@type":"ReadAction","target":["https:\/\/diariotextual.com\/inicio\/index.php\/2020\/11\/07\/murio-el-cineasta-y-politico-fernando-pino-solanas\/"]}]},{"@type":"ImageObject","inLanguage":"es","@id":"https:\/\/diariotextual.com\/inicio\/index.php\/2020\/11\/07\/murio-el-cineasta-y-politico-fernando-pino-solanas\/#primaryimage","url":"https:\/\/diariotextual.com\/inicio\/wp-content\/uploads\/2020\/11\/solanaspino002.jpg","contentUrl":"https:\/\/diariotextual.com\/inicio\/wp-content\/uploads\/2020\/11\/solanaspino002.jpg","width":1024,"height":578},{"@type":"BreadcrumbList","@id":"https:\/\/diariotextual.com\/inicio\/index.php\/2020\/11\/07\/murio-el-cineasta-y-politico-fernando-pino-solanas\/#breadcrumb","itemListElement":[{"@type":"ListItem","position":1,"name":"Portada","item":"https:\/\/diariotextual.com\/inicio\/"},{"@type":"ListItem","position":2,"name":"Muri\u00f3 el cineasta y pol\u00edtico Fernando \u201cPino\u201d Solanas"}]},{"@type":"WebSite","@id":"https:\/\/diariotextual.com\/inicio\/#website","url":"https:\/\/diariotextual.com\/inicio\/","name":"Diario Textual","description":"","publisher":{"@id":"https:\/\/diariotextual.com\/inicio\/#organization"},"potentialAction":[{"@type":"SearchAction","target":{"@type":"EntryPoint","urlTemplate":"https:\/\/diariotextual.com\/inicio\/?s={search_term_string}"},"query-input":{"@type":"PropertyValueSpecification","valueRequired":true,"valueName":"search_term_string"}}],"inLanguage":"es"},{"@type":"Organization","@id":"https:\/\/diariotextual.com\/inicio\/#organization","name":"Diario Textual","url":"https:\/\/diariotextual.com\/inicio\/","logo":{"@type":"ImageObject","inLanguage":"es","@id":"https:\/\/diariotextual.com\/inicio\/#\/schema\/logo\/image\/","url":"https:\/\/diariotextual.com\/inicio\/wp-content\/uploads\/2023\/05\/logotextual1.jpg","contentUrl":"https:\/\/diariotextual.com\/inicio\/wp-content\/uploads\/2023\/05\/logotextual1.jpg","width":516,"height":76,"caption":"Diario Textual"},"image":{"@id":"https:\/\/diariotextual.com\/inicio\/#\/schema\/logo\/image\/"},"sameAs":["https:\/\/www.facebook.com\/eltextual","https:\/\/x.com\/eltextual","http:\/\/www.instagram.com\/eltextual"]},{"@type":"Person","@id":"https:\/\/diariotextual.com\/inicio\/#\/schema\/person\/418fc4093c33e86ed41562db3508f958","name":"Diario1 Diario1","image":{"@type":"ImageObject","inLanguage":"es","@id":"https:\/\/secure.gravatar.com\/avatar\/9167d280179c85bc18be67aa7eda765854300033af4896dd779b608640f2ef7a?s=96&d=mm&r=g","url":"https:\/\/secure.gravatar.com\/avatar\/9167d280179c85bc18be67aa7eda765854300033af4896dd779b608640f2ef7a?s=96&d=mm&r=g","contentUrl":"https:\/\/secure.gravatar.com\/avatar\/9167d280179c85bc18be67aa7eda765854300033af4896dd779b608640f2ef7a?s=96&d=mm&r=g","caption":"Diario1 Diario1"},"url":"https:\/\/diariotextual.com\/inicio\/index.php\/author\/diario1\/"}]}},"_links":{"self":[{"href":"https:\/\/diariotextual.com\/inicio\/index.php\/wp-json\/wp\/v2\/posts\/120270","targetHints":{"allow":["GET"]}}],"collection":[{"href":"https:\/\/diariotextual.com\/inicio\/index.php\/wp-json\/wp\/v2\/posts"}],"about":[{"href":"https:\/\/diariotextual.com\/inicio\/index.php\/wp-json\/wp\/v2\/types\/post"}],"author":[{"embeddable":true,"href":"https:\/\/diariotextual.com\/inicio\/index.php\/wp-json\/wp\/v2\/users\/3"}],"replies":[{"embeddable":true,"href":"https:\/\/diariotextual.com\/inicio\/index.php\/wp-json\/wp\/v2\/comments?post=120270"}],"version-history":[{"count":7,"href":"https:\/\/diariotextual.com\/inicio\/index.php\/wp-json\/wp\/v2\/posts\/120270\/revisions"}],"predecessor-version":[{"id":120279,"href":"https:\/\/diariotextual.com\/inicio\/index.php\/wp-json\/wp\/v2\/posts\/120270\/revisions\/120279"}],"wp:featuredmedia":[{"embeddable":true,"href":"https:\/\/diariotextual.com\/inicio\/index.php\/wp-json\/wp\/v2\/media\/120278"}],"wp:attachment":[{"href":"https:\/\/diariotextual.com\/inicio\/index.php\/wp-json\/wp\/v2\/media?parent=120270"}],"wp:term":[{"taxonomy":"category","embeddable":true,"href":"https:\/\/diariotextual.com\/inicio\/index.php\/wp-json\/wp\/v2\/categories?post=120270"},{"taxonomy":"post_tag","embeddable":true,"href":"https:\/\/diariotextual.com\/inicio\/index.php\/wp-json\/wp\/v2\/tags?post=120270"}],"curies":[{"name":"wp","href":"https:\/\/api.w.org\/{rel}","templated":true}]}}