{"id":12089,"date":"2018-06-29T08:25:31","date_gmt":"2018-06-29T11:25:31","guid":{"rendered":"http:\/\/diariotextual.com\/inicio\/?p=12089"},"modified":"2018-06-29T11:44:21","modified_gmt":"2018-06-29T14:44:21","slug":"organizan-la-unlpam-conferencias-cannabis-medicinal","status":"publish","type":"post","link":"https:\/\/diariotextual.com\/inicio\/index.php\/2018\/06\/29\/organizan-la-unlpam-conferencias-cannabis-medicinal\/","title":{"rendered":"Organizan en la UNLPam conferencias sobre cannabis medicinal"},"content":{"rendered":"<p>El viernes 13 de julio, a partir de las 14 horas, se desarrollar\u00e1 en la Facultad de Ciencias Econ\u00f3micas y jur\u00eddicas una serie de conferencias titulada<strong> \u00abSalud y Derechos Humanos &#8211; Di\u00e1logos sobre cannabis medicinal\u00bb<\/strong>. La actividad es organizada por el Observatorio de DDHH de la Facultad de Ciencias Econ\u00f3micas y Jur\u00eddicas de la Universidad Nacional de La Pampa.<\/p>\n<p>La actividad tiene como prop\u00f3sito <strong>favorecer la divulgaci\u00f3n, por parte de expertos\/as con amplio reconocimiento, de distintos aspectos referidos a las terapias cann\u00e1bicas<\/strong>. En particular se abordar\u00e1n contenidos concernientes a su tratamiento medi\u00e1tico, la investigaci\u00f3n en el campo de la Salud Mental y los aspectos legales implicados.<\/p>\n<p><strong>Se trata de una actividad con potencial inter\u00e9s para diferentes actividades cient\u00edficas y profesionales, pues est\u00e1n comprometidas cuestiones relativas a derechos fundamentales de un numero significativo de personas incluidas en los sistemas p\u00fablicos de salud.<\/strong><\/p>\n<p>En los \u00faltimos a\u00f1os se observa un desarrollo nutrido de experiencias e investigaciones referidas al cannabis y su impacto en una cantidad cada vez mayor de padecimientos de salud, cuyo reconocimiento por parte de la Ley 27.350 provoca una tensi\u00f3n con los sistemas legales de prohibici\u00f3n en general, y su conflicto con la ley penal en particular.<\/p>\n<p>Por tales razones resulta de importancia multiplicar los foros donde puedan ponerse en crisis los contenidos del sentido com\u00fan y habilitar su tratamiento por parte de expertos en la materia, en particular cuando motivos de salud p\u00fablica tornan imperiosa la necesidad de articular dispositivos de esclarecimiento informativo en la materia.<\/p>\n<p>Las conferencias ser\u00e1n realizadas por los\/as siguientes invitados\/as destacados\/as:<\/p>\n<p><strong>&#8211; Emilio Ruchansky:<\/strong> editor adjunto de la revista THC, autor del libro \u00abUn mundo con drogas, los caminos alternativos a la prohibici\u00f3n: Holanda Estados Unidos, Espa\u00f1a, Suiza, Bolivia y Uruguay\u00bb, periodista del noticiero de la TV P\u00fablica y ex redactor del diario P\u00e1gina\/12.<\/p>\n<p>&#8211; <strong>Mar\u00eda Celeste Romero:<\/strong> psiquiatra de la UBA e investigadora del Centro de Estudios de la Cultura Cann\u00e1bica, egresada del primer posgrado sobre cannabis medicinal de la UNLP, Asesora Medica de la revista THC, Secretaria academica del Curso de Posgrado en Endocannabinolog\u00eda y terap\u00e9utica cannabica (Facultad de Ciencias M\u00e9dicas de la Universidad Nacional de La Plata)<\/p>\n<p>&#8211;<strong> Daniel Oliveto:<\/strong>\u00a0profesor en Ciencias Biol\u00f3gicas, docente e investigador universitario de la Facultad de Ciencias Exactas y Naturales, Facultad de Agronom\u00eda y de Ciencias Humanas (UNLPam), organizador de la primera\u00a0 y segunda jornada sobre cannabis medicinal en La Pampa, coautor de la obra \u00abCannabis en La Pampa, un an\u00e1lisis sobre el uso terapeutico\u00bb<\/p>\n<p><strong>&#8211; Sebasti\u00e1n Basalo<\/strong>: periodista, director de la revista THC.<\/p>\n<p>Programa de actividades:<\/p>\n<p><em>&#8211; PRESENTACI\u00d3N .14 HS.<\/em><br \/>\n<em>Mart\u00edn Garc\u00eda Ongaro<\/em><\/p>\n<p><em>&#8211; CANNABIS Y MEDIOS DE COMUNICACI\u00d3N .14:30 HS.<\/em><br \/>\n<em>Emilio Ruchansky .periodista.<\/em><br \/>\n<em>. Periodismo y prohibici\u00f3n . anclajes pol\u00edticos de la prohibici\u00f3n . estereotipos de clase . an\u00e1lisis de casos reales .<\/em><br \/>\n<em>Modera: Cintia Alcaraz<\/em><\/p>\n<p><em>&#8211; CANNABIS Y SALUD MENTAL .16:30 HS.<\/em><br \/>\n<em>Mar\u00eda Celeste Romero . m\u00e9dica psiquiatra.<\/em><br \/>\n<em>. consumos problem\u00e1ticos . investigaci\u00f3n sobre cannabis medicinal . drogas y salud mental . experiencias de campo .<\/em><br \/>\n<em>Modera: Mart\u00edn Malg\u00e1<\/em><\/p>\n<p><em>&#8211; CANNABIS Y CIENCIA .18:30 HS.<\/em><br \/>\n<em>Daniel Oliveto .bi\u00f3logo.<\/em><br \/>\n<em>. estudios aut\u00f3ctonos . dosificaciones . patolog\u00edas . aspectos bot\u00e1nicos .<\/em><br \/>\n<em>Modera: Ayelen Vitale<\/em><\/p>\n<p><em>&#8211; CANNABIS Y POL\u00cdTICAS DE ESTADO .20 HS.<\/em><br \/>\n<em>Sebasti\u00e1n Basalo .periodista.<\/em><br \/>\n<em>Del fracaso de la prohibici\u00f3n a los alcances de regulaci\u00f3n: c\u00f3mo se implementan y qu\u00e9 efectos tienen las nuevas pol\u00edticas estatales sobre cannabis en el mundo. guerra contra las drogas . cannabis medicinal . situaci\u00f3n internacional de la prohibici\u00f3n . herramientas para la protecci\u00f3n de derechos .<\/em><br \/>\n<em>Modera: Mart\u00edn Garc\u00eda Ongaro<\/em><\/p>\n<p><em>&#8211; CIERRE Y CONCLUSIONES .21 HS.<\/em><\/p>\n<p><em>Contacto de prensa y organizaci\u00f3n: martingarciaongaro@gmail.com &#8211; 02954-15651666<\/em><\/p>\n<p><em>Link de inscripci\u00f3n: https:\/\/goo.gl\/forms\/Yha9SfTkiwjCq6s23<\/em><\/p>\n","protected":false},"excerpt":{"rendered":"<p>El viernes 13 de julio, a partir de las 14 horas, se desarrollar\u00e1 en la Facultad de Ciencias Econ\u00f3micas y jur\u00eddicas una serie de conferencias titulada \u00abSalud y Derechos Humanos&hellip;<\/p>\n","protected":false},"author":3,"featured_media":2745,"comment_status":"closed","ping_status":"open","sticky":false,"template":"","format":"standard","meta":{"_acf_changed":false,"footnotes":""},"categories":[4,11,12],"tags":[504],"class_list":["post-12089","post","type-post","status-publish","format-standard","has-post-thumbnail","hentry","category-destacadas","category-que-pasa","category-sociedad","tag-cannabis-medicinal"],"acf":[],"yoast_head":"<!-- This site is optimized with the Yoast SEO plugin v27.5 - https:\/\/yoast.com\/product\/yoast-seo-wordpress\/ -->\n<title>Organizan en la UNLPam conferencias sobre cannabis medicinal - Diario Textual<\/title>\n<meta name=\"robots\" content=\"index, follow, max-snippet:-1, max-image-preview:large, max-video-preview:-1\" \/>\n<link rel=\"canonical\" href=\"https:\/\/diariotextual.com\/inicio\/index.php\/2018\/06\/29\/organizan-la-unlpam-conferencias-cannabis-medicinal\/\" \/>\n<meta property=\"og:locale\" content=\"es_ES\" \/>\n<meta property=\"og:type\" content=\"article\" \/>\n<meta property=\"og:title\" content=\"Organizan en la UNLPam conferencias sobre cannabis medicinal - Diario Textual\" \/>\n<meta property=\"og:description\" content=\"El viernes 13 de julio, a partir de las 14 horas, se desarrollar\u00e1 en la Facultad de Ciencias Econ\u00f3micas y jur\u00eddicas una serie de conferencias titulada \u00abSalud y Derechos Humanos&hellip;\" \/>\n<meta property=\"og:url\" content=\"https:\/\/diariotextual.com\/inicio\/index.php\/2018\/06\/29\/organizan-la-unlpam-conferencias-cannabis-medicinal\/\" \/>\n<meta property=\"og:site_name\" content=\"Diario Textual\" \/>\n<meta property=\"article:publisher\" content=\"https:\/\/www.facebook.com\/eltextual\" \/>\n<meta property=\"article:published_time\" content=\"2018-06-29T11:25:31+00:00\" \/>\n<meta property=\"article:modified_time\" content=\"2018-06-29T14:44:21+00:00\" \/>\n<meta property=\"og:image\" content=\"https:\/\/diariotextual.com\/inicio\/wp-content\/uploads\/2018\/03\/cannabismedicinal.jpg\" \/>\n\t<meta property=\"og:image:width\" content=\"600\" \/>\n\t<meta property=\"og:image:height\" content=\"400\" \/>\n\t<meta property=\"og:image:type\" content=\"image\/jpeg\" \/>\n<meta name=\"author\" content=\"Diario1 Diario1\" \/>\n<meta name=\"twitter:card\" content=\"summary_large_image\" \/>\n<meta name=\"twitter:creator\" content=\"@eltextual\" \/>\n<meta name=\"twitter:site\" content=\"@eltextual\" \/>\n<meta name=\"twitter:label1\" content=\"Escrito por\" \/>\n\t<meta name=\"twitter:data1\" content=\"Diario1 Diario1\" \/>\n\t<meta name=\"twitter:label2\" content=\"Tiempo de lectura\" \/>\n\t<meta name=\"twitter:data2\" content=\"3 minutos\" \/>\n<script type=\"application\/ld+json\" class=\"yoast-schema-graph\">{\"@context\":\"https:\\\/\\\/schema.org\",\"@graph\":[{\"@type\":\"Article\",\"@id\":\"https:\\\/\\\/diariotextual.com\\\/inicio\\\/index.php\\\/2018\\\/06\\\/29\\\/organizan-la-unlpam-conferencias-cannabis-medicinal\\\/#article\",\"isPartOf\":{\"@id\":\"https:\\\/\\\/diariotextual.com\\\/inicio\\\/index.php\\\/2018\\\/06\\\/29\\\/organizan-la-unlpam-conferencias-cannabis-medicinal\\\/\"},\"author\":{\"name\":\"Diario1 Diario1\",\"@id\":\"https:\\\/\\\/diariotextual.com\\\/inicio\\\/#\\\/schema\\\/person\\\/418fc4093c33e86ed41562db3508f958\"},\"headline\":\"Organizan en la UNLPam conferencias sobre cannabis medicinal\",\"datePublished\":\"2018-06-29T11:25:31+00:00\",\"dateModified\":\"2018-06-29T14:44:21+00:00\",\"mainEntityOfPage\":{\"@id\":\"https:\\\/\\\/diariotextual.com\\\/inicio\\\/index.php\\\/2018\\\/06\\\/29\\\/organizan-la-unlpam-conferencias-cannabis-medicinal\\\/\"},\"wordCount\":655,\"publisher\":{\"@id\":\"https:\\\/\\\/diariotextual.com\\\/inicio\\\/#organization\"},\"image\":{\"@id\":\"https:\\\/\\\/diariotextual.com\\\/inicio\\\/index.php\\\/2018\\\/06\\\/29\\\/organizan-la-unlpam-conferencias-cannabis-medicinal\\\/#primaryimage\"},\"thumbnailUrl\":\"https:\\\/\\\/diariotextual.com\\\/inicio\\\/wp-content\\\/uploads\\\/2018\\\/03\\\/cannabismedicinal.jpg\",\"keywords\":[\"cannabis medicinal\"],\"articleSection\":[\"A - DESTACADAS (mod 16)\",\"A - QUE PASA (al costado)\",\"SOCIEDAD\"],\"inLanguage\":\"es\"},{\"@type\":\"WebPage\",\"@id\":\"https:\\\/\\\/diariotextual.com\\\/inicio\\\/index.php\\\/2018\\\/06\\\/29\\\/organizan-la-unlpam-conferencias-cannabis-medicinal\\\/\",\"url\":\"https:\\\/\\\/diariotextual.com\\\/inicio\\\/index.php\\\/2018\\\/06\\\/29\\\/organizan-la-unlpam-conferencias-cannabis-medicinal\\\/\",\"name\":\"Organizan en la UNLPam conferencias sobre cannabis medicinal - Diario Textual\",\"isPartOf\":{\"@id\":\"https:\\\/\\\/diariotextual.com\\\/inicio\\\/#website\"},\"primaryImageOfPage\":{\"@id\":\"https:\\\/\\\/diariotextual.com\\\/inicio\\\/index.php\\\/2018\\\/06\\\/29\\\/organizan-la-unlpam-conferencias-cannabis-medicinal\\\/#primaryimage\"},\"image\":{\"@id\":\"https:\\\/\\\/diariotextual.com\\\/inicio\\\/index.php\\\/2018\\\/06\\\/29\\\/organizan-la-unlpam-conferencias-cannabis-medicinal\\\/#primaryimage\"},\"thumbnailUrl\":\"https:\\\/\\\/diariotextual.com\\\/inicio\\\/wp-content\\\/uploads\\\/2018\\\/03\\\/cannabismedicinal.jpg\",\"datePublished\":\"2018-06-29T11:25:31+00:00\",\"dateModified\":\"2018-06-29T14:44:21+00:00\",\"breadcrumb\":{\"@id\":\"https:\\\/\\\/diariotextual.com\\\/inicio\\\/index.php\\\/2018\\\/06\\\/29\\\/organizan-la-unlpam-conferencias-cannabis-medicinal\\\/#breadcrumb\"},\"inLanguage\":\"es\",\"potentialAction\":[{\"@type\":\"ReadAction\",\"target\":[\"https:\\\/\\\/diariotextual.com\\\/inicio\\\/index.php\\\/2018\\\/06\\\/29\\\/organizan-la-unlpam-conferencias-cannabis-medicinal\\\/\"]}]},{\"@type\":\"ImageObject\",\"inLanguage\":\"es\",\"@id\":\"https:\\\/\\\/diariotextual.com\\\/inicio\\\/index.php\\\/2018\\\/06\\\/29\\\/organizan-la-unlpam-conferencias-cannabis-medicinal\\\/#primaryimage\",\"url\":\"https:\\\/\\\/diariotextual.com\\\/inicio\\\/wp-content\\\/uploads\\\/2018\\\/03\\\/cannabismedicinal.jpg\",\"contentUrl\":\"https:\\\/\\\/diariotextual.com\\\/inicio\\\/wp-content\\\/uploads\\\/2018\\\/03\\\/cannabismedicinal.jpg\",\"width\":600,\"height\":400},{\"@type\":\"BreadcrumbList\",\"@id\":\"https:\\\/\\\/diariotextual.com\\\/inicio\\\/index.php\\\/2018\\\/06\\\/29\\\/organizan-la-unlpam-conferencias-cannabis-medicinal\\\/#breadcrumb\",\"itemListElement\":[{\"@type\":\"ListItem\",\"position\":1,\"name\":\"Portada\",\"item\":\"https:\\\/\\\/diariotextual.com\\\/inicio\\\/\"},{\"@type\":\"ListItem\",\"position\":2,\"name\":\"Organizan en la UNLPam conferencias sobre cannabis medicinal\"}]},{\"@type\":\"WebSite\",\"@id\":\"https:\\\/\\\/diariotextual.com\\\/inicio\\\/#website\",\"url\":\"https:\\\/\\\/diariotextual.com\\\/inicio\\\/\",\"name\":\"Diario Textual\",\"description\":\"\",\"publisher\":{\"@id\":\"https:\\\/\\\/diariotextual.com\\\/inicio\\\/#organization\"},\"potentialAction\":[{\"@type\":\"SearchAction\",\"target\":{\"@type\":\"EntryPoint\",\"urlTemplate\":\"https:\\\/\\\/diariotextual.com\\\/inicio\\\/?s={search_term_string}\"},\"query-input\":{\"@type\":\"PropertyValueSpecification\",\"valueRequired\":true,\"valueName\":\"search_term_string\"}}],\"inLanguage\":\"es\"},{\"@type\":\"Organization\",\"@id\":\"https:\\\/\\\/diariotextual.com\\\/inicio\\\/#organization\",\"name\":\"Diario Textual\",\"url\":\"https:\\\/\\\/diariotextual.com\\\/inicio\\\/\",\"logo\":{\"@type\":\"ImageObject\",\"inLanguage\":\"es\",\"@id\":\"https:\\\/\\\/diariotextual.com\\\/inicio\\\/#\\\/schema\\\/logo\\\/image\\\/\",\"url\":\"https:\\\/\\\/diariotextual.com\\\/inicio\\\/wp-content\\\/uploads\\\/2023\\\/05\\\/logotextual1.jpg\",\"contentUrl\":\"https:\\\/\\\/diariotextual.com\\\/inicio\\\/wp-content\\\/uploads\\\/2023\\\/05\\\/logotextual1.jpg\",\"width\":516,\"height\":76,\"caption\":\"Diario Textual\"},\"image\":{\"@id\":\"https:\\\/\\\/diariotextual.com\\\/inicio\\\/#\\\/schema\\\/logo\\\/image\\\/\"},\"sameAs\":[\"https:\\\/\\\/www.facebook.com\\\/eltextual\",\"https:\\\/\\\/x.com\\\/eltextual\",\"http:\\\/\\\/www.instagram.com\\\/eltextual\"]},{\"@type\":\"Person\",\"@id\":\"https:\\\/\\\/diariotextual.com\\\/inicio\\\/#\\\/schema\\\/person\\\/418fc4093c33e86ed41562db3508f958\",\"name\":\"Diario1 Diario1\",\"image\":{\"@type\":\"ImageObject\",\"inLanguage\":\"es\",\"@id\":\"https:\\\/\\\/secure.gravatar.com\\\/avatar\\\/9167d280179c85bc18be67aa7eda765854300033af4896dd779b608640f2ef7a?s=96&d=mm&r=g\",\"url\":\"https:\\\/\\\/secure.gravatar.com\\\/avatar\\\/9167d280179c85bc18be67aa7eda765854300033af4896dd779b608640f2ef7a?s=96&d=mm&r=g\",\"contentUrl\":\"https:\\\/\\\/secure.gravatar.com\\\/avatar\\\/9167d280179c85bc18be67aa7eda765854300033af4896dd779b608640f2ef7a?s=96&d=mm&r=g\",\"caption\":\"Diario1 Diario1\"},\"url\":\"https:\\\/\\\/diariotextual.com\\\/inicio\\\/index.php\\\/author\\\/diario1\\\/\"}]}<\/script>\n<!-- \/ Yoast SEO plugin. -->","yoast_head_json":{"title":"Organizan en la UNLPam conferencias sobre cannabis medicinal - Diario Textual","robots":{"index":"index","follow":"follow","max-snippet":"max-snippet:-1","max-image-preview":"max-image-preview:large","max-video-preview":"max-video-preview:-1"},"canonical":"https:\/\/diariotextual.com\/inicio\/index.php\/2018\/06\/29\/organizan-la-unlpam-conferencias-cannabis-medicinal\/","og_locale":"es_ES","og_type":"article","og_title":"Organizan en la UNLPam conferencias sobre cannabis medicinal - Diario Textual","og_description":"El viernes 13 de julio, a partir de las 14 horas, se desarrollar\u00e1 en la Facultad de Ciencias Econ\u00f3micas y jur\u00eddicas una serie de conferencias titulada \u00abSalud y Derechos Humanos&hellip;","og_url":"https:\/\/diariotextual.com\/inicio\/index.php\/2018\/06\/29\/organizan-la-unlpam-conferencias-cannabis-medicinal\/","og_site_name":"Diario Textual","article_publisher":"https:\/\/www.facebook.com\/eltextual","article_published_time":"2018-06-29T11:25:31+00:00","article_modified_time":"2018-06-29T14:44:21+00:00","og_image":[{"width":600,"height":400,"url":"https:\/\/diariotextual.com\/inicio\/wp-content\/uploads\/2018\/03\/cannabismedicinal.jpg","type":"image\/jpeg"}],"author":"Diario1 Diario1","twitter_card":"summary_large_image","twitter_creator":"@eltextual","twitter_site":"@eltextual","twitter_misc":{"Escrito por":"Diario1 Diario1","Tiempo de lectura":"3 minutos"},"schema":{"@context":"https:\/\/schema.org","@graph":[{"@type":"Article","@id":"https:\/\/diariotextual.com\/inicio\/index.php\/2018\/06\/29\/organizan-la-unlpam-conferencias-cannabis-medicinal\/#article","isPartOf":{"@id":"https:\/\/diariotextual.com\/inicio\/index.php\/2018\/06\/29\/organizan-la-unlpam-conferencias-cannabis-medicinal\/"},"author":{"name":"Diario1 Diario1","@id":"https:\/\/diariotextual.com\/inicio\/#\/schema\/person\/418fc4093c33e86ed41562db3508f958"},"headline":"Organizan en la UNLPam conferencias sobre cannabis medicinal","datePublished":"2018-06-29T11:25:31+00:00","dateModified":"2018-06-29T14:44:21+00:00","mainEntityOfPage":{"@id":"https:\/\/diariotextual.com\/inicio\/index.php\/2018\/06\/29\/organizan-la-unlpam-conferencias-cannabis-medicinal\/"},"wordCount":655,"publisher":{"@id":"https:\/\/diariotextual.com\/inicio\/#organization"},"image":{"@id":"https:\/\/diariotextual.com\/inicio\/index.php\/2018\/06\/29\/organizan-la-unlpam-conferencias-cannabis-medicinal\/#primaryimage"},"thumbnailUrl":"https:\/\/diariotextual.com\/inicio\/wp-content\/uploads\/2018\/03\/cannabismedicinal.jpg","keywords":["cannabis medicinal"],"articleSection":["A - DESTACADAS (mod 16)","A - QUE PASA (al costado)","SOCIEDAD"],"inLanguage":"es"},{"@type":"WebPage","@id":"https:\/\/diariotextual.com\/inicio\/index.php\/2018\/06\/29\/organizan-la-unlpam-conferencias-cannabis-medicinal\/","url":"https:\/\/diariotextual.com\/inicio\/index.php\/2018\/06\/29\/organizan-la-unlpam-conferencias-cannabis-medicinal\/","name":"Organizan en la UNLPam conferencias sobre cannabis medicinal - Diario Textual","isPartOf":{"@id":"https:\/\/diariotextual.com\/inicio\/#website"},"primaryImageOfPage":{"@id":"https:\/\/diariotextual.com\/inicio\/index.php\/2018\/06\/29\/organizan-la-unlpam-conferencias-cannabis-medicinal\/#primaryimage"},"image":{"@id":"https:\/\/diariotextual.com\/inicio\/index.php\/2018\/06\/29\/organizan-la-unlpam-conferencias-cannabis-medicinal\/#primaryimage"},"thumbnailUrl":"https:\/\/diariotextual.com\/inicio\/wp-content\/uploads\/2018\/03\/cannabismedicinal.jpg","datePublished":"2018-06-29T11:25:31+00:00","dateModified":"2018-06-29T14:44:21+00:00","breadcrumb":{"@id":"https:\/\/diariotextual.com\/inicio\/index.php\/2018\/06\/29\/organizan-la-unlpam-conferencias-cannabis-medicinal\/#breadcrumb"},"inLanguage":"es","potentialAction":[{"@type":"ReadAction","target":["https:\/\/diariotextual.com\/inicio\/index.php\/2018\/06\/29\/organizan-la-unlpam-conferencias-cannabis-medicinal\/"]}]},{"@type":"ImageObject","inLanguage":"es","@id":"https:\/\/diariotextual.com\/inicio\/index.php\/2018\/06\/29\/organizan-la-unlpam-conferencias-cannabis-medicinal\/#primaryimage","url":"https:\/\/diariotextual.com\/inicio\/wp-content\/uploads\/2018\/03\/cannabismedicinal.jpg","contentUrl":"https:\/\/diariotextual.com\/inicio\/wp-content\/uploads\/2018\/03\/cannabismedicinal.jpg","width":600,"height":400},{"@type":"BreadcrumbList","@id":"https:\/\/diariotextual.com\/inicio\/index.php\/2018\/06\/29\/organizan-la-unlpam-conferencias-cannabis-medicinal\/#breadcrumb","itemListElement":[{"@type":"ListItem","position":1,"name":"Portada","item":"https:\/\/diariotextual.com\/inicio\/"},{"@type":"ListItem","position":2,"name":"Organizan en la UNLPam conferencias sobre cannabis medicinal"}]},{"@type":"WebSite","@id":"https:\/\/diariotextual.com\/inicio\/#website","url":"https:\/\/diariotextual.com\/inicio\/","name":"Diario Textual","description":"","publisher":{"@id":"https:\/\/diariotextual.com\/inicio\/#organization"},"potentialAction":[{"@type":"SearchAction","target":{"@type":"EntryPoint","urlTemplate":"https:\/\/diariotextual.com\/inicio\/?s={search_term_string}"},"query-input":{"@type":"PropertyValueSpecification","valueRequired":true,"valueName":"search_term_string"}}],"inLanguage":"es"},{"@type":"Organization","@id":"https:\/\/diariotextual.com\/inicio\/#organization","name":"Diario Textual","url":"https:\/\/diariotextual.com\/inicio\/","logo":{"@type":"ImageObject","inLanguage":"es","@id":"https:\/\/diariotextual.com\/inicio\/#\/schema\/logo\/image\/","url":"https:\/\/diariotextual.com\/inicio\/wp-content\/uploads\/2023\/05\/logotextual1.jpg","contentUrl":"https:\/\/diariotextual.com\/inicio\/wp-content\/uploads\/2023\/05\/logotextual1.jpg","width":516,"height":76,"caption":"Diario Textual"},"image":{"@id":"https:\/\/diariotextual.com\/inicio\/#\/schema\/logo\/image\/"},"sameAs":["https:\/\/www.facebook.com\/eltextual","https:\/\/x.com\/eltextual","http:\/\/www.instagram.com\/eltextual"]},{"@type":"Person","@id":"https:\/\/diariotextual.com\/inicio\/#\/schema\/person\/418fc4093c33e86ed41562db3508f958","name":"Diario1 Diario1","image":{"@type":"ImageObject","inLanguage":"es","@id":"https:\/\/secure.gravatar.com\/avatar\/9167d280179c85bc18be67aa7eda765854300033af4896dd779b608640f2ef7a?s=96&d=mm&r=g","url":"https:\/\/secure.gravatar.com\/avatar\/9167d280179c85bc18be67aa7eda765854300033af4896dd779b608640f2ef7a?s=96&d=mm&r=g","contentUrl":"https:\/\/secure.gravatar.com\/avatar\/9167d280179c85bc18be67aa7eda765854300033af4896dd779b608640f2ef7a?s=96&d=mm&r=g","caption":"Diario1 Diario1"},"url":"https:\/\/diariotextual.com\/inicio\/index.php\/author\/diario1\/"}]}},"_links":{"self":[{"href":"https:\/\/diariotextual.com\/inicio\/index.php\/wp-json\/wp\/v2\/posts\/12089","targetHints":{"allow":["GET"]}}],"collection":[{"href":"https:\/\/diariotextual.com\/inicio\/index.php\/wp-json\/wp\/v2\/posts"}],"about":[{"href":"https:\/\/diariotextual.com\/inicio\/index.php\/wp-json\/wp\/v2\/types\/post"}],"author":[{"embeddable":true,"href":"https:\/\/diariotextual.com\/inicio\/index.php\/wp-json\/wp\/v2\/users\/3"}],"replies":[{"embeddable":true,"href":"https:\/\/diariotextual.com\/inicio\/index.php\/wp-json\/wp\/v2\/comments?post=12089"}],"version-history":[{"count":1,"href":"https:\/\/diariotextual.com\/inicio\/index.php\/wp-json\/wp\/v2\/posts\/12089\/revisions"}],"predecessor-version":[{"id":12093,"href":"https:\/\/diariotextual.com\/inicio\/index.php\/wp-json\/wp\/v2\/posts\/12089\/revisions\/12093"}],"wp:featuredmedia":[{"embeddable":true,"href":"https:\/\/diariotextual.com\/inicio\/index.php\/wp-json\/wp\/v2\/media\/2745"}],"wp:attachment":[{"href":"https:\/\/diariotextual.com\/inicio\/index.php\/wp-json\/wp\/v2\/media?parent=12089"}],"wp:term":[{"taxonomy":"category","embeddable":true,"href":"https:\/\/diariotextual.com\/inicio\/index.php\/wp-json\/wp\/v2\/categories?post=12089"},{"taxonomy":"post_tag","embeddable":true,"href":"https:\/\/diariotextual.com\/inicio\/index.php\/wp-json\/wp\/v2\/tags?post=12089"}],"curies":[{"name":"wp","href":"https:\/\/api.w.org\/{rel}","templated":true}]}}