{"id":12328,"date":"2018-07-02T07:04:28","date_gmt":"2018-07-02T10:04:28","guid":{"rendered":"http:\/\/diariotextual.com\/inicio\/?p=12328"},"modified":"2018-07-02T10:22:26","modified_gmt":"2018-07-02T13:22:26","slug":"lopez-obrador-gano-las-elecciones-mexico","status":"publish","type":"post","link":"https:\/\/diariotextual.com\/inicio\/index.php\/2018\/07\/02\/lopez-obrador-gano-las-elecciones-mexico\/","title":{"rendered":"La izquierda lleg\u00f3 al poder a M\u00e9xico: gan\u00f3 L\u00f3pez Obrador"},"content":{"rendered":"<p><strong>Andr\u00e9s Manuel L\u00f3pez Obrador<\/strong> ha logrado una holgada victoria a la Presidencia de M\u00e9xico, dando un hist\u00f3rico giro a la izquierda con m\u00e1s del 50% de los votos -seg\u00fan los primeros datos del \u00f3rgano electoral- lo que llev\u00f3 a sus oponentes a admitir su derrota incluso antes de los resultados oficiales.<!--more--><\/p>\n<p>La izquierda llega as\u00ed poder en la segunda econom\u00eda latinoamericana por primera vez en su historia reciente. \u00ab<strong>Llamo a todos los mexicanos a la reconciliaci\u00f3n y a poner por encima de los intereses personales, por leg\u00edtimos que sean, el inter\u00e9s superior\u00bb<\/strong>, apunt\u00f3 L\u00f3pez Obrador, el candidato antisistema en un mensaje, tras declararse ganador de la contienda.<\/p>\n<p><strong>\u00abNo voy a decepcionar ni a traicionar al pueblo\u00bb<\/strong>, agreg\u00f3 el futuro presidente, que asumir\u00e1 el cargo el 1 de diciembre, en un mensaje desde el Hotel Hilton del Centro Hist\u00f3rico de Ciudad de M\u00e9xico, en el que asegur\u00f3 que erradicar\u00e1 la corrupci\u00f3n y ayudar\u00e1 a todos, pero especialmente a los m\u00e1s pobres.<\/p>\n<p>El primero de sus rivales en claudicar ha sido el oficialista Jos\u00e9 Antonio Meade, quien ha asegurado: \u00abNo somos los triunfadores de este proceso\u00bb. De hecho, el descalabro del hist\u00f3rico PRI podr\u00eda ser may\u00fasculo ya que, no s\u00f3lo perder\u00edan su mayor\u00eda en Congreso y Senado, si no que tambi\u00e9n el resto de puestos que hay en disputa en estas elecciones.<\/p>\n<p>El \u00fanico escenario que les favorece es la pelea por el gobierno del Estado de Yucat\u00e1n. El presidente del partido, Ren\u00e9 Ju\u00e1rez Cisneros, tambi\u00e9n ha comparecido ante los medio. \u00abA partir de este lunes emprenderemos una profunda reflexi\u00f3n. M\u00e9xico nos necesita a todos, unidos, para avanzar\u00bb, dijo.<\/p>\n<p>Unos minutos m\u00e1s tarde, Ricardo Anaya, candidato de Por M\u00e9xico al Frente, tambi\u00e9n ha salido a reconocer su derrota<\/p>\n<p>En la Ciudad de M\u00e9xico, los simpatizantes del Movimiento Regeneraci\u00f3n Nacional (Morena) ya comenzaron a festejar un triunfo hist\u00f3rico que sit\u00faa por primera vez en la historia del pa\u00eds, a una formaci\u00f3n de izquierdas al frente del Gobierno.<\/p>\n<p>&nbsp;<\/p>\n<p>&nbsp;<\/p>\n<p>&nbsp;<\/p>\n","protected":false},"excerpt":{"rendered":"<p>Andr\u00e9s Manuel L\u00f3pez Obrador ha logrado una holgada victoria a la Presidencia de M\u00e9xico, dando un hist\u00f3rico giro a la izquierda con m\u00e1s del 50% de los votos -seg\u00fan los&hellip;<\/p>\n","protected":false},"author":3,"featured_media":12326,"comment_status":"closed","ping_status":"open","sticky":false,"template":"","format":"standard","meta":{"_acf_changed":false,"footnotes":""},"categories":[11,7],"tags":[],"class_list":["post-12328","post","type-post","status-publish","format-standard","has-post-thumbnail","hentry","category-que-pasa","category-mundo"],"acf":[],"yoast_head":"<!-- This site is optimized with the Yoast SEO plugin v27.5 - https:\/\/yoast.com\/product\/yoast-seo-wordpress\/ -->\n<title>La izquierda lleg\u00f3 al poder a M\u00e9xico: gan\u00f3 L\u00f3pez Obrador - Diario Textual<\/title>\n<meta name=\"robots\" content=\"index, follow, max-snippet:-1, max-image-preview:large, max-video-preview:-1\" \/>\n<link rel=\"canonical\" href=\"https:\/\/diariotextual.com\/inicio\/index.php\/2018\/07\/02\/lopez-obrador-gano-las-elecciones-mexico\/\" \/>\n<meta property=\"og:locale\" content=\"es_ES\" \/>\n<meta property=\"og:type\" content=\"article\" \/>\n<meta property=\"og:title\" content=\"La izquierda lleg\u00f3 al poder a M\u00e9xico: gan\u00f3 L\u00f3pez Obrador - Diario Textual\" \/>\n<meta property=\"og:description\" content=\"Andr\u00e9s Manuel L\u00f3pez Obrador ha logrado una holgada victoria a la Presidencia de M\u00e9xico, dando un hist\u00f3rico giro a la izquierda con m\u00e1s del 50% de los votos -seg\u00fan los&hellip;\" \/>\n<meta property=\"og:url\" content=\"https:\/\/diariotextual.com\/inicio\/index.php\/2018\/07\/02\/lopez-obrador-gano-las-elecciones-mexico\/\" \/>\n<meta property=\"og:site_name\" content=\"Diario Textual\" \/>\n<meta property=\"article:publisher\" content=\"https:\/\/www.facebook.com\/eltextual\" \/>\n<meta property=\"article:published_time\" content=\"2018-07-02T10:04:28+00:00\" \/>\n<meta property=\"article:modified_time\" content=\"2018-07-02T13:22:26+00:00\" \/>\n<meta property=\"og:image\" content=\"https:\/\/diariotextual.com\/inicio\/wp-content\/uploads\/2018\/07\/lopezobrador.jpg\" \/>\n\t<meta property=\"og:image:width\" content=\"693\" \/>\n\t<meta property=\"og:image:height\" content=\"500\" \/>\n\t<meta property=\"og:image:type\" content=\"image\/jpeg\" \/>\n<meta name=\"author\" content=\"Diario1 Diario1\" \/>\n<meta name=\"twitter:card\" content=\"summary_large_image\" \/>\n<meta name=\"twitter:creator\" content=\"@eltextual\" \/>\n<meta name=\"twitter:site\" content=\"@eltextual\" \/>\n<meta name=\"twitter:label1\" content=\"Escrito por\" \/>\n\t<meta name=\"twitter:data1\" content=\"Diario1 Diario1\" \/>\n\t<meta name=\"twitter:label2\" content=\"Tiempo de lectura\" \/>\n\t<meta name=\"twitter:data2\" content=\"2 minutos\" \/>\n<script type=\"application\/ld+json\" class=\"yoast-schema-graph\">{\"@context\":\"https:\\\/\\\/schema.org\",\"@graph\":[{\"@type\":\"Article\",\"@id\":\"https:\\\/\\\/diariotextual.com\\\/inicio\\\/index.php\\\/2018\\\/07\\\/02\\\/lopez-obrador-gano-las-elecciones-mexico\\\/#article\",\"isPartOf\":{\"@id\":\"https:\\\/\\\/diariotextual.com\\\/inicio\\\/index.php\\\/2018\\\/07\\\/02\\\/lopez-obrador-gano-las-elecciones-mexico\\\/\"},\"author\":{\"name\":\"Diario1 Diario1\",\"@id\":\"https:\\\/\\\/diariotextual.com\\\/inicio\\\/#\\\/schema\\\/person\\\/418fc4093c33e86ed41562db3508f958\"},\"headline\":\"La izquierda lleg\u00f3 al poder a M\u00e9xico: gan\u00f3 L\u00f3pez Obrador\",\"datePublished\":\"2018-07-02T10:04:28+00:00\",\"dateModified\":\"2018-07-02T13:22:26+00:00\",\"mainEntityOfPage\":{\"@id\":\"https:\\\/\\\/diariotextual.com\\\/inicio\\\/index.php\\\/2018\\\/07\\\/02\\\/lopez-obrador-gano-las-elecciones-mexico\\\/\"},\"wordCount\":373,\"publisher\":{\"@id\":\"https:\\\/\\\/diariotextual.com\\\/inicio\\\/#organization\"},\"image\":{\"@id\":\"https:\\\/\\\/diariotextual.com\\\/inicio\\\/index.php\\\/2018\\\/07\\\/02\\\/lopez-obrador-gano-las-elecciones-mexico\\\/#primaryimage\"},\"thumbnailUrl\":\"https:\\\/\\\/diariotextual.com\\\/inicio\\\/wp-content\\\/uploads\\\/2018\\\/07\\\/lopezobrador.jpg\",\"articleSection\":[\"A - QUE PASA (al costado)\",\"MUNDO\"],\"inLanguage\":\"es\"},{\"@type\":\"WebPage\",\"@id\":\"https:\\\/\\\/diariotextual.com\\\/inicio\\\/index.php\\\/2018\\\/07\\\/02\\\/lopez-obrador-gano-las-elecciones-mexico\\\/\",\"url\":\"https:\\\/\\\/diariotextual.com\\\/inicio\\\/index.php\\\/2018\\\/07\\\/02\\\/lopez-obrador-gano-las-elecciones-mexico\\\/\",\"name\":\"La izquierda lleg\u00f3 al poder a M\u00e9xico: gan\u00f3 L\u00f3pez Obrador - Diario Textual\",\"isPartOf\":{\"@id\":\"https:\\\/\\\/diariotextual.com\\\/inicio\\\/#website\"},\"primaryImageOfPage\":{\"@id\":\"https:\\\/\\\/diariotextual.com\\\/inicio\\\/index.php\\\/2018\\\/07\\\/02\\\/lopez-obrador-gano-las-elecciones-mexico\\\/#primaryimage\"},\"image\":{\"@id\":\"https:\\\/\\\/diariotextual.com\\\/inicio\\\/index.php\\\/2018\\\/07\\\/02\\\/lopez-obrador-gano-las-elecciones-mexico\\\/#primaryimage\"},\"thumbnailUrl\":\"https:\\\/\\\/diariotextual.com\\\/inicio\\\/wp-content\\\/uploads\\\/2018\\\/07\\\/lopezobrador.jpg\",\"datePublished\":\"2018-07-02T10:04:28+00:00\",\"dateModified\":\"2018-07-02T13:22:26+00:00\",\"breadcrumb\":{\"@id\":\"https:\\\/\\\/diariotextual.com\\\/inicio\\\/index.php\\\/2018\\\/07\\\/02\\\/lopez-obrador-gano-las-elecciones-mexico\\\/#breadcrumb\"},\"inLanguage\":\"es\",\"potentialAction\":[{\"@type\":\"ReadAction\",\"target\":[\"https:\\\/\\\/diariotextual.com\\\/inicio\\\/index.php\\\/2018\\\/07\\\/02\\\/lopez-obrador-gano-las-elecciones-mexico\\\/\"]}]},{\"@type\":\"ImageObject\",\"inLanguage\":\"es\",\"@id\":\"https:\\\/\\\/diariotextual.com\\\/inicio\\\/index.php\\\/2018\\\/07\\\/02\\\/lopez-obrador-gano-las-elecciones-mexico\\\/#primaryimage\",\"url\":\"https:\\\/\\\/diariotextual.com\\\/inicio\\\/wp-content\\\/uploads\\\/2018\\\/07\\\/lopezobrador.jpg\",\"contentUrl\":\"https:\\\/\\\/diariotextual.com\\\/inicio\\\/wp-content\\\/uploads\\\/2018\\\/07\\\/lopezobrador.jpg\",\"width\":693,\"height\":500},{\"@type\":\"BreadcrumbList\",\"@id\":\"https:\\\/\\\/diariotextual.com\\\/inicio\\\/index.php\\\/2018\\\/07\\\/02\\\/lopez-obrador-gano-las-elecciones-mexico\\\/#breadcrumb\",\"itemListElement\":[{\"@type\":\"ListItem\",\"position\":1,\"name\":\"Portada\",\"item\":\"https:\\\/\\\/diariotextual.com\\\/inicio\\\/\"},{\"@type\":\"ListItem\",\"position\":2,\"name\":\"La izquierda lleg\u00f3 al poder a M\u00e9xico: gan\u00f3 L\u00f3pez Obrador\"}]},{\"@type\":\"WebSite\",\"@id\":\"https:\\\/\\\/diariotextual.com\\\/inicio\\\/#website\",\"url\":\"https:\\\/\\\/diariotextual.com\\\/inicio\\\/\",\"name\":\"Diario Textual\",\"description\":\"\",\"publisher\":{\"@id\":\"https:\\\/\\\/diariotextual.com\\\/inicio\\\/#organization\"},\"potentialAction\":[{\"@type\":\"SearchAction\",\"target\":{\"@type\":\"EntryPoint\",\"urlTemplate\":\"https:\\\/\\\/diariotextual.com\\\/inicio\\\/?s={search_term_string}\"},\"query-input\":{\"@type\":\"PropertyValueSpecification\",\"valueRequired\":true,\"valueName\":\"search_term_string\"}}],\"inLanguage\":\"es\"},{\"@type\":\"Organization\",\"@id\":\"https:\\\/\\\/diariotextual.com\\\/inicio\\\/#organization\",\"name\":\"Diario Textual\",\"url\":\"https:\\\/\\\/diariotextual.com\\\/inicio\\\/\",\"logo\":{\"@type\":\"ImageObject\",\"inLanguage\":\"es\",\"@id\":\"https:\\\/\\\/diariotextual.com\\\/inicio\\\/#\\\/schema\\\/logo\\\/image\\\/\",\"url\":\"https:\\\/\\\/diariotextual.com\\\/inicio\\\/wp-content\\\/uploads\\\/2023\\\/05\\\/logotextual1.jpg\",\"contentUrl\":\"https:\\\/\\\/diariotextual.com\\\/inicio\\\/wp-content\\\/uploads\\\/2023\\\/05\\\/logotextual1.jpg\",\"width\":516,\"height\":76,\"caption\":\"Diario Textual\"},\"image\":{\"@id\":\"https:\\\/\\\/diariotextual.com\\\/inicio\\\/#\\\/schema\\\/logo\\\/image\\\/\"},\"sameAs\":[\"https:\\\/\\\/www.facebook.com\\\/eltextual\",\"https:\\\/\\\/x.com\\\/eltextual\",\"http:\\\/\\\/www.instagram.com\\\/eltextual\"]},{\"@type\":\"Person\",\"@id\":\"https:\\\/\\\/diariotextual.com\\\/inicio\\\/#\\\/schema\\\/person\\\/418fc4093c33e86ed41562db3508f958\",\"name\":\"Diario1 Diario1\",\"image\":{\"@type\":\"ImageObject\",\"inLanguage\":\"es\",\"@id\":\"https:\\\/\\\/secure.gravatar.com\\\/avatar\\\/9167d280179c85bc18be67aa7eda765854300033af4896dd779b608640f2ef7a?s=96&d=mm&r=g\",\"url\":\"https:\\\/\\\/secure.gravatar.com\\\/avatar\\\/9167d280179c85bc18be67aa7eda765854300033af4896dd779b608640f2ef7a?s=96&d=mm&r=g\",\"contentUrl\":\"https:\\\/\\\/secure.gravatar.com\\\/avatar\\\/9167d280179c85bc18be67aa7eda765854300033af4896dd779b608640f2ef7a?s=96&d=mm&r=g\",\"caption\":\"Diario1 Diario1\"},\"url\":\"https:\\\/\\\/diariotextual.com\\\/inicio\\\/index.php\\\/author\\\/diario1\\\/\"}]}<\/script>\n<!-- \/ Yoast SEO plugin. -->","yoast_head_json":{"title":"La izquierda lleg\u00f3 al poder a M\u00e9xico: gan\u00f3 L\u00f3pez Obrador - Diario Textual","robots":{"index":"index","follow":"follow","max-snippet":"max-snippet:-1","max-image-preview":"max-image-preview:large","max-video-preview":"max-video-preview:-1"},"canonical":"https:\/\/diariotextual.com\/inicio\/index.php\/2018\/07\/02\/lopez-obrador-gano-las-elecciones-mexico\/","og_locale":"es_ES","og_type":"article","og_title":"La izquierda lleg\u00f3 al poder a M\u00e9xico: gan\u00f3 L\u00f3pez Obrador - Diario Textual","og_description":"Andr\u00e9s Manuel L\u00f3pez Obrador ha logrado una holgada victoria a la Presidencia de M\u00e9xico, dando un hist\u00f3rico giro a la izquierda con m\u00e1s del 50% de los votos -seg\u00fan los&hellip;","og_url":"https:\/\/diariotextual.com\/inicio\/index.php\/2018\/07\/02\/lopez-obrador-gano-las-elecciones-mexico\/","og_site_name":"Diario Textual","article_publisher":"https:\/\/www.facebook.com\/eltextual","article_published_time":"2018-07-02T10:04:28+00:00","article_modified_time":"2018-07-02T13:22:26+00:00","og_image":[{"width":693,"height":500,"url":"https:\/\/diariotextual.com\/inicio\/wp-content\/uploads\/2018\/07\/lopezobrador.jpg","type":"image\/jpeg"}],"author":"Diario1 Diario1","twitter_card":"summary_large_image","twitter_creator":"@eltextual","twitter_site":"@eltextual","twitter_misc":{"Escrito por":"Diario1 Diario1","Tiempo de lectura":"2 minutos"},"schema":{"@context":"https:\/\/schema.org","@graph":[{"@type":"Article","@id":"https:\/\/diariotextual.com\/inicio\/index.php\/2018\/07\/02\/lopez-obrador-gano-las-elecciones-mexico\/#article","isPartOf":{"@id":"https:\/\/diariotextual.com\/inicio\/index.php\/2018\/07\/02\/lopez-obrador-gano-las-elecciones-mexico\/"},"author":{"name":"Diario1 Diario1","@id":"https:\/\/diariotextual.com\/inicio\/#\/schema\/person\/418fc4093c33e86ed41562db3508f958"},"headline":"La izquierda lleg\u00f3 al poder a M\u00e9xico: gan\u00f3 L\u00f3pez Obrador","datePublished":"2018-07-02T10:04:28+00:00","dateModified":"2018-07-02T13:22:26+00:00","mainEntityOfPage":{"@id":"https:\/\/diariotextual.com\/inicio\/index.php\/2018\/07\/02\/lopez-obrador-gano-las-elecciones-mexico\/"},"wordCount":373,"publisher":{"@id":"https:\/\/diariotextual.com\/inicio\/#organization"},"image":{"@id":"https:\/\/diariotextual.com\/inicio\/index.php\/2018\/07\/02\/lopez-obrador-gano-las-elecciones-mexico\/#primaryimage"},"thumbnailUrl":"https:\/\/diariotextual.com\/inicio\/wp-content\/uploads\/2018\/07\/lopezobrador.jpg","articleSection":["A - QUE PASA (al costado)","MUNDO"],"inLanguage":"es"},{"@type":"WebPage","@id":"https:\/\/diariotextual.com\/inicio\/index.php\/2018\/07\/02\/lopez-obrador-gano-las-elecciones-mexico\/","url":"https:\/\/diariotextual.com\/inicio\/index.php\/2018\/07\/02\/lopez-obrador-gano-las-elecciones-mexico\/","name":"La izquierda lleg\u00f3 al poder a M\u00e9xico: gan\u00f3 L\u00f3pez Obrador - Diario Textual","isPartOf":{"@id":"https:\/\/diariotextual.com\/inicio\/#website"},"primaryImageOfPage":{"@id":"https:\/\/diariotextual.com\/inicio\/index.php\/2018\/07\/02\/lopez-obrador-gano-las-elecciones-mexico\/#primaryimage"},"image":{"@id":"https:\/\/diariotextual.com\/inicio\/index.php\/2018\/07\/02\/lopez-obrador-gano-las-elecciones-mexico\/#primaryimage"},"thumbnailUrl":"https:\/\/diariotextual.com\/inicio\/wp-content\/uploads\/2018\/07\/lopezobrador.jpg","datePublished":"2018-07-02T10:04:28+00:00","dateModified":"2018-07-02T13:22:26+00:00","breadcrumb":{"@id":"https:\/\/diariotextual.com\/inicio\/index.php\/2018\/07\/02\/lopez-obrador-gano-las-elecciones-mexico\/#breadcrumb"},"inLanguage":"es","potentialAction":[{"@type":"ReadAction","target":["https:\/\/diariotextual.com\/inicio\/index.php\/2018\/07\/02\/lopez-obrador-gano-las-elecciones-mexico\/"]}]},{"@type":"ImageObject","inLanguage":"es","@id":"https:\/\/diariotextual.com\/inicio\/index.php\/2018\/07\/02\/lopez-obrador-gano-las-elecciones-mexico\/#primaryimage","url":"https:\/\/diariotextual.com\/inicio\/wp-content\/uploads\/2018\/07\/lopezobrador.jpg","contentUrl":"https:\/\/diariotextual.com\/inicio\/wp-content\/uploads\/2018\/07\/lopezobrador.jpg","width":693,"height":500},{"@type":"BreadcrumbList","@id":"https:\/\/diariotextual.com\/inicio\/index.php\/2018\/07\/02\/lopez-obrador-gano-las-elecciones-mexico\/#breadcrumb","itemListElement":[{"@type":"ListItem","position":1,"name":"Portada","item":"https:\/\/diariotextual.com\/inicio\/"},{"@type":"ListItem","position":2,"name":"La izquierda lleg\u00f3 al poder a M\u00e9xico: gan\u00f3 L\u00f3pez Obrador"}]},{"@type":"WebSite","@id":"https:\/\/diariotextual.com\/inicio\/#website","url":"https:\/\/diariotextual.com\/inicio\/","name":"Diario Textual","description":"","publisher":{"@id":"https:\/\/diariotextual.com\/inicio\/#organization"},"potentialAction":[{"@type":"SearchAction","target":{"@type":"EntryPoint","urlTemplate":"https:\/\/diariotextual.com\/inicio\/?s={search_term_string}"},"query-input":{"@type":"PropertyValueSpecification","valueRequired":true,"valueName":"search_term_string"}}],"inLanguage":"es"},{"@type":"Organization","@id":"https:\/\/diariotextual.com\/inicio\/#organization","name":"Diario Textual","url":"https:\/\/diariotextual.com\/inicio\/","logo":{"@type":"ImageObject","inLanguage":"es","@id":"https:\/\/diariotextual.com\/inicio\/#\/schema\/logo\/image\/","url":"https:\/\/diariotextual.com\/inicio\/wp-content\/uploads\/2023\/05\/logotextual1.jpg","contentUrl":"https:\/\/diariotextual.com\/inicio\/wp-content\/uploads\/2023\/05\/logotextual1.jpg","width":516,"height":76,"caption":"Diario Textual"},"image":{"@id":"https:\/\/diariotextual.com\/inicio\/#\/schema\/logo\/image\/"},"sameAs":["https:\/\/www.facebook.com\/eltextual","https:\/\/x.com\/eltextual","http:\/\/www.instagram.com\/eltextual"]},{"@type":"Person","@id":"https:\/\/diariotextual.com\/inicio\/#\/schema\/person\/418fc4093c33e86ed41562db3508f958","name":"Diario1 Diario1","image":{"@type":"ImageObject","inLanguage":"es","@id":"https:\/\/secure.gravatar.com\/avatar\/9167d280179c85bc18be67aa7eda765854300033af4896dd779b608640f2ef7a?s=96&d=mm&r=g","url":"https:\/\/secure.gravatar.com\/avatar\/9167d280179c85bc18be67aa7eda765854300033af4896dd779b608640f2ef7a?s=96&d=mm&r=g","contentUrl":"https:\/\/secure.gravatar.com\/avatar\/9167d280179c85bc18be67aa7eda765854300033af4896dd779b608640f2ef7a?s=96&d=mm&r=g","caption":"Diario1 Diario1"},"url":"https:\/\/diariotextual.com\/inicio\/index.php\/author\/diario1\/"}]}},"_links":{"self":[{"href":"https:\/\/diariotextual.com\/inicio\/index.php\/wp-json\/wp\/v2\/posts\/12328","targetHints":{"allow":["GET"]}}],"collection":[{"href":"https:\/\/diariotextual.com\/inicio\/index.php\/wp-json\/wp\/v2\/posts"}],"about":[{"href":"https:\/\/diariotextual.com\/inicio\/index.php\/wp-json\/wp\/v2\/types\/post"}],"author":[{"embeddable":true,"href":"https:\/\/diariotextual.com\/inicio\/index.php\/wp-json\/wp\/v2\/users\/3"}],"replies":[{"embeddable":true,"href":"https:\/\/diariotextual.com\/inicio\/index.php\/wp-json\/wp\/v2\/comments?post=12328"}],"version-history":[{"count":3,"href":"https:\/\/diariotextual.com\/inicio\/index.php\/wp-json\/wp\/v2\/posts\/12328\/revisions"}],"predecessor-version":[{"id":12331,"href":"https:\/\/diariotextual.com\/inicio\/index.php\/wp-json\/wp\/v2\/posts\/12328\/revisions\/12331"}],"wp:featuredmedia":[{"embeddable":true,"href":"https:\/\/diariotextual.com\/inicio\/index.php\/wp-json\/wp\/v2\/media\/12326"}],"wp:attachment":[{"href":"https:\/\/diariotextual.com\/inicio\/index.php\/wp-json\/wp\/v2\/media?parent=12328"}],"wp:term":[{"taxonomy":"category","embeddable":true,"href":"https:\/\/diariotextual.com\/inicio\/index.php\/wp-json\/wp\/v2\/categories?post=12328"},{"taxonomy":"post_tag","embeddable":true,"href":"https:\/\/diariotextual.com\/inicio\/index.php\/wp-json\/wp\/v2\/tags?post=12328"}],"curies":[{"name":"wp","href":"https:\/\/api.w.org\/{rel}","templated":true}]}}