{"id":123816,"date":"2020-11-30T17:42:00","date_gmt":"2020-11-30T20:42:00","guid":{"rendered":"http:\/\/diariotextual.com\/inicio\/?p=123816"},"modified":"2020-12-01T09:23:38","modified_gmt":"2020-12-01T12:23:38","slug":"plaguicidas-es-ley-la-veda-total-de-fumigacion-a-500-metros-de-los-pueblos-de-la-pampa","status":"publish","type":"post","link":"https:\/\/diariotextual.com\/inicio\/index.php\/2020\/11\/30\/plaguicidas-es-ley-la-veda-total-de-fumigacion-a-500-metros-de-los-pueblos-de-la-pampa\/","title":{"rendered":"Plaguicidas: es ley la veda total de fumigaci\u00f3n a 500 metros de los pueblos de La Pampa"},"content":{"rendered":"\n<p>La <strong>C\u00e1mara de Diputados de La Pampa<\/strong> aprob\u00f3 en la tarde de este lunes, por mayor\u00eda con el voto del oficialismo y aliados, la llamada<strong><a rel=\"noreferrer noopener\" href=\"http:\/\/diariotextual.com\/inicio\/index.php\/2020\/02\/03\/dice-proyecto-ziliotto-la-ley-gestion-plaguicidas\/\" target=\"_blank\"> Ley de Gesti\u00f3n Integral de Plaguicidas<\/a><\/strong> que, entre otros puntos,<strong> establece una distancia de fumigaci\u00f3n de 3 mil metros por aire y por tierra a 500 metros de los espacios urbanos.<\/strong> Tambi\u00e9n<strong> impone que se deber\u00e1 contar con la autorizaci\u00f3n municipal para aplicaciones terrestres entre los 500 y los 3000 metros.<\/strong><\/p>\n\n\n\n<p>La iniciativa -que entrar\u00e1 en vigencia una vez reglamentada y publicada en el Bolet\u00edn Oficial- fue aprobada con los votos del oficialista Frejupa, m\u00e1s los unipersonales del Movimiento Productivo Pampeano y Comunidad Organizada. En contra lo hicieron los legisladores de la UCR y de Propuesta Federal.<\/p>\n\n\n\n<p>La distancia de la veda de pulverizaci\u00f3n fue uno de los puntos que m\u00e1s cuestionaron desde los bloques legislativos opositores: pidieron acortar esos metros, a tono con el reclamo de las asociaciones de productores agropecuarios.<\/p>\n\n\n\n<p>Sin embargo, finalmente gan\u00f3 la posici\u00f3n del oficialismo a tono con el pedido de la Subsecretar\u00eda de Ambiente de La Pampa, a cargo de Fabi\u00e1n Tittarelli.<\/p>\n\n\n\n<p>La iniciativa fue elaborada por el Gobierno provincial y busca \u201c<strong>armonizar el desarrollo de la actividad agropecuaria con el ambiente, a trav\u00e9s de la adopci\u00f3n de las m\u00e1s racionales y eficientes t\u00e9cnicas y uso controlado y adecuado de los plaguicidas para as\u00ed garantizar un ambiente sano y equilibrado<\/strong>\u201d en La Pampa.<\/p>\n\n\n\n<p>El subsecretario de Asuntos Agrarios,<strong> Alexis Benini<\/strong>, defendi\u00f3 la norma: admiti\u00f3 que \u201cimpactar\u00e1\u201d en las pr\u00e1cticas en los campos, dijo que pese a las mayores restricciones no habr\u00e1 ca\u00eddas de rindes de cosechas y asegur\u00f3 que, as\u00ed, se \u201ccuidar\u00e1 mejor\u201d el medio ambiente y la salud de los productores rurales y de los habitantes de los pueblos.<\/p>\n\n\n\n<figure class=\"wp-block-embed-wordpress wp-block-embed is-type-wp-embed is-provider-diario-textual\"><div class=\"wp-block-embed__wrapper\">\n<blockquote class=\"wp-embedded-content\" data-secret=\"8D17N5fiK6\"><a href=\"http:\/\/diariotextual.com\/inicio\/index.php\/2020\/02\/24\/ley-agroquimicos-la-faa-advierte-podrian-desaparecer-mas-productores-rurales\/\">Ley de Agroqu\u00edmicos: la FAA advierte que podr\u00edan \u00abdesaparecer m\u00e1s productores\u00bb rurales<\/a><\/blockquote><iframe class=\"wp-embedded-content\" sandbox=\"allow-scripts\" security=\"restricted\" style=\"position: absolute; clip: rect(1px, 1px, 1px, 1px);\" title=\"\u00abLey de Agroqu\u00edmicos: la FAA advierte que podr\u00edan \u00abdesaparecer m\u00e1s productores\u00bb rurales\u00bb \u2014 Diario Textual\" src=\"http:\/\/diariotextual.com\/inicio\/index.php\/2020\/02\/24\/ley-agroquimicos-la-faa-advierte-podrian-desaparecer-mas-productores-rurales\/embed\/#?secret=8D17N5fiK6\" data-secret=\"8D17N5fiK6\" width=\"600\" height=\"338\" frameborder=\"0\" marginwidth=\"0\" marginheight=\"0\" scrolling=\"no\"><\/iframe>\n<\/div><\/figure>\n\n\n\n<p>El oficialismo destac\u00f3 que la ley tuvo un largo debate y resalt\u00f3 que se escucharon a todos los sectores de la sociedad.<\/p>\n\n\n\n<p>La iniciativa cosech\u00f3 una fuerte resistencia entre un sector de los productores ruralistas: salieron a advertir que en caso de avanzar el proyecto oficial&nbsp;en La Pampa&nbsp;quedar\u00edan<strong><a href=\"http:\/\/diariotextual.com\/inicio\/index.php\/2020\/02\/12\/agroquimicos-avanza-proyecto-quedarian-145-mil-hectareas-girasol-sin-sembrar\/\" target=\"_blank\" rel=\"noreferrer noopener\"> entre 145 mil hect\u00e1reas y 150 mil hect\u00e1reas de girasol sin sembrar&nbsp;en los departamentos&nbsp;Marac\u00f3, Quem\u00fa Quem\u00fa y Chapaleuf\u00fa&nbsp;<\/a><\/strong>por las limitaciones que prev\u00e9 la ley a las aplicaciones. Eso sin contar a otros departamentos donde tambi\u00e9n se siembra este cultivo.<\/p>\n\n\n\n<figure class=\"wp-block-embed-wordpress wp-block-embed is-type-wp-embed is-provider-diario-textual\"><div class=\"wp-block-embed__wrapper\">\n<blockquote class=\"wp-embedded-content\" data-secret=\"GYxUcq63Ks\"><a href=\"http:\/\/diariotextual.com\/inicio\/index.php\/2020\/02\/13\/diputados-abre-debate-la-ley-agroquimicos\/\">Ley de Agroqu\u00edmicos: para el Gobierno, impactar\u00e1 en las pr\u00e1cticas pero no bajar\u00e1n los rindes<\/a><\/blockquote><iframe class=\"wp-embedded-content\" sandbox=\"allow-scripts\" security=\"restricted\" style=\"position: absolute; clip: rect(1px, 1px, 1px, 1px);\" title=\"\u00abLey de Agroqu\u00edmicos: para el Gobierno, impactar\u00e1 en las pr\u00e1cticas pero no bajar\u00e1n los rindes\u00bb \u2014 Diario Textual\" src=\"http:\/\/diariotextual.com\/inicio\/index.php\/2020\/02\/13\/diputados-abre-debate-la-ley-agroquimicos\/embed\/#?secret=GYxUcq63Ks\" data-secret=\"GYxUcq63Ks\" width=\"600\" height=\"338\" frameborder=\"0\" marginwidth=\"0\" marginheight=\"0\" scrolling=\"no\"><\/iframe>\n<\/div><\/figure>\n\n\n\n<p><br>Oscar Zanoli, diputado y miembro informante del oficialismo, dijo que era necesaria esta ley. \u201cEs imprescindible modificar la normativa en materia de plaguicidas porque ha crecido de manera inusitada su uso en el pa\u00eds. La degradaci\u00f3n del medio ambiente puede crear da\u00f1os en seres humanos irreparables. Como sociedad tenemos que tener conciencia en tener un ambiente sano. Quiero agradecer al gobernador por todas las consultas y cambios que hubo en el proyecto, a las organizaciones que aportaron, y a mis compa\u00f1eros diputados\u201d, expres\u00f3.<br><\/p>\n\n\n\n<p>Torroba argument\u00f3 el voto negativo. \u201cEn nuestra provincia se le suma, junto con al ars\u00e9nico en el agua, la cuesti\u00f3n del exceso de plaguicidas. A diferencia del proyecto de energ\u00eda que acabamos de tratar, este es un proyecto que se trat\u00f3 m\u00e1s de copiar y pegar, que de tener conocimiento del tema. No compartimos, por ejemplo, el r\u00e9gimen sancionatorio, porque son sanciones a granel. Tampoco compartimos el tema de las distancias, porque no se han tenido en cuenta las nuevas tecnolog\u00edas para solucionar esta cuesti\u00f3n. Nos hubiera gustado que haya consenso, pero el oficialismo se present\u00f3 con rigidez sobre ciertos temas que fueron innegociables\u201d, dijo.<br><\/p>\n\n\n\n<p>Mar\u00eda Laura Trapaglia manifest\u00f3 su rechazo. \u201cNecesitamos una ley que cuide la salud humana y ambiental, pero que no desaliente la producci\u00f3n. En Argentina tenemos antecedentes en ese sentido. No hay un rumbo claro hacia donde se pretende ir. Queremos agradecer a todos los que se involucraron de alguna u otra manera. Nuestro bloque se reuni\u00f3 con todos, y hemos planteado nuestras diferencias. No estamos de acuerdo con el concepto de plaguicidas, porque propusimos el t\u00e9rmino \u2018fitosanitario\u2019, ni estamos de acuerdo con las distancias\u201d, critic\u00f3.<br><\/p>\n\n\n\n<p>Por su parte, Sandra Fonseca se\u00f1al\u00f3 que las pr\u00e1cticas con agroqu\u00edmicos han generado da\u00f1os irreversibles, entre modificaciones gen\u00e9ticas y c\u00e1ncer. \u201cNosotros estamos de acuerdo con todos los fundamentos de la ley. Entendemos que hacen faltan algunos art\u00edculos sobre el control a\u00e9reo, por ejemplo. Me hubiera gustado que el proyecto fuera sancionado con el aporte de todos\u201d, dijo.<br><\/p>\n\n\n\n<p>Juan Pedro Brindesi celebr\u00f3 que se haya ido \u201ctomando mayor conciencia sobre la problem\u00e1tica\u201d de los qu\u00edmicos. \u201cAcompa\u00f1o esta ley porque la considero muy acorde a la situaci\u00f3n de ir modificando la tendencia hasta un modelo sustentable\u201d.<br><\/p>\n\n\n\n<p>En respuesta a los bloques que votaron negativamente, Mart\u00edn Balsa expres\u00f3 que durante nueve meses trabajamos en la iniciativa. \u201cEsta ley cuida fundamentalmente la salud. Tenemos que cuidar el suelo y la fauna, que es el material de los productores. Estamos de acuerdo que es necesario producir cada vez m\u00e1s, pero en esto tenemos que ser responsables. Ninguno est\u00e1 en contra de la producci\u00f3n. Esta ley viene a cuidar la salud, ya que est\u00e1 en riesgo desde la tierra hasta las personas\u201d.<br><\/p>\n\n\n\n<p>Mart\u00edn Ardohain contest\u00f3 a Balsa. \u201cUna vacuna no es buena ni mala, si la usamos mal nos mata. Lo mismo ocurre con los agroqu\u00edmicos. Entonces coincidimos en cuidar el medio ambiente, pero tambi\u00e9n la producci\u00f3n. Lamento no poder acompa\u00f1ar este proyecto\u201d, cerr\u00f3.<\/p>\n\n\n\n<p><\/p>\n\n\n\n<p><\/p>\n\n\n\n<p><br><\/p>\n","protected":false},"excerpt":{"rendered":"<p>La C\u00e1mara de Diputados de La Pampa aprob\u00f3 en la tarde de este lunes, por mayor\u00eda con el voto del oficialismo y aliados, la llamada Ley de Gesti\u00f3n Integral de&hellip;<\/p>\n","protected":false},"author":3,"featured_media":123820,"comment_status":"closed","ping_status":"open","sticky":false,"template":"","format":"standard","meta":{"_acf_changed":false,"footnotes":""},"categories":[11,20],"tags":[653,2688],"class_list":["post-123816","post","type-post","status-publish","format-standard","has-post-thumbnail","hentry","category-que-pasa","category-campo","tag-agroquimicos","tag-plaguicidas"],"acf":[],"yoast_head":"<!-- This site is optimized with the Yoast SEO plugin v27.5 - https:\/\/yoast.com\/product\/yoast-seo-wordpress\/ -->\n<title>Plaguicidas: es ley la veda total de fumigaci\u00f3n a 500 metros de los pueblos de La Pampa - Diario Textual<\/title>\n<meta name=\"robots\" content=\"index, follow, max-snippet:-1, max-image-preview:large, max-video-preview:-1\" \/>\n<link rel=\"canonical\" href=\"https:\/\/diariotextual.com\/inicio\/index.php\/2020\/11\/30\/plaguicidas-es-ley-la-veda-total-de-fumigacion-a-500-metros-de-los-pueblos-de-la-pampa\/\" \/>\n<meta property=\"og:locale\" content=\"es_ES\" \/>\n<meta property=\"og:type\" content=\"article\" \/>\n<meta property=\"og:title\" content=\"Plaguicidas: es ley la veda total de fumigaci\u00f3n a 500 metros de los pueblos de La Pampa - Diario Textual\" \/>\n<meta property=\"og:description\" content=\"La C\u00e1mara de Diputados de La Pampa aprob\u00f3 en la tarde de este lunes, por mayor\u00eda con el voto del oficialismo y aliados, la llamada Ley de Gesti\u00f3n Integral de&hellip;\" \/>\n<meta property=\"og:url\" content=\"https:\/\/diariotextual.com\/inicio\/index.php\/2020\/11\/30\/plaguicidas-es-ley-la-veda-total-de-fumigacion-a-500-metros-de-los-pueblos-de-la-pampa\/\" \/>\n<meta property=\"og:site_name\" content=\"Diario Textual\" \/>\n<meta property=\"article:publisher\" content=\"https:\/\/www.facebook.com\/eltextual\" \/>\n<meta property=\"article:published_time\" content=\"2020-11-30T20:42:00+00:00\" \/>\n<meta property=\"article:modified_time\" content=\"2020-12-01T12:23:38+00:00\" \/>\n<meta property=\"og:image\" content=\"https:\/\/diariotextual.com\/inicio\/wp-content\/uploads\/2020\/11\/agroquimicosplaguicidasleydiputadospulverizaciones0001.jpg\" \/>\n\t<meta property=\"og:image:width\" content=\"817\" \/>\n\t<meta property=\"og:image:height\" content=\"449\" \/>\n\t<meta property=\"og:image:type\" content=\"image\/jpeg\" \/>\n<meta name=\"author\" content=\"Diario1 Diario1\" \/>\n<meta name=\"twitter:card\" content=\"summary_large_image\" \/>\n<meta name=\"twitter:creator\" content=\"@eltextual\" \/>\n<meta name=\"twitter:site\" content=\"@eltextual\" \/>\n<meta name=\"twitter:label1\" content=\"Escrito por\" \/>\n\t<meta name=\"twitter:data1\" content=\"Diario1 Diario1\" \/>\n\t<meta name=\"twitter:label2\" content=\"Tiempo de lectura\" \/>\n\t<meta name=\"twitter:data2\" content=\"5 minutos\" \/>\n<script type=\"application\/ld+json\" class=\"yoast-schema-graph\">{\"@context\":\"https:\\\/\\\/schema.org\",\"@graph\":[{\"@type\":\"Article\",\"@id\":\"https:\\\/\\\/diariotextual.com\\\/inicio\\\/index.php\\\/2020\\\/11\\\/30\\\/plaguicidas-es-ley-la-veda-total-de-fumigacion-a-500-metros-de-los-pueblos-de-la-pampa\\\/#article\",\"isPartOf\":{\"@id\":\"https:\\\/\\\/diariotextual.com\\\/inicio\\\/index.php\\\/2020\\\/11\\\/30\\\/plaguicidas-es-ley-la-veda-total-de-fumigacion-a-500-metros-de-los-pueblos-de-la-pampa\\\/\"},\"author\":{\"name\":\"Diario1 Diario1\",\"@id\":\"https:\\\/\\\/diariotextual.com\\\/inicio\\\/#\\\/schema\\\/person\\\/418fc4093c33e86ed41562db3508f958\"},\"headline\":\"Plaguicidas: es ley la veda total de fumigaci\u00f3n a 500 metros de los pueblos de La Pampa\",\"datePublished\":\"2020-11-30T20:42:00+00:00\",\"dateModified\":\"2020-12-01T12:23:38+00:00\",\"mainEntityOfPage\":{\"@id\":\"https:\\\/\\\/diariotextual.com\\\/inicio\\\/index.php\\\/2020\\\/11\\\/30\\\/plaguicidas-es-ley-la-veda-total-de-fumigacion-a-500-metros-de-los-pueblos-de-la-pampa\\\/\"},\"wordCount\":961,\"publisher\":{\"@id\":\"https:\\\/\\\/diariotextual.com\\\/inicio\\\/#organization\"},\"image\":{\"@id\":\"https:\\\/\\\/diariotextual.com\\\/inicio\\\/index.php\\\/2020\\\/11\\\/30\\\/plaguicidas-es-ley-la-veda-total-de-fumigacion-a-500-metros-de-los-pueblos-de-la-pampa\\\/#primaryimage\"},\"thumbnailUrl\":\"https:\\\/\\\/diariotextual.com\\\/inicio\\\/wp-content\\\/uploads\\\/2020\\\/11\\\/agroquimicosplaguicidasleydiputadospulverizaciones0001.jpg\",\"keywords\":[\"agroquimicos\",\"plaguicidas\"],\"articleSection\":[\"A - QUE PASA (al costado)\",\"CAMPO\"],\"inLanguage\":\"es\"},{\"@type\":\"WebPage\",\"@id\":\"https:\\\/\\\/diariotextual.com\\\/inicio\\\/index.php\\\/2020\\\/11\\\/30\\\/plaguicidas-es-ley-la-veda-total-de-fumigacion-a-500-metros-de-los-pueblos-de-la-pampa\\\/\",\"url\":\"https:\\\/\\\/diariotextual.com\\\/inicio\\\/index.php\\\/2020\\\/11\\\/30\\\/plaguicidas-es-ley-la-veda-total-de-fumigacion-a-500-metros-de-los-pueblos-de-la-pampa\\\/\",\"name\":\"Plaguicidas: es ley la veda total de fumigaci\u00f3n a 500 metros de los pueblos de La Pampa - Diario Textual\",\"isPartOf\":{\"@id\":\"https:\\\/\\\/diariotextual.com\\\/inicio\\\/#website\"},\"primaryImageOfPage\":{\"@id\":\"https:\\\/\\\/diariotextual.com\\\/inicio\\\/index.php\\\/2020\\\/11\\\/30\\\/plaguicidas-es-ley-la-veda-total-de-fumigacion-a-500-metros-de-los-pueblos-de-la-pampa\\\/#primaryimage\"},\"image\":{\"@id\":\"https:\\\/\\\/diariotextual.com\\\/inicio\\\/index.php\\\/2020\\\/11\\\/30\\\/plaguicidas-es-ley-la-veda-total-de-fumigacion-a-500-metros-de-los-pueblos-de-la-pampa\\\/#primaryimage\"},\"thumbnailUrl\":\"https:\\\/\\\/diariotextual.com\\\/inicio\\\/wp-content\\\/uploads\\\/2020\\\/11\\\/agroquimicosplaguicidasleydiputadospulverizaciones0001.jpg\",\"datePublished\":\"2020-11-30T20:42:00+00:00\",\"dateModified\":\"2020-12-01T12:23:38+00:00\",\"breadcrumb\":{\"@id\":\"https:\\\/\\\/diariotextual.com\\\/inicio\\\/index.php\\\/2020\\\/11\\\/30\\\/plaguicidas-es-ley-la-veda-total-de-fumigacion-a-500-metros-de-los-pueblos-de-la-pampa\\\/#breadcrumb\"},\"inLanguage\":\"es\",\"potentialAction\":[{\"@type\":\"ReadAction\",\"target\":[\"https:\\\/\\\/diariotextual.com\\\/inicio\\\/index.php\\\/2020\\\/11\\\/30\\\/plaguicidas-es-ley-la-veda-total-de-fumigacion-a-500-metros-de-los-pueblos-de-la-pampa\\\/\"]}]},{\"@type\":\"ImageObject\",\"inLanguage\":\"es\",\"@id\":\"https:\\\/\\\/diariotextual.com\\\/inicio\\\/index.php\\\/2020\\\/11\\\/30\\\/plaguicidas-es-ley-la-veda-total-de-fumigacion-a-500-metros-de-los-pueblos-de-la-pampa\\\/#primaryimage\",\"url\":\"https:\\\/\\\/diariotextual.com\\\/inicio\\\/wp-content\\\/uploads\\\/2020\\\/11\\\/agroquimicosplaguicidasleydiputadospulverizaciones0001.jpg\",\"contentUrl\":\"https:\\\/\\\/diariotextual.com\\\/inicio\\\/wp-content\\\/uploads\\\/2020\\\/11\\\/agroquimicosplaguicidasleydiputadospulverizaciones0001.jpg\",\"width\":817,\"height\":449},{\"@type\":\"BreadcrumbList\",\"@id\":\"https:\\\/\\\/diariotextual.com\\\/inicio\\\/index.php\\\/2020\\\/11\\\/30\\\/plaguicidas-es-ley-la-veda-total-de-fumigacion-a-500-metros-de-los-pueblos-de-la-pampa\\\/#breadcrumb\",\"itemListElement\":[{\"@type\":\"ListItem\",\"position\":1,\"name\":\"Portada\",\"item\":\"https:\\\/\\\/diariotextual.com\\\/inicio\\\/\"},{\"@type\":\"ListItem\",\"position\":2,\"name\":\"Plaguicidas: es ley la veda total de fumigaci\u00f3n a 500 metros de los pueblos de La Pampa\"}]},{\"@type\":\"WebSite\",\"@id\":\"https:\\\/\\\/diariotextual.com\\\/inicio\\\/#website\",\"url\":\"https:\\\/\\\/diariotextual.com\\\/inicio\\\/\",\"name\":\"Diario Textual\",\"description\":\"\",\"publisher\":{\"@id\":\"https:\\\/\\\/diariotextual.com\\\/inicio\\\/#organization\"},\"potentialAction\":[{\"@type\":\"SearchAction\",\"target\":{\"@type\":\"EntryPoint\",\"urlTemplate\":\"https:\\\/\\\/diariotextual.com\\\/inicio\\\/?s={search_term_string}\"},\"query-input\":{\"@type\":\"PropertyValueSpecification\",\"valueRequired\":true,\"valueName\":\"search_term_string\"}}],\"inLanguage\":\"es\"},{\"@type\":\"Organization\",\"@id\":\"https:\\\/\\\/diariotextual.com\\\/inicio\\\/#organization\",\"name\":\"Diario Textual\",\"url\":\"https:\\\/\\\/diariotextual.com\\\/inicio\\\/\",\"logo\":{\"@type\":\"ImageObject\",\"inLanguage\":\"es\",\"@id\":\"https:\\\/\\\/diariotextual.com\\\/inicio\\\/#\\\/schema\\\/logo\\\/image\\\/\",\"url\":\"https:\\\/\\\/diariotextual.com\\\/inicio\\\/wp-content\\\/uploads\\\/2023\\\/05\\\/logotextual1.jpg\",\"contentUrl\":\"https:\\\/\\\/diariotextual.com\\\/inicio\\\/wp-content\\\/uploads\\\/2023\\\/05\\\/logotextual1.jpg\",\"width\":516,\"height\":76,\"caption\":\"Diario Textual\"},\"image\":{\"@id\":\"https:\\\/\\\/diariotextual.com\\\/inicio\\\/#\\\/schema\\\/logo\\\/image\\\/\"},\"sameAs\":[\"https:\\\/\\\/www.facebook.com\\\/eltextual\",\"https:\\\/\\\/x.com\\\/eltextual\",\"http:\\\/\\\/www.instagram.com\\\/eltextual\"]},{\"@type\":\"Person\",\"@id\":\"https:\\\/\\\/diariotextual.com\\\/inicio\\\/#\\\/schema\\\/person\\\/418fc4093c33e86ed41562db3508f958\",\"name\":\"Diario1 Diario1\",\"image\":{\"@type\":\"ImageObject\",\"inLanguage\":\"es\",\"@id\":\"https:\\\/\\\/secure.gravatar.com\\\/avatar\\\/9167d280179c85bc18be67aa7eda765854300033af4896dd779b608640f2ef7a?s=96&d=mm&r=g\",\"url\":\"https:\\\/\\\/secure.gravatar.com\\\/avatar\\\/9167d280179c85bc18be67aa7eda765854300033af4896dd779b608640f2ef7a?s=96&d=mm&r=g\",\"contentUrl\":\"https:\\\/\\\/secure.gravatar.com\\\/avatar\\\/9167d280179c85bc18be67aa7eda765854300033af4896dd779b608640f2ef7a?s=96&d=mm&r=g\",\"caption\":\"Diario1 Diario1\"},\"url\":\"https:\\\/\\\/diariotextual.com\\\/inicio\\\/index.php\\\/author\\\/diario1\\\/\"}]}<\/script>\n<!-- \/ Yoast SEO plugin. -->","yoast_head_json":{"title":"Plaguicidas: es ley la veda total de fumigaci\u00f3n a 500 metros de los pueblos de La Pampa - Diario Textual","robots":{"index":"index","follow":"follow","max-snippet":"max-snippet:-1","max-image-preview":"max-image-preview:large","max-video-preview":"max-video-preview:-1"},"canonical":"https:\/\/diariotextual.com\/inicio\/index.php\/2020\/11\/30\/plaguicidas-es-ley-la-veda-total-de-fumigacion-a-500-metros-de-los-pueblos-de-la-pampa\/","og_locale":"es_ES","og_type":"article","og_title":"Plaguicidas: es ley la veda total de fumigaci\u00f3n a 500 metros de los pueblos de La Pampa - Diario Textual","og_description":"La C\u00e1mara de Diputados de La Pampa aprob\u00f3 en la tarde de este lunes, por mayor\u00eda con el voto del oficialismo y aliados, la llamada Ley de Gesti\u00f3n Integral de&hellip;","og_url":"https:\/\/diariotextual.com\/inicio\/index.php\/2020\/11\/30\/plaguicidas-es-ley-la-veda-total-de-fumigacion-a-500-metros-de-los-pueblos-de-la-pampa\/","og_site_name":"Diario Textual","article_publisher":"https:\/\/www.facebook.com\/eltextual","article_published_time":"2020-11-30T20:42:00+00:00","article_modified_time":"2020-12-01T12:23:38+00:00","og_image":[{"width":817,"height":449,"url":"https:\/\/diariotextual.com\/inicio\/wp-content\/uploads\/2020\/11\/agroquimicosplaguicidasleydiputadospulverizaciones0001.jpg","type":"image\/jpeg"}],"author":"Diario1 Diario1","twitter_card":"summary_large_image","twitter_creator":"@eltextual","twitter_site":"@eltextual","twitter_misc":{"Escrito por":"Diario1 Diario1","Tiempo de lectura":"5 minutos"},"schema":{"@context":"https:\/\/schema.org","@graph":[{"@type":"Article","@id":"https:\/\/diariotextual.com\/inicio\/index.php\/2020\/11\/30\/plaguicidas-es-ley-la-veda-total-de-fumigacion-a-500-metros-de-los-pueblos-de-la-pampa\/#article","isPartOf":{"@id":"https:\/\/diariotextual.com\/inicio\/index.php\/2020\/11\/30\/plaguicidas-es-ley-la-veda-total-de-fumigacion-a-500-metros-de-los-pueblos-de-la-pampa\/"},"author":{"name":"Diario1 Diario1","@id":"https:\/\/diariotextual.com\/inicio\/#\/schema\/person\/418fc4093c33e86ed41562db3508f958"},"headline":"Plaguicidas: es ley la veda total de fumigaci\u00f3n a 500 metros de los pueblos de La Pampa","datePublished":"2020-11-30T20:42:00+00:00","dateModified":"2020-12-01T12:23:38+00:00","mainEntityOfPage":{"@id":"https:\/\/diariotextual.com\/inicio\/index.php\/2020\/11\/30\/plaguicidas-es-ley-la-veda-total-de-fumigacion-a-500-metros-de-los-pueblos-de-la-pampa\/"},"wordCount":961,"publisher":{"@id":"https:\/\/diariotextual.com\/inicio\/#organization"},"image":{"@id":"https:\/\/diariotextual.com\/inicio\/index.php\/2020\/11\/30\/plaguicidas-es-ley-la-veda-total-de-fumigacion-a-500-metros-de-los-pueblos-de-la-pampa\/#primaryimage"},"thumbnailUrl":"https:\/\/diariotextual.com\/inicio\/wp-content\/uploads\/2020\/11\/agroquimicosplaguicidasleydiputadospulverizaciones0001.jpg","keywords":["agroquimicos","plaguicidas"],"articleSection":["A - QUE PASA (al costado)","CAMPO"],"inLanguage":"es"},{"@type":"WebPage","@id":"https:\/\/diariotextual.com\/inicio\/index.php\/2020\/11\/30\/plaguicidas-es-ley-la-veda-total-de-fumigacion-a-500-metros-de-los-pueblos-de-la-pampa\/","url":"https:\/\/diariotextual.com\/inicio\/index.php\/2020\/11\/30\/plaguicidas-es-ley-la-veda-total-de-fumigacion-a-500-metros-de-los-pueblos-de-la-pampa\/","name":"Plaguicidas: es ley la veda total de fumigaci\u00f3n a 500 metros de los pueblos de La Pampa - Diario Textual","isPartOf":{"@id":"https:\/\/diariotextual.com\/inicio\/#website"},"primaryImageOfPage":{"@id":"https:\/\/diariotextual.com\/inicio\/index.php\/2020\/11\/30\/plaguicidas-es-ley-la-veda-total-de-fumigacion-a-500-metros-de-los-pueblos-de-la-pampa\/#primaryimage"},"image":{"@id":"https:\/\/diariotextual.com\/inicio\/index.php\/2020\/11\/30\/plaguicidas-es-ley-la-veda-total-de-fumigacion-a-500-metros-de-los-pueblos-de-la-pampa\/#primaryimage"},"thumbnailUrl":"https:\/\/diariotextual.com\/inicio\/wp-content\/uploads\/2020\/11\/agroquimicosplaguicidasleydiputadospulverizaciones0001.jpg","datePublished":"2020-11-30T20:42:00+00:00","dateModified":"2020-12-01T12:23:38+00:00","breadcrumb":{"@id":"https:\/\/diariotextual.com\/inicio\/index.php\/2020\/11\/30\/plaguicidas-es-ley-la-veda-total-de-fumigacion-a-500-metros-de-los-pueblos-de-la-pampa\/#breadcrumb"},"inLanguage":"es","potentialAction":[{"@type":"ReadAction","target":["https:\/\/diariotextual.com\/inicio\/index.php\/2020\/11\/30\/plaguicidas-es-ley-la-veda-total-de-fumigacion-a-500-metros-de-los-pueblos-de-la-pampa\/"]}]},{"@type":"ImageObject","inLanguage":"es","@id":"https:\/\/diariotextual.com\/inicio\/index.php\/2020\/11\/30\/plaguicidas-es-ley-la-veda-total-de-fumigacion-a-500-metros-de-los-pueblos-de-la-pampa\/#primaryimage","url":"https:\/\/diariotextual.com\/inicio\/wp-content\/uploads\/2020\/11\/agroquimicosplaguicidasleydiputadospulverizaciones0001.jpg","contentUrl":"https:\/\/diariotextual.com\/inicio\/wp-content\/uploads\/2020\/11\/agroquimicosplaguicidasleydiputadospulverizaciones0001.jpg","width":817,"height":449},{"@type":"BreadcrumbList","@id":"https:\/\/diariotextual.com\/inicio\/index.php\/2020\/11\/30\/plaguicidas-es-ley-la-veda-total-de-fumigacion-a-500-metros-de-los-pueblos-de-la-pampa\/#breadcrumb","itemListElement":[{"@type":"ListItem","position":1,"name":"Portada","item":"https:\/\/diariotextual.com\/inicio\/"},{"@type":"ListItem","position":2,"name":"Plaguicidas: es ley la veda total de fumigaci\u00f3n a 500 metros de los pueblos de La Pampa"}]},{"@type":"WebSite","@id":"https:\/\/diariotextual.com\/inicio\/#website","url":"https:\/\/diariotextual.com\/inicio\/","name":"Diario Textual","description":"","publisher":{"@id":"https:\/\/diariotextual.com\/inicio\/#organization"},"potentialAction":[{"@type":"SearchAction","target":{"@type":"EntryPoint","urlTemplate":"https:\/\/diariotextual.com\/inicio\/?s={search_term_string}"},"query-input":{"@type":"PropertyValueSpecification","valueRequired":true,"valueName":"search_term_string"}}],"inLanguage":"es"},{"@type":"Organization","@id":"https:\/\/diariotextual.com\/inicio\/#organization","name":"Diario Textual","url":"https:\/\/diariotextual.com\/inicio\/","logo":{"@type":"ImageObject","inLanguage":"es","@id":"https:\/\/diariotextual.com\/inicio\/#\/schema\/logo\/image\/","url":"https:\/\/diariotextual.com\/inicio\/wp-content\/uploads\/2023\/05\/logotextual1.jpg","contentUrl":"https:\/\/diariotextual.com\/inicio\/wp-content\/uploads\/2023\/05\/logotextual1.jpg","width":516,"height":76,"caption":"Diario Textual"},"image":{"@id":"https:\/\/diariotextual.com\/inicio\/#\/schema\/logo\/image\/"},"sameAs":["https:\/\/www.facebook.com\/eltextual","https:\/\/x.com\/eltextual","http:\/\/www.instagram.com\/eltextual"]},{"@type":"Person","@id":"https:\/\/diariotextual.com\/inicio\/#\/schema\/person\/418fc4093c33e86ed41562db3508f958","name":"Diario1 Diario1","image":{"@type":"ImageObject","inLanguage":"es","@id":"https:\/\/secure.gravatar.com\/avatar\/9167d280179c85bc18be67aa7eda765854300033af4896dd779b608640f2ef7a?s=96&d=mm&r=g","url":"https:\/\/secure.gravatar.com\/avatar\/9167d280179c85bc18be67aa7eda765854300033af4896dd779b608640f2ef7a?s=96&d=mm&r=g","contentUrl":"https:\/\/secure.gravatar.com\/avatar\/9167d280179c85bc18be67aa7eda765854300033af4896dd779b608640f2ef7a?s=96&d=mm&r=g","caption":"Diario1 Diario1"},"url":"https:\/\/diariotextual.com\/inicio\/index.php\/author\/diario1\/"}]}},"_links":{"self":[{"href":"https:\/\/diariotextual.com\/inicio\/index.php\/wp-json\/wp\/v2\/posts\/123816","targetHints":{"allow":["GET"]}}],"collection":[{"href":"https:\/\/diariotextual.com\/inicio\/index.php\/wp-json\/wp\/v2\/posts"}],"about":[{"href":"https:\/\/diariotextual.com\/inicio\/index.php\/wp-json\/wp\/v2\/types\/post"}],"author":[{"embeddable":true,"href":"https:\/\/diariotextual.com\/inicio\/index.php\/wp-json\/wp\/v2\/users\/3"}],"replies":[{"embeddable":true,"href":"https:\/\/diariotextual.com\/inicio\/index.php\/wp-json\/wp\/v2\/comments?post=123816"}],"version-history":[{"count":13,"href":"https:\/\/diariotextual.com\/inicio\/index.php\/wp-json\/wp\/v2\/posts\/123816\/revisions"}],"predecessor-version":[{"id":123836,"href":"https:\/\/diariotextual.com\/inicio\/index.php\/wp-json\/wp\/v2\/posts\/123816\/revisions\/123836"}],"wp:featuredmedia":[{"embeddable":true,"href":"https:\/\/diariotextual.com\/inicio\/index.php\/wp-json\/wp\/v2\/media\/123820"}],"wp:attachment":[{"href":"https:\/\/diariotextual.com\/inicio\/index.php\/wp-json\/wp\/v2\/media?parent=123816"}],"wp:term":[{"taxonomy":"category","embeddable":true,"href":"https:\/\/diariotextual.com\/inicio\/index.php\/wp-json\/wp\/v2\/categories?post=123816"},{"taxonomy":"post_tag","embeddable":true,"href":"https:\/\/diariotextual.com\/inicio\/index.php\/wp-json\/wp\/v2\/tags?post=123816"}],"curies":[{"name":"wp","href":"https:\/\/api.w.org\/{rel}","templated":true}]}}