{"id":124126,"date":"2020-12-02T10:57:09","date_gmt":"2020-12-02T13:57:09","guid":{"rendered":"http:\/\/diariotextual.com\/inicio\/?p=124126"},"modified":"2020-12-02T11:11:36","modified_gmt":"2020-12-02T14:11:36","slug":"anunciaron-la-temporada-del-balneario-ojo-de-agua","status":"publish","type":"post","link":"https:\/\/diariotextual.com\/inicio\/index.php\/2020\/12\/02\/anunciaron-la-temporada-del-balneario-ojo-de-agua\/","title":{"rendered":"Anunciaron la temporada del balneario Ojo de Agua"},"content":{"rendered":"\n<p>La Secretar\u00eda de Turismo de La Pampa y la municipalidad de <strong>Uriburu<\/strong> lanzaron este mi\u00e9rcoles la temporada del<strong> balneario Ojo de Agua<\/strong> que este verano, por la pandemia, funcionar\u00e1 con <strong>reservas<\/strong> y con un <strong>tope de personas.<\/strong> La apertura ser\u00e1 este s\u00e1bado 5 de diciembre.<\/p>\n\n\n\n<p>El lanzamiento de la temporada se realiz\u00f3 en la Secretar\u00eda de Turismo, en presencia de la secretaria Adriana Romero y del intendente de Uriburu, Pascual Fern\u00e1ndez.<\/p>\n\n\n\n<p>El jefe comunal cont\u00f3 que para ingresar al balneario habr\u00e1 que registrarse en la p\u00e1gina web del municipio <a href=\"https:\/\/municipalidaddeuriburu.gob.ar\/\">https:\/\/municipalidaddeuriburu.gob.ar<\/a> donde se podr\u00e1 descargar una App y hacer la reserva. El m\u00e1ximo ser\u00e1n 400 personas.  <\/p>\n\n\n\n<figure class=\"wp-block-image size-large\"><img fetchpriority=\"high\" decoding=\"async\" width=\"1024\" height=\"768\" src=\"http:\/\/diariotextual.com\/inicio\/wp-content\/uploads\/2020\/12\/ojodeaguaentrada-1024x768.jpg\" alt=\"\" class=\"wp-image-124132\" srcset=\"https:\/\/diariotextual.com\/inicio\/wp-content\/uploads\/2020\/12\/ojodeaguaentrada-1024x768.jpg 1024w, https:\/\/diariotextual.com\/inicio\/wp-content\/uploads\/2020\/12\/ojodeaguaentrada-300x225.jpg 300w, https:\/\/diariotextual.com\/inicio\/wp-content\/uploads\/2020\/12\/ojodeaguaentrada-768x576.jpg 768w, https:\/\/diariotextual.com\/inicio\/wp-content\/uploads\/2020\/12\/ojodeaguaentrada-585x439.jpg 585w, https:\/\/diariotextual.com\/inicio\/wp-content\/uploads\/2020\/12\/ojodeaguaentrada.jpg 1152w\" sizes=\"(max-width: 1024px) 100vw, 1024px\" \/><\/figure>\n\n\n\n<p>La entrada costar\u00e1 150 pesos los mayores, 100 pesos jubilados y jubiladas y los menores entrar\u00e1n gratis. <\/p>\n\n\n\n<p>Se puede visitar todos los d\u00edas de 9 a 20.30. Habr\u00e1 un buffet, quiosco, wifi gratis, electricidad y est\u00e1n permitidas todas las actividades acu\u00e1ticas que no lleven motor. No est\u00e1n permitidas las mascotas y tampoco se puede acampar.<\/p>\n","protected":false},"excerpt":{"rendered":"<p>La Secretar\u00eda de Turismo de La Pampa y la municipalidad de Uriburu lanzaron este mi\u00e9rcoles la temporada del balneario Ojo de Agua que este verano, por la pandemia, funcionar\u00e1 con&hellip;<\/p>\n","protected":false},"author":7,"featured_media":123665,"comment_status":"closed","ping_status":"open","sticky":false,"template":"","format":"standard","meta":{"_acf_changed":false,"footnotes":""},"categories":[4,12],"tags":[4536],"class_list":["post-124126","post","type-post","status-publish","format-standard","has-post-thumbnail","hentry","category-destacadas","category-sociedad","tag-ojo-de-agua"],"acf":[],"yoast_head":"<!-- This site is optimized with the Yoast SEO plugin v27.5 - https:\/\/yoast.com\/product\/yoast-seo-wordpress\/ -->\n<title>Anunciaron la temporada del balneario Ojo de Agua - Diario Textual<\/title>\n<meta name=\"robots\" content=\"index, follow, max-snippet:-1, max-image-preview:large, max-video-preview:-1\" \/>\n<link rel=\"canonical\" href=\"https:\/\/diariotextual.com\/inicio\/index.php\/2020\/12\/02\/anunciaron-la-temporada-del-balneario-ojo-de-agua\/\" \/>\n<meta property=\"og:locale\" content=\"es_ES\" \/>\n<meta property=\"og:type\" content=\"article\" \/>\n<meta property=\"og:title\" content=\"Anunciaron la temporada del balneario Ojo de Agua - Diario Textual\" \/>\n<meta property=\"og:description\" content=\"La Secretar\u00eda de Turismo de La Pampa y la municipalidad de Uriburu lanzaron este mi\u00e9rcoles la temporada del balneario Ojo de Agua que este verano, por la pandemia, funcionar\u00e1 con&hellip;\" \/>\n<meta property=\"og:url\" content=\"https:\/\/diariotextual.com\/inicio\/index.php\/2020\/12\/02\/anunciaron-la-temporada-del-balneario-ojo-de-agua\/\" \/>\n<meta property=\"og:site_name\" content=\"Diario Textual\" \/>\n<meta property=\"article:publisher\" content=\"https:\/\/www.facebook.com\/eltextual\" \/>\n<meta property=\"article:published_time\" content=\"2020-12-02T13:57:09+00:00\" \/>\n<meta property=\"article:modified_time\" content=\"2020-12-02T14:11:36+00:00\" \/>\n<meta property=\"og:image\" content=\"https:\/\/diariotextual.com\/inicio\/wp-content\/uploads\/2020\/11\/ojodeaguauriburu2020-9.jpg\" \/>\n\t<meta property=\"og:image:width\" content=\"1440\" \/>\n\t<meta property=\"og:image:height\" content=\"806\" \/>\n\t<meta property=\"og:image:type\" content=\"image\/jpeg\" \/>\n<meta name=\"author\" content=\"diario5\" \/>\n<meta name=\"twitter:card\" content=\"summary_large_image\" \/>\n<meta name=\"twitter:creator\" content=\"@eltextual\" \/>\n<meta name=\"twitter:site\" content=\"@eltextual\" \/>\n<meta name=\"twitter:label1\" content=\"Escrito por\" \/>\n\t<meta name=\"twitter:data1\" content=\"diario5\" \/>\n\t<meta name=\"twitter:label2\" content=\"Tiempo de lectura\" \/>\n\t<meta name=\"twitter:data2\" content=\"1 minuto\" \/>\n<script type=\"application\/ld+json\" class=\"yoast-schema-graph\">{\"@context\":\"https:\\\/\\\/schema.org\",\"@graph\":[{\"@type\":\"Article\",\"@id\":\"https:\\\/\\\/diariotextual.com\\\/inicio\\\/index.php\\\/2020\\\/12\\\/02\\\/anunciaron-la-temporada-del-balneario-ojo-de-agua\\\/#article\",\"isPartOf\":{\"@id\":\"https:\\\/\\\/diariotextual.com\\\/inicio\\\/index.php\\\/2020\\\/12\\\/02\\\/anunciaron-la-temporada-del-balneario-ojo-de-agua\\\/\"},\"author\":{\"name\":\"diario5\",\"@id\":\"https:\\\/\\\/diariotextual.com\\\/inicio\\\/#\\\/schema\\\/person\\\/c7834961ad8b29b1d9cdbf4571299067\"},\"headline\":\"Anunciaron la temporada del balneario Ojo de Agua\",\"datePublished\":\"2020-12-02T13:57:09+00:00\",\"dateModified\":\"2020-12-02T14:11:36+00:00\",\"mainEntityOfPage\":{\"@id\":\"https:\\\/\\\/diariotextual.com\\\/inicio\\\/index.php\\\/2020\\\/12\\\/02\\\/anunciaron-la-temporada-del-balneario-ojo-de-agua\\\/\"},\"wordCount\":178,\"publisher\":{\"@id\":\"https:\\\/\\\/diariotextual.com\\\/inicio\\\/#organization\"},\"image\":{\"@id\":\"https:\\\/\\\/diariotextual.com\\\/inicio\\\/index.php\\\/2020\\\/12\\\/02\\\/anunciaron-la-temporada-del-balneario-ojo-de-agua\\\/#primaryimage\"},\"thumbnailUrl\":\"https:\\\/\\\/diariotextual.com\\\/inicio\\\/wp-content\\\/uploads\\\/2020\\\/11\\\/ojodeaguauriburu2020-9.jpg\",\"keywords\":[\"ojo de agua\"],\"articleSection\":[\"A - DESTACADAS (mod 16)\",\"SOCIEDAD\"],\"inLanguage\":\"es\"},{\"@type\":\"WebPage\",\"@id\":\"https:\\\/\\\/diariotextual.com\\\/inicio\\\/index.php\\\/2020\\\/12\\\/02\\\/anunciaron-la-temporada-del-balneario-ojo-de-agua\\\/\",\"url\":\"https:\\\/\\\/diariotextual.com\\\/inicio\\\/index.php\\\/2020\\\/12\\\/02\\\/anunciaron-la-temporada-del-balneario-ojo-de-agua\\\/\",\"name\":\"Anunciaron la temporada del balneario Ojo de Agua - Diario Textual\",\"isPartOf\":{\"@id\":\"https:\\\/\\\/diariotextual.com\\\/inicio\\\/#website\"},\"primaryImageOfPage\":{\"@id\":\"https:\\\/\\\/diariotextual.com\\\/inicio\\\/index.php\\\/2020\\\/12\\\/02\\\/anunciaron-la-temporada-del-balneario-ojo-de-agua\\\/#primaryimage\"},\"image\":{\"@id\":\"https:\\\/\\\/diariotextual.com\\\/inicio\\\/index.php\\\/2020\\\/12\\\/02\\\/anunciaron-la-temporada-del-balneario-ojo-de-agua\\\/#primaryimage\"},\"thumbnailUrl\":\"https:\\\/\\\/diariotextual.com\\\/inicio\\\/wp-content\\\/uploads\\\/2020\\\/11\\\/ojodeaguauriburu2020-9.jpg\",\"datePublished\":\"2020-12-02T13:57:09+00:00\",\"dateModified\":\"2020-12-02T14:11:36+00:00\",\"breadcrumb\":{\"@id\":\"https:\\\/\\\/diariotextual.com\\\/inicio\\\/index.php\\\/2020\\\/12\\\/02\\\/anunciaron-la-temporada-del-balneario-ojo-de-agua\\\/#breadcrumb\"},\"inLanguage\":\"es\",\"potentialAction\":[{\"@type\":\"ReadAction\",\"target\":[\"https:\\\/\\\/diariotextual.com\\\/inicio\\\/index.php\\\/2020\\\/12\\\/02\\\/anunciaron-la-temporada-del-balneario-ojo-de-agua\\\/\"]}]},{\"@type\":\"ImageObject\",\"inLanguage\":\"es\",\"@id\":\"https:\\\/\\\/diariotextual.com\\\/inicio\\\/index.php\\\/2020\\\/12\\\/02\\\/anunciaron-la-temporada-del-balneario-ojo-de-agua\\\/#primaryimage\",\"url\":\"https:\\\/\\\/diariotextual.com\\\/inicio\\\/wp-content\\\/uploads\\\/2020\\\/11\\\/ojodeaguauriburu2020-9.jpg\",\"contentUrl\":\"https:\\\/\\\/diariotextual.com\\\/inicio\\\/wp-content\\\/uploads\\\/2020\\\/11\\\/ojodeaguauriburu2020-9.jpg\",\"width\":1440,\"height\":806},{\"@type\":\"BreadcrumbList\",\"@id\":\"https:\\\/\\\/diariotextual.com\\\/inicio\\\/index.php\\\/2020\\\/12\\\/02\\\/anunciaron-la-temporada-del-balneario-ojo-de-agua\\\/#breadcrumb\",\"itemListElement\":[{\"@type\":\"ListItem\",\"position\":1,\"name\":\"Portada\",\"item\":\"https:\\\/\\\/diariotextual.com\\\/inicio\\\/\"},{\"@type\":\"ListItem\",\"position\":2,\"name\":\"Anunciaron la temporada del balneario Ojo de Agua\"}]},{\"@type\":\"WebSite\",\"@id\":\"https:\\\/\\\/diariotextual.com\\\/inicio\\\/#website\",\"url\":\"https:\\\/\\\/diariotextual.com\\\/inicio\\\/\",\"name\":\"Diario Textual\",\"description\":\"\",\"publisher\":{\"@id\":\"https:\\\/\\\/diariotextual.com\\\/inicio\\\/#organization\"},\"potentialAction\":[{\"@type\":\"SearchAction\",\"target\":{\"@type\":\"EntryPoint\",\"urlTemplate\":\"https:\\\/\\\/diariotextual.com\\\/inicio\\\/?s={search_term_string}\"},\"query-input\":{\"@type\":\"PropertyValueSpecification\",\"valueRequired\":true,\"valueName\":\"search_term_string\"}}],\"inLanguage\":\"es\"},{\"@type\":\"Organization\",\"@id\":\"https:\\\/\\\/diariotextual.com\\\/inicio\\\/#organization\",\"name\":\"Diario Textual\",\"url\":\"https:\\\/\\\/diariotextual.com\\\/inicio\\\/\",\"logo\":{\"@type\":\"ImageObject\",\"inLanguage\":\"es\",\"@id\":\"https:\\\/\\\/diariotextual.com\\\/inicio\\\/#\\\/schema\\\/logo\\\/image\\\/\",\"url\":\"https:\\\/\\\/diariotextual.com\\\/inicio\\\/wp-content\\\/uploads\\\/2023\\\/05\\\/logotextual1.jpg\",\"contentUrl\":\"https:\\\/\\\/diariotextual.com\\\/inicio\\\/wp-content\\\/uploads\\\/2023\\\/05\\\/logotextual1.jpg\",\"width\":516,\"height\":76,\"caption\":\"Diario Textual\"},\"image\":{\"@id\":\"https:\\\/\\\/diariotextual.com\\\/inicio\\\/#\\\/schema\\\/logo\\\/image\\\/\"},\"sameAs\":[\"https:\\\/\\\/www.facebook.com\\\/eltextual\",\"https:\\\/\\\/x.com\\\/eltextual\",\"http:\\\/\\\/www.instagram.com\\\/eltextual\"]},{\"@type\":\"Person\",\"@id\":\"https:\\\/\\\/diariotextual.com\\\/inicio\\\/#\\\/schema\\\/person\\\/c7834961ad8b29b1d9cdbf4571299067\",\"name\":\"diario5\",\"image\":{\"@type\":\"ImageObject\",\"inLanguage\":\"es\",\"@id\":\"https:\\\/\\\/secure.gravatar.com\\\/avatar\\\/948c893b847ca6df68216ead81b63f363408ec9b0f600fefc0641ce78613b111?s=96&d=mm&r=g\",\"url\":\"https:\\\/\\\/secure.gravatar.com\\\/avatar\\\/948c893b847ca6df68216ead81b63f363408ec9b0f600fefc0641ce78613b111?s=96&d=mm&r=g\",\"contentUrl\":\"https:\\\/\\\/secure.gravatar.com\\\/avatar\\\/948c893b847ca6df68216ead81b63f363408ec9b0f600fefc0641ce78613b111?s=96&d=mm&r=g\",\"caption\":\"diario5\"},\"url\":\"https:\\\/\\\/diariotextual.com\\\/inicio\\\/index.php\\\/author\\\/diario5\\\/\"}]}<\/script>\n<!-- \/ Yoast SEO plugin. -->","yoast_head_json":{"title":"Anunciaron la temporada del balneario Ojo de Agua - Diario Textual","robots":{"index":"index","follow":"follow","max-snippet":"max-snippet:-1","max-image-preview":"max-image-preview:large","max-video-preview":"max-video-preview:-1"},"canonical":"https:\/\/diariotextual.com\/inicio\/index.php\/2020\/12\/02\/anunciaron-la-temporada-del-balneario-ojo-de-agua\/","og_locale":"es_ES","og_type":"article","og_title":"Anunciaron la temporada del balneario Ojo de Agua - Diario Textual","og_description":"La Secretar\u00eda de Turismo de La Pampa y la municipalidad de Uriburu lanzaron este mi\u00e9rcoles la temporada del balneario Ojo de Agua que este verano, por la pandemia, funcionar\u00e1 con&hellip;","og_url":"https:\/\/diariotextual.com\/inicio\/index.php\/2020\/12\/02\/anunciaron-la-temporada-del-balneario-ojo-de-agua\/","og_site_name":"Diario Textual","article_publisher":"https:\/\/www.facebook.com\/eltextual","article_published_time":"2020-12-02T13:57:09+00:00","article_modified_time":"2020-12-02T14:11:36+00:00","og_image":[{"width":1440,"height":806,"url":"https:\/\/diariotextual.com\/inicio\/wp-content\/uploads\/2020\/11\/ojodeaguauriburu2020-9.jpg","type":"image\/jpeg"}],"author":"diario5","twitter_card":"summary_large_image","twitter_creator":"@eltextual","twitter_site":"@eltextual","twitter_misc":{"Escrito por":"diario5","Tiempo de lectura":"1 minuto"},"schema":{"@context":"https:\/\/schema.org","@graph":[{"@type":"Article","@id":"https:\/\/diariotextual.com\/inicio\/index.php\/2020\/12\/02\/anunciaron-la-temporada-del-balneario-ojo-de-agua\/#article","isPartOf":{"@id":"https:\/\/diariotextual.com\/inicio\/index.php\/2020\/12\/02\/anunciaron-la-temporada-del-balneario-ojo-de-agua\/"},"author":{"name":"diario5","@id":"https:\/\/diariotextual.com\/inicio\/#\/schema\/person\/c7834961ad8b29b1d9cdbf4571299067"},"headline":"Anunciaron la temporada del balneario Ojo de Agua","datePublished":"2020-12-02T13:57:09+00:00","dateModified":"2020-12-02T14:11:36+00:00","mainEntityOfPage":{"@id":"https:\/\/diariotextual.com\/inicio\/index.php\/2020\/12\/02\/anunciaron-la-temporada-del-balneario-ojo-de-agua\/"},"wordCount":178,"publisher":{"@id":"https:\/\/diariotextual.com\/inicio\/#organization"},"image":{"@id":"https:\/\/diariotextual.com\/inicio\/index.php\/2020\/12\/02\/anunciaron-la-temporada-del-balneario-ojo-de-agua\/#primaryimage"},"thumbnailUrl":"https:\/\/diariotextual.com\/inicio\/wp-content\/uploads\/2020\/11\/ojodeaguauriburu2020-9.jpg","keywords":["ojo de agua"],"articleSection":["A - DESTACADAS (mod 16)","SOCIEDAD"],"inLanguage":"es"},{"@type":"WebPage","@id":"https:\/\/diariotextual.com\/inicio\/index.php\/2020\/12\/02\/anunciaron-la-temporada-del-balneario-ojo-de-agua\/","url":"https:\/\/diariotextual.com\/inicio\/index.php\/2020\/12\/02\/anunciaron-la-temporada-del-balneario-ojo-de-agua\/","name":"Anunciaron la temporada del balneario Ojo de Agua - Diario Textual","isPartOf":{"@id":"https:\/\/diariotextual.com\/inicio\/#website"},"primaryImageOfPage":{"@id":"https:\/\/diariotextual.com\/inicio\/index.php\/2020\/12\/02\/anunciaron-la-temporada-del-balneario-ojo-de-agua\/#primaryimage"},"image":{"@id":"https:\/\/diariotextual.com\/inicio\/index.php\/2020\/12\/02\/anunciaron-la-temporada-del-balneario-ojo-de-agua\/#primaryimage"},"thumbnailUrl":"https:\/\/diariotextual.com\/inicio\/wp-content\/uploads\/2020\/11\/ojodeaguauriburu2020-9.jpg","datePublished":"2020-12-02T13:57:09+00:00","dateModified":"2020-12-02T14:11:36+00:00","breadcrumb":{"@id":"https:\/\/diariotextual.com\/inicio\/index.php\/2020\/12\/02\/anunciaron-la-temporada-del-balneario-ojo-de-agua\/#breadcrumb"},"inLanguage":"es","potentialAction":[{"@type":"ReadAction","target":["https:\/\/diariotextual.com\/inicio\/index.php\/2020\/12\/02\/anunciaron-la-temporada-del-balneario-ojo-de-agua\/"]}]},{"@type":"ImageObject","inLanguage":"es","@id":"https:\/\/diariotextual.com\/inicio\/index.php\/2020\/12\/02\/anunciaron-la-temporada-del-balneario-ojo-de-agua\/#primaryimage","url":"https:\/\/diariotextual.com\/inicio\/wp-content\/uploads\/2020\/11\/ojodeaguauriburu2020-9.jpg","contentUrl":"https:\/\/diariotextual.com\/inicio\/wp-content\/uploads\/2020\/11\/ojodeaguauriburu2020-9.jpg","width":1440,"height":806},{"@type":"BreadcrumbList","@id":"https:\/\/diariotextual.com\/inicio\/index.php\/2020\/12\/02\/anunciaron-la-temporada-del-balneario-ojo-de-agua\/#breadcrumb","itemListElement":[{"@type":"ListItem","position":1,"name":"Portada","item":"https:\/\/diariotextual.com\/inicio\/"},{"@type":"ListItem","position":2,"name":"Anunciaron la temporada del balneario Ojo de Agua"}]},{"@type":"WebSite","@id":"https:\/\/diariotextual.com\/inicio\/#website","url":"https:\/\/diariotextual.com\/inicio\/","name":"Diario Textual","description":"","publisher":{"@id":"https:\/\/diariotextual.com\/inicio\/#organization"},"potentialAction":[{"@type":"SearchAction","target":{"@type":"EntryPoint","urlTemplate":"https:\/\/diariotextual.com\/inicio\/?s={search_term_string}"},"query-input":{"@type":"PropertyValueSpecification","valueRequired":true,"valueName":"search_term_string"}}],"inLanguage":"es"},{"@type":"Organization","@id":"https:\/\/diariotextual.com\/inicio\/#organization","name":"Diario Textual","url":"https:\/\/diariotextual.com\/inicio\/","logo":{"@type":"ImageObject","inLanguage":"es","@id":"https:\/\/diariotextual.com\/inicio\/#\/schema\/logo\/image\/","url":"https:\/\/diariotextual.com\/inicio\/wp-content\/uploads\/2023\/05\/logotextual1.jpg","contentUrl":"https:\/\/diariotextual.com\/inicio\/wp-content\/uploads\/2023\/05\/logotextual1.jpg","width":516,"height":76,"caption":"Diario Textual"},"image":{"@id":"https:\/\/diariotextual.com\/inicio\/#\/schema\/logo\/image\/"},"sameAs":["https:\/\/www.facebook.com\/eltextual","https:\/\/x.com\/eltextual","http:\/\/www.instagram.com\/eltextual"]},{"@type":"Person","@id":"https:\/\/diariotextual.com\/inicio\/#\/schema\/person\/c7834961ad8b29b1d9cdbf4571299067","name":"diario5","image":{"@type":"ImageObject","inLanguage":"es","@id":"https:\/\/secure.gravatar.com\/avatar\/948c893b847ca6df68216ead81b63f363408ec9b0f600fefc0641ce78613b111?s=96&d=mm&r=g","url":"https:\/\/secure.gravatar.com\/avatar\/948c893b847ca6df68216ead81b63f363408ec9b0f600fefc0641ce78613b111?s=96&d=mm&r=g","contentUrl":"https:\/\/secure.gravatar.com\/avatar\/948c893b847ca6df68216ead81b63f363408ec9b0f600fefc0641ce78613b111?s=96&d=mm&r=g","caption":"diario5"},"url":"https:\/\/diariotextual.com\/inicio\/index.php\/author\/diario5\/"}]}},"_links":{"self":[{"href":"https:\/\/diariotextual.com\/inicio\/index.php\/wp-json\/wp\/v2\/posts\/124126","targetHints":{"allow":["GET"]}}],"collection":[{"href":"https:\/\/diariotextual.com\/inicio\/index.php\/wp-json\/wp\/v2\/posts"}],"about":[{"href":"https:\/\/diariotextual.com\/inicio\/index.php\/wp-json\/wp\/v2\/types\/post"}],"author":[{"embeddable":true,"href":"https:\/\/diariotextual.com\/inicio\/index.php\/wp-json\/wp\/v2\/users\/7"}],"replies":[{"embeddable":true,"href":"https:\/\/diariotextual.com\/inicio\/index.php\/wp-json\/wp\/v2\/comments?post=124126"}],"version-history":[{"count":3,"href":"https:\/\/diariotextual.com\/inicio\/index.php\/wp-json\/wp\/v2\/posts\/124126\/revisions"}],"predecessor-version":[{"id":124133,"href":"https:\/\/diariotextual.com\/inicio\/index.php\/wp-json\/wp\/v2\/posts\/124126\/revisions\/124133"}],"wp:featuredmedia":[{"embeddable":true,"href":"https:\/\/diariotextual.com\/inicio\/index.php\/wp-json\/wp\/v2\/media\/123665"}],"wp:attachment":[{"href":"https:\/\/diariotextual.com\/inicio\/index.php\/wp-json\/wp\/v2\/media?parent=124126"}],"wp:term":[{"taxonomy":"category","embeddable":true,"href":"https:\/\/diariotextual.com\/inicio\/index.php\/wp-json\/wp\/v2\/categories?post=124126"},{"taxonomy":"post_tag","embeddable":true,"href":"https:\/\/diariotextual.com\/inicio\/index.php\/wp-json\/wp\/v2\/tags?post=124126"}],"curies":[{"name":"wp","href":"https:\/\/api.w.org\/{rel}","templated":true}]}}