{"id":12589,"date":"2018-07-03T20:46:46","date_gmt":"2018-07-03T23:46:46","guid":{"rendered":"http:\/\/diariotextual.com\/inicio\/?p=12589"},"modified":"2018-07-03T21:21:33","modified_gmt":"2018-07-04T00:21:33","slug":"la-justicia-ecuador-ordeno-detener-rafael-correa","status":"publish","type":"post","link":"https:\/\/diariotextual.com\/inicio\/index.php\/2018\/07\/03\/la-justicia-ecuador-ordeno-detener-rafael-correa\/","title":{"rendered":"La Justicia de Ecuador orden\u00f3 detener al expresidente Rafael Correa"},"content":{"rendered":"<p>La justicia ecuatoriana orden\u00f3 el martes prisi\u00f3n preventiva contra el expresidente Rafael Correa (2007-2017), quien reside en B\u00e9lgica, por su presunta vinculaci\u00f3n en el secuestro de un opositor en Colombia en 2012.<\/p>\n<p><!--more--><\/p>\n<p>La jueza Daniela Camacho neg\u00f3 el pedido de revisi\u00f3n de medidas cautelares a la defensa del expresidente Rafael Correa y resolvi\u00f3 imponer la prisi\u00f3n preventiva en su contra y emiti\u00f3 la difusi\u00f3n roja a Interpol, inform\u00f3 la Corte Nacional de Justicia (CNJ).<\/p>\n<p>Camacho acogi\u00f3 los pedidos del fiscal general, Pa\u00fal P\u00e9rez, por la presunta participaci\u00f3n de Correa \u00aben los delitos de asociaci\u00f3n il\u00edcita y secuestro\u00bb, aclar\u00f3 a su vez la Fiscal\u00eda de Ecuador.<\/p>\n<p>Correa est\u00e1 en la mira de la justicia por el caso del exdiputado opositor Fernando Balda, quien lo acusa de ordenar su secuestro cuando estaba en Bogot\u00e1 en 2012. Cinco personas lo subieron a la fuerza a un autom\u00f3vil, aunque la polic\u00eda colombiana intercept\u00f3 el veh\u00edculo y frustr\u00f3 el secuestro.<\/p>\n<p>Por el caso ya est\u00e1n detenidos tres agentes de Inteligencia y un excomandante de la Polic\u00eda, as\u00ed como pesa orden de prisi\u00f3n sobre un exjefe de la Secretar\u00eda (ministerio) Nacional de Inteligencia que est\u00e1 en Espa\u00f1a y cuya extradici\u00f3n fue pedida por Ecuador.<\/p>\n<p>En la audiencia de este martes, P\u00e9rez hab\u00eda solicitado la prisi\u00f3n para el exmandatario socialista \u00abpor incumplimiento de medida cautelar de presentaci\u00f3n peri\u00f3dica\u00bb ante la secretar\u00eda de la CNJ en Quito.<\/p>\n<p>El lunes Correa decidi\u00f3 presentarse en el consulado ecuatoriano en Bruselas, donde vive desde que dej\u00f3 el poder en mayo de 2017 tras una d\u00e9cada de gobierno.<\/p>\n<p>El exmandatario consider\u00f3 que su acci\u00f3n se enmarca en convenciones internacionales y leyes nacionales para ejercer sus derechos como ecuatoriano residente en el exterior.<\/p>\n","protected":false},"excerpt":{"rendered":"<p>La justicia ecuatoriana orden\u00f3 el martes prisi\u00f3n preventiva contra el expresidente Rafael Correa (2007-2017), quien reside en B\u00e9lgica, por su presunta vinculaci\u00f3n en el secuestro de un opositor en Colombia&hellip;<\/p>\n","protected":false},"author":5,"featured_media":12590,"comment_status":"closed","ping_status":"open","sticky":false,"template":"","format":"standard","meta":{"_acf_changed":false,"footnotes":""},"categories":[11,7],"tags":[],"class_list":["post-12589","post","type-post","status-publish","format-standard","has-post-thumbnail","hentry","category-que-pasa","category-mundo"],"acf":[],"yoast_head":"<!-- This site is optimized with the Yoast SEO plugin v27.5 - https:\/\/yoast.com\/product\/yoast-seo-wordpress\/ -->\n<title>La Justicia de Ecuador orden\u00f3 detener al expresidente Rafael Correa - Diario Textual<\/title>\n<meta name=\"robots\" content=\"index, follow, max-snippet:-1, max-image-preview:large, max-video-preview:-1\" \/>\n<link rel=\"canonical\" href=\"https:\/\/diariotextual.com\/inicio\/index.php\/2018\/07\/03\/la-justicia-ecuador-ordeno-detener-rafael-correa\/\" \/>\n<meta property=\"og:locale\" content=\"es_ES\" \/>\n<meta property=\"og:type\" content=\"article\" \/>\n<meta property=\"og:title\" content=\"La Justicia de Ecuador orden\u00f3 detener al expresidente Rafael Correa - Diario Textual\" \/>\n<meta property=\"og:description\" content=\"La justicia ecuatoriana orden\u00f3 el martes prisi\u00f3n preventiva contra el expresidente Rafael Correa (2007-2017), quien reside en B\u00e9lgica, por su presunta vinculaci\u00f3n en el secuestro de un opositor en Colombia&hellip;\" \/>\n<meta property=\"og:url\" content=\"https:\/\/diariotextual.com\/inicio\/index.php\/2018\/07\/03\/la-justicia-ecuador-ordeno-detener-rafael-correa\/\" \/>\n<meta property=\"og:site_name\" content=\"Diario Textual\" \/>\n<meta property=\"article:publisher\" content=\"https:\/\/www.facebook.com\/eltextual\" \/>\n<meta property=\"article:published_time\" content=\"2018-07-03T23:46:46+00:00\" \/>\n<meta property=\"article:modified_time\" content=\"2018-07-04T00:21:33+00:00\" \/>\n<meta property=\"og:image\" content=\"https:\/\/diariotextual.com\/inicio\/wp-content\/uploads\/2018\/07\/correa-rafael.jpg\" \/>\n\t<meta property=\"og:image:width\" content=\"640\" \/>\n\t<meta property=\"og:image:height\" content=\"427\" \/>\n\t<meta property=\"og:image:type\" content=\"image\/jpeg\" \/>\n<meta name=\"author\" content=\"diario3\" \/>\n<meta name=\"twitter:card\" content=\"summary_large_image\" \/>\n<meta name=\"twitter:creator\" content=\"@eltextual\" \/>\n<meta name=\"twitter:site\" content=\"@eltextual\" \/>\n<meta name=\"twitter:label1\" content=\"Escrito por\" \/>\n\t<meta name=\"twitter:data1\" content=\"diario3\" \/>\n\t<meta name=\"twitter:label2\" content=\"Tiempo de lectura\" \/>\n\t<meta name=\"twitter:data2\" content=\"2 minutos\" \/>\n<script type=\"application\/ld+json\" class=\"yoast-schema-graph\">{\"@context\":\"https:\\\/\\\/schema.org\",\"@graph\":[{\"@type\":\"Article\",\"@id\":\"https:\\\/\\\/diariotextual.com\\\/inicio\\\/index.php\\\/2018\\\/07\\\/03\\\/la-justicia-ecuador-ordeno-detener-rafael-correa\\\/#article\",\"isPartOf\":{\"@id\":\"https:\\\/\\\/diariotextual.com\\\/inicio\\\/index.php\\\/2018\\\/07\\\/03\\\/la-justicia-ecuador-ordeno-detener-rafael-correa\\\/\"},\"author\":{\"name\":\"diario3\",\"@id\":\"https:\\\/\\\/diariotextual.com\\\/inicio\\\/#\\\/schema\\\/person\\\/a1b6f563e0ee944c60f98119389a4d9f\"},\"headline\":\"La Justicia de Ecuador orden\u00f3 detener al expresidente Rafael Correa\",\"datePublished\":\"2018-07-03T23:46:46+00:00\",\"dateModified\":\"2018-07-04T00:21:33+00:00\",\"mainEntityOfPage\":{\"@id\":\"https:\\\/\\\/diariotextual.com\\\/inicio\\\/index.php\\\/2018\\\/07\\\/03\\\/la-justicia-ecuador-ordeno-detener-rafael-correa\\\/\"},\"wordCount\":316,\"publisher\":{\"@id\":\"https:\\\/\\\/diariotextual.com\\\/inicio\\\/#organization\"},\"image\":{\"@id\":\"https:\\\/\\\/diariotextual.com\\\/inicio\\\/index.php\\\/2018\\\/07\\\/03\\\/la-justicia-ecuador-ordeno-detener-rafael-correa\\\/#primaryimage\"},\"thumbnailUrl\":\"https:\\\/\\\/diariotextual.com\\\/inicio\\\/wp-content\\\/uploads\\\/2018\\\/07\\\/correa-rafael.jpg\",\"articleSection\":[\"A - QUE PASA (al costado)\",\"MUNDO\"],\"inLanguage\":\"es\"},{\"@type\":\"WebPage\",\"@id\":\"https:\\\/\\\/diariotextual.com\\\/inicio\\\/index.php\\\/2018\\\/07\\\/03\\\/la-justicia-ecuador-ordeno-detener-rafael-correa\\\/\",\"url\":\"https:\\\/\\\/diariotextual.com\\\/inicio\\\/index.php\\\/2018\\\/07\\\/03\\\/la-justicia-ecuador-ordeno-detener-rafael-correa\\\/\",\"name\":\"La Justicia de Ecuador orden\u00f3 detener al expresidente Rafael Correa - Diario Textual\",\"isPartOf\":{\"@id\":\"https:\\\/\\\/diariotextual.com\\\/inicio\\\/#website\"},\"primaryImageOfPage\":{\"@id\":\"https:\\\/\\\/diariotextual.com\\\/inicio\\\/index.php\\\/2018\\\/07\\\/03\\\/la-justicia-ecuador-ordeno-detener-rafael-correa\\\/#primaryimage\"},\"image\":{\"@id\":\"https:\\\/\\\/diariotextual.com\\\/inicio\\\/index.php\\\/2018\\\/07\\\/03\\\/la-justicia-ecuador-ordeno-detener-rafael-correa\\\/#primaryimage\"},\"thumbnailUrl\":\"https:\\\/\\\/diariotextual.com\\\/inicio\\\/wp-content\\\/uploads\\\/2018\\\/07\\\/correa-rafael.jpg\",\"datePublished\":\"2018-07-03T23:46:46+00:00\",\"dateModified\":\"2018-07-04T00:21:33+00:00\",\"breadcrumb\":{\"@id\":\"https:\\\/\\\/diariotextual.com\\\/inicio\\\/index.php\\\/2018\\\/07\\\/03\\\/la-justicia-ecuador-ordeno-detener-rafael-correa\\\/#breadcrumb\"},\"inLanguage\":\"es\",\"potentialAction\":[{\"@type\":\"ReadAction\",\"target\":[\"https:\\\/\\\/diariotextual.com\\\/inicio\\\/index.php\\\/2018\\\/07\\\/03\\\/la-justicia-ecuador-ordeno-detener-rafael-correa\\\/\"]}]},{\"@type\":\"ImageObject\",\"inLanguage\":\"es\",\"@id\":\"https:\\\/\\\/diariotextual.com\\\/inicio\\\/index.php\\\/2018\\\/07\\\/03\\\/la-justicia-ecuador-ordeno-detener-rafael-correa\\\/#primaryimage\",\"url\":\"https:\\\/\\\/diariotextual.com\\\/inicio\\\/wp-content\\\/uploads\\\/2018\\\/07\\\/correa-rafael.jpg\",\"contentUrl\":\"https:\\\/\\\/diariotextual.com\\\/inicio\\\/wp-content\\\/uploads\\\/2018\\\/07\\\/correa-rafael.jpg\",\"width\":640,\"height\":427},{\"@type\":\"BreadcrumbList\",\"@id\":\"https:\\\/\\\/diariotextual.com\\\/inicio\\\/index.php\\\/2018\\\/07\\\/03\\\/la-justicia-ecuador-ordeno-detener-rafael-correa\\\/#breadcrumb\",\"itemListElement\":[{\"@type\":\"ListItem\",\"position\":1,\"name\":\"Portada\",\"item\":\"https:\\\/\\\/diariotextual.com\\\/inicio\\\/\"},{\"@type\":\"ListItem\",\"position\":2,\"name\":\"La Justicia de Ecuador orden\u00f3 detener al expresidente Rafael Correa\"}]},{\"@type\":\"WebSite\",\"@id\":\"https:\\\/\\\/diariotextual.com\\\/inicio\\\/#website\",\"url\":\"https:\\\/\\\/diariotextual.com\\\/inicio\\\/\",\"name\":\"Diario Textual\",\"description\":\"\",\"publisher\":{\"@id\":\"https:\\\/\\\/diariotextual.com\\\/inicio\\\/#organization\"},\"potentialAction\":[{\"@type\":\"SearchAction\",\"target\":{\"@type\":\"EntryPoint\",\"urlTemplate\":\"https:\\\/\\\/diariotextual.com\\\/inicio\\\/?s={search_term_string}\"},\"query-input\":{\"@type\":\"PropertyValueSpecification\",\"valueRequired\":true,\"valueName\":\"search_term_string\"}}],\"inLanguage\":\"es\"},{\"@type\":\"Organization\",\"@id\":\"https:\\\/\\\/diariotextual.com\\\/inicio\\\/#organization\",\"name\":\"Diario Textual\",\"url\":\"https:\\\/\\\/diariotextual.com\\\/inicio\\\/\",\"logo\":{\"@type\":\"ImageObject\",\"inLanguage\":\"es\",\"@id\":\"https:\\\/\\\/diariotextual.com\\\/inicio\\\/#\\\/schema\\\/logo\\\/image\\\/\",\"url\":\"https:\\\/\\\/diariotextual.com\\\/inicio\\\/wp-content\\\/uploads\\\/2023\\\/05\\\/logotextual1.jpg\",\"contentUrl\":\"https:\\\/\\\/diariotextual.com\\\/inicio\\\/wp-content\\\/uploads\\\/2023\\\/05\\\/logotextual1.jpg\",\"width\":516,\"height\":76,\"caption\":\"Diario Textual\"},\"image\":{\"@id\":\"https:\\\/\\\/diariotextual.com\\\/inicio\\\/#\\\/schema\\\/logo\\\/image\\\/\"},\"sameAs\":[\"https:\\\/\\\/www.facebook.com\\\/eltextual\",\"https:\\\/\\\/x.com\\\/eltextual\",\"http:\\\/\\\/www.instagram.com\\\/eltextual\"]},{\"@type\":\"Person\",\"@id\":\"https:\\\/\\\/diariotextual.com\\\/inicio\\\/#\\\/schema\\\/person\\\/a1b6f563e0ee944c60f98119389a4d9f\",\"name\":\"diario3\",\"image\":{\"@type\":\"ImageObject\",\"inLanguage\":\"es\",\"@id\":\"https:\\\/\\\/secure.gravatar.com\\\/avatar\\\/5e7ee62c82fc04d9dd79d746a390d93c69c43223e5faeeb3ea9461ef752bfc5d?s=96&d=mm&r=g\",\"url\":\"https:\\\/\\\/secure.gravatar.com\\\/avatar\\\/5e7ee62c82fc04d9dd79d746a390d93c69c43223e5faeeb3ea9461ef752bfc5d?s=96&d=mm&r=g\",\"contentUrl\":\"https:\\\/\\\/secure.gravatar.com\\\/avatar\\\/5e7ee62c82fc04d9dd79d746a390d93c69c43223e5faeeb3ea9461ef752bfc5d?s=96&d=mm&r=g\",\"caption\":\"diario3\"},\"url\":\"https:\\\/\\\/diariotextual.com\\\/inicio\\\/index.php\\\/author\\\/diario3\\\/\"}]}<\/script>\n<!-- \/ Yoast SEO plugin. -->","yoast_head_json":{"title":"La Justicia de Ecuador orden\u00f3 detener al expresidente Rafael Correa - Diario Textual","robots":{"index":"index","follow":"follow","max-snippet":"max-snippet:-1","max-image-preview":"max-image-preview:large","max-video-preview":"max-video-preview:-1"},"canonical":"https:\/\/diariotextual.com\/inicio\/index.php\/2018\/07\/03\/la-justicia-ecuador-ordeno-detener-rafael-correa\/","og_locale":"es_ES","og_type":"article","og_title":"La Justicia de Ecuador orden\u00f3 detener al expresidente Rafael Correa - Diario Textual","og_description":"La justicia ecuatoriana orden\u00f3 el martes prisi\u00f3n preventiva contra el expresidente Rafael Correa (2007-2017), quien reside en B\u00e9lgica, por su presunta vinculaci\u00f3n en el secuestro de un opositor en Colombia&hellip;","og_url":"https:\/\/diariotextual.com\/inicio\/index.php\/2018\/07\/03\/la-justicia-ecuador-ordeno-detener-rafael-correa\/","og_site_name":"Diario Textual","article_publisher":"https:\/\/www.facebook.com\/eltextual","article_published_time":"2018-07-03T23:46:46+00:00","article_modified_time":"2018-07-04T00:21:33+00:00","og_image":[{"width":640,"height":427,"url":"https:\/\/diariotextual.com\/inicio\/wp-content\/uploads\/2018\/07\/correa-rafael.jpg","type":"image\/jpeg"}],"author":"diario3","twitter_card":"summary_large_image","twitter_creator":"@eltextual","twitter_site":"@eltextual","twitter_misc":{"Escrito por":"diario3","Tiempo de lectura":"2 minutos"},"schema":{"@context":"https:\/\/schema.org","@graph":[{"@type":"Article","@id":"https:\/\/diariotextual.com\/inicio\/index.php\/2018\/07\/03\/la-justicia-ecuador-ordeno-detener-rafael-correa\/#article","isPartOf":{"@id":"https:\/\/diariotextual.com\/inicio\/index.php\/2018\/07\/03\/la-justicia-ecuador-ordeno-detener-rafael-correa\/"},"author":{"name":"diario3","@id":"https:\/\/diariotextual.com\/inicio\/#\/schema\/person\/a1b6f563e0ee944c60f98119389a4d9f"},"headline":"La Justicia de Ecuador orden\u00f3 detener al expresidente Rafael Correa","datePublished":"2018-07-03T23:46:46+00:00","dateModified":"2018-07-04T00:21:33+00:00","mainEntityOfPage":{"@id":"https:\/\/diariotextual.com\/inicio\/index.php\/2018\/07\/03\/la-justicia-ecuador-ordeno-detener-rafael-correa\/"},"wordCount":316,"publisher":{"@id":"https:\/\/diariotextual.com\/inicio\/#organization"},"image":{"@id":"https:\/\/diariotextual.com\/inicio\/index.php\/2018\/07\/03\/la-justicia-ecuador-ordeno-detener-rafael-correa\/#primaryimage"},"thumbnailUrl":"https:\/\/diariotextual.com\/inicio\/wp-content\/uploads\/2018\/07\/correa-rafael.jpg","articleSection":["A - QUE PASA (al costado)","MUNDO"],"inLanguage":"es"},{"@type":"WebPage","@id":"https:\/\/diariotextual.com\/inicio\/index.php\/2018\/07\/03\/la-justicia-ecuador-ordeno-detener-rafael-correa\/","url":"https:\/\/diariotextual.com\/inicio\/index.php\/2018\/07\/03\/la-justicia-ecuador-ordeno-detener-rafael-correa\/","name":"La Justicia de Ecuador orden\u00f3 detener al expresidente Rafael Correa - Diario Textual","isPartOf":{"@id":"https:\/\/diariotextual.com\/inicio\/#website"},"primaryImageOfPage":{"@id":"https:\/\/diariotextual.com\/inicio\/index.php\/2018\/07\/03\/la-justicia-ecuador-ordeno-detener-rafael-correa\/#primaryimage"},"image":{"@id":"https:\/\/diariotextual.com\/inicio\/index.php\/2018\/07\/03\/la-justicia-ecuador-ordeno-detener-rafael-correa\/#primaryimage"},"thumbnailUrl":"https:\/\/diariotextual.com\/inicio\/wp-content\/uploads\/2018\/07\/correa-rafael.jpg","datePublished":"2018-07-03T23:46:46+00:00","dateModified":"2018-07-04T00:21:33+00:00","breadcrumb":{"@id":"https:\/\/diariotextual.com\/inicio\/index.php\/2018\/07\/03\/la-justicia-ecuador-ordeno-detener-rafael-correa\/#breadcrumb"},"inLanguage":"es","potentialAction":[{"@type":"ReadAction","target":["https:\/\/diariotextual.com\/inicio\/index.php\/2018\/07\/03\/la-justicia-ecuador-ordeno-detener-rafael-correa\/"]}]},{"@type":"ImageObject","inLanguage":"es","@id":"https:\/\/diariotextual.com\/inicio\/index.php\/2018\/07\/03\/la-justicia-ecuador-ordeno-detener-rafael-correa\/#primaryimage","url":"https:\/\/diariotextual.com\/inicio\/wp-content\/uploads\/2018\/07\/correa-rafael.jpg","contentUrl":"https:\/\/diariotextual.com\/inicio\/wp-content\/uploads\/2018\/07\/correa-rafael.jpg","width":640,"height":427},{"@type":"BreadcrumbList","@id":"https:\/\/diariotextual.com\/inicio\/index.php\/2018\/07\/03\/la-justicia-ecuador-ordeno-detener-rafael-correa\/#breadcrumb","itemListElement":[{"@type":"ListItem","position":1,"name":"Portada","item":"https:\/\/diariotextual.com\/inicio\/"},{"@type":"ListItem","position":2,"name":"La Justicia de Ecuador orden\u00f3 detener al expresidente Rafael Correa"}]},{"@type":"WebSite","@id":"https:\/\/diariotextual.com\/inicio\/#website","url":"https:\/\/diariotextual.com\/inicio\/","name":"Diario Textual","description":"","publisher":{"@id":"https:\/\/diariotextual.com\/inicio\/#organization"},"potentialAction":[{"@type":"SearchAction","target":{"@type":"EntryPoint","urlTemplate":"https:\/\/diariotextual.com\/inicio\/?s={search_term_string}"},"query-input":{"@type":"PropertyValueSpecification","valueRequired":true,"valueName":"search_term_string"}}],"inLanguage":"es"},{"@type":"Organization","@id":"https:\/\/diariotextual.com\/inicio\/#organization","name":"Diario Textual","url":"https:\/\/diariotextual.com\/inicio\/","logo":{"@type":"ImageObject","inLanguage":"es","@id":"https:\/\/diariotextual.com\/inicio\/#\/schema\/logo\/image\/","url":"https:\/\/diariotextual.com\/inicio\/wp-content\/uploads\/2023\/05\/logotextual1.jpg","contentUrl":"https:\/\/diariotextual.com\/inicio\/wp-content\/uploads\/2023\/05\/logotextual1.jpg","width":516,"height":76,"caption":"Diario Textual"},"image":{"@id":"https:\/\/diariotextual.com\/inicio\/#\/schema\/logo\/image\/"},"sameAs":["https:\/\/www.facebook.com\/eltextual","https:\/\/x.com\/eltextual","http:\/\/www.instagram.com\/eltextual"]},{"@type":"Person","@id":"https:\/\/diariotextual.com\/inicio\/#\/schema\/person\/a1b6f563e0ee944c60f98119389a4d9f","name":"diario3","image":{"@type":"ImageObject","inLanguage":"es","@id":"https:\/\/secure.gravatar.com\/avatar\/5e7ee62c82fc04d9dd79d746a390d93c69c43223e5faeeb3ea9461ef752bfc5d?s=96&d=mm&r=g","url":"https:\/\/secure.gravatar.com\/avatar\/5e7ee62c82fc04d9dd79d746a390d93c69c43223e5faeeb3ea9461ef752bfc5d?s=96&d=mm&r=g","contentUrl":"https:\/\/secure.gravatar.com\/avatar\/5e7ee62c82fc04d9dd79d746a390d93c69c43223e5faeeb3ea9461ef752bfc5d?s=96&d=mm&r=g","caption":"diario3"},"url":"https:\/\/diariotextual.com\/inicio\/index.php\/author\/diario3\/"}]}},"_links":{"self":[{"href":"https:\/\/diariotextual.com\/inicio\/index.php\/wp-json\/wp\/v2\/posts\/12589","targetHints":{"allow":["GET"]}}],"collection":[{"href":"https:\/\/diariotextual.com\/inicio\/index.php\/wp-json\/wp\/v2\/posts"}],"about":[{"href":"https:\/\/diariotextual.com\/inicio\/index.php\/wp-json\/wp\/v2\/types\/post"}],"author":[{"embeddable":true,"href":"https:\/\/diariotextual.com\/inicio\/index.php\/wp-json\/wp\/v2\/users\/5"}],"replies":[{"embeddable":true,"href":"https:\/\/diariotextual.com\/inicio\/index.php\/wp-json\/wp\/v2\/comments?post=12589"}],"version-history":[{"count":2,"href":"https:\/\/diariotextual.com\/inicio\/index.php\/wp-json\/wp\/v2\/posts\/12589\/revisions"}],"predecessor-version":[{"id":12592,"href":"https:\/\/diariotextual.com\/inicio\/index.php\/wp-json\/wp\/v2\/posts\/12589\/revisions\/12592"}],"wp:featuredmedia":[{"embeddable":true,"href":"https:\/\/diariotextual.com\/inicio\/index.php\/wp-json\/wp\/v2\/media\/12590"}],"wp:attachment":[{"href":"https:\/\/diariotextual.com\/inicio\/index.php\/wp-json\/wp\/v2\/media?parent=12589"}],"wp:term":[{"taxonomy":"category","embeddable":true,"href":"https:\/\/diariotextual.com\/inicio\/index.php\/wp-json\/wp\/v2\/categories?post=12589"},{"taxonomy":"post_tag","embeddable":true,"href":"https:\/\/diariotextual.com\/inicio\/index.php\/wp-json\/wp\/v2\/tags?post=12589"}],"curies":[{"name":"wp","href":"https:\/\/api.w.org\/{rel}","templated":true}]}}