{"id":12607,"date":"2018-07-04T07:37:33","date_gmt":"2018-07-04T10:37:33","guid":{"rendered":"http:\/\/diariotextual.com\/inicio\/?p=12607"},"modified":"2018-07-04T07:37:33","modified_gmt":"2018-07-04T10:37:33","slug":"chile-condena-9-exmilitares-homicidio-victor-jara","status":"publish","type":"post","link":"https:\/\/diariotextual.com\/inicio\/index.php\/2018\/07\/04\/chile-condena-9-exmilitares-homicidio-victor-jara\/","title":{"rendered":"Chile: condena a 9 exmilitares por el homicidio de V\u00edctor Jara"},"content":{"rendered":"<p>El ministro en visita para causas de derechos humanos de Chile, Miguel V\u00e1zquez Plaza, <strong>conden\u00f3 este martes a nueve militares retirados por su responsabilidad en el homicidio del cantautor revolucionario V\u00edctor Jara<\/strong>, inform\u00f3 el diario La Tercera.<\/p>\n<p>Adem\u00e1s, en la misma sentencia se los inculp\u00f3 por la muerte del exdirector de Gendarmer\u00eda Littr\u00e9 Quiroga. Ambos cr\u00edmenes ocurrieron en septiembre de 1973, al inicio de la dictadura del general Augusto Pinochet.<\/p>\n<p>Los militares responsables de las torturas y posterior asesinato de Jara y Quiroga fueron identificados como Hugo S\u00e1nchez Marmonti, Ra\u00fal Jofr\u00e9 Gonz\u00e1lez, Edwin Dimter Bianchi, Nelson Haase Mazzei, Ernesto Bethke Wulf, Juan Jara Quintana, Hern\u00e1n Chac\u00f3n Soto y Patricio V\u00e1squez Donoso.<\/p>\n<p>Las condenas son de 15 a\u00f1os y un d\u00eda por actuar como autores de ambos homicidios, con una pena accesoria de tres a\u00f1os por el secuestro simple de ambas v\u00edctimas.<\/p>\n<p>Igualmente fue sentenciado a 5 a\u00f1os y un d\u00eda de presidio el oficial Rolando Melo Silva, por actuar como encubridor de ambos homicidios. Este exmilitar deber\u00e1 purgar otros 60 d\u00edas por encubrir ambos secuestros.<\/p>\n<p>Los ministros de visitas son una figura creada por las cortes de apelaciones chilenas para que los jueces act\u00faen como tribunal de primera instancia en determinadas investigaciones que tengan connotaci\u00f3n p\u00fablica.<\/p>\n<p>V\u00edctor Jara fue un cantante revolucionario y una de las voces m\u00e1s representativas del Chile presidido por Salvador Allende. A poco de instalarse la dictadura de Pinochet, en septiembre de 1973, el cantante fue detenido, torturado y asesinado de 44 balazos.<\/p>\n<p>&nbsp;<\/p>\n<p>&nbsp;<\/p>\n<p>&nbsp;<\/p>\n","protected":false},"excerpt":{"rendered":"<p>El ministro en visita para causas de derechos humanos de Chile, Miguel V\u00e1zquez Plaza, conden\u00f3 este martes a nueve militares retirados por su responsabilidad en el homicidio del cantautor revolucionario&hellip;<\/p>\n","protected":false},"author":3,"featured_media":12608,"comment_status":"closed","ping_status":"open","sticky":false,"template":"","format":"standard","meta":{"_acf_changed":false,"footnotes":""},"categories":[11,7],"tags":[],"class_list":["post-12607","post","type-post","status-publish","format-standard","has-post-thumbnail","hentry","category-que-pasa","category-mundo"],"acf":[],"yoast_head":"<!-- This site is optimized with the Yoast SEO plugin v27.5 - https:\/\/yoast.com\/product\/yoast-seo-wordpress\/ -->\n<title>Chile: condena a 9 exmilitares por el homicidio de V\u00edctor Jara - Diario Textual<\/title>\n<meta name=\"robots\" content=\"index, follow, max-snippet:-1, max-image-preview:large, max-video-preview:-1\" \/>\n<link rel=\"canonical\" href=\"https:\/\/diariotextual.com\/inicio\/index.php\/2018\/07\/04\/chile-condena-9-exmilitares-homicidio-victor-jara\/\" \/>\n<meta property=\"og:locale\" content=\"es_ES\" \/>\n<meta property=\"og:type\" content=\"article\" \/>\n<meta property=\"og:title\" content=\"Chile: condena a 9 exmilitares por el homicidio de V\u00edctor Jara - Diario Textual\" \/>\n<meta property=\"og:description\" content=\"El ministro en visita para causas de derechos humanos de Chile, Miguel V\u00e1zquez Plaza, conden\u00f3 este martes a nueve militares retirados por su responsabilidad en el homicidio del cantautor revolucionario&hellip;\" \/>\n<meta property=\"og:url\" content=\"https:\/\/diariotextual.com\/inicio\/index.php\/2018\/07\/04\/chile-condena-9-exmilitares-homicidio-victor-jara\/\" \/>\n<meta property=\"og:site_name\" content=\"Diario Textual\" \/>\n<meta property=\"article:publisher\" content=\"https:\/\/www.facebook.com\/eltextual\" \/>\n<meta property=\"article:published_time\" content=\"2018-07-04T10:37:33+00:00\" \/>\n<meta property=\"og:image\" content=\"https:\/\/diariotextual.com\/inicio\/wp-content\/uploads\/2018\/07\/jaravictor88.jpg\" \/>\n\t<meta property=\"og:image:width\" content=\"674\" \/>\n\t<meta property=\"og:image:height\" content=\"400\" \/>\n\t<meta property=\"og:image:type\" content=\"image\/jpeg\" \/>\n<meta name=\"author\" content=\"Diario1 Diario1\" \/>\n<meta name=\"twitter:card\" content=\"summary_large_image\" \/>\n<meta name=\"twitter:creator\" content=\"@eltextual\" \/>\n<meta name=\"twitter:site\" content=\"@eltextual\" \/>\n<meta name=\"twitter:label1\" content=\"Escrito por\" \/>\n\t<meta name=\"twitter:data1\" content=\"Diario1 Diario1\" \/>\n\t<meta name=\"twitter:label2\" content=\"Tiempo de lectura\" \/>\n\t<meta name=\"twitter:data2\" content=\"1 minuto\" \/>\n<script type=\"application\/ld+json\" class=\"yoast-schema-graph\">{\"@context\":\"https:\\\/\\\/schema.org\",\"@graph\":[{\"@type\":\"Article\",\"@id\":\"https:\\\/\\\/diariotextual.com\\\/inicio\\\/index.php\\\/2018\\\/07\\\/04\\\/chile-condena-9-exmilitares-homicidio-victor-jara\\\/#article\",\"isPartOf\":{\"@id\":\"https:\\\/\\\/diariotextual.com\\\/inicio\\\/index.php\\\/2018\\\/07\\\/04\\\/chile-condena-9-exmilitares-homicidio-victor-jara\\\/\"},\"author\":{\"name\":\"Diario1 Diario1\",\"@id\":\"https:\\\/\\\/diariotextual.com\\\/inicio\\\/#\\\/schema\\\/person\\\/418fc4093c33e86ed41562db3508f958\"},\"headline\":\"Chile: condena a 9 exmilitares por el homicidio de V\u00edctor Jara\",\"datePublished\":\"2018-07-04T10:37:33+00:00\",\"mainEntityOfPage\":{\"@id\":\"https:\\\/\\\/diariotextual.com\\\/inicio\\\/index.php\\\/2018\\\/07\\\/04\\\/chile-condena-9-exmilitares-homicidio-victor-jara\\\/\"},\"wordCount\":278,\"publisher\":{\"@id\":\"https:\\\/\\\/diariotextual.com\\\/inicio\\\/#organization\"},\"image\":{\"@id\":\"https:\\\/\\\/diariotextual.com\\\/inicio\\\/index.php\\\/2018\\\/07\\\/04\\\/chile-condena-9-exmilitares-homicidio-victor-jara\\\/#primaryimage\"},\"thumbnailUrl\":\"https:\\\/\\\/diariotextual.com\\\/inicio\\\/wp-content\\\/uploads\\\/2018\\\/07\\\/jaravictor88.jpg\",\"articleSection\":[\"A - QUE PASA (al costado)\",\"MUNDO\"],\"inLanguage\":\"es\"},{\"@type\":\"WebPage\",\"@id\":\"https:\\\/\\\/diariotextual.com\\\/inicio\\\/index.php\\\/2018\\\/07\\\/04\\\/chile-condena-9-exmilitares-homicidio-victor-jara\\\/\",\"url\":\"https:\\\/\\\/diariotextual.com\\\/inicio\\\/index.php\\\/2018\\\/07\\\/04\\\/chile-condena-9-exmilitares-homicidio-victor-jara\\\/\",\"name\":\"Chile: condena a 9 exmilitares por el homicidio de V\u00edctor Jara - Diario Textual\",\"isPartOf\":{\"@id\":\"https:\\\/\\\/diariotextual.com\\\/inicio\\\/#website\"},\"primaryImageOfPage\":{\"@id\":\"https:\\\/\\\/diariotextual.com\\\/inicio\\\/index.php\\\/2018\\\/07\\\/04\\\/chile-condena-9-exmilitares-homicidio-victor-jara\\\/#primaryimage\"},\"image\":{\"@id\":\"https:\\\/\\\/diariotextual.com\\\/inicio\\\/index.php\\\/2018\\\/07\\\/04\\\/chile-condena-9-exmilitares-homicidio-victor-jara\\\/#primaryimage\"},\"thumbnailUrl\":\"https:\\\/\\\/diariotextual.com\\\/inicio\\\/wp-content\\\/uploads\\\/2018\\\/07\\\/jaravictor88.jpg\",\"datePublished\":\"2018-07-04T10:37:33+00:00\",\"breadcrumb\":{\"@id\":\"https:\\\/\\\/diariotextual.com\\\/inicio\\\/index.php\\\/2018\\\/07\\\/04\\\/chile-condena-9-exmilitares-homicidio-victor-jara\\\/#breadcrumb\"},\"inLanguage\":\"es\",\"potentialAction\":[{\"@type\":\"ReadAction\",\"target\":[\"https:\\\/\\\/diariotextual.com\\\/inicio\\\/index.php\\\/2018\\\/07\\\/04\\\/chile-condena-9-exmilitares-homicidio-victor-jara\\\/\"]}]},{\"@type\":\"ImageObject\",\"inLanguage\":\"es\",\"@id\":\"https:\\\/\\\/diariotextual.com\\\/inicio\\\/index.php\\\/2018\\\/07\\\/04\\\/chile-condena-9-exmilitares-homicidio-victor-jara\\\/#primaryimage\",\"url\":\"https:\\\/\\\/diariotextual.com\\\/inicio\\\/wp-content\\\/uploads\\\/2018\\\/07\\\/jaravictor88.jpg\",\"contentUrl\":\"https:\\\/\\\/diariotextual.com\\\/inicio\\\/wp-content\\\/uploads\\\/2018\\\/07\\\/jaravictor88.jpg\",\"width\":674,\"height\":400,\"caption\":\"Chilean singer Victor Jara is seen in this undated file picture. The life and times of Jara, who was killed in the first few days of the dictatorship of Gen Augusto Pinochet which started in September 1973, is set to be reborn. Warner Music is to redistribute his folk songs on a global basis from 2002 and British actress Emma Thompson is working on the script of a film which she hopes to direct about the son of a peasant farmer. Spanish actor-heartthrob Antonio Banderas has reportedly expressed interest in playing the role of Jara. TO GO WITH FEATURE BC-LIFE-CHILE-JARA REUTERS\\\/Victor Jara Foundation\"},{\"@type\":\"BreadcrumbList\",\"@id\":\"https:\\\/\\\/diariotextual.com\\\/inicio\\\/index.php\\\/2018\\\/07\\\/04\\\/chile-condena-9-exmilitares-homicidio-victor-jara\\\/#breadcrumb\",\"itemListElement\":[{\"@type\":\"ListItem\",\"position\":1,\"name\":\"Portada\",\"item\":\"https:\\\/\\\/diariotextual.com\\\/inicio\\\/\"},{\"@type\":\"ListItem\",\"position\":2,\"name\":\"Chile: condena a 9 exmilitares por el homicidio de V\u00edctor Jara\"}]},{\"@type\":\"WebSite\",\"@id\":\"https:\\\/\\\/diariotextual.com\\\/inicio\\\/#website\",\"url\":\"https:\\\/\\\/diariotextual.com\\\/inicio\\\/\",\"name\":\"Diario Textual\",\"description\":\"\",\"publisher\":{\"@id\":\"https:\\\/\\\/diariotextual.com\\\/inicio\\\/#organization\"},\"potentialAction\":[{\"@type\":\"SearchAction\",\"target\":{\"@type\":\"EntryPoint\",\"urlTemplate\":\"https:\\\/\\\/diariotextual.com\\\/inicio\\\/?s={search_term_string}\"},\"query-input\":{\"@type\":\"PropertyValueSpecification\",\"valueRequired\":true,\"valueName\":\"search_term_string\"}}],\"inLanguage\":\"es\"},{\"@type\":\"Organization\",\"@id\":\"https:\\\/\\\/diariotextual.com\\\/inicio\\\/#organization\",\"name\":\"Diario Textual\",\"url\":\"https:\\\/\\\/diariotextual.com\\\/inicio\\\/\",\"logo\":{\"@type\":\"ImageObject\",\"inLanguage\":\"es\",\"@id\":\"https:\\\/\\\/diariotextual.com\\\/inicio\\\/#\\\/schema\\\/logo\\\/image\\\/\",\"url\":\"https:\\\/\\\/diariotextual.com\\\/inicio\\\/wp-content\\\/uploads\\\/2023\\\/05\\\/logotextual1.jpg\",\"contentUrl\":\"https:\\\/\\\/diariotextual.com\\\/inicio\\\/wp-content\\\/uploads\\\/2023\\\/05\\\/logotextual1.jpg\",\"width\":516,\"height\":76,\"caption\":\"Diario Textual\"},\"image\":{\"@id\":\"https:\\\/\\\/diariotextual.com\\\/inicio\\\/#\\\/schema\\\/logo\\\/image\\\/\"},\"sameAs\":[\"https:\\\/\\\/www.facebook.com\\\/eltextual\",\"https:\\\/\\\/x.com\\\/eltextual\",\"http:\\\/\\\/www.instagram.com\\\/eltextual\"]},{\"@type\":\"Person\",\"@id\":\"https:\\\/\\\/diariotextual.com\\\/inicio\\\/#\\\/schema\\\/person\\\/418fc4093c33e86ed41562db3508f958\",\"name\":\"Diario1 Diario1\",\"image\":{\"@type\":\"ImageObject\",\"inLanguage\":\"es\",\"@id\":\"https:\\\/\\\/secure.gravatar.com\\\/avatar\\\/9167d280179c85bc18be67aa7eda765854300033af4896dd779b608640f2ef7a?s=96&d=mm&r=g\",\"url\":\"https:\\\/\\\/secure.gravatar.com\\\/avatar\\\/9167d280179c85bc18be67aa7eda765854300033af4896dd779b608640f2ef7a?s=96&d=mm&r=g\",\"contentUrl\":\"https:\\\/\\\/secure.gravatar.com\\\/avatar\\\/9167d280179c85bc18be67aa7eda765854300033af4896dd779b608640f2ef7a?s=96&d=mm&r=g\",\"caption\":\"Diario1 Diario1\"},\"url\":\"https:\\\/\\\/diariotextual.com\\\/inicio\\\/index.php\\\/author\\\/diario1\\\/\"}]}<\/script>\n<!-- \/ Yoast SEO plugin. -->","yoast_head_json":{"title":"Chile: condena a 9 exmilitares por el homicidio de V\u00edctor Jara - Diario Textual","robots":{"index":"index","follow":"follow","max-snippet":"max-snippet:-1","max-image-preview":"max-image-preview:large","max-video-preview":"max-video-preview:-1"},"canonical":"https:\/\/diariotextual.com\/inicio\/index.php\/2018\/07\/04\/chile-condena-9-exmilitares-homicidio-victor-jara\/","og_locale":"es_ES","og_type":"article","og_title":"Chile: condena a 9 exmilitares por el homicidio de V\u00edctor Jara - Diario Textual","og_description":"El ministro en visita para causas de derechos humanos de Chile, Miguel V\u00e1zquez Plaza, conden\u00f3 este martes a nueve militares retirados por su responsabilidad en el homicidio del cantautor revolucionario&hellip;","og_url":"https:\/\/diariotextual.com\/inicio\/index.php\/2018\/07\/04\/chile-condena-9-exmilitares-homicidio-victor-jara\/","og_site_name":"Diario Textual","article_publisher":"https:\/\/www.facebook.com\/eltextual","article_published_time":"2018-07-04T10:37:33+00:00","og_image":[{"width":674,"height":400,"url":"https:\/\/diariotextual.com\/inicio\/wp-content\/uploads\/2018\/07\/jaravictor88.jpg","type":"image\/jpeg"}],"author":"Diario1 Diario1","twitter_card":"summary_large_image","twitter_creator":"@eltextual","twitter_site":"@eltextual","twitter_misc":{"Escrito por":"Diario1 Diario1","Tiempo de lectura":"1 minuto"},"schema":{"@context":"https:\/\/schema.org","@graph":[{"@type":"Article","@id":"https:\/\/diariotextual.com\/inicio\/index.php\/2018\/07\/04\/chile-condena-9-exmilitares-homicidio-victor-jara\/#article","isPartOf":{"@id":"https:\/\/diariotextual.com\/inicio\/index.php\/2018\/07\/04\/chile-condena-9-exmilitares-homicidio-victor-jara\/"},"author":{"name":"Diario1 Diario1","@id":"https:\/\/diariotextual.com\/inicio\/#\/schema\/person\/418fc4093c33e86ed41562db3508f958"},"headline":"Chile: condena a 9 exmilitares por el homicidio de V\u00edctor Jara","datePublished":"2018-07-04T10:37:33+00:00","mainEntityOfPage":{"@id":"https:\/\/diariotextual.com\/inicio\/index.php\/2018\/07\/04\/chile-condena-9-exmilitares-homicidio-victor-jara\/"},"wordCount":278,"publisher":{"@id":"https:\/\/diariotextual.com\/inicio\/#organization"},"image":{"@id":"https:\/\/diariotextual.com\/inicio\/index.php\/2018\/07\/04\/chile-condena-9-exmilitares-homicidio-victor-jara\/#primaryimage"},"thumbnailUrl":"https:\/\/diariotextual.com\/inicio\/wp-content\/uploads\/2018\/07\/jaravictor88.jpg","articleSection":["A - QUE PASA (al costado)","MUNDO"],"inLanguage":"es"},{"@type":"WebPage","@id":"https:\/\/diariotextual.com\/inicio\/index.php\/2018\/07\/04\/chile-condena-9-exmilitares-homicidio-victor-jara\/","url":"https:\/\/diariotextual.com\/inicio\/index.php\/2018\/07\/04\/chile-condena-9-exmilitares-homicidio-victor-jara\/","name":"Chile: condena a 9 exmilitares por el homicidio de V\u00edctor Jara - Diario Textual","isPartOf":{"@id":"https:\/\/diariotextual.com\/inicio\/#website"},"primaryImageOfPage":{"@id":"https:\/\/diariotextual.com\/inicio\/index.php\/2018\/07\/04\/chile-condena-9-exmilitares-homicidio-victor-jara\/#primaryimage"},"image":{"@id":"https:\/\/diariotextual.com\/inicio\/index.php\/2018\/07\/04\/chile-condena-9-exmilitares-homicidio-victor-jara\/#primaryimage"},"thumbnailUrl":"https:\/\/diariotextual.com\/inicio\/wp-content\/uploads\/2018\/07\/jaravictor88.jpg","datePublished":"2018-07-04T10:37:33+00:00","breadcrumb":{"@id":"https:\/\/diariotextual.com\/inicio\/index.php\/2018\/07\/04\/chile-condena-9-exmilitares-homicidio-victor-jara\/#breadcrumb"},"inLanguage":"es","potentialAction":[{"@type":"ReadAction","target":["https:\/\/diariotextual.com\/inicio\/index.php\/2018\/07\/04\/chile-condena-9-exmilitares-homicidio-victor-jara\/"]}]},{"@type":"ImageObject","inLanguage":"es","@id":"https:\/\/diariotextual.com\/inicio\/index.php\/2018\/07\/04\/chile-condena-9-exmilitares-homicidio-victor-jara\/#primaryimage","url":"https:\/\/diariotextual.com\/inicio\/wp-content\/uploads\/2018\/07\/jaravictor88.jpg","contentUrl":"https:\/\/diariotextual.com\/inicio\/wp-content\/uploads\/2018\/07\/jaravictor88.jpg","width":674,"height":400,"caption":"Chilean singer Victor Jara is seen in this undated file picture. The life and times of Jara, who was killed in the first few days of the dictatorship of Gen Augusto Pinochet which started in September 1973, is set to be reborn. Warner Music is to redistribute his folk songs on a global basis from 2002 and British actress Emma Thompson is working on the script of a film which she hopes to direct about the son of a peasant farmer. Spanish actor-heartthrob Antonio Banderas has reportedly expressed interest in playing the role of Jara. TO GO WITH FEATURE BC-LIFE-CHILE-JARA REUTERS\/Victor Jara Foundation"},{"@type":"BreadcrumbList","@id":"https:\/\/diariotextual.com\/inicio\/index.php\/2018\/07\/04\/chile-condena-9-exmilitares-homicidio-victor-jara\/#breadcrumb","itemListElement":[{"@type":"ListItem","position":1,"name":"Portada","item":"https:\/\/diariotextual.com\/inicio\/"},{"@type":"ListItem","position":2,"name":"Chile: condena a 9 exmilitares por el homicidio de V\u00edctor Jara"}]},{"@type":"WebSite","@id":"https:\/\/diariotextual.com\/inicio\/#website","url":"https:\/\/diariotextual.com\/inicio\/","name":"Diario Textual","description":"","publisher":{"@id":"https:\/\/diariotextual.com\/inicio\/#organization"},"potentialAction":[{"@type":"SearchAction","target":{"@type":"EntryPoint","urlTemplate":"https:\/\/diariotextual.com\/inicio\/?s={search_term_string}"},"query-input":{"@type":"PropertyValueSpecification","valueRequired":true,"valueName":"search_term_string"}}],"inLanguage":"es"},{"@type":"Organization","@id":"https:\/\/diariotextual.com\/inicio\/#organization","name":"Diario Textual","url":"https:\/\/diariotextual.com\/inicio\/","logo":{"@type":"ImageObject","inLanguage":"es","@id":"https:\/\/diariotextual.com\/inicio\/#\/schema\/logo\/image\/","url":"https:\/\/diariotextual.com\/inicio\/wp-content\/uploads\/2023\/05\/logotextual1.jpg","contentUrl":"https:\/\/diariotextual.com\/inicio\/wp-content\/uploads\/2023\/05\/logotextual1.jpg","width":516,"height":76,"caption":"Diario Textual"},"image":{"@id":"https:\/\/diariotextual.com\/inicio\/#\/schema\/logo\/image\/"},"sameAs":["https:\/\/www.facebook.com\/eltextual","https:\/\/x.com\/eltextual","http:\/\/www.instagram.com\/eltextual"]},{"@type":"Person","@id":"https:\/\/diariotextual.com\/inicio\/#\/schema\/person\/418fc4093c33e86ed41562db3508f958","name":"Diario1 Diario1","image":{"@type":"ImageObject","inLanguage":"es","@id":"https:\/\/secure.gravatar.com\/avatar\/9167d280179c85bc18be67aa7eda765854300033af4896dd779b608640f2ef7a?s=96&d=mm&r=g","url":"https:\/\/secure.gravatar.com\/avatar\/9167d280179c85bc18be67aa7eda765854300033af4896dd779b608640f2ef7a?s=96&d=mm&r=g","contentUrl":"https:\/\/secure.gravatar.com\/avatar\/9167d280179c85bc18be67aa7eda765854300033af4896dd779b608640f2ef7a?s=96&d=mm&r=g","caption":"Diario1 Diario1"},"url":"https:\/\/diariotextual.com\/inicio\/index.php\/author\/diario1\/"}]}},"_links":{"self":[{"href":"https:\/\/diariotextual.com\/inicio\/index.php\/wp-json\/wp\/v2\/posts\/12607","targetHints":{"allow":["GET"]}}],"collection":[{"href":"https:\/\/diariotextual.com\/inicio\/index.php\/wp-json\/wp\/v2\/posts"}],"about":[{"href":"https:\/\/diariotextual.com\/inicio\/index.php\/wp-json\/wp\/v2\/types\/post"}],"author":[{"embeddable":true,"href":"https:\/\/diariotextual.com\/inicio\/index.php\/wp-json\/wp\/v2\/users\/3"}],"replies":[{"embeddable":true,"href":"https:\/\/diariotextual.com\/inicio\/index.php\/wp-json\/wp\/v2\/comments?post=12607"}],"version-history":[{"count":1,"href":"https:\/\/diariotextual.com\/inicio\/index.php\/wp-json\/wp\/v2\/posts\/12607\/revisions"}],"predecessor-version":[{"id":12609,"href":"https:\/\/diariotextual.com\/inicio\/index.php\/wp-json\/wp\/v2\/posts\/12607\/revisions\/12609"}],"wp:featuredmedia":[{"embeddable":true,"href":"https:\/\/diariotextual.com\/inicio\/index.php\/wp-json\/wp\/v2\/media\/12608"}],"wp:attachment":[{"href":"https:\/\/diariotextual.com\/inicio\/index.php\/wp-json\/wp\/v2\/media?parent=12607"}],"wp:term":[{"taxonomy":"category","embeddable":true,"href":"https:\/\/diariotextual.com\/inicio\/index.php\/wp-json\/wp\/v2\/categories?post=12607"},{"taxonomy":"post_tag","embeddable":true,"href":"https:\/\/diariotextual.com\/inicio\/index.php\/wp-json\/wp\/v2\/tags?post=12607"}],"curies":[{"name":"wp","href":"https:\/\/api.w.org\/{rel}","templated":true}]}}