{"id":12752,"date":"2018-07-05T11:57:04","date_gmt":"2018-07-05T14:57:04","guid":{"rendered":"http:\/\/diariotextual.com\/inicio\/?p=12752"},"modified":"2018-07-05T19:35:24","modified_gmt":"2018-07-05T22:35:24","slug":"los-socios-cambiemos-la-pampa-piden-reincorporar-dos-despedidos-telam","status":"publish","type":"post","link":"https:\/\/diariotextual.com\/inicio\/index.php\/2018\/07\/05\/los-socios-cambiemos-la-pampa-piden-reincorporar-dos-despedidos-telam\/","title":{"rendered":"Los socios de Cambiemos en La Pampa piden reincorporar a dos despedidos de T\u00e9lam"},"content":{"rendered":"<p>Fueron echados por Cambiemos. Pero hasta los socios del macrismo en La Pampa no est\u00e1n de acuerdo: los diputados provinciales del bloque del<strong> Frepam\u00a0<\/strong>pidieron a trav\u00e9s de un proyecto de resoluci\u00f3n que sean <strong>\u00abinmediatamente reincorporados\u00bb<\/strong> los dos trabajadores de la corresponsal\u00eda de<strong> T\u00e9lam<\/strong> en La Pampa. Dijeron que <strong>Juli\u00e1n Varela y Mariano Rodr\u00edguez \u201chan demostrado imparcialidad, profesionalismo y compromiso en su labor\u201d<\/strong> como periodistas y manifestaron que <strong>sus despidos fueron injustos<\/strong>.<\/p>\n<p>&nbsp;<\/p>\n<p><img fetchpriority=\"high\" decoding=\"async\" class=\"alignnone size-full wp-image-11753\" src=\"http:\/\/diariotextual.com\/inicio\/wp-content\/uploads\/2018\/06\/telamdespidoslongobardi21.jpg\" alt=\"\" width=\"883\" height=\"497\" srcset=\"https:\/\/diariotextual.com\/inicio\/wp-content\/uploads\/2018\/06\/telamdespidoslongobardi21.jpg 883w, https:\/\/diariotextual.com\/inicio\/wp-content\/uploads\/2018\/06\/telamdespidoslongobardi21-300x169.jpg 300w, https:\/\/diariotextual.com\/inicio\/wp-content\/uploads\/2018\/06\/telamdespidoslongobardi21-768x432.jpg 768w, https:\/\/diariotextual.com\/inicio\/wp-content\/uploads\/2018\/06\/telamdespidoslongobardi21-585x329.jpg 585w\" sizes=\"(max-width: 883px) 100vw, 883px\" \/><\/p>\n<p>\u201cLamentablemente una nueva ola de despidos ha llegado a nuestra provincia afectando en este caso a dos trabajadores de la agencia de noticias Telam\u201d, expresaron los legisladores. \u201cDesde esta agencia fueron despedidos m\u00e1s de 350 trabajadores en todo el pa\u00eds, debido a una anunciada reestructuraci\u00f3n que alcanz\u00f3 a periodistas, fot\u00f3grafos, administrativos, etc\u00e9tera\u201d, recordaron.<\/p>\n<p>\u201cEn el contexto econ\u00f3mico actual no podemos desconocer lo traum\u00e1tico de es quedar sin empleo, m\u00e1s a\u00fan trat\u00e1ndose de una situaci\u00f3n inesperada. En el caso particular de los despidos de los trabajadores de la agencia Telam en nuestra provincia, se trata de dos personas que conocemos por nuestra labor en esta c\u00e1mara de Diputados y que siempre han desempe\u00f1ado su rol con suma imparcialidad, compromiso y profesionalismo\u201d, resaltaron en el proyecto.<\/p>\n<p>\u201cConsideramos injusto sus despidos as\u00ed como toda decisi\u00f3n masiva que no entre a considerar las particularidades de cada caso, que muchas veces decantan en la posterior revisi\u00f3n y correcci\u00f3n de esas decisiones\u201d, dijeron.<\/p>\n<p>Los legisladores del radicalismo y el socialismo recordaron que, seg\u00fan la Organizaci\u00f3n de la Naciones Unidas (ONU), la libertad de expresi\u00f3n es un derecho humano y se encuentra recogido en el art\u00edculo 19 de la Declaraci\u00f3n Universal de los Derechos Humanos.<\/p>\n<p>\u201cLa libertad de expresi\u00f3n es el derecho fundamental que tienen las personas a decir, manifestar y difundir de manera libre lo que piensan sin por ello ser hostigadas. Como tal, es una libertad civil y pol\u00edtica, relativa al \u00e1mbito de la vida p\u00fablica y social, que caracteriza a los sistemas democr\u00e1ticos y es imprescindible para el respeto de los dem\u00e1s derechos\u201d, expresaron.<\/p>\n","protected":false},"excerpt":{"rendered":"<p>Fueron echados por Cambiemos. Pero hasta los socios del macrismo en La Pampa no est\u00e1n de acuerdo: los diputados provinciales del bloque del Frepam\u00a0pidieron a trav\u00e9s de un proyecto de&hellip;<\/p>\n","protected":false},"author":3,"featured_media":12639,"comment_status":"closed","ping_status":"open","sticky":false,"template":"","format":"standard","meta":{"_acf_changed":false,"footnotes":""},"categories":[4,12],"tags":[25,516],"class_list":["post-12752","post","type-post","status-publish","format-standard","has-post-thumbnail","hentry","category-destacadas","category-sociedad","tag-pampa","tag-telam-despidos"],"acf":[],"yoast_head":"<!-- This site is optimized with the Yoast SEO plugin v27.5 - https:\/\/yoast.com\/product\/yoast-seo-wordpress\/ -->\n<title>Los socios de Cambiemos en La Pampa piden reincorporar a dos despedidos de T\u00e9lam - Diario Textual<\/title>\n<meta name=\"robots\" content=\"index, follow, max-snippet:-1, max-image-preview:large, max-video-preview:-1\" \/>\n<link rel=\"canonical\" href=\"https:\/\/diariotextual.com\/inicio\/index.php\/2018\/07\/05\/los-socios-cambiemos-la-pampa-piden-reincorporar-dos-despedidos-telam\/\" \/>\n<meta property=\"og:locale\" content=\"es_ES\" \/>\n<meta property=\"og:type\" content=\"article\" \/>\n<meta property=\"og:title\" content=\"Los socios de Cambiemos en La Pampa piden reincorporar a dos despedidos de T\u00e9lam - Diario Textual\" \/>\n<meta property=\"og:description\" content=\"Fueron echados por Cambiemos. Pero hasta los socios del macrismo en La Pampa no est\u00e1n de acuerdo: los diputados provinciales del bloque del Frepam\u00a0pidieron a trav\u00e9s de un proyecto de&hellip;\" \/>\n<meta property=\"og:url\" content=\"https:\/\/diariotextual.com\/inicio\/index.php\/2018\/07\/05\/los-socios-cambiemos-la-pampa-piden-reincorporar-dos-despedidos-telam\/\" \/>\n<meta property=\"og:site_name\" content=\"Diario Textual\" \/>\n<meta property=\"article:publisher\" content=\"https:\/\/www.facebook.com\/eltextual\" \/>\n<meta property=\"article:published_time\" content=\"2018-07-05T14:57:04+00:00\" \/>\n<meta property=\"article:modified_time\" content=\"2018-07-05T22:35:24+00:00\" \/>\n<meta property=\"og:image\" content=\"https:\/\/diariotextual.com\/inicio\/wp-content\/uploads\/2018\/07\/telamdespidosfotojulianvarela1.jpg\" \/>\n\t<meta property=\"og:image:width\" content=\"2048\" \/>\n\t<meta property=\"og:image:height\" content=\"1345\" \/>\n\t<meta property=\"og:image:type\" content=\"image\/jpeg\" \/>\n<meta name=\"author\" content=\"Diario1 Diario1\" \/>\n<meta name=\"twitter:card\" content=\"summary_large_image\" \/>\n<meta name=\"twitter:creator\" content=\"@eltextual\" \/>\n<meta name=\"twitter:site\" content=\"@eltextual\" \/>\n<meta name=\"twitter:label1\" content=\"Escrito por\" \/>\n\t<meta name=\"twitter:data1\" content=\"Diario1 Diario1\" \/>\n\t<meta name=\"twitter:label2\" content=\"Tiempo de lectura\" \/>\n\t<meta name=\"twitter:data2\" content=\"2 minutos\" \/>\n<script type=\"application\/ld+json\" class=\"yoast-schema-graph\">{\"@context\":\"https:\\\/\\\/schema.org\",\"@graph\":[{\"@type\":\"Article\",\"@id\":\"https:\\\/\\\/diariotextual.com\\\/inicio\\\/index.php\\\/2018\\\/07\\\/05\\\/los-socios-cambiemos-la-pampa-piden-reincorporar-dos-despedidos-telam\\\/#article\",\"isPartOf\":{\"@id\":\"https:\\\/\\\/diariotextual.com\\\/inicio\\\/index.php\\\/2018\\\/07\\\/05\\\/los-socios-cambiemos-la-pampa-piden-reincorporar-dos-despedidos-telam\\\/\"},\"author\":{\"name\":\"Diario1 Diario1\",\"@id\":\"https:\\\/\\\/diariotextual.com\\\/inicio\\\/#\\\/schema\\\/person\\\/418fc4093c33e86ed41562db3508f958\"},\"headline\":\"Los socios de Cambiemos en La Pampa piden reincorporar a dos despedidos de T\u00e9lam\",\"datePublished\":\"2018-07-05T14:57:04+00:00\",\"dateModified\":\"2018-07-05T22:35:24+00:00\",\"mainEntityOfPage\":{\"@id\":\"https:\\\/\\\/diariotextual.com\\\/inicio\\\/index.php\\\/2018\\\/07\\\/05\\\/los-socios-cambiemos-la-pampa-piden-reincorporar-dos-despedidos-telam\\\/\"},\"wordCount\":379,\"publisher\":{\"@id\":\"https:\\\/\\\/diariotextual.com\\\/inicio\\\/#organization\"},\"image\":{\"@id\":\"https:\\\/\\\/diariotextual.com\\\/inicio\\\/index.php\\\/2018\\\/07\\\/05\\\/los-socios-cambiemos-la-pampa-piden-reincorporar-dos-despedidos-telam\\\/#primaryimage\"},\"thumbnailUrl\":\"https:\\\/\\\/diariotextual.com\\\/inicio\\\/wp-content\\\/uploads\\\/2018\\\/07\\\/telamdespidosfotojulianvarela1.jpg\",\"keywords\":[\"pampa\",\"telam despidos\"],\"articleSection\":[\"A - DESTACADAS (mod 16)\",\"SOCIEDAD\"],\"inLanguage\":\"es\"},{\"@type\":\"WebPage\",\"@id\":\"https:\\\/\\\/diariotextual.com\\\/inicio\\\/index.php\\\/2018\\\/07\\\/05\\\/los-socios-cambiemos-la-pampa-piden-reincorporar-dos-despedidos-telam\\\/\",\"url\":\"https:\\\/\\\/diariotextual.com\\\/inicio\\\/index.php\\\/2018\\\/07\\\/05\\\/los-socios-cambiemos-la-pampa-piden-reincorporar-dos-despedidos-telam\\\/\",\"name\":\"Los socios de Cambiemos en La Pampa piden reincorporar a dos despedidos de T\u00e9lam - Diario Textual\",\"isPartOf\":{\"@id\":\"https:\\\/\\\/diariotextual.com\\\/inicio\\\/#website\"},\"primaryImageOfPage\":{\"@id\":\"https:\\\/\\\/diariotextual.com\\\/inicio\\\/index.php\\\/2018\\\/07\\\/05\\\/los-socios-cambiemos-la-pampa-piden-reincorporar-dos-despedidos-telam\\\/#primaryimage\"},\"image\":{\"@id\":\"https:\\\/\\\/diariotextual.com\\\/inicio\\\/index.php\\\/2018\\\/07\\\/05\\\/los-socios-cambiemos-la-pampa-piden-reincorporar-dos-despedidos-telam\\\/#primaryimage\"},\"thumbnailUrl\":\"https:\\\/\\\/diariotextual.com\\\/inicio\\\/wp-content\\\/uploads\\\/2018\\\/07\\\/telamdespidosfotojulianvarela1.jpg\",\"datePublished\":\"2018-07-05T14:57:04+00:00\",\"dateModified\":\"2018-07-05T22:35:24+00:00\",\"breadcrumb\":{\"@id\":\"https:\\\/\\\/diariotextual.com\\\/inicio\\\/index.php\\\/2018\\\/07\\\/05\\\/los-socios-cambiemos-la-pampa-piden-reincorporar-dos-despedidos-telam\\\/#breadcrumb\"},\"inLanguage\":\"es\",\"potentialAction\":[{\"@type\":\"ReadAction\",\"target\":[\"https:\\\/\\\/diariotextual.com\\\/inicio\\\/index.php\\\/2018\\\/07\\\/05\\\/los-socios-cambiemos-la-pampa-piden-reincorporar-dos-despedidos-telam\\\/\"]}]},{\"@type\":\"ImageObject\",\"inLanguage\":\"es\",\"@id\":\"https:\\\/\\\/diariotextual.com\\\/inicio\\\/index.php\\\/2018\\\/07\\\/05\\\/los-socios-cambiemos-la-pampa-piden-reincorporar-dos-despedidos-telam\\\/#primaryimage\",\"url\":\"https:\\\/\\\/diariotextual.com\\\/inicio\\\/wp-content\\\/uploads\\\/2018\\\/07\\\/telamdespidosfotojulianvarela1.jpg\",\"contentUrl\":\"https:\\\/\\\/diariotextual.com\\\/inicio\\\/wp-content\\\/uploads\\\/2018\\\/07\\\/telamdespidosfotojulianvarela1.jpg\",\"width\":2048,\"height\":1345},{\"@type\":\"BreadcrumbList\",\"@id\":\"https:\\\/\\\/diariotextual.com\\\/inicio\\\/index.php\\\/2018\\\/07\\\/05\\\/los-socios-cambiemos-la-pampa-piden-reincorporar-dos-despedidos-telam\\\/#breadcrumb\",\"itemListElement\":[{\"@type\":\"ListItem\",\"position\":1,\"name\":\"Portada\",\"item\":\"https:\\\/\\\/diariotextual.com\\\/inicio\\\/\"},{\"@type\":\"ListItem\",\"position\":2,\"name\":\"Los socios de Cambiemos en La Pampa piden reincorporar a dos despedidos de T\u00e9lam\"}]},{\"@type\":\"WebSite\",\"@id\":\"https:\\\/\\\/diariotextual.com\\\/inicio\\\/#website\",\"url\":\"https:\\\/\\\/diariotextual.com\\\/inicio\\\/\",\"name\":\"Diario Textual\",\"description\":\"\",\"publisher\":{\"@id\":\"https:\\\/\\\/diariotextual.com\\\/inicio\\\/#organization\"},\"potentialAction\":[{\"@type\":\"SearchAction\",\"target\":{\"@type\":\"EntryPoint\",\"urlTemplate\":\"https:\\\/\\\/diariotextual.com\\\/inicio\\\/?s={search_term_string}\"},\"query-input\":{\"@type\":\"PropertyValueSpecification\",\"valueRequired\":true,\"valueName\":\"search_term_string\"}}],\"inLanguage\":\"es\"},{\"@type\":\"Organization\",\"@id\":\"https:\\\/\\\/diariotextual.com\\\/inicio\\\/#organization\",\"name\":\"Diario Textual\",\"url\":\"https:\\\/\\\/diariotextual.com\\\/inicio\\\/\",\"logo\":{\"@type\":\"ImageObject\",\"inLanguage\":\"es\",\"@id\":\"https:\\\/\\\/diariotextual.com\\\/inicio\\\/#\\\/schema\\\/logo\\\/image\\\/\",\"url\":\"https:\\\/\\\/diariotextual.com\\\/inicio\\\/wp-content\\\/uploads\\\/2023\\\/05\\\/logotextual1.jpg\",\"contentUrl\":\"https:\\\/\\\/diariotextual.com\\\/inicio\\\/wp-content\\\/uploads\\\/2023\\\/05\\\/logotextual1.jpg\",\"width\":516,\"height\":76,\"caption\":\"Diario Textual\"},\"image\":{\"@id\":\"https:\\\/\\\/diariotextual.com\\\/inicio\\\/#\\\/schema\\\/logo\\\/image\\\/\"},\"sameAs\":[\"https:\\\/\\\/www.facebook.com\\\/eltextual\",\"https:\\\/\\\/x.com\\\/eltextual\",\"http:\\\/\\\/www.instagram.com\\\/eltextual\"]},{\"@type\":\"Person\",\"@id\":\"https:\\\/\\\/diariotextual.com\\\/inicio\\\/#\\\/schema\\\/person\\\/418fc4093c33e86ed41562db3508f958\",\"name\":\"Diario1 Diario1\",\"image\":{\"@type\":\"ImageObject\",\"inLanguage\":\"es\",\"@id\":\"https:\\\/\\\/secure.gravatar.com\\\/avatar\\\/9167d280179c85bc18be67aa7eda765854300033af4896dd779b608640f2ef7a?s=96&d=mm&r=g\",\"url\":\"https:\\\/\\\/secure.gravatar.com\\\/avatar\\\/9167d280179c85bc18be67aa7eda765854300033af4896dd779b608640f2ef7a?s=96&d=mm&r=g\",\"contentUrl\":\"https:\\\/\\\/secure.gravatar.com\\\/avatar\\\/9167d280179c85bc18be67aa7eda765854300033af4896dd779b608640f2ef7a?s=96&d=mm&r=g\",\"caption\":\"Diario1 Diario1\"},\"url\":\"https:\\\/\\\/diariotextual.com\\\/inicio\\\/index.php\\\/author\\\/diario1\\\/\"}]}<\/script>\n<!-- \/ Yoast SEO plugin. -->","yoast_head_json":{"title":"Los socios de Cambiemos en La Pampa piden reincorporar a dos despedidos de T\u00e9lam - Diario Textual","robots":{"index":"index","follow":"follow","max-snippet":"max-snippet:-1","max-image-preview":"max-image-preview:large","max-video-preview":"max-video-preview:-1"},"canonical":"https:\/\/diariotextual.com\/inicio\/index.php\/2018\/07\/05\/los-socios-cambiemos-la-pampa-piden-reincorporar-dos-despedidos-telam\/","og_locale":"es_ES","og_type":"article","og_title":"Los socios de Cambiemos en La Pampa piden reincorporar a dos despedidos de T\u00e9lam - Diario Textual","og_description":"Fueron echados por Cambiemos. Pero hasta los socios del macrismo en La Pampa no est\u00e1n de acuerdo: los diputados provinciales del bloque del Frepam\u00a0pidieron a trav\u00e9s de un proyecto de&hellip;","og_url":"https:\/\/diariotextual.com\/inicio\/index.php\/2018\/07\/05\/los-socios-cambiemos-la-pampa-piden-reincorporar-dos-despedidos-telam\/","og_site_name":"Diario Textual","article_publisher":"https:\/\/www.facebook.com\/eltextual","article_published_time":"2018-07-05T14:57:04+00:00","article_modified_time":"2018-07-05T22:35:24+00:00","og_image":[{"width":2048,"height":1345,"url":"https:\/\/diariotextual.com\/inicio\/wp-content\/uploads\/2018\/07\/telamdespidosfotojulianvarela1.jpg","type":"image\/jpeg"}],"author":"Diario1 Diario1","twitter_card":"summary_large_image","twitter_creator":"@eltextual","twitter_site":"@eltextual","twitter_misc":{"Escrito por":"Diario1 Diario1","Tiempo de lectura":"2 minutos"},"schema":{"@context":"https:\/\/schema.org","@graph":[{"@type":"Article","@id":"https:\/\/diariotextual.com\/inicio\/index.php\/2018\/07\/05\/los-socios-cambiemos-la-pampa-piden-reincorporar-dos-despedidos-telam\/#article","isPartOf":{"@id":"https:\/\/diariotextual.com\/inicio\/index.php\/2018\/07\/05\/los-socios-cambiemos-la-pampa-piden-reincorporar-dos-despedidos-telam\/"},"author":{"name":"Diario1 Diario1","@id":"https:\/\/diariotextual.com\/inicio\/#\/schema\/person\/418fc4093c33e86ed41562db3508f958"},"headline":"Los socios de Cambiemos en La Pampa piden reincorporar a dos despedidos de T\u00e9lam","datePublished":"2018-07-05T14:57:04+00:00","dateModified":"2018-07-05T22:35:24+00:00","mainEntityOfPage":{"@id":"https:\/\/diariotextual.com\/inicio\/index.php\/2018\/07\/05\/los-socios-cambiemos-la-pampa-piden-reincorporar-dos-despedidos-telam\/"},"wordCount":379,"publisher":{"@id":"https:\/\/diariotextual.com\/inicio\/#organization"},"image":{"@id":"https:\/\/diariotextual.com\/inicio\/index.php\/2018\/07\/05\/los-socios-cambiemos-la-pampa-piden-reincorporar-dos-despedidos-telam\/#primaryimage"},"thumbnailUrl":"https:\/\/diariotextual.com\/inicio\/wp-content\/uploads\/2018\/07\/telamdespidosfotojulianvarela1.jpg","keywords":["pampa","telam despidos"],"articleSection":["A - DESTACADAS (mod 16)","SOCIEDAD"],"inLanguage":"es"},{"@type":"WebPage","@id":"https:\/\/diariotextual.com\/inicio\/index.php\/2018\/07\/05\/los-socios-cambiemos-la-pampa-piden-reincorporar-dos-despedidos-telam\/","url":"https:\/\/diariotextual.com\/inicio\/index.php\/2018\/07\/05\/los-socios-cambiemos-la-pampa-piden-reincorporar-dos-despedidos-telam\/","name":"Los socios de Cambiemos en La Pampa piden reincorporar a dos despedidos de T\u00e9lam - Diario Textual","isPartOf":{"@id":"https:\/\/diariotextual.com\/inicio\/#website"},"primaryImageOfPage":{"@id":"https:\/\/diariotextual.com\/inicio\/index.php\/2018\/07\/05\/los-socios-cambiemos-la-pampa-piden-reincorporar-dos-despedidos-telam\/#primaryimage"},"image":{"@id":"https:\/\/diariotextual.com\/inicio\/index.php\/2018\/07\/05\/los-socios-cambiemos-la-pampa-piden-reincorporar-dos-despedidos-telam\/#primaryimage"},"thumbnailUrl":"https:\/\/diariotextual.com\/inicio\/wp-content\/uploads\/2018\/07\/telamdespidosfotojulianvarela1.jpg","datePublished":"2018-07-05T14:57:04+00:00","dateModified":"2018-07-05T22:35:24+00:00","breadcrumb":{"@id":"https:\/\/diariotextual.com\/inicio\/index.php\/2018\/07\/05\/los-socios-cambiemos-la-pampa-piden-reincorporar-dos-despedidos-telam\/#breadcrumb"},"inLanguage":"es","potentialAction":[{"@type":"ReadAction","target":["https:\/\/diariotextual.com\/inicio\/index.php\/2018\/07\/05\/los-socios-cambiemos-la-pampa-piden-reincorporar-dos-despedidos-telam\/"]}]},{"@type":"ImageObject","inLanguage":"es","@id":"https:\/\/diariotextual.com\/inicio\/index.php\/2018\/07\/05\/los-socios-cambiemos-la-pampa-piden-reincorporar-dos-despedidos-telam\/#primaryimage","url":"https:\/\/diariotextual.com\/inicio\/wp-content\/uploads\/2018\/07\/telamdespidosfotojulianvarela1.jpg","contentUrl":"https:\/\/diariotextual.com\/inicio\/wp-content\/uploads\/2018\/07\/telamdespidosfotojulianvarela1.jpg","width":2048,"height":1345},{"@type":"BreadcrumbList","@id":"https:\/\/diariotextual.com\/inicio\/index.php\/2018\/07\/05\/los-socios-cambiemos-la-pampa-piden-reincorporar-dos-despedidos-telam\/#breadcrumb","itemListElement":[{"@type":"ListItem","position":1,"name":"Portada","item":"https:\/\/diariotextual.com\/inicio\/"},{"@type":"ListItem","position":2,"name":"Los socios de Cambiemos en La Pampa piden reincorporar a dos despedidos de T\u00e9lam"}]},{"@type":"WebSite","@id":"https:\/\/diariotextual.com\/inicio\/#website","url":"https:\/\/diariotextual.com\/inicio\/","name":"Diario Textual","description":"","publisher":{"@id":"https:\/\/diariotextual.com\/inicio\/#organization"},"potentialAction":[{"@type":"SearchAction","target":{"@type":"EntryPoint","urlTemplate":"https:\/\/diariotextual.com\/inicio\/?s={search_term_string}"},"query-input":{"@type":"PropertyValueSpecification","valueRequired":true,"valueName":"search_term_string"}}],"inLanguage":"es"},{"@type":"Organization","@id":"https:\/\/diariotextual.com\/inicio\/#organization","name":"Diario Textual","url":"https:\/\/diariotextual.com\/inicio\/","logo":{"@type":"ImageObject","inLanguage":"es","@id":"https:\/\/diariotextual.com\/inicio\/#\/schema\/logo\/image\/","url":"https:\/\/diariotextual.com\/inicio\/wp-content\/uploads\/2023\/05\/logotextual1.jpg","contentUrl":"https:\/\/diariotextual.com\/inicio\/wp-content\/uploads\/2023\/05\/logotextual1.jpg","width":516,"height":76,"caption":"Diario Textual"},"image":{"@id":"https:\/\/diariotextual.com\/inicio\/#\/schema\/logo\/image\/"},"sameAs":["https:\/\/www.facebook.com\/eltextual","https:\/\/x.com\/eltextual","http:\/\/www.instagram.com\/eltextual"]},{"@type":"Person","@id":"https:\/\/diariotextual.com\/inicio\/#\/schema\/person\/418fc4093c33e86ed41562db3508f958","name":"Diario1 Diario1","image":{"@type":"ImageObject","inLanguage":"es","@id":"https:\/\/secure.gravatar.com\/avatar\/9167d280179c85bc18be67aa7eda765854300033af4896dd779b608640f2ef7a?s=96&d=mm&r=g","url":"https:\/\/secure.gravatar.com\/avatar\/9167d280179c85bc18be67aa7eda765854300033af4896dd779b608640f2ef7a?s=96&d=mm&r=g","contentUrl":"https:\/\/secure.gravatar.com\/avatar\/9167d280179c85bc18be67aa7eda765854300033af4896dd779b608640f2ef7a?s=96&d=mm&r=g","caption":"Diario1 Diario1"},"url":"https:\/\/diariotextual.com\/inicio\/index.php\/author\/diario1\/"}]}},"_links":{"self":[{"href":"https:\/\/diariotextual.com\/inicio\/index.php\/wp-json\/wp\/v2\/posts\/12752","targetHints":{"allow":["GET"]}}],"collection":[{"href":"https:\/\/diariotextual.com\/inicio\/index.php\/wp-json\/wp\/v2\/posts"}],"about":[{"href":"https:\/\/diariotextual.com\/inicio\/index.php\/wp-json\/wp\/v2\/types\/post"}],"author":[{"embeddable":true,"href":"https:\/\/diariotextual.com\/inicio\/index.php\/wp-json\/wp\/v2\/users\/3"}],"replies":[{"embeddable":true,"href":"https:\/\/diariotextual.com\/inicio\/index.php\/wp-json\/wp\/v2\/comments?post=12752"}],"version-history":[{"count":5,"href":"https:\/\/diariotextual.com\/inicio\/index.php\/wp-json\/wp\/v2\/posts\/12752\/revisions"}],"predecessor-version":[{"id":12757,"href":"https:\/\/diariotextual.com\/inicio\/index.php\/wp-json\/wp\/v2\/posts\/12752\/revisions\/12757"}],"wp:featuredmedia":[{"embeddable":true,"href":"https:\/\/diariotextual.com\/inicio\/index.php\/wp-json\/wp\/v2\/media\/12639"}],"wp:attachment":[{"href":"https:\/\/diariotextual.com\/inicio\/index.php\/wp-json\/wp\/v2\/media?parent=12752"}],"wp:term":[{"taxonomy":"category","embeddable":true,"href":"https:\/\/diariotextual.com\/inicio\/index.php\/wp-json\/wp\/v2\/categories?post=12752"},{"taxonomy":"post_tag","embeddable":true,"href":"https:\/\/diariotextual.com\/inicio\/index.php\/wp-json\/wp\/v2\/tags?post=12752"}],"curies":[{"name":"wp","href":"https:\/\/api.w.org\/{rel}","templated":true}]}}