{"id":12820,"date":"2018-07-05T22:47:24","date_gmt":"2018-07-06T01:47:24","guid":{"rendered":"http:\/\/diariotextual.com\/inicio\/?p=12820"},"modified":"2018-07-05T22:47:24","modified_gmt":"2018-07-06T01:47:24","slug":"ejecutaron-al-lider-la-secta-responsable-la-masacre-gas-sarin-tokio","status":"publish","type":"post","link":"https:\/\/diariotextual.com\/inicio\/index.php\/2018\/07\/05\/ejecutaron-al-lider-la-secta-responsable-la-masacre-gas-sarin-tokio\/","title":{"rendered":"Ejecutaron al l\u00edder de la secta responsable de la masacre con gas sar\u00edn en Tokio"},"content":{"rendered":"<p><strong>Shoko Asahara<\/strong>, el exgur\u00fa de la secta Aum Shinrikyo, condenado a muerte por su responsabilidad en el ataque con gas sar\u00edn perpetrado en el metro de Tokio en marzo de 1995,<strong> fue ejecutado en la ma\u00f1ana de este viernes en Jap\u00f3n<\/strong>.<\/p>\n<p>El ministerio de Justicia no confirm\u00f3 de momento la informaci\u00f3n dada por las cadenas de televisi\u00f3n y las agencias de prensa niponas.<\/p>\n<p>Shoko Asahara (cuyo verdadero nombre era Chizuo Matsumoto<strong>) esperaba desde hac\u00eda a\u00f1os en el corredor de la muerte junto a 12 c\u00f3mplices implicados en el atentado que le cost\u00f3 la vida a 13 personas<\/strong> y caus\u00f3 diversas lesiones, algunas irreversibles, a otras 6.300.<\/p>\n<p>De los trece miembros del culto condenados a muerte, la ejecuci\u00f3n de Shoko Asahara fue la primera en anunciarse.<br \/>\nLa probabilidad de que sus secuaces fueran ejecutados aument\u00f3 en los \u00faltimos tiempos con el desplazamiento de celdas de varios de ellos.<\/p>\n<p><strong>El 20 de marzo de 1995, seg\u00fan un procedimiento muy pensado, varios miembros de la organizaci\u00f3n oculta Aum Shinrikyo, creada por Shoko Asahara, vertieron gas sar\u00edn en vagones del metro de la capital.<\/strong><\/p>\n<p>En un primer momento, nadie entend\u00eda lo que estaba ocurriendo aquella ma\u00f1ana, en la hora de mayor tr\u00e1nsito, cuando varios pasajeros sal\u00edan ahog\u00e1ndose, sin ver nada, de varias bocas de metro de las l\u00edneas atacadas.<\/p>\n<p>Antes del atentado, que conmocion\u00f3 al pa\u00eds, Jap\u00f3n asisti\u00f3 a un crecimiento de la secta Aum en los a\u00f1os 1980 y 1990, entre la estupefacci\u00f3n y la angustia.<\/p>\n<p>El jefe m\u00edstico Asahara visitaba programas de televisi\u00f3n y los estrados durante las campa\u00f1as electorales para captar la atenci\u00f3n de los ciudadanos, incluyendo j\u00f3venes cient\u00edficos de alto nivel, m\u00e9dicos y abogados.<\/p>\n<p>&nbsp;<\/p>\n<p>&nbsp;<\/p>\n<p>&nbsp;<\/p>\n","protected":false},"excerpt":{"rendered":"<p>Shoko Asahara, el exgur\u00fa de la secta Aum Shinrikyo, condenado a muerte por su responsabilidad en el ataque con gas sar\u00edn perpetrado en el metro de Tokio en marzo de&hellip;<\/p>\n","protected":false},"author":3,"featured_media":12821,"comment_status":"closed","ping_status":"open","sticky":false,"template":"","format":"standard","meta":{"_acf_changed":false,"footnotes":""},"categories":[11,7],"tags":[523],"class_list":["post-12820","post","type-post","status-publish","format-standard","has-post-thumbnail","hentry","category-que-pasa","category-mundo","tag-asahara"],"acf":[],"yoast_head":"<!-- This site is optimized with the Yoast SEO plugin v27.5 - https:\/\/yoast.com\/product\/yoast-seo-wordpress\/ -->\n<title>Ejecutaron al l\u00edder de la secta responsable de la masacre con gas sar\u00edn en Tokio - Diario Textual<\/title>\n<meta name=\"robots\" content=\"index, follow, max-snippet:-1, max-image-preview:large, max-video-preview:-1\" \/>\n<link rel=\"canonical\" href=\"https:\/\/diariotextual.com\/inicio\/index.php\/2018\/07\/05\/ejecutaron-al-lider-la-secta-responsable-la-masacre-gas-sarin-tokio\/\" \/>\n<meta property=\"og:locale\" content=\"es_ES\" \/>\n<meta property=\"og:type\" content=\"article\" \/>\n<meta property=\"og:title\" content=\"Ejecutaron al l\u00edder de la secta responsable de la masacre con gas sar\u00edn en Tokio - Diario Textual\" \/>\n<meta property=\"og:description\" content=\"Shoko Asahara, el exgur\u00fa de la secta Aum Shinrikyo, condenado a muerte por su responsabilidad en el ataque con gas sar\u00edn perpetrado en el metro de Tokio en marzo de&hellip;\" \/>\n<meta property=\"og:url\" content=\"https:\/\/diariotextual.com\/inicio\/index.php\/2018\/07\/05\/ejecutaron-al-lider-la-secta-responsable-la-masacre-gas-sarin-tokio\/\" \/>\n<meta property=\"og:site_name\" content=\"Diario Textual\" \/>\n<meta property=\"article:publisher\" content=\"https:\/\/www.facebook.com\/eltextual\" \/>\n<meta property=\"article:published_time\" content=\"2018-07-06T01:47:24+00:00\" \/>\n<meta property=\"og:image\" content=\"https:\/\/diariotextual.com\/inicio\/wp-content\/uploads\/2018\/07\/asaharasarinjapon2.jpg\" \/>\n\t<meta property=\"og:image:width\" content=\"608\" \/>\n\t<meta property=\"og:image:height\" content=\"397\" \/>\n\t<meta property=\"og:image:type\" content=\"image\/jpeg\" \/>\n<meta name=\"author\" content=\"Diario1 Diario1\" \/>\n<meta name=\"twitter:card\" content=\"summary_large_image\" \/>\n<meta name=\"twitter:creator\" content=\"@eltextual\" \/>\n<meta name=\"twitter:site\" content=\"@eltextual\" \/>\n<meta name=\"twitter:label1\" content=\"Escrito por\" \/>\n\t<meta name=\"twitter:data1\" content=\"Diario1 Diario1\" \/>\n\t<meta name=\"twitter:label2\" content=\"Tiempo de lectura\" \/>\n\t<meta name=\"twitter:data2\" content=\"1 minuto\" \/>\n<script type=\"application\/ld+json\" class=\"yoast-schema-graph\">{\"@context\":\"https:\\\/\\\/schema.org\",\"@graph\":[{\"@type\":\"Article\",\"@id\":\"https:\\\/\\\/diariotextual.com\\\/inicio\\\/index.php\\\/2018\\\/07\\\/05\\\/ejecutaron-al-lider-la-secta-responsable-la-masacre-gas-sarin-tokio\\\/#article\",\"isPartOf\":{\"@id\":\"https:\\\/\\\/diariotextual.com\\\/inicio\\\/index.php\\\/2018\\\/07\\\/05\\\/ejecutaron-al-lider-la-secta-responsable-la-masacre-gas-sarin-tokio\\\/\"},\"author\":{\"name\":\"Diario1 Diario1\",\"@id\":\"https:\\\/\\\/diariotextual.com\\\/inicio\\\/#\\\/schema\\\/person\\\/418fc4093c33e86ed41562db3508f958\"},\"headline\":\"Ejecutaron al l\u00edder de la secta responsable de la masacre con gas sar\u00edn en Tokio\",\"datePublished\":\"2018-07-06T01:47:24+00:00\",\"mainEntityOfPage\":{\"@id\":\"https:\\\/\\\/diariotextual.com\\\/inicio\\\/index.php\\\/2018\\\/07\\\/05\\\/ejecutaron-al-lider-la-secta-responsable-la-masacre-gas-sarin-tokio\\\/\"},\"wordCount\":315,\"publisher\":{\"@id\":\"https:\\\/\\\/diariotextual.com\\\/inicio\\\/#organization\"},\"image\":{\"@id\":\"https:\\\/\\\/diariotextual.com\\\/inicio\\\/index.php\\\/2018\\\/07\\\/05\\\/ejecutaron-al-lider-la-secta-responsable-la-masacre-gas-sarin-tokio\\\/#primaryimage\"},\"thumbnailUrl\":\"https:\\\/\\\/diariotextual.com\\\/inicio\\\/wp-content\\\/uploads\\\/2018\\\/07\\\/asaharasarinjapon2.jpg\",\"keywords\":[\"asahara\"],\"articleSection\":[\"A - QUE PASA (al costado)\",\"MUNDO\"],\"inLanguage\":\"es\"},{\"@type\":\"WebPage\",\"@id\":\"https:\\\/\\\/diariotextual.com\\\/inicio\\\/index.php\\\/2018\\\/07\\\/05\\\/ejecutaron-al-lider-la-secta-responsable-la-masacre-gas-sarin-tokio\\\/\",\"url\":\"https:\\\/\\\/diariotextual.com\\\/inicio\\\/index.php\\\/2018\\\/07\\\/05\\\/ejecutaron-al-lider-la-secta-responsable-la-masacre-gas-sarin-tokio\\\/\",\"name\":\"Ejecutaron al l\u00edder de la secta responsable de la masacre con gas sar\u00edn en Tokio - Diario Textual\",\"isPartOf\":{\"@id\":\"https:\\\/\\\/diariotextual.com\\\/inicio\\\/#website\"},\"primaryImageOfPage\":{\"@id\":\"https:\\\/\\\/diariotextual.com\\\/inicio\\\/index.php\\\/2018\\\/07\\\/05\\\/ejecutaron-al-lider-la-secta-responsable-la-masacre-gas-sarin-tokio\\\/#primaryimage\"},\"image\":{\"@id\":\"https:\\\/\\\/diariotextual.com\\\/inicio\\\/index.php\\\/2018\\\/07\\\/05\\\/ejecutaron-al-lider-la-secta-responsable-la-masacre-gas-sarin-tokio\\\/#primaryimage\"},\"thumbnailUrl\":\"https:\\\/\\\/diariotextual.com\\\/inicio\\\/wp-content\\\/uploads\\\/2018\\\/07\\\/asaharasarinjapon2.jpg\",\"datePublished\":\"2018-07-06T01:47:24+00:00\",\"breadcrumb\":{\"@id\":\"https:\\\/\\\/diariotextual.com\\\/inicio\\\/index.php\\\/2018\\\/07\\\/05\\\/ejecutaron-al-lider-la-secta-responsable-la-masacre-gas-sarin-tokio\\\/#breadcrumb\"},\"inLanguage\":\"es\",\"potentialAction\":[{\"@type\":\"ReadAction\",\"target\":[\"https:\\\/\\\/diariotextual.com\\\/inicio\\\/index.php\\\/2018\\\/07\\\/05\\\/ejecutaron-al-lider-la-secta-responsable-la-masacre-gas-sarin-tokio\\\/\"]}]},{\"@type\":\"ImageObject\",\"inLanguage\":\"es\",\"@id\":\"https:\\\/\\\/diariotextual.com\\\/inicio\\\/index.php\\\/2018\\\/07\\\/05\\\/ejecutaron-al-lider-la-secta-responsable-la-masacre-gas-sarin-tokio\\\/#primaryimage\",\"url\":\"https:\\\/\\\/diariotextual.com\\\/inicio\\\/wp-content\\\/uploads\\\/2018\\\/07\\\/asaharasarinjapon2.jpg\",\"contentUrl\":\"https:\\\/\\\/diariotextual.com\\\/inicio\\\/wp-content\\\/uploads\\\/2018\\\/07\\\/asaharasarinjapon2.jpg\",\"width\":608,\"height\":397},{\"@type\":\"BreadcrumbList\",\"@id\":\"https:\\\/\\\/diariotextual.com\\\/inicio\\\/index.php\\\/2018\\\/07\\\/05\\\/ejecutaron-al-lider-la-secta-responsable-la-masacre-gas-sarin-tokio\\\/#breadcrumb\",\"itemListElement\":[{\"@type\":\"ListItem\",\"position\":1,\"name\":\"Portada\",\"item\":\"https:\\\/\\\/diariotextual.com\\\/inicio\\\/\"},{\"@type\":\"ListItem\",\"position\":2,\"name\":\"Ejecutaron al l\u00edder de la secta responsable de la masacre con gas sar\u00edn en Tokio\"}]},{\"@type\":\"WebSite\",\"@id\":\"https:\\\/\\\/diariotextual.com\\\/inicio\\\/#website\",\"url\":\"https:\\\/\\\/diariotextual.com\\\/inicio\\\/\",\"name\":\"Diario Textual\",\"description\":\"\",\"publisher\":{\"@id\":\"https:\\\/\\\/diariotextual.com\\\/inicio\\\/#organization\"},\"potentialAction\":[{\"@type\":\"SearchAction\",\"target\":{\"@type\":\"EntryPoint\",\"urlTemplate\":\"https:\\\/\\\/diariotextual.com\\\/inicio\\\/?s={search_term_string}\"},\"query-input\":{\"@type\":\"PropertyValueSpecification\",\"valueRequired\":true,\"valueName\":\"search_term_string\"}}],\"inLanguage\":\"es\"},{\"@type\":\"Organization\",\"@id\":\"https:\\\/\\\/diariotextual.com\\\/inicio\\\/#organization\",\"name\":\"Diario Textual\",\"url\":\"https:\\\/\\\/diariotextual.com\\\/inicio\\\/\",\"logo\":{\"@type\":\"ImageObject\",\"inLanguage\":\"es\",\"@id\":\"https:\\\/\\\/diariotextual.com\\\/inicio\\\/#\\\/schema\\\/logo\\\/image\\\/\",\"url\":\"https:\\\/\\\/diariotextual.com\\\/inicio\\\/wp-content\\\/uploads\\\/2023\\\/05\\\/logotextual1.jpg\",\"contentUrl\":\"https:\\\/\\\/diariotextual.com\\\/inicio\\\/wp-content\\\/uploads\\\/2023\\\/05\\\/logotextual1.jpg\",\"width\":516,\"height\":76,\"caption\":\"Diario Textual\"},\"image\":{\"@id\":\"https:\\\/\\\/diariotextual.com\\\/inicio\\\/#\\\/schema\\\/logo\\\/image\\\/\"},\"sameAs\":[\"https:\\\/\\\/www.facebook.com\\\/eltextual\",\"https:\\\/\\\/x.com\\\/eltextual\",\"http:\\\/\\\/www.instagram.com\\\/eltextual\"]},{\"@type\":\"Person\",\"@id\":\"https:\\\/\\\/diariotextual.com\\\/inicio\\\/#\\\/schema\\\/person\\\/418fc4093c33e86ed41562db3508f958\",\"name\":\"Diario1 Diario1\",\"image\":{\"@type\":\"ImageObject\",\"inLanguage\":\"es\",\"@id\":\"https:\\\/\\\/secure.gravatar.com\\\/avatar\\\/9167d280179c85bc18be67aa7eda765854300033af4896dd779b608640f2ef7a?s=96&d=mm&r=g\",\"url\":\"https:\\\/\\\/secure.gravatar.com\\\/avatar\\\/9167d280179c85bc18be67aa7eda765854300033af4896dd779b608640f2ef7a?s=96&d=mm&r=g\",\"contentUrl\":\"https:\\\/\\\/secure.gravatar.com\\\/avatar\\\/9167d280179c85bc18be67aa7eda765854300033af4896dd779b608640f2ef7a?s=96&d=mm&r=g\",\"caption\":\"Diario1 Diario1\"},\"url\":\"https:\\\/\\\/diariotextual.com\\\/inicio\\\/index.php\\\/author\\\/diario1\\\/\"}]}<\/script>\n<!-- \/ Yoast SEO plugin. -->","yoast_head_json":{"title":"Ejecutaron al l\u00edder de la secta responsable de la masacre con gas sar\u00edn en Tokio - Diario Textual","robots":{"index":"index","follow":"follow","max-snippet":"max-snippet:-1","max-image-preview":"max-image-preview:large","max-video-preview":"max-video-preview:-1"},"canonical":"https:\/\/diariotextual.com\/inicio\/index.php\/2018\/07\/05\/ejecutaron-al-lider-la-secta-responsable-la-masacre-gas-sarin-tokio\/","og_locale":"es_ES","og_type":"article","og_title":"Ejecutaron al l\u00edder de la secta responsable de la masacre con gas sar\u00edn en Tokio - Diario Textual","og_description":"Shoko Asahara, el exgur\u00fa de la secta Aum Shinrikyo, condenado a muerte por su responsabilidad en el ataque con gas sar\u00edn perpetrado en el metro de Tokio en marzo de&hellip;","og_url":"https:\/\/diariotextual.com\/inicio\/index.php\/2018\/07\/05\/ejecutaron-al-lider-la-secta-responsable-la-masacre-gas-sarin-tokio\/","og_site_name":"Diario Textual","article_publisher":"https:\/\/www.facebook.com\/eltextual","article_published_time":"2018-07-06T01:47:24+00:00","og_image":[{"width":608,"height":397,"url":"https:\/\/diariotextual.com\/inicio\/wp-content\/uploads\/2018\/07\/asaharasarinjapon2.jpg","type":"image\/jpeg"}],"author":"Diario1 Diario1","twitter_card":"summary_large_image","twitter_creator":"@eltextual","twitter_site":"@eltextual","twitter_misc":{"Escrito por":"Diario1 Diario1","Tiempo de lectura":"1 minuto"},"schema":{"@context":"https:\/\/schema.org","@graph":[{"@type":"Article","@id":"https:\/\/diariotextual.com\/inicio\/index.php\/2018\/07\/05\/ejecutaron-al-lider-la-secta-responsable-la-masacre-gas-sarin-tokio\/#article","isPartOf":{"@id":"https:\/\/diariotextual.com\/inicio\/index.php\/2018\/07\/05\/ejecutaron-al-lider-la-secta-responsable-la-masacre-gas-sarin-tokio\/"},"author":{"name":"Diario1 Diario1","@id":"https:\/\/diariotextual.com\/inicio\/#\/schema\/person\/418fc4093c33e86ed41562db3508f958"},"headline":"Ejecutaron al l\u00edder de la secta responsable de la masacre con gas sar\u00edn en Tokio","datePublished":"2018-07-06T01:47:24+00:00","mainEntityOfPage":{"@id":"https:\/\/diariotextual.com\/inicio\/index.php\/2018\/07\/05\/ejecutaron-al-lider-la-secta-responsable-la-masacre-gas-sarin-tokio\/"},"wordCount":315,"publisher":{"@id":"https:\/\/diariotextual.com\/inicio\/#organization"},"image":{"@id":"https:\/\/diariotextual.com\/inicio\/index.php\/2018\/07\/05\/ejecutaron-al-lider-la-secta-responsable-la-masacre-gas-sarin-tokio\/#primaryimage"},"thumbnailUrl":"https:\/\/diariotextual.com\/inicio\/wp-content\/uploads\/2018\/07\/asaharasarinjapon2.jpg","keywords":["asahara"],"articleSection":["A - QUE PASA (al costado)","MUNDO"],"inLanguage":"es"},{"@type":"WebPage","@id":"https:\/\/diariotextual.com\/inicio\/index.php\/2018\/07\/05\/ejecutaron-al-lider-la-secta-responsable-la-masacre-gas-sarin-tokio\/","url":"https:\/\/diariotextual.com\/inicio\/index.php\/2018\/07\/05\/ejecutaron-al-lider-la-secta-responsable-la-masacre-gas-sarin-tokio\/","name":"Ejecutaron al l\u00edder de la secta responsable de la masacre con gas sar\u00edn en Tokio - Diario Textual","isPartOf":{"@id":"https:\/\/diariotextual.com\/inicio\/#website"},"primaryImageOfPage":{"@id":"https:\/\/diariotextual.com\/inicio\/index.php\/2018\/07\/05\/ejecutaron-al-lider-la-secta-responsable-la-masacre-gas-sarin-tokio\/#primaryimage"},"image":{"@id":"https:\/\/diariotextual.com\/inicio\/index.php\/2018\/07\/05\/ejecutaron-al-lider-la-secta-responsable-la-masacre-gas-sarin-tokio\/#primaryimage"},"thumbnailUrl":"https:\/\/diariotextual.com\/inicio\/wp-content\/uploads\/2018\/07\/asaharasarinjapon2.jpg","datePublished":"2018-07-06T01:47:24+00:00","breadcrumb":{"@id":"https:\/\/diariotextual.com\/inicio\/index.php\/2018\/07\/05\/ejecutaron-al-lider-la-secta-responsable-la-masacre-gas-sarin-tokio\/#breadcrumb"},"inLanguage":"es","potentialAction":[{"@type":"ReadAction","target":["https:\/\/diariotextual.com\/inicio\/index.php\/2018\/07\/05\/ejecutaron-al-lider-la-secta-responsable-la-masacre-gas-sarin-tokio\/"]}]},{"@type":"ImageObject","inLanguage":"es","@id":"https:\/\/diariotextual.com\/inicio\/index.php\/2018\/07\/05\/ejecutaron-al-lider-la-secta-responsable-la-masacre-gas-sarin-tokio\/#primaryimage","url":"https:\/\/diariotextual.com\/inicio\/wp-content\/uploads\/2018\/07\/asaharasarinjapon2.jpg","contentUrl":"https:\/\/diariotextual.com\/inicio\/wp-content\/uploads\/2018\/07\/asaharasarinjapon2.jpg","width":608,"height":397},{"@type":"BreadcrumbList","@id":"https:\/\/diariotextual.com\/inicio\/index.php\/2018\/07\/05\/ejecutaron-al-lider-la-secta-responsable-la-masacre-gas-sarin-tokio\/#breadcrumb","itemListElement":[{"@type":"ListItem","position":1,"name":"Portada","item":"https:\/\/diariotextual.com\/inicio\/"},{"@type":"ListItem","position":2,"name":"Ejecutaron al l\u00edder de la secta responsable de la masacre con gas sar\u00edn en Tokio"}]},{"@type":"WebSite","@id":"https:\/\/diariotextual.com\/inicio\/#website","url":"https:\/\/diariotextual.com\/inicio\/","name":"Diario Textual","description":"","publisher":{"@id":"https:\/\/diariotextual.com\/inicio\/#organization"},"potentialAction":[{"@type":"SearchAction","target":{"@type":"EntryPoint","urlTemplate":"https:\/\/diariotextual.com\/inicio\/?s={search_term_string}"},"query-input":{"@type":"PropertyValueSpecification","valueRequired":true,"valueName":"search_term_string"}}],"inLanguage":"es"},{"@type":"Organization","@id":"https:\/\/diariotextual.com\/inicio\/#organization","name":"Diario Textual","url":"https:\/\/diariotextual.com\/inicio\/","logo":{"@type":"ImageObject","inLanguage":"es","@id":"https:\/\/diariotextual.com\/inicio\/#\/schema\/logo\/image\/","url":"https:\/\/diariotextual.com\/inicio\/wp-content\/uploads\/2023\/05\/logotextual1.jpg","contentUrl":"https:\/\/diariotextual.com\/inicio\/wp-content\/uploads\/2023\/05\/logotextual1.jpg","width":516,"height":76,"caption":"Diario Textual"},"image":{"@id":"https:\/\/diariotextual.com\/inicio\/#\/schema\/logo\/image\/"},"sameAs":["https:\/\/www.facebook.com\/eltextual","https:\/\/x.com\/eltextual","http:\/\/www.instagram.com\/eltextual"]},{"@type":"Person","@id":"https:\/\/diariotextual.com\/inicio\/#\/schema\/person\/418fc4093c33e86ed41562db3508f958","name":"Diario1 Diario1","image":{"@type":"ImageObject","inLanguage":"es","@id":"https:\/\/secure.gravatar.com\/avatar\/9167d280179c85bc18be67aa7eda765854300033af4896dd779b608640f2ef7a?s=96&d=mm&r=g","url":"https:\/\/secure.gravatar.com\/avatar\/9167d280179c85bc18be67aa7eda765854300033af4896dd779b608640f2ef7a?s=96&d=mm&r=g","contentUrl":"https:\/\/secure.gravatar.com\/avatar\/9167d280179c85bc18be67aa7eda765854300033af4896dd779b608640f2ef7a?s=96&d=mm&r=g","caption":"Diario1 Diario1"},"url":"https:\/\/diariotextual.com\/inicio\/index.php\/author\/diario1\/"}]}},"_links":{"self":[{"href":"https:\/\/diariotextual.com\/inicio\/index.php\/wp-json\/wp\/v2\/posts\/12820","targetHints":{"allow":["GET"]}}],"collection":[{"href":"https:\/\/diariotextual.com\/inicio\/index.php\/wp-json\/wp\/v2\/posts"}],"about":[{"href":"https:\/\/diariotextual.com\/inicio\/index.php\/wp-json\/wp\/v2\/types\/post"}],"author":[{"embeddable":true,"href":"https:\/\/diariotextual.com\/inicio\/index.php\/wp-json\/wp\/v2\/users\/3"}],"replies":[{"embeddable":true,"href":"https:\/\/diariotextual.com\/inicio\/index.php\/wp-json\/wp\/v2\/comments?post=12820"}],"version-history":[{"count":2,"href":"https:\/\/diariotextual.com\/inicio\/index.php\/wp-json\/wp\/v2\/posts\/12820\/revisions"}],"predecessor-version":[{"id":12823,"href":"https:\/\/diariotextual.com\/inicio\/index.php\/wp-json\/wp\/v2\/posts\/12820\/revisions\/12823"}],"wp:featuredmedia":[{"embeddable":true,"href":"https:\/\/diariotextual.com\/inicio\/index.php\/wp-json\/wp\/v2\/media\/12821"}],"wp:attachment":[{"href":"https:\/\/diariotextual.com\/inicio\/index.php\/wp-json\/wp\/v2\/media?parent=12820"}],"wp:term":[{"taxonomy":"category","embeddable":true,"href":"https:\/\/diariotextual.com\/inicio\/index.php\/wp-json\/wp\/v2\/categories?post=12820"},{"taxonomy":"post_tag","embeddable":true,"href":"https:\/\/diariotextual.com\/inicio\/index.php\/wp-json\/wp\/v2\/tags?post=12820"}],"curies":[{"name":"wp","href":"https:\/\/api.w.org\/{rel}","templated":true}]}}