{"id":12904,"date":"2018-07-06T21:39:00","date_gmt":"2018-07-07T00:39:00","guid":{"rendered":"http:\/\/diariotextual.com\/inicio\/?p=12904"},"modified":"2018-07-06T21:39:00","modified_gmt":"2018-07-07T00:39:00","slug":"cruces-carrio-la-ucr-hacen-temblar-cambiemos","status":"publish","type":"post","link":"https:\/\/diariotextual.com\/inicio\/index.php\/2018\/07\/06\/cruces-carrio-la-ucr-hacen-temblar-cambiemos\/","title":{"rendered":"Cruces entre Carri\u00f3 y la UCR hacen temblar a Cambiemos"},"content":{"rendered":"<p><strong>\u201cTienen que reconocer que est\u00e1n con una ex miembro que los maneja desde afuera. Es divino\u00bb.<\/strong> Las palabras de<strong> Elisa Carri\u00f3 d<\/strong>irigidas a la <strong>Uni\u00f3n C\u00edvica Radical<\/strong> generaron un nuevo cimbronazo en <strong>Cambiemos<\/strong>.<\/p>\n<p>El centenario partido repudi\u00f3, con un comunicado, los dichos de la l\u00edder de la Coalici\u00f3n C\u00edvica, ante lo cual la diputada pretendi\u00f3 bajar el tono con un tuiteo dirigido a Alfredo Cornejo, titular del radicalismo. Un tuiteo que agreg\u00f3 m\u00e1s le\u00f1a al fuego al invocar un supuesto pasado kirchnerista del titular de la UCR.<\/p>\n<blockquote class=\"twitter-tweet\" data-lang=\"es\">\n<p dir=\"ltr\" lang=\"es\">Mil disculpas Cornejo, es una vieja broma que hago hace 20 a\u00f1os, que hace re\u00edr a la gente, solo que quiz\u00e1s no la record\u00e1s porque en esa \u00e9poca estabas en el Kirchnerismo.<\/p>\n<p>\u2014 Elisa Lilita Carri\u00f3 (@elisacarrio) <a href=\"https:\/\/twitter.com\/elisacarrio\/status\/1015293157561585664?ref_src=twsrc%5Etfw\">6 de julio de 2018<\/a><\/p><\/blockquote>\n<p><script async src=\"https:\/\/platform.twitter.com\/widgets.js\" charset=\"utf-8\"><\/script><\/p>\n<p>Las respuestas no tardaron en llegar. Y le recordaron varias cosas, entre ellas que el kirchnerismo no era una expresi\u00f3n de la pol\u00edtica nacional hace dos d\u00e9cadas; que ella busc\u00f3 una alianza con N\u00e9stor Kirchner y An\u00edbal Ibarra en 2003; que Ra\u00fal Alfons\u00edn la hab\u00eda tildado de \u00abenemiga\u00bb del partido, y que ella misma hab\u00eda celebrado la derrota de Mauricio Macri en la Ciudad en 2003 y lo hab\u00eda acusado de delincuente. Por \u00faltimo, le recordaron que se hab\u00eda plantado frente al mismo FMI al que ahora celebra.<\/p>\n<p>La Uni\u00f3n C\u00edvica Radical, que se proclama fundadora de la alianza gobernante, le respondi\u00f3 a la mentora de esa misma alianza que el radicalismo es \u00abun partido pol\u00edtico nacional, soberano en sus decisiones y democr\u00e1tico hacia adentro. No un proyecto personal ni un liderazgo mesi\u00e1nico\u00bb.<\/p>\n<blockquote class=\"twitter-tweet\" data-lang=\"es\">\n<p dir=\"ltr\" lang=\"es\">En respuesta a los dichos de Elisa Carri\u00f3: <a href=\"https:\/\/t.co\/jms1HwUxsb\">pic.twitter.com\/jms1HwUxsb<\/a><\/p>\n<p>\u2014 Uni\u00f3n C\u00edvica Radical (@UCRNacional) <a href=\"https:\/\/twitter.com\/UCRNacional\/status\/1015278110776922112?ref_src=twsrc%5Etfw\">6 de julio de 2018<\/a><\/p><\/blockquote>\n<p><script async src=\"https:\/\/platform.twitter.com\/widgets.js\" charset=\"utf-8\"><\/script><\/p>\n<p>&nbsp;<\/p>\n<p>\u00abLa frivolidad discursiva alimenta de manera peligrosa a la oposici\u00f3n. Los argentinos necesitan seriedad, no un stand up permanente\u00bb, sostuvo. \u00abPor nuestro compromiso con la coalici\u00f3n Cambiemos, de la cual somos fundadores, y por el futuro de la Argentina, le pedimos a Elisa Carri\u00f3 que se abstenga de continuar con esta serie de declaraciones desafortunadas, que lamentablemente ya se han vuelto una costumbre suya\u00bb, agreg\u00f3 el comunicado de los boinas blancas.<\/p>\n<p>&nbsp;<\/p>\n<p>&nbsp;<\/p>\n","protected":false},"excerpt":{"rendered":"<p>\u201cTienen que reconocer que est\u00e1n con una ex miembro que los maneja desde afuera. Es divino\u00bb. Las palabras de Elisa Carri\u00f3 dirigidas a la Uni\u00f3n C\u00edvica Radical generaron un nuevo&hellip;<\/p>\n","protected":false},"author":3,"featured_media":8981,"comment_status":"closed","ping_status":"open","sticky":false,"template":"","format":"standard","meta":{"_acf_changed":false,"footnotes":""},"categories":[4,8],"tags":[],"class_list":["post-12904","post","type-post","status-publish","format-standard","has-post-thumbnail","hentry","category-destacadas","category-politica"],"acf":[],"yoast_head":"<!-- This site is optimized with the Yoast SEO plugin v27.5 - https:\/\/yoast.com\/product\/yoast-seo-wordpress\/ -->\n<title>Cruces entre Carri\u00f3 y la UCR hacen temblar a Cambiemos - Diario Textual<\/title>\n<meta name=\"robots\" content=\"index, follow, max-snippet:-1, max-image-preview:large, max-video-preview:-1\" \/>\n<link rel=\"canonical\" href=\"https:\/\/diariotextual.com\/inicio\/index.php\/2018\/07\/06\/cruces-carrio-la-ucr-hacen-temblar-cambiemos\/\" \/>\n<meta property=\"og:locale\" content=\"es_ES\" \/>\n<meta property=\"og:type\" content=\"article\" \/>\n<meta property=\"og:title\" content=\"Cruces entre Carri\u00f3 y la UCR hacen temblar a Cambiemos - Diario Textual\" \/>\n<meta property=\"og:description\" content=\"\u201cTienen que reconocer que est\u00e1n con una ex miembro que los maneja desde afuera. Es divino\u00bb. Las palabras de Elisa Carri\u00f3 dirigidas a la Uni\u00f3n C\u00edvica Radical generaron un nuevo&hellip;\" \/>\n<meta property=\"og:url\" content=\"https:\/\/diariotextual.com\/inicio\/index.php\/2018\/07\/06\/cruces-carrio-la-ucr-hacen-temblar-cambiemos\/\" \/>\n<meta property=\"og:site_name\" content=\"Diario Textual\" \/>\n<meta property=\"article:publisher\" content=\"https:\/\/www.facebook.com\/eltextual\" \/>\n<meta property=\"article:published_time\" content=\"2018-07-07T00:39:00+00:00\" \/>\n<meta property=\"og:image\" content=\"https:\/\/diariotextual.com\/inicio\/wp-content\/uploads\/2018\/06\/carrioelisalilita111.jpg\" \/>\n\t<meta property=\"og:image:width\" content=\"592\" \/>\n\t<meta property=\"og:image:height\" content=\"362\" \/>\n\t<meta property=\"og:image:type\" content=\"image\/jpeg\" \/>\n<meta name=\"author\" content=\"Diario1 Diario1\" \/>\n<meta name=\"twitter:card\" content=\"summary_large_image\" \/>\n<meta name=\"twitter:creator\" content=\"@eltextual\" \/>\n<meta name=\"twitter:site\" content=\"@eltextual\" \/>\n<meta name=\"twitter:label1\" content=\"Escrito por\" \/>\n\t<meta name=\"twitter:data1\" content=\"Diario1 Diario1\" \/>\n\t<meta name=\"twitter:label2\" content=\"Tiempo de lectura\" \/>\n\t<meta name=\"twitter:data2\" content=\"2 minutos\" \/>\n<script type=\"application\/ld+json\" class=\"yoast-schema-graph\">{\"@context\":\"https:\\\/\\\/schema.org\",\"@graph\":[{\"@type\":\"Article\",\"@id\":\"https:\\\/\\\/diariotextual.com\\\/inicio\\\/index.php\\\/2018\\\/07\\\/06\\\/cruces-carrio-la-ucr-hacen-temblar-cambiemos\\\/#article\",\"isPartOf\":{\"@id\":\"https:\\\/\\\/diariotextual.com\\\/inicio\\\/index.php\\\/2018\\\/07\\\/06\\\/cruces-carrio-la-ucr-hacen-temblar-cambiemos\\\/\"},\"author\":{\"name\":\"Diario1 Diario1\",\"@id\":\"https:\\\/\\\/diariotextual.com\\\/inicio\\\/#\\\/schema\\\/person\\\/418fc4093c33e86ed41562db3508f958\"},\"headline\":\"Cruces entre Carri\u00f3 y la UCR hacen temblar a Cambiemos\",\"datePublished\":\"2018-07-07T00:39:00+00:00\",\"mainEntityOfPage\":{\"@id\":\"https:\\\/\\\/diariotextual.com\\\/inicio\\\/index.php\\\/2018\\\/07\\\/06\\\/cruces-carrio-la-ucr-hacen-temblar-cambiemos\\\/\"},\"wordCount\":392,\"publisher\":{\"@id\":\"https:\\\/\\\/diariotextual.com\\\/inicio\\\/#organization\"},\"image\":{\"@id\":\"https:\\\/\\\/diariotextual.com\\\/inicio\\\/index.php\\\/2018\\\/07\\\/06\\\/cruces-carrio-la-ucr-hacen-temblar-cambiemos\\\/#primaryimage\"},\"thumbnailUrl\":\"https:\\\/\\\/diariotextual.com\\\/inicio\\\/wp-content\\\/uploads\\\/2018\\\/06\\\/carrioelisalilita111.jpg\",\"articleSection\":[\"A - DESTACADAS (mod 16)\",\"POLITICA\"],\"inLanguage\":\"es\"},{\"@type\":\"WebPage\",\"@id\":\"https:\\\/\\\/diariotextual.com\\\/inicio\\\/index.php\\\/2018\\\/07\\\/06\\\/cruces-carrio-la-ucr-hacen-temblar-cambiemos\\\/\",\"url\":\"https:\\\/\\\/diariotextual.com\\\/inicio\\\/index.php\\\/2018\\\/07\\\/06\\\/cruces-carrio-la-ucr-hacen-temblar-cambiemos\\\/\",\"name\":\"Cruces entre Carri\u00f3 y la UCR hacen temblar a Cambiemos - Diario Textual\",\"isPartOf\":{\"@id\":\"https:\\\/\\\/diariotextual.com\\\/inicio\\\/#website\"},\"primaryImageOfPage\":{\"@id\":\"https:\\\/\\\/diariotextual.com\\\/inicio\\\/index.php\\\/2018\\\/07\\\/06\\\/cruces-carrio-la-ucr-hacen-temblar-cambiemos\\\/#primaryimage\"},\"image\":{\"@id\":\"https:\\\/\\\/diariotextual.com\\\/inicio\\\/index.php\\\/2018\\\/07\\\/06\\\/cruces-carrio-la-ucr-hacen-temblar-cambiemos\\\/#primaryimage\"},\"thumbnailUrl\":\"https:\\\/\\\/diariotextual.com\\\/inicio\\\/wp-content\\\/uploads\\\/2018\\\/06\\\/carrioelisalilita111.jpg\",\"datePublished\":\"2018-07-07T00:39:00+00:00\",\"breadcrumb\":{\"@id\":\"https:\\\/\\\/diariotextual.com\\\/inicio\\\/index.php\\\/2018\\\/07\\\/06\\\/cruces-carrio-la-ucr-hacen-temblar-cambiemos\\\/#breadcrumb\"},\"inLanguage\":\"es\",\"potentialAction\":[{\"@type\":\"ReadAction\",\"target\":[\"https:\\\/\\\/diariotextual.com\\\/inicio\\\/index.php\\\/2018\\\/07\\\/06\\\/cruces-carrio-la-ucr-hacen-temblar-cambiemos\\\/\"]}]},{\"@type\":\"ImageObject\",\"inLanguage\":\"es\",\"@id\":\"https:\\\/\\\/diariotextual.com\\\/inicio\\\/index.php\\\/2018\\\/07\\\/06\\\/cruces-carrio-la-ucr-hacen-temblar-cambiemos\\\/#primaryimage\",\"url\":\"https:\\\/\\\/diariotextual.com\\\/inicio\\\/wp-content\\\/uploads\\\/2018\\\/06\\\/carrioelisalilita111.jpg\",\"contentUrl\":\"https:\\\/\\\/diariotextual.com\\\/inicio\\\/wp-content\\\/uploads\\\/2018\\\/06\\\/carrioelisalilita111.jpg\",\"width\":592,\"height\":362},{\"@type\":\"BreadcrumbList\",\"@id\":\"https:\\\/\\\/diariotextual.com\\\/inicio\\\/index.php\\\/2018\\\/07\\\/06\\\/cruces-carrio-la-ucr-hacen-temblar-cambiemos\\\/#breadcrumb\",\"itemListElement\":[{\"@type\":\"ListItem\",\"position\":1,\"name\":\"Portada\",\"item\":\"https:\\\/\\\/diariotextual.com\\\/inicio\\\/\"},{\"@type\":\"ListItem\",\"position\":2,\"name\":\"Cruces entre Carri\u00f3 y la UCR hacen temblar a Cambiemos\"}]},{\"@type\":\"WebSite\",\"@id\":\"https:\\\/\\\/diariotextual.com\\\/inicio\\\/#website\",\"url\":\"https:\\\/\\\/diariotextual.com\\\/inicio\\\/\",\"name\":\"Diario Textual\",\"description\":\"\",\"publisher\":{\"@id\":\"https:\\\/\\\/diariotextual.com\\\/inicio\\\/#organization\"},\"potentialAction\":[{\"@type\":\"SearchAction\",\"target\":{\"@type\":\"EntryPoint\",\"urlTemplate\":\"https:\\\/\\\/diariotextual.com\\\/inicio\\\/?s={search_term_string}\"},\"query-input\":{\"@type\":\"PropertyValueSpecification\",\"valueRequired\":true,\"valueName\":\"search_term_string\"}}],\"inLanguage\":\"es\"},{\"@type\":\"Organization\",\"@id\":\"https:\\\/\\\/diariotextual.com\\\/inicio\\\/#organization\",\"name\":\"Diario Textual\",\"url\":\"https:\\\/\\\/diariotextual.com\\\/inicio\\\/\",\"logo\":{\"@type\":\"ImageObject\",\"inLanguage\":\"es\",\"@id\":\"https:\\\/\\\/diariotextual.com\\\/inicio\\\/#\\\/schema\\\/logo\\\/image\\\/\",\"url\":\"https:\\\/\\\/diariotextual.com\\\/inicio\\\/wp-content\\\/uploads\\\/2023\\\/05\\\/logotextual1.jpg\",\"contentUrl\":\"https:\\\/\\\/diariotextual.com\\\/inicio\\\/wp-content\\\/uploads\\\/2023\\\/05\\\/logotextual1.jpg\",\"width\":516,\"height\":76,\"caption\":\"Diario Textual\"},\"image\":{\"@id\":\"https:\\\/\\\/diariotextual.com\\\/inicio\\\/#\\\/schema\\\/logo\\\/image\\\/\"},\"sameAs\":[\"https:\\\/\\\/www.facebook.com\\\/eltextual\",\"https:\\\/\\\/x.com\\\/eltextual\",\"http:\\\/\\\/www.instagram.com\\\/eltextual\"]},{\"@type\":\"Person\",\"@id\":\"https:\\\/\\\/diariotextual.com\\\/inicio\\\/#\\\/schema\\\/person\\\/418fc4093c33e86ed41562db3508f958\",\"name\":\"Diario1 Diario1\",\"image\":{\"@type\":\"ImageObject\",\"inLanguage\":\"es\",\"@id\":\"https:\\\/\\\/secure.gravatar.com\\\/avatar\\\/9167d280179c85bc18be67aa7eda765854300033af4896dd779b608640f2ef7a?s=96&d=mm&r=g\",\"url\":\"https:\\\/\\\/secure.gravatar.com\\\/avatar\\\/9167d280179c85bc18be67aa7eda765854300033af4896dd779b608640f2ef7a?s=96&d=mm&r=g\",\"contentUrl\":\"https:\\\/\\\/secure.gravatar.com\\\/avatar\\\/9167d280179c85bc18be67aa7eda765854300033af4896dd779b608640f2ef7a?s=96&d=mm&r=g\",\"caption\":\"Diario1 Diario1\"},\"url\":\"https:\\\/\\\/diariotextual.com\\\/inicio\\\/index.php\\\/author\\\/diario1\\\/\"}]}<\/script>\n<!-- \/ Yoast SEO plugin. -->","yoast_head_json":{"title":"Cruces entre Carri\u00f3 y la UCR hacen temblar a Cambiemos - Diario Textual","robots":{"index":"index","follow":"follow","max-snippet":"max-snippet:-1","max-image-preview":"max-image-preview:large","max-video-preview":"max-video-preview:-1"},"canonical":"https:\/\/diariotextual.com\/inicio\/index.php\/2018\/07\/06\/cruces-carrio-la-ucr-hacen-temblar-cambiemos\/","og_locale":"es_ES","og_type":"article","og_title":"Cruces entre Carri\u00f3 y la UCR hacen temblar a Cambiemos - Diario Textual","og_description":"\u201cTienen que reconocer que est\u00e1n con una ex miembro que los maneja desde afuera. Es divino\u00bb. Las palabras de Elisa Carri\u00f3 dirigidas a la Uni\u00f3n C\u00edvica Radical generaron un nuevo&hellip;","og_url":"https:\/\/diariotextual.com\/inicio\/index.php\/2018\/07\/06\/cruces-carrio-la-ucr-hacen-temblar-cambiemos\/","og_site_name":"Diario Textual","article_publisher":"https:\/\/www.facebook.com\/eltextual","article_published_time":"2018-07-07T00:39:00+00:00","og_image":[{"width":592,"height":362,"url":"https:\/\/diariotextual.com\/inicio\/wp-content\/uploads\/2018\/06\/carrioelisalilita111.jpg","type":"image\/jpeg"}],"author":"Diario1 Diario1","twitter_card":"summary_large_image","twitter_creator":"@eltextual","twitter_site":"@eltextual","twitter_misc":{"Escrito por":"Diario1 Diario1","Tiempo de lectura":"2 minutos"},"schema":{"@context":"https:\/\/schema.org","@graph":[{"@type":"Article","@id":"https:\/\/diariotextual.com\/inicio\/index.php\/2018\/07\/06\/cruces-carrio-la-ucr-hacen-temblar-cambiemos\/#article","isPartOf":{"@id":"https:\/\/diariotextual.com\/inicio\/index.php\/2018\/07\/06\/cruces-carrio-la-ucr-hacen-temblar-cambiemos\/"},"author":{"name":"Diario1 Diario1","@id":"https:\/\/diariotextual.com\/inicio\/#\/schema\/person\/418fc4093c33e86ed41562db3508f958"},"headline":"Cruces entre Carri\u00f3 y la UCR hacen temblar a Cambiemos","datePublished":"2018-07-07T00:39:00+00:00","mainEntityOfPage":{"@id":"https:\/\/diariotextual.com\/inicio\/index.php\/2018\/07\/06\/cruces-carrio-la-ucr-hacen-temblar-cambiemos\/"},"wordCount":392,"publisher":{"@id":"https:\/\/diariotextual.com\/inicio\/#organization"},"image":{"@id":"https:\/\/diariotextual.com\/inicio\/index.php\/2018\/07\/06\/cruces-carrio-la-ucr-hacen-temblar-cambiemos\/#primaryimage"},"thumbnailUrl":"https:\/\/diariotextual.com\/inicio\/wp-content\/uploads\/2018\/06\/carrioelisalilita111.jpg","articleSection":["A - DESTACADAS (mod 16)","POLITICA"],"inLanguage":"es"},{"@type":"WebPage","@id":"https:\/\/diariotextual.com\/inicio\/index.php\/2018\/07\/06\/cruces-carrio-la-ucr-hacen-temblar-cambiemos\/","url":"https:\/\/diariotextual.com\/inicio\/index.php\/2018\/07\/06\/cruces-carrio-la-ucr-hacen-temblar-cambiemos\/","name":"Cruces entre Carri\u00f3 y la UCR hacen temblar a Cambiemos - Diario Textual","isPartOf":{"@id":"https:\/\/diariotextual.com\/inicio\/#website"},"primaryImageOfPage":{"@id":"https:\/\/diariotextual.com\/inicio\/index.php\/2018\/07\/06\/cruces-carrio-la-ucr-hacen-temblar-cambiemos\/#primaryimage"},"image":{"@id":"https:\/\/diariotextual.com\/inicio\/index.php\/2018\/07\/06\/cruces-carrio-la-ucr-hacen-temblar-cambiemos\/#primaryimage"},"thumbnailUrl":"https:\/\/diariotextual.com\/inicio\/wp-content\/uploads\/2018\/06\/carrioelisalilita111.jpg","datePublished":"2018-07-07T00:39:00+00:00","breadcrumb":{"@id":"https:\/\/diariotextual.com\/inicio\/index.php\/2018\/07\/06\/cruces-carrio-la-ucr-hacen-temblar-cambiemos\/#breadcrumb"},"inLanguage":"es","potentialAction":[{"@type":"ReadAction","target":["https:\/\/diariotextual.com\/inicio\/index.php\/2018\/07\/06\/cruces-carrio-la-ucr-hacen-temblar-cambiemos\/"]}]},{"@type":"ImageObject","inLanguage":"es","@id":"https:\/\/diariotextual.com\/inicio\/index.php\/2018\/07\/06\/cruces-carrio-la-ucr-hacen-temblar-cambiemos\/#primaryimage","url":"https:\/\/diariotextual.com\/inicio\/wp-content\/uploads\/2018\/06\/carrioelisalilita111.jpg","contentUrl":"https:\/\/diariotextual.com\/inicio\/wp-content\/uploads\/2018\/06\/carrioelisalilita111.jpg","width":592,"height":362},{"@type":"BreadcrumbList","@id":"https:\/\/diariotextual.com\/inicio\/index.php\/2018\/07\/06\/cruces-carrio-la-ucr-hacen-temblar-cambiemos\/#breadcrumb","itemListElement":[{"@type":"ListItem","position":1,"name":"Portada","item":"https:\/\/diariotextual.com\/inicio\/"},{"@type":"ListItem","position":2,"name":"Cruces entre Carri\u00f3 y la UCR hacen temblar a Cambiemos"}]},{"@type":"WebSite","@id":"https:\/\/diariotextual.com\/inicio\/#website","url":"https:\/\/diariotextual.com\/inicio\/","name":"Diario Textual","description":"","publisher":{"@id":"https:\/\/diariotextual.com\/inicio\/#organization"},"potentialAction":[{"@type":"SearchAction","target":{"@type":"EntryPoint","urlTemplate":"https:\/\/diariotextual.com\/inicio\/?s={search_term_string}"},"query-input":{"@type":"PropertyValueSpecification","valueRequired":true,"valueName":"search_term_string"}}],"inLanguage":"es"},{"@type":"Organization","@id":"https:\/\/diariotextual.com\/inicio\/#organization","name":"Diario Textual","url":"https:\/\/diariotextual.com\/inicio\/","logo":{"@type":"ImageObject","inLanguage":"es","@id":"https:\/\/diariotextual.com\/inicio\/#\/schema\/logo\/image\/","url":"https:\/\/diariotextual.com\/inicio\/wp-content\/uploads\/2023\/05\/logotextual1.jpg","contentUrl":"https:\/\/diariotextual.com\/inicio\/wp-content\/uploads\/2023\/05\/logotextual1.jpg","width":516,"height":76,"caption":"Diario Textual"},"image":{"@id":"https:\/\/diariotextual.com\/inicio\/#\/schema\/logo\/image\/"},"sameAs":["https:\/\/www.facebook.com\/eltextual","https:\/\/x.com\/eltextual","http:\/\/www.instagram.com\/eltextual"]},{"@type":"Person","@id":"https:\/\/diariotextual.com\/inicio\/#\/schema\/person\/418fc4093c33e86ed41562db3508f958","name":"Diario1 Diario1","image":{"@type":"ImageObject","inLanguage":"es","@id":"https:\/\/secure.gravatar.com\/avatar\/9167d280179c85bc18be67aa7eda765854300033af4896dd779b608640f2ef7a?s=96&d=mm&r=g","url":"https:\/\/secure.gravatar.com\/avatar\/9167d280179c85bc18be67aa7eda765854300033af4896dd779b608640f2ef7a?s=96&d=mm&r=g","contentUrl":"https:\/\/secure.gravatar.com\/avatar\/9167d280179c85bc18be67aa7eda765854300033af4896dd779b608640f2ef7a?s=96&d=mm&r=g","caption":"Diario1 Diario1"},"url":"https:\/\/diariotextual.com\/inicio\/index.php\/author\/diario1\/"}]}},"_links":{"self":[{"href":"https:\/\/diariotextual.com\/inicio\/index.php\/wp-json\/wp\/v2\/posts\/12904","targetHints":{"allow":["GET"]}}],"collection":[{"href":"https:\/\/diariotextual.com\/inicio\/index.php\/wp-json\/wp\/v2\/posts"}],"about":[{"href":"https:\/\/diariotextual.com\/inicio\/index.php\/wp-json\/wp\/v2\/types\/post"}],"author":[{"embeddable":true,"href":"https:\/\/diariotextual.com\/inicio\/index.php\/wp-json\/wp\/v2\/users\/3"}],"replies":[{"embeddable":true,"href":"https:\/\/diariotextual.com\/inicio\/index.php\/wp-json\/wp\/v2\/comments?post=12904"}],"version-history":[{"count":2,"href":"https:\/\/diariotextual.com\/inicio\/index.php\/wp-json\/wp\/v2\/posts\/12904\/revisions"}],"predecessor-version":[{"id":12906,"href":"https:\/\/diariotextual.com\/inicio\/index.php\/wp-json\/wp\/v2\/posts\/12904\/revisions\/12906"}],"wp:featuredmedia":[{"embeddable":true,"href":"https:\/\/diariotextual.com\/inicio\/index.php\/wp-json\/wp\/v2\/media\/8981"}],"wp:attachment":[{"href":"https:\/\/diariotextual.com\/inicio\/index.php\/wp-json\/wp\/v2\/media?parent=12904"}],"wp:term":[{"taxonomy":"category","embeddable":true,"href":"https:\/\/diariotextual.com\/inicio\/index.php\/wp-json\/wp\/v2\/categories?post=12904"},{"taxonomy":"post_tag","embeddable":true,"href":"https:\/\/diariotextual.com\/inicio\/index.php\/wp-json\/wp\/v2\/tags?post=12904"}],"curies":[{"name":"wp","href":"https:\/\/api.w.org\/{rel}","templated":true}]}}