{"id":12983,"date":"2018-07-08T09:08:50","date_gmt":"2018-07-08T12:08:50","guid":{"rendered":"http:\/\/diariotextual.com\/inicio\/?p=12983"},"modified":"2018-07-09T10:37:12","modified_gmt":"2018-07-09T13:37:12","slug":"rescatan-los-primeros-dos-ninos-la-cueva-tailandia","status":"publish","type":"post","link":"https:\/\/diariotextual.com\/inicio\/index.php\/2018\/07\/08\/rescatan-los-primeros-dos-ninos-la-cueva-tailandia\/","title":{"rendered":"Rescataron a cuatro ni\u00f1os de la cueva de Tailandia"},"content":{"rendered":"<p>Despu\u00e9s de varias jornadas de angustiosa espera,<strong> cuatros de los 12 ni\u00f1os del equipo de f\u00fatbol atrapados en una cueva de Tailandia desde hace m\u00e1s de dos semanas ya han sido rescatados<\/strong>.<\/p>\n<p>La operaci\u00f3n empez\u00f3 a primera hora de la ma\u00f1ana, acelerada por el mal tiempo. \u00abEs una guerra contra el agua\u00bb, ha manifestado Narongsak Osottanakorn, el gobernador de la provincia de Chiang Rai.<\/p>\n<p>El temor a las lluvias monz\u00f3nicas, que ya han empezado a caer sobre los alrededores de la cueva, ha hecho que las labores de rescate se adelantaran. No obstante, los niveles de agua en el interior han bajado, permitiendo que la primera parte de la evacuaci\u00f3n est\u00e9 siendo m\u00e1s r\u00e1pida de lo previsto.<\/p>\n<p>La informaci\u00f3n oficial en cuanto al n\u00famero de ni\u00f1os rescatados ha variado a lo largo del d\u00eda. Finalmente, <strong>el jefe de la operaci\u00f3n, Narongsak Osottanakorn ha confirmado que han sido cuatro los ni\u00f1os evacuados y llevados al hospital<\/strong>.<\/p>\n<p>La operaci\u00f3n para evacuar a las ocho ni\u00f1os que quedan dentro de la cueva y a su entrenador est\u00e1 planeada para dentro de 10 horas si las condiciones climatol\u00f3gicas lo permiten.<\/p>\n<p>&nbsp;<\/p>\n","protected":false},"excerpt":{"rendered":"<p>Despu\u00e9s de varias jornadas de angustiosa espera, cuatros de los 12 ni\u00f1os del equipo de f\u00fatbol atrapados en una cueva de Tailandia desde hace m\u00e1s de dos semanas ya han&hellip;<\/p>\n","protected":false},"author":3,"featured_media":12972,"comment_status":"closed","ping_status":"open","sticky":false,"template":"","format":"standard","meta":{"_acf_changed":false,"footnotes":""},"categories":[7],"tags":[],"class_list":["post-12983","post","type-post","status-publish","format-standard","has-post-thumbnail","hentry","category-mundo"],"acf":[],"yoast_head":"<!-- This site is optimized with the Yoast SEO plugin v27.5 - https:\/\/yoast.com\/product\/yoast-seo-wordpress\/ -->\n<title>Rescataron a cuatro ni\u00f1os de la cueva de Tailandia - Diario Textual<\/title>\n<meta name=\"robots\" content=\"index, follow, max-snippet:-1, max-image-preview:large, max-video-preview:-1\" \/>\n<link rel=\"canonical\" href=\"https:\/\/diariotextual.com\/inicio\/index.php\/2018\/07\/08\/rescatan-los-primeros-dos-ninos-la-cueva-tailandia\/\" \/>\n<meta property=\"og:locale\" content=\"es_ES\" \/>\n<meta property=\"og:type\" content=\"article\" \/>\n<meta property=\"og:title\" content=\"Rescataron a cuatro ni\u00f1os de la cueva de Tailandia - Diario Textual\" \/>\n<meta property=\"og:description\" content=\"Despu\u00e9s de varias jornadas de angustiosa espera, cuatros de los 12 ni\u00f1os del equipo de f\u00fatbol atrapados en una cueva de Tailandia desde hace m\u00e1s de dos semanas ya han&hellip;\" \/>\n<meta property=\"og:url\" content=\"https:\/\/diariotextual.com\/inicio\/index.php\/2018\/07\/08\/rescatan-los-primeros-dos-ninos-la-cueva-tailandia\/\" \/>\n<meta property=\"og:site_name\" content=\"Diario Textual\" \/>\n<meta property=\"article:publisher\" content=\"https:\/\/www.facebook.com\/eltextual\" \/>\n<meta property=\"article:published_time\" content=\"2018-07-08T12:08:50+00:00\" \/>\n<meta property=\"article:modified_time\" content=\"2018-07-09T13:37:12+00:00\" \/>\n<meta property=\"og:image\" content=\"https:\/\/diariotextual.com\/inicio\/wp-content\/uploads\/2018\/07\/cuevatailandiarescate2018-991123.jpg\" \/>\n\t<meta property=\"og:image:width\" content=\"711\" \/>\n\t<meta property=\"og:image:height\" content=\"464\" \/>\n\t<meta property=\"og:image:type\" content=\"image\/jpeg\" \/>\n<meta name=\"author\" content=\"Diario1 Diario1\" \/>\n<meta name=\"twitter:card\" content=\"summary_large_image\" \/>\n<meta name=\"twitter:creator\" content=\"@eltextual\" \/>\n<meta name=\"twitter:site\" content=\"@eltextual\" \/>\n<meta name=\"twitter:label1\" content=\"Escrito por\" \/>\n\t<meta name=\"twitter:data1\" content=\"Diario1 Diario1\" \/>\n\t<meta name=\"twitter:label2\" content=\"Tiempo de lectura\" \/>\n\t<meta name=\"twitter:data2\" content=\"1 minuto\" \/>\n<script type=\"application\/ld+json\" class=\"yoast-schema-graph\">{\"@context\":\"https:\\\/\\\/schema.org\",\"@graph\":[{\"@type\":\"Article\",\"@id\":\"https:\\\/\\\/diariotextual.com\\\/inicio\\\/index.php\\\/2018\\\/07\\\/08\\\/rescatan-los-primeros-dos-ninos-la-cueva-tailandia\\\/#article\",\"isPartOf\":{\"@id\":\"https:\\\/\\\/diariotextual.com\\\/inicio\\\/index.php\\\/2018\\\/07\\\/08\\\/rescatan-los-primeros-dos-ninos-la-cueva-tailandia\\\/\"},\"author\":{\"name\":\"Diario1 Diario1\",\"@id\":\"https:\\\/\\\/diariotextual.com\\\/inicio\\\/#\\\/schema\\\/person\\\/418fc4093c33e86ed41562db3508f958\"},\"headline\":\"Rescataron a cuatro ni\u00f1os de la cueva de Tailandia\",\"datePublished\":\"2018-07-08T12:08:50+00:00\",\"dateModified\":\"2018-07-09T13:37:12+00:00\",\"mainEntityOfPage\":{\"@id\":\"https:\\\/\\\/diariotextual.com\\\/inicio\\\/index.php\\\/2018\\\/07\\\/08\\\/rescatan-los-primeros-dos-ninos-la-cueva-tailandia\\\/\"},\"wordCount\":214,\"publisher\":{\"@id\":\"https:\\\/\\\/diariotextual.com\\\/inicio\\\/#organization\"},\"image\":{\"@id\":\"https:\\\/\\\/diariotextual.com\\\/inicio\\\/index.php\\\/2018\\\/07\\\/08\\\/rescatan-los-primeros-dos-ninos-la-cueva-tailandia\\\/#primaryimage\"},\"thumbnailUrl\":\"https:\\\/\\\/diariotextual.com\\\/inicio\\\/wp-content\\\/uploads\\\/2018\\\/07\\\/cuevatailandiarescate2018-991123.jpg\",\"articleSection\":[\"MUNDO\"],\"inLanguage\":\"es\"},{\"@type\":\"WebPage\",\"@id\":\"https:\\\/\\\/diariotextual.com\\\/inicio\\\/index.php\\\/2018\\\/07\\\/08\\\/rescatan-los-primeros-dos-ninos-la-cueva-tailandia\\\/\",\"url\":\"https:\\\/\\\/diariotextual.com\\\/inicio\\\/index.php\\\/2018\\\/07\\\/08\\\/rescatan-los-primeros-dos-ninos-la-cueva-tailandia\\\/\",\"name\":\"Rescataron a cuatro ni\u00f1os de la cueva de Tailandia - Diario Textual\",\"isPartOf\":{\"@id\":\"https:\\\/\\\/diariotextual.com\\\/inicio\\\/#website\"},\"primaryImageOfPage\":{\"@id\":\"https:\\\/\\\/diariotextual.com\\\/inicio\\\/index.php\\\/2018\\\/07\\\/08\\\/rescatan-los-primeros-dos-ninos-la-cueva-tailandia\\\/#primaryimage\"},\"image\":{\"@id\":\"https:\\\/\\\/diariotextual.com\\\/inicio\\\/index.php\\\/2018\\\/07\\\/08\\\/rescatan-los-primeros-dos-ninos-la-cueva-tailandia\\\/#primaryimage\"},\"thumbnailUrl\":\"https:\\\/\\\/diariotextual.com\\\/inicio\\\/wp-content\\\/uploads\\\/2018\\\/07\\\/cuevatailandiarescate2018-991123.jpg\",\"datePublished\":\"2018-07-08T12:08:50+00:00\",\"dateModified\":\"2018-07-09T13:37:12+00:00\",\"breadcrumb\":{\"@id\":\"https:\\\/\\\/diariotextual.com\\\/inicio\\\/index.php\\\/2018\\\/07\\\/08\\\/rescatan-los-primeros-dos-ninos-la-cueva-tailandia\\\/#breadcrumb\"},\"inLanguage\":\"es\",\"potentialAction\":[{\"@type\":\"ReadAction\",\"target\":[\"https:\\\/\\\/diariotextual.com\\\/inicio\\\/index.php\\\/2018\\\/07\\\/08\\\/rescatan-los-primeros-dos-ninos-la-cueva-tailandia\\\/\"]}]},{\"@type\":\"ImageObject\",\"inLanguage\":\"es\",\"@id\":\"https:\\\/\\\/diariotextual.com\\\/inicio\\\/index.php\\\/2018\\\/07\\\/08\\\/rescatan-los-primeros-dos-ninos-la-cueva-tailandia\\\/#primaryimage\",\"url\":\"https:\\\/\\\/diariotextual.com\\\/inicio\\\/wp-content\\\/uploads\\\/2018\\\/07\\\/cuevatailandiarescate2018-991123.jpg\",\"contentUrl\":\"https:\\\/\\\/diariotextual.com\\\/inicio\\\/wp-content\\\/uploads\\\/2018\\\/07\\\/cuevatailandiarescate2018-991123.jpg\",\"width\":711,\"height\":464},{\"@type\":\"BreadcrumbList\",\"@id\":\"https:\\\/\\\/diariotextual.com\\\/inicio\\\/index.php\\\/2018\\\/07\\\/08\\\/rescatan-los-primeros-dos-ninos-la-cueva-tailandia\\\/#breadcrumb\",\"itemListElement\":[{\"@type\":\"ListItem\",\"position\":1,\"name\":\"Portada\",\"item\":\"https:\\\/\\\/diariotextual.com\\\/inicio\\\/\"},{\"@type\":\"ListItem\",\"position\":2,\"name\":\"Rescataron a cuatro ni\u00f1os de la cueva de Tailandia\"}]},{\"@type\":\"WebSite\",\"@id\":\"https:\\\/\\\/diariotextual.com\\\/inicio\\\/#website\",\"url\":\"https:\\\/\\\/diariotextual.com\\\/inicio\\\/\",\"name\":\"Diario Textual\",\"description\":\"\",\"publisher\":{\"@id\":\"https:\\\/\\\/diariotextual.com\\\/inicio\\\/#organization\"},\"potentialAction\":[{\"@type\":\"SearchAction\",\"target\":{\"@type\":\"EntryPoint\",\"urlTemplate\":\"https:\\\/\\\/diariotextual.com\\\/inicio\\\/?s={search_term_string}\"},\"query-input\":{\"@type\":\"PropertyValueSpecification\",\"valueRequired\":true,\"valueName\":\"search_term_string\"}}],\"inLanguage\":\"es\"},{\"@type\":\"Organization\",\"@id\":\"https:\\\/\\\/diariotextual.com\\\/inicio\\\/#organization\",\"name\":\"Diario Textual\",\"url\":\"https:\\\/\\\/diariotextual.com\\\/inicio\\\/\",\"logo\":{\"@type\":\"ImageObject\",\"inLanguage\":\"es\",\"@id\":\"https:\\\/\\\/diariotextual.com\\\/inicio\\\/#\\\/schema\\\/logo\\\/image\\\/\",\"url\":\"https:\\\/\\\/diariotextual.com\\\/inicio\\\/wp-content\\\/uploads\\\/2023\\\/05\\\/logotextual1.jpg\",\"contentUrl\":\"https:\\\/\\\/diariotextual.com\\\/inicio\\\/wp-content\\\/uploads\\\/2023\\\/05\\\/logotextual1.jpg\",\"width\":516,\"height\":76,\"caption\":\"Diario Textual\"},\"image\":{\"@id\":\"https:\\\/\\\/diariotextual.com\\\/inicio\\\/#\\\/schema\\\/logo\\\/image\\\/\"},\"sameAs\":[\"https:\\\/\\\/www.facebook.com\\\/eltextual\",\"https:\\\/\\\/x.com\\\/eltextual\",\"http:\\\/\\\/www.instagram.com\\\/eltextual\"]},{\"@type\":\"Person\",\"@id\":\"https:\\\/\\\/diariotextual.com\\\/inicio\\\/#\\\/schema\\\/person\\\/418fc4093c33e86ed41562db3508f958\",\"name\":\"Diario1 Diario1\",\"image\":{\"@type\":\"ImageObject\",\"inLanguage\":\"es\",\"@id\":\"https:\\\/\\\/secure.gravatar.com\\\/avatar\\\/9167d280179c85bc18be67aa7eda765854300033af4896dd779b608640f2ef7a?s=96&d=mm&r=g\",\"url\":\"https:\\\/\\\/secure.gravatar.com\\\/avatar\\\/9167d280179c85bc18be67aa7eda765854300033af4896dd779b608640f2ef7a?s=96&d=mm&r=g\",\"contentUrl\":\"https:\\\/\\\/secure.gravatar.com\\\/avatar\\\/9167d280179c85bc18be67aa7eda765854300033af4896dd779b608640f2ef7a?s=96&d=mm&r=g\",\"caption\":\"Diario1 Diario1\"},\"url\":\"https:\\\/\\\/diariotextual.com\\\/inicio\\\/index.php\\\/author\\\/diario1\\\/\"}]}<\/script>\n<!-- \/ Yoast SEO plugin. -->","yoast_head_json":{"title":"Rescataron a cuatro ni\u00f1os de la cueva de Tailandia - Diario Textual","robots":{"index":"index","follow":"follow","max-snippet":"max-snippet:-1","max-image-preview":"max-image-preview:large","max-video-preview":"max-video-preview:-1"},"canonical":"https:\/\/diariotextual.com\/inicio\/index.php\/2018\/07\/08\/rescatan-los-primeros-dos-ninos-la-cueva-tailandia\/","og_locale":"es_ES","og_type":"article","og_title":"Rescataron a cuatro ni\u00f1os de la cueva de Tailandia - Diario Textual","og_description":"Despu\u00e9s de varias jornadas de angustiosa espera, cuatros de los 12 ni\u00f1os del equipo de f\u00fatbol atrapados en una cueva de Tailandia desde hace m\u00e1s de dos semanas ya han&hellip;","og_url":"https:\/\/diariotextual.com\/inicio\/index.php\/2018\/07\/08\/rescatan-los-primeros-dos-ninos-la-cueva-tailandia\/","og_site_name":"Diario Textual","article_publisher":"https:\/\/www.facebook.com\/eltextual","article_published_time":"2018-07-08T12:08:50+00:00","article_modified_time":"2018-07-09T13:37:12+00:00","og_image":[{"width":711,"height":464,"url":"https:\/\/diariotextual.com\/inicio\/wp-content\/uploads\/2018\/07\/cuevatailandiarescate2018-991123.jpg","type":"image\/jpeg"}],"author":"Diario1 Diario1","twitter_card":"summary_large_image","twitter_creator":"@eltextual","twitter_site":"@eltextual","twitter_misc":{"Escrito por":"Diario1 Diario1","Tiempo de lectura":"1 minuto"},"schema":{"@context":"https:\/\/schema.org","@graph":[{"@type":"Article","@id":"https:\/\/diariotextual.com\/inicio\/index.php\/2018\/07\/08\/rescatan-los-primeros-dos-ninos-la-cueva-tailandia\/#article","isPartOf":{"@id":"https:\/\/diariotextual.com\/inicio\/index.php\/2018\/07\/08\/rescatan-los-primeros-dos-ninos-la-cueva-tailandia\/"},"author":{"name":"Diario1 Diario1","@id":"https:\/\/diariotextual.com\/inicio\/#\/schema\/person\/418fc4093c33e86ed41562db3508f958"},"headline":"Rescataron a cuatro ni\u00f1os de la cueva de Tailandia","datePublished":"2018-07-08T12:08:50+00:00","dateModified":"2018-07-09T13:37:12+00:00","mainEntityOfPage":{"@id":"https:\/\/diariotextual.com\/inicio\/index.php\/2018\/07\/08\/rescatan-los-primeros-dos-ninos-la-cueva-tailandia\/"},"wordCount":214,"publisher":{"@id":"https:\/\/diariotextual.com\/inicio\/#organization"},"image":{"@id":"https:\/\/diariotextual.com\/inicio\/index.php\/2018\/07\/08\/rescatan-los-primeros-dos-ninos-la-cueva-tailandia\/#primaryimage"},"thumbnailUrl":"https:\/\/diariotextual.com\/inicio\/wp-content\/uploads\/2018\/07\/cuevatailandiarescate2018-991123.jpg","articleSection":["MUNDO"],"inLanguage":"es"},{"@type":"WebPage","@id":"https:\/\/diariotextual.com\/inicio\/index.php\/2018\/07\/08\/rescatan-los-primeros-dos-ninos-la-cueva-tailandia\/","url":"https:\/\/diariotextual.com\/inicio\/index.php\/2018\/07\/08\/rescatan-los-primeros-dos-ninos-la-cueva-tailandia\/","name":"Rescataron a cuatro ni\u00f1os de la cueva de Tailandia - Diario Textual","isPartOf":{"@id":"https:\/\/diariotextual.com\/inicio\/#website"},"primaryImageOfPage":{"@id":"https:\/\/diariotextual.com\/inicio\/index.php\/2018\/07\/08\/rescatan-los-primeros-dos-ninos-la-cueva-tailandia\/#primaryimage"},"image":{"@id":"https:\/\/diariotextual.com\/inicio\/index.php\/2018\/07\/08\/rescatan-los-primeros-dos-ninos-la-cueva-tailandia\/#primaryimage"},"thumbnailUrl":"https:\/\/diariotextual.com\/inicio\/wp-content\/uploads\/2018\/07\/cuevatailandiarescate2018-991123.jpg","datePublished":"2018-07-08T12:08:50+00:00","dateModified":"2018-07-09T13:37:12+00:00","breadcrumb":{"@id":"https:\/\/diariotextual.com\/inicio\/index.php\/2018\/07\/08\/rescatan-los-primeros-dos-ninos-la-cueva-tailandia\/#breadcrumb"},"inLanguage":"es","potentialAction":[{"@type":"ReadAction","target":["https:\/\/diariotextual.com\/inicio\/index.php\/2018\/07\/08\/rescatan-los-primeros-dos-ninos-la-cueva-tailandia\/"]}]},{"@type":"ImageObject","inLanguage":"es","@id":"https:\/\/diariotextual.com\/inicio\/index.php\/2018\/07\/08\/rescatan-los-primeros-dos-ninos-la-cueva-tailandia\/#primaryimage","url":"https:\/\/diariotextual.com\/inicio\/wp-content\/uploads\/2018\/07\/cuevatailandiarescate2018-991123.jpg","contentUrl":"https:\/\/diariotextual.com\/inicio\/wp-content\/uploads\/2018\/07\/cuevatailandiarescate2018-991123.jpg","width":711,"height":464},{"@type":"BreadcrumbList","@id":"https:\/\/diariotextual.com\/inicio\/index.php\/2018\/07\/08\/rescatan-los-primeros-dos-ninos-la-cueva-tailandia\/#breadcrumb","itemListElement":[{"@type":"ListItem","position":1,"name":"Portada","item":"https:\/\/diariotextual.com\/inicio\/"},{"@type":"ListItem","position":2,"name":"Rescataron a cuatro ni\u00f1os de la cueva de Tailandia"}]},{"@type":"WebSite","@id":"https:\/\/diariotextual.com\/inicio\/#website","url":"https:\/\/diariotextual.com\/inicio\/","name":"Diario Textual","description":"","publisher":{"@id":"https:\/\/diariotextual.com\/inicio\/#organization"},"potentialAction":[{"@type":"SearchAction","target":{"@type":"EntryPoint","urlTemplate":"https:\/\/diariotextual.com\/inicio\/?s={search_term_string}"},"query-input":{"@type":"PropertyValueSpecification","valueRequired":true,"valueName":"search_term_string"}}],"inLanguage":"es"},{"@type":"Organization","@id":"https:\/\/diariotextual.com\/inicio\/#organization","name":"Diario Textual","url":"https:\/\/diariotextual.com\/inicio\/","logo":{"@type":"ImageObject","inLanguage":"es","@id":"https:\/\/diariotextual.com\/inicio\/#\/schema\/logo\/image\/","url":"https:\/\/diariotextual.com\/inicio\/wp-content\/uploads\/2023\/05\/logotextual1.jpg","contentUrl":"https:\/\/diariotextual.com\/inicio\/wp-content\/uploads\/2023\/05\/logotextual1.jpg","width":516,"height":76,"caption":"Diario Textual"},"image":{"@id":"https:\/\/diariotextual.com\/inicio\/#\/schema\/logo\/image\/"},"sameAs":["https:\/\/www.facebook.com\/eltextual","https:\/\/x.com\/eltextual","http:\/\/www.instagram.com\/eltextual"]},{"@type":"Person","@id":"https:\/\/diariotextual.com\/inicio\/#\/schema\/person\/418fc4093c33e86ed41562db3508f958","name":"Diario1 Diario1","image":{"@type":"ImageObject","inLanguage":"es","@id":"https:\/\/secure.gravatar.com\/avatar\/9167d280179c85bc18be67aa7eda765854300033af4896dd779b608640f2ef7a?s=96&d=mm&r=g","url":"https:\/\/secure.gravatar.com\/avatar\/9167d280179c85bc18be67aa7eda765854300033af4896dd779b608640f2ef7a?s=96&d=mm&r=g","contentUrl":"https:\/\/secure.gravatar.com\/avatar\/9167d280179c85bc18be67aa7eda765854300033af4896dd779b608640f2ef7a?s=96&d=mm&r=g","caption":"Diario1 Diario1"},"url":"https:\/\/diariotextual.com\/inicio\/index.php\/author\/diario1\/"}]}},"_links":{"self":[{"href":"https:\/\/diariotextual.com\/inicio\/index.php\/wp-json\/wp\/v2\/posts\/12983","targetHints":{"allow":["GET"]}}],"collection":[{"href":"https:\/\/diariotextual.com\/inicio\/index.php\/wp-json\/wp\/v2\/posts"}],"about":[{"href":"https:\/\/diariotextual.com\/inicio\/index.php\/wp-json\/wp\/v2\/types\/post"}],"author":[{"embeddable":true,"href":"https:\/\/diariotextual.com\/inicio\/index.php\/wp-json\/wp\/v2\/users\/3"}],"replies":[{"embeddable":true,"href":"https:\/\/diariotextual.com\/inicio\/index.php\/wp-json\/wp\/v2\/comments?post=12983"}],"version-history":[{"count":6,"href":"https:\/\/diariotextual.com\/inicio\/index.php\/wp-json\/wp\/v2\/posts\/12983\/revisions"}],"predecessor-version":[{"id":12989,"href":"https:\/\/diariotextual.com\/inicio\/index.php\/wp-json\/wp\/v2\/posts\/12983\/revisions\/12989"}],"wp:featuredmedia":[{"embeddable":true,"href":"https:\/\/diariotextual.com\/inicio\/index.php\/wp-json\/wp\/v2\/media\/12972"}],"wp:attachment":[{"href":"https:\/\/diariotextual.com\/inicio\/index.php\/wp-json\/wp\/v2\/media?parent=12983"}],"wp:term":[{"taxonomy":"category","embeddable":true,"href":"https:\/\/diariotextual.com\/inicio\/index.php\/wp-json\/wp\/v2\/categories?post=12983"},{"taxonomy":"post_tag","embeddable":true,"href":"https:\/\/diariotextual.com\/inicio\/index.php\/wp-json\/wp\/v2\/tags?post=12983"}],"curies":[{"name":"wp","href":"https:\/\/api.w.org\/{rel}","templated":true}]}}