{"id":12990,"date":"2018-07-08T12:50:53","date_gmt":"2018-07-08T15:50:53","guid":{"rendered":"http:\/\/diariotextual.com\/inicio\/?p=12990"},"modified":"2018-07-08T23:16:13","modified_gmt":"2018-07-09T02:16:13","slug":"juez-ordeno-liberar-lula-da-silva","status":"publish","type":"post","link":"https:\/\/diariotextual.com\/inicio\/index.php\/2018\/07\/08\/juez-ordeno-liberar-lula-da-silva\/","title":{"rendered":"Brasil: juez orden\u00f3 liberar a Lula Da Silva y otro mantenerlo en la c\u00e1rcel"},"content":{"rendered":"<p>Brasil est\u00e1 inmerso en una tensi\u00f3n pol\u00edtica y social.\u00a0En una decisi\u00f3n publicada esta ma\u00f1ana, el juez Rog\u00e9rio Favreto, del Tribunal Regional Federal de la 4\u00aa Regi\u00f3n, <strong>dio lugar al h\u00e1beas corpus presentado por tres diputados a favor del expresidente Lula da Silva<\/strong> y suspendi\u00f3 la ejecuci\u00f3n de su pena. Sin embargo, el juez Jo\u00e3o Gebran Neto, instructor del caso Lava Jato en un tribunal de segunda instancia, revoc\u00f3 poco despu\u00e9s la orden de excarcelaci\u00f3n \u00abinmediata\u00bb y decidi\u00f3 mantener al expresidente brasile\u00f1o en prisi\u00f3n.<\/p>\n<p>\u00abDetermino que la autoridad coautora\u00bb de la orden y la Polic\u00eda Federal \u00abse abstengan de practicar cualquier acto que modifique la decisi\u00f3n colegiada\u00bb del tribunal, escribi\u00f3 Gebran Neto.<\/p>\n<p>El magistrado es uno de los tres jueces que integran la octava sala del Tribunal Regional Federal de la Cuarta Regi\u00f3n de Porto Alegre, corte que conden\u00f3 a Lula en segunda instancia a 12 a\u00f1os y un mes por corrupci\u00f3n pasiva y lavado de dinero.<\/p>\n<p>Gebran Neto contradijo la decisi\u00f3n dictada horas antes por el juez federal de turno Rogerio Favreto, tambi\u00e9n de segunda instancia, quien este domingo concedi\u00f3 a Lula un \u00abhabeas corpus\u00bb solicitado por diputados del Partido de los Trabajadores (PT), formaci\u00f3n liderada por el ex presidente.<\/p>\n<div class=\"row\">\n<div class=\"col-xs-12 col-print-12\">\n<p class=\"element element-paragraph\">Favreto argument\u00f3 en la justificaci\u00f3n de su decisi\u00f3n que el encarcelamiento atentaba contra el derecho de Lula a ser candidato a Presidente de la Rep\u00fablica en los pr\u00f3ximos comicios.<\/p>\n<\/div>\n<\/div>\n<div class=\"row\">\n<div class=\"col-xs-12 col-print-12\">\n<p class=\"element element-paragraph\">Lula cumple desde abril en Curitiba (sur) una condena de doce a\u00f1os y un mes de c\u00e1rcel por corrupci\u00f3n pasiva y lavado de dinero.<\/p>\n<\/div>\n<\/div>\n<div class=\"row\">\n<div class=\"col-xs-12 col-print-12\">\n<p class=\"element element-paragraph\">Casi inmediatamente despu\u00e9s de conocerse la decisi\u00f3n, el juez<strong>\u00a0Sergio Moro<\/strong>, quien conden\u00f3 a Lula,\u00a0<strong>asegur\u00f3 que Favreto es \u00abincompetente\u00bb para tomar la decisi\u00f3n, acrecentando la incertidumbre.<\/strong><\/p>\n<\/div>\n<\/div>\n<p>&nbsp;<\/p>\n<p>&nbsp;<\/p>\n","protected":false},"excerpt":{"rendered":"<p>Brasil est\u00e1 inmerso en una tensi\u00f3n pol\u00edtica y social.\u00a0En una decisi\u00f3n publicada esta ma\u00f1ana, el juez Rog\u00e9rio Favreto, del Tribunal Regional Federal de la 4\u00aa Regi\u00f3n, dio lugar al h\u00e1beas&hellip;<\/p>\n","protected":false},"author":3,"featured_media":4069,"comment_status":"closed","ping_status":"open","sticky":false,"template":"","format":"standard","meta":{"_acf_changed":false,"footnotes":""},"categories":[7],"tags":[],"class_list":["post-12990","post","type-post","status-publish","format-standard","has-post-thumbnail","hentry","category-mundo"],"acf":[],"yoast_head":"<!-- This site is optimized with the Yoast SEO plugin v27.5 - https:\/\/yoast.com\/product\/yoast-seo-wordpress\/ -->\n<title>Brasil: juez orden\u00f3 liberar a Lula Da Silva y otro mantenerlo en la c\u00e1rcel - Diario Textual<\/title>\n<meta name=\"robots\" content=\"index, follow, max-snippet:-1, max-image-preview:large, max-video-preview:-1\" \/>\n<link rel=\"canonical\" href=\"https:\/\/diariotextual.com\/inicio\/index.php\/2018\/07\/08\/juez-ordeno-liberar-lula-da-silva\/\" \/>\n<meta property=\"og:locale\" content=\"es_ES\" \/>\n<meta property=\"og:type\" content=\"article\" \/>\n<meta property=\"og:title\" content=\"Brasil: juez orden\u00f3 liberar a Lula Da Silva y otro mantenerlo en la c\u00e1rcel - Diario Textual\" \/>\n<meta property=\"og:description\" content=\"Brasil est\u00e1 inmerso en una tensi\u00f3n pol\u00edtica y social.\u00a0En una decisi\u00f3n publicada esta ma\u00f1ana, el juez Rog\u00e9rio Favreto, del Tribunal Regional Federal de la 4\u00aa Regi\u00f3n, dio lugar al h\u00e1beas&hellip;\" \/>\n<meta property=\"og:url\" content=\"https:\/\/diariotextual.com\/inicio\/index.php\/2018\/07\/08\/juez-ordeno-liberar-lula-da-silva\/\" \/>\n<meta property=\"og:site_name\" content=\"Diario Textual\" \/>\n<meta property=\"article:publisher\" content=\"https:\/\/www.facebook.com\/eltextual\" \/>\n<meta property=\"article:published_time\" content=\"2018-07-08T15:50:53+00:00\" \/>\n<meta property=\"article:modified_time\" content=\"2018-07-09T02:16:13+00:00\" \/>\n<meta property=\"og:image\" content=\"https:\/\/diariotextual.com\/inicio\/wp-content\/uploads\/2018\/04\/luladasilva712121212.jpg\" \/>\n\t<meta property=\"og:image:width\" content=\"649\" \/>\n\t<meta property=\"og:image:height\" content=\"406\" \/>\n\t<meta property=\"og:image:type\" content=\"image\/jpeg\" \/>\n<meta name=\"author\" content=\"Diario1 Diario1\" \/>\n<meta name=\"twitter:card\" content=\"summary_large_image\" \/>\n<meta name=\"twitter:creator\" content=\"@eltextual\" \/>\n<meta name=\"twitter:site\" content=\"@eltextual\" \/>\n<meta name=\"twitter:label1\" content=\"Escrito por\" \/>\n\t<meta name=\"twitter:data1\" content=\"Diario1 Diario1\" \/>\n\t<meta name=\"twitter:label2\" content=\"Tiempo de lectura\" \/>\n\t<meta name=\"twitter:data2\" content=\"2 minutos\" \/>\n<script type=\"application\/ld+json\" class=\"yoast-schema-graph\">{\"@context\":\"https:\\\/\\\/schema.org\",\"@graph\":[{\"@type\":\"Article\",\"@id\":\"https:\\\/\\\/diariotextual.com\\\/inicio\\\/index.php\\\/2018\\\/07\\\/08\\\/juez-ordeno-liberar-lula-da-silva\\\/#article\",\"isPartOf\":{\"@id\":\"https:\\\/\\\/diariotextual.com\\\/inicio\\\/index.php\\\/2018\\\/07\\\/08\\\/juez-ordeno-liberar-lula-da-silva\\\/\"},\"author\":{\"name\":\"Diario1 Diario1\",\"@id\":\"https:\\\/\\\/diariotextual.com\\\/inicio\\\/#\\\/schema\\\/person\\\/418fc4093c33e86ed41562db3508f958\"},\"headline\":\"Brasil: juez orden\u00f3 liberar a Lula Da Silva y otro mantenerlo en la c\u00e1rcel\",\"datePublished\":\"2018-07-08T15:50:53+00:00\",\"dateModified\":\"2018-07-09T02:16:13+00:00\",\"mainEntityOfPage\":{\"@id\":\"https:\\\/\\\/diariotextual.com\\\/inicio\\\/index.php\\\/2018\\\/07\\\/08\\\/juez-ordeno-liberar-lula-da-silva\\\/\"},\"wordCount\":327,\"publisher\":{\"@id\":\"https:\\\/\\\/diariotextual.com\\\/inicio\\\/#organization\"},\"image\":{\"@id\":\"https:\\\/\\\/diariotextual.com\\\/inicio\\\/index.php\\\/2018\\\/07\\\/08\\\/juez-ordeno-liberar-lula-da-silva\\\/#primaryimage\"},\"thumbnailUrl\":\"https:\\\/\\\/diariotextual.com\\\/inicio\\\/wp-content\\\/uploads\\\/2018\\\/04\\\/luladasilva712121212.jpg\",\"articleSection\":[\"MUNDO\"],\"inLanguage\":\"es\"},{\"@type\":\"WebPage\",\"@id\":\"https:\\\/\\\/diariotextual.com\\\/inicio\\\/index.php\\\/2018\\\/07\\\/08\\\/juez-ordeno-liberar-lula-da-silva\\\/\",\"url\":\"https:\\\/\\\/diariotextual.com\\\/inicio\\\/index.php\\\/2018\\\/07\\\/08\\\/juez-ordeno-liberar-lula-da-silva\\\/\",\"name\":\"Brasil: juez orden\u00f3 liberar a Lula Da Silva y otro mantenerlo en la c\u00e1rcel - Diario Textual\",\"isPartOf\":{\"@id\":\"https:\\\/\\\/diariotextual.com\\\/inicio\\\/#website\"},\"primaryImageOfPage\":{\"@id\":\"https:\\\/\\\/diariotextual.com\\\/inicio\\\/index.php\\\/2018\\\/07\\\/08\\\/juez-ordeno-liberar-lula-da-silva\\\/#primaryimage\"},\"image\":{\"@id\":\"https:\\\/\\\/diariotextual.com\\\/inicio\\\/index.php\\\/2018\\\/07\\\/08\\\/juez-ordeno-liberar-lula-da-silva\\\/#primaryimage\"},\"thumbnailUrl\":\"https:\\\/\\\/diariotextual.com\\\/inicio\\\/wp-content\\\/uploads\\\/2018\\\/04\\\/luladasilva712121212.jpg\",\"datePublished\":\"2018-07-08T15:50:53+00:00\",\"dateModified\":\"2018-07-09T02:16:13+00:00\",\"breadcrumb\":{\"@id\":\"https:\\\/\\\/diariotextual.com\\\/inicio\\\/index.php\\\/2018\\\/07\\\/08\\\/juez-ordeno-liberar-lula-da-silva\\\/#breadcrumb\"},\"inLanguage\":\"es\",\"potentialAction\":[{\"@type\":\"ReadAction\",\"target\":[\"https:\\\/\\\/diariotextual.com\\\/inicio\\\/index.php\\\/2018\\\/07\\\/08\\\/juez-ordeno-liberar-lula-da-silva\\\/\"]}]},{\"@type\":\"ImageObject\",\"inLanguage\":\"es\",\"@id\":\"https:\\\/\\\/diariotextual.com\\\/inicio\\\/index.php\\\/2018\\\/07\\\/08\\\/juez-ordeno-liberar-lula-da-silva\\\/#primaryimage\",\"url\":\"https:\\\/\\\/diariotextual.com\\\/inicio\\\/wp-content\\\/uploads\\\/2018\\\/04\\\/luladasilva712121212.jpg\",\"contentUrl\":\"https:\\\/\\\/diariotextual.com\\\/inicio\\\/wp-content\\\/uploads\\\/2018\\\/04\\\/luladasilva712121212.jpg\",\"width\":649,\"height\":406},{\"@type\":\"BreadcrumbList\",\"@id\":\"https:\\\/\\\/diariotextual.com\\\/inicio\\\/index.php\\\/2018\\\/07\\\/08\\\/juez-ordeno-liberar-lula-da-silva\\\/#breadcrumb\",\"itemListElement\":[{\"@type\":\"ListItem\",\"position\":1,\"name\":\"Portada\",\"item\":\"https:\\\/\\\/diariotextual.com\\\/inicio\\\/\"},{\"@type\":\"ListItem\",\"position\":2,\"name\":\"Brasil: juez orden\u00f3 liberar a Lula Da Silva y otro mantenerlo en la c\u00e1rcel\"}]},{\"@type\":\"WebSite\",\"@id\":\"https:\\\/\\\/diariotextual.com\\\/inicio\\\/#website\",\"url\":\"https:\\\/\\\/diariotextual.com\\\/inicio\\\/\",\"name\":\"Diario Textual\",\"description\":\"\",\"publisher\":{\"@id\":\"https:\\\/\\\/diariotextual.com\\\/inicio\\\/#organization\"},\"potentialAction\":[{\"@type\":\"SearchAction\",\"target\":{\"@type\":\"EntryPoint\",\"urlTemplate\":\"https:\\\/\\\/diariotextual.com\\\/inicio\\\/?s={search_term_string}\"},\"query-input\":{\"@type\":\"PropertyValueSpecification\",\"valueRequired\":true,\"valueName\":\"search_term_string\"}}],\"inLanguage\":\"es\"},{\"@type\":\"Organization\",\"@id\":\"https:\\\/\\\/diariotextual.com\\\/inicio\\\/#organization\",\"name\":\"Diario Textual\",\"url\":\"https:\\\/\\\/diariotextual.com\\\/inicio\\\/\",\"logo\":{\"@type\":\"ImageObject\",\"inLanguage\":\"es\",\"@id\":\"https:\\\/\\\/diariotextual.com\\\/inicio\\\/#\\\/schema\\\/logo\\\/image\\\/\",\"url\":\"https:\\\/\\\/diariotextual.com\\\/inicio\\\/wp-content\\\/uploads\\\/2023\\\/05\\\/logotextual1.jpg\",\"contentUrl\":\"https:\\\/\\\/diariotextual.com\\\/inicio\\\/wp-content\\\/uploads\\\/2023\\\/05\\\/logotextual1.jpg\",\"width\":516,\"height\":76,\"caption\":\"Diario Textual\"},\"image\":{\"@id\":\"https:\\\/\\\/diariotextual.com\\\/inicio\\\/#\\\/schema\\\/logo\\\/image\\\/\"},\"sameAs\":[\"https:\\\/\\\/www.facebook.com\\\/eltextual\",\"https:\\\/\\\/x.com\\\/eltextual\",\"http:\\\/\\\/www.instagram.com\\\/eltextual\"]},{\"@type\":\"Person\",\"@id\":\"https:\\\/\\\/diariotextual.com\\\/inicio\\\/#\\\/schema\\\/person\\\/418fc4093c33e86ed41562db3508f958\",\"name\":\"Diario1 Diario1\",\"image\":{\"@type\":\"ImageObject\",\"inLanguage\":\"es\",\"@id\":\"https:\\\/\\\/secure.gravatar.com\\\/avatar\\\/9167d280179c85bc18be67aa7eda765854300033af4896dd779b608640f2ef7a?s=96&d=mm&r=g\",\"url\":\"https:\\\/\\\/secure.gravatar.com\\\/avatar\\\/9167d280179c85bc18be67aa7eda765854300033af4896dd779b608640f2ef7a?s=96&d=mm&r=g\",\"contentUrl\":\"https:\\\/\\\/secure.gravatar.com\\\/avatar\\\/9167d280179c85bc18be67aa7eda765854300033af4896dd779b608640f2ef7a?s=96&d=mm&r=g\",\"caption\":\"Diario1 Diario1\"},\"url\":\"https:\\\/\\\/diariotextual.com\\\/inicio\\\/index.php\\\/author\\\/diario1\\\/\"}]}<\/script>\n<!-- \/ Yoast SEO plugin. -->","yoast_head_json":{"title":"Brasil: juez orden\u00f3 liberar a Lula Da Silva y otro mantenerlo en la c\u00e1rcel - Diario Textual","robots":{"index":"index","follow":"follow","max-snippet":"max-snippet:-1","max-image-preview":"max-image-preview:large","max-video-preview":"max-video-preview:-1"},"canonical":"https:\/\/diariotextual.com\/inicio\/index.php\/2018\/07\/08\/juez-ordeno-liberar-lula-da-silva\/","og_locale":"es_ES","og_type":"article","og_title":"Brasil: juez orden\u00f3 liberar a Lula Da Silva y otro mantenerlo en la c\u00e1rcel - Diario Textual","og_description":"Brasil est\u00e1 inmerso en una tensi\u00f3n pol\u00edtica y social.\u00a0En una decisi\u00f3n publicada esta ma\u00f1ana, el juez Rog\u00e9rio Favreto, del Tribunal Regional Federal de la 4\u00aa Regi\u00f3n, dio lugar al h\u00e1beas&hellip;","og_url":"https:\/\/diariotextual.com\/inicio\/index.php\/2018\/07\/08\/juez-ordeno-liberar-lula-da-silva\/","og_site_name":"Diario Textual","article_publisher":"https:\/\/www.facebook.com\/eltextual","article_published_time":"2018-07-08T15:50:53+00:00","article_modified_time":"2018-07-09T02:16:13+00:00","og_image":[{"width":649,"height":406,"url":"https:\/\/diariotextual.com\/inicio\/wp-content\/uploads\/2018\/04\/luladasilva712121212.jpg","type":"image\/jpeg"}],"author":"Diario1 Diario1","twitter_card":"summary_large_image","twitter_creator":"@eltextual","twitter_site":"@eltextual","twitter_misc":{"Escrito por":"Diario1 Diario1","Tiempo de lectura":"2 minutos"},"schema":{"@context":"https:\/\/schema.org","@graph":[{"@type":"Article","@id":"https:\/\/diariotextual.com\/inicio\/index.php\/2018\/07\/08\/juez-ordeno-liberar-lula-da-silva\/#article","isPartOf":{"@id":"https:\/\/diariotextual.com\/inicio\/index.php\/2018\/07\/08\/juez-ordeno-liberar-lula-da-silva\/"},"author":{"name":"Diario1 Diario1","@id":"https:\/\/diariotextual.com\/inicio\/#\/schema\/person\/418fc4093c33e86ed41562db3508f958"},"headline":"Brasil: juez orden\u00f3 liberar a Lula Da Silva y otro mantenerlo en la c\u00e1rcel","datePublished":"2018-07-08T15:50:53+00:00","dateModified":"2018-07-09T02:16:13+00:00","mainEntityOfPage":{"@id":"https:\/\/diariotextual.com\/inicio\/index.php\/2018\/07\/08\/juez-ordeno-liberar-lula-da-silva\/"},"wordCount":327,"publisher":{"@id":"https:\/\/diariotextual.com\/inicio\/#organization"},"image":{"@id":"https:\/\/diariotextual.com\/inicio\/index.php\/2018\/07\/08\/juez-ordeno-liberar-lula-da-silva\/#primaryimage"},"thumbnailUrl":"https:\/\/diariotextual.com\/inicio\/wp-content\/uploads\/2018\/04\/luladasilva712121212.jpg","articleSection":["MUNDO"],"inLanguage":"es"},{"@type":"WebPage","@id":"https:\/\/diariotextual.com\/inicio\/index.php\/2018\/07\/08\/juez-ordeno-liberar-lula-da-silva\/","url":"https:\/\/diariotextual.com\/inicio\/index.php\/2018\/07\/08\/juez-ordeno-liberar-lula-da-silva\/","name":"Brasil: juez orden\u00f3 liberar a Lula Da Silva y otro mantenerlo en la c\u00e1rcel - Diario Textual","isPartOf":{"@id":"https:\/\/diariotextual.com\/inicio\/#website"},"primaryImageOfPage":{"@id":"https:\/\/diariotextual.com\/inicio\/index.php\/2018\/07\/08\/juez-ordeno-liberar-lula-da-silva\/#primaryimage"},"image":{"@id":"https:\/\/diariotextual.com\/inicio\/index.php\/2018\/07\/08\/juez-ordeno-liberar-lula-da-silva\/#primaryimage"},"thumbnailUrl":"https:\/\/diariotextual.com\/inicio\/wp-content\/uploads\/2018\/04\/luladasilva712121212.jpg","datePublished":"2018-07-08T15:50:53+00:00","dateModified":"2018-07-09T02:16:13+00:00","breadcrumb":{"@id":"https:\/\/diariotextual.com\/inicio\/index.php\/2018\/07\/08\/juez-ordeno-liberar-lula-da-silva\/#breadcrumb"},"inLanguage":"es","potentialAction":[{"@type":"ReadAction","target":["https:\/\/diariotextual.com\/inicio\/index.php\/2018\/07\/08\/juez-ordeno-liberar-lula-da-silva\/"]}]},{"@type":"ImageObject","inLanguage":"es","@id":"https:\/\/diariotextual.com\/inicio\/index.php\/2018\/07\/08\/juez-ordeno-liberar-lula-da-silva\/#primaryimage","url":"https:\/\/diariotextual.com\/inicio\/wp-content\/uploads\/2018\/04\/luladasilva712121212.jpg","contentUrl":"https:\/\/diariotextual.com\/inicio\/wp-content\/uploads\/2018\/04\/luladasilva712121212.jpg","width":649,"height":406},{"@type":"BreadcrumbList","@id":"https:\/\/diariotextual.com\/inicio\/index.php\/2018\/07\/08\/juez-ordeno-liberar-lula-da-silva\/#breadcrumb","itemListElement":[{"@type":"ListItem","position":1,"name":"Portada","item":"https:\/\/diariotextual.com\/inicio\/"},{"@type":"ListItem","position":2,"name":"Brasil: juez orden\u00f3 liberar a Lula Da Silva y otro mantenerlo en la c\u00e1rcel"}]},{"@type":"WebSite","@id":"https:\/\/diariotextual.com\/inicio\/#website","url":"https:\/\/diariotextual.com\/inicio\/","name":"Diario Textual","description":"","publisher":{"@id":"https:\/\/diariotextual.com\/inicio\/#organization"},"potentialAction":[{"@type":"SearchAction","target":{"@type":"EntryPoint","urlTemplate":"https:\/\/diariotextual.com\/inicio\/?s={search_term_string}"},"query-input":{"@type":"PropertyValueSpecification","valueRequired":true,"valueName":"search_term_string"}}],"inLanguage":"es"},{"@type":"Organization","@id":"https:\/\/diariotextual.com\/inicio\/#organization","name":"Diario Textual","url":"https:\/\/diariotextual.com\/inicio\/","logo":{"@type":"ImageObject","inLanguage":"es","@id":"https:\/\/diariotextual.com\/inicio\/#\/schema\/logo\/image\/","url":"https:\/\/diariotextual.com\/inicio\/wp-content\/uploads\/2023\/05\/logotextual1.jpg","contentUrl":"https:\/\/diariotextual.com\/inicio\/wp-content\/uploads\/2023\/05\/logotextual1.jpg","width":516,"height":76,"caption":"Diario Textual"},"image":{"@id":"https:\/\/diariotextual.com\/inicio\/#\/schema\/logo\/image\/"},"sameAs":["https:\/\/www.facebook.com\/eltextual","https:\/\/x.com\/eltextual","http:\/\/www.instagram.com\/eltextual"]},{"@type":"Person","@id":"https:\/\/diariotextual.com\/inicio\/#\/schema\/person\/418fc4093c33e86ed41562db3508f958","name":"Diario1 Diario1","image":{"@type":"ImageObject","inLanguage":"es","@id":"https:\/\/secure.gravatar.com\/avatar\/9167d280179c85bc18be67aa7eda765854300033af4896dd779b608640f2ef7a?s=96&d=mm&r=g","url":"https:\/\/secure.gravatar.com\/avatar\/9167d280179c85bc18be67aa7eda765854300033af4896dd779b608640f2ef7a?s=96&d=mm&r=g","contentUrl":"https:\/\/secure.gravatar.com\/avatar\/9167d280179c85bc18be67aa7eda765854300033af4896dd779b608640f2ef7a?s=96&d=mm&r=g","caption":"Diario1 Diario1"},"url":"https:\/\/diariotextual.com\/inicio\/index.php\/author\/diario1\/"}]}},"_links":{"self":[{"href":"https:\/\/diariotextual.com\/inicio\/index.php\/wp-json\/wp\/v2\/posts\/12990","targetHints":{"allow":["GET"]}}],"collection":[{"href":"https:\/\/diariotextual.com\/inicio\/index.php\/wp-json\/wp\/v2\/posts"}],"about":[{"href":"https:\/\/diariotextual.com\/inicio\/index.php\/wp-json\/wp\/v2\/types\/post"}],"author":[{"embeddable":true,"href":"https:\/\/diariotextual.com\/inicio\/index.php\/wp-json\/wp\/v2\/users\/3"}],"replies":[{"embeddable":true,"href":"https:\/\/diariotextual.com\/inicio\/index.php\/wp-json\/wp\/v2\/comments?post=12990"}],"version-history":[{"count":4,"href":"https:\/\/diariotextual.com\/inicio\/index.php\/wp-json\/wp\/v2\/posts\/12990\/revisions"}],"predecessor-version":[{"id":12998,"href":"https:\/\/diariotextual.com\/inicio\/index.php\/wp-json\/wp\/v2\/posts\/12990\/revisions\/12998"}],"wp:featuredmedia":[{"embeddable":true,"href":"https:\/\/diariotextual.com\/inicio\/index.php\/wp-json\/wp\/v2\/media\/4069"}],"wp:attachment":[{"href":"https:\/\/diariotextual.com\/inicio\/index.php\/wp-json\/wp\/v2\/media?parent=12990"}],"wp:term":[{"taxonomy":"category","embeddable":true,"href":"https:\/\/diariotextual.com\/inicio\/index.php\/wp-json\/wp\/v2\/categories?post=12990"},{"taxonomy":"post_tag","embeddable":true,"href":"https:\/\/diariotextual.com\/inicio\/index.php\/wp-json\/wp\/v2\/tags?post=12990"}],"curies":[{"name":"wp","href":"https:\/\/api.w.org\/{rel}","templated":true}]}}