{"id":12999,"date":"2018-07-08T23:14:33","date_gmt":"2018-07-09T02:14:33","guid":{"rendered":"http:\/\/diariotextual.com\/inicio\/?p=12999"},"modified":"2018-07-09T11:07:22","modified_gmt":"2018-07-09T14:07:22","slug":"al-final-tribunal-apelaciones-determino-lula-debera-seguir-preso","status":"publish","type":"post","link":"https:\/\/diariotextual.com\/inicio\/index.php\/2018\/07\/08\/al-final-tribunal-apelaciones-determino-lula-debera-seguir-preso\/","title":{"rendered":"Al final, un Tribunal de Apelaciones determin\u00f3 que Lula deber\u00e1 seguir preso"},"content":{"rendered":"<p>Luego de una jornada ca\u00f3tica y confusa, el expresidente de Brasil<strong> Luiz In\u00e1cio Lula da Silva<\/strong> continuar\u00e1 preso en una celda de Curitiba:<strong> la Justicia cancel\u00f3 la orden para dejarlo en libertad que hab\u00eda sido emitida hoy por la ma\u00f1ana<\/strong>.<\/p>\n<p>Las diferentes circunstancias que se fueron sucediendo a lo largo del d\u00eda y que<strong> otorgaron protagonismo a tres jueces que hasta ahora s\u00f3lo hab\u00edan tenido un papel muy secundario en la situaci\u00f3n de Lula motivaron que en importantes medios locales se hable de una \u00abanarqu\u00eda judicial\u00bb<\/strong> en torno al caso del exmandatario.<\/p>\n<p><strong>La palabra final, sin embargo, lleg\u00f3 apenas antes de las 20<\/strong>. Ante un conflicto de competencia entre dos jueces de similar jerarqu\u00eda, Thompson Flores, presidente del Tribunal Regional Federal Cuarto (TRF-4), determin\u00f3 que el exmandatario debe continuar en prisi\u00f3n.<\/p>\n<p>Seg\u00fan la decisi\u00f3n de Flores, la competencia del juez que se ocupa de la situaci\u00f3n de Lula (Joao Gebran Neto) debe prevalecer por sobre la de Rog\u00e9rio Favreto, quien hab\u00eda aceptado el habeas corpus para que Lula fuera liberado.<\/p>\n<p>El pedido de habeas corpus hab\u00eda sido presentado el viernes por la noche, pasadas las 19, por diputados del Partido de los Trabajadores (PT), al que pertenece Lula, en el TRF-4, con sede en Porto Alegre. En enero, esa misma corte hab\u00eda condenado al exl\u00edder sindical a 12 a\u00f1os de prisi\u00f3n.<\/p>\n<p>En lo que se estima que fue una acci\u00f3n premeditada, y debido a lo retrasado del horario de presentaci\u00f3n del recurso, el habeas corpus qued\u00f3 bajo la jurisdicci\u00f3n del juez Favreto, quien estaba de guardia por el fin de semana y, seg\u00fan varios medios, en el pasado fue afiliado al PT.<\/p>\n<p>Favreto decidi\u00f3 hoy a las 9:05 aceptar el habeas corpus, por el cual Lula, quien gobern\u00f3 Brasil entre 2003 y 2010, deb\u00eda quedar en inmediata libertad. El PT y otras agrupaciones celebraron la medida.<\/p>\n<p><strong>La decisi\u00f3n de Favreto le permit\u00eda a Lula permanecer en libertad hasta tanto todas las apelaciones posibles contra su condena fueran rechazadas<\/strong>. Adem\u00e1s, el habeas corpus reparaba en los derechos de movimiento que el pol\u00edtico posee en tanto precandidato presidencial.<\/p>\n<p>&nbsp;<\/p>\n<p>&nbsp;<\/p>\n<p>&nbsp;<\/p>\n<p>&nbsp;<\/p>\n","protected":false},"excerpt":{"rendered":"<p>Luego de una jornada ca\u00f3tica y confusa, el expresidente de Brasil Luiz In\u00e1cio Lula da Silva continuar\u00e1 preso en una celda de Curitiba: la Justicia cancel\u00f3 la orden para dejarlo&hellip;<\/p>\n","protected":false},"author":3,"featured_media":13003,"comment_status":"closed","ping_status":"open","sticky":false,"template":"","format":"standard","meta":{"_acf_changed":false,"footnotes":""},"categories":[10,7],"tags":[],"class_list":["post-12999","post","type-post","status-publish","format-standard","has-post-thumbnail","hentry","category-portada-2","category-mundo"],"acf":[],"yoast_head":"<!-- This site is optimized with the Yoast SEO plugin v27.5 - https:\/\/yoast.com\/product\/yoast-seo-wordpress\/ -->\n<title>Al final, un Tribunal de Apelaciones determin\u00f3 que Lula deber\u00e1 seguir preso - Diario Textual<\/title>\n<meta name=\"robots\" content=\"index, follow, max-snippet:-1, max-image-preview:large, max-video-preview:-1\" \/>\n<link rel=\"canonical\" href=\"https:\/\/diariotextual.com\/inicio\/index.php\/2018\/07\/08\/al-final-tribunal-apelaciones-determino-lula-debera-seguir-preso\/\" \/>\n<meta property=\"og:locale\" content=\"es_ES\" \/>\n<meta property=\"og:type\" content=\"article\" \/>\n<meta property=\"og:title\" content=\"Al final, un Tribunal de Apelaciones determin\u00f3 que Lula deber\u00e1 seguir preso - Diario Textual\" \/>\n<meta property=\"og:description\" content=\"Luego de una jornada ca\u00f3tica y confusa, el expresidente de Brasil Luiz In\u00e1cio Lula da Silva continuar\u00e1 preso en una celda de Curitiba: la Justicia cancel\u00f3 la orden para dejarlo&hellip;\" \/>\n<meta property=\"og:url\" content=\"https:\/\/diariotextual.com\/inicio\/index.php\/2018\/07\/08\/al-final-tribunal-apelaciones-determino-lula-debera-seguir-preso\/\" \/>\n<meta property=\"og:site_name\" content=\"Diario Textual\" \/>\n<meta property=\"article:publisher\" content=\"https:\/\/www.facebook.com\/eltextual\" \/>\n<meta property=\"article:published_time\" content=\"2018-07-09T02:14:33+00:00\" \/>\n<meta property=\"article:modified_time\" content=\"2018-07-09T14:07:22+00:00\" \/>\n<meta property=\"og:image\" content=\"https:\/\/diariotextual.com\/inicio\/wp-content\/uploads\/2018\/07\/luladasilva13345.jpg\" \/>\n\t<meta property=\"og:image:width\" content=\"750\" \/>\n\t<meta property=\"og:image:height\" content=\"500\" \/>\n\t<meta property=\"og:image:type\" content=\"image\/jpeg\" \/>\n<meta name=\"author\" content=\"Diario1 Diario1\" \/>\n<meta name=\"twitter:card\" content=\"summary_large_image\" \/>\n<meta name=\"twitter:creator\" content=\"@eltextual\" \/>\n<meta name=\"twitter:site\" content=\"@eltextual\" \/>\n<meta name=\"twitter:label1\" content=\"Escrito por\" \/>\n\t<meta name=\"twitter:data1\" content=\"Diario1 Diario1\" \/>\n\t<meta name=\"twitter:label2\" content=\"Tiempo de lectura\" \/>\n\t<meta name=\"twitter:data2\" content=\"2 minutos\" \/>\n<script type=\"application\/ld+json\" class=\"yoast-schema-graph\">{\"@context\":\"https:\\\/\\\/schema.org\",\"@graph\":[{\"@type\":\"Article\",\"@id\":\"https:\\\/\\\/diariotextual.com\\\/inicio\\\/index.php\\\/2018\\\/07\\\/08\\\/al-final-tribunal-apelaciones-determino-lula-debera-seguir-preso\\\/#article\",\"isPartOf\":{\"@id\":\"https:\\\/\\\/diariotextual.com\\\/inicio\\\/index.php\\\/2018\\\/07\\\/08\\\/al-final-tribunal-apelaciones-determino-lula-debera-seguir-preso\\\/\"},\"author\":{\"name\":\"Diario1 Diario1\",\"@id\":\"https:\\\/\\\/diariotextual.com\\\/inicio\\\/#\\\/schema\\\/person\\\/418fc4093c33e86ed41562db3508f958\"},\"headline\":\"Al final, un Tribunal de Apelaciones determin\u00f3 que Lula deber\u00e1 seguir preso\",\"datePublished\":\"2018-07-09T02:14:33+00:00\",\"dateModified\":\"2018-07-09T14:07:22+00:00\",\"mainEntityOfPage\":{\"@id\":\"https:\\\/\\\/diariotextual.com\\\/inicio\\\/index.php\\\/2018\\\/07\\\/08\\\/al-final-tribunal-apelaciones-determino-lula-debera-seguir-preso\\\/\"},\"wordCount\":386,\"publisher\":{\"@id\":\"https:\\\/\\\/diariotextual.com\\\/inicio\\\/#organization\"},\"image\":{\"@id\":\"https:\\\/\\\/diariotextual.com\\\/inicio\\\/index.php\\\/2018\\\/07\\\/08\\\/al-final-tribunal-apelaciones-determino-lula-debera-seguir-preso\\\/#primaryimage\"},\"thumbnailUrl\":\"https:\\\/\\\/diariotextual.com\\\/inicio\\\/wp-content\\\/uploads\\\/2018\\\/07\\\/luladasilva13345.jpg\",\"articleSection\":[\"A - PORTADA2\",\"MUNDO\"],\"inLanguage\":\"es\"},{\"@type\":\"WebPage\",\"@id\":\"https:\\\/\\\/diariotextual.com\\\/inicio\\\/index.php\\\/2018\\\/07\\\/08\\\/al-final-tribunal-apelaciones-determino-lula-debera-seguir-preso\\\/\",\"url\":\"https:\\\/\\\/diariotextual.com\\\/inicio\\\/index.php\\\/2018\\\/07\\\/08\\\/al-final-tribunal-apelaciones-determino-lula-debera-seguir-preso\\\/\",\"name\":\"Al final, un Tribunal de Apelaciones determin\u00f3 que Lula deber\u00e1 seguir preso - Diario Textual\",\"isPartOf\":{\"@id\":\"https:\\\/\\\/diariotextual.com\\\/inicio\\\/#website\"},\"primaryImageOfPage\":{\"@id\":\"https:\\\/\\\/diariotextual.com\\\/inicio\\\/index.php\\\/2018\\\/07\\\/08\\\/al-final-tribunal-apelaciones-determino-lula-debera-seguir-preso\\\/#primaryimage\"},\"image\":{\"@id\":\"https:\\\/\\\/diariotextual.com\\\/inicio\\\/index.php\\\/2018\\\/07\\\/08\\\/al-final-tribunal-apelaciones-determino-lula-debera-seguir-preso\\\/#primaryimage\"},\"thumbnailUrl\":\"https:\\\/\\\/diariotextual.com\\\/inicio\\\/wp-content\\\/uploads\\\/2018\\\/07\\\/luladasilva13345.jpg\",\"datePublished\":\"2018-07-09T02:14:33+00:00\",\"dateModified\":\"2018-07-09T14:07:22+00:00\",\"breadcrumb\":{\"@id\":\"https:\\\/\\\/diariotextual.com\\\/inicio\\\/index.php\\\/2018\\\/07\\\/08\\\/al-final-tribunal-apelaciones-determino-lula-debera-seguir-preso\\\/#breadcrumb\"},\"inLanguage\":\"es\",\"potentialAction\":[{\"@type\":\"ReadAction\",\"target\":[\"https:\\\/\\\/diariotextual.com\\\/inicio\\\/index.php\\\/2018\\\/07\\\/08\\\/al-final-tribunal-apelaciones-determino-lula-debera-seguir-preso\\\/\"]}]},{\"@type\":\"ImageObject\",\"inLanguage\":\"es\",\"@id\":\"https:\\\/\\\/diariotextual.com\\\/inicio\\\/index.php\\\/2018\\\/07\\\/08\\\/al-final-tribunal-apelaciones-determino-lula-debera-seguir-preso\\\/#primaryimage\",\"url\":\"https:\\\/\\\/diariotextual.com\\\/inicio\\\/wp-content\\\/uploads\\\/2018\\\/07\\\/luladasilva13345.jpg\",\"contentUrl\":\"https:\\\/\\\/diariotextual.com\\\/inicio\\\/wp-content\\\/uploads\\\/2018\\\/07\\\/luladasilva13345.jpg\",\"width\":750,\"height\":500,\"caption\":\"Brazilian former President Luiz Inacio Lula da Silva looks on prior to deliver a speech outside the metallurgic union headquarter in Sao Bernardo do Campo, Brazil, Saturday, April 7, 2018. (AP Photo\\\/Andre Penner)\"},{\"@type\":\"BreadcrumbList\",\"@id\":\"https:\\\/\\\/diariotextual.com\\\/inicio\\\/index.php\\\/2018\\\/07\\\/08\\\/al-final-tribunal-apelaciones-determino-lula-debera-seguir-preso\\\/#breadcrumb\",\"itemListElement\":[{\"@type\":\"ListItem\",\"position\":1,\"name\":\"Portada\",\"item\":\"https:\\\/\\\/diariotextual.com\\\/inicio\\\/\"},{\"@type\":\"ListItem\",\"position\":2,\"name\":\"Al final, un Tribunal de Apelaciones determin\u00f3 que Lula deber\u00e1 seguir preso\"}]},{\"@type\":\"WebSite\",\"@id\":\"https:\\\/\\\/diariotextual.com\\\/inicio\\\/#website\",\"url\":\"https:\\\/\\\/diariotextual.com\\\/inicio\\\/\",\"name\":\"Diario Textual\",\"description\":\"\",\"publisher\":{\"@id\":\"https:\\\/\\\/diariotextual.com\\\/inicio\\\/#organization\"},\"potentialAction\":[{\"@type\":\"SearchAction\",\"target\":{\"@type\":\"EntryPoint\",\"urlTemplate\":\"https:\\\/\\\/diariotextual.com\\\/inicio\\\/?s={search_term_string}\"},\"query-input\":{\"@type\":\"PropertyValueSpecification\",\"valueRequired\":true,\"valueName\":\"search_term_string\"}}],\"inLanguage\":\"es\"},{\"@type\":\"Organization\",\"@id\":\"https:\\\/\\\/diariotextual.com\\\/inicio\\\/#organization\",\"name\":\"Diario Textual\",\"url\":\"https:\\\/\\\/diariotextual.com\\\/inicio\\\/\",\"logo\":{\"@type\":\"ImageObject\",\"inLanguage\":\"es\",\"@id\":\"https:\\\/\\\/diariotextual.com\\\/inicio\\\/#\\\/schema\\\/logo\\\/image\\\/\",\"url\":\"https:\\\/\\\/diariotextual.com\\\/inicio\\\/wp-content\\\/uploads\\\/2023\\\/05\\\/logotextual1.jpg\",\"contentUrl\":\"https:\\\/\\\/diariotextual.com\\\/inicio\\\/wp-content\\\/uploads\\\/2023\\\/05\\\/logotextual1.jpg\",\"width\":516,\"height\":76,\"caption\":\"Diario Textual\"},\"image\":{\"@id\":\"https:\\\/\\\/diariotextual.com\\\/inicio\\\/#\\\/schema\\\/logo\\\/image\\\/\"},\"sameAs\":[\"https:\\\/\\\/www.facebook.com\\\/eltextual\",\"https:\\\/\\\/x.com\\\/eltextual\",\"http:\\\/\\\/www.instagram.com\\\/eltextual\"]},{\"@type\":\"Person\",\"@id\":\"https:\\\/\\\/diariotextual.com\\\/inicio\\\/#\\\/schema\\\/person\\\/418fc4093c33e86ed41562db3508f958\",\"name\":\"Diario1 Diario1\",\"image\":{\"@type\":\"ImageObject\",\"inLanguage\":\"es\",\"@id\":\"https:\\\/\\\/secure.gravatar.com\\\/avatar\\\/9167d280179c85bc18be67aa7eda765854300033af4896dd779b608640f2ef7a?s=96&d=mm&r=g\",\"url\":\"https:\\\/\\\/secure.gravatar.com\\\/avatar\\\/9167d280179c85bc18be67aa7eda765854300033af4896dd779b608640f2ef7a?s=96&d=mm&r=g\",\"contentUrl\":\"https:\\\/\\\/secure.gravatar.com\\\/avatar\\\/9167d280179c85bc18be67aa7eda765854300033af4896dd779b608640f2ef7a?s=96&d=mm&r=g\",\"caption\":\"Diario1 Diario1\"},\"url\":\"https:\\\/\\\/diariotextual.com\\\/inicio\\\/index.php\\\/author\\\/diario1\\\/\"}]}<\/script>\n<!-- \/ Yoast SEO plugin. -->","yoast_head_json":{"title":"Al final, un Tribunal de Apelaciones determin\u00f3 que Lula deber\u00e1 seguir preso - Diario Textual","robots":{"index":"index","follow":"follow","max-snippet":"max-snippet:-1","max-image-preview":"max-image-preview:large","max-video-preview":"max-video-preview:-1"},"canonical":"https:\/\/diariotextual.com\/inicio\/index.php\/2018\/07\/08\/al-final-tribunal-apelaciones-determino-lula-debera-seguir-preso\/","og_locale":"es_ES","og_type":"article","og_title":"Al final, un Tribunal de Apelaciones determin\u00f3 que Lula deber\u00e1 seguir preso - Diario Textual","og_description":"Luego de una jornada ca\u00f3tica y confusa, el expresidente de Brasil Luiz In\u00e1cio Lula da Silva continuar\u00e1 preso en una celda de Curitiba: la Justicia cancel\u00f3 la orden para dejarlo&hellip;","og_url":"https:\/\/diariotextual.com\/inicio\/index.php\/2018\/07\/08\/al-final-tribunal-apelaciones-determino-lula-debera-seguir-preso\/","og_site_name":"Diario Textual","article_publisher":"https:\/\/www.facebook.com\/eltextual","article_published_time":"2018-07-09T02:14:33+00:00","article_modified_time":"2018-07-09T14:07:22+00:00","og_image":[{"width":750,"height":500,"url":"https:\/\/diariotextual.com\/inicio\/wp-content\/uploads\/2018\/07\/luladasilva13345.jpg","type":"image\/jpeg"}],"author":"Diario1 Diario1","twitter_card":"summary_large_image","twitter_creator":"@eltextual","twitter_site":"@eltextual","twitter_misc":{"Escrito por":"Diario1 Diario1","Tiempo de lectura":"2 minutos"},"schema":{"@context":"https:\/\/schema.org","@graph":[{"@type":"Article","@id":"https:\/\/diariotextual.com\/inicio\/index.php\/2018\/07\/08\/al-final-tribunal-apelaciones-determino-lula-debera-seguir-preso\/#article","isPartOf":{"@id":"https:\/\/diariotextual.com\/inicio\/index.php\/2018\/07\/08\/al-final-tribunal-apelaciones-determino-lula-debera-seguir-preso\/"},"author":{"name":"Diario1 Diario1","@id":"https:\/\/diariotextual.com\/inicio\/#\/schema\/person\/418fc4093c33e86ed41562db3508f958"},"headline":"Al final, un Tribunal de Apelaciones determin\u00f3 que Lula deber\u00e1 seguir preso","datePublished":"2018-07-09T02:14:33+00:00","dateModified":"2018-07-09T14:07:22+00:00","mainEntityOfPage":{"@id":"https:\/\/diariotextual.com\/inicio\/index.php\/2018\/07\/08\/al-final-tribunal-apelaciones-determino-lula-debera-seguir-preso\/"},"wordCount":386,"publisher":{"@id":"https:\/\/diariotextual.com\/inicio\/#organization"},"image":{"@id":"https:\/\/diariotextual.com\/inicio\/index.php\/2018\/07\/08\/al-final-tribunal-apelaciones-determino-lula-debera-seguir-preso\/#primaryimage"},"thumbnailUrl":"https:\/\/diariotextual.com\/inicio\/wp-content\/uploads\/2018\/07\/luladasilva13345.jpg","articleSection":["A - PORTADA2","MUNDO"],"inLanguage":"es"},{"@type":"WebPage","@id":"https:\/\/diariotextual.com\/inicio\/index.php\/2018\/07\/08\/al-final-tribunal-apelaciones-determino-lula-debera-seguir-preso\/","url":"https:\/\/diariotextual.com\/inicio\/index.php\/2018\/07\/08\/al-final-tribunal-apelaciones-determino-lula-debera-seguir-preso\/","name":"Al final, un Tribunal de Apelaciones determin\u00f3 que Lula deber\u00e1 seguir preso - Diario Textual","isPartOf":{"@id":"https:\/\/diariotextual.com\/inicio\/#website"},"primaryImageOfPage":{"@id":"https:\/\/diariotextual.com\/inicio\/index.php\/2018\/07\/08\/al-final-tribunal-apelaciones-determino-lula-debera-seguir-preso\/#primaryimage"},"image":{"@id":"https:\/\/diariotextual.com\/inicio\/index.php\/2018\/07\/08\/al-final-tribunal-apelaciones-determino-lula-debera-seguir-preso\/#primaryimage"},"thumbnailUrl":"https:\/\/diariotextual.com\/inicio\/wp-content\/uploads\/2018\/07\/luladasilva13345.jpg","datePublished":"2018-07-09T02:14:33+00:00","dateModified":"2018-07-09T14:07:22+00:00","breadcrumb":{"@id":"https:\/\/diariotextual.com\/inicio\/index.php\/2018\/07\/08\/al-final-tribunal-apelaciones-determino-lula-debera-seguir-preso\/#breadcrumb"},"inLanguage":"es","potentialAction":[{"@type":"ReadAction","target":["https:\/\/diariotextual.com\/inicio\/index.php\/2018\/07\/08\/al-final-tribunal-apelaciones-determino-lula-debera-seguir-preso\/"]}]},{"@type":"ImageObject","inLanguage":"es","@id":"https:\/\/diariotextual.com\/inicio\/index.php\/2018\/07\/08\/al-final-tribunal-apelaciones-determino-lula-debera-seguir-preso\/#primaryimage","url":"https:\/\/diariotextual.com\/inicio\/wp-content\/uploads\/2018\/07\/luladasilva13345.jpg","contentUrl":"https:\/\/diariotextual.com\/inicio\/wp-content\/uploads\/2018\/07\/luladasilva13345.jpg","width":750,"height":500,"caption":"Brazilian former President Luiz Inacio Lula da Silva looks on prior to deliver a speech outside the metallurgic union headquarter in Sao Bernardo do Campo, Brazil, Saturday, April 7, 2018. (AP Photo\/Andre Penner)"},{"@type":"BreadcrumbList","@id":"https:\/\/diariotextual.com\/inicio\/index.php\/2018\/07\/08\/al-final-tribunal-apelaciones-determino-lula-debera-seguir-preso\/#breadcrumb","itemListElement":[{"@type":"ListItem","position":1,"name":"Portada","item":"https:\/\/diariotextual.com\/inicio\/"},{"@type":"ListItem","position":2,"name":"Al final, un Tribunal de Apelaciones determin\u00f3 que Lula deber\u00e1 seguir preso"}]},{"@type":"WebSite","@id":"https:\/\/diariotextual.com\/inicio\/#website","url":"https:\/\/diariotextual.com\/inicio\/","name":"Diario Textual","description":"","publisher":{"@id":"https:\/\/diariotextual.com\/inicio\/#organization"},"potentialAction":[{"@type":"SearchAction","target":{"@type":"EntryPoint","urlTemplate":"https:\/\/diariotextual.com\/inicio\/?s={search_term_string}"},"query-input":{"@type":"PropertyValueSpecification","valueRequired":true,"valueName":"search_term_string"}}],"inLanguage":"es"},{"@type":"Organization","@id":"https:\/\/diariotextual.com\/inicio\/#organization","name":"Diario Textual","url":"https:\/\/diariotextual.com\/inicio\/","logo":{"@type":"ImageObject","inLanguage":"es","@id":"https:\/\/diariotextual.com\/inicio\/#\/schema\/logo\/image\/","url":"https:\/\/diariotextual.com\/inicio\/wp-content\/uploads\/2023\/05\/logotextual1.jpg","contentUrl":"https:\/\/diariotextual.com\/inicio\/wp-content\/uploads\/2023\/05\/logotextual1.jpg","width":516,"height":76,"caption":"Diario Textual"},"image":{"@id":"https:\/\/diariotextual.com\/inicio\/#\/schema\/logo\/image\/"},"sameAs":["https:\/\/www.facebook.com\/eltextual","https:\/\/x.com\/eltextual","http:\/\/www.instagram.com\/eltextual"]},{"@type":"Person","@id":"https:\/\/diariotextual.com\/inicio\/#\/schema\/person\/418fc4093c33e86ed41562db3508f958","name":"Diario1 Diario1","image":{"@type":"ImageObject","inLanguage":"es","@id":"https:\/\/secure.gravatar.com\/avatar\/9167d280179c85bc18be67aa7eda765854300033af4896dd779b608640f2ef7a?s=96&d=mm&r=g","url":"https:\/\/secure.gravatar.com\/avatar\/9167d280179c85bc18be67aa7eda765854300033af4896dd779b608640f2ef7a?s=96&d=mm&r=g","contentUrl":"https:\/\/secure.gravatar.com\/avatar\/9167d280179c85bc18be67aa7eda765854300033af4896dd779b608640f2ef7a?s=96&d=mm&r=g","caption":"Diario1 Diario1"},"url":"https:\/\/diariotextual.com\/inicio\/index.php\/author\/diario1\/"}]}},"_links":{"self":[{"href":"https:\/\/diariotextual.com\/inicio\/index.php\/wp-json\/wp\/v2\/posts\/12999","targetHints":{"allow":["GET"]}}],"collection":[{"href":"https:\/\/diariotextual.com\/inicio\/index.php\/wp-json\/wp\/v2\/posts"}],"about":[{"href":"https:\/\/diariotextual.com\/inicio\/index.php\/wp-json\/wp\/v2\/types\/post"}],"author":[{"embeddable":true,"href":"https:\/\/diariotextual.com\/inicio\/index.php\/wp-json\/wp\/v2\/users\/3"}],"replies":[{"embeddable":true,"href":"https:\/\/diariotextual.com\/inicio\/index.php\/wp-json\/wp\/v2\/comments?post=12999"}],"version-history":[{"count":4,"href":"https:\/\/diariotextual.com\/inicio\/index.php\/wp-json\/wp\/v2\/posts\/12999\/revisions"}],"predecessor-version":[{"id":13005,"href":"https:\/\/diariotextual.com\/inicio\/index.php\/wp-json\/wp\/v2\/posts\/12999\/revisions\/13005"}],"wp:featuredmedia":[{"embeddable":true,"href":"https:\/\/diariotextual.com\/inicio\/index.php\/wp-json\/wp\/v2\/media\/13003"}],"wp:attachment":[{"href":"https:\/\/diariotextual.com\/inicio\/index.php\/wp-json\/wp\/v2\/media?parent=12999"}],"wp:term":[{"taxonomy":"category","embeddable":true,"href":"https:\/\/diariotextual.com\/inicio\/index.php\/wp-json\/wp\/v2\/categories?post=12999"},{"taxonomy":"post_tag","embeddable":true,"href":"https:\/\/diariotextual.com\/inicio\/index.php\/wp-json\/wp\/v2\/tags?post=12999"}],"curies":[{"name":"wp","href":"https:\/\/api.w.org\/{rel}","templated":true}]}}