{"id":13025,"date":"2018-07-09T10:42:30","date_gmt":"2018-07-09T13:42:30","guid":{"rendered":"http:\/\/diariotextual.com\/inicio\/?p=13025"},"modified":"2018-07-09T12:35:46","modified_gmt":"2018-07-09T15:35:46","slug":"aborto-duro-mensaje-la-iglesia-tedeum-tucuman","status":"publish","type":"post","link":"https:\/\/diariotextual.com\/inicio\/index.php\/2018\/07\/09\/aborto-duro-mensaje-la-iglesia-tedeum-tucuman\/","title":{"rendered":"Aborto: duro mensaje de la Iglesia en el Tedeum en Tucum\u00e1n"},"content":{"rendered":"<p>Sin Mauricio Macri y con Gabriela Michetti en su reemplazo, <strong>se realiz\u00f3 el Tedeum por el 9 de Julio en la catedral provinciald de Tucum\u00e1n<\/strong>. El arzobispo<strong> Carlos S\u00e1nchez<\/strong> renov\u00f3 las cr\u00edticas de la Iglesia cat\u00f3lica a la legalizaci\u00f3n del aborto. \u00abRespetemos este derecho fundamental que tiene todo ser humano, todo argentino. (&#8230;) <strong>Vale toda vida, no hay sobrantes en la Argentina<\/strong>\u00ab, dijo ante las autoridades presentes.<\/p>\n<p>\u00ab<strong>El aborto es la muerte de un inocente<\/strong>. No nos enga\u00f1emos ni dejemos enga\u00f1ar\u00bb, recalc\u00f3. \u00abNadie tiene derecho a eliminar la vida de otro ser humano\u00bb, sostuvo S\u00e1nchez en su homil\u00eda.<\/p>\n<p>Esa palabras son parte de la fuerte embestida de la Iglesia Cat\u00f3lica contra el proyecto de despenalizaci\u00f3n del aborto que se comienza a discutir ma\u00f1ana en comisiones en el Senado.<\/p>\n<p>Ayer, el titular de la Conferencia Episcopal Argentina, monse\u00f1or Oscar Ojea, ante miles de personas en Luj\u00e1n, lament\u00f3 que el proyecto est\u00e9 por convertirse en ley porque, seg\u00fan su punto de vista, \u00ablegitimar\u00eda la eliminaci\u00f3n de un ser humano por otro ser humano\u00bb.<\/p>\n<p>&nbsp;<\/p>\n<p>&nbsp;<\/p>\n","protected":false},"excerpt":{"rendered":"<p>Sin Mauricio Macri y con Gabriela Michetti en su reemplazo, se realiz\u00f3 el Tedeum por el 9 de Julio en la catedral provinciald de Tucum\u00e1n. El arzobispo Carlos S\u00e1nchez renov\u00f3&hellip;<\/p>\n","protected":false},"author":3,"featured_media":13058,"comment_status":"closed","ping_status":"open","sticky":false,"template":"","format":"standard","meta":{"_acf_changed":false,"footnotes":""},"categories":[4,10,12],"tags":[],"class_list":["post-13025","post","type-post","status-publish","format-standard","has-post-thumbnail","hentry","category-destacadas","category-portada-2","category-sociedad"],"acf":[],"yoast_head":"<!-- This site is optimized with the Yoast SEO plugin v27.5 - https:\/\/yoast.com\/product\/yoast-seo-wordpress\/ -->\n<title>Aborto: duro mensaje de la Iglesia en el Tedeum en Tucum\u00e1n - Diario Textual<\/title>\n<meta name=\"robots\" content=\"index, follow, max-snippet:-1, max-image-preview:large, max-video-preview:-1\" \/>\n<link rel=\"canonical\" href=\"https:\/\/diariotextual.com\/inicio\/index.php\/2018\/07\/09\/aborto-duro-mensaje-la-iglesia-tedeum-tucuman\/\" \/>\n<meta property=\"og:locale\" content=\"es_ES\" \/>\n<meta property=\"og:type\" content=\"article\" \/>\n<meta property=\"og:title\" content=\"Aborto: duro mensaje de la Iglesia en el Tedeum en Tucum\u00e1n - Diario Textual\" \/>\n<meta property=\"og:description\" content=\"Sin Mauricio Macri y con Gabriela Michetti en su reemplazo, se realiz\u00f3 el Tedeum por el 9 de Julio en la catedral provinciald de Tucum\u00e1n. El arzobispo Carlos S\u00e1nchez renov\u00f3&hellip;\" \/>\n<meta property=\"og:url\" content=\"https:\/\/diariotextual.com\/inicio\/index.php\/2018\/07\/09\/aborto-duro-mensaje-la-iglesia-tedeum-tucuman\/\" \/>\n<meta property=\"og:site_name\" content=\"Diario Textual\" \/>\n<meta property=\"article:publisher\" content=\"https:\/\/www.facebook.com\/eltextual\" \/>\n<meta property=\"article:published_time\" content=\"2018-07-09T13:42:30+00:00\" \/>\n<meta property=\"article:modified_time\" content=\"2018-07-09T15:35:46+00:00\" \/>\n<meta property=\"og:image\" content=\"https:\/\/diariotextual.com\/inicio\/wp-content\/uploads\/2018\/07\/sanchezcarlosarzobispo2.jpg\" \/>\n\t<meta property=\"og:image:width\" content=\"717\" \/>\n\t<meta property=\"og:image:height\" content=\"472\" \/>\n\t<meta property=\"og:image:type\" content=\"image\/jpeg\" \/>\n<meta name=\"author\" content=\"Diario1 Diario1\" \/>\n<meta name=\"twitter:card\" content=\"summary_large_image\" \/>\n<meta name=\"twitter:creator\" content=\"@eltextual\" \/>\n<meta name=\"twitter:site\" content=\"@eltextual\" \/>\n<meta name=\"twitter:label1\" content=\"Escrito por\" \/>\n\t<meta name=\"twitter:data1\" content=\"Diario1 Diario1\" \/>\n\t<meta name=\"twitter:label2\" content=\"Tiempo de lectura\" \/>\n\t<meta name=\"twitter:data2\" content=\"1 minuto\" \/>\n<script type=\"application\/ld+json\" class=\"yoast-schema-graph\">{\"@context\":\"https:\\\/\\\/schema.org\",\"@graph\":[{\"@type\":\"Article\",\"@id\":\"https:\\\/\\\/diariotextual.com\\\/inicio\\\/index.php\\\/2018\\\/07\\\/09\\\/aborto-duro-mensaje-la-iglesia-tedeum-tucuman\\\/#article\",\"isPartOf\":{\"@id\":\"https:\\\/\\\/diariotextual.com\\\/inicio\\\/index.php\\\/2018\\\/07\\\/09\\\/aborto-duro-mensaje-la-iglesia-tedeum-tucuman\\\/\"},\"author\":{\"name\":\"Diario1 Diario1\",\"@id\":\"https:\\\/\\\/diariotextual.com\\\/inicio\\\/#\\\/schema\\\/person\\\/418fc4093c33e86ed41562db3508f958\"},\"headline\":\"Aborto: duro mensaje de la Iglesia en el Tedeum en Tucum\u00e1n\",\"datePublished\":\"2018-07-09T13:42:30+00:00\",\"dateModified\":\"2018-07-09T15:35:46+00:00\",\"mainEntityOfPage\":{\"@id\":\"https:\\\/\\\/diariotextual.com\\\/inicio\\\/index.php\\\/2018\\\/07\\\/09\\\/aborto-duro-mensaje-la-iglesia-tedeum-tucuman\\\/\"},\"wordCount\":200,\"publisher\":{\"@id\":\"https:\\\/\\\/diariotextual.com\\\/inicio\\\/#organization\"},\"image\":{\"@id\":\"https:\\\/\\\/diariotextual.com\\\/inicio\\\/index.php\\\/2018\\\/07\\\/09\\\/aborto-duro-mensaje-la-iglesia-tedeum-tucuman\\\/#primaryimage\"},\"thumbnailUrl\":\"https:\\\/\\\/diariotextual.com\\\/inicio\\\/wp-content\\\/uploads\\\/2018\\\/07\\\/sanchezcarlosarzobispo2.jpg\",\"articleSection\":[\"A - DESTACADAS (mod 16)\",\"A - PORTADA2\",\"SOCIEDAD\"],\"inLanguage\":\"es\"},{\"@type\":\"WebPage\",\"@id\":\"https:\\\/\\\/diariotextual.com\\\/inicio\\\/index.php\\\/2018\\\/07\\\/09\\\/aborto-duro-mensaje-la-iglesia-tedeum-tucuman\\\/\",\"url\":\"https:\\\/\\\/diariotextual.com\\\/inicio\\\/index.php\\\/2018\\\/07\\\/09\\\/aborto-duro-mensaje-la-iglesia-tedeum-tucuman\\\/\",\"name\":\"Aborto: duro mensaje de la Iglesia en el Tedeum en Tucum\u00e1n - Diario Textual\",\"isPartOf\":{\"@id\":\"https:\\\/\\\/diariotextual.com\\\/inicio\\\/#website\"},\"primaryImageOfPage\":{\"@id\":\"https:\\\/\\\/diariotextual.com\\\/inicio\\\/index.php\\\/2018\\\/07\\\/09\\\/aborto-duro-mensaje-la-iglesia-tedeum-tucuman\\\/#primaryimage\"},\"image\":{\"@id\":\"https:\\\/\\\/diariotextual.com\\\/inicio\\\/index.php\\\/2018\\\/07\\\/09\\\/aborto-duro-mensaje-la-iglesia-tedeum-tucuman\\\/#primaryimage\"},\"thumbnailUrl\":\"https:\\\/\\\/diariotextual.com\\\/inicio\\\/wp-content\\\/uploads\\\/2018\\\/07\\\/sanchezcarlosarzobispo2.jpg\",\"datePublished\":\"2018-07-09T13:42:30+00:00\",\"dateModified\":\"2018-07-09T15:35:46+00:00\",\"breadcrumb\":{\"@id\":\"https:\\\/\\\/diariotextual.com\\\/inicio\\\/index.php\\\/2018\\\/07\\\/09\\\/aborto-duro-mensaje-la-iglesia-tedeum-tucuman\\\/#breadcrumb\"},\"inLanguage\":\"es\",\"potentialAction\":[{\"@type\":\"ReadAction\",\"target\":[\"https:\\\/\\\/diariotextual.com\\\/inicio\\\/index.php\\\/2018\\\/07\\\/09\\\/aborto-duro-mensaje-la-iglesia-tedeum-tucuman\\\/\"]}]},{\"@type\":\"ImageObject\",\"inLanguage\":\"es\",\"@id\":\"https:\\\/\\\/diariotextual.com\\\/inicio\\\/index.php\\\/2018\\\/07\\\/09\\\/aborto-duro-mensaje-la-iglesia-tedeum-tucuman\\\/#primaryimage\",\"url\":\"https:\\\/\\\/diariotextual.com\\\/inicio\\\/wp-content\\\/uploads\\\/2018\\\/07\\\/sanchezcarlosarzobispo2.jpg\",\"contentUrl\":\"https:\\\/\\\/diariotextual.com\\\/inicio\\\/wp-content\\\/uploads\\\/2018\\\/07\\\/sanchezcarlosarzobispo2.jpg\",\"width\":717,\"height\":472},{\"@type\":\"BreadcrumbList\",\"@id\":\"https:\\\/\\\/diariotextual.com\\\/inicio\\\/index.php\\\/2018\\\/07\\\/09\\\/aborto-duro-mensaje-la-iglesia-tedeum-tucuman\\\/#breadcrumb\",\"itemListElement\":[{\"@type\":\"ListItem\",\"position\":1,\"name\":\"Portada\",\"item\":\"https:\\\/\\\/diariotextual.com\\\/inicio\\\/\"},{\"@type\":\"ListItem\",\"position\":2,\"name\":\"Aborto: duro mensaje de la Iglesia en el Tedeum en Tucum\u00e1n\"}]},{\"@type\":\"WebSite\",\"@id\":\"https:\\\/\\\/diariotextual.com\\\/inicio\\\/#website\",\"url\":\"https:\\\/\\\/diariotextual.com\\\/inicio\\\/\",\"name\":\"Diario Textual\",\"description\":\"\",\"publisher\":{\"@id\":\"https:\\\/\\\/diariotextual.com\\\/inicio\\\/#organization\"},\"potentialAction\":[{\"@type\":\"SearchAction\",\"target\":{\"@type\":\"EntryPoint\",\"urlTemplate\":\"https:\\\/\\\/diariotextual.com\\\/inicio\\\/?s={search_term_string}\"},\"query-input\":{\"@type\":\"PropertyValueSpecification\",\"valueRequired\":true,\"valueName\":\"search_term_string\"}}],\"inLanguage\":\"es\"},{\"@type\":\"Organization\",\"@id\":\"https:\\\/\\\/diariotextual.com\\\/inicio\\\/#organization\",\"name\":\"Diario Textual\",\"url\":\"https:\\\/\\\/diariotextual.com\\\/inicio\\\/\",\"logo\":{\"@type\":\"ImageObject\",\"inLanguage\":\"es\",\"@id\":\"https:\\\/\\\/diariotextual.com\\\/inicio\\\/#\\\/schema\\\/logo\\\/image\\\/\",\"url\":\"https:\\\/\\\/diariotextual.com\\\/inicio\\\/wp-content\\\/uploads\\\/2023\\\/05\\\/logotextual1.jpg\",\"contentUrl\":\"https:\\\/\\\/diariotextual.com\\\/inicio\\\/wp-content\\\/uploads\\\/2023\\\/05\\\/logotextual1.jpg\",\"width\":516,\"height\":76,\"caption\":\"Diario Textual\"},\"image\":{\"@id\":\"https:\\\/\\\/diariotextual.com\\\/inicio\\\/#\\\/schema\\\/logo\\\/image\\\/\"},\"sameAs\":[\"https:\\\/\\\/www.facebook.com\\\/eltextual\",\"https:\\\/\\\/x.com\\\/eltextual\",\"http:\\\/\\\/www.instagram.com\\\/eltextual\"]},{\"@type\":\"Person\",\"@id\":\"https:\\\/\\\/diariotextual.com\\\/inicio\\\/#\\\/schema\\\/person\\\/418fc4093c33e86ed41562db3508f958\",\"name\":\"Diario1 Diario1\",\"image\":{\"@type\":\"ImageObject\",\"inLanguage\":\"es\",\"@id\":\"https:\\\/\\\/secure.gravatar.com\\\/avatar\\\/9167d280179c85bc18be67aa7eda765854300033af4896dd779b608640f2ef7a?s=96&d=mm&r=g\",\"url\":\"https:\\\/\\\/secure.gravatar.com\\\/avatar\\\/9167d280179c85bc18be67aa7eda765854300033af4896dd779b608640f2ef7a?s=96&d=mm&r=g\",\"contentUrl\":\"https:\\\/\\\/secure.gravatar.com\\\/avatar\\\/9167d280179c85bc18be67aa7eda765854300033af4896dd779b608640f2ef7a?s=96&d=mm&r=g\",\"caption\":\"Diario1 Diario1\"},\"url\":\"https:\\\/\\\/diariotextual.com\\\/inicio\\\/index.php\\\/author\\\/diario1\\\/\"}]}<\/script>\n<!-- \/ Yoast SEO plugin. -->","yoast_head_json":{"title":"Aborto: duro mensaje de la Iglesia en el Tedeum en Tucum\u00e1n - Diario Textual","robots":{"index":"index","follow":"follow","max-snippet":"max-snippet:-1","max-image-preview":"max-image-preview:large","max-video-preview":"max-video-preview:-1"},"canonical":"https:\/\/diariotextual.com\/inicio\/index.php\/2018\/07\/09\/aborto-duro-mensaje-la-iglesia-tedeum-tucuman\/","og_locale":"es_ES","og_type":"article","og_title":"Aborto: duro mensaje de la Iglesia en el Tedeum en Tucum\u00e1n - Diario Textual","og_description":"Sin Mauricio Macri y con Gabriela Michetti en su reemplazo, se realiz\u00f3 el Tedeum por el 9 de Julio en la catedral provinciald de Tucum\u00e1n. El arzobispo Carlos S\u00e1nchez renov\u00f3&hellip;","og_url":"https:\/\/diariotextual.com\/inicio\/index.php\/2018\/07\/09\/aborto-duro-mensaje-la-iglesia-tedeum-tucuman\/","og_site_name":"Diario Textual","article_publisher":"https:\/\/www.facebook.com\/eltextual","article_published_time":"2018-07-09T13:42:30+00:00","article_modified_time":"2018-07-09T15:35:46+00:00","og_image":[{"width":717,"height":472,"url":"https:\/\/diariotextual.com\/inicio\/wp-content\/uploads\/2018\/07\/sanchezcarlosarzobispo2.jpg","type":"image\/jpeg"}],"author":"Diario1 Diario1","twitter_card":"summary_large_image","twitter_creator":"@eltextual","twitter_site":"@eltextual","twitter_misc":{"Escrito por":"Diario1 Diario1","Tiempo de lectura":"1 minuto"},"schema":{"@context":"https:\/\/schema.org","@graph":[{"@type":"Article","@id":"https:\/\/diariotextual.com\/inicio\/index.php\/2018\/07\/09\/aborto-duro-mensaje-la-iglesia-tedeum-tucuman\/#article","isPartOf":{"@id":"https:\/\/diariotextual.com\/inicio\/index.php\/2018\/07\/09\/aborto-duro-mensaje-la-iglesia-tedeum-tucuman\/"},"author":{"name":"Diario1 Diario1","@id":"https:\/\/diariotextual.com\/inicio\/#\/schema\/person\/418fc4093c33e86ed41562db3508f958"},"headline":"Aborto: duro mensaje de la Iglesia en el Tedeum en Tucum\u00e1n","datePublished":"2018-07-09T13:42:30+00:00","dateModified":"2018-07-09T15:35:46+00:00","mainEntityOfPage":{"@id":"https:\/\/diariotextual.com\/inicio\/index.php\/2018\/07\/09\/aborto-duro-mensaje-la-iglesia-tedeum-tucuman\/"},"wordCount":200,"publisher":{"@id":"https:\/\/diariotextual.com\/inicio\/#organization"},"image":{"@id":"https:\/\/diariotextual.com\/inicio\/index.php\/2018\/07\/09\/aborto-duro-mensaje-la-iglesia-tedeum-tucuman\/#primaryimage"},"thumbnailUrl":"https:\/\/diariotextual.com\/inicio\/wp-content\/uploads\/2018\/07\/sanchezcarlosarzobispo2.jpg","articleSection":["A - DESTACADAS (mod 16)","A - PORTADA2","SOCIEDAD"],"inLanguage":"es"},{"@type":"WebPage","@id":"https:\/\/diariotextual.com\/inicio\/index.php\/2018\/07\/09\/aborto-duro-mensaje-la-iglesia-tedeum-tucuman\/","url":"https:\/\/diariotextual.com\/inicio\/index.php\/2018\/07\/09\/aborto-duro-mensaje-la-iglesia-tedeum-tucuman\/","name":"Aborto: duro mensaje de la Iglesia en el Tedeum en Tucum\u00e1n - Diario Textual","isPartOf":{"@id":"https:\/\/diariotextual.com\/inicio\/#website"},"primaryImageOfPage":{"@id":"https:\/\/diariotextual.com\/inicio\/index.php\/2018\/07\/09\/aborto-duro-mensaje-la-iglesia-tedeum-tucuman\/#primaryimage"},"image":{"@id":"https:\/\/diariotextual.com\/inicio\/index.php\/2018\/07\/09\/aborto-duro-mensaje-la-iglesia-tedeum-tucuman\/#primaryimage"},"thumbnailUrl":"https:\/\/diariotextual.com\/inicio\/wp-content\/uploads\/2018\/07\/sanchezcarlosarzobispo2.jpg","datePublished":"2018-07-09T13:42:30+00:00","dateModified":"2018-07-09T15:35:46+00:00","breadcrumb":{"@id":"https:\/\/diariotextual.com\/inicio\/index.php\/2018\/07\/09\/aborto-duro-mensaje-la-iglesia-tedeum-tucuman\/#breadcrumb"},"inLanguage":"es","potentialAction":[{"@type":"ReadAction","target":["https:\/\/diariotextual.com\/inicio\/index.php\/2018\/07\/09\/aborto-duro-mensaje-la-iglesia-tedeum-tucuman\/"]}]},{"@type":"ImageObject","inLanguage":"es","@id":"https:\/\/diariotextual.com\/inicio\/index.php\/2018\/07\/09\/aborto-duro-mensaje-la-iglesia-tedeum-tucuman\/#primaryimage","url":"https:\/\/diariotextual.com\/inicio\/wp-content\/uploads\/2018\/07\/sanchezcarlosarzobispo2.jpg","contentUrl":"https:\/\/diariotextual.com\/inicio\/wp-content\/uploads\/2018\/07\/sanchezcarlosarzobispo2.jpg","width":717,"height":472},{"@type":"BreadcrumbList","@id":"https:\/\/diariotextual.com\/inicio\/index.php\/2018\/07\/09\/aborto-duro-mensaje-la-iglesia-tedeum-tucuman\/#breadcrumb","itemListElement":[{"@type":"ListItem","position":1,"name":"Portada","item":"https:\/\/diariotextual.com\/inicio\/"},{"@type":"ListItem","position":2,"name":"Aborto: duro mensaje de la Iglesia en el Tedeum en Tucum\u00e1n"}]},{"@type":"WebSite","@id":"https:\/\/diariotextual.com\/inicio\/#website","url":"https:\/\/diariotextual.com\/inicio\/","name":"Diario Textual","description":"","publisher":{"@id":"https:\/\/diariotextual.com\/inicio\/#organization"},"potentialAction":[{"@type":"SearchAction","target":{"@type":"EntryPoint","urlTemplate":"https:\/\/diariotextual.com\/inicio\/?s={search_term_string}"},"query-input":{"@type":"PropertyValueSpecification","valueRequired":true,"valueName":"search_term_string"}}],"inLanguage":"es"},{"@type":"Organization","@id":"https:\/\/diariotextual.com\/inicio\/#organization","name":"Diario Textual","url":"https:\/\/diariotextual.com\/inicio\/","logo":{"@type":"ImageObject","inLanguage":"es","@id":"https:\/\/diariotextual.com\/inicio\/#\/schema\/logo\/image\/","url":"https:\/\/diariotextual.com\/inicio\/wp-content\/uploads\/2023\/05\/logotextual1.jpg","contentUrl":"https:\/\/diariotextual.com\/inicio\/wp-content\/uploads\/2023\/05\/logotextual1.jpg","width":516,"height":76,"caption":"Diario Textual"},"image":{"@id":"https:\/\/diariotextual.com\/inicio\/#\/schema\/logo\/image\/"},"sameAs":["https:\/\/www.facebook.com\/eltextual","https:\/\/x.com\/eltextual","http:\/\/www.instagram.com\/eltextual"]},{"@type":"Person","@id":"https:\/\/diariotextual.com\/inicio\/#\/schema\/person\/418fc4093c33e86ed41562db3508f958","name":"Diario1 Diario1","image":{"@type":"ImageObject","inLanguage":"es","@id":"https:\/\/secure.gravatar.com\/avatar\/9167d280179c85bc18be67aa7eda765854300033af4896dd779b608640f2ef7a?s=96&d=mm&r=g","url":"https:\/\/secure.gravatar.com\/avatar\/9167d280179c85bc18be67aa7eda765854300033af4896dd779b608640f2ef7a?s=96&d=mm&r=g","contentUrl":"https:\/\/secure.gravatar.com\/avatar\/9167d280179c85bc18be67aa7eda765854300033af4896dd779b608640f2ef7a?s=96&d=mm&r=g","caption":"Diario1 Diario1"},"url":"https:\/\/diariotextual.com\/inicio\/index.php\/author\/diario1\/"}]}},"_links":{"self":[{"href":"https:\/\/diariotextual.com\/inicio\/index.php\/wp-json\/wp\/v2\/posts\/13025","targetHints":{"allow":["GET"]}}],"collection":[{"href":"https:\/\/diariotextual.com\/inicio\/index.php\/wp-json\/wp\/v2\/posts"}],"about":[{"href":"https:\/\/diariotextual.com\/inicio\/index.php\/wp-json\/wp\/v2\/types\/post"}],"author":[{"embeddable":true,"href":"https:\/\/diariotextual.com\/inicio\/index.php\/wp-json\/wp\/v2\/users\/3"}],"replies":[{"embeddable":true,"href":"https:\/\/diariotextual.com\/inicio\/index.php\/wp-json\/wp\/v2\/comments?post=13025"}],"version-history":[{"count":3,"href":"https:\/\/diariotextual.com\/inicio\/index.php\/wp-json\/wp\/v2\/posts\/13025\/revisions"}],"predecessor-version":[{"id":13029,"href":"https:\/\/diariotextual.com\/inicio\/index.php\/wp-json\/wp\/v2\/posts\/13025\/revisions\/13029"}],"wp:featuredmedia":[{"embeddable":true,"href":"https:\/\/diariotextual.com\/inicio\/index.php\/wp-json\/wp\/v2\/media\/13058"}],"wp:attachment":[{"href":"https:\/\/diariotextual.com\/inicio\/index.php\/wp-json\/wp\/v2\/media?parent=13025"}],"wp:term":[{"taxonomy":"category","embeddable":true,"href":"https:\/\/diariotextual.com\/inicio\/index.php\/wp-json\/wp\/v2\/categories?post=13025"},{"taxonomy":"post_tag","embeddable":true,"href":"https:\/\/diariotextual.com\/inicio\/index.php\/wp-json\/wp\/v2\/tags?post=13025"}],"curies":[{"name":"wp","href":"https:\/\/api.w.org\/{rel}","templated":true}]}}