{"id":131937,"date":"2021-01-27T20:12:59","date_gmt":"2021-01-27T23:12:59","guid":{"rendered":"http:\/\/diariotextual.com\/inicio\/?p=131937"},"modified":"2021-01-28T09:42:18","modified_gmt":"2021-01-28T12:42:18","slug":"covid-en-la-pampa-de-600-muestras-analizadas-88-nuevos-positivos","status":"publish","type":"post","link":"https:\/\/diariotextual.com\/inicio\/index.php\/2021\/01\/27\/covid-en-la-pampa-de-600-muestras-analizadas-88-nuevos-positivos\/","title":{"rendered":"Covid en La Pampa: de 600 muestras analizadas, 88 nuevos positivos"},"content":{"rendered":"\n<p>El Ministerio de Salud de La Pampa inform\u00f3 que este mi\u00e9rcoles se registraron 88 nuevos contagios de coronavirus en la provincia. Adem\u00e1s, falleci\u00f3 una mujer de 84 a\u00f1os de Guatrach\u00e9.<\/p>\n\n\n\n<p>Hoy se analizaron 600 muestras. De las positivas, 27 corresponden a residentes en Santa Rosa, 20 en General Pico, 14 en Guatrach\u00e9, 5 en Toay, 3 en General Acha, 3 en Colonia Santa Mar\u00eda, 2 en La Adela, 2 en en Ingeniero Luiggi, 2 en Catril\u00f3, 1 en Quehu\u00e9, 1 en Parera, 1 en Realic\u00f3, 1 en Eduardo Castex, 1 en Rancul, 1 en Quem\u00fa Quem\u00fa, 1 en Arata, 1 en Trenel, 1 en Caleuf\u00fa y 1 en Gobernador Duval.<br><\/p>\n\n\n\n<p>De los 88 casos confirmados en la tarde de hoy, 42 se encontraban aislados por ser considerados contactos estrechos. Debido a la rapidez del diagn\u00f3stico por ant\u00edgenos, se contin\u00faa desarrollando la investigaci\u00f3n epidemiol\u00f3gica de 46 casos.<br><\/p>\n\n\n\n<p>De 600 muestras analizadas en toda la provincia, 268 fueron por test r\u00e1pidos y 332 por PCR.<\/p>\n\n\n\n<p>Desde el inicio de la pandemia, en la provincia se registraron un total de 16.097 casos positivos para Covid-19, de los cuales 1.011 permanecen activos, 239 fallecidos y 14.847 recuperados (101 en el d\u00eda de hoy).<br><\/p>\n\n\n\n<p>Los casos confirmados activos est\u00e1n distribuidos de la siguiente manera: 336 en Santa Rosa, 141 en General Pico, 64 en 25 de Mayo, 63 en General Acha, 58 en Toay, 41 en Eduardo Castex, 34 en Intendente Alvear, 27 en Realic\u00f3, 19 en Guatrach\u00e9, 15 en Colonia Bar\u00f3n, 15 en Ingeniero Luiggi, 14 en Catril\u00f3, 14 en La Adela, 12 en Macach\u00edn, 10 en Santa Isabel, 10 en Trenel, 9 en Winifreda, 9 en Embajador Martini, 8 en Victorica, 8 en Jacinto Arauz, 7 en Doblas, 7 en Quehu\u00e9, 7 en Alpachiri, 7 en Colonia Santa Mar\u00eda, 6 en Puelches, 6 en Rancul, 5 en Abramo, 5 en Quem\u00fa Quem\u00fa, 4 en La Humada, 4 en Bernasconi, 4 en Speluzzi, 4 en General Campos, 4 en Arata, 4 en Gobernador Duval, 3 en Lonquimay, 3 en Quetrequ\u00e9n, 3 en La Reforma, 3 en Caleuf\u00fa, 2 en La Maruja, 2 en Miguel Riglos, 2 en Conhello, 2 en Alta Italia, 2 en General San Mart\u00edn, 2 en Parera, 1 en Bernardo Larroud\u00e9, 1 en Casa de Piedra, 1 en Falucho, 1 en Agustoni, 1 en Carro Quemado y 1 en Uriburu.<\/p>\n\n\n\n<p>Hay 102 internados. Y al d\u00eda de la fecha se encuentran aisladas un total de 2.975 personas en toda la provincia.<\/p>\n","protected":false},"excerpt":{"rendered":"<p>El Ministerio de Salud de La Pampa inform\u00f3 que este mi\u00e9rcoles se registraron 88 nuevos contagios de coronavirus en la provincia. Adem\u00e1s, falleci\u00f3 una mujer de 84 a\u00f1os de Guatrach\u00e9.&hellip;<\/p>\n","protected":false},"author":3,"featured_media":119814,"comment_status":"closed","ping_status":"open","sticky":false,"template":"","format":"standard","meta":{"_acf_changed":false,"footnotes":""},"categories":[1,12],"tags":[2899],"class_list":["post-131937","post","type-post","status-publish","format-standard","has-post-thumbnail","hentry","category-es-noticia","category-sociedad","tag-covid"],"acf":[],"yoast_head":"<!-- This site is optimized with the Yoast SEO plugin v27.5 - https:\/\/yoast.com\/product\/yoast-seo-wordpress\/ -->\n<title>Covid en La Pampa: de 600 muestras analizadas, 88 nuevos positivos - Diario Textual<\/title>\n<meta name=\"robots\" content=\"index, follow, max-snippet:-1, max-image-preview:large, max-video-preview:-1\" \/>\n<link rel=\"canonical\" href=\"https:\/\/diariotextual.com\/inicio\/index.php\/2021\/01\/27\/covid-en-la-pampa-de-600-muestras-analizadas-88-nuevos-positivos\/\" \/>\n<meta property=\"og:locale\" content=\"es_ES\" \/>\n<meta property=\"og:type\" content=\"article\" \/>\n<meta property=\"og:title\" content=\"Covid en La Pampa: de 600 muestras analizadas, 88 nuevos positivos - Diario Textual\" \/>\n<meta property=\"og:description\" content=\"El Ministerio de Salud de La Pampa inform\u00f3 que este mi\u00e9rcoles se registraron 88 nuevos contagios de coronavirus en la provincia. Adem\u00e1s, falleci\u00f3 una mujer de 84 a\u00f1os de Guatrach\u00e9.&hellip;\" \/>\n<meta property=\"og:url\" content=\"https:\/\/diariotextual.com\/inicio\/index.php\/2021\/01\/27\/covid-en-la-pampa-de-600-muestras-analizadas-88-nuevos-positivos\/\" \/>\n<meta property=\"og:site_name\" content=\"Diario Textual\" \/>\n<meta property=\"article:publisher\" content=\"https:\/\/www.facebook.com\/eltextual\" \/>\n<meta property=\"article:published_time\" content=\"2021-01-27T23:12:59+00:00\" \/>\n<meta property=\"article:modified_time\" content=\"2021-01-28T12:42:18+00:00\" \/>\n<meta property=\"og:image\" content=\"https:\/\/diariotextual.com\/inicio\/wp-content\/uploads\/2020\/11\/coronavirusbusquedaactiva2020-000010.jpeg\" \/>\n\t<meta property=\"og:image:width\" content=\"1280\" \/>\n\t<meta property=\"og:image:height\" content=\"720\" \/>\n\t<meta property=\"og:image:type\" content=\"image\/jpeg\" \/>\n<meta name=\"author\" content=\"Diario1 Diario1\" \/>\n<meta name=\"twitter:card\" content=\"summary_large_image\" \/>\n<meta name=\"twitter:creator\" content=\"@eltextual\" \/>\n<meta name=\"twitter:site\" content=\"@eltextual\" \/>\n<meta name=\"twitter:label1\" content=\"Escrito por\" \/>\n\t<meta name=\"twitter:data1\" content=\"Diario1 Diario1\" \/>\n\t<meta name=\"twitter:label2\" content=\"Tiempo de lectura\" \/>\n\t<meta name=\"twitter:data2\" content=\"2 minutos\" \/>\n<script type=\"application\/ld+json\" class=\"yoast-schema-graph\">{\"@context\":\"https:\\\/\\\/schema.org\",\"@graph\":[{\"@type\":\"Article\",\"@id\":\"https:\\\/\\\/diariotextual.com\\\/inicio\\\/index.php\\\/2021\\\/01\\\/27\\\/covid-en-la-pampa-de-600-muestras-analizadas-88-nuevos-positivos\\\/#article\",\"isPartOf\":{\"@id\":\"https:\\\/\\\/diariotextual.com\\\/inicio\\\/index.php\\\/2021\\\/01\\\/27\\\/covid-en-la-pampa-de-600-muestras-analizadas-88-nuevos-positivos\\\/\"},\"author\":{\"name\":\"Diario1 Diario1\",\"@id\":\"https:\\\/\\\/diariotextual.com\\\/inicio\\\/#\\\/schema\\\/person\\\/418fc4093c33e86ed41562db3508f958\"},\"headline\":\"Covid en La Pampa: de 600 muestras analizadas, 88 nuevos positivos\",\"datePublished\":\"2021-01-27T23:12:59+00:00\",\"dateModified\":\"2021-01-28T12:42:18+00:00\",\"mainEntityOfPage\":{\"@id\":\"https:\\\/\\\/diariotextual.com\\\/inicio\\\/index.php\\\/2021\\\/01\\\/27\\\/covid-en-la-pampa-de-600-muestras-analizadas-88-nuevos-positivos\\\/\"},\"wordCount\":351,\"publisher\":{\"@id\":\"https:\\\/\\\/diariotextual.com\\\/inicio\\\/#organization\"},\"image\":{\"@id\":\"https:\\\/\\\/diariotextual.com\\\/inicio\\\/index.php\\\/2021\\\/01\\\/27\\\/covid-en-la-pampa-de-600-muestras-analizadas-88-nuevos-positivos\\\/#primaryimage\"},\"thumbnailUrl\":\"https:\\\/\\\/diariotextual.com\\\/inicio\\\/wp-content\\\/uploads\\\/2020\\\/11\\\/coronavirusbusquedaactiva2020-000010.jpeg\",\"keywords\":[\"covid\"],\"articleSection\":[\"A - ES NOTICIA (van abajo)\",\"SOCIEDAD\"],\"inLanguage\":\"es\"},{\"@type\":\"WebPage\",\"@id\":\"https:\\\/\\\/diariotextual.com\\\/inicio\\\/index.php\\\/2021\\\/01\\\/27\\\/covid-en-la-pampa-de-600-muestras-analizadas-88-nuevos-positivos\\\/\",\"url\":\"https:\\\/\\\/diariotextual.com\\\/inicio\\\/index.php\\\/2021\\\/01\\\/27\\\/covid-en-la-pampa-de-600-muestras-analizadas-88-nuevos-positivos\\\/\",\"name\":\"Covid en La Pampa: de 600 muestras analizadas, 88 nuevos positivos - Diario Textual\",\"isPartOf\":{\"@id\":\"https:\\\/\\\/diariotextual.com\\\/inicio\\\/#website\"},\"primaryImageOfPage\":{\"@id\":\"https:\\\/\\\/diariotextual.com\\\/inicio\\\/index.php\\\/2021\\\/01\\\/27\\\/covid-en-la-pampa-de-600-muestras-analizadas-88-nuevos-positivos\\\/#primaryimage\"},\"image\":{\"@id\":\"https:\\\/\\\/diariotextual.com\\\/inicio\\\/index.php\\\/2021\\\/01\\\/27\\\/covid-en-la-pampa-de-600-muestras-analizadas-88-nuevos-positivos\\\/#primaryimage\"},\"thumbnailUrl\":\"https:\\\/\\\/diariotextual.com\\\/inicio\\\/wp-content\\\/uploads\\\/2020\\\/11\\\/coronavirusbusquedaactiva2020-000010.jpeg\",\"datePublished\":\"2021-01-27T23:12:59+00:00\",\"dateModified\":\"2021-01-28T12:42:18+00:00\",\"breadcrumb\":{\"@id\":\"https:\\\/\\\/diariotextual.com\\\/inicio\\\/index.php\\\/2021\\\/01\\\/27\\\/covid-en-la-pampa-de-600-muestras-analizadas-88-nuevos-positivos\\\/#breadcrumb\"},\"inLanguage\":\"es\",\"potentialAction\":[{\"@type\":\"ReadAction\",\"target\":[\"https:\\\/\\\/diariotextual.com\\\/inicio\\\/index.php\\\/2021\\\/01\\\/27\\\/covid-en-la-pampa-de-600-muestras-analizadas-88-nuevos-positivos\\\/\"]}]},{\"@type\":\"ImageObject\",\"inLanguage\":\"es\",\"@id\":\"https:\\\/\\\/diariotextual.com\\\/inicio\\\/index.php\\\/2021\\\/01\\\/27\\\/covid-en-la-pampa-de-600-muestras-analizadas-88-nuevos-positivos\\\/#primaryimage\",\"url\":\"https:\\\/\\\/diariotextual.com\\\/inicio\\\/wp-content\\\/uploads\\\/2020\\\/11\\\/coronavirusbusquedaactiva2020-000010.jpeg\",\"contentUrl\":\"https:\\\/\\\/diariotextual.com\\\/inicio\\\/wp-content\\\/uploads\\\/2020\\\/11\\\/coronavirusbusquedaactiva2020-000010.jpeg\",\"width\":1280,\"height\":720},{\"@type\":\"BreadcrumbList\",\"@id\":\"https:\\\/\\\/diariotextual.com\\\/inicio\\\/index.php\\\/2021\\\/01\\\/27\\\/covid-en-la-pampa-de-600-muestras-analizadas-88-nuevos-positivos\\\/#breadcrumb\",\"itemListElement\":[{\"@type\":\"ListItem\",\"position\":1,\"name\":\"Portada\",\"item\":\"https:\\\/\\\/diariotextual.com\\\/inicio\\\/\"},{\"@type\":\"ListItem\",\"position\":2,\"name\":\"Covid en La Pampa: de 600 muestras analizadas, 88 nuevos positivos\"}]},{\"@type\":\"WebSite\",\"@id\":\"https:\\\/\\\/diariotextual.com\\\/inicio\\\/#website\",\"url\":\"https:\\\/\\\/diariotextual.com\\\/inicio\\\/\",\"name\":\"Diario Textual\",\"description\":\"\",\"publisher\":{\"@id\":\"https:\\\/\\\/diariotextual.com\\\/inicio\\\/#organization\"},\"potentialAction\":[{\"@type\":\"SearchAction\",\"target\":{\"@type\":\"EntryPoint\",\"urlTemplate\":\"https:\\\/\\\/diariotextual.com\\\/inicio\\\/?s={search_term_string}\"},\"query-input\":{\"@type\":\"PropertyValueSpecification\",\"valueRequired\":true,\"valueName\":\"search_term_string\"}}],\"inLanguage\":\"es\"},{\"@type\":\"Organization\",\"@id\":\"https:\\\/\\\/diariotextual.com\\\/inicio\\\/#organization\",\"name\":\"Diario Textual\",\"url\":\"https:\\\/\\\/diariotextual.com\\\/inicio\\\/\",\"logo\":{\"@type\":\"ImageObject\",\"inLanguage\":\"es\",\"@id\":\"https:\\\/\\\/diariotextual.com\\\/inicio\\\/#\\\/schema\\\/logo\\\/image\\\/\",\"url\":\"https:\\\/\\\/diariotextual.com\\\/inicio\\\/wp-content\\\/uploads\\\/2023\\\/05\\\/logotextual1.jpg\",\"contentUrl\":\"https:\\\/\\\/diariotextual.com\\\/inicio\\\/wp-content\\\/uploads\\\/2023\\\/05\\\/logotextual1.jpg\",\"width\":516,\"height\":76,\"caption\":\"Diario Textual\"},\"image\":{\"@id\":\"https:\\\/\\\/diariotextual.com\\\/inicio\\\/#\\\/schema\\\/logo\\\/image\\\/\"},\"sameAs\":[\"https:\\\/\\\/www.facebook.com\\\/eltextual\",\"https:\\\/\\\/x.com\\\/eltextual\",\"http:\\\/\\\/www.instagram.com\\\/eltextual\"]},{\"@type\":\"Person\",\"@id\":\"https:\\\/\\\/diariotextual.com\\\/inicio\\\/#\\\/schema\\\/person\\\/418fc4093c33e86ed41562db3508f958\",\"name\":\"Diario1 Diario1\",\"image\":{\"@type\":\"ImageObject\",\"inLanguage\":\"es\",\"@id\":\"https:\\\/\\\/secure.gravatar.com\\\/avatar\\\/9167d280179c85bc18be67aa7eda765854300033af4896dd779b608640f2ef7a?s=96&d=mm&r=g\",\"url\":\"https:\\\/\\\/secure.gravatar.com\\\/avatar\\\/9167d280179c85bc18be67aa7eda765854300033af4896dd779b608640f2ef7a?s=96&d=mm&r=g\",\"contentUrl\":\"https:\\\/\\\/secure.gravatar.com\\\/avatar\\\/9167d280179c85bc18be67aa7eda765854300033af4896dd779b608640f2ef7a?s=96&d=mm&r=g\",\"caption\":\"Diario1 Diario1\"},\"url\":\"https:\\\/\\\/diariotextual.com\\\/inicio\\\/index.php\\\/author\\\/diario1\\\/\"}]}<\/script>\n<!-- \/ Yoast SEO plugin. -->","yoast_head_json":{"title":"Covid en La Pampa: de 600 muestras analizadas, 88 nuevos positivos - Diario Textual","robots":{"index":"index","follow":"follow","max-snippet":"max-snippet:-1","max-image-preview":"max-image-preview:large","max-video-preview":"max-video-preview:-1"},"canonical":"https:\/\/diariotextual.com\/inicio\/index.php\/2021\/01\/27\/covid-en-la-pampa-de-600-muestras-analizadas-88-nuevos-positivos\/","og_locale":"es_ES","og_type":"article","og_title":"Covid en La Pampa: de 600 muestras analizadas, 88 nuevos positivos - Diario Textual","og_description":"El Ministerio de Salud de La Pampa inform\u00f3 que este mi\u00e9rcoles se registraron 88 nuevos contagios de coronavirus en la provincia. Adem\u00e1s, falleci\u00f3 una mujer de 84 a\u00f1os de Guatrach\u00e9.&hellip;","og_url":"https:\/\/diariotextual.com\/inicio\/index.php\/2021\/01\/27\/covid-en-la-pampa-de-600-muestras-analizadas-88-nuevos-positivos\/","og_site_name":"Diario Textual","article_publisher":"https:\/\/www.facebook.com\/eltextual","article_published_time":"2021-01-27T23:12:59+00:00","article_modified_time":"2021-01-28T12:42:18+00:00","og_image":[{"width":1280,"height":720,"url":"https:\/\/diariotextual.com\/inicio\/wp-content\/uploads\/2020\/11\/coronavirusbusquedaactiva2020-000010.jpeg","type":"image\/jpeg"}],"author":"Diario1 Diario1","twitter_card":"summary_large_image","twitter_creator":"@eltextual","twitter_site":"@eltextual","twitter_misc":{"Escrito por":"Diario1 Diario1","Tiempo de lectura":"2 minutos"},"schema":{"@context":"https:\/\/schema.org","@graph":[{"@type":"Article","@id":"https:\/\/diariotextual.com\/inicio\/index.php\/2021\/01\/27\/covid-en-la-pampa-de-600-muestras-analizadas-88-nuevos-positivos\/#article","isPartOf":{"@id":"https:\/\/diariotextual.com\/inicio\/index.php\/2021\/01\/27\/covid-en-la-pampa-de-600-muestras-analizadas-88-nuevos-positivos\/"},"author":{"name":"Diario1 Diario1","@id":"https:\/\/diariotextual.com\/inicio\/#\/schema\/person\/418fc4093c33e86ed41562db3508f958"},"headline":"Covid en La Pampa: de 600 muestras analizadas, 88 nuevos positivos","datePublished":"2021-01-27T23:12:59+00:00","dateModified":"2021-01-28T12:42:18+00:00","mainEntityOfPage":{"@id":"https:\/\/diariotextual.com\/inicio\/index.php\/2021\/01\/27\/covid-en-la-pampa-de-600-muestras-analizadas-88-nuevos-positivos\/"},"wordCount":351,"publisher":{"@id":"https:\/\/diariotextual.com\/inicio\/#organization"},"image":{"@id":"https:\/\/diariotextual.com\/inicio\/index.php\/2021\/01\/27\/covid-en-la-pampa-de-600-muestras-analizadas-88-nuevos-positivos\/#primaryimage"},"thumbnailUrl":"https:\/\/diariotextual.com\/inicio\/wp-content\/uploads\/2020\/11\/coronavirusbusquedaactiva2020-000010.jpeg","keywords":["covid"],"articleSection":["A - ES NOTICIA (van abajo)","SOCIEDAD"],"inLanguage":"es"},{"@type":"WebPage","@id":"https:\/\/diariotextual.com\/inicio\/index.php\/2021\/01\/27\/covid-en-la-pampa-de-600-muestras-analizadas-88-nuevos-positivos\/","url":"https:\/\/diariotextual.com\/inicio\/index.php\/2021\/01\/27\/covid-en-la-pampa-de-600-muestras-analizadas-88-nuevos-positivos\/","name":"Covid en La Pampa: de 600 muestras analizadas, 88 nuevos positivos - Diario Textual","isPartOf":{"@id":"https:\/\/diariotextual.com\/inicio\/#website"},"primaryImageOfPage":{"@id":"https:\/\/diariotextual.com\/inicio\/index.php\/2021\/01\/27\/covid-en-la-pampa-de-600-muestras-analizadas-88-nuevos-positivos\/#primaryimage"},"image":{"@id":"https:\/\/diariotextual.com\/inicio\/index.php\/2021\/01\/27\/covid-en-la-pampa-de-600-muestras-analizadas-88-nuevos-positivos\/#primaryimage"},"thumbnailUrl":"https:\/\/diariotextual.com\/inicio\/wp-content\/uploads\/2020\/11\/coronavirusbusquedaactiva2020-000010.jpeg","datePublished":"2021-01-27T23:12:59+00:00","dateModified":"2021-01-28T12:42:18+00:00","breadcrumb":{"@id":"https:\/\/diariotextual.com\/inicio\/index.php\/2021\/01\/27\/covid-en-la-pampa-de-600-muestras-analizadas-88-nuevos-positivos\/#breadcrumb"},"inLanguage":"es","potentialAction":[{"@type":"ReadAction","target":["https:\/\/diariotextual.com\/inicio\/index.php\/2021\/01\/27\/covid-en-la-pampa-de-600-muestras-analizadas-88-nuevos-positivos\/"]}]},{"@type":"ImageObject","inLanguage":"es","@id":"https:\/\/diariotextual.com\/inicio\/index.php\/2021\/01\/27\/covid-en-la-pampa-de-600-muestras-analizadas-88-nuevos-positivos\/#primaryimage","url":"https:\/\/diariotextual.com\/inicio\/wp-content\/uploads\/2020\/11\/coronavirusbusquedaactiva2020-000010.jpeg","contentUrl":"https:\/\/diariotextual.com\/inicio\/wp-content\/uploads\/2020\/11\/coronavirusbusquedaactiva2020-000010.jpeg","width":1280,"height":720},{"@type":"BreadcrumbList","@id":"https:\/\/diariotextual.com\/inicio\/index.php\/2021\/01\/27\/covid-en-la-pampa-de-600-muestras-analizadas-88-nuevos-positivos\/#breadcrumb","itemListElement":[{"@type":"ListItem","position":1,"name":"Portada","item":"https:\/\/diariotextual.com\/inicio\/"},{"@type":"ListItem","position":2,"name":"Covid en La Pampa: de 600 muestras analizadas, 88 nuevos positivos"}]},{"@type":"WebSite","@id":"https:\/\/diariotextual.com\/inicio\/#website","url":"https:\/\/diariotextual.com\/inicio\/","name":"Diario Textual","description":"","publisher":{"@id":"https:\/\/diariotextual.com\/inicio\/#organization"},"potentialAction":[{"@type":"SearchAction","target":{"@type":"EntryPoint","urlTemplate":"https:\/\/diariotextual.com\/inicio\/?s={search_term_string}"},"query-input":{"@type":"PropertyValueSpecification","valueRequired":true,"valueName":"search_term_string"}}],"inLanguage":"es"},{"@type":"Organization","@id":"https:\/\/diariotextual.com\/inicio\/#organization","name":"Diario Textual","url":"https:\/\/diariotextual.com\/inicio\/","logo":{"@type":"ImageObject","inLanguage":"es","@id":"https:\/\/diariotextual.com\/inicio\/#\/schema\/logo\/image\/","url":"https:\/\/diariotextual.com\/inicio\/wp-content\/uploads\/2023\/05\/logotextual1.jpg","contentUrl":"https:\/\/diariotextual.com\/inicio\/wp-content\/uploads\/2023\/05\/logotextual1.jpg","width":516,"height":76,"caption":"Diario Textual"},"image":{"@id":"https:\/\/diariotextual.com\/inicio\/#\/schema\/logo\/image\/"},"sameAs":["https:\/\/www.facebook.com\/eltextual","https:\/\/x.com\/eltextual","http:\/\/www.instagram.com\/eltextual"]},{"@type":"Person","@id":"https:\/\/diariotextual.com\/inicio\/#\/schema\/person\/418fc4093c33e86ed41562db3508f958","name":"Diario1 Diario1","image":{"@type":"ImageObject","inLanguage":"es","@id":"https:\/\/secure.gravatar.com\/avatar\/9167d280179c85bc18be67aa7eda765854300033af4896dd779b608640f2ef7a?s=96&d=mm&r=g","url":"https:\/\/secure.gravatar.com\/avatar\/9167d280179c85bc18be67aa7eda765854300033af4896dd779b608640f2ef7a?s=96&d=mm&r=g","contentUrl":"https:\/\/secure.gravatar.com\/avatar\/9167d280179c85bc18be67aa7eda765854300033af4896dd779b608640f2ef7a?s=96&d=mm&r=g","caption":"Diario1 Diario1"},"url":"https:\/\/diariotextual.com\/inicio\/index.php\/author\/diario1\/"}]}},"_links":{"self":[{"href":"https:\/\/diariotextual.com\/inicio\/index.php\/wp-json\/wp\/v2\/posts\/131937","targetHints":{"allow":["GET"]}}],"collection":[{"href":"https:\/\/diariotextual.com\/inicio\/index.php\/wp-json\/wp\/v2\/posts"}],"about":[{"href":"https:\/\/diariotextual.com\/inicio\/index.php\/wp-json\/wp\/v2\/types\/post"}],"author":[{"embeddable":true,"href":"https:\/\/diariotextual.com\/inicio\/index.php\/wp-json\/wp\/v2\/users\/3"}],"replies":[{"embeddable":true,"href":"https:\/\/diariotextual.com\/inicio\/index.php\/wp-json\/wp\/v2\/comments?post=131937"}],"version-history":[{"count":6,"href":"https:\/\/diariotextual.com\/inicio\/index.php\/wp-json\/wp\/v2\/posts\/131937\/revisions"}],"predecessor-version":[{"id":131953,"href":"https:\/\/diariotextual.com\/inicio\/index.php\/wp-json\/wp\/v2\/posts\/131937\/revisions\/131953"}],"wp:featuredmedia":[{"embeddable":true,"href":"https:\/\/diariotextual.com\/inicio\/index.php\/wp-json\/wp\/v2\/media\/119814"}],"wp:attachment":[{"href":"https:\/\/diariotextual.com\/inicio\/index.php\/wp-json\/wp\/v2\/media?parent=131937"}],"wp:term":[{"taxonomy":"category","embeddable":true,"href":"https:\/\/diariotextual.com\/inicio\/index.php\/wp-json\/wp\/v2\/categories?post=131937"},{"taxonomy":"post_tag","embeddable":true,"href":"https:\/\/diariotextual.com\/inicio\/index.php\/wp-json\/wp\/v2\/tags?post=131937"}],"curies":[{"name":"wp","href":"https:\/\/api.w.org\/{rel}","templated":true}]}}