{"id":132008,"date":"2021-01-29T07:41:05","date_gmt":"2021-01-29T10:41:05","guid":{"rendered":"http:\/\/diariotextual.com\/inicio\/?p=132008"},"modified":"2021-01-29T08:23:17","modified_gmt":"2021-01-29T11:23:17","slug":"ziliotto-vuelven-los-encuentros-sociales-y-familiares-en-las-casas-particulares","status":"publish","type":"post","link":"https:\/\/diariotextual.com\/inicio\/index.php\/2021\/01\/29\/ziliotto-vuelven-los-encuentros-sociales-y-familiares-en-las-casas-particulares\/","title":{"rendered":"En La Pampa volvieron a autorizar los encuentros sociales y familiares en las casas particulares"},"content":{"rendered":"\n<p><strong>El Gobierno pampeano, luego de un mes de restricciones, decidi\u00f3 que las reuniones sociales y familiares, con un m\u00e1ximo de 10 personas, podr\u00e1n realizarse todos los d\u00edas entre las 7 y las 24 horas a partir de este viernes 29 de enero.<\/strong> Asimismo, <strong>mantuvo las restricciones de circulaci\u00f3n actuales.&nbsp; <\/strong><\/p>\n\n\n\n<p>Estas son las medidas adoptadas:<\/p>\n\n\n\n<ul class=\"wp-block-list\"><li><strong>Se habilitan los encuentros sociales y familiares en domicilios particulares todos los d\u00edas de 7 a 24 horas, con un m\u00e1ximo de 10 personas.<\/strong><\/li><li><strong>Se proh\u00edbe la circulaci\u00f3n de personas de 1 a 6.30 horas con excepci\u00f3n de trabajadores esenciales.&nbsp;<\/strong><\/li><li><strong>Todas las actividades finalizan a las 0 horas, con la extensi\u00f3n de 30 minutos para los locales gastron\u00f3micos. &nbsp;<\/strong><\/li><li><strong>Vigencia a partir de las 0 horas del 29 de enero hasta las 0 horas del pr\u00f3ximo 15 de febrero.<\/strong><\/li><\/ul>\n\n\n\n<p>El gobernador <strong>Sergio Ziliotto<\/strong> encabez\u00f3 el jueves la reuni\u00f3n del Comit\u00e9 de Emergencia en la que se inform\u00f3 y se analiz\u00f3 la situaci\u00f3n epidemiol\u00f3gica provincial, \u00a0y las distintas estrategias aplicadas en la provincia para\u00a0 frenar el avance del virus y morigerar sus\u00a0 efectos letales.<\/p>\n\n\n\n<figure class=\"wp-block-embed-wordpress wp-block-embed is-type-wp-embed is-provider-diario-textual\"><div class=\"wp-block-embed__wrapper\">\n<blockquote class=\"wp-embedded-content\" data-secret=\"t0xbuFmhNK\"><a href=\"http:\/\/diariotextual.com\/inicio\/index.php\/2021\/01\/28\/el-lunes-ya-se-puede-ir-al-cine-en-la-pampa\/\">El lunes 1\u00b0 de febrero ya se puede ir al cine en La Pampa<\/a><\/blockquote><iframe class=\"wp-embedded-content\" sandbox=\"allow-scripts\" security=\"restricted\" style=\"position: absolute; clip: rect(1px, 1px, 1px, 1px);\" title=\"\u00abEl lunes 1\u00b0 de febrero ya se puede ir al cine en La Pampa\u00bb \u2014 Diario Textual\" src=\"http:\/\/diariotextual.com\/inicio\/index.php\/2021\/01\/28\/el-lunes-ya-se-puede-ir-al-cine-en-la-pampa\/embed\/#?secret=t0xbuFmhNK\" data-secret=\"t0xbuFmhNK\" width=\"600\" height=\"338\" frameborder=\"0\" marginwidth=\"0\" marginheight=\"0\" scrolling=\"no\"><\/iframe>\n<\/div><\/figure>\n\n\n\n<p>En enero los encuentros sociales y familiares estuvieron prohibidos, luego de un pico de contagios diarios que super\u00f3 los 400 casos. Ahora, por d\u00eda, se registran menos de cien.<\/p>\n\n\n\n<p>Desde el inicio de la pandemia, en la provincia se registraron un total de 16 mil casos positivos para Covid-19.<\/p>\n\n\n\n<figure class=\"wp-block-embed-wordpress wp-block-embed is-type-wp-embed is-provider-diario-textual\"><div class=\"wp-block-embed__wrapper\">\n<blockquote class=\"wp-embedded-content\" data-secret=\"VBRcsmORXh\"><a href=\"http:\/\/diariotextual.com\/inicio\/index.php\/2021\/01\/27\/covid-en-la-pampa-de-600-muestras-analizadas-88-nuevos-positivos\/\">Covid en La Pampa: de 600 muestras analizadas, 88 nuevos positivos<\/a><\/blockquote><iframe class=\"wp-embedded-content\" sandbox=\"allow-scripts\" security=\"restricted\" style=\"position: absolute; clip: rect(1px, 1px, 1px, 1px);\" title=\"\u00abCovid en La Pampa: de 600 muestras analizadas, 88 nuevos positivos\u00bb \u2014 Diario Textual\" src=\"http:\/\/diariotextual.com\/inicio\/index.php\/2021\/01\/27\/covid-en-la-pampa-de-600-muestras-analizadas-88-nuevos-positivos\/embed\/#?secret=VBRcsmORXh\" data-secret=\"VBRcsmORXh\" width=\"600\" height=\"338\" frameborder=\"0\" marginwidth=\"0\" marginheight=\"0\" scrolling=\"no\"><\/iframe>\n<\/div><\/figure>\n\n\n\n<p><br><\/p>\n\n\n\n<p>En el comit\u00e9<strong> se evaluaron \u201cpositivamente\u201d las medidas tomadas que provocaron el descenso de los casos <\/strong>registrados en los \u00faltimos d\u00edas, &nbsp;y se ratific\u00f3 la continuidad de &nbsp;la estrategia provincial de&nbsp; seguir saliendo a buscar el virus a trav\u00e9s de los dos test que se realizan en La Pampa.<\/p>\n\n\n\n<p>Salud P\u00fablica recomend\u00f3 especialmente que los encuentros sociales y familiares se realicen \u201ccumpliendo los protocolos para minimizar el riesgo\u201d de contagios. En este sentido sugirieron que, en todos los casos en que sea posible, las reuniones se concreten al aire libre, y de no ser posible, ventilar permanentemente los espacios en los que se&nbsp; realicen los encuentros, comunic\u00f3.<\/p>\n","protected":false},"excerpt":{"rendered":"<p>El Gobierno pampeano, luego de un mes de restricciones, decidi\u00f3 que las reuniones sociales y familiares, con un m\u00e1ximo de 10 personas, podr\u00e1n realizarse todos los d\u00edas entre las 7&hellip;<\/p>\n","protected":false},"author":3,"featured_media":109796,"comment_status":"closed","ping_status":"open","sticky":false,"template":"","format":"standard","meta":{"_acf_changed":false,"footnotes":""},"categories":[10,12],"tags":[3807],"class_list":["post-132008","post","type-post","status-publish","format-standard","has-post-thumbnail","hentry","category-portada-2","category-sociedad","tag-encuentros"],"acf":[],"yoast_head":"<!-- This site is optimized with the Yoast SEO plugin v27.5 - https:\/\/yoast.com\/product\/yoast-seo-wordpress\/ -->\n<title>En La Pampa volvieron a autorizar los encuentros sociales y familiares en las casas particulares - Diario Textual<\/title>\n<meta name=\"robots\" content=\"index, follow, max-snippet:-1, max-image-preview:large, max-video-preview:-1\" \/>\n<link rel=\"canonical\" href=\"https:\/\/diariotextual.com\/inicio\/index.php\/2021\/01\/29\/ziliotto-vuelven-los-encuentros-sociales-y-familiares-en-las-casas-particulares\/\" \/>\n<meta property=\"og:locale\" content=\"es_ES\" \/>\n<meta property=\"og:type\" content=\"article\" \/>\n<meta property=\"og:title\" content=\"En La Pampa volvieron a autorizar los encuentros sociales y familiares en las casas particulares - Diario Textual\" \/>\n<meta property=\"og:description\" content=\"El Gobierno pampeano, luego de un mes de restricciones, decidi\u00f3 que las reuniones sociales y familiares, con un m\u00e1ximo de 10 personas, podr\u00e1n realizarse todos los d\u00edas entre las 7&hellip;\" \/>\n<meta property=\"og:url\" content=\"https:\/\/diariotextual.com\/inicio\/index.php\/2021\/01\/29\/ziliotto-vuelven-los-encuentros-sociales-y-familiares-en-las-casas-particulares\/\" \/>\n<meta property=\"og:site_name\" content=\"Diario Textual\" \/>\n<meta property=\"article:publisher\" content=\"https:\/\/www.facebook.com\/eltextual\" \/>\n<meta property=\"article:published_time\" content=\"2021-01-29T10:41:05+00:00\" \/>\n<meta property=\"article:modified_time\" content=\"2021-01-29T11:23:17+00:00\" \/>\n<meta property=\"og:image\" content=\"https:\/\/diariotextual.com\/inicio\/wp-content\/uploads\/2020\/09\/encuentrossocialesreunionfamiliar888.jpeg\" \/>\n\t<meta property=\"og:image:width\" content=\"915\" \/>\n\t<meta property=\"og:image:height\" content=\"515\" \/>\n\t<meta property=\"og:image:type\" content=\"image\/jpeg\" \/>\n<meta name=\"author\" content=\"Diario1 Diario1\" \/>\n<meta name=\"twitter:card\" content=\"summary_large_image\" \/>\n<meta name=\"twitter:creator\" content=\"@eltextual\" \/>\n<meta name=\"twitter:site\" content=\"@eltextual\" \/>\n<meta name=\"twitter:label1\" content=\"Escrito por\" \/>\n\t<meta name=\"twitter:data1\" content=\"Diario1 Diario1\" \/>\n\t<meta name=\"twitter:label2\" content=\"Tiempo de lectura\" \/>\n\t<meta name=\"twitter:data2\" content=\"2 minutos\" \/>\n<script type=\"application\/ld+json\" class=\"yoast-schema-graph\">{\"@context\":\"https:\\\/\\\/schema.org\",\"@graph\":[{\"@type\":\"Article\",\"@id\":\"https:\\\/\\\/diariotextual.com\\\/inicio\\\/index.php\\\/2021\\\/01\\\/29\\\/ziliotto-vuelven-los-encuentros-sociales-y-familiares-en-las-casas-particulares\\\/#article\",\"isPartOf\":{\"@id\":\"https:\\\/\\\/diariotextual.com\\\/inicio\\\/index.php\\\/2021\\\/01\\\/29\\\/ziliotto-vuelven-los-encuentros-sociales-y-familiares-en-las-casas-particulares\\\/\"},\"author\":{\"name\":\"Diario1 Diario1\",\"@id\":\"https:\\\/\\\/diariotextual.com\\\/inicio\\\/#\\\/schema\\\/person\\\/418fc4093c33e86ed41562db3508f958\"},\"headline\":\"En La Pampa volvieron a autorizar los encuentros sociales y familiares en las casas particulares\",\"datePublished\":\"2021-01-29T10:41:05+00:00\",\"dateModified\":\"2021-01-29T11:23:17+00:00\",\"mainEntityOfPage\":{\"@id\":\"https:\\\/\\\/diariotextual.com\\\/inicio\\\/index.php\\\/2021\\\/01\\\/29\\\/ziliotto-vuelven-los-encuentros-sociales-y-familiares-en-las-casas-particulares\\\/\"},\"wordCount\":372,\"publisher\":{\"@id\":\"https:\\\/\\\/diariotextual.com\\\/inicio\\\/#organization\"},\"image\":{\"@id\":\"https:\\\/\\\/diariotextual.com\\\/inicio\\\/index.php\\\/2021\\\/01\\\/29\\\/ziliotto-vuelven-los-encuentros-sociales-y-familiares-en-las-casas-particulares\\\/#primaryimage\"},\"thumbnailUrl\":\"https:\\\/\\\/diariotextual.com\\\/inicio\\\/wp-content\\\/uploads\\\/2020\\\/09\\\/encuentrossocialesreunionfamiliar888.jpeg\",\"keywords\":[\"encuentros\"],\"articleSection\":[\"A - PORTADA2\",\"SOCIEDAD\"],\"inLanguage\":\"es\"},{\"@type\":\"WebPage\",\"@id\":\"https:\\\/\\\/diariotextual.com\\\/inicio\\\/index.php\\\/2021\\\/01\\\/29\\\/ziliotto-vuelven-los-encuentros-sociales-y-familiares-en-las-casas-particulares\\\/\",\"url\":\"https:\\\/\\\/diariotextual.com\\\/inicio\\\/index.php\\\/2021\\\/01\\\/29\\\/ziliotto-vuelven-los-encuentros-sociales-y-familiares-en-las-casas-particulares\\\/\",\"name\":\"En La Pampa volvieron a autorizar los encuentros sociales y familiares en las casas particulares - Diario Textual\",\"isPartOf\":{\"@id\":\"https:\\\/\\\/diariotextual.com\\\/inicio\\\/#website\"},\"primaryImageOfPage\":{\"@id\":\"https:\\\/\\\/diariotextual.com\\\/inicio\\\/index.php\\\/2021\\\/01\\\/29\\\/ziliotto-vuelven-los-encuentros-sociales-y-familiares-en-las-casas-particulares\\\/#primaryimage\"},\"image\":{\"@id\":\"https:\\\/\\\/diariotextual.com\\\/inicio\\\/index.php\\\/2021\\\/01\\\/29\\\/ziliotto-vuelven-los-encuentros-sociales-y-familiares-en-las-casas-particulares\\\/#primaryimage\"},\"thumbnailUrl\":\"https:\\\/\\\/diariotextual.com\\\/inicio\\\/wp-content\\\/uploads\\\/2020\\\/09\\\/encuentrossocialesreunionfamiliar888.jpeg\",\"datePublished\":\"2021-01-29T10:41:05+00:00\",\"dateModified\":\"2021-01-29T11:23:17+00:00\",\"breadcrumb\":{\"@id\":\"https:\\\/\\\/diariotextual.com\\\/inicio\\\/index.php\\\/2021\\\/01\\\/29\\\/ziliotto-vuelven-los-encuentros-sociales-y-familiares-en-las-casas-particulares\\\/#breadcrumb\"},\"inLanguage\":\"es\",\"potentialAction\":[{\"@type\":\"ReadAction\",\"target\":[\"https:\\\/\\\/diariotextual.com\\\/inicio\\\/index.php\\\/2021\\\/01\\\/29\\\/ziliotto-vuelven-los-encuentros-sociales-y-familiares-en-las-casas-particulares\\\/\"]}]},{\"@type\":\"ImageObject\",\"inLanguage\":\"es\",\"@id\":\"https:\\\/\\\/diariotextual.com\\\/inicio\\\/index.php\\\/2021\\\/01\\\/29\\\/ziliotto-vuelven-los-encuentros-sociales-y-familiares-en-las-casas-particulares\\\/#primaryimage\",\"url\":\"https:\\\/\\\/diariotextual.com\\\/inicio\\\/wp-content\\\/uploads\\\/2020\\\/09\\\/encuentrossocialesreunionfamiliar888.jpeg\",\"contentUrl\":\"https:\\\/\\\/diariotextual.com\\\/inicio\\\/wp-content\\\/uploads\\\/2020\\\/09\\\/encuentrossocialesreunionfamiliar888.jpeg\",\"width\":915,\"height\":515},{\"@type\":\"BreadcrumbList\",\"@id\":\"https:\\\/\\\/diariotextual.com\\\/inicio\\\/index.php\\\/2021\\\/01\\\/29\\\/ziliotto-vuelven-los-encuentros-sociales-y-familiares-en-las-casas-particulares\\\/#breadcrumb\",\"itemListElement\":[{\"@type\":\"ListItem\",\"position\":1,\"name\":\"Portada\",\"item\":\"https:\\\/\\\/diariotextual.com\\\/inicio\\\/\"},{\"@type\":\"ListItem\",\"position\":2,\"name\":\"En La Pampa volvieron a autorizar los encuentros sociales y familiares en las casas particulares\"}]},{\"@type\":\"WebSite\",\"@id\":\"https:\\\/\\\/diariotextual.com\\\/inicio\\\/#website\",\"url\":\"https:\\\/\\\/diariotextual.com\\\/inicio\\\/\",\"name\":\"Diario Textual\",\"description\":\"\",\"publisher\":{\"@id\":\"https:\\\/\\\/diariotextual.com\\\/inicio\\\/#organization\"},\"potentialAction\":[{\"@type\":\"SearchAction\",\"target\":{\"@type\":\"EntryPoint\",\"urlTemplate\":\"https:\\\/\\\/diariotextual.com\\\/inicio\\\/?s={search_term_string}\"},\"query-input\":{\"@type\":\"PropertyValueSpecification\",\"valueRequired\":true,\"valueName\":\"search_term_string\"}}],\"inLanguage\":\"es\"},{\"@type\":\"Organization\",\"@id\":\"https:\\\/\\\/diariotextual.com\\\/inicio\\\/#organization\",\"name\":\"Diario Textual\",\"url\":\"https:\\\/\\\/diariotextual.com\\\/inicio\\\/\",\"logo\":{\"@type\":\"ImageObject\",\"inLanguage\":\"es\",\"@id\":\"https:\\\/\\\/diariotextual.com\\\/inicio\\\/#\\\/schema\\\/logo\\\/image\\\/\",\"url\":\"https:\\\/\\\/diariotextual.com\\\/inicio\\\/wp-content\\\/uploads\\\/2023\\\/05\\\/logotextual1.jpg\",\"contentUrl\":\"https:\\\/\\\/diariotextual.com\\\/inicio\\\/wp-content\\\/uploads\\\/2023\\\/05\\\/logotextual1.jpg\",\"width\":516,\"height\":76,\"caption\":\"Diario Textual\"},\"image\":{\"@id\":\"https:\\\/\\\/diariotextual.com\\\/inicio\\\/#\\\/schema\\\/logo\\\/image\\\/\"},\"sameAs\":[\"https:\\\/\\\/www.facebook.com\\\/eltextual\",\"https:\\\/\\\/x.com\\\/eltextual\",\"http:\\\/\\\/www.instagram.com\\\/eltextual\"]},{\"@type\":\"Person\",\"@id\":\"https:\\\/\\\/diariotextual.com\\\/inicio\\\/#\\\/schema\\\/person\\\/418fc4093c33e86ed41562db3508f958\",\"name\":\"Diario1 Diario1\",\"image\":{\"@type\":\"ImageObject\",\"inLanguage\":\"es\",\"@id\":\"https:\\\/\\\/secure.gravatar.com\\\/avatar\\\/9167d280179c85bc18be67aa7eda765854300033af4896dd779b608640f2ef7a?s=96&d=mm&r=g\",\"url\":\"https:\\\/\\\/secure.gravatar.com\\\/avatar\\\/9167d280179c85bc18be67aa7eda765854300033af4896dd779b608640f2ef7a?s=96&d=mm&r=g\",\"contentUrl\":\"https:\\\/\\\/secure.gravatar.com\\\/avatar\\\/9167d280179c85bc18be67aa7eda765854300033af4896dd779b608640f2ef7a?s=96&d=mm&r=g\",\"caption\":\"Diario1 Diario1\"},\"url\":\"https:\\\/\\\/diariotextual.com\\\/inicio\\\/index.php\\\/author\\\/diario1\\\/\"}]}<\/script>\n<!-- \/ Yoast SEO plugin. -->","yoast_head_json":{"title":"En La Pampa volvieron a autorizar los encuentros sociales y familiares en las casas particulares - Diario Textual","robots":{"index":"index","follow":"follow","max-snippet":"max-snippet:-1","max-image-preview":"max-image-preview:large","max-video-preview":"max-video-preview:-1"},"canonical":"https:\/\/diariotextual.com\/inicio\/index.php\/2021\/01\/29\/ziliotto-vuelven-los-encuentros-sociales-y-familiares-en-las-casas-particulares\/","og_locale":"es_ES","og_type":"article","og_title":"En La Pampa volvieron a autorizar los encuentros sociales y familiares en las casas particulares - Diario Textual","og_description":"El Gobierno pampeano, luego de un mes de restricciones, decidi\u00f3 que las reuniones sociales y familiares, con un m\u00e1ximo de 10 personas, podr\u00e1n realizarse todos los d\u00edas entre las 7&hellip;","og_url":"https:\/\/diariotextual.com\/inicio\/index.php\/2021\/01\/29\/ziliotto-vuelven-los-encuentros-sociales-y-familiares-en-las-casas-particulares\/","og_site_name":"Diario Textual","article_publisher":"https:\/\/www.facebook.com\/eltextual","article_published_time":"2021-01-29T10:41:05+00:00","article_modified_time":"2021-01-29T11:23:17+00:00","og_image":[{"width":915,"height":515,"url":"https:\/\/diariotextual.com\/inicio\/wp-content\/uploads\/2020\/09\/encuentrossocialesreunionfamiliar888.jpeg","type":"image\/jpeg"}],"author":"Diario1 Diario1","twitter_card":"summary_large_image","twitter_creator":"@eltextual","twitter_site":"@eltextual","twitter_misc":{"Escrito por":"Diario1 Diario1","Tiempo de lectura":"2 minutos"},"schema":{"@context":"https:\/\/schema.org","@graph":[{"@type":"Article","@id":"https:\/\/diariotextual.com\/inicio\/index.php\/2021\/01\/29\/ziliotto-vuelven-los-encuentros-sociales-y-familiares-en-las-casas-particulares\/#article","isPartOf":{"@id":"https:\/\/diariotextual.com\/inicio\/index.php\/2021\/01\/29\/ziliotto-vuelven-los-encuentros-sociales-y-familiares-en-las-casas-particulares\/"},"author":{"name":"Diario1 Diario1","@id":"https:\/\/diariotextual.com\/inicio\/#\/schema\/person\/418fc4093c33e86ed41562db3508f958"},"headline":"En La Pampa volvieron a autorizar los encuentros sociales y familiares en las casas particulares","datePublished":"2021-01-29T10:41:05+00:00","dateModified":"2021-01-29T11:23:17+00:00","mainEntityOfPage":{"@id":"https:\/\/diariotextual.com\/inicio\/index.php\/2021\/01\/29\/ziliotto-vuelven-los-encuentros-sociales-y-familiares-en-las-casas-particulares\/"},"wordCount":372,"publisher":{"@id":"https:\/\/diariotextual.com\/inicio\/#organization"},"image":{"@id":"https:\/\/diariotextual.com\/inicio\/index.php\/2021\/01\/29\/ziliotto-vuelven-los-encuentros-sociales-y-familiares-en-las-casas-particulares\/#primaryimage"},"thumbnailUrl":"https:\/\/diariotextual.com\/inicio\/wp-content\/uploads\/2020\/09\/encuentrossocialesreunionfamiliar888.jpeg","keywords":["encuentros"],"articleSection":["A - PORTADA2","SOCIEDAD"],"inLanguage":"es"},{"@type":"WebPage","@id":"https:\/\/diariotextual.com\/inicio\/index.php\/2021\/01\/29\/ziliotto-vuelven-los-encuentros-sociales-y-familiares-en-las-casas-particulares\/","url":"https:\/\/diariotextual.com\/inicio\/index.php\/2021\/01\/29\/ziliotto-vuelven-los-encuentros-sociales-y-familiares-en-las-casas-particulares\/","name":"En La Pampa volvieron a autorizar los encuentros sociales y familiares en las casas particulares - Diario Textual","isPartOf":{"@id":"https:\/\/diariotextual.com\/inicio\/#website"},"primaryImageOfPage":{"@id":"https:\/\/diariotextual.com\/inicio\/index.php\/2021\/01\/29\/ziliotto-vuelven-los-encuentros-sociales-y-familiares-en-las-casas-particulares\/#primaryimage"},"image":{"@id":"https:\/\/diariotextual.com\/inicio\/index.php\/2021\/01\/29\/ziliotto-vuelven-los-encuentros-sociales-y-familiares-en-las-casas-particulares\/#primaryimage"},"thumbnailUrl":"https:\/\/diariotextual.com\/inicio\/wp-content\/uploads\/2020\/09\/encuentrossocialesreunionfamiliar888.jpeg","datePublished":"2021-01-29T10:41:05+00:00","dateModified":"2021-01-29T11:23:17+00:00","breadcrumb":{"@id":"https:\/\/diariotextual.com\/inicio\/index.php\/2021\/01\/29\/ziliotto-vuelven-los-encuentros-sociales-y-familiares-en-las-casas-particulares\/#breadcrumb"},"inLanguage":"es","potentialAction":[{"@type":"ReadAction","target":["https:\/\/diariotextual.com\/inicio\/index.php\/2021\/01\/29\/ziliotto-vuelven-los-encuentros-sociales-y-familiares-en-las-casas-particulares\/"]}]},{"@type":"ImageObject","inLanguage":"es","@id":"https:\/\/diariotextual.com\/inicio\/index.php\/2021\/01\/29\/ziliotto-vuelven-los-encuentros-sociales-y-familiares-en-las-casas-particulares\/#primaryimage","url":"https:\/\/diariotextual.com\/inicio\/wp-content\/uploads\/2020\/09\/encuentrossocialesreunionfamiliar888.jpeg","contentUrl":"https:\/\/diariotextual.com\/inicio\/wp-content\/uploads\/2020\/09\/encuentrossocialesreunionfamiliar888.jpeg","width":915,"height":515},{"@type":"BreadcrumbList","@id":"https:\/\/diariotextual.com\/inicio\/index.php\/2021\/01\/29\/ziliotto-vuelven-los-encuentros-sociales-y-familiares-en-las-casas-particulares\/#breadcrumb","itemListElement":[{"@type":"ListItem","position":1,"name":"Portada","item":"https:\/\/diariotextual.com\/inicio\/"},{"@type":"ListItem","position":2,"name":"En La Pampa volvieron a autorizar los encuentros sociales y familiares en las casas particulares"}]},{"@type":"WebSite","@id":"https:\/\/diariotextual.com\/inicio\/#website","url":"https:\/\/diariotextual.com\/inicio\/","name":"Diario Textual","description":"","publisher":{"@id":"https:\/\/diariotextual.com\/inicio\/#organization"},"potentialAction":[{"@type":"SearchAction","target":{"@type":"EntryPoint","urlTemplate":"https:\/\/diariotextual.com\/inicio\/?s={search_term_string}"},"query-input":{"@type":"PropertyValueSpecification","valueRequired":true,"valueName":"search_term_string"}}],"inLanguage":"es"},{"@type":"Organization","@id":"https:\/\/diariotextual.com\/inicio\/#organization","name":"Diario Textual","url":"https:\/\/diariotextual.com\/inicio\/","logo":{"@type":"ImageObject","inLanguage":"es","@id":"https:\/\/diariotextual.com\/inicio\/#\/schema\/logo\/image\/","url":"https:\/\/diariotextual.com\/inicio\/wp-content\/uploads\/2023\/05\/logotextual1.jpg","contentUrl":"https:\/\/diariotextual.com\/inicio\/wp-content\/uploads\/2023\/05\/logotextual1.jpg","width":516,"height":76,"caption":"Diario Textual"},"image":{"@id":"https:\/\/diariotextual.com\/inicio\/#\/schema\/logo\/image\/"},"sameAs":["https:\/\/www.facebook.com\/eltextual","https:\/\/x.com\/eltextual","http:\/\/www.instagram.com\/eltextual"]},{"@type":"Person","@id":"https:\/\/diariotextual.com\/inicio\/#\/schema\/person\/418fc4093c33e86ed41562db3508f958","name":"Diario1 Diario1","image":{"@type":"ImageObject","inLanguage":"es","@id":"https:\/\/secure.gravatar.com\/avatar\/9167d280179c85bc18be67aa7eda765854300033af4896dd779b608640f2ef7a?s=96&d=mm&r=g","url":"https:\/\/secure.gravatar.com\/avatar\/9167d280179c85bc18be67aa7eda765854300033af4896dd779b608640f2ef7a?s=96&d=mm&r=g","contentUrl":"https:\/\/secure.gravatar.com\/avatar\/9167d280179c85bc18be67aa7eda765854300033af4896dd779b608640f2ef7a?s=96&d=mm&r=g","caption":"Diario1 Diario1"},"url":"https:\/\/diariotextual.com\/inicio\/index.php\/author\/diario1\/"}]}},"_links":{"self":[{"href":"https:\/\/diariotextual.com\/inicio\/index.php\/wp-json\/wp\/v2\/posts\/132008","targetHints":{"allow":["GET"]}}],"collection":[{"href":"https:\/\/diariotextual.com\/inicio\/index.php\/wp-json\/wp\/v2\/posts"}],"about":[{"href":"https:\/\/diariotextual.com\/inicio\/index.php\/wp-json\/wp\/v2\/types\/post"}],"author":[{"embeddable":true,"href":"https:\/\/diariotextual.com\/inicio\/index.php\/wp-json\/wp\/v2\/users\/3"}],"replies":[{"embeddable":true,"href":"https:\/\/diariotextual.com\/inicio\/index.php\/wp-json\/wp\/v2\/comments?post=132008"}],"version-history":[{"count":10,"href":"https:\/\/diariotextual.com\/inicio\/index.php\/wp-json\/wp\/v2\/posts\/132008\/revisions"}],"predecessor-version":[{"id":132113,"href":"https:\/\/diariotextual.com\/inicio\/index.php\/wp-json\/wp\/v2\/posts\/132008\/revisions\/132113"}],"wp:featuredmedia":[{"embeddable":true,"href":"https:\/\/diariotextual.com\/inicio\/index.php\/wp-json\/wp\/v2\/media\/109796"}],"wp:attachment":[{"href":"https:\/\/diariotextual.com\/inicio\/index.php\/wp-json\/wp\/v2\/media?parent=132008"}],"wp:term":[{"taxonomy":"category","embeddable":true,"href":"https:\/\/diariotextual.com\/inicio\/index.php\/wp-json\/wp\/v2\/categories?post=132008"},{"taxonomy":"post_tag","embeddable":true,"href":"https:\/\/diariotextual.com\/inicio\/index.php\/wp-json\/wp\/v2\/tags?post=132008"}],"curies":[{"name":"wp","href":"https:\/\/api.w.org\/{rel}","templated":true}]}}