{"id":132212,"date":"2021-01-29T20:19:10","date_gmt":"2021-01-29T23:19:10","guid":{"rendered":"http:\/\/diariotextual.com\/inicio\/?p=132212"},"modified":"2021-01-29T20:25:52","modified_gmt":"2021-01-29T23:25:52","slug":"la-pampa-comenzo-a-aplicar-el-suero-equino-a-pacientes-con-covid","status":"publish","type":"post","link":"https:\/\/diariotextual.com\/inicio\/index.php\/2021\/01\/29\/la-pampa-comenzo-a-aplicar-el-suero-equino-a-pacientes-con-covid\/","title":{"rendered":"La Pampa comenz\u00f3 a aplicar el suero equino a pacientes con covid"},"content":{"rendered":"\n<p><strong>El Ministerio de Salud comenz\u00f3 a aplicar suero equino a pacientes con coronavirus en la provincia: seg\u00fan los estudios, reduce la mortalidad.<\/strong> El dato fue confirmado a<strong> Diario Textual <\/strong>por el subsecretario de Salud, <strong>Gustavo Vera<\/strong>.<\/p>\n\n\n\n<p>El suero equino fue aprobado el 22 de diciembre pasado, en el marco de la pandemia por coronavirus, por la Administraci\u00f3n Nacional de Laboratorios e Institutos de Salud Carlos G. Malbr\u00e1n (ANLIS).<\/p>\n\n\n\n<p>El tratamiento fue el resultado del trabajo de articulaci\u00f3n p\u00fablico-privada encabezado por el laboratorio Inmunova y el Instituto Biol\u00f3gico Argentino (BIOL), con la colaboraci\u00f3n de la Fundaci\u00f3n Instituto Leloir (FIL), Mabxience, Conicet, la Universidad Nacional de San Mart\u00edn (Unsam) y el Malbr\u00e1n.<\/p>\n\n\n\n<figure class=\"wp-block-embed-wordpress wp-block-embed is-type-wp-embed is-provider-diario-textual\"><div class=\"wp-block-embed__wrapper\">\n<blockquote class=\"wp-embedded-content\" data-secret=\"OHfD9Y0dFJ\"><a href=\"http:\/\/diariotextual.com\/inicio\/index.php\/2021\/01\/29\/consejo-de-bioetica-de-la-pampa-aprobo-el-uso-de-ivermectina-y-comienza-a-usarse-en-pacientes-de-covi\/\">Consejo de Bio\u00e9tica de La Pampa aprueba el uso de ivermectina y comienza a usarse en pacientes de covid<\/a><\/blockquote><iframe class=\"wp-embedded-content\" sandbox=\"allow-scripts\" security=\"restricted\" style=\"position: absolute; clip: rect(1px, 1px, 1px, 1px);\" title=\"\u00abConsejo de Bio\u00e9tica de La Pampa aprueba el uso de ivermectina y comienza a usarse en pacientes de covid\u00bb \u2014 Diario Textual\" src=\"http:\/\/diariotextual.com\/inicio\/index.php\/2021\/01\/29\/consejo-de-bioetica-de-la-pampa-aprobo-el-uso-de-ivermectina-y-comienza-a-usarse-en-pacientes-de-covi\/embed\/#?secret=OHfD9Y0dFJ\" data-secret=\"OHfD9Y0dFJ\" width=\"600\" height=\"338\" frameborder=\"0\" marginwidth=\"0\" marginheight=\"0\" scrolling=\"no\"><\/iframe>\n<\/div><\/figure>\n\n\n\n<p>Al momento del anuncio, se inform\u00f3 que se hab\u00edan obtenido resultados positivos del estudio cl\u00ednico de Fase 2\/3 aplicado a 242 pacientes adultos (de 18 a 79) a\u00f1os) con una enfermedad moderada a severa causada por la infecci\u00f3n del SARS-CoV-2, confirmada por PCR, dentro de diez d\u00edas del inicio de s\u00edntomas y que requer\u00edan hospitalizaci\u00f3n.<\/p>\n\n\n\n<p><strong>La terapia con este suero desarrollado en Argentina, dijeron oportunamente, demostr\u00f3 ser segura y redujo la mortalidad casi a la mitad (45%) en los pacientes con Covid-19 severa.<\/strong><\/p>\n\n\n\n<p>Adem\u00e1s, redujo la internaci\u00f3n en terapia intensiva de 24% y el requerimiento de asistencia respiratoria mec\u00e1nica al 36%.<\/p>\n\n\n\n<p>El trabajo se realiz\u00f3 en 19 hospitales y cl\u00ednicas del Area Metropolitana Buenos Aires (AMBA), Neuqu\u00e9n y Tucum\u00e1n, y el promedio de edad fue de 54 a\u00f1os, con una participaci\u00f3n mayor de hombres (65% varones y 35% mujeres).<\/p>\n\n\n\n<p>Seg\u00fan se explic\u00f3, el suero hiperinmune&nbsp;<strong>es una inmunoterapia basada en anticuerpos policlonales equinos con gran capacidad neutralizante anti SARS-CoV-2<\/strong>, al utilizar como ant\u00edgeno una prote\u00edna recombinante del virus, que se produce mediante t\u00e9cnicas de biotecnolog\u00eda.<\/p>\n\n\n\n<figure class=\"wp-block-embed-wordpress wp-block-embed is-type-wp-embed is-provider-diario-textual\"><div class=\"wp-block-embed__wrapper\">\n<blockquote class=\"wp-embedded-content\" data-secret=\"uV3dwmNcfX\"><a href=\"http:\/\/diariotextual.com\/inicio\/index.php\/2021\/01\/29\/sputnik-v-a-la-pampa-llegan-mas-dosis-para-aplicar-a-unas-825-personas\/\">Sputnik V: a La Pampa llegan m\u00e1s dosis para aplicar a unas 825 personas<\/a><\/blockquote><iframe class=\"wp-embedded-content\" sandbox=\"allow-scripts\" security=\"restricted\" style=\"position: absolute; clip: rect(1px, 1px, 1px, 1px);\" title=\"\u00abSputnik V: a La Pampa llegan m\u00e1s dosis para aplicar a unas 825 personas\u00bb \u2014 Diario Textual\" src=\"http:\/\/diariotextual.com\/inicio\/index.php\/2021\/01\/29\/sputnik-v-a-la-pampa-llegan-mas-dosis-para-aplicar-a-unas-825-personas\/embed\/#?secret=uV3dwmNcfX\" data-secret=\"uV3dwmNcfX\" width=\"600\" height=\"338\" frameborder=\"0\" marginwidth=\"0\" marginheight=\"0\" scrolling=\"no\"><\/iframe>\n<\/div><\/figure>\n","protected":false},"excerpt":{"rendered":"<p>El Ministerio de Salud comenz\u00f3 a aplicar suero equino a pacientes con coronavirus en la provincia: seg\u00fan los estudios, reduce la mortalidad. El dato fue confirmado a Diario Textual por&hellip;<\/p>\n","protected":false},"author":3,"featured_media":103080,"comment_status":"closed","ping_status":"open","sticky":false,"template":"","format":"standard","meta":{"_acf_changed":false,"footnotes":""},"categories":[9,12],"tags":[4920,3481],"class_list":["post-132212","post","type-post","status-publish","format-standard","has-post-thumbnail","hentry","category-portada","category-sociedad","tag-equino","tag-suero"],"acf":[],"yoast_head":"<!-- This site is optimized with the Yoast SEO plugin v27.5 - https:\/\/yoast.com\/product\/yoast-seo-wordpress\/ -->\n<title>La Pampa comenz\u00f3 a aplicar el suero equino a pacientes con covid - Diario Textual<\/title>\n<meta name=\"robots\" content=\"index, follow, max-snippet:-1, max-image-preview:large, max-video-preview:-1\" \/>\n<link rel=\"canonical\" href=\"https:\/\/diariotextual.com\/inicio\/index.php\/2021\/01\/29\/la-pampa-comenzo-a-aplicar-el-suero-equino-a-pacientes-con-covid\/\" \/>\n<meta property=\"og:locale\" content=\"es_ES\" \/>\n<meta property=\"og:type\" content=\"article\" \/>\n<meta property=\"og:title\" content=\"La Pampa comenz\u00f3 a aplicar el suero equino a pacientes con covid - Diario Textual\" \/>\n<meta property=\"og:description\" content=\"El Ministerio de Salud comenz\u00f3 a aplicar suero equino a pacientes con coronavirus en la provincia: seg\u00fan los estudios, reduce la mortalidad. El dato fue confirmado a Diario Textual por&hellip;\" \/>\n<meta property=\"og:url\" content=\"https:\/\/diariotextual.com\/inicio\/index.php\/2021\/01\/29\/la-pampa-comenzo-a-aplicar-el-suero-equino-a-pacientes-con-covid\/\" \/>\n<meta property=\"og:site_name\" content=\"Diario Textual\" \/>\n<meta property=\"article:publisher\" content=\"https:\/\/www.facebook.com\/eltextual\" \/>\n<meta property=\"article:published_time\" content=\"2021-01-29T23:19:10+00:00\" \/>\n<meta property=\"article:modified_time\" content=\"2021-01-29T23:25:52+00:00\" \/>\n<meta property=\"og:image\" content=\"https:\/\/diariotextual.com\/inicio\/wp-content\/uploads\/2020\/07\/coronavirussueroequipo2020-02.jpg\" \/>\n\t<meta property=\"og:image:width\" content=\"1400\" \/>\n\t<meta property=\"og:image:height\" content=\"1217\" \/>\n\t<meta property=\"og:image:type\" content=\"image\/jpeg\" \/>\n<meta name=\"author\" content=\"Diario1 Diario1\" \/>\n<meta name=\"twitter:card\" content=\"summary_large_image\" \/>\n<meta name=\"twitter:creator\" content=\"@eltextual\" \/>\n<meta name=\"twitter:site\" content=\"@eltextual\" \/>\n<meta name=\"twitter:label1\" content=\"Escrito por\" \/>\n\t<meta name=\"twitter:data1\" content=\"Diario1 Diario1\" \/>\n\t<meta name=\"twitter:label2\" content=\"Tiempo de lectura\" \/>\n\t<meta name=\"twitter:data2\" content=\"2 minutos\" \/>\n<script type=\"application\/ld+json\" class=\"yoast-schema-graph\">{\"@context\":\"https:\\\/\\\/schema.org\",\"@graph\":[{\"@type\":\"Article\",\"@id\":\"https:\\\/\\\/diariotextual.com\\\/inicio\\\/index.php\\\/2021\\\/01\\\/29\\\/la-pampa-comenzo-a-aplicar-el-suero-equino-a-pacientes-con-covid\\\/#article\",\"isPartOf\":{\"@id\":\"https:\\\/\\\/diariotextual.com\\\/inicio\\\/index.php\\\/2021\\\/01\\\/29\\\/la-pampa-comenzo-a-aplicar-el-suero-equino-a-pacientes-con-covid\\\/\"},\"author\":{\"name\":\"Diario1 Diario1\",\"@id\":\"https:\\\/\\\/diariotextual.com\\\/inicio\\\/#\\\/schema\\\/person\\\/418fc4093c33e86ed41562db3508f958\"},\"headline\":\"La Pampa comenz\u00f3 a aplicar el suero equino a pacientes con covid\",\"datePublished\":\"2021-01-29T23:19:10+00:00\",\"dateModified\":\"2021-01-29T23:25:52+00:00\",\"mainEntityOfPage\":{\"@id\":\"https:\\\/\\\/diariotextual.com\\\/inicio\\\/index.php\\\/2021\\\/01\\\/29\\\/la-pampa-comenzo-a-aplicar-el-suero-equino-a-pacientes-con-covid\\\/\"},\"wordCount\":332,\"publisher\":{\"@id\":\"https:\\\/\\\/diariotextual.com\\\/inicio\\\/#organization\"},\"image\":{\"@id\":\"https:\\\/\\\/diariotextual.com\\\/inicio\\\/index.php\\\/2021\\\/01\\\/29\\\/la-pampa-comenzo-a-aplicar-el-suero-equino-a-pacientes-con-covid\\\/#primaryimage\"},\"thumbnailUrl\":\"https:\\\/\\\/diariotextual.com\\\/inicio\\\/wp-content\\\/uploads\\\/2020\\\/07\\\/coronavirussueroequipo2020-02.jpg\",\"keywords\":[\"equino\",\"suero\"],\"articleSection\":[\"A - PORTADA\",\"SOCIEDAD\"],\"inLanguage\":\"es\"},{\"@type\":\"WebPage\",\"@id\":\"https:\\\/\\\/diariotextual.com\\\/inicio\\\/index.php\\\/2021\\\/01\\\/29\\\/la-pampa-comenzo-a-aplicar-el-suero-equino-a-pacientes-con-covid\\\/\",\"url\":\"https:\\\/\\\/diariotextual.com\\\/inicio\\\/index.php\\\/2021\\\/01\\\/29\\\/la-pampa-comenzo-a-aplicar-el-suero-equino-a-pacientes-con-covid\\\/\",\"name\":\"La Pampa comenz\u00f3 a aplicar el suero equino a pacientes con covid - Diario Textual\",\"isPartOf\":{\"@id\":\"https:\\\/\\\/diariotextual.com\\\/inicio\\\/#website\"},\"primaryImageOfPage\":{\"@id\":\"https:\\\/\\\/diariotextual.com\\\/inicio\\\/index.php\\\/2021\\\/01\\\/29\\\/la-pampa-comenzo-a-aplicar-el-suero-equino-a-pacientes-con-covid\\\/#primaryimage\"},\"image\":{\"@id\":\"https:\\\/\\\/diariotextual.com\\\/inicio\\\/index.php\\\/2021\\\/01\\\/29\\\/la-pampa-comenzo-a-aplicar-el-suero-equino-a-pacientes-con-covid\\\/#primaryimage\"},\"thumbnailUrl\":\"https:\\\/\\\/diariotextual.com\\\/inicio\\\/wp-content\\\/uploads\\\/2020\\\/07\\\/coronavirussueroequipo2020-02.jpg\",\"datePublished\":\"2021-01-29T23:19:10+00:00\",\"dateModified\":\"2021-01-29T23:25:52+00:00\",\"breadcrumb\":{\"@id\":\"https:\\\/\\\/diariotextual.com\\\/inicio\\\/index.php\\\/2021\\\/01\\\/29\\\/la-pampa-comenzo-a-aplicar-el-suero-equino-a-pacientes-con-covid\\\/#breadcrumb\"},\"inLanguage\":\"es\",\"potentialAction\":[{\"@type\":\"ReadAction\",\"target\":[\"https:\\\/\\\/diariotextual.com\\\/inicio\\\/index.php\\\/2021\\\/01\\\/29\\\/la-pampa-comenzo-a-aplicar-el-suero-equino-a-pacientes-con-covid\\\/\"]}]},{\"@type\":\"ImageObject\",\"inLanguage\":\"es\",\"@id\":\"https:\\\/\\\/diariotextual.com\\\/inicio\\\/index.php\\\/2021\\\/01\\\/29\\\/la-pampa-comenzo-a-aplicar-el-suero-equino-a-pacientes-con-covid\\\/#primaryimage\",\"url\":\"https:\\\/\\\/diariotextual.com\\\/inicio\\\/wp-content\\\/uploads\\\/2020\\\/07\\\/coronavirussueroequipo2020-02.jpg\",\"contentUrl\":\"https:\\\/\\\/diariotextual.com\\\/inicio\\\/wp-content\\\/uploads\\\/2020\\\/07\\\/coronavirussueroequipo2020-02.jpg\",\"width\":1400,\"height\":1217},{\"@type\":\"BreadcrumbList\",\"@id\":\"https:\\\/\\\/diariotextual.com\\\/inicio\\\/index.php\\\/2021\\\/01\\\/29\\\/la-pampa-comenzo-a-aplicar-el-suero-equino-a-pacientes-con-covid\\\/#breadcrumb\",\"itemListElement\":[{\"@type\":\"ListItem\",\"position\":1,\"name\":\"Portada\",\"item\":\"https:\\\/\\\/diariotextual.com\\\/inicio\\\/\"},{\"@type\":\"ListItem\",\"position\":2,\"name\":\"La Pampa comenz\u00f3 a aplicar el suero equino a pacientes con covid\"}]},{\"@type\":\"WebSite\",\"@id\":\"https:\\\/\\\/diariotextual.com\\\/inicio\\\/#website\",\"url\":\"https:\\\/\\\/diariotextual.com\\\/inicio\\\/\",\"name\":\"Diario Textual\",\"description\":\"\",\"publisher\":{\"@id\":\"https:\\\/\\\/diariotextual.com\\\/inicio\\\/#organization\"},\"potentialAction\":[{\"@type\":\"SearchAction\",\"target\":{\"@type\":\"EntryPoint\",\"urlTemplate\":\"https:\\\/\\\/diariotextual.com\\\/inicio\\\/?s={search_term_string}\"},\"query-input\":{\"@type\":\"PropertyValueSpecification\",\"valueRequired\":true,\"valueName\":\"search_term_string\"}}],\"inLanguage\":\"es\"},{\"@type\":\"Organization\",\"@id\":\"https:\\\/\\\/diariotextual.com\\\/inicio\\\/#organization\",\"name\":\"Diario Textual\",\"url\":\"https:\\\/\\\/diariotextual.com\\\/inicio\\\/\",\"logo\":{\"@type\":\"ImageObject\",\"inLanguage\":\"es\",\"@id\":\"https:\\\/\\\/diariotextual.com\\\/inicio\\\/#\\\/schema\\\/logo\\\/image\\\/\",\"url\":\"https:\\\/\\\/diariotextual.com\\\/inicio\\\/wp-content\\\/uploads\\\/2023\\\/05\\\/logotextual1.jpg\",\"contentUrl\":\"https:\\\/\\\/diariotextual.com\\\/inicio\\\/wp-content\\\/uploads\\\/2023\\\/05\\\/logotextual1.jpg\",\"width\":516,\"height\":76,\"caption\":\"Diario Textual\"},\"image\":{\"@id\":\"https:\\\/\\\/diariotextual.com\\\/inicio\\\/#\\\/schema\\\/logo\\\/image\\\/\"},\"sameAs\":[\"https:\\\/\\\/www.facebook.com\\\/eltextual\",\"https:\\\/\\\/x.com\\\/eltextual\",\"http:\\\/\\\/www.instagram.com\\\/eltextual\"]},{\"@type\":\"Person\",\"@id\":\"https:\\\/\\\/diariotextual.com\\\/inicio\\\/#\\\/schema\\\/person\\\/418fc4093c33e86ed41562db3508f958\",\"name\":\"Diario1 Diario1\",\"image\":{\"@type\":\"ImageObject\",\"inLanguage\":\"es\",\"@id\":\"https:\\\/\\\/secure.gravatar.com\\\/avatar\\\/9167d280179c85bc18be67aa7eda765854300033af4896dd779b608640f2ef7a?s=96&d=mm&r=g\",\"url\":\"https:\\\/\\\/secure.gravatar.com\\\/avatar\\\/9167d280179c85bc18be67aa7eda765854300033af4896dd779b608640f2ef7a?s=96&d=mm&r=g\",\"contentUrl\":\"https:\\\/\\\/secure.gravatar.com\\\/avatar\\\/9167d280179c85bc18be67aa7eda765854300033af4896dd779b608640f2ef7a?s=96&d=mm&r=g\",\"caption\":\"Diario1 Diario1\"},\"url\":\"https:\\\/\\\/diariotextual.com\\\/inicio\\\/index.php\\\/author\\\/diario1\\\/\"}]}<\/script>\n<!-- \/ Yoast SEO plugin. -->","yoast_head_json":{"title":"La Pampa comenz\u00f3 a aplicar el suero equino a pacientes con covid - Diario Textual","robots":{"index":"index","follow":"follow","max-snippet":"max-snippet:-1","max-image-preview":"max-image-preview:large","max-video-preview":"max-video-preview:-1"},"canonical":"https:\/\/diariotextual.com\/inicio\/index.php\/2021\/01\/29\/la-pampa-comenzo-a-aplicar-el-suero-equino-a-pacientes-con-covid\/","og_locale":"es_ES","og_type":"article","og_title":"La Pampa comenz\u00f3 a aplicar el suero equino a pacientes con covid - Diario Textual","og_description":"El Ministerio de Salud comenz\u00f3 a aplicar suero equino a pacientes con coronavirus en la provincia: seg\u00fan los estudios, reduce la mortalidad. El dato fue confirmado a Diario Textual por&hellip;","og_url":"https:\/\/diariotextual.com\/inicio\/index.php\/2021\/01\/29\/la-pampa-comenzo-a-aplicar-el-suero-equino-a-pacientes-con-covid\/","og_site_name":"Diario Textual","article_publisher":"https:\/\/www.facebook.com\/eltextual","article_published_time":"2021-01-29T23:19:10+00:00","article_modified_time":"2021-01-29T23:25:52+00:00","og_image":[{"width":1400,"height":1217,"url":"https:\/\/diariotextual.com\/inicio\/wp-content\/uploads\/2020\/07\/coronavirussueroequipo2020-02.jpg","type":"image\/jpeg"}],"author":"Diario1 Diario1","twitter_card":"summary_large_image","twitter_creator":"@eltextual","twitter_site":"@eltextual","twitter_misc":{"Escrito por":"Diario1 Diario1","Tiempo de lectura":"2 minutos"},"schema":{"@context":"https:\/\/schema.org","@graph":[{"@type":"Article","@id":"https:\/\/diariotextual.com\/inicio\/index.php\/2021\/01\/29\/la-pampa-comenzo-a-aplicar-el-suero-equino-a-pacientes-con-covid\/#article","isPartOf":{"@id":"https:\/\/diariotextual.com\/inicio\/index.php\/2021\/01\/29\/la-pampa-comenzo-a-aplicar-el-suero-equino-a-pacientes-con-covid\/"},"author":{"name":"Diario1 Diario1","@id":"https:\/\/diariotextual.com\/inicio\/#\/schema\/person\/418fc4093c33e86ed41562db3508f958"},"headline":"La Pampa comenz\u00f3 a aplicar el suero equino a pacientes con covid","datePublished":"2021-01-29T23:19:10+00:00","dateModified":"2021-01-29T23:25:52+00:00","mainEntityOfPage":{"@id":"https:\/\/diariotextual.com\/inicio\/index.php\/2021\/01\/29\/la-pampa-comenzo-a-aplicar-el-suero-equino-a-pacientes-con-covid\/"},"wordCount":332,"publisher":{"@id":"https:\/\/diariotextual.com\/inicio\/#organization"},"image":{"@id":"https:\/\/diariotextual.com\/inicio\/index.php\/2021\/01\/29\/la-pampa-comenzo-a-aplicar-el-suero-equino-a-pacientes-con-covid\/#primaryimage"},"thumbnailUrl":"https:\/\/diariotextual.com\/inicio\/wp-content\/uploads\/2020\/07\/coronavirussueroequipo2020-02.jpg","keywords":["equino","suero"],"articleSection":["A - PORTADA","SOCIEDAD"],"inLanguage":"es"},{"@type":"WebPage","@id":"https:\/\/diariotextual.com\/inicio\/index.php\/2021\/01\/29\/la-pampa-comenzo-a-aplicar-el-suero-equino-a-pacientes-con-covid\/","url":"https:\/\/diariotextual.com\/inicio\/index.php\/2021\/01\/29\/la-pampa-comenzo-a-aplicar-el-suero-equino-a-pacientes-con-covid\/","name":"La Pampa comenz\u00f3 a aplicar el suero equino a pacientes con covid - Diario Textual","isPartOf":{"@id":"https:\/\/diariotextual.com\/inicio\/#website"},"primaryImageOfPage":{"@id":"https:\/\/diariotextual.com\/inicio\/index.php\/2021\/01\/29\/la-pampa-comenzo-a-aplicar-el-suero-equino-a-pacientes-con-covid\/#primaryimage"},"image":{"@id":"https:\/\/diariotextual.com\/inicio\/index.php\/2021\/01\/29\/la-pampa-comenzo-a-aplicar-el-suero-equino-a-pacientes-con-covid\/#primaryimage"},"thumbnailUrl":"https:\/\/diariotextual.com\/inicio\/wp-content\/uploads\/2020\/07\/coronavirussueroequipo2020-02.jpg","datePublished":"2021-01-29T23:19:10+00:00","dateModified":"2021-01-29T23:25:52+00:00","breadcrumb":{"@id":"https:\/\/diariotextual.com\/inicio\/index.php\/2021\/01\/29\/la-pampa-comenzo-a-aplicar-el-suero-equino-a-pacientes-con-covid\/#breadcrumb"},"inLanguage":"es","potentialAction":[{"@type":"ReadAction","target":["https:\/\/diariotextual.com\/inicio\/index.php\/2021\/01\/29\/la-pampa-comenzo-a-aplicar-el-suero-equino-a-pacientes-con-covid\/"]}]},{"@type":"ImageObject","inLanguage":"es","@id":"https:\/\/diariotextual.com\/inicio\/index.php\/2021\/01\/29\/la-pampa-comenzo-a-aplicar-el-suero-equino-a-pacientes-con-covid\/#primaryimage","url":"https:\/\/diariotextual.com\/inicio\/wp-content\/uploads\/2020\/07\/coronavirussueroequipo2020-02.jpg","contentUrl":"https:\/\/diariotextual.com\/inicio\/wp-content\/uploads\/2020\/07\/coronavirussueroequipo2020-02.jpg","width":1400,"height":1217},{"@type":"BreadcrumbList","@id":"https:\/\/diariotextual.com\/inicio\/index.php\/2021\/01\/29\/la-pampa-comenzo-a-aplicar-el-suero-equino-a-pacientes-con-covid\/#breadcrumb","itemListElement":[{"@type":"ListItem","position":1,"name":"Portada","item":"https:\/\/diariotextual.com\/inicio\/"},{"@type":"ListItem","position":2,"name":"La Pampa comenz\u00f3 a aplicar el suero equino a pacientes con covid"}]},{"@type":"WebSite","@id":"https:\/\/diariotextual.com\/inicio\/#website","url":"https:\/\/diariotextual.com\/inicio\/","name":"Diario Textual","description":"","publisher":{"@id":"https:\/\/diariotextual.com\/inicio\/#organization"},"potentialAction":[{"@type":"SearchAction","target":{"@type":"EntryPoint","urlTemplate":"https:\/\/diariotextual.com\/inicio\/?s={search_term_string}"},"query-input":{"@type":"PropertyValueSpecification","valueRequired":true,"valueName":"search_term_string"}}],"inLanguage":"es"},{"@type":"Organization","@id":"https:\/\/diariotextual.com\/inicio\/#organization","name":"Diario Textual","url":"https:\/\/diariotextual.com\/inicio\/","logo":{"@type":"ImageObject","inLanguage":"es","@id":"https:\/\/diariotextual.com\/inicio\/#\/schema\/logo\/image\/","url":"https:\/\/diariotextual.com\/inicio\/wp-content\/uploads\/2023\/05\/logotextual1.jpg","contentUrl":"https:\/\/diariotextual.com\/inicio\/wp-content\/uploads\/2023\/05\/logotextual1.jpg","width":516,"height":76,"caption":"Diario Textual"},"image":{"@id":"https:\/\/diariotextual.com\/inicio\/#\/schema\/logo\/image\/"},"sameAs":["https:\/\/www.facebook.com\/eltextual","https:\/\/x.com\/eltextual","http:\/\/www.instagram.com\/eltextual"]},{"@type":"Person","@id":"https:\/\/diariotextual.com\/inicio\/#\/schema\/person\/418fc4093c33e86ed41562db3508f958","name":"Diario1 Diario1","image":{"@type":"ImageObject","inLanguage":"es","@id":"https:\/\/secure.gravatar.com\/avatar\/9167d280179c85bc18be67aa7eda765854300033af4896dd779b608640f2ef7a?s=96&d=mm&r=g","url":"https:\/\/secure.gravatar.com\/avatar\/9167d280179c85bc18be67aa7eda765854300033af4896dd779b608640f2ef7a?s=96&d=mm&r=g","contentUrl":"https:\/\/secure.gravatar.com\/avatar\/9167d280179c85bc18be67aa7eda765854300033af4896dd779b608640f2ef7a?s=96&d=mm&r=g","caption":"Diario1 Diario1"},"url":"https:\/\/diariotextual.com\/inicio\/index.php\/author\/diario1\/"}]}},"_links":{"self":[{"href":"https:\/\/diariotextual.com\/inicio\/index.php\/wp-json\/wp\/v2\/posts\/132212","targetHints":{"allow":["GET"]}}],"collection":[{"href":"https:\/\/diariotextual.com\/inicio\/index.php\/wp-json\/wp\/v2\/posts"}],"about":[{"href":"https:\/\/diariotextual.com\/inicio\/index.php\/wp-json\/wp\/v2\/types\/post"}],"author":[{"embeddable":true,"href":"https:\/\/diariotextual.com\/inicio\/index.php\/wp-json\/wp\/v2\/users\/3"}],"replies":[{"embeddable":true,"href":"https:\/\/diariotextual.com\/inicio\/index.php\/wp-json\/wp\/v2\/comments?post=132212"}],"version-history":[{"count":3,"href":"https:\/\/diariotextual.com\/inicio\/index.php\/wp-json\/wp\/v2\/posts\/132212\/revisions"}],"predecessor-version":[{"id":132220,"href":"https:\/\/diariotextual.com\/inicio\/index.php\/wp-json\/wp\/v2\/posts\/132212\/revisions\/132220"}],"wp:featuredmedia":[{"embeddable":true,"href":"https:\/\/diariotextual.com\/inicio\/index.php\/wp-json\/wp\/v2\/media\/103080"}],"wp:attachment":[{"href":"https:\/\/diariotextual.com\/inicio\/index.php\/wp-json\/wp\/v2\/media?parent=132212"}],"wp:term":[{"taxonomy":"category","embeddable":true,"href":"https:\/\/diariotextual.com\/inicio\/index.php\/wp-json\/wp\/v2\/categories?post=132212"},{"taxonomy":"post_tag","embeddable":true,"href":"https:\/\/diariotextual.com\/inicio\/index.php\/wp-json\/wp\/v2\/tags?post=132212"}],"curies":[{"name":"wp","href":"https:\/\/api.w.org\/{rel}","templated":true}]}}