{"id":132216,"date":"2021-01-29T20:23:29","date_gmt":"2021-01-29T23:23:29","guid":{"rendered":"http:\/\/diariotextual.com\/inicio\/?p=132216"},"modified":"2021-01-30T19:41:16","modified_gmt":"2021-01-30T22:41:16","slug":"consejo-de-bioetica-de-la-pampa-aprobo-el-uso-de-ivermectina-y-comienza-a-usarse-en-pacientes-de-covi","status":"publish","type":"post","link":"https:\/\/diariotextual.com\/inicio\/index.php\/2021\/01\/29\/consejo-de-bioetica-de-la-pampa-aprobo-el-uso-de-ivermectina-y-comienza-a-usarse-en-pacientes-de-covi\/","title":{"rendered":"Consejo de Bio\u00e9tica de La Pampa aprueba el uso de ivermectina y comienza a usarse en pacientes de covid"},"content":{"rendered":"\n<p>El Consejo Provincial de Bio\u00e9tica aprob\u00f3 este viernes la aplicaci\u00f3n de emergencia <strong>del antiparasitario ivermectina a los pacientes que tienen coronavirus.<\/strong> El dato fue confirmado a Diario Textual por el subsecretario de Salud, Gustavo Vera.<\/p>\n\n\n\n<p>Ahora se espera que desde el lunes o martes ya se comience a tratar a pacientes con este antiparasitario.<\/p>\n\n\n\n<p>El anuncio sobre el uso de ivermectina fue realizado la semana pasada por el ministro Rub\u00e9n Kohan.<\/p>\n\n\n\n<p>La ivermectina <strong>es un antiparasitario<\/strong> que est\u00e1 siendo ampliamente utilizado en Am\u00e9rica Latina como tratamiento preventivo para el covid-19. Es ampliamente usado para ganado, aunque tambi\u00e9n para humanos en ciertos puntos del planeta.<\/p>\n\n\n\n<figure class=\"wp-block-embed-wordpress wp-block-embed is-type-wp-embed is-provider-diario-textual\"><div class=\"wp-block-embed__wrapper\">\n<blockquote class=\"wp-embedded-content\" data-secret=\"eg51PaCRB9\"><a href=\"http:\/\/diariotextual.com\/inicio\/index.php\/2021\/01\/29\/la-pampa-comenzo-a-aplicar-el-suero-equino-a-pacientes-con-covid\/\">La Pampa comenz\u00f3 a aplicar el suero equino a pacientes con covid<\/a><\/blockquote><iframe class=\"wp-embedded-content\" sandbox=\"allow-scripts\" security=\"restricted\" style=\"position: absolute; clip: rect(1px, 1px, 1px, 1px);\" title=\"\u00abLa Pampa comenz\u00f3 a aplicar el suero equino a pacientes con covid\u00bb \u2014 Diario Textual\" src=\"http:\/\/diariotextual.com\/inicio\/index.php\/2021\/01\/29\/la-pampa-comenzo-a-aplicar-el-suero-equino-a-pacientes-con-covid\/embed\/#?secret=eg51PaCRB9\" data-secret=\"eg51PaCRB9\" width=\"600\" height=\"338\" frameborder=\"0\" marginwidth=\"0\" marginheight=\"0\" scrolling=\"no\"><\/iframe>\n<\/div><\/figure>\n\n\n\n<p><strong>En La Pampa, incluso, se ha disparado su venta en las veterinarias. Es decir, se est\u00e1n automedicando con un antiparasitario formulado para vacas, caballos y otros animales.<\/strong><\/p>\n\n\n\n<p>En cambio, desde Salud ya compraron las dosis pero para uso en humanos.<\/p>\n\n\n\n<p>La ivermectina para uso contra el covid <strong>a\u00fan no est\u00e1 aprobada por la Administraci\u00f3n Nacional de Medicamentos, Alimentos y Tecnolog\u00eda (Anmat)<\/strong>, por lo que genera escepticismo en la opini\u00f3n p\u00fablica y en un sector de la comunidad cient\u00edfica. Sin embargo, <strong>en La Pampa se aplicar\u00e1 bajos los par\u00e1metros de la Organizaci\u00f3n Mundial de la Salud, como uso de emergencia mientras se recaban datos.<\/strong><\/p>\n\n\n\n<p><strong>La Pampa se bas\u00f3 en un trabajo interdisciplinario llevado a cabo por investigadores argentinos, que concluy\u00f3 que la ivermectina reduce la carga viral en pacientes infectados con el coronavirus SARS-Cov-2 si se aplica en etapas tempranas de la infecci\u00f3n (hasta cinco d\u00edas desde el inicio de s\u00edntomas).<\/strong><\/p>\n\n\n\n<p>El estudio contempl\u00f3 a 45 pacientes que estaban en estad\u00edos tempranos (30 recibieron ivermectina y 15 placebo) y fue realizado por un consorcio p\u00fablico-privado conformado, entre otros, por representantes del Instituto de Investigaciones de Enfermedades Tropicales de la Universidad Nacional de Salta (IIET, UNSa), el Centro de Investigaci\u00f3n Veterinaria de Tandil (CIVETAN, CONICET-UNCPBA-CICPBA), la Universidad Nacional de Quilmes (UNQ) y la Unidad de Virolog\u00eda y Epidemiolog\u00eda Molecular del Hospital Garrahan.<\/p>\n\n\n\n<p>Adem\u00e1s, otro grupo de investigadores liderados por los m\u00e9dicos H\u00e9ctor Carvallo y Roberto Hirsch realizaron un estudio entre el 1 de junio y el 15 de diciembre de 2020 con 162 personas trabajadoras de salud que recibieron ivermectina como profilaxis (indicaci\u00f3n que se extendi\u00f3 a los contactos estrechos de dichos profesionales). \u201cA la fecha no se registraron infecciones por Covid-19 en ninguno de los participantes\u201d, seg\u00fan se inform\u00f3 en un comunicado de prensa realizado por uno de los laboratorios que financi\u00f3 el estudio y produce la droga en Argentina.<\/p>\n\n\n\n<p>Pese a los trabajos nacionales y los internacionales, desde la Sociedad Argentina de Infectolog\u00eda (SADI) insisten en que \u201ccon la evidencia que existe hasta ahora no parece prudente aconsejar su uso salvo en el contexto de un estudio\u201d cient\u00edfico.<\/p>\n\n\n\n<figure class=\"wp-block-embed-wordpress wp-block-embed is-type-wp-embed is-provider-diario-textual\"><div class=\"wp-block-embed__wrapper\">\n<blockquote class=\"wp-embedded-content\" data-secret=\"Z9fy67voOO\"><a href=\"http:\/\/diariotextual.com\/inicio\/index.php\/2021\/01\/29\/sputnik-v-a-la-pampa-llegan-mas-dosis-para-aplicar-a-unas-825-personas\/\">Sputnik V: a La Pampa llegan m\u00e1s dosis para aplicar a unas 825 personas<\/a><\/blockquote><iframe class=\"wp-embedded-content\" sandbox=\"allow-scripts\" security=\"restricted\" style=\"position: absolute; clip: rect(1px, 1px, 1px, 1px);\" title=\"\u00abSputnik V: a La Pampa llegan m\u00e1s dosis para aplicar a unas 825 personas\u00bb \u2014 Diario Textual\" src=\"http:\/\/diariotextual.com\/inicio\/index.php\/2021\/01\/29\/sputnik-v-a-la-pampa-llegan-mas-dosis-para-aplicar-a-unas-825-personas\/embed\/#?secret=Z9fy67voOO\" data-secret=\"Z9fy67voOO\" width=\"600\" height=\"338\" frameborder=\"0\" marginwidth=\"0\" marginheight=\"0\" scrolling=\"no\"><\/iframe>\n<\/div><\/figure>\n","protected":false},"excerpt":{"rendered":"<p>El Consejo Provincial de Bio\u00e9tica aprob\u00f3 este viernes la aplicaci\u00f3n de emergencia del antiparasitario ivermectina a los pacientes que tienen coronavirus. El dato fue confirmado a Diario Textual por el&hellip;<\/p>\n","protected":false},"author":3,"featured_media":132034,"comment_status":"closed","ping_status":"open","sticky":false,"template":"","format":"standard","meta":{"_acf_changed":false,"footnotes":""},"categories":[11,12],"tags":[4300],"class_list":["post-132216","post","type-post","status-publish","format-standard","has-post-thumbnail","hentry","category-que-pasa","category-sociedad","tag-ivermectina"],"acf":[],"yoast_head":"<!-- This site is optimized with the Yoast SEO plugin v27.5 - https:\/\/yoast.com\/product\/yoast-seo-wordpress\/ -->\n<title>Consejo de Bio\u00e9tica de La Pampa aprueba el uso de ivermectina y comienza a usarse en pacientes de covid - Diario Textual<\/title>\n<meta name=\"robots\" content=\"index, follow, max-snippet:-1, max-image-preview:large, max-video-preview:-1\" \/>\n<link rel=\"canonical\" href=\"https:\/\/diariotextual.com\/inicio\/index.php\/2021\/01\/29\/consejo-de-bioetica-de-la-pampa-aprobo-el-uso-de-ivermectina-y-comienza-a-usarse-en-pacientes-de-covi\/\" \/>\n<meta property=\"og:locale\" content=\"es_ES\" \/>\n<meta property=\"og:type\" content=\"article\" \/>\n<meta property=\"og:title\" content=\"Consejo de Bio\u00e9tica de La Pampa aprueba el uso de ivermectina y comienza a usarse en pacientes de covid - Diario Textual\" \/>\n<meta property=\"og:description\" content=\"El Consejo Provincial de Bio\u00e9tica aprob\u00f3 este viernes la aplicaci\u00f3n de emergencia del antiparasitario ivermectina a los pacientes que tienen coronavirus. El dato fue confirmado a Diario Textual por el&hellip;\" \/>\n<meta property=\"og:url\" content=\"https:\/\/diariotextual.com\/inicio\/index.php\/2021\/01\/29\/consejo-de-bioetica-de-la-pampa-aprobo-el-uso-de-ivermectina-y-comienza-a-usarse-en-pacientes-de-covi\/\" \/>\n<meta property=\"og:site_name\" content=\"Diario Textual\" \/>\n<meta property=\"article:publisher\" content=\"https:\/\/www.facebook.com\/eltextual\" \/>\n<meta property=\"article:published_time\" content=\"2021-01-29T23:23:29+00:00\" \/>\n<meta property=\"article:modified_time\" content=\"2021-01-30T22:41:16+00:00\" \/>\n<meta property=\"og:image\" content=\"https:\/\/diariotextual.com\/inicio\/wp-content\/uploads\/2021\/01\/ivermectina0002.jpg\" \/>\n\t<meta property=\"og:image:width\" content=\"854\" \/>\n\t<meta property=\"og:image:height\" content=\"569\" \/>\n\t<meta property=\"og:image:type\" content=\"image\/jpeg\" \/>\n<meta name=\"author\" content=\"Diario1 Diario1\" \/>\n<meta name=\"twitter:card\" content=\"summary_large_image\" \/>\n<meta name=\"twitter:creator\" content=\"@eltextual\" \/>\n<meta name=\"twitter:site\" content=\"@eltextual\" \/>\n<meta name=\"twitter:label1\" content=\"Escrito por\" \/>\n\t<meta name=\"twitter:data1\" content=\"Diario1 Diario1\" \/>\n\t<meta name=\"twitter:label2\" content=\"Tiempo de lectura\" \/>\n\t<meta name=\"twitter:data2\" content=\"2 minutos\" \/>\n<script type=\"application\/ld+json\" class=\"yoast-schema-graph\">{\"@context\":\"https:\\\/\\\/schema.org\",\"@graph\":[{\"@type\":\"Article\",\"@id\":\"https:\\\/\\\/diariotextual.com\\\/inicio\\\/index.php\\\/2021\\\/01\\\/29\\\/consejo-de-bioetica-de-la-pampa-aprobo-el-uso-de-ivermectina-y-comienza-a-usarse-en-pacientes-de-covi\\\/#article\",\"isPartOf\":{\"@id\":\"https:\\\/\\\/diariotextual.com\\\/inicio\\\/index.php\\\/2021\\\/01\\\/29\\\/consejo-de-bioetica-de-la-pampa-aprobo-el-uso-de-ivermectina-y-comienza-a-usarse-en-pacientes-de-covi\\\/\"},\"author\":{\"name\":\"Diario1 Diario1\",\"@id\":\"https:\\\/\\\/diariotextual.com\\\/inicio\\\/#\\\/schema\\\/person\\\/418fc4093c33e86ed41562db3508f958\"},\"headline\":\"Consejo de Bio\u00e9tica de La Pampa aprueba el uso de ivermectina y comienza a usarse en pacientes de covid\",\"datePublished\":\"2021-01-29T23:23:29+00:00\",\"dateModified\":\"2021-01-30T22:41:16+00:00\",\"mainEntityOfPage\":{\"@id\":\"https:\\\/\\\/diariotextual.com\\\/inicio\\\/index.php\\\/2021\\\/01\\\/29\\\/consejo-de-bioetica-de-la-pampa-aprobo-el-uso-de-ivermectina-y-comienza-a-usarse-en-pacientes-de-covi\\\/\"},\"wordCount\":509,\"publisher\":{\"@id\":\"https:\\\/\\\/diariotextual.com\\\/inicio\\\/#organization\"},\"image\":{\"@id\":\"https:\\\/\\\/diariotextual.com\\\/inicio\\\/index.php\\\/2021\\\/01\\\/29\\\/consejo-de-bioetica-de-la-pampa-aprobo-el-uso-de-ivermectina-y-comienza-a-usarse-en-pacientes-de-covi\\\/#primaryimage\"},\"thumbnailUrl\":\"https:\\\/\\\/diariotextual.com\\\/inicio\\\/wp-content\\\/uploads\\\/2021\\\/01\\\/ivermectina0002.jpg\",\"keywords\":[\"ivermectina\"],\"articleSection\":[\"A - QUE PASA (al costado)\",\"SOCIEDAD\"],\"inLanguage\":\"es\"},{\"@type\":\"WebPage\",\"@id\":\"https:\\\/\\\/diariotextual.com\\\/inicio\\\/index.php\\\/2021\\\/01\\\/29\\\/consejo-de-bioetica-de-la-pampa-aprobo-el-uso-de-ivermectina-y-comienza-a-usarse-en-pacientes-de-covi\\\/\",\"url\":\"https:\\\/\\\/diariotextual.com\\\/inicio\\\/index.php\\\/2021\\\/01\\\/29\\\/consejo-de-bioetica-de-la-pampa-aprobo-el-uso-de-ivermectina-y-comienza-a-usarse-en-pacientes-de-covi\\\/\",\"name\":\"Consejo de Bio\u00e9tica de La Pampa aprueba el uso de ivermectina y comienza a usarse en pacientes de covid - Diario Textual\",\"isPartOf\":{\"@id\":\"https:\\\/\\\/diariotextual.com\\\/inicio\\\/#website\"},\"primaryImageOfPage\":{\"@id\":\"https:\\\/\\\/diariotextual.com\\\/inicio\\\/index.php\\\/2021\\\/01\\\/29\\\/consejo-de-bioetica-de-la-pampa-aprobo-el-uso-de-ivermectina-y-comienza-a-usarse-en-pacientes-de-covi\\\/#primaryimage\"},\"image\":{\"@id\":\"https:\\\/\\\/diariotextual.com\\\/inicio\\\/index.php\\\/2021\\\/01\\\/29\\\/consejo-de-bioetica-de-la-pampa-aprobo-el-uso-de-ivermectina-y-comienza-a-usarse-en-pacientes-de-covi\\\/#primaryimage\"},\"thumbnailUrl\":\"https:\\\/\\\/diariotextual.com\\\/inicio\\\/wp-content\\\/uploads\\\/2021\\\/01\\\/ivermectina0002.jpg\",\"datePublished\":\"2021-01-29T23:23:29+00:00\",\"dateModified\":\"2021-01-30T22:41:16+00:00\",\"breadcrumb\":{\"@id\":\"https:\\\/\\\/diariotextual.com\\\/inicio\\\/index.php\\\/2021\\\/01\\\/29\\\/consejo-de-bioetica-de-la-pampa-aprobo-el-uso-de-ivermectina-y-comienza-a-usarse-en-pacientes-de-covi\\\/#breadcrumb\"},\"inLanguage\":\"es\",\"potentialAction\":[{\"@type\":\"ReadAction\",\"target\":[\"https:\\\/\\\/diariotextual.com\\\/inicio\\\/index.php\\\/2021\\\/01\\\/29\\\/consejo-de-bioetica-de-la-pampa-aprobo-el-uso-de-ivermectina-y-comienza-a-usarse-en-pacientes-de-covi\\\/\"]}]},{\"@type\":\"ImageObject\",\"inLanguage\":\"es\",\"@id\":\"https:\\\/\\\/diariotextual.com\\\/inicio\\\/index.php\\\/2021\\\/01\\\/29\\\/consejo-de-bioetica-de-la-pampa-aprobo-el-uso-de-ivermectina-y-comienza-a-usarse-en-pacientes-de-covi\\\/#primaryimage\",\"url\":\"https:\\\/\\\/diariotextual.com\\\/inicio\\\/wp-content\\\/uploads\\\/2021\\\/01\\\/ivermectina0002.jpg\",\"contentUrl\":\"https:\\\/\\\/diariotextual.com\\\/inicio\\\/wp-content\\\/uploads\\\/2021\\\/01\\\/ivermectina0002.jpg\",\"width\":854,\"height\":569},{\"@type\":\"BreadcrumbList\",\"@id\":\"https:\\\/\\\/diariotextual.com\\\/inicio\\\/index.php\\\/2021\\\/01\\\/29\\\/consejo-de-bioetica-de-la-pampa-aprobo-el-uso-de-ivermectina-y-comienza-a-usarse-en-pacientes-de-covi\\\/#breadcrumb\",\"itemListElement\":[{\"@type\":\"ListItem\",\"position\":1,\"name\":\"Portada\",\"item\":\"https:\\\/\\\/diariotextual.com\\\/inicio\\\/\"},{\"@type\":\"ListItem\",\"position\":2,\"name\":\"Consejo de Bio\u00e9tica de La Pampa aprueba el uso de ivermectina y comienza a usarse en pacientes de covid\"}]},{\"@type\":\"WebSite\",\"@id\":\"https:\\\/\\\/diariotextual.com\\\/inicio\\\/#website\",\"url\":\"https:\\\/\\\/diariotextual.com\\\/inicio\\\/\",\"name\":\"Diario Textual\",\"description\":\"\",\"publisher\":{\"@id\":\"https:\\\/\\\/diariotextual.com\\\/inicio\\\/#organization\"},\"potentialAction\":[{\"@type\":\"SearchAction\",\"target\":{\"@type\":\"EntryPoint\",\"urlTemplate\":\"https:\\\/\\\/diariotextual.com\\\/inicio\\\/?s={search_term_string}\"},\"query-input\":{\"@type\":\"PropertyValueSpecification\",\"valueRequired\":true,\"valueName\":\"search_term_string\"}}],\"inLanguage\":\"es\"},{\"@type\":\"Organization\",\"@id\":\"https:\\\/\\\/diariotextual.com\\\/inicio\\\/#organization\",\"name\":\"Diario Textual\",\"url\":\"https:\\\/\\\/diariotextual.com\\\/inicio\\\/\",\"logo\":{\"@type\":\"ImageObject\",\"inLanguage\":\"es\",\"@id\":\"https:\\\/\\\/diariotextual.com\\\/inicio\\\/#\\\/schema\\\/logo\\\/image\\\/\",\"url\":\"https:\\\/\\\/diariotextual.com\\\/inicio\\\/wp-content\\\/uploads\\\/2023\\\/05\\\/logotextual1.jpg\",\"contentUrl\":\"https:\\\/\\\/diariotextual.com\\\/inicio\\\/wp-content\\\/uploads\\\/2023\\\/05\\\/logotextual1.jpg\",\"width\":516,\"height\":76,\"caption\":\"Diario Textual\"},\"image\":{\"@id\":\"https:\\\/\\\/diariotextual.com\\\/inicio\\\/#\\\/schema\\\/logo\\\/image\\\/\"},\"sameAs\":[\"https:\\\/\\\/www.facebook.com\\\/eltextual\",\"https:\\\/\\\/x.com\\\/eltextual\",\"http:\\\/\\\/www.instagram.com\\\/eltextual\"]},{\"@type\":\"Person\",\"@id\":\"https:\\\/\\\/diariotextual.com\\\/inicio\\\/#\\\/schema\\\/person\\\/418fc4093c33e86ed41562db3508f958\",\"name\":\"Diario1 Diario1\",\"image\":{\"@type\":\"ImageObject\",\"inLanguage\":\"es\",\"@id\":\"https:\\\/\\\/secure.gravatar.com\\\/avatar\\\/9167d280179c85bc18be67aa7eda765854300033af4896dd779b608640f2ef7a?s=96&d=mm&r=g\",\"url\":\"https:\\\/\\\/secure.gravatar.com\\\/avatar\\\/9167d280179c85bc18be67aa7eda765854300033af4896dd779b608640f2ef7a?s=96&d=mm&r=g\",\"contentUrl\":\"https:\\\/\\\/secure.gravatar.com\\\/avatar\\\/9167d280179c85bc18be67aa7eda765854300033af4896dd779b608640f2ef7a?s=96&d=mm&r=g\",\"caption\":\"Diario1 Diario1\"},\"url\":\"https:\\\/\\\/diariotextual.com\\\/inicio\\\/index.php\\\/author\\\/diario1\\\/\"}]}<\/script>\n<!-- \/ Yoast SEO plugin. -->","yoast_head_json":{"title":"Consejo de Bio\u00e9tica de La Pampa aprueba el uso de ivermectina y comienza a usarse en pacientes de covid - Diario Textual","robots":{"index":"index","follow":"follow","max-snippet":"max-snippet:-1","max-image-preview":"max-image-preview:large","max-video-preview":"max-video-preview:-1"},"canonical":"https:\/\/diariotextual.com\/inicio\/index.php\/2021\/01\/29\/consejo-de-bioetica-de-la-pampa-aprobo-el-uso-de-ivermectina-y-comienza-a-usarse-en-pacientes-de-covi\/","og_locale":"es_ES","og_type":"article","og_title":"Consejo de Bio\u00e9tica de La Pampa aprueba el uso de ivermectina y comienza a usarse en pacientes de covid - Diario Textual","og_description":"El Consejo Provincial de Bio\u00e9tica aprob\u00f3 este viernes la aplicaci\u00f3n de emergencia del antiparasitario ivermectina a los pacientes que tienen coronavirus. El dato fue confirmado a Diario Textual por el&hellip;","og_url":"https:\/\/diariotextual.com\/inicio\/index.php\/2021\/01\/29\/consejo-de-bioetica-de-la-pampa-aprobo-el-uso-de-ivermectina-y-comienza-a-usarse-en-pacientes-de-covi\/","og_site_name":"Diario Textual","article_publisher":"https:\/\/www.facebook.com\/eltextual","article_published_time":"2021-01-29T23:23:29+00:00","article_modified_time":"2021-01-30T22:41:16+00:00","og_image":[{"width":854,"height":569,"url":"https:\/\/diariotextual.com\/inicio\/wp-content\/uploads\/2021\/01\/ivermectina0002.jpg","type":"image\/jpeg"}],"author":"Diario1 Diario1","twitter_card":"summary_large_image","twitter_creator":"@eltextual","twitter_site":"@eltextual","twitter_misc":{"Escrito por":"Diario1 Diario1","Tiempo de lectura":"2 minutos"},"schema":{"@context":"https:\/\/schema.org","@graph":[{"@type":"Article","@id":"https:\/\/diariotextual.com\/inicio\/index.php\/2021\/01\/29\/consejo-de-bioetica-de-la-pampa-aprobo-el-uso-de-ivermectina-y-comienza-a-usarse-en-pacientes-de-covi\/#article","isPartOf":{"@id":"https:\/\/diariotextual.com\/inicio\/index.php\/2021\/01\/29\/consejo-de-bioetica-de-la-pampa-aprobo-el-uso-de-ivermectina-y-comienza-a-usarse-en-pacientes-de-covi\/"},"author":{"name":"Diario1 Diario1","@id":"https:\/\/diariotextual.com\/inicio\/#\/schema\/person\/418fc4093c33e86ed41562db3508f958"},"headline":"Consejo de Bio\u00e9tica de La Pampa aprueba el uso de ivermectina y comienza a usarse en pacientes de covid","datePublished":"2021-01-29T23:23:29+00:00","dateModified":"2021-01-30T22:41:16+00:00","mainEntityOfPage":{"@id":"https:\/\/diariotextual.com\/inicio\/index.php\/2021\/01\/29\/consejo-de-bioetica-de-la-pampa-aprobo-el-uso-de-ivermectina-y-comienza-a-usarse-en-pacientes-de-covi\/"},"wordCount":509,"publisher":{"@id":"https:\/\/diariotextual.com\/inicio\/#organization"},"image":{"@id":"https:\/\/diariotextual.com\/inicio\/index.php\/2021\/01\/29\/consejo-de-bioetica-de-la-pampa-aprobo-el-uso-de-ivermectina-y-comienza-a-usarse-en-pacientes-de-covi\/#primaryimage"},"thumbnailUrl":"https:\/\/diariotextual.com\/inicio\/wp-content\/uploads\/2021\/01\/ivermectina0002.jpg","keywords":["ivermectina"],"articleSection":["A - QUE PASA (al costado)","SOCIEDAD"],"inLanguage":"es"},{"@type":"WebPage","@id":"https:\/\/diariotextual.com\/inicio\/index.php\/2021\/01\/29\/consejo-de-bioetica-de-la-pampa-aprobo-el-uso-de-ivermectina-y-comienza-a-usarse-en-pacientes-de-covi\/","url":"https:\/\/diariotextual.com\/inicio\/index.php\/2021\/01\/29\/consejo-de-bioetica-de-la-pampa-aprobo-el-uso-de-ivermectina-y-comienza-a-usarse-en-pacientes-de-covi\/","name":"Consejo de Bio\u00e9tica de La Pampa aprueba el uso de ivermectina y comienza a usarse en pacientes de covid - Diario Textual","isPartOf":{"@id":"https:\/\/diariotextual.com\/inicio\/#website"},"primaryImageOfPage":{"@id":"https:\/\/diariotextual.com\/inicio\/index.php\/2021\/01\/29\/consejo-de-bioetica-de-la-pampa-aprobo-el-uso-de-ivermectina-y-comienza-a-usarse-en-pacientes-de-covi\/#primaryimage"},"image":{"@id":"https:\/\/diariotextual.com\/inicio\/index.php\/2021\/01\/29\/consejo-de-bioetica-de-la-pampa-aprobo-el-uso-de-ivermectina-y-comienza-a-usarse-en-pacientes-de-covi\/#primaryimage"},"thumbnailUrl":"https:\/\/diariotextual.com\/inicio\/wp-content\/uploads\/2021\/01\/ivermectina0002.jpg","datePublished":"2021-01-29T23:23:29+00:00","dateModified":"2021-01-30T22:41:16+00:00","breadcrumb":{"@id":"https:\/\/diariotextual.com\/inicio\/index.php\/2021\/01\/29\/consejo-de-bioetica-de-la-pampa-aprobo-el-uso-de-ivermectina-y-comienza-a-usarse-en-pacientes-de-covi\/#breadcrumb"},"inLanguage":"es","potentialAction":[{"@type":"ReadAction","target":["https:\/\/diariotextual.com\/inicio\/index.php\/2021\/01\/29\/consejo-de-bioetica-de-la-pampa-aprobo-el-uso-de-ivermectina-y-comienza-a-usarse-en-pacientes-de-covi\/"]}]},{"@type":"ImageObject","inLanguage":"es","@id":"https:\/\/diariotextual.com\/inicio\/index.php\/2021\/01\/29\/consejo-de-bioetica-de-la-pampa-aprobo-el-uso-de-ivermectina-y-comienza-a-usarse-en-pacientes-de-covi\/#primaryimage","url":"https:\/\/diariotextual.com\/inicio\/wp-content\/uploads\/2021\/01\/ivermectina0002.jpg","contentUrl":"https:\/\/diariotextual.com\/inicio\/wp-content\/uploads\/2021\/01\/ivermectina0002.jpg","width":854,"height":569},{"@type":"BreadcrumbList","@id":"https:\/\/diariotextual.com\/inicio\/index.php\/2021\/01\/29\/consejo-de-bioetica-de-la-pampa-aprobo-el-uso-de-ivermectina-y-comienza-a-usarse-en-pacientes-de-covi\/#breadcrumb","itemListElement":[{"@type":"ListItem","position":1,"name":"Portada","item":"https:\/\/diariotextual.com\/inicio\/"},{"@type":"ListItem","position":2,"name":"Consejo de Bio\u00e9tica de La Pampa aprueba el uso de ivermectina y comienza a usarse en pacientes de covid"}]},{"@type":"WebSite","@id":"https:\/\/diariotextual.com\/inicio\/#website","url":"https:\/\/diariotextual.com\/inicio\/","name":"Diario Textual","description":"","publisher":{"@id":"https:\/\/diariotextual.com\/inicio\/#organization"},"potentialAction":[{"@type":"SearchAction","target":{"@type":"EntryPoint","urlTemplate":"https:\/\/diariotextual.com\/inicio\/?s={search_term_string}"},"query-input":{"@type":"PropertyValueSpecification","valueRequired":true,"valueName":"search_term_string"}}],"inLanguage":"es"},{"@type":"Organization","@id":"https:\/\/diariotextual.com\/inicio\/#organization","name":"Diario Textual","url":"https:\/\/diariotextual.com\/inicio\/","logo":{"@type":"ImageObject","inLanguage":"es","@id":"https:\/\/diariotextual.com\/inicio\/#\/schema\/logo\/image\/","url":"https:\/\/diariotextual.com\/inicio\/wp-content\/uploads\/2023\/05\/logotextual1.jpg","contentUrl":"https:\/\/diariotextual.com\/inicio\/wp-content\/uploads\/2023\/05\/logotextual1.jpg","width":516,"height":76,"caption":"Diario Textual"},"image":{"@id":"https:\/\/diariotextual.com\/inicio\/#\/schema\/logo\/image\/"},"sameAs":["https:\/\/www.facebook.com\/eltextual","https:\/\/x.com\/eltextual","http:\/\/www.instagram.com\/eltextual"]},{"@type":"Person","@id":"https:\/\/diariotextual.com\/inicio\/#\/schema\/person\/418fc4093c33e86ed41562db3508f958","name":"Diario1 Diario1","image":{"@type":"ImageObject","inLanguage":"es","@id":"https:\/\/secure.gravatar.com\/avatar\/9167d280179c85bc18be67aa7eda765854300033af4896dd779b608640f2ef7a?s=96&d=mm&r=g","url":"https:\/\/secure.gravatar.com\/avatar\/9167d280179c85bc18be67aa7eda765854300033af4896dd779b608640f2ef7a?s=96&d=mm&r=g","contentUrl":"https:\/\/secure.gravatar.com\/avatar\/9167d280179c85bc18be67aa7eda765854300033af4896dd779b608640f2ef7a?s=96&d=mm&r=g","caption":"Diario1 Diario1"},"url":"https:\/\/diariotextual.com\/inicio\/index.php\/author\/diario1\/"}]}},"_links":{"self":[{"href":"https:\/\/diariotextual.com\/inicio\/index.php\/wp-json\/wp\/v2\/posts\/132216","targetHints":{"allow":["GET"]}}],"collection":[{"href":"https:\/\/diariotextual.com\/inicio\/index.php\/wp-json\/wp\/v2\/posts"}],"about":[{"href":"https:\/\/diariotextual.com\/inicio\/index.php\/wp-json\/wp\/v2\/types\/post"}],"author":[{"embeddable":true,"href":"https:\/\/diariotextual.com\/inicio\/index.php\/wp-json\/wp\/v2\/users\/3"}],"replies":[{"embeddable":true,"href":"https:\/\/diariotextual.com\/inicio\/index.php\/wp-json\/wp\/v2\/comments?post=132216"}],"version-history":[{"count":3,"href":"https:\/\/diariotextual.com\/inicio\/index.php\/wp-json\/wp\/v2\/posts\/132216\/revisions"}],"predecessor-version":[{"id":132250,"href":"https:\/\/diariotextual.com\/inicio\/index.php\/wp-json\/wp\/v2\/posts\/132216\/revisions\/132250"}],"wp:featuredmedia":[{"embeddable":true,"href":"https:\/\/diariotextual.com\/inicio\/index.php\/wp-json\/wp\/v2\/media\/132034"}],"wp:attachment":[{"href":"https:\/\/diariotextual.com\/inicio\/index.php\/wp-json\/wp\/v2\/media?parent=132216"}],"wp:term":[{"taxonomy":"category","embeddable":true,"href":"https:\/\/diariotextual.com\/inicio\/index.php\/wp-json\/wp\/v2\/categories?post=132216"},{"taxonomy":"post_tag","embeddable":true,"href":"https:\/\/diariotextual.com\/inicio\/index.php\/wp-json\/wp\/v2\/tags?post=132216"}],"curies":[{"name":"wp","href":"https:\/\/api.w.org\/{rel}","templated":true}]}}