{"id":132321,"date":"2021-01-30T21:25:48","date_gmt":"2021-01-31T00:25:48","guid":{"rendered":"http:\/\/diariotextual.com\/inicio\/?p=132321"},"modified":"2021-01-30T22:07:21","modified_gmt":"2021-01-31T01:07:21","slug":"portezuelo-del-viento-conforman-comision-de-estudio-de-impacto-ambiental","status":"publish","type":"post","link":"https:\/\/diariotextual.com\/inicio\/index.php\/2021\/01\/30\/portezuelo-del-viento-conforman-comision-de-estudio-de-impacto-ambiental\/","title":{"rendered":"Portezuelo del Viento: conforman Comisi\u00f3n de Estudio de Impacto Ambiental"},"content":{"rendered":"\n<p>El gobernador Sergio Ziliotto nombr\u00f3 al diputado nacional<strong> Hern\u00e1n P\u00e9rez Araujo<\/strong> como miembro titular por La Pampa en la comisi\u00f3n que analizar\u00e1 el impacto ambiental que provocar\u00eda la eventual construcci\u00f3n de la represa hidroel\u00e9ctrica <strong>Portezuelo del Viento<\/strong>. A su vez, la fiscal de Estado, Romina Schmidt, ser\u00e1 la representante alterna.<\/p>\n\n\n\n<p>El llamado a conformar la mesa de trabajo fue realizado por el ministro del Interior, Eduardo de Pedro, presiente del Consejo de Gobierno del Comit\u00e9 Interjurisdiccional del R\u00edo Colorado (Coirco), &nbsp;como consecuencia de decisi\u00f3n del Consejo de Gobernadores, a partir de la moci\u00f3n presentada por La Pampa, durante la audiencia celebrada el 26 de junio de 2020.<br><\/p>\n\n\n\n<p>En esa oportunidad, el gobernador Ziliotto propuso que se realice una Evaluaci\u00f3n de Impacto Ambiental Integral &nbsp;en la cuenca del Rio Colorado referente a Portezuelo.<\/p>\n\n\n\n<p>El pedido se bas\u00f3 &nbsp;en la nota ratificada mediante Acta 868 del Comit\u00e9 Ejecutivo de fecha 12 de septiembre de 2019 y reiterada por nota de fecha 23 de diciembre de 2019, adem\u00e1s de la solicitud de las provincias cond\u00f3minas.<br><\/p>\n\n\n\n<p>La propuesta de La Pampa incluye que el estudio se concrete en los t\u00e9rminos de la<strong> Ley Nacional de Obras Hidr\u00e1ulicas N\u00b0 23879<\/strong>, contemplando la realizaci\u00f3n de una Audiencia P\u00fablica Nacional.<br><\/p>\n\n\n\n<p><strong>Con el nombramiento de Hern\u00e1n P\u00e9rez Araujo, &nbsp;La Pampa integra formalmente la mesa de trabajo que elaborar\u00e1 los t\u00e9rminos de referencia del Estudio de Impacto Ambiental Regional<\/strong>, comunic\u00f3 el Gobierno pampeano.<br><\/p>\n\n\n\n<p>Se prev\u00e9 que se recojan los an\u00e1lisis previamente realizados por las universidades nacionales y se ponderen los efectos ambientales que implicar\u00eda el desarrollo de la obra, con el objetivo de alcanzar decisiones consensuadas entre las cinco provincias integrantes de la cuenca: Buenos Aires, Mendoza, Neuqu\u00e9n, Rio Negro y La Pampa.<\/p>\n\n\n\n<blockquote class=\"twitter-tweet\"><p lang=\"es\" dir=\"ltr\">Ratificando la continuidad de la lucha por nuestros recursos, el gobernador <a href=\"https:\/\/twitter.com\/ZiliottoSergio?ref_src=twsrc%5Etfw\">@ZiliottoSergio<\/a> me ha convocado para ser miembro titular por La Pampa en la Comisi\u00f3n que evaluar\u00e1 el EIA de Portezuelo del Viento (&#x1f447;&#x1f3fb;) <a href=\"https:\/\/t.co\/DX5OJDW3f6\">pic.twitter.com\/DX5OJDW3f6<\/a><\/p>&mdash; Hern\u00e1n P\u00e9rez Araujo (@hperezaraujo) <a href=\"https:\/\/twitter.com\/hperezaraujo\/status\/1355677035784515590?ref_src=twsrc%5Etfw\">January 31, 2021<\/a><\/blockquote> <script async src=\"https:\/\/platform.twitter.com\/widgets.js\" charset=\"utf-8\"><\/script>\n","protected":false},"excerpt":{"rendered":"<p>El gobernador Sergio Ziliotto nombr\u00f3 al diputado nacional Hern\u00e1n P\u00e9rez Araujo como miembro titular por La Pampa en la comisi\u00f3n que analizar\u00e1 el impacto ambiental que provocar\u00eda la eventual construcci\u00f3n&hellip;<\/p>\n","protected":false},"author":3,"featured_media":66568,"comment_status":"closed","ping_status":"open","sticky":false,"template":"","format":"standard","meta":{"_acf_changed":false,"footnotes":""},"categories":[4,8],"tags":[259],"class_list":["post-132321","post","type-post","status-publish","format-standard","has-post-thumbnail","hentry","category-destacadas","category-politica","tag-portezuelo"],"acf":[],"yoast_head":"<!-- This site is optimized with the Yoast SEO plugin v27.5 - https:\/\/yoast.com\/product\/yoast-seo-wordpress\/ -->\n<title>Portezuelo del Viento: conforman Comisi\u00f3n de Estudio de Impacto Ambiental - Diario Textual<\/title>\n<meta name=\"robots\" content=\"index, follow, max-snippet:-1, max-image-preview:large, max-video-preview:-1\" \/>\n<link rel=\"canonical\" href=\"https:\/\/diariotextual.com\/inicio\/index.php\/2021\/01\/30\/portezuelo-del-viento-conforman-comision-de-estudio-de-impacto-ambiental\/\" \/>\n<meta property=\"og:locale\" content=\"es_ES\" \/>\n<meta property=\"og:type\" content=\"article\" \/>\n<meta property=\"og:title\" content=\"Portezuelo del Viento: conforman Comisi\u00f3n de Estudio de Impacto Ambiental - Diario Textual\" \/>\n<meta property=\"og:description\" content=\"El gobernador Sergio Ziliotto nombr\u00f3 al diputado nacional Hern\u00e1n P\u00e9rez Araujo como miembro titular por La Pampa en la comisi\u00f3n que analizar\u00e1 el impacto ambiental que provocar\u00eda la eventual construcci\u00f3n&hellip;\" \/>\n<meta property=\"og:url\" content=\"https:\/\/diariotextual.com\/inicio\/index.php\/2021\/01\/30\/portezuelo-del-viento-conforman-comision-de-estudio-de-impacto-ambiental\/\" \/>\n<meta property=\"og:site_name\" content=\"Diario Textual\" \/>\n<meta property=\"article:publisher\" content=\"https:\/\/www.facebook.com\/eltextual\" \/>\n<meta property=\"article:published_time\" content=\"2021-01-31T00:25:48+00:00\" \/>\n<meta property=\"article:modified_time\" content=\"2021-01-31T01:07:21+00:00\" \/>\n<meta property=\"og:image\" content=\"https:\/\/diariotextual.com\/inicio\/wp-content\/uploads\/2019\/10\/portezuelo2222.jpg\" \/>\n\t<meta property=\"og:image:width\" content=\"696\" \/>\n\t<meta property=\"og:image:height\" content=\"366\" \/>\n\t<meta property=\"og:image:type\" content=\"image\/jpeg\" \/>\n<meta name=\"author\" content=\"Diario1 Diario1\" \/>\n<meta name=\"twitter:card\" content=\"summary_large_image\" \/>\n<meta name=\"twitter:creator\" content=\"@eltextual\" \/>\n<meta name=\"twitter:site\" content=\"@eltextual\" \/>\n<meta name=\"twitter:label1\" content=\"Escrito por\" \/>\n\t<meta name=\"twitter:data1\" content=\"Diario1 Diario1\" \/>\n\t<meta name=\"twitter:label2\" content=\"Tiempo de lectura\" \/>\n\t<meta name=\"twitter:data2\" content=\"2 minutos\" \/>\n<script type=\"application\/ld+json\" class=\"yoast-schema-graph\">{\"@context\":\"https:\\\/\\\/schema.org\",\"@graph\":[{\"@type\":\"Article\",\"@id\":\"https:\\\/\\\/diariotextual.com\\\/inicio\\\/index.php\\\/2021\\\/01\\\/30\\\/portezuelo-del-viento-conforman-comision-de-estudio-de-impacto-ambiental\\\/#article\",\"isPartOf\":{\"@id\":\"https:\\\/\\\/diariotextual.com\\\/inicio\\\/index.php\\\/2021\\\/01\\\/30\\\/portezuelo-del-viento-conforman-comision-de-estudio-de-impacto-ambiental\\\/\"},\"author\":{\"name\":\"Diario1 Diario1\",\"@id\":\"https:\\\/\\\/diariotextual.com\\\/inicio\\\/#\\\/schema\\\/person\\\/418fc4093c33e86ed41562db3508f958\"},\"headline\":\"Portezuelo del Viento: conforman Comisi\u00f3n de Estudio de Impacto Ambiental\",\"datePublished\":\"2021-01-31T00:25:48+00:00\",\"dateModified\":\"2021-01-31T01:07:21+00:00\",\"mainEntityOfPage\":{\"@id\":\"https:\\\/\\\/diariotextual.com\\\/inicio\\\/index.php\\\/2021\\\/01\\\/30\\\/portezuelo-del-viento-conforman-comision-de-estudio-de-impacto-ambiental\\\/\"},\"wordCount\":366,\"publisher\":{\"@id\":\"https:\\\/\\\/diariotextual.com\\\/inicio\\\/#organization\"},\"image\":{\"@id\":\"https:\\\/\\\/diariotextual.com\\\/inicio\\\/index.php\\\/2021\\\/01\\\/30\\\/portezuelo-del-viento-conforman-comision-de-estudio-de-impacto-ambiental\\\/#primaryimage\"},\"thumbnailUrl\":\"https:\\\/\\\/diariotextual.com\\\/inicio\\\/wp-content\\\/uploads\\\/2019\\\/10\\\/portezuelo2222.jpg\",\"keywords\":[\"portezuelo\"],\"articleSection\":[\"A - DESTACADAS (mod 16)\",\"POLITICA\"],\"inLanguage\":\"es\"},{\"@type\":\"WebPage\",\"@id\":\"https:\\\/\\\/diariotextual.com\\\/inicio\\\/index.php\\\/2021\\\/01\\\/30\\\/portezuelo-del-viento-conforman-comision-de-estudio-de-impacto-ambiental\\\/\",\"url\":\"https:\\\/\\\/diariotextual.com\\\/inicio\\\/index.php\\\/2021\\\/01\\\/30\\\/portezuelo-del-viento-conforman-comision-de-estudio-de-impacto-ambiental\\\/\",\"name\":\"Portezuelo del Viento: conforman Comisi\u00f3n de Estudio de Impacto Ambiental - Diario Textual\",\"isPartOf\":{\"@id\":\"https:\\\/\\\/diariotextual.com\\\/inicio\\\/#website\"},\"primaryImageOfPage\":{\"@id\":\"https:\\\/\\\/diariotextual.com\\\/inicio\\\/index.php\\\/2021\\\/01\\\/30\\\/portezuelo-del-viento-conforman-comision-de-estudio-de-impacto-ambiental\\\/#primaryimage\"},\"image\":{\"@id\":\"https:\\\/\\\/diariotextual.com\\\/inicio\\\/index.php\\\/2021\\\/01\\\/30\\\/portezuelo-del-viento-conforman-comision-de-estudio-de-impacto-ambiental\\\/#primaryimage\"},\"thumbnailUrl\":\"https:\\\/\\\/diariotextual.com\\\/inicio\\\/wp-content\\\/uploads\\\/2019\\\/10\\\/portezuelo2222.jpg\",\"datePublished\":\"2021-01-31T00:25:48+00:00\",\"dateModified\":\"2021-01-31T01:07:21+00:00\",\"breadcrumb\":{\"@id\":\"https:\\\/\\\/diariotextual.com\\\/inicio\\\/index.php\\\/2021\\\/01\\\/30\\\/portezuelo-del-viento-conforman-comision-de-estudio-de-impacto-ambiental\\\/#breadcrumb\"},\"inLanguage\":\"es\",\"potentialAction\":[{\"@type\":\"ReadAction\",\"target\":[\"https:\\\/\\\/diariotextual.com\\\/inicio\\\/index.php\\\/2021\\\/01\\\/30\\\/portezuelo-del-viento-conforman-comision-de-estudio-de-impacto-ambiental\\\/\"]}]},{\"@type\":\"ImageObject\",\"inLanguage\":\"es\",\"@id\":\"https:\\\/\\\/diariotextual.com\\\/inicio\\\/index.php\\\/2021\\\/01\\\/30\\\/portezuelo-del-viento-conforman-comision-de-estudio-de-impacto-ambiental\\\/#primaryimage\",\"url\":\"https:\\\/\\\/diariotextual.com\\\/inicio\\\/wp-content\\\/uploads\\\/2019\\\/10\\\/portezuelo2222.jpg\",\"contentUrl\":\"https:\\\/\\\/diariotextual.com\\\/inicio\\\/wp-content\\\/uploads\\\/2019\\\/10\\\/portezuelo2222.jpg\",\"width\":696,\"height\":366},{\"@type\":\"BreadcrumbList\",\"@id\":\"https:\\\/\\\/diariotextual.com\\\/inicio\\\/index.php\\\/2021\\\/01\\\/30\\\/portezuelo-del-viento-conforman-comision-de-estudio-de-impacto-ambiental\\\/#breadcrumb\",\"itemListElement\":[{\"@type\":\"ListItem\",\"position\":1,\"name\":\"Portada\",\"item\":\"https:\\\/\\\/diariotextual.com\\\/inicio\\\/\"},{\"@type\":\"ListItem\",\"position\":2,\"name\":\"Portezuelo del Viento: conforman Comisi\u00f3n de Estudio de Impacto Ambiental\"}]},{\"@type\":\"WebSite\",\"@id\":\"https:\\\/\\\/diariotextual.com\\\/inicio\\\/#website\",\"url\":\"https:\\\/\\\/diariotextual.com\\\/inicio\\\/\",\"name\":\"Diario Textual\",\"description\":\"\",\"publisher\":{\"@id\":\"https:\\\/\\\/diariotextual.com\\\/inicio\\\/#organization\"},\"potentialAction\":[{\"@type\":\"SearchAction\",\"target\":{\"@type\":\"EntryPoint\",\"urlTemplate\":\"https:\\\/\\\/diariotextual.com\\\/inicio\\\/?s={search_term_string}\"},\"query-input\":{\"@type\":\"PropertyValueSpecification\",\"valueRequired\":true,\"valueName\":\"search_term_string\"}}],\"inLanguage\":\"es\"},{\"@type\":\"Organization\",\"@id\":\"https:\\\/\\\/diariotextual.com\\\/inicio\\\/#organization\",\"name\":\"Diario Textual\",\"url\":\"https:\\\/\\\/diariotextual.com\\\/inicio\\\/\",\"logo\":{\"@type\":\"ImageObject\",\"inLanguage\":\"es\",\"@id\":\"https:\\\/\\\/diariotextual.com\\\/inicio\\\/#\\\/schema\\\/logo\\\/image\\\/\",\"url\":\"https:\\\/\\\/diariotextual.com\\\/inicio\\\/wp-content\\\/uploads\\\/2023\\\/05\\\/logotextual1.jpg\",\"contentUrl\":\"https:\\\/\\\/diariotextual.com\\\/inicio\\\/wp-content\\\/uploads\\\/2023\\\/05\\\/logotextual1.jpg\",\"width\":516,\"height\":76,\"caption\":\"Diario Textual\"},\"image\":{\"@id\":\"https:\\\/\\\/diariotextual.com\\\/inicio\\\/#\\\/schema\\\/logo\\\/image\\\/\"},\"sameAs\":[\"https:\\\/\\\/www.facebook.com\\\/eltextual\",\"https:\\\/\\\/x.com\\\/eltextual\",\"http:\\\/\\\/www.instagram.com\\\/eltextual\"]},{\"@type\":\"Person\",\"@id\":\"https:\\\/\\\/diariotextual.com\\\/inicio\\\/#\\\/schema\\\/person\\\/418fc4093c33e86ed41562db3508f958\",\"name\":\"Diario1 Diario1\",\"image\":{\"@type\":\"ImageObject\",\"inLanguage\":\"es\",\"@id\":\"https:\\\/\\\/secure.gravatar.com\\\/avatar\\\/9167d280179c85bc18be67aa7eda765854300033af4896dd779b608640f2ef7a?s=96&d=mm&r=g\",\"url\":\"https:\\\/\\\/secure.gravatar.com\\\/avatar\\\/9167d280179c85bc18be67aa7eda765854300033af4896dd779b608640f2ef7a?s=96&d=mm&r=g\",\"contentUrl\":\"https:\\\/\\\/secure.gravatar.com\\\/avatar\\\/9167d280179c85bc18be67aa7eda765854300033af4896dd779b608640f2ef7a?s=96&d=mm&r=g\",\"caption\":\"Diario1 Diario1\"},\"url\":\"https:\\\/\\\/diariotextual.com\\\/inicio\\\/index.php\\\/author\\\/diario1\\\/\"}]}<\/script>\n<!-- \/ Yoast SEO plugin. -->","yoast_head_json":{"title":"Portezuelo del Viento: conforman Comisi\u00f3n de Estudio de Impacto Ambiental - Diario Textual","robots":{"index":"index","follow":"follow","max-snippet":"max-snippet:-1","max-image-preview":"max-image-preview:large","max-video-preview":"max-video-preview:-1"},"canonical":"https:\/\/diariotextual.com\/inicio\/index.php\/2021\/01\/30\/portezuelo-del-viento-conforman-comision-de-estudio-de-impacto-ambiental\/","og_locale":"es_ES","og_type":"article","og_title":"Portezuelo del Viento: conforman Comisi\u00f3n de Estudio de Impacto Ambiental - Diario Textual","og_description":"El gobernador Sergio Ziliotto nombr\u00f3 al diputado nacional Hern\u00e1n P\u00e9rez Araujo como miembro titular por La Pampa en la comisi\u00f3n que analizar\u00e1 el impacto ambiental que provocar\u00eda la eventual construcci\u00f3n&hellip;","og_url":"https:\/\/diariotextual.com\/inicio\/index.php\/2021\/01\/30\/portezuelo-del-viento-conforman-comision-de-estudio-de-impacto-ambiental\/","og_site_name":"Diario Textual","article_publisher":"https:\/\/www.facebook.com\/eltextual","article_published_time":"2021-01-31T00:25:48+00:00","article_modified_time":"2021-01-31T01:07:21+00:00","og_image":[{"width":696,"height":366,"url":"https:\/\/diariotextual.com\/inicio\/wp-content\/uploads\/2019\/10\/portezuelo2222.jpg","type":"image\/jpeg"}],"author":"Diario1 Diario1","twitter_card":"summary_large_image","twitter_creator":"@eltextual","twitter_site":"@eltextual","twitter_misc":{"Escrito por":"Diario1 Diario1","Tiempo de lectura":"2 minutos"},"schema":{"@context":"https:\/\/schema.org","@graph":[{"@type":"Article","@id":"https:\/\/diariotextual.com\/inicio\/index.php\/2021\/01\/30\/portezuelo-del-viento-conforman-comision-de-estudio-de-impacto-ambiental\/#article","isPartOf":{"@id":"https:\/\/diariotextual.com\/inicio\/index.php\/2021\/01\/30\/portezuelo-del-viento-conforman-comision-de-estudio-de-impacto-ambiental\/"},"author":{"name":"Diario1 Diario1","@id":"https:\/\/diariotextual.com\/inicio\/#\/schema\/person\/418fc4093c33e86ed41562db3508f958"},"headline":"Portezuelo del Viento: conforman Comisi\u00f3n de Estudio de Impacto Ambiental","datePublished":"2021-01-31T00:25:48+00:00","dateModified":"2021-01-31T01:07:21+00:00","mainEntityOfPage":{"@id":"https:\/\/diariotextual.com\/inicio\/index.php\/2021\/01\/30\/portezuelo-del-viento-conforman-comision-de-estudio-de-impacto-ambiental\/"},"wordCount":366,"publisher":{"@id":"https:\/\/diariotextual.com\/inicio\/#organization"},"image":{"@id":"https:\/\/diariotextual.com\/inicio\/index.php\/2021\/01\/30\/portezuelo-del-viento-conforman-comision-de-estudio-de-impacto-ambiental\/#primaryimage"},"thumbnailUrl":"https:\/\/diariotextual.com\/inicio\/wp-content\/uploads\/2019\/10\/portezuelo2222.jpg","keywords":["portezuelo"],"articleSection":["A - DESTACADAS (mod 16)","POLITICA"],"inLanguage":"es"},{"@type":"WebPage","@id":"https:\/\/diariotextual.com\/inicio\/index.php\/2021\/01\/30\/portezuelo-del-viento-conforman-comision-de-estudio-de-impacto-ambiental\/","url":"https:\/\/diariotextual.com\/inicio\/index.php\/2021\/01\/30\/portezuelo-del-viento-conforman-comision-de-estudio-de-impacto-ambiental\/","name":"Portezuelo del Viento: conforman Comisi\u00f3n de Estudio de Impacto Ambiental - Diario Textual","isPartOf":{"@id":"https:\/\/diariotextual.com\/inicio\/#website"},"primaryImageOfPage":{"@id":"https:\/\/diariotextual.com\/inicio\/index.php\/2021\/01\/30\/portezuelo-del-viento-conforman-comision-de-estudio-de-impacto-ambiental\/#primaryimage"},"image":{"@id":"https:\/\/diariotextual.com\/inicio\/index.php\/2021\/01\/30\/portezuelo-del-viento-conforman-comision-de-estudio-de-impacto-ambiental\/#primaryimage"},"thumbnailUrl":"https:\/\/diariotextual.com\/inicio\/wp-content\/uploads\/2019\/10\/portezuelo2222.jpg","datePublished":"2021-01-31T00:25:48+00:00","dateModified":"2021-01-31T01:07:21+00:00","breadcrumb":{"@id":"https:\/\/diariotextual.com\/inicio\/index.php\/2021\/01\/30\/portezuelo-del-viento-conforman-comision-de-estudio-de-impacto-ambiental\/#breadcrumb"},"inLanguage":"es","potentialAction":[{"@type":"ReadAction","target":["https:\/\/diariotextual.com\/inicio\/index.php\/2021\/01\/30\/portezuelo-del-viento-conforman-comision-de-estudio-de-impacto-ambiental\/"]}]},{"@type":"ImageObject","inLanguage":"es","@id":"https:\/\/diariotextual.com\/inicio\/index.php\/2021\/01\/30\/portezuelo-del-viento-conforman-comision-de-estudio-de-impacto-ambiental\/#primaryimage","url":"https:\/\/diariotextual.com\/inicio\/wp-content\/uploads\/2019\/10\/portezuelo2222.jpg","contentUrl":"https:\/\/diariotextual.com\/inicio\/wp-content\/uploads\/2019\/10\/portezuelo2222.jpg","width":696,"height":366},{"@type":"BreadcrumbList","@id":"https:\/\/diariotextual.com\/inicio\/index.php\/2021\/01\/30\/portezuelo-del-viento-conforman-comision-de-estudio-de-impacto-ambiental\/#breadcrumb","itemListElement":[{"@type":"ListItem","position":1,"name":"Portada","item":"https:\/\/diariotextual.com\/inicio\/"},{"@type":"ListItem","position":2,"name":"Portezuelo del Viento: conforman Comisi\u00f3n de Estudio de Impacto Ambiental"}]},{"@type":"WebSite","@id":"https:\/\/diariotextual.com\/inicio\/#website","url":"https:\/\/diariotextual.com\/inicio\/","name":"Diario Textual","description":"","publisher":{"@id":"https:\/\/diariotextual.com\/inicio\/#organization"},"potentialAction":[{"@type":"SearchAction","target":{"@type":"EntryPoint","urlTemplate":"https:\/\/diariotextual.com\/inicio\/?s={search_term_string}"},"query-input":{"@type":"PropertyValueSpecification","valueRequired":true,"valueName":"search_term_string"}}],"inLanguage":"es"},{"@type":"Organization","@id":"https:\/\/diariotextual.com\/inicio\/#organization","name":"Diario Textual","url":"https:\/\/diariotextual.com\/inicio\/","logo":{"@type":"ImageObject","inLanguage":"es","@id":"https:\/\/diariotextual.com\/inicio\/#\/schema\/logo\/image\/","url":"https:\/\/diariotextual.com\/inicio\/wp-content\/uploads\/2023\/05\/logotextual1.jpg","contentUrl":"https:\/\/diariotextual.com\/inicio\/wp-content\/uploads\/2023\/05\/logotextual1.jpg","width":516,"height":76,"caption":"Diario Textual"},"image":{"@id":"https:\/\/diariotextual.com\/inicio\/#\/schema\/logo\/image\/"},"sameAs":["https:\/\/www.facebook.com\/eltextual","https:\/\/x.com\/eltextual","http:\/\/www.instagram.com\/eltextual"]},{"@type":"Person","@id":"https:\/\/diariotextual.com\/inicio\/#\/schema\/person\/418fc4093c33e86ed41562db3508f958","name":"Diario1 Diario1","image":{"@type":"ImageObject","inLanguage":"es","@id":"https:\/\/secure.gravatar.com\/avatar\/9167d280179c85bc18be67aa7eda765854300033af4896dd779b608640f2ef7a?s=96&d=mm&r=g","url":"https:\/\/secure.gravatar.com\/avatar\/9167d280179c85bc18be67aa7eda765854300033af4896dd779b608640f2ef7a?s=96&d=mm&r=g","contentUrl":"https:\/\/secure.gravatar.com\/avatar\/9167d280179c85bc18be67aa7eda765854300033af4896dd779b608640f2ef7a?s=96&d=mm&r=g","caption":"Diario1 Diario1"},"url":"https:\/\/diariotextual.com\/inicio\/index.php\/author\/diario1\/"}]}},"_links":{"self":[{"href":"https:\/\/diariotextual.com\/inicio\/index.php\/wp-json\/wp\/v2\/posts\/132321","targetHints":{"allow":["GET"]}}],"collection":[{"href":"https:\/\/diariotextual.com\/inicio\/index.php\/wp-json\/wp\/v2\/posts"}],"about":[{"href":"https:\/\/diariotextual.com\/inicio\/index.php\/wp-json\/wp\/v2\/types\/post"}],"author":[{"embeddable":true,"href":"https:\/\/diariotextual.com\/inicio\/index.php\/wp-json\/wp\/v2\/users\/3"}],"replies":[{"embeddable":true,"href":"https:\/\/diariotextual.com\/inicio\/index.php\/wp-json\/wp\/v2\/comments?post=132321"}],"version-history":[{"count":4,"href":"https:\/\/diariotextual.com\/inicio\/index.php\/wp-json\/wp\/v2\/posts\/132321\/revisions"}],"predecessor-version":[{"id":132325,"href":"https:\/\/diariotextual.com\/inicio\/index.php\/wp-json\/wp\/v2\/posts\/132321\/revisions\/132325"}],"wp:featuredmedia":[{"embeddable":true,"href":"https:\/\/diariotextual.com\/inicio\/index.php\/wp-json\/wp\/v2\/media\/66568"}],"wp:attachment":[{"href":"https:\/\/diariotextual.com\/inicio\/index.php\/wp-json\/wp\/v2\/media?parent=132321"}],"wp:term":[{"taxonomy":"category","embeddable":true,"href":"https:\/\/diariotextual.com\/inicio\/index.php\/wp-json\/wp\/v2\/categories?post=132321"},{"taxonomy":"post_tag","embeddable":true,"href":"https:\/\/diariotextual.com\/inicio\/index.php\/wp-json\/wp\/v2\/tags?post=132321"}],"curies":[{"name":"wp","href":"https:\/\/api.w.org\/{rel}","templated":true}]}}