{"id":132567,"date":"2021-02-02T13:10:15","date_gmt":"2021-02-02T16:10:15","guid":{"rendered":"http:\/\/diariotextual.com\/inicio\/?p=132567"},"modified":"2021-02-03T08:29:52","modified_gmt":"2021-02-03T11:29:52","slug":"comenzaron-a-aplicar-ivermectina-a-pacientes-con-covid-en-la-pampa","status":"publish","type":"post","link":"https:\/\/diariotextual.com\/inicio\/index.php\/2021\/02\/02\/comenzaron-a-aplicar-ivermectina-a-pacientes-con-covid-en-la-pampa\/","title":{"rendered":"Comenzaron a aplicar ivermectina a pacientes con covid en La Pampa"},"content":{"rendered":"\n<p>El Ministerio de Salud comenz\u00f3 este martes a aplicar <strong>el antiparasitario ivermectina<\/strong> a los pacientes que tienen coronavirus, seg\u00fan confirmaron fuentes oficiales a Diario Textual. El tratamiento se lleva adelante a trav\u00e9s de los <strong>lineamientos del protocolo MEURI. <\/strong><\/p>\n\n\n\n<p><a rel=\"noreferrer noopener\" href=\"http:\/\/diariotextual.com\/inicio\/index.php\/2021\/01\/29\/consejo-de-bioetica-de-la-pampa-aprobo-el-uso-de-ivermectina-y-comienza-a-usarse-en-pacientes-de-covi\/\" target=\"_blank\">El uso fue aprobado el pasado viernes 29 de enero por el Comit\u00e9 Provincial de Bio\u00e9tica<\/a>, tal como adelant\u00f3 este diario.<\/p>\n\n\n\n<p>La ivermectina para uso contra el covid a\u00fan no est\u00e1 aprobada por la Administraci\u00f3n Nacional de Medicamentos, Alimentos y Tecnolog\u00eda (Anmat), por lo que genera escepticismo en la opini\u00f3n p\u00fablica y en un sector de la comunidad cient\u00edfica. Sin embargo, en La Pampa se empez\u00f3 a aplicar bajos los par\u00e1metros de la Organizaci\u00f3n Mundial de la Salud (OMS).<\/p>\n\n\n\n<p>Desde el ministerio se solicit\u00f3 la intervenci\u00f3n de una comisi\u00f3n de expertos externa, que est\u00e1 integrada por profesionales de diversas \u00e1reas, todos ellos con amplia experiencia en el uso de este medicamento.<\/p>\n\n\n\n<p>La presentaci\u00f3n del programa de intervenci\u00f3n se realiz\u00f3 bajo los lineamientos del capitulo MEURI que tiene la OMS. Se trata de requisitos que deben cubrirse frente a la utilizaci\u00f3n de f\u00e1rmacos fuera de los protocolos de investigaci\u00f3n habitual.<\/p>\n\n\n\n<p>El <strong>protocolo MEURI<\/strong> est\u00e1 descripto para situaciones como la que se est\u00e1 atravesando, donde existe una enfermedad altamente contagiosa, de alta infectividad y morbimortalidad.<\/p>\n\n\n\n<p>En contexto de pandemia la OMS establece que frente a la ausencia de tratamientos eficaces se pueden utilizar f\u00e1rmacos, como es el caso de la ivermectina, que ofrece un adecuado perfil de seguridad, ya que este medicamento es utilizado en el mundo entero y la investigaci\u00f3n demostr\u00f3 que el mismo posee efecto antiviral.<br><br>Los lineamientos fundamentales del cap\u00edtulo MEURI definen:<\/p>\n\n\n\n<p>-Que no existan tratamientos eficaces para contrarrestar la enfermedad.<br><\/p>\n\n\n\n<p>-Que no sea posible iniciar ensayos cl\u00ednicos habituales inmediatamente.<br><\/p>\n\n\n\n<p>-Que se disponga de datos que proporcionen un apoyo preliminar de la eficacia y seguridad de la intervenci\u00f3n, al menos de estudios de laboratorios ( ejemplo: un estudio australiano demostr\u00f3 in vitro la inhibici\u00f3n de la replicaci\u00f3n viral).<br><\/p>\n\n\n\n<p>-El uso de la intervenci\u00f3n fuera de ensayos cl\u00ednicos (tal el caso de un estudio dirigido por el doctor Alejandro Krolewiecki, investigador del Concet que demostr\u00f3 en 45 participantes portadores de COVID-19, la depuraci\u00f3n de la carga viral en 48 horas y al quinto d\u00eda de tratamiento.)<br><\/p>\n\n\n\n<p>-La aprobaci\u00f3n de los protocolos por un Comit\u00e9 de Bio\u00e9tica.<br><\/p>\n\n\n\n<p>-Debe existir un consentimiento informado al paciente sobre los potenciales beneficios y\/o inconvenientes que puedan causar la toma del medicamento.<br><\/p>\n\n\n\n<p>-Supervisi\u00f3n de la intervenci\u00f3n y documentaci\u00f3n de los resultados que deben ser compartidos oportunamente con la comunidad medica y cient\u00edfica en general.<\/p>\n\n\n\n<figure class=\"wp-block-embed-wordpress wp-block-embed is-type-wp-embed is-provider-diario-textual\"><div class=\"wp-block-embed__wrapper\">\n<blockquote class=\"wp-embedded-content\" data-secret=\"nzyKCPKfiX\"><a href=\"http:\/\/diariotextual.com\/inicio\/index.php\/2021\/02\/02\/llego-a-la-pampa-otra-tanda-de-sputnik-para-aplicar-a-1500-trabajadores-de-la-salud\/\">Lleg\u00f3 a La Pampa otra tanda de Sputnik para aplicar a 1500 trabajadores de la Salud<\/a><\/blockquote><iframe class=\"wp-embedded-content\" sandbox=\"allow-scripts\" security=\"restricted\" style=\"position: absolute; clip: rect(1px, 1px, 1px, 1px);\" title=\"\u00abLleg\u00f3 a La Pampa otra tanda de Sputnik para aplicar a 1500 trabajadores de la Salud\u00bb \u2014 Diario Textual\" src=\"http:\/\/diariotextual.com\/inicio\/index.php\/2021\/02\/02\/llego-a-la-pampa-otra-tanda-de-sputnik-para-aplicar-a-1500-trabajadores-de-la-salud\/embed\/#?secret=nzyKCPKfiX\" data-secret=\"nzyKCPKfiX\" width=\"600\" height=\"338\" frameborder=\"0\" marginwidth=\"0\" marginheight=\"0\" scrolling=\"no\"><\/iframe>\n<\/div><\/figure>\n","protected":false},"excerpt":{"rendered":"<p>El Ministerio de Salud comenz\u00f3 este martes a aplicar el antiparasitario ivermectina a los pacientes que tienen coronavirus, seg\u00fan confirmaron fuentes oficiales a Diario Textual. El tratamiento se lleva adelante&hellip;<\/p>\n","protected":false},"author":4,"featured_media":128271,"comment_status":"closed","ping_status":"open","sticky":false,"template":"","format":"standard","meta":{"_acf_changed":false,"footnotes":""},"categories":[1,12],"tags":[2899,4300],"class_list":["post-132567","post","type-post","status-publish","format-standard","has-post-thumbnail","hentry","category-es-noticia","category-sociedad","tag-covid","tag-ivermectina"],"acf":[],"yoast_head":"<!-- This site is optimized with the Yoast SEO plugin v27.5 - https:\/\/yoast.com\/product\/yoast-seo-wordpress\/ -->\n<title>Comenzaron a aplicar ivermectina a pacientes con covid en La Pampa - Diario Textual<\/title>\n<meta name=\"robots\" content=\"index, follow, max-snippet:-1, max-image-preview:large, max-video-preview:-1\" \/>\n<link rel=\"canonical\" href=\"https:\/\/diariotextual.com\/inicio\/index.php\/2021\/02\/02\/comenzaron-a-aplicar-ivermectina-a-pacientes-con-covid-en-la-pampa\/\" \/>\n<meta property=\"og:locale\" content=\"es_ES\" \/>\n<meta property=\"og:type\" content=\"article\" \/>\n<meta property=\"og:title\" content=\"Comenzaron a aplicar ivermectina a pacientes con covid en La Pampa - Diario Textual\" \/>\n<meta property=\"og:description\" content=\"El Ministerio de Salud comenz\u00f3 este martes a aplicar el antiparasitario ivermectina a los pacientes que tienen coronavirus, seg\u00fan confirmaron fuentes oficiales a Diario Textual. El tratamiento se lleva adelante&hellip;\" \/>\n<meta property=\"og:url\" content=\"https:\/\/diariotextual.com\/inicio\/index.php\/2021\/02\/02\/comenzaron-a-aplicar-ivermectina-a-pacientes-con-covid-en-la-pampa\/\" \/>\n<meta property=\"og:site_name\" content=\"Diario Textual\" \/>\n<meta property=\"article:publisher\" content=\"https:\/\/www.facebook.com\/eltextual\" \/>\n<meta property=\"article:published_time\" content=\"2021-02-02T16:10:15+00:00\" \/>\n<meta property=\"article:modified_time\" content=\"2021-02-03T11:29:52+00:00\" \/>\n<meta property=\"og:image\" content=\"https:\/\/diariotextual.com\/inicio\/wp-content\/uploads\/2020\/12\/coronavirusvacunalapampa321.jpg\" \/>\n\t<meta property=\"og:image:width\" content=\"798\" \/>\n\t<meta property=\"og:image:height\" content=\"485\" \/>\n\t<meta property=\"og:image:type\" content=\"image\/jpeg\" \/>\n<meta name=\"author\" content=\"diario2\" \/>\n<meta name=\"twitter:card\" content=\"summary_large_image\" \/>\n<meta name=\"twitter:creator\" content=\"@eltextual\" \/>\n<meta name=\"twitter:site\" content=\"@eltextual\" \/>\n<meta name=\"twitter:label1\" content=\"Escrito por\" \/>\n\t<meta name=\"twitter:data1\" content=\"diario2\" \/>\n\t<meta name=\"twitter:label2\" content=\"Tiempo de lectura\" \/>\n\t<meta name=\"twitter:data2\" content=\"2 minutos\" \/>\n<script type=\"application\/ld+json\" class=\"yoast-schema-graph\">{\"@context\":\"https:\\\/\\\/schema.org\",\"@graph\":[{\"@type\":\"Article\",\"@id\":\"https:\\\/\\\/diariotextual.com\\\/inicio\\\/index.php\\\/2021\\\/02\\\/02\\\/comenzaron-a-aplicar-ivermectina-a-pacientes-con-covid-en-la-pampa\\\/#article\",\"isPartOf\":{\"@id\":\"https:\\\/\\\/diariotextual.com\\\/inicio\\\/index.php\\\/2021\\\/02\\\/02\\\/comenzaron-a-aplicar-ivermectina-a-pacientes-con-covid-en-la-pampa\\\/\"},\"author\":{\"name\":\"diario2\",\"@id\":\"https:\\\/\\\/diariotextual.com\\\/inicio\\\/#\\\/schema\\\/person\\\/694f60677f23c4a530867a98f22b3768\"},\"headline\":\"Comenzaron a aplicar ivermectina a pacientes con covid en La Pampa\",\"datePublished\":\"2021-02-02T16:10:15+00:00\",\"dateModified\":\"2021-02-03T11:29:52+00:00\",\"mainEntityOfPage\":{\"@id\":\"https:\\\/\\\/diariotextual.com\\\/inicio\\\/index.php\\\/2021\\\/02\\\/02\\\/comenzaron-a-aplicar-ivermectina-a-pacientes-con-covid-en-la-pampa\\\/\"},\"wordCount\":477,\"publisher\":{\"@id\":\"https:\\\/\\\/diariotextual.com\\\/inicio\\\/#organization\"},\"image\":{\"@id\":\"https:\\\/\\\/diariotextual.com\\\/inicio\\\/index.php\\\/2021\\\/02\\\/02\\\/comenzaron-a-aplicar-ivermectina-a-pacientes-con-covid-en-la-pampa\\\/#primaryimage\"},\"thumbnailUrl\":\"https:\\\/\\\/diariotextual.com\\\/inicio\\\/wp-content\\\/uploads\\\/2020\\\/12\\\/coronavirusvacunalapampa321.jpg\",\"keywords\":[\"covid\",\"ivermectina\"],\"articleSection\":[\"A - ES NOTICIA (van abajo)\",\"SOCIEDAD\"],\"inLanguage\":\"es\"},{\"@type\":\"WebPage\",\"@id\":\"https:\\\/\\\/diariotextual.com\\\/inicio\\\/index.php\\\/2021\\\/02\\\/02\\\/comenzaron-a-aplicar-ivermectina-a-pacientes-con-covid-en-la-pampa\\\/\",\"url\":\"https:\\\/\\\/diariotextual.com\\\/inicio\\\/index.php\\\/2021\\\/02\\\/02\\\/comenzaron-a-aplicar-ivermectina-a-pacientes-con-covid-en-la-pampa\\\/\",\"name\":\"Comenzaron a aplicar ivermectina a pacientes con covid en La Pampa - Diario Textual\",\"isPartOf\":{\"@id\":\"https:\\\/\\\/diariotextual.com\\\/inicio\\\/#website\"},\"primaryImageOfPage\":{\"@id\":\"https:\\\/\\\/diariotextual.com\\\/inicio\\\/index.php\\\/2021\\\/02\\\/02\\\/comenzaron-a-aplicar-ivermectina-a-pacientes-con-covid-en-la-pampa\\\/#primaryimage\"},\"image\":{\"@id\":\"https:\\\/\\\/diariotextual.com\\\/inicio\\\/index.php\\\/2021\\\/02\\\/02\\\/comenzaron-a-aplicar-ivermectina-a-pacientes-con-covid-en-la-pampa\\\/#primaryimage\"},\"thumbnailUrl\":\"https:\\\/\\\/diariotextual.com\\\/inicio\\\/wp-content\\\/uploads\\\/2020\\\/12\\\/coronavirusvacunalapampa321.jpg\",\"datePublished\":\"2021-02-02T16:10:15+00:00\",\"dateModified\":\"2021-02-03T11:29:52+00:00\",\"breadcrumb\":{\"@id\":\"https:\\\/\\\/diariotextual.com\\\/inicio\\\/index.php\\\/2021\\\/02\\\/02\\\/comenzaron-a-aplicar-ivermectina-a-pacientes-con-covid-en-la-pampa\\\/#breadcrumb\"},\"inLanguage\":\"es\",\"potentialAction\":[{\"@type\":\"ReadAction\",\"target\":[\"https:\\\/\\\/diariotextual.com\\\/inicio\\\/index.php\\\/2021\\\/02\\\/02\\\/comenzaron-a-aplicar-ivermectina-a-pacientes-con-covid-en-la-pampa\\\/\"]}]},{\"@type\":\"ImageObject\",\"inLanguage\":\"es\",\"@id\":\"https:\\\/\\\/diariotextual.com\\\/inicio\\\/index.php\\\/2021\\\/02\\\/02\\\/comenzaron-a-aplicar-ivermectina-a-pacientes-con-covid-en-la-pampa\\\/#primaryimage\",\"url\":\"https:\\\/\\\/diariotextual.com\\\/inicio\\\/wp-content\\\/uploads\\\/2020\\\/12\\\/coronavirusvacunalapampa321.jpg\",\"contentUrl\":\"https:\\\/\\\/diariotextual.com\\\/inicio\\\/wp-content\\\/uploads\\\/2020\\\/12\\\/coronavirusvacunalapampa321.jpg\",\"width\":798,\"height\":485},{\"@type\":\"BreadcrumbList\",\"@id\":\"https:\\\/\\\/diariotextual.com\\\/inicio\\\/index.php\\\/2021\\\/02\\\/02\\\/comenzaron-a-aplicar-ivermectina-a-pacientes-con-covid-en-la-pampa\\\/#breadcrumb\",\"itemListElement\":[{\"@type\":\"ListItem\",\"position\":1,\"name\":\"Portada\",\"item\":\"https:\\\/\\\/diariotextual.com\\\/inicio\\\/\"},{\"@type\":\"ListItem\",\"position\":2,\"name\":\"Comenzaron a aplicar ivermectina a pacientes con covid en La Pampa\"}]},{\"@type\":\"WebSite\",\"@id\":\"https:\\\/\\\/diariotextual.com\\\/inicio\\\/#website\",\"url\":\"https:\\\/\\\/diariotextual.com\\\/inicio\\\/\",\"name\":\"Diario Textual\",\"description\":\"\",\"publisher\":{\"@id\":\"https:\\\/\\\/diariotextual.com\\\/inicio\\\/#organization\"},\"potentialAction\":[{\"@type\":\"SearchAction\",\"target\":{\"@type\":\"EntryPoint\",\"urlTemplate\":\"https:\\\/\\\/diariotextual.com\\\/inicio\\\/?s={search_term_string}\"},\"query-input\":{\"@type\":\"PropertyValueSpecification\",\"valueRequired\":true,\"valueName\":\"search_term_string\"}}],\"inLanguage\":\"es\"},{\"@type\":\"Organization\",\"@id\":\"https:\\\/\\\/diariotextual.com\\\/inicio\\\/#organization\",\"name\":\"Diario Textual\",\"url\":\"https:\\\/\\\/diariotextual.com\\\/inicio\\\/\",\"logo\":{\"@type\":\"ImageObject\",\"inLanguage\":\"es\",\"@id\":\"https:\\\/\\\/diariotextual.com\\\/inicio\\\/#\\\/schema\\\/logo\\\/image\\\/\",\"url\":\"https:\\\/\\\/diariotextual.com\\\/inicio\\\/wp-content\\\/uploads\\\/2023\\\/05\\\/logotextual1.jpg\",\"contentUrl\":\"https:\\\/\\\/diariotextual.com\\\/inicio\\\/wp-content\\\/uploads\\\/2023\\\/05\\\/logotextual1.jpg\",\"width\":516,\"height\":76,\"caption\":\"Diario Textual\"},\"image\":{\"@id\":\"https:\\\/\\\/diariotextual.com\\\/inicio\\\/#\\\/schema\\\/logo\\\/image\\\/\"},\"sameAs\":[\"https:\\\/\\\/www.facebook.com\\\/eltextual\",\"https:\\\/\\\/x.com\\\/eltextual\",\"http:\\\/\\\/www.instagram.com\\\/eltextual\"]},{\"@type\":\"Person\",\"@id\":\"https:\\\/\\\/diariotextual.com\\\/inicio\\\/#\\\/schema\\\/person\\\/694f60677f23c4a530867a98f22b3768\",\"name\":\"diario2\",\"image\":{\"@type\":\"ImageObject\",\"inLanguage\":\"es\",\"@id\":\"https:\\\/\\\/secure.gravatar.com\\\/avatar\\\/5a2567495ba16b852fcd8f1ed006a2e24fcace936018ed8237e95f488ad6e0a7?s=96&d=mm&r=g\",\"url\":\"https:\\\/\\\/secure.gravatar.com\\\/avatar\\\/5a2567495ba16b852fcd8f1ed006a2e24fcace936018ed8237e95f488ad6e0a7?s=96&d=mm&r=g\",\"contentUrl\":\"https:\\\/\\\/secure.gravatar.com\\\/avatar\\\/5a2567495ba16b852fcd8f1ed006a2e24fcace936018ed8237e95f488ad6e0a7?s=96&d=mm&r=g\",\"caption\":\"diario2\"},\"url\":\"https:\\\/\\\/diariotextual.com\\\/inicio\\\/index.php\\\/author\\\/diario2\\\/\"}]}<\/script>\n<!-- \/ Yoast SEO plugin. -->","yoast_head_json":{"title":"Comenzaron a aplicar ivermectina a pacientes con covid en La Pampa - Diario Textual","robots":{"index":"index","follow":"follow","max-snippet":"max-snippet:-1","max-image-preview":"max-image-preview:large","max-video-preview":"max-video-preview:-1"},"canonical":"https:\/\/diariotextual.com\/inicio\/index.php\/2021\/02\/02\/comenzaron-a-aplicar-ivermectina-a-pacientes-con-covid-en-la-pampa\/","og_locale":"es_ES","og_type":"article","og_title":"Comenzaron a aplicar ivermectina a pacientes con covid en La Pampa - Diario Textual","og_description":"El Ministerio de Salud comenz\u00f3 este martes a aplicar el antiparasitario ivermectina a los pacientes que tienen coronavirus, seg\u00fan confirmaron fuentes oficiales a Diario Textual. El tratamiento se lleva adelante&hellip;","og_url":"https:\/\/diariotextual.com\/inicio\/index.php\/2021\/02\/02\/comenzaron-a-aplicar-ivermectina-a-pacientes-con-covid-en-la-pampa\/","og_site_name":"Diario Textual","article_publisher":"https:\/\/www.facebook.com\/eltextual","article_published_time":"2021-02-02T16:10:15+00:00","article_modified_time":"2021-02-03T11:29:52+00:00","og_image":[{"width":798,"height":485,"url":"https:\/\/diariotextual.com\/inicio\/wp-content\/uploads\/2020\/12\/coronavirusvacunalapampa321.jpg","type":"image\/jpeg"}],"author":"diario2","twitter_card":"summary_large_image","twitter_creator":"@eltextual","twitter_site":"@eltextual","twitter_misc":{"Escrito por":"diario2","Tiempo de lectura":"2 minutos"},"schema":{"@context":"https:\/\/schema.org","@graph":[{"@type":"Article","@id":"https:\/\/diariotextual.com\/inicio\/index.php\/2021\/02\/02\/comenzaron-a-aplicar-ivermectina-a-pacientes-con-covid-en-la-pampa\/#article","isPartOf":{"@id":"https:\/\/diariotextual.com\/inicio\/index.php\/2021\/02\/02\/comenzaron-a-aplicar-ivermectina-a-pacientes-con-covid-en-la-pampa\/"},"author":{"name":"diario2","@id":"https:\/\/diariotextual.com\/inicio\/#\/schema\/person\/694f60677f23c4a530867a98f22b3768"},"headline":"Comenzaron a aplicar ivermectina a pacientes con covid en La Pampa","datePublished":"2021-02-02T16:10:15+00:00","dateModified":"2021-02-03T11:29:52+00:00","mainEntityOfPage":{"@id":"https:\/\/diariotextual.com\/inicio\/index.php\/2021\/02\/02\/comenzaron-a-aplicar-ivermectina-a-pacientes-con-covid-en-la-pampa\/"},"wordCount":477,"publisher":{"@id":"https:\/\/diariotextual.com\/inicio\/#organization"},"image":{"@id":"https:\/\/diariotextual.com\/inicio\/index.php\/2021\/02\/02\/comenzaron-a-aplicar-ivermectina-a-pacientes-con-covid-en-la-pampa\/#primaryimage"},"thumbnailUrl":"https:\/\/diariotextual.com\/inicio\/wp-content\/uploads\/2020\/12\/coronavirusvacunalapampa321.jpg","keywords":["covid","ivermectina"],"articleSection":["A - ES NOTICIA (van abajo)","SOCIEDAD"],"inLanguage":"es"},{"@type":"WebPage","@id":"https:\/\/diariotextual.com\/inicio\/index.php\/2021\/02\/02\/comenzaron-a-aplicar-ivermectina-a-pacientes-con-covid-en-la-pampa\/","url":"https:\/\/diariotextual.com\/inicio\/index.php\/2021\/02\/02\/comenzaron-a-aplicar-ivermectina-a-pacientes-con-covid-en-la-pampa\/","name":"Comenzaron a aplicar ivermectina a pacientes con covid en La Pampa - Diario Textual","isPartOf":{"@id":"https:\/\/diariotextual.com\/inicio\/#website"},"primaryImageOfPage":{"@id":"https:\/\/diariotextual.com\/inicio\/index.php\/2021\/02\/02\/comenzaron-a-aplicar-ivermectina-a-pacientes-con-covid-en-la-pampa\/#primaryimage"},"image":{"@id":"https:\/\/diariotextual.com\/inicio\/index.php\/2021\/02\/02\/comenzaron-a-aplicar-ivermectina-a-pacientes-con-covid-en-la-pampa\/#primaryimage"},"thumbnailUrl":"https:\/\/diariotextual.com\/inicio\/wp-content\/uploads\/2020\/12\/coronavirusvacunalapampa321.jpg","datePublished":"2021-02-02T16:10:15+00:00","dateModified":"2021-02-03T11:29:52+00:00","breadcrumb":{"@id":"https:\/\/diariotextual.com\/inicio\/index.php\/2021\/02\/02\/comenzaron-a-aplicar-ivermectina-a-pacientes-con-covid-en-la-pampa\/#breadcrumb"},"inLanguage":"es","potentialAction":[{"@type":"ReadAction","target":["https:\/\/diariotextual.com\/inicio\/index.php\/2021\/02\/02\/comenzaron-a-aplicar-ivermectina-a-pacientes-con-covid-en-la-pampa\/"]}]},{"@type":"ImageObject","inLanguage":"es","@id":"https:\/\/diariotextual.com\/inicio\/index.php\/2021\/02\/02\/comenzaron-a-aplicar-ivermectina-a-pacientes-con-covid-en-la-pampa\/#primaryimage","url":"https:\/\/diariotextual.com\/inicio\/wp-content\/uploads\/2020\/12\/coronavirusvacunalapampa321.jpg","contentUrl":"https:\/\/diariotextual.com\/inicio\/wp-content\/uploads\/2020\/12\/coronavirusvacunalapampa321.jpg","width":798,"height":485},{"@type":"BreadcrumbList","@id":"https:\/\/diariotextual.com\/inicio\/index.php\/2021\/02\/02\/comenzaron-a-aplicar-ivermectina-a-pacientes-con-covid-en-la-pampa\/#breadcrumb","itemListElement":[{"@type":"ListItem","position":1,"name":"Portada","item":"https:\/\/diariotextual.com\/inicio\/"},{"@type":"ListItem","position":2,"name":"Comenzaron a aplicar ivermectina a pacientes con covid en La Pampa"}]},{"@type":"WebSite","@id":"https:\/\/diariotextual.com\/inicio\/#website","url":"https:\/\/diariotextual.com\/inicio\/","name":"Diario Textual","description":"","publisher":{"@id":"https:\/\/diariotextual.com\/inicio\/#organization"},"potentialAction":[{"@type":"SearchAction","target":{"@type":"EntryPoint","urlTemplate":"https:\/\/diariotextual.com\/inicio\/?s={search_term_string}"},"query-input":{"@type":"PropertyValueSpecification","valueRequired":true,"valueName":"search_term_string"}}],"inLanguage":"es"},{"@type":"Organization","@id":"https:\/\/diariotextual.com\/inicio\/#organization","name":"Diario Textual","url":"https:\/\/diariotextual.com\/inicio\/","logo":{"@type":"ImageObject","inLanguage":"es","@id":"https:\/\/diariotextual.com\/inicio\/#\/schema\/logo\/image\/","url":"https:\/\/diariotextual.com\/inicio\/wp-content\/uploads\/2023\/05\/logotextual1.jpg","contentUrl":"https:\/\/diariotextual.com\/inicio\/wp-content\/uploads\/2023\/05\/logotextual1.jpg","width":516,"height":76,"caption":"Diario Textual"},"image":{"@id":"https:\/\/diariotextual.com\/inicio\/#\/schema\/logo\/image\/"},"sameAs":["https:\/\/www.facebook.com\/eltextual","https:\/\/x.com\/eltextual","http:\/\/www.instagram.com\/eltextual"]},{"@type":"Person","@id":"https:\/\/diariotextual.com\/inicio\/#\/schema\/person\/694f60677f23c4a530867a98f22b3768","name":"diario2","image":{"@type":"ImageObject","inLanguage":"es","@id":"https:\/\/secure.gravatar.com\/avatar\/5a2567495ba16b852fcd8f1ed006a2e24fcace936018ed8237e95f488ad6e0a7?s=96&d=mm&r=g","url":"https:\/\/secure.gravatar.com\/avatar\/5a2567495ba16b852fcd8f1ed006a2e24fcace936018ed8237e95f488ad6e0a7?s=96&d=mm&r=g","contentUrl":"https:\/\/secure.gravatar.com\/avatar\/5a2567495ba16b852fcd8f1ed006a2e24fcace936018ed8237e95f488ad6e0a7?s=96&d=mm&r=g","caption":"diario2"},"url":"https:\/\/diariotextual.com\/inicio\/index.php\/author\/diario2\/"}]}},"_links":{"self":[{"href":"https:\/\/diariotextual.com\/inicio\/index.php\/wp-json\/wp\/v2\/posts\/132567","targetHints":{"allow":["GET"]}}],"collection":[{"href":"https:\/\/diariotextual.com\/inicio\/index.php\/wp-json\/wp\/v2\/posts"}],"about":[{"href":"https:\/\/diariotextual.com\/inicio\/index.php\/wp-json\/wp\/v2\/types\/post"}],"author":[{"embeddable":true,"href":"https:\/\/diariotextual.com\/inicio\/index.php\/wp-json\/wp\/v2\/users\/4"}],"replies":[{"embeddable":true,"href":"https:\/\/diariotextual.com\/inicio\/index.php\/wp-json\/wp\/v2\/comments?post=132567"}],"version-history":[{"count":6,"href":"https:\/\/diariotextual.com\/inicio\/index.php\/wp-json\/wp\/v2\/posts\/132567\/revisions"}],"predecessor-version":[{"id":132585,"href":"https:\/\/diariotextual.com\/inicio\/index.php\/wp-json\/wp\/v2\/posts\/132567\/revisions\/132585"}],"wp:featuredmedia":[{"embeddable":true,"href":"https:\/\/diariotextual.com\/inicio\/index.php\/wp-json\/wp\/v2\/media\/128271"}],"wp:attachment":[{"href":"https:\/\/diariotextual.com\/inicio\/index.php\/wp-json\/wp\/v2\/media?parent=132567"}],"wp:term":[{"taxonomy":"category","embeddable":true,"href":"https:\/\/diariotextual.com\/inicio\/index.php\/wp-json\/wp\/v2\/categories?post=132567"},{"taxonomy":"post_tag","embeddable":true,"href":"https:\/\/diariotextual.com\/inicio\/index.php\/wp-json\/wp\/v2\/tags?post=132567"}],"curies":[{"name":"wp","href":"https:\/\/api.w.org\/{rel}","templated":true}]}}