{"id":134427,"date":"2021-02-20T17:51:47","date_gmt":"2021-02-20T20:51:47","guid":{"rendered":"http:\/\/diariotextual.com\/inicio\/?p=134427"},"modified":"2021-02-20T17:55:49","modified_gmt":"2021-02-20T20:55:49","slug":"aceptaron-la-candidatura-de-alberto-fernandez-al-nobel-de-la-paz","status":"publish","type":"post","link":"https:\/\/diariotextual.com\/inicio\/index.php\/2021\/02\/20\/aceptaron-la-candidatura-de-alberto-fernandez-al-nobel-de-la-paz\/","title":{"rendered":"Aceptaron la candidatura de Alberto Fern\u00e1ndez al Nobel de la Paz"},"content":{"rendered":"\n<p>El\u00a0<strong>Comit\u00e9 Nobel Noruego acept\u00f3 la propuesta de un grupo de diputados de Bolivia para que el presidente Alberto Fern\u00e1ndez sea candidato al Premio Nobel de la Paz<\/strong>\u00a0por su \u201cactitud decidida y valiente que permiti\u00f3 salvar la vida\u201d del exmandatario Evo Morales y sus colaboradores y la democracia boliviana, luego de ser forzados a renunciar en noviembre de 2019, mediante un cruento golpe de Estado.<\/p>\n\n\n\n<p>Fuentes de Presidencia informaron que, en ese contexto,&nbsp;<strong>Alberto Fern\u00e1ndez mantuvo una videoconferencia, desde la residencia de Olivos, con Evo Morales<\/strong>, el senador Leonardo Loza y el diputado Gualberto Arispe Maita, legisladores que promueven la iniciativa junto a sus pares Santos Mamani Espinoza y Grobert Nogales Grageda, quienes representan en la Asamblea Legislativa Plurinacional al gobernante Movimiento al Socialismo (MAS).<\/p>\n\n\n\n<p>\u201cHar\u00eda mil veces lo mismo, s\u00f3lo hice lo que un hombre de bien y democr\u00e1tico debe hacer\u201d, dijo el presidente durante el encuentro virtual.<\/p>\n\n\n\n<p>\u201cSi en alg\u00fan momento sent\u00ed que cumpl\u00ed una tarea, fue cuando te abrac\u00e9 en el puente y volviste a tu tierra, en ese momento vi que cumplimos el objetivo\u201d, le dijo a Morales. \u201cEl \u00fanico m\u00e9rito m\u00edo fue cuidar a alguien tan querido por los bolivianos y ayudar en lo que pueda a que la democracia vuelva\u201d.<\/p>\n\n\n\n<p>En tanto, el exmandatario boliviano resalt\u00f3 el gesto.\u00a0<strong>\u201cLo que usted hizo por Bolivia, por la democracia, por mi vida es algo in\u00e9dito, algo \u00fanico en el mundo<\/strong>. Despu\u00e9s de que retorn\u00e9 algunos dirigentes me preguntaban c\u00f3mo podemos agradecerle, ese era el sentimiento generalizado y as\u00ed surgi\u00f3 la idea de presentarlo como candidato al premio Nobel de la Paz\u201d, le dijo.<\/p>\n\n\n\n<p>Adem\u00e1s, destac\u00f3 los 11 meses que residi\u00f3 en Argentina. <strong>\u201cMe sent\u00ed como en casa, la solidaridad y el cari\u00f1o de todos los argentinos\u201d<\/strong>, expres\u00f3 Morales al respecto.<\/p>\n\n\n\n<p><\/p>\n","protected":false},"excerpt":{"rendered":"<p>El\u00a0Comit\u00e9 Nobel Noruego acept\u00f3 la propuesta de un grupo de diputados de Bolivia para que el presidente Alberto Fern\u00e1ndez sea candidato al Premio Nobel de la Paz\u00a0por su \u201cactitud decidida&hellip;<\/p>\n","protected":false},"author":3,"featured_media":134428,"comment_status":"closed","ping_status":"open","sticky":false,"template":"","format":"standard","meta":{"_acf_changed":false,"footnotes":""},"categories":[4,8],"tags":[2384],"class_list":["post-134427","post","type-post","status-publish","format-standard","has-post-thumbnail","hentry","category-destacadas","category-politica","tag-evo"],"acf":[],"yoast_head":"<!-- This site is optimized with the Yoast SEO plugin v27.5 - https:\/\/yoast.com\/product\/yoast-seo-wordpress\/ -->\n<title>Aceptaron la candidatura de Alberto Fern\u00e1ndez al Nobel de la Paz - Diario Textual<\/title>\n<meta name=\"robots\" content=\"index, follow, max-snippet:-1, max-image-preview:large, max-video-preview:-1\" \/>\n<link rel=\"canonical\" href=\"https:\/\/diariotextual.com\/inicio\/index.php\/2021\/02\/20\/aceptaron-la-candidatura-de-alberto-fernandez-al-nobel-de-la-paz\/\" \/>\n<meta property=\"og:locale\" content=\"es_ES\" \/>\n<meta property=\"og:type\" content=\"article\" \/>\n<meta property=\"og:title\" content=\"Aceptaron la candidatura de Alberto Fern\u00e1ndez al Nobel de la Paz - Diario Textual\" \/>\n<meta property=\"og:description\" content=\"El\u00a0Comit\u00e9 Nobel Noruego acept\u00f3 la propuesta de un grupo de diputados de Bolivia para que el presidente Alberto Fern\u00e1ndez sea candidato al Premio Nobel de la Paz\u00a0por su \u201cactitud decidida&hellip;\" \/>\n<meta property=\"og:url\" content=\"https:\/\/diariotextual.com\/inicio\/index.php\/2021\/02\/20\/aceptaron-la-candidatura-de-alberto-fernandez-al-nobel-de-la-paz\/\" \/>\n<meta property=\"og:site_name\" content=\"Diario Textual\" \/>\n<meta property=\"article:publisher\" content=\"https:\/\/www.facebook.com\/eltextual\" \/>\n<meta property=\"article:published_time\" content=\"2021-02-20T20:51:47+00:00\" \/>\n<meta property=\"article:modified_time\" content=\"2021-02-20T20:55:49+00:00\" \/>\n<meta property=\"og:image\" content=\"https:\/\/diariotextual.com\/inicio\/wp-content\/uploads\/2021\/02\/fernandezalbertomoralesevo2021-1.jpg\" \/>\n\t<meta property=\"og:image:width\" content=\"1004\" \/>\n\t<meta property=\"og:image:height\" content=\"565\" \/>\n\t<meta property=\"og:image:type\" content=\"image\/jpeg\" \/>\n<meta name=\"author\" content=\"Diario1 Diario1\" \/>\n<meta name=\"twitter:card\" content=\"summary_large_image\" \/>\n<meta name=\"twitter:creator\" content=\"@eltextual\" \/>\n<meta name=\"twitter:site\" content=\"@eltextual\" \/>\n<meta name=\"twitter:label1\" content=\"Escrito por\" \/>\n\t<meta name=\"twitter:data1\" content=\"Diario1 Diario1\" \/>\n\t<meta name=\"twitter:label2\" content=\"Tiempo de lectura\" \/>\n\t<meta name=\"twitter:data2\" content=\"2 minutos\" \/>\n<script type=\"application\/ld+json\" class=\"yoast-schema-graph\">{\"@context\":\"https:\\\/\\\/schema.org\",\"@graph\":[{\"@type\":\"Article\",\"@id\":\"https:\\\/\\\/diariotextual.com\\\/inicio\\\/index.php\\\/2021\\\/02\\\/20\\\/aceptaron-la-candidatura-de-alberto-fernandez-al-nobel-de-la-paz\\\/#article\",\"isPartOf\":{\"@id\":\"https:\\\/\\\/diariotextual.com\\\/inicio\\\/index.php\\\/2021\\\/02\\\/20\\\/aceptaron-la-candidatura-de-alberto-fernandez-al-nobel-de-la-paz\\\/\"},\"author\":{\"name\":\"Diario1 Diario1\",\"@id\":\"https:\\\/\\\/diariotextual.com\\\/inicio\\\/#\\\/schema\\\/person\\\/418fc4093c33e86ed41562db3508f958\"},\"headline\":\"Aceptaron la candidatura de Alberto Fern\u00e1ndez al Nobel de la Paz\",\"datePublished\":\"2021-02-20T20:51:47+00:00\",\"dateModified\":\"2021-02-20T20:55:49+00:00\",\"mainEntityOfPage\":{\"@id\":\"https:\\\/\\\/diariotextual.com\\\/inicio\\\/index.php\\\/2021\\\/02\\\/20\\\/aceptaron-la-candidatura-de-alberto-fernandez-al-nobel-de-la-paz\\\/\"},\"wordCount\":319,\"publisher\":{\"@id\":\"https:\\\/\\\/diariotextual.com\\\/inicio\\\/#organization\"},\"image\":{\"@id\":\"https:\\\/\\\/diariotextual.com\\\/inicio\\\/index.php\\\/2021\\\/02\\\/20\\\/aceptaron-la-candidatura-de-alberto-fernandez-al-nobel-de-la-paz\\\/#primaryimage\"},\"thumbnailUrl\":\"https:\\\/\\\/diariotextual.com\\\/inicio\\\/wp-content\\\/uploads\\\/2021\\\/02\\\/fernandezalbertomoralesevo2021-1.jpg\",\"keywords\":[\"evo\"],\"articleSection\":[\"A - DESTACADAS (mod 16)\",\"POLITICA\"],\"inLanguage\":\"es\"},{\"@type\":\"WebPage\",\"@id\":\"https:\\\/\\\/diariotextual.com\\\/inicio\\\/index.php\\\/2021\\\/02\\\/20\\\/aceptaron-la-candidatura-de-alberto-fernandez-al-nobel-de-la-paz\\\/\",\"url\":\"https:\\\/\\\/diariotextual.com\\\/inicio\\\/index.php\\\/2021\\\/02\\\/20\\\/aceptaron-la-candidatura-de-alberto-fernandez-al-nobel-de-la-paz\\\/\",\"name\":\"Aceptaron la candidatura de Alberto Fern\u00e1ndez al Nobel de la Paz - Diario Textual\",\"isPartOf\":{\"@id\":\"https:\\\/\\\/diariotextual.com\\\/inicio\\\/#website\"},\"primaryImageOfPage\":{\"@id\":\"https:\\\/\\\/diariotextual.com\\\/inicio\\\/index.php\\\/2021\\\/02\\\/20\\\/aceptaron-la-candidatura-de-alberto-fernandez-al-nobel-de-la-paz\\\/#primaryimage\"},\"image\":{\"@id\":\"https:\\\/\\\/diariotextual.com\\\/inicio\\\/index.php\\\/2021\\\/02\\\/20\\\/aceptaron-la-candidatura-de-alberto-fernandez-al-nobel-de-la-paz\\\/#primaryimage\"},\"thumbnailUrl\":\"https:\\\/\\\/diariotextual.com\\\/inicio\\\/wp-content\\\/uploads\\\/2021\\\/02\\\/fernandezalbertomoralesevo2021-1.jpg\",\"datePublished\":\"2021-02-20T20:51:47+00:00\",\"dateModified\":\"2021-02-20T20:55:49+00:00\",\"breadcrumb\":{\"@id\":\"https:\\\/\\\/diariotextual.com\\\/inicio\\\/index.php\\\/2021\\\/02\\\/20\\\/aceptaron-la-candidatura-de-alberto-fernandez-al-nobel-de-la-paz\\\/#breadcrumb\"},\"inLanguage\":\"es\",\"potentialAction\":[{\"@type\":\"ReadAction\",\"target\":[\"https:\\\/\\\/diariotextual.com\\\/inicio\\\/index.php\\\/2021\\\/02\\\/20\\\/aceptaron-la-candidatura-de-alberto-fernandez-al-nobel-de-la-paz\\\/\"]}]},{\"@type\":\"ImageObject\",\"inLanguage\":\"es\",\"@id\":\"https:\\\/\\\/diariotextual.com\\\/inicio\\\/index.php\\\/2021\\\/02\\\/20\\\/aceptaron-la-candidatura-de-alberto-fernandez-al-nobel-de-la-paz\\\/#primaryimage\",\"url\":\"https:\\\/\\\/diariotextual.com\\\/inicio\\\/wp-content\\\/uploads\\\/2021\\\/02\\\/fernandezalbertomoralesevo2021-1.jpg\",\"contentUrl\":\"https:\\\/\\\/diariotextual.com\\\/inicio\\\/wp-content\\\/uploads\\\/2021\\\/02\\\/fernandezalbertomoralesevo2021-1.jpg\",\"width\":1004,\"height\":565},{\"@type\":\"BreadcrumbList\",\"@id\":\"https:\\\/\\\/diariotextual.com\\\/inicio\\\/index.php\\\/2021\\\/02\\\/20\\\/aceptaron-la-candidatura-de-alberto-fernandez-al-nobel-de-la-paz\\\/#breadcrumb\",\"itemListElement\":[{\"@type\":\"ListItem\",\"position\":1,\"name\":\"Portada\",\"item\":\"https:\\\/\\\/diariotextual.com\\\/inicio\\\/\"},{\"@type\":\"ListItem\",\"position\":2,\"name\":\"Aceptaron la candidatura de Alberto Fern\u00e1ndez al Nobel de la Paz\"}]},{\"@type\":\"WebSite\",\"@id\":\"https:\\\/\\\/diariotextual.com\\\/inicio\\\/#website\",\"url\":\"https:\\\/\\\/diariotextual.com\\\/inicio\\\/\",\"name\":\"Diario Textual\",\"description\":\"\",\"publisher\":{\"@id\":\"https:\\\/\\\/diariotextual.com\\\/inicio\\\/#organization\"},\"potentialAction\":[{\"@type\":\"SearchAction\",\"target\":{\"@type\":\"EntryPoint\",\"urlTemplate\":\"https:\\\/\\\/diariotextual.com\\\/inicio\\\/?s={search_term_string}\"},\"query-input\":{\"@type\":\"PropertyValueSpecification\",\"valueRequired\":true,\"valueName\":\"search_term_string\"}}],\"inLanguage\":\"es\"},{\"@type\":\"Organization\",\"@id\":\"https:\\\/\\\/diariotextual.com\\\/inicio\\\/#organization\",\"name\":\"Diario Textual\",\"url\":\"https:\\\/\\\/diariotextual.com\\\/inicio\\\/\",\"logo\":{\"@type\":\"ImageObject\",\"inLanguage\":\"es\",\"@id\":\"https:\\\/\\\/diariotextual.com\\\/inicio\\\/#\\\/schema\\\/logo\\\/image\\\/\",\"url\":\"https:\\\/\\\/diariotextual.com\\\/inicio\\\/wp-content\\\/uploads\\\/2023\\\/05\\\/logotextual1.jpg\",\"contentUrl\":\"https:\\\/\\\/diariotextual.com\\\/inicio\\\/wp-content\\\/uploads\\\/2023\\\/05\\\/logotextual1.jpg\",\"width\":516,\"height\":76,\"caption\":\"Diario Textual\"},\"image\":{\"@id\":\"https:\\\/\\\/diariotextual.com\\\/inicio\\\/#\\\/schema\\\/logo\\\/image\\\/\"},\"sameAs\":[\"https:\\\/\\\/www.facebook.com\\\/eltextual\",\"https:\\\/\\\/x.com\\\/eltextual\",\"http:\\\/\\\/www.instagram.com\\\/eltextual\"]},{\"@type\":\"Person\",\"@id\":\"https:\\\/\\\/diariotextual.com\\\/inicio\\\/#\\\/schema\\\/person\\\/418fc4093c33e86ed41562db3508f958\",\"name\":\"Diario1 Diario1\",\"image\":{\"@type\":\"ImageObject\",\"inLanguage\":\"es\",\"@id\":\"https:\\\/\\\/secure.gravatar.com\\\/avatar\\\/9167d280179c85bc18be67aa7eda765854300033af4896dd779b608640f2ef7a?s=96&d=mm&r=g\",\"url\":\"https:\\\/\\\/secure.gravatar.com\\\/avatar\\\/9167d280179c85bc18be67aa7eda765854300033af4896dd779b608640f2ef7a?s=96&d=mm&r=g\",\"contentUrl\":\"https:\\\/\\\/secure.gravatar.com\\\/avatar\\\/9167d280179c85bc18be67aa7eda765854300033af4896dd779b608640f2ef7a?s=96&d=mm&r=g\",\"caption\":\"Diario1 Diario1\"},\"url\":\"https:\\\/\\\/diariotextual.com\\\/inicio\\\/index.php\\\/author\\\/diario1\\\/\"}]}<\/script>\n<!-- \/ Yoast SEO plugin. -->","yoast_head_json":{"title":"Aceptaron la candidatura de Alberto Fern\u00e1ndez al Nobel de la Paz - Diario Textual","robots":{"index":"index","follow":"follow","max-snippet":"max-snippet:-1","max-image-preview":"max-image-preview:large","max-video-preview":"max-video-preview:-1"},"canonical":"https:\/\/diariotextual.com\/inicio\/index.php\/2021\/02\/20\/aceptaron-la-candidatura-de-alberto-fernandez-al-nobel-de-la-paz\/","og_locale":"es_ES","og_type":"article","og_title":"Aceptaron la candidatura de Alberto Fern\u00e1ndez al Nobel de la Paz - Diario Textual","og_description":"El\u00a0Comit\u00e9 Nobel Noruego acept\u00f3 la propuesta de un grupo de diputados de Bolivia para que el presidente Alberto Fern\u00e1ndez sea candidato al Premio Nobel de la Paz\u00a0por su \u201cactitud decidida&hellip;","og_url":"https:\/\/diariotextual.com\/inicio\/index.php\/2021\/02\/20\/aceptaron-la-candidatura-de-alberto-fernandez-al-nobel-de-la-paz\/","og_site_name":"Diario Textual","article_publisher":"https:\/\/www.facebook.com\/eltextual","article_published_time":"2021-02-20T20:51:47+00:00","article_modified_time":"2021-02-20T20:55:49+00:00","og_image":[{"width":1004,"height":565,"url":"https:\/\/diariotextual.com\/inicio\/wp-content\/uploads\/2021\/02\/fernandezalbertomoralesevo2021-1.jpg","type":"image\/jpeg"}],"author":"Diario1 Diario1","twitter_card":"summary_large_image","twitter_creator":"@eltextual","twitter_site":"@eltextual","twitter_misc":{"Escrito por":"Diario1 Diario1","Tiempo de lectura":"2 minutos"},"schema":{"@context":"https:\/\/schema.org","@graph":[{"@type":"Article","@id":"https:\/\/diariotextual.com\/inicio\/index.php\/2021\/02\/20\/aceptaron-la-candidatura-de-alberto-fernandez-al-nobel-de-la-paz\/#article","isPartOf":{"@id":"https:\/\/diariotextual.com\/inicio\/index.php\/2021\/02\/20\/aceptaron-la-candidatura-de-alberto-fernandez-al-nobel-de-la-paz\/"},"author":{"name":"Diario1 Diario1","@id":"https:\/\/diariotextual.com\/inicio\/#\/schema\/person\/418fc4093c33e86ed41562db3508f958"},"headline":"Aceptaron la candidatura de Alberto Fern\u00e1ndez al Nobel de la Paz","datePublished":"2021-02-20T20:51:47+00:00","dateModified":"2021-02-20T20:55:49+00:00","mainEntityOfPage":{"@id":"https:\/\/diariotextual.com\/inicio\/index.php\/2021\/02\/20\/aceptaron-la-candidatura-de-alberto-fernandez-al-nobel-de-la-paz\/"},"wordCount":319,"publisher":{"@id":"https:\/\/diariotextual.com\/inicio\/#organization"},"image":{"@id":"https:\/\/diariotextual.com\/inicio\/index.php\/2021\/02\/20\/aceptaron-la-candidatura-de-alberto-fernandez-al-nobel-de-la-paz\/#primaryimage"},"thumbnailUrl":"https:\/\/diariotextual.com\/inicio\/wp-content\/uploads\/2021\/02\/fernandezalbertomoralesevo2021-1.jpg","keywords":["evo"],"articleSection":["A - DESTACADAS (mod 16)","POLITICA"],"inLanguage":"es"},{"@type":"WebPage","@id":"https:\/\/diariotextual.com\/inicio\/index.php\/2021\/02\/20\/aceptaron-la-candidatura-de-alberto-fernandez-al-nobel-de-la-paz\/","url":"https:\/\/diariotextual.com\/inicio\/index.php\/2021\/02\/20\/aceptaron-la-candidatura-de-alberto-fernandez-al-nobel-de-la-paz\/","name":"Aceptaron la candidatura de Alberto Fern\u00e1ndez al Nobel de la Paz - Diario Textual","isPartOf":{"@id":"https:\/\/diariotextual.com\/inicio\/#website"},"primaryImageOfPage":{"@id":"https:\/\/diariotextual.com\/inicio\/index.php\/2021\/02\/20\/aceptaron-la-candidatura-de-alberto-fernandez-al-nobel-de-la-paz\/#primaryimage"},"image":{"@id":"https:\/\/diariotextual.com\/inicio\/index.php\/2021\/02\/20\/aceptaron-la-candidatura-de-alberto-fernandez-al-nobel-de-la-paz\/#primaryimage"},"thumbnailUrl":"https:\/\/diariotextual.com\/inicio\/wp-content\/uploads\/2021\/02\/fernandezalbertomoralesevo2021-1.jpg","datePublished":"2021-02-20T20:51:47+00:00","dateModified":"2021-02-20T20:55:49+00:00","breadcrumb":{"@id":"https:\/\/diariotextual.com\/inicio\/index.php\/2021\/02\/20\/aceptaron-la-candidatura-de-alberto-fernandez-al-nobel-de-la-paz\/#breadcrumb"},"inLanguage":"es","potentialAction":[{"@type":"ReadAction","target":["https:\/\/diariotextual.com\/inicio\/index.php\/2021\/02\/20\/aceptaron-la-candidatura-de-alberto-fernandez-al-nobel-de-la-paz\/"]}]},{"@type":"ImageObject","inLanguage":"es","@id":"https:\/\/diariotextual.com\/inicio\/index.php\/2021\/02\/20\/aceptaron-la-candidatura-de-alberto-fernandez-al-nobel-de-la-paz\/#primaryimage","url":"https:\/\/diariotextual.com\/inicio\/wp-content\/uploads\/2021\/02\/fernandezalbertomoralesevo2021-1.jpg","contentUrl":"https:\/\/diariotextual.com\/inicio\/wp-content\/uploads\/2021\/02\/fernandezalbertomoralesevo2021-1.jpg","width":1004,"height":565},{"@type":"BreadcrumbList","@id":"https:\/\/diariotextual.com\/inicio\/index.php\/2021\/02\/20\/aceptaron-la-candidatura-de-alberto-fernandez-al-nobel-de-la-paz\/#breadcrumb","itemListElement":[{"@type":"ListItem","position":1,"name":"Portada","item":"https:\/\/diariotextual.com\/inicio\/"},{"@type":"ListItem","position":2,"name":"Aceptaron la candidatura de Alberto Fern\u00e1ndez al Nobel de la Paz"}]},{"@type":"WebSite","@id":"https:\/\/diariotextual.com\/inicio\/#website","url":"https:\/\/diariotextual.com\/inicio\/","name":"Diario Textual","description":"","publisher":{"@id":"https:\/\/diariotextual.com\/inicio\/#organization"},"potentialAction":[{"@type":"SearchAction","target":{"@type":"EntryPoint","urlTemplate":"https:\/\/diariotextual.com\/inicio\/?s={search_term_string}"},"query-input":{"@type":"PropertyValueSpecification","valueRequired":true,"valueName":"search_term_string"}}],"inLanguage":"es"},{"@type":"Organization","@id":"https:\/\/diariotextual.com\/inicio\/#organization","name":"Diario Textual","url":"https:\/\/diariotextual.com\/inicio\/","logo":{"@type":"ImageObject","inLanguage":"es","@id":"https:\/\/diariotextual.com\/inicio\/#\/schema\/logo\/image\/","url":"https:\/\/diariotextual.com\/inicio\/wp-content\/uploads\/2023\/05\/logotextual1.jpg","contentUrl":"https:\/\/diariotextual.com\/inicio\/wp-content\/uploads\/2023\/05\/logotextual1.jpg","width":516,"height":76,"caption":"Diario Textual"},"image":{"@id":"https:\/\/diariotextual.com\/inicio\/#\/schema\/logo\/image\/"},"sameAs":["https:\/\/www.facebook.com\/eltextual","https:\/\/x.com\/eltextual","http:\/\/www.instagram.com\/eltextual"]},{"@type":"Person","@id":"https:\/\/diariotextual.com\/inicio\/#\/schema\/person\/418fc4093c33e86ed41562db3508f958","name":"Diario1 Diario1","image":{"@type":"ImageObject","inLanguage":"es","@id":"https:\/\/secure.gravatar.com\/avatar\/9167d280179c85bc18be67aa7eda765854300033af4896dd779b608640f2ef7a?s=96&d=mm&r=g","url":"https:\/\/secure.gravatar.com\/avatar\/9167d280179c85bc18be67aa7eda765854300033af4896dd779b608640f2ef7a?s=96&d=mm&r=g","contentUrl":"https:\/\/secure.gravatar.com\/avatar\/9167d280179c85bc18be67aa7eda765854300033af4896dd779b608640f2ef7a?s=96&d=mm&r=g","caption":"Diario1 Diario1"},"url":"https:\/\/diariotextual.com\/inicio\/index.php\/author\/diario1\/"}]}},"_links":{"self":[{"href":"https:\/\/diariotextual.com\/inicio\/index.php\/wp-json\/wp\/v2\/posts\/134427","targetHints":{"allow":["GET"]}}],"collection":[{"href":"https:\/\/diariotextual.com\/inicio\/index.php\/wp-json\/wp\/v2\/posts"}],"about":[{"href":"https:\/\/diariotextual.com\/inicio\/index.php\/wp-json\/wp\/v2\/types\/post"}],"author":[{"embeddable":true,"href":"https:\/\/diariotextual.com\/inicio\/index.php\/wp-json\/wp\/v2\/users\/3"}],"replies":[{"embeddable":true,"href":"https:\/\/diariotextual.com\/inicio\/index.php\/wp-json\/wp\/v2\/comments?post=134427"}],"version-history":[{"count":3,"href":"https:\/\/diariotextual.com\/inicio\/index.php\/wp-json\/wp\/v2\/posts\/134427\/revisions"}],"predecessor-version":[{"id":134431,"href":"https:\/\/diariotextual.com\/inicio\/index.php\/wp-json\/wp\/v2\/posts\/134427\/revisions\/134431"}],"wp:featuredmedia":[{"embeddable":true,"href":"https:\/\/diariotextual.com\/inicio\/index.php\/wp-json\/wp\/v2\/media\/134428"}],"wp:attachment":[{"href":"https:\/\/diariotextual.com\/inicio\/index.php\/wp-json\/wp\/v2\/media?parent=134427"}],"wp:term":[{"taxonomy":"category","embeddable":true,"href":"https:\/\/diariotextual.com\/inicio\/index.php\/wp-json\/wp\/v2\/categories?post=134427"},{"taxonomy":"post_tag","embeddable":true,"href":"https:\/\/diariotextual.com\/inicio\/index.php\/wp-json\/wp\/v2\/tags?post=134427"}],"curies":[{"name":"wp","href":"https:\/\/api.w.org\/{rel}","templated":true}]}}