{"id":135213,"date":"2021-02-27T08:48:29","date_gmt":"2021-02-27T11:48:29","guid":{"rendered":"http:\/\/diariotextual.com\/inicio\/?p=135213"},"modified":"2021-02-27T21:18:34","modified_gmt":"2021-02-28T00:18:34","slug":"cazaban-ilegalmente-y-se-quedaron-dormidos-en-un-coto-de-caza-uno-fue-detenido","status":"publish","type":"post","link":"https:\/\/diariotextual.com\/inicio\/index.php\/2021\/02\/27\/cazaban-ilegalmente-y-se-quedaron-dormidos-en-un-coto-de-caza-uno-fue-detenido\/","title":{"rendered":"Cazaban ilegalmente y se quedaron dormidos en un coto de caza: uno fue detenido"},"content":{"rendered":"\n<p>Cuatro hombres de entre 35 y 40 a\u00f1os que se encontraban practicando la <strong>caza ilegal en Guatrach\u00e9 <\/strong>fueron notificados por infracci\u00f3n a la Ley de Fauna y se les secuestraron armas y celulares. Se hab\u00edan dormido y uno de ellos fue detenido.<\/p>\n\n\n\n<p>El procedimiento se realiz\u00f3 este viernes a la ma\u00f1ana luego de que el personal policial fuera advertido de la presencia de personas dentro del coto de caza Los Molles. Al arribar al lugar, <strong>la polic\u00eda constat\u00f3 la presencia de un hombre de Guatrcah\u00e9, dos hermanos de la provincia de Santa Fe y otro de C\u00f3rdoba que se encontraban durmiendo. <\/strong>&nbsp;En su poder fue secuestrada un arma larga con fusil de repetici\u00f3n, con mira telesc\u00f3pica y silenciador. A su vez, se procedi\u00f3 a la notificaci\u00f3n por infracci\u00f3n al art\u00edculo 189 Bis del C\u00f3digo Penal Argentino, procedi\u00e9ndose adem\u00e1s al secuestro de los tel\u00e9fonos celulares, inform\u00f3 el comisario Roberto Randau.<\/p>\n\n\n\n<p>Los ciudadanos de las provicnias vecinas argumentaron poseer permiso de circulaci\u00f3n para turismo en la localidad de Guatrach\u00e9, para descartar una posible venta de gu\u00eda de caza por parte del pampeano, quien qued\u00f3 detenido.<\/p>\n\n\n\n<p>Tambi\u00e9n se iniciaron actuaciones contravencionales por infracci\u00f3n a la ley 1194 con intervenci\u00f3n de la Direcci\u00f3n de Recursos Naturales de Santa Rosa. Se les secuestraron varios cuchillos, vainas y elementos de caza.<\/p>\n\n\n\n<p>El detenido qued\u00f3 a disposici\u00f3n de la fiscal\u00eda local, a cargo del fiscal Juan Bautista Mendez.<\/p>\n","protected":false},"excerpt":{"rendered":"<p>Cuatro hombres de entre 35 y 40 a\u00f1os que se encontraban practicando la caza ilegal en Guatrach\u00e9 fueron notificados por infracci\u00f3n a la Ley de Fauna y se les secuestraron&hellip;<\/p>\n","protected":false},"author":4,"featured_media":135214,"comment_status":"closed","ping_status":"open","sticky":false,"template":"","format":"standard","meta":{"_acf_changed":false,"footnotes":""},"categories":[10,12],"tags":[],"class_list":["post-135213","post","type-post","status-publish","format-standard","has-post-thumbnail","hentry","category-portada-2","category-sociedad"],"acf":[],"yoast_head":"<!-- This site is optimized with the Yoast SEO plugin v27.5 - https:\/\/yoast.com\/product\/yoast-seo-wordpress\/ -->\n<title>Cazaban ilegalmente y se quedaron dormidos en un coto de caza: uno fue detenido - Diario Textual<\/title>\n<meta name=\"robots\" content=\"index, follow, max-snippet:-1, max-image-preview:large, max-video-preview:-1\" \/>\n<link rel=\"canonical\" href=\"https:\/\/diariotextual.com\/inicio\/index.php\/2021\/02\/27\/cazaban-ilegalmente-y-se-quedaron-dormidos-en-un-coto-de-caza-uno-fue-detenido\/\" \/>\n<meta property=\"og:locale\" content=\"es_ES\" \/>\n<meta property=\"og:type\" content=\"article\" \/>\n<meta property=\"og:title\" content=\"Cazaban ilegalmente y se quedaron dormidos en un coto de caza: uno fue detenido - Diario Textual\" \/>\n<meta property=\"og:description\" content=\"Cuatro hombres de entre 35 y 40 a\u00f1os que se encontraban practicando la caza ilegal en Guatrach\u00e9 fueron notificados por infracci\u00f3n a la Ley de Fauna y se les secuestraron&hellip;\" \/>\n<meta property=\"og:url\" content=\"https:\/\/diariotextual.com\/inicio\/index.php\/2021\/02\/27\/cazaban-ilegalmente-y-se-quedaron-dormidos-en-un-coto-de-caza-uno-fue-detenido\/\" \/>\n<meta property=\"og:site_name\" content=\"Diario Textual\" \/>\n<meta property=\"article:publisher\" content=\"https:\/\/www.facebook.com\/eltextual\" \/>\n<meta property=\"article:published_time\" content=\"2021-02-27T11:48:29+00:00\" \/>\n<meta property=\"article:modified_time\" content=\"2021-02-28T00:18:34+00:00\" \/>\n<meta property=\"og:image\" content=\"https:\/\/diariotextual.com\/inicio\/wp-content\/uploads\/2021\/02\/secuestrocazailegal34.jpg\" \/>\n\t<meta property=\"og:image:width\" content=\"928\" \/>\n\t<meta property=\"og:image:height\" content=\"477\" \/>\n\t<meta property=\"og:image:type\" content=\"image\/jpeg\" \/>\n<meta name=\"author\" content=\"diario2\" \/>\n<meta name=\"twitter:card\" content=\"summary_large_image\" \/>\n<meta name=\"twitter:creator\" content=\"@eltextual\" \/>\n<meta name=\"twitter:site\" content=\"@eltextual\" \/>\n<meta name=\"twitter:label1\" content=\"Escrito por\" \/>\n\t<meta name=\"twitter:data1\" content=\"diario2\" \/>\n\t<meta name=\"twitter:label2\" content=\"Tiempo de lectura\" \/>\n\t<meta name=\"twitter:data2\" content=\"1 minuto\" \/>\n<script type=\"application\/ld+json\" class=\"yoast-schema-graph\">{\"@context\":\"https:\\\/\\\/schema.org\",\"@graph\":[{\"@type\":\"Article\",\"@id\":\"https:\\\/\\\/diariotextual.com\\\/inicio\\\/index.php\\\/2021\\\/02\\\/27\\\/cazaban-ilegalmente-y-se-quedaron-dormidos-en-un-coto-de-caza-uno-fue-detenido\\\/#article\",\"isPartOf\":{\"@id\":\"https:\\\/\\\/diariotextual.com\\\/inicio\\\/index.php\\\/2021\\\/02\\\/27\\\/cazaban-ilegalmente-y-se-quedaron-dormidos-en-un-coto-de-caza-uno-fue-detenido\\\/\"},\"author\":{\"name\":\"diario2\",\"@id\":\"https:\\\/\\\/diariotextual.com\\\/inicio\\\/#\\\/schema\\\/person\\\/694f60677f23c4a530867a98f22b3768\"},\"headline\":\"Cazaban ilegalmente y se quedaron dormidos en un coto de caza: uno fue detenido\",\"datePublished\":\"2021-02-27T11:48:29+00:00\",\"dateModified\":\"2021-02-28T00:18:34+00:00\",\"mainEntityOfPage\":{\"@id\":\"https:\\\/\\\/diariotextual.com\\\/inicio\\\/index.php\\\/2021\\\/02\\\/27\\\/cazaban-ilegalmente-y-se-quedaron-dormidos-en-un-coto-de-caza-uno-fue-detenido\\\/\"},\"wordCount\":265,\"publisher\":{\"@id\":\"https:\\\/\\\/diariotextual.com\\\/inicio\\\/#organization\"},\"image\":{\"@id\":\"https:\\\/\\\/diariotextual.com\\\/inicio\\\/index.php\\\/2021\\\/02\\\/27\\\/cazaban-ilegalmente-y-se-quedaron-dormidos-en-un-coto-de-caza-uno-fue-detenido\\\/#primaryimage\"},\"thumbnailUrl\":\"https:\\\/\\\/diariotextual.com\\\/inicio\\\/wp-content\\\/uploads\\\/2021\\\/02\\\/secuestrocazailegal34.jpg\",\"articleSection\":[\"A - PORTADA2\",\"SOCIEDAD\"],\"inLanguage\":\"es\"},{\"@type\":\"WebPage\",\"@id\":\"https:\\\/\\\/diariotextual.com\\\/inicio\\\/index.php\\\/2021\\\/02\\\/27\\\/cazaban-ilegalmente-y-se-quedaron-dormidos-en-un-coto-de-caza-uno-fue-detenido\\\/\",\"url\":\"https:\\\/\\\/diariotextual.com\\\/inicio\\\/index.php\\\/2021\\\/02\\\/27\\\/cazaban-ilegalmente-y-se-quedaron-dormidos-en-un-coto-de-caza-uno-fue-detenido\\\/\",\"name\":\"Cazaban ilegalmente y se quedaron dormidos en un coto de caza: uno fue detenido - Diario Textual\",\"isPartOf\":{\"@id\":\"https:\\\/\\\/diariotextual.com\\\/inicio\\\/#website\"},\"primaryImageOfPage\":{\"@id\":\"https:\\\/\\\/diariotextual.com\\\/inicio\\\/index.php\\\/2021\\\/02\\\/27\\\/cazaban-ilegalmente-y-se-quedaron-dormidos-en-un-coto-de-caza-uno-fue-detenido\\\/#primaryimage\"},\"image\":{\"@id\":\"https:\\\/\\\/diariotextual.com\\\/inicio\\\/index.php\\\/2021\\\/02\\\/27\\\/cazaban-ilegalmente-y-se-quedaron-dormidos-en-un-coto-de-caza-uno-fue-detenido\\\/#primaryimage\"},\"thumbnailUrl\":\"https:\\\/\\\/diariotextual.com\\\/inicio\\\/wp-content\\\/uploads\\\/2021\\\/02\\\/secuestrocazailegal34.jpg\",\"datePublished\":\"2021-02-27T11:48:29+00:00\",\"dateModified\":\"2021-02-28T00:18:34+00:00\",\"breadcrumb\":{\"@id\":\"https:\\\/\\\/diariotextual.com\\\/inicio\\\/index.php\\\/2021\\\/02\\\/27\\\/cazaban-ilegalmente-y-se-quedaron-dormidos-en-un-coto-de-caza-uno-fue-detenido\\\/#breadcrumb\"},\"inLanguage\":\"es\",\"potentialAction\":[{\"@type\":\"ReadAction\",\"target\":[\"https:\\\/\\\/diariotextual.com\\\/inicio\\\/index.php\\\/2021\\\/02\\\/27\\\/cazaban-ilegalmente-y-se-quedaron-dormidos-en-un-coto-de-caza-uno-fue-detenido\\\/\"]}]},{\"@type\":\"ImageObject\",\"inLanguage\":\"es\",\"@id\":\"https:\\\/\\\/diariotextual.com\\\/inicio\\\/index.php\\\/2021\\\/02\\\/27\\\/cazaban-ilegalmente-y-se-quedaron-dormidos-en-un-coto-de-caza-uno-fue-detenido\\\/#primaryimage\",\"url\":\"https:\\\/\\\/diariotextual.com\\\/inicio\\\/wp-content\\\/uploads\\\/2021\\\/02\\\/secuestrocazailegal34.jpg\",\"contentUrl\":\"https:\\\/\\\/diariotextual.com\\\/inicio\\\/wp-content\\\/uploads\\\/2021\\\/02\\\/secuestrocazailegal34.jpg\",\"width\":928,\"height\":477},{\"@type\":\"BreadcrumbList\",\"@id\":\"https:\\\/\\\/diariotextual.com\\\/inicio\\\/index.php\\\/2021\\\/02\\\/27\\\/cazaban-ilegalmente-y-se-quedaron-dormidos-en-un-coto-de-caza-uno-fue-detenido\\\/#breadcrumb\",\"itemListElement\":[{\"@type\":\"ListItem\",\"position\":1,\"name\":\"Portada\",\"item\":\"https:\\\/\\\/diariotextual.com\\\/inicio\\\/\"},{\"@type\":\"ListItem\",\"position\":2,\"name\":\"Cazaban ilegalmente y se quedaron dormidos en un coto de caza: uno fue detenido\"}]},{\"@type\":\"WebSite\",\"@id\":\"https:\\\/\\\/diariotextual.com\\\/inicio\\\/#website\",\"url\":\"https:\\\/\\\/diariotextual.com\\\/inicio\\\/\",\"name\":\"Diario Textual\",\"description\":\"\",\"publisher\":{\"@id\":\"https:\\\/\\\/diariotextual.com\\\/inicio\\\/#organization\"},\"potentialAction\":[{\"@type\":\"SearchAction\",\"target\":{\"@type\":\"EntryPoint\",\"urlTemplate\":\"https:\\\/\\\/diariotextual.com\\\/inicio\\\/?s={search_term_string}\"},\"query-input\":{\"@type\":\"PropertyValueSpecification\",\"valueRequired\":true,\"valueName\":\"search_term_string\"}}],\"inLanguage\":\"es\"},{\"@type\":\"Organization\",\"@id\":\"https:\\\/\\\/diariotextual.com\\\/inicio\\\/#organization\",\"name\":\"Diario Textual\",\"url\":\"https:\\\/\\\/diariotextual.com\\\/inicio\\\/\",\"logo\":{\"@type\":\"ImageObject\",\"inLanguage\":\"es\",\"@id\":\"https:\\\/\\\/diariotextual.com\\\/inicio\\\/#\\\/schema\\\/logo\\\/image\\\/\",\"url\":\"https:\\\/\\\/diariotextual.com\\\/inicio\\\/wp-content\\\/uploads\\\/2023\\\/05\\\/logotextual1.jpg\",\"contentUrl\":\"https:\\\/\\\/diariotextual.com\\\/inicio\\\/wp-content\\\/uploads\\\/2023\\\/05\\\/logotextual1.jpg\",\"width\":516,\"height\":76,\"caption\":\"Diario Textual\"},\"image\":{\"@id\":\"https:\\\/\\\/diariotextual.com\\\/inicio\\\/#\\\/schema\\\/logo\\\/image\\\/\"},\"sameAs\":[\"https:\\\/\\\/www.facebook.com\\\/eltextual\",\"https:\\\/\\\/x.com\\\/eltextual\",\"http:\\\/\\\/www.instagram.com\\\/eltextual\"]},{\"@type\":\"Person\",\"@id\":\"https:\\\/\\\/diariotextual.com\\\/inicio\\\/#\\\/schema\\\/person\\\/694f60677f23c4a530867a98f22b3768\",\"name\":\"diario2\",\"image\":{\"@type\":\"ImageObject\",\"inLanguage\":\"es\",\"@id\":\"https:\\\/\\\/secure.gravatar.com\\\/avatar\\\/5a2567495ba16b852fcd8f1ed006a2e24fcace936018ed8237e95f488ad6e0a7?s=96&d=mm&r=g\",\"url\":\"https:\\\/\\\/secure.gravatar.com\\\/avatar\\\/5a2567495ba16b852fcd8f1ed006a2e24fcace936018ed8237e95f488ad6e0a7?s=96&d=mm&r=g\",\"contentUrl\":\"https:\\\/\\\/secure.gravatar.com\\\/avatar\\\/5a2567495ba16b852fcd8f1ed006a2e24fcace936018ed8237e95f488ad6e0a7?s=96&d=mm&r=g\",\"caption\":\"diario2\"},\"url\":\"https:\\\/\\\/diariotextual.com\\\/inicio\\\/index.php\\\/author\\\/diario2\\\/\"}]}<\/script>\n<!-- \/ Yoast SEO plugin. -->","yoast_head_json":{"title":"Cazaban ilegalmente y se quedaron dormidos en un coto de caza: uno fue detenido - Diario Textual","robots":{"index":"index","follow":"follow","max-snippet":"max-snippet:-1","max-image-preview":"max-image-preview:large","max-video-preview":"max-video-preview:-1"},"canonical":"https:\/\/diariotextual.com\/inicio\/index.php\/2021\/02\/27\/cazaban-ilegalmente-y-se-quedaron-dormidos-en-un-coto-de-caza-uno-fue-detenido\/","og_locale":"es_ES","og_type":"article","og_title":"Cazaban ilegalmente y se quedaron dormidos en un coto de caza: uno fue detenido - Diario Textual","og_description":"Cuatro hombres de entre 35 y 40 a\u00f1os que se encontraban practicando la caza ilegal en Guatrach\u00e9 fueron notificados por infracci\u00f3n a la Ley de Fauna y se les secuestraron&hellip;","og_url":"https:\/\/diariotextual.com\/inicio\/index.php\/2021\/02\/27\/cazaban-ilegalmente-y-se-quedaron-dormidos-en-un-coto-de-caza-uno-fue-detenido\/","og_site_name":"Diario Textual","article_publisher":"https:\/\/www.facebook.com\/eltextual","article_published_time":"2021-02-27T11:48:29+00:00","article_modified_time":"2021-02-28T00:18:34+00:00","og_image":[{"width":928,"height":477,"url":"https:\/\/diariotextual.com\/inicio\/wp-content\/uploads\/2021\/02\/secuestrocazailegal34.jpg","type":"image\/jpeg"}],"author":"diario2","twitter_card":"summary_large_image","twitter_creator":"@eltextual","twitter_site":"@eltextual","twitter_misc":{"Escrito por":"diario2","Tiempo de lectura":"1 minuto"},"schema":{"@context":"https:\/\/schema.org","@graph":[{"@type":"Article","@id":"https:\/\/diariotextual.com\/inicio\/index.php\/2021\/02\/27\/cazaban-ilegalmente-y-se-quedaron-dormidos-en-un-coto-de-caza-uno-fue-detenido\/#article","isPartOf":{"@id":"https:\/\/diariotextual.com\/inicio\/index.php\/2021\/02\/27\/cazaban-ilegalmente-y-se-quedaron-dormidos-en-un-coto-de-caza-uno-fue-detenido\/"},"author":{"name":"diario2","@id":"https:\/\/diariotextual.com\/inicio\/#\/schema\/person\/694f60677f23c4a530867a98f22b3768"},"headline":"Cazaban ilegalmente y se quedaron dormidos en un coto de caza: uno fue detenido","datePublished":"2021-02-27T11:48:29+00:00","dateModified":"2021-02-28T00:18:34+00:00","mainEntityOfPage":{"@id":"https:\/\/diariotextual.com\/inicio\/index.php\/2021\/02\/27\/cazaban-ilegalmente-y-se-quedaron-dormidos-en-un-coto-de-caza-uno-fue-detenido\/"},"wordCount":265,"publisher":{"@id":"https:\/\/diariotextual.com\/inicio\/#organization"},"image":{"@id":"https:\/\/diariotextual.com\/inicio\/index.php\/2021\/02\/27\/cazaban-ilegalmente-y-se-quedaron-dormidos-en-un-coto-de-caza-uno-fue-detenido\/#primaryimage"},"thumbnailUrl":"https:\/\/diariotextual.com\/inicio\/wp-content\/uploads\/2021\/02\/secuestrocazailegal34.jpg","articleSection":["A - PORTADA2","SOCIEDAD"],"inLanguage":"es"},{"@type":"WebPage","@id":"https:\/\/diariotextual.com\/inicio\/index.php\/2021\/02\/27\/cazaban-ilegalmente-y-se-quedaron-dormidos-en-un-coto-de-caza-uno-fue-detenido\/","url":"https:\/\/diariotextual.com\/inicio\/index.php\/2021\/02\/27\/cazaban-ilegalmente-y-se-quedaron-dormidos-en-un-coto-de-caza-uno-fue-detenido\/","name":"Cazaban ilegalmente y se quedaron dormidos en un coto de caza: uno fue detenido - Diario Textual","isPartOf":{"@id":"https:\/\/diariotextual.com\/inicio\/#website"},"primaryImageOfPage":{"@id":"https:\/\/diariotextual.com\/inicio\/index.php\/2021\/02\/27\/cazaban-ilegalmente-y-se-quedaron-dormidos-en-un-coto-de-caza-uno-fue-detenido\/#primaryimage"},"image":{"@id":"https:\/\/diariotextual.com\/inicio\/index.php\/2021\/02\/27\/cazaban-ilegalmente-y-se-quedaron-dormidos-en-un-coto-de-caza-uno-fue-detenido\/#primaryimage"},"thumbnailUrl":"https:\/\/diariotextual.com\/inicio\/wp-content\/uploads\/2021\/02\/secuestrocazailegal34.jpg","datePublished":"2021-02-27T11:48:29+00:00","dateModified":"2021-02-28T00:18:34+00:00","breadcrumb":{"@id":"https:\/\/diariotextual.com\/inicio\/index.php\/2021\/02\/27\/cazaban-ilegalmente-y-se-quedaron-dormidos-en-un-coto-de-caza-uno-fue-detenido\/#breadcrumb"},"inLanguage":"es","potentialAction":[{"@type":"ReadAction","target":["https:\/\/diariotextual.com\/inicio\/index.php\/2021\/02\/27\/cazaban-ilegalmente-y-se-quedaron-dormidos-en-un-coto-de-caza-uno-fue-detenido\/"]}]},{"@type":"ImageObject","inLanguage":"es","@id":"https:\/\/diariotextual.com\/inicio\/index.php\/2021\/02\/27\/cazaban-ilegalmente-y-se-quedaron-dormidos-en-un-coto-de-caza-uno-fue-detenido\/#primaryimage","url":"https:\/\/diariotextual.com\/inicio\/wp-content\/uploads\/2021\/02\/secuestrocazailegal34.jpg","contentUrl":"https:\/\/diariotextual.com\/inicio\/wp-content\/uploads\/2021\/02\/secuestrocazailegal34.jpg","width":928,"height":477},{"@type":"BreadcrumbList","@id":"https:\/\/diariotextual.com\/inicio\/index.php\/2021\/02\/27\/cazaban-ilegalmente-y-se-quedaron-dormidos-en-un-coto-de-caza-uno-fue-detenido\/#breadcrumb","itemListElement":[{"@type":"ListItem","position":1,"name":"Portada","item":"https:\/\/diariotextual.com\/inicio\/"},{"@type":"ListItem","position":2,"name":"Cazaban ilegalmente y se quedaron dormidos en un coto de caza: uno fue detenido"}]},{"@type":"WebSite","@id":"https:\/\/diariotextual.com\/inicio\/#website","url":"https:\/\/diariotextual.com\/inicio\/","name":"Diario Textual","description":"","publisher":{"@id":"https:\/\/diariotextual.com\/inicio\/#organization"},"potentialAction":[{"@type":"SearchAction","target":{"@type":"EntryPoint","urlTemplate":"https:\/\/diariotextual.com\/inicio\/?s={search_term_string}"},"query-input":{"@type":"PropertyValueSpecification","valueRequired":true,"valueName":"search_term_string"}}],"inLanguage":"es"},{"@type":"Organization","@id":"https:\/\/diariotextual.com\/inicio\/#organization","name":"Diario Textual","url":"https:\/\/diariotextual.com\/inicio\/","logo":{"@type":"ImageObject","inLanguage":"es","@id":"https:\/\/diariotextual.com\/inicio\/#\/schema\/logo\/image\/","url":"https:\/\/diariotextual.com\/inicio\/wp-content\/uploads\/2023\/05\/logotextual1.jpg","contentUrl":"https:\/\/diariotextual.com\/inicio\/wp-content\/uploads\/2023\/05\/logotextual1.jpg","width":516,"height":76,"caption":"Diario Textual"},"image":{"@id":"https:\/\/diariotextual.com\/inicio\/#\/schema\/logo\/image\/"},"sameAs":["https:\/\/www.facebook.com\/eltextual","https:\/\/x.com\/eltextual","http:\/\/www.instagram.com\/eltextual"]},{"@type":"Person","@id":"https:\/\/diariotextual.com\/inicio\/#\/schema\/person\/694f60677f23c4a530867a98f22b3768","name":"diario2","image":{"@type":"ImageObject","inLanguage":"es","@id":"https:\/\/secure.gravatar.com\/avatar\/5a2567495ba16b852fcd8f1ed006a2e24fcace936018ed8237e95f488ad6e0a7?s=96&d=mm&r=g","url":"https:\/\/secure.gravatar.com\/avatar\/5a2567495ba16b852fcd8f1ed006a2e24fcace936018ed8237e95f488ad6e0a7?s=96&d=mm&r=g","contentUrl":"https:\/\/secure.gravatar.com\/avatar\/5a2567495ba16b852fcd8f1ed006a2e24fcace936018ed8237e95f488ad6e0a7?s=96&d=mm&r=g","caption":"diario2"},"url":"https:\/\/diariotextual.com\/inicio\/index.php\/author\/diario2\/"}]}},"_links":{"self":[{"href":"https:\/\/diariotextual.com\/inicio\/index.php\/wp-json\/wp\/v2\/posts\/135213","targetHints":{"allow":["GET"]}}],"collection":[{"href":"https:\/\/diariotextual.com\/inicio\/index.php\/wp-json\/wp\/v2\/posts"}],"about":[{"href":"https:\/\/diariotextual.com\/inicio\/index.php\/wp-json\/wp\/v2\/types\/post"}],"author":[{"embeddable":true,"href":"https:\/\/diariotextual.com\/inicio\/index.php\/wp-json\/wp\/v2\/users\/4"}],"replies":[{"embeddable":true,"href":"https:\/\/diariotextual.com\/inicio\/index.php\/wp-json\/wp\/v2\/comments?post=135213"}],"version-history":[{"count":2,"href":"https:\/\/diariotextual.com\/inicio\/index.php\/wp-json\/wp\/v2\/posts\/135213\/revisions"}],"predecessor-version":[{"id":135230,"href":"https:\/\/diariotextual.com\/inicio\/index.php\/wp-json\/wp\/v2\/posts\/135213\/revisions\/135230"}],"wp:featuredmedia":[{"embeddable":true,"href":"https:\/\/diariotextual.com\/inicio\/index.php\/wp-json\/wp\/v2\/media\/135214"}],"wp:attachment":[{"href":"https:\/\/diariotextual.com\/inicio\/index.php\/wp-json\/wp\/v2\/media?parent=135213"}],"wp:term":[{"taxonomy":"category","embeddable":true,"href":"https:\/\/diariotextual.com\/inicio\/index.php\/wp-json\/wp\/v2\/categories?post=135213"},{"taxonomy":"post_tag","embeddable":true,"href":"https:\/\/diariotextual.com\/inicio\/index.php\/wp-json\/wp\/v2\/tags?post=135213"}],"curies":[{"name":"wp","href":"https:\/\/api.w.org\/{rel}","templated":true}]}}