{"id":135308,"date":"2021-02-27T21:18:16","date_gmt":"2021-02-28T00:18:16","guid":{"rendered":"http:\/\/diariotextual.com\/inicio\/?p=135308"},"modified":"2021-02-28T18:01:04","modified_gmt":"2021-02-28T21:01:04","slug":"con-una-mujer-de-90-anos-argentina-llego-al-millon-de-vacunados-contra-el-coronavirus","status":"publish","type":"post","link":"https:\/\/diariotextual.com\/inicio\/index.php\/2021\/02\/27\/con-una-mujer-de-90-anos-argentina-llego-al-millon-de-vacunados-contra-el-coronavirus\/","title":{"rendered":"Con una mujer de 90 a\u00f1os, Argentina lleg\u00f3 al mill\u00f3n de vacunados contra el coronavirus"},"content":{"rendered":"\n<p><strong>Elsa N\u00e9lida Alonso<\/strong>, una mujer de 90 a\u00f1os, de la localidad bonaerense de<strong>&nbsp;Ca\u00f1uelas<\/strong>, se transform\u00f3 esta tarde en la persona 1.000.000 en recibir una vacuna como parte del Plan Estrat\u00e9gico para la vacunaci\u00f3n contra la&nbsp;<strong>COVID-19 en la Argentina<\/strong>, que lleva adelante el Gobierno nacional y que super\u00f3 ese n\u00famero de aplicaciones al alcanzar 1.005.665 dosis en todo el pa\u00eds.<\/p>\n\n\n\n<p>Elsa fue inoculada en el<strong>&nbsp;Hospital de Cuenca Alta N\u00e9stor Kirchner SAMIC<\/strong>&nbsp;de Ca\u00f1uelas por la enfermera Mar\u00eda de los \u00c1ngeles Mart\u00ednez.<\/p>\n\n\n\n<p>Seg\u00fan el Monitor P\u00fablico de Vacunaci\u00f3n, un registro online del Ministerio de Salud que muestra en tiempo real el operativo de inmunizaci\u00f3n en todo el territorio argentino, ya son 1.005.665 las vacunas aplicadas y recibieron la primera dosis 713.001 personas y las dos dosis, 292.664.<\/p>\n\n\n\n<p>El monitor es una herramienta implementada por la<strong>&nbsp;ministra de Salud, Carla Vizzotti,<\/strong>&nbsp;para fortalecer la transparencia del proceso y al cual se puede acceder desde la p\u00e1gina web de la cartera sanitaria nacional.<\/p>\n\n\n\n<p>All\u00ed se verifica que ya fueron distribuidas 1.738.410 dosis en las 23 provincias y la Ciudad Aut\u00f3noma de Buenos Aires.<\/p>\n\n\n\n<p>En tanto, este fin de semana comenz\u00f3 la distribuci\u00f3n de la vacuna Sinopharm que lleg\u00f3 al pa\u00eds el jueves a la noche. En una primera etapa se enviar\u00e1 a todas las jurisdicciones un total de 492.400 dosis repartidas en base a la cantidad de poblaci\u00f3n de cada distrito.<\/p>\n\n\n\n<p>Seg\u00fan la ministra de Salud, Carla Vizzotti, las vacunas llegar\u00e1n entre el lunes y el martes a destino, y su uso se rige bajo estrictos criterios sanitarios y pautas de total transparencia.<\/p>\n\n\n\n<p>Se espera que con la llegada de nuevas dosis de Sputnik V, este fin de semana, m\u00e1s la distribuci\u00f3n de la Sinopharm la cifra actual de vacunados aumente a un ritmo considerable.<\/p>\n\n\n\n<p><\/p>\n","protected":false},"excerpt":{"rendered":"<p>Elsa N\u00e9lida Alonso, una mujer de 90 a\u00f1os, de la localidad bonaerense de&nbsp;Ca\u00f1uelas, se transform\u00f3 esta tarde en la persona 1.000.000 en recibir una vacuna como parte del Plan Estrat\u00e9gico&hellip;<\/p>\n","protected":false},"author":3,"featured_media":135313,"comment_status":"closed","ping_status":"open","sticky":false,"template":"","format":"standard","meta":{"_acf_changed":false,"footnotes":""},"categories":[10,12],"tags":[2022],"class_list":["post-135308","post","type-post","status-publish","format-standard","has-post-thumbnail","hentry","category-portada-2","category-sociedad","tag-vacunacion"],"acf":[],"yoast_head":"<!-- This site is optimized with the Yoast SEO plugin v27.5 - https:\/\/yoast.com\/product\/yoast-seo-wordpress\/ -->\n<title>Con una mujer de 90 a\u00f1os, Argentina lleg\u00f3 al mill\u00f3n de vacunados contra el coronavirus - Diario Textual<\/title>\n<meta name=\"robots\" content=\"index, follow, max-snippet:-1, max-image-preview:large, max-video-preview:-1\" \/>\n<link rel=\"canonical\" href=\"https:\/\/diariotextual.com\/inicio\/index.php\/2021\/02\/27\/con-una-mujer-de-90-anos-argentina-llego-al-millon-de-vacunados-contra-el-coronavirus\/\" \/>\n<meta property=\"og:locale\" content=\"es_ES\" \/>\n<meta property=\"og:type\" content=\"article\" \/>\n<meta property=\"og:title\" content=\"Con una mujer de 90 a\u00f1os, Argentina lleg\u00f3 al mill\u00f3n de vacunados contra el coronavirus - Diario Textual\" \/>\n<meta property=\"og:description\" content=\"Elsa N\u00e9lida Alonso, una mujer de 90 a\u00f1os, de la localidad bonaerense de&nbsp;Ca\u00f1uelas, se transform\u00f3 esta tarde en la persona 1.000.000 en recibir una vacuna como parte del Plan Estrat\u00e9gico&hellip;\" \/>\n<meta property=\"og:url\" content=\"https:\/\/diariotextual.com\/inicio\/index.php\/2021\/02\/27\/con-una-mujer-de-90-anos-argentina-llego-al-millon-de-vacunados-contra-el-coronavirus\/\" \/>\n<meta property=\"og:site_name\" content=\"Diario Textual\" \/>\n<meta property=\"article:publisher\" content=\"https:\/\/www.facebook.com\/eltextual\" \/>\n<meta property=\"article:published_time\" content=\"2021-02-28T00:18:16+00:00\" \/>\n<meta property=\"article:modified_time\" content=\"2021-02-28T21:01:04+00:00\" \/>\n<meta property=\"og:image\" content=\"https:\/\/diariotextual.com\/inicio\/wp-content\/uploads\/2021\/02\/vacunacionmillonargentina2021-1.jpg\" \/>\n\t<meta property=\"og:image:width\" content=\"538\" \/>\n\t<meta property=\"og:image:height\" content=\"348\" \/>\n\t<meta property=\"og:image:type\" content=\"image\/jpeg\" \/>\n<meta name=\"author\" content=\"Diario1 Diario1\" \/>\n<meta name=\"twitter:card\" content=\"summary_large_image\" \/>\n<meta name=\"twitter:creator\" content=\"@eltextual\" \/>\n<meta name=\"twitter:site\" content=\"@eltextual\" \/>\n<meta name=\"twitter:label1\" content=\"Escrito por\" \/>\n\t<meta name=\"twitter:data1\" content=\"Diario1 Diario1\" \/>\n\t<meta name=\"twitter:label2\" content=\"Tiempo de lectura\" \/>\n\t<meta name=\"twitter:data2\" content=\"2 minutos\" \/>\n<script type=\"application\/ld+json\" class=\"yoast-schema-graph\">{\"@context\":\"https:\\\/\\\/schema.org\",\"@graph\":[{\"@type\":\"Article\",\"@id\":\"https:\\\/\\\/diariotextual.com\\\/inicio\\\/index.php\\\/2021\\\/02\\\/27\\\/con-una-mujer-de-90-anos-argentina-llego-al-millon-de-vacunados-contra-el-coronavirus\\\/#article\",\"isPartOf\":{\"@id\":\"https:\\\/\\\/diariotextual.com\\\/inicio\\\/index.php\\\/2021\\\/02\\\/27\\\/con-una-mujer-de-90-anos-argentina-llego-al-millon-de-vacunados-contra-el-coronavirus\\\/\"},\"author\":{\"name\":\"Diario1 Diario1\",\"@id\":\"https:\\\/\\\/diariotextual.com\\\/inicio\\\/#\\\/schema\\\/person\\\/418fc4093c33e86ed41562db3508f958\"},\"headline\":\"Con una mujer de 90 a\u00f1os, Argentina lleg\u00f3 al mill\u00f3n de vacunados contra el coronavirus\",\"datePublished\":\"2021-02-28T00:18:16+00:00\",\"dateModified\":\"2021-02-28T21:01:04+00:00\",\"mainEntityOfPage\":{\"@id\":\"https:\\\/\\\/diariotextual.com\\\/inicio\\\/index.php\\\/2021\\\/02\\\/27\\\/con-una-mujer-de-90-anos-argentina-llego-al-millon-de-vacunados-contra-el-coronavirus\\\/\"},\"wordCount\":331,\"publisher\":{\"@id\":\"https:\\\/\\\/diariotextual.com\\\/inicio\\\/#organization\"},\"image\":{\"@id\":\"https:\\\/\\\/diariotextual.com\\\/inicio\\\/index.php\\\/2021\\\/02\\\/27\\\/con-una-mujer-de-90-anos-argentina-llego-al-millon-de-vacunados-contra-el-coronavirus\\\/#primaryimage\"},\"thumbnailUrl\":\"https:\\\/\\\/diariotextual.com\\\/inicio\\\/wp-content\\\/uploads\\\/2021\\\/02\\\/vacunacionmillonargentina2021-1.jpg\",\"keywords\":[\"vacunaci\u00f3n\"],\"articleSection\":[\"A - PORTADA2\",\"SOCIEDAD\"],\"inLanguage\":\"es\"},{\"@type\":\"WebPage\",\"@id\":\"https:\\\/\\\/diariotextual.com\\\/inicio\\\/index.php\\\/2021\\\/02\\\/27\\\/con-una-mujer-de-90-anos-argentina-llego-al-millon-de-vacunados-contra-el-coronavirus\\\/\",\"url\":\"https:\\\/\\\/diariotextual.com\\\/inicio\\\/index.php\\\/2021\\\/02\\\/27\\\/con-una-mujer-de-90-anos-argentina-llego-al-millon-de-vacunados-contra-el-coronavirus\\\/\",\"name\":\"Con una mujer de 90 a\u00f1os, Argentina lleg\u00f3 al mill\u00f3n de vacunados contra el coronavirus - Diario Textual\",\"isPartOf\":{\"@id\":\"https:\\\/\\\/diariotextual.com\\\/inicio\\\/#website\"},\"primaryImageOfPage\":{\"@id\":\"https:\\\/\\\/diariotextual.com\\\/inicio\\\/index.php\\\/2021\\\/02\\\/27\\\/con-una-mujer-de-90-anos-argentina-llego-al-millon-de-vacunados-contra-el-coronavirus\\\/#primaryimage\"},\"image\":{\"@id\":\"https:\\\/\\\/diariotextual.com\\\/inicio\\\/index.php\\\/2021\\\/02\\\/27\\\/con-una-mujer-de-90-anos-argentina-llego-al-millon-de-vacunados-contra-el-coronavirus\\\/#primaryimage\"},\"thumbnailUrl\":\"https:\\\/\\\/diariotextual.com\\\/inicio\\\/wp-content\\\/uploads\\\/2021\\\/02\\\/vacunacionmillonargentina2021-1.jpg\",\"datePublished\":\"2021-02-28T00:18:16+00:00\",\"dateModified\":\"2021-02-28T21:01:04+00:00\",\"breadcrumb\":{\"@id\":\"https:\\\/\\\/diariotextual.com\\\/inicio\\\/index.php\\\/2021\\\/02\\\/27\\\/con-una-mujer-de-90-anos-argentina-llego-al-millon-de-vacunados-contra-el-coronavirus\\\/#breadcrumb\"},\"inLanguage\":\"es\",\"potentialAction\":[{\"@type\":\"ReadAction\",\"target\":[\"https:\\\/\\\/diariotextual.com\\\/inicio\\\/index.php\\\/2021\\\/02\\\/27\\\/con-una-mujer-de-90-anos-argentina-llego-al-millon-de-vacunados-contra-el-coronavirus\\\/\"]}]},{\"@type\":\"ImageObject\",\"inLanguage\":\"es\",\"@id\":\"https:\\\/\\\/diariotextual.com\\\/inicio\\\/index.php\\\/2021\\\/02\\\/27\\\/con-una-mujer-de-90-anos-argentina-llego-al-millon-de-vacunados-contra-el-coronavirus\\\/#primaryimage\",\"url\":\"https:\\\/\\\/diariotextual.com\\\/inicio\\\/wp-content\\\/uploads\\\/2021\\\/02\\\/vacunacionmillonargentina2021-1.jpg\",\"contentUrl\":\"https:\\\/\\\/diariotextual.com\\\/inicio\\\/wp-content\\\/uploads\\\/2021\\\/02\\\/vacunacionmillonargentina2021-1.jpg\",\"width\":538,\"height\":348},{\"@type\":\"BreadcrumbList\",\"@id\":\"https:\\\/\\\/diariotextual.com\\\/inicio\\\/index.php\\\/2021\\\/02\\\/27\\\/con-una-mujer-de-90-anos-argentina-llego-al-millon-de-vacunados-contra-el-coronavirus\\\/#breadcrumb\",\"itemListElement\":[{\"@type\":\"ListItem\",\"position\":1,\"name\":\"Portada\",\"item\":\"https:\\\/\\\/diariotextual.com\\\/inicio\\\/\"},{\"@type\":\"ListItem\",\"position\":2,\"name\":\"Con una mujer de 90 a\u00f1os, Argentina lleg\u00f3 al mill\u00f3n de vacunados contra el coronavirus\"}]},{\"@type\":\"WebSite\",\"@id\":\"https:\\\/\\\/diariotextual.com\\\/inicio\\\/#website\",\"url\":\"https:\\\/\\\/diariotextual.com\\\/inicio\\\/\",\"name\":\"Diario Textual\",\"description\":\"\",\"publisher\":{\"@id\":\"https:\\\/\\\/diariotextual.com\\\/inicio\\\/#organization\"},\"potentialAction\":[{\"@type\":\"SearchAction\",\"target\":{\"@type\":\"EntryPoint\",\"urlTemplate\":\"https:\\\/\\\/diariotextual.com\\\/inicio\\\/?s={search_term_string}\"},\"query-input\":{\"@type\":\"PropertyValueSpecification\",\"valueRequired\":true,\"valueName\":\"search_term_string\"}}],\"inLanguage\":\"es\"},{\"@type\":\"Organization\",\"@id\":\"https:\\\/\\\/diariotextual.com\\\/inicio\\\/#organization\",\"name\":\"Diario Textual\",\"url\":\"https:\\\/\\\/diariotextual.com\\\/inicio\\\/\",\"logo\":{\"@type\":\"ImageObject\",\"inLanguage\":\"es\",\"@id\":\"https:\\\/\\\/diariotextual.com\\\/inicio\\\/#\\\/schema\\\/logo\\\/image\\\/\",\"url\":\"https:\\\/\\\/diariotextual.com\\\/inicio\\\/wp-content\\\/uploads\\\/2023\\\/05\\\/logotextual1.jpg\",\"contentUrl\":\"https:\\\/\\\/diariotextual.com\\\/inicio\\\/wp-content\\\/uploads\\\/2023\\\/05\\\/logotextual1.jpg\",\"width\":516,\"height\":76,\"caption\":\"Diario Textual\"},\"image\":{\"@id\":\"https:\\\/\\\/diariotextual.com\\\/inicio\\\/#\\\/schema\\\/logo\\\/image\\\/\"},\"sameAs\":[\"https:\\\/\\\/www.facebook.com\\\/eltextual\",\"https:\\\/\\\/x.com\\\/eltextual\",\"http:\\\/\\\/www.instagram.com\\\/eltextual\"]},{\"@type\":\"Person\",\"@id\":\"https:\\\/\\\/diariotextual.com\\\/inicio\\\/#\\\/schema\\\/person\\\/418fc4093c33e86ed41562db3508f958\",\"name\":\"Diario1 Diario1\",\"image\":{\"@type\":\"ImageObject\",\"inLanguage\":\"es\",\"@id\":\"https:\\\/\\\/secure.gravatar.com\\\/avatar\\\/9167d280179c85bc18be67aa7eda765854300033af4896dd779b608640f2ef7a?s=96&d=mm&r=g\",\"url\":\"https:\\\/\\\/secure.gravatar.com\\\/avatar\\\/9167d280179c85bc18be67aa7eda765854300033af4896dd779b608640f2ef7a?s=96&d=mm&r=g\",\"contentUrl\":\"https:\\\/\\\/secure.gravatar.com\\\/avatar\\\/9167d280179c85bc18be67aa7eda765854300033af4896dd779b608640f2ef7a?s=96&d=mm&r=g\",\"caption\":\"Diario1 Diario1\"},\"url\":\"https:\\\/\\\/diariotextual.com\\\/inicio\\\/index.php\\\/author\\\/diario1\\\/\"}]}<\/script>\n<!-- \/ Yoast SEO plugin. -->","yoast_head_json":{"title":"Con una mujer de 90 a\u00f1os, Argentina lleg\u00f3 al mill\u00f3n de vacunados contra el coronavirus - Diario Textual","robots":{"index":"index","follow":"follow","max-snippet":"max-snippet:-1","max-image-preview":"max-image-preview:large","max-video-preview":"max-video-preview:-1"},"canonical":"https:\/\/diariotextual.com\/inicio\/index.php\/2021\/02\/27\/con-una-mujer-de-90-anos-argentina-llego-al-millon-de-vacunados-contra-el-coronavirus\/","og_locale":"es_ES","og_type":"article","og_title":"Con una mujer de 90 a\u00f1os, Argentina lleg\u00f3 al mill\u00f3n de vacunados contra el coronavirus - Diario Textual","og_description":"Elsa N\u00e9lida Alonso, una mujer de 90 a\u00f1os, de la localidad bonaerense de&nbsp;Ca\u00f1uelas, se transform\u00f3 esta tarde en la persona 1.000.000 en recibir una vacuna como parte del Plan Estrat\u00e9gico&hellip;","og_url":"https:\/\/diariotextual.com\/inicio\/index.php\/2021\/02\/27\/con-una-mujer-de-90-anos-argentina-llego-al-millon-de-vacunados-contra-el-coronavirus\/","og_site_name":"Diario Textual","article_publisher":"https:\/\/www.facebook.com\/eltextual","article_published_time":"2021-02-28T00:18:16+00:00","article_modified_time":"2021-02-28T21:01:04+00:00","og_image":[{"width":538,"height":348,"url":"https:\/\/diariotextual.com\/inicio\/wp-content\/uploads\/2021\/02\/vacunacionmillonargentina2021-1.jpg","type":"image\/jpeg"}],"author":"Diario1 Diario1","twitter_card":"summary_large_image","twitter_creator":"@eltextual","twitter_site":"@eltextual","twitter_misc":{"Escrito por":"Diario1 Diario1","Tiempo de lectura":"2 minutos"},"schema":{"@context":"https:\/\/schema.org","@graph":[{"@type":"Article","@id":"https:\/\/diariotextual.com\/inicio\/index.php\/2021\/02\/27\/con-una-mujer-de-90-anos-argentina-llego-al-millon-de-vacunados-contra-el-coronavirus\/#article","isPartOf":{"@id":"https:\/\/diariotextual.com\/inicio\/index.php\/2021\/02\/27\/con-una-mujer-de-90-anos-argentina-llego-al-millon-de-vacunados-contra-el-coronavirus\/"},"author":{"name":"Diario1 Diario1","@id":"https:\/\/diariotextual.com\/inicio\/#\/schema\/person\/418fc4093c33e86ed41562db3508f958"},"headline":"Con una mujer de 90 a\u00f1os, Argentina lleg\u00f3 al mill\u00f3n de vacunados contra el coronavirus","datePublished":"2021-02-28T00:18:16+00:00","dateModified":"2021-02-28T21:01:04+00:00","mainEntityOfPage":{"@id":"https:\/\/diariotextual.com\/inicio\/index.php\/2021\/02\/27\/con-una-mujer-de-90-anos-argentina-llego-al-millon-de-vacunados-contra-el-coronavirus\/"},"wordCount":331,"publisher":{"@id":"https:\/\/diariotextual.com\/inicio\/#organization"},"image":{"@id":"https:\/\/diariotextual.com\/inicio\/index.php\/2021\/02\/27\/con-una-mujer-de-90-anos-argentina-llego-al-millon-de-vacunados-contra-el-coronavirus\/#primaryimage"},"thumbnailUrl":"https:\/\/diariotextual.com\/inicio\/wp-content\/uploads\/2021\/02\/vacunacionmillonargentina2021-1.jpg","keywords":["vacunaci\u00f3n"],"articleSection":["A - PORTADA2","SOCIEDAD"],"inLanguage":"es"},{"@type":"WebPage","@id":"https:\/\/diariotextual.com\/inicio\/index.php\/2021\/02\/27\/con-una-mujer-de-90-anos-argentina-llego-al-millon-de-vacunados-contra-el-coronavirus\/","url":"https:\/\/diariotextual.com\/inicio\/index.php\/2021\/02\/27\/con-una-mujer-de-90-anos-argentina-llego-al-millon-de-vacunados-contra-el-coronavirus\/","name":"Con una mujer de 90 a\u00f1os, Argentina lleg\u00f3 al mill\u00f3n de vacunados contra el coronavirus - Diario Textual","isPartOf":{"@id":"https:\/\/diariotextual.com\/inicio\/#website"},"primaryImageOfPage":{"@id":"https:\/\/diariotextual.com\/inicio\/index.php\/2021\/02\/27\/con-una-mujer-de-90-anos-argentina-llego-al-millon-de-vacunados-contra-el-coronavirus\/#primaryimage"},"image":{"@id":"https:\/\/diariotextual.com\/inicio\/index.php\/2021\/02\/27\/con-una-mujer-de-90-anos-argentina-llego-al-millon-de-vacunados-contra-el-coronavirus\/#primaryimage"},"thumbnailUrl":"https:\/\/diariotextual.com\/inicio\/wp-content\/uploads\/2021\/02\/vacunacionmillonargentina2021-1.jpg","datePublished":"2021-02-28T00:18:16+00:00","dateModified":"2021-02-28T21:01:04+00:00","breadcrumb":{"@id":"https:\/\/diariotextual.com\/inicio\/index.php\/2021\/02\/27\/con-una-mujer-de-90-anos-argentina-llego-al-millon-de-vacunados-contra-el-coronavirus\/#breadcrumb"},"inLanguage":"es","potentialAction":[{"@type":"ReadAction","target":["https:\/\/diariotextual.com\/inicio\/index.php\/2021\/02\/27\/con-una-mujer-de-90-anos-argentina-llego-al-millon-de-vacunados-contra-el-coronavirus\/"]}]},{"@type":"ImageObject","inLanguage":"es","@id":"https:\/\/diariotextual.com\/inicio\/index.php\/2021\/02\/27\/con-una-mujer-de-90-anos-argentina-llego-al-millon-de-vacunados-contra-el-coronavirus\/#primaryimage","url":"https:\/\/diariotextual.com\/inicio\/wp-content\/uploads\/2021\/02\/vacunacionmillonargentina2021-1.jpg","contentUrl":"https:\/\/diariotextual.com\/inicio\/wp-content\/uploads\/2021\/02\/vacunacionmillonargentina2021-1.jpg","width":538,"height":348},{"@type":"BreadcrumbList","@id":"https:\/\/diariotextual.com\/inicio\/index.php\/2021\/02\/27\/con-una-mujer-de-90-anos-argentina-llego-al-millon-de-vacunados-contra-el-coronavirus\/#breadcrumb","itemListElement":[{"@type":"ListItem","position":1,"name":"Portada","item":"https:\/\/diariotextual.com\/inicio\/"},{"@type":"ListItem","position":2,"name":"Con una mujer de 90 a\u00f1os, Argentina lleg\u00f3 al mill\u00f3n de vacunados contra el coronavirus"}]},{"@type":"WebSite","@id":"https:\/\/diariotextual.com\/inicio\/#website","url":"https:\/\/diariotextual.com\/inicio\/","name":"Diario Textual","description":"","publisher":{"@id":"https:\/\/diariotextual.com\/inicio\/#organization"},"potentialAction":[{"@type":"SearchAction","target":{"@type":"EntryPoint","urlTemplate":"https:\/\/diariotextual.com\/inicio\/?s={search_term_string}"},"query-input":{"@type":"PropertyValueSpecification","valueRequired":true,"valueName":"search_term_string"}}],"inLanguage":"es"},{"@type":"Organization","@id":"https:\/\/diariotextual.com\/inicio\/#organization","name":"Diario Textual","url":"https:\/\/diariotextual.com\/inicio\/","logo":{"@type":"ImageObject","inLanguage":"es","@id":"https:\/\/diariotextual.com\/inicio\/#\/schema\/logo\/image\/","url":"https:\/\/diariotextual.com\/inicio\/wp-content\/uploads\/2023\/05\/logotextual1.jpg","contentUrl":"https:\/\/diariotextual.com\/inicio\/wp-content\/uploads\/2023\/05\/logotextual1.jpg","width":516,"height":76,"caption":"Diario Textual"},"image":{"@id":"https:\/\/diariotextual.com\/inicio\/#\/schema\/logo\/image\/"},"sameAs":["https:\/\/www.facebook.com\/eltextual","https:\/\/x.com\/eltextual","http:\/\/www.instagram.com\/eltextual"]},{"@type":"Person","@id":"https:\/\/diariotextual.com\/inicio\/#\/schema\/person\/418fc4093c33e86ed41562db3508f958","name":"Diario1 Diario1","image":{"@type":"ImageObject","inLanguage":"es","@id":"https:\/\/secure.gravatar.com\/avatar\/9167d280179c85bc18be67aa7eda765854300033af4896dd779b608640f2ef7a?s=96&d=mm&r=g","url":"https:\/\/secure.gravatar.com\/avatar\/9167d280179c85bc18be67aa7eda765854300033af4896dd779b608640f2ef7a?s=96&d=mm&r=g","contentUrl":"https:\/\/secure.gravatar.com\/avatar\/9167d280179c85bc18be67aa7eda765854300033af4896dd779b608640f2ef7a?s=96&d=mm&r=g","caption":"Diario1 Diario1"},"url":"https:\/\/diariotextual.com\/inicio\/index.php\/author\/diario1\/"}]}},"_links":{"self":[{"href":"https:\/\/diariotextual.com\/inicio\/index.php\/wp-json\/wp\/v2\/posts\/135308","targetHints":{"allow":["GET"]}}],"collection":[{"href":"https:\/\/diariotextual.com\/inicio\/index.php\/wp-json\/wp\/v2\/posts"}],"about":[{"href":"https:\/\/diariotextual.com\/inicio\/index.php\/wp-json\/wp\/v2\/types\/post"}],"author":[{"embeddable":true,"href":"https:\/\/diariotextual.com\/inicio\/index.php\/wp-json\/wp\/v2\/users\/3"}],"replies":[{"embeddable":true,"href":"https:\/\/diariotextual.com\/inicio\/index.php\/wp-json\/wp\/v2\/comments?post=135308"}],"version-history":[{"count":2,"href":"https:\/\/diariotextual.com\/inicio\/index.php\/wp-json\/wp\/v2\/posts\/135308\/revisions"}],"predecessor-version":[{"id":135312,"href":"https:\/\/diariotextual.com\/inicio\/index.php\/wp-json\/wp\/v2\/posts\/135308\/revisions\/135312"}],"wp:featuredmedia":[{"embeddable":true,"href":"https:\/\/diariotextual.com\/inicio\/index.php\/wp-json\/wp\/v2\/media\/135313"}],"wp:attachment":[{"href":"https:\/\/diariotextual.com\/inicio\/index.php\/wp-json\/wp\/v2\/media?parent=135308"}],"wp:term":[{"taxonomy":"category","embeddable":true,"href":"https:\/\/diariotextual.com\/inicio\/index.php\/wp-json\/wp\/v2\/categories?post=135308"},{"taxonomy":"post_tag","embeddable":true,"href":"https:\/\/diariotextual.com\/inicio\/index.php\/wp-json\/wp\/v2\/tags?post=135308"}],"curies":[{"name":"wp","href":"https:\/\/api.w.org\/{rel}","templated":true}]}}