{"id":13535,"date":"2018-07-13T11:09:54","date_gmt":"2018-07-13T14:09:54","guid":{"rendered":"http:\/\/diariotextual.com\/inicio\/?p=13535"},"modified":"2018-07-13T16:25:47","modified_gmt":"2018-07-13T19:25:47","slug":"telefono-verna-san-juan-licita-la-represa-tambolar","status":"publish","type":"post","link":"https:\/\/diariotextual.com\/inicio\/index.php\/2018\/07\/13\/telefono-verna-san-juan-licita-la-represa-tambolar\/","title":{"rendered":"Tel\u00e9fono para Verna: San Juan licita la represa El Tambolar"},"content":{"rendered":"<p>El gobernador de San Juan,<strong> Sergio U\u00f1ac<\/strong>, anunci\u00f3 que<strong> este lunes 16 de julio se habilitar\u00e1 el proceso de licitaci\u00f3n de El Tambolar<\/strong>. <strong>Es otra represa que perjudica a La Pampa<\/strong>: si se concreta, mermar\u00e1 a\u00fan m\u00e1s el caudal de nuestro r\u00edo Salado.<\/p>\n<p><!--more-->Esta obra es fuertemente cuestionada por el Gobierno pampeano, al igual que la de Portezuelo del Viento (Mendoza). <strong>En 2016 y 2017, el gobernador Carlos Verna hizo sendas presentaciones en la Corte Suprema de Justicia de la Naci\u00f3n ante la posibilidad de que se avanzara con El Tambolar.<\/strong><\/p>\n<p>El junio de 2016, La Pampa pidi\u00f3, a trav\u00e9s de un amparo, que la CSJN ordene al Estado Nacional a convocar e integrar, juntamente con las provincias de La Rioja, San Juan, Mendoza, San Luis, Rio Negro, Buenos Aires y La Pampa, el Comit\u00e9 de Cuenca H\u00eddrica del Desaguadero \u2013 Salado \u2013 Chalideuv\u00fa \u2013 Curac\u00f3 \u2013 Colorado, tal como lo estatuyen los art\u00edculos 4\u00ba y 6\u00ba de la Ley 25688, de gesti\u00f3n ambiental de aguas.<\/p>\n<p>Posteriormente, en mayo de 2017, la Provincia ampli\u00f3 el objeto de la demanda: solicit\u00f3 a la Corte Suprema que sea el mismo tribunal quien ordene la conformaci\u00f3n y puesta en funcionamiento del Comit\u00e9 de Cuenca. \u201cEn dicha oportunidad, tambi\u00e9n solicitamos la ampliaci\u00f3n de los sujetos demandados, incorporando, adem\u00e1s de la Naci\u00f3n, a las provincias de Mendoza, San Juan, R\u00edo Negro, Neuqu\u00e9n, La Rioja, San Luis y Buenos Aires\u201d, dijo en su momento el procurado Hern\u00e1n P\u00e9rez Araujo.<\/p>\n<p>Ahora, desde San Juan, se inform\u00f3 que durante las \u00faltimas horas quedaron establecidos los instrumentos necesarios que se vinculan con la adaptaci\u00f3n y ampliaci\u00f3n del fideicomiso que va a administrar el proyecto, como tambi\u00e9n todo lo relacionado al financiamiento del mismo, dijo el mandatario cuyano.<\/p>\n<p>&nbsp;<\/p>\n<blockquote class=\"twitter-tweet\" data-lang=\"es\">\n<p dir=\"ltr\" lang=\"es\">EL LUNES PR\u00d3XIMO LICITAMOS <a href=\"https:\/\/twitter.com\/hashtag\/TAMBOLAR?src=hash&amp;ref_src=twsrc%5Etfw\">#TAMBOLAR<\/a>! Esta obra de USD 750 millones adem\u00e1s de permitirnos generar m\u00e1s energ\u00eda, turismo y ampliar nuestra frontera productiva, crear\u00e1 m\u00e1s de mil nuevos empleos en <a href=\"https:\/\/twitter.com\/hashtag\/SanJuan?src=hash&amp;ref_src=twsrc%5Etfw\">#SanJuan<\/a>! <a href=\"https:\/\/twitter.com\/hashtag\/ObrasSJ?src=hash&amp;ref_src=twsrc%5Etfw\">#ObrasSJ<\/a> <a href=\"https:\/\/twitter.com\/mauriciomacri?ref_src=twsrc%5Etfw\">@mauriciomacri<\/a> <a href=\"https:\/\/twitter.com\/frigeriorogelio?ref_src=twsrc%5Etfw\">@frigeriorogelio<\/a> <a href=\"https:\/\/twitter.com\/JavierJiguacel?ref_src=twsrc%5Etfw\">@JavierJiguacel<\/a> <a href=\"https:\/\/twitter.com\/pberecia?ref_src=twsrc%5Etfw\">@pberecia<\/a> <a href=\"https:\/\/t.co\/2GTYRKYydg\">pic.twitter.com\/2GTYRKYydg<\/a><\/p>\n<p>\u2014 Sergio U\u00f1ac (@sergiounac) <a href=\"https:\/\/twitter.com\/sergiounac\/status\/1017541994707652609?ref_src=twsrc%5Etfw\">12 de julio de 2018<\/a><\/p><\/blockquote>\n<p><script async src=\"https:\/\/platform.twitter.com\/widgets.js\" charset=\"utf-8\"><\/script><\/p>\n<p>\u201cUn proyecto por el que trabajamos mucho se materializa: ya est\u00e1 todo listo para publicar el pr\u00f3ximo lunes la licitaci\u00f3n internacional del dique Tambolar. Es una obra para todos los sanjuaninos\u201d, escribi\u00f3 U\u00f1ac.<\/p>\n<p>\u00abEsta obra de USD 750 millones adem\u00e1s de permitirnos generar m\u00e1s energ\u00eda, turismo y ampliar nuestra frontera productiva, crear\u00e1 m\u00e1s de 1000 nuevos empleos en nuestra provincia\u201d, dijo.<\/p>\n<p>Adem\u00e1s, agradeci\u00f3 por el apoyo al presidente Mauricio Macri, a los ministros del Interior, Rogelio Frigerio; y de Energ\u00eda, Javier Iguacel; al secretario de Infraestructura y Pol\u00edtica H\u00eddrica, Pablo Bereciart\u00faa; y a las autoridades de CAMESA y EBISA; como tambi\u00e9n del EPSE San Juan para la concreci\u00f3n de este proyecto.<\/p>\n<p>&nbsp;<\/p>\n<p>&nbsp;<\/p>\n<p>&nbsp;<\/p>\n<p>&nbsp;<\/p>\n","protected":false},"excerpt":{"rendered":"<p>El gobernador de San Juan, Sergio U\u00f1ac, anunci\u00f3 que este lunes 16 de julio se habilitar\u00e1 el proceso de licitaci\u00f3n de El Tambolar. Es otra represa que perjudica a La&hellip;<\/p>\n","protected":false},"author":3,"featured_media":13540,"comment_status":"closed","ping_status":"open","sticky":false,"template":"","format":"standard","meta":{"_acf_changed":false,"footnotes":""},"categories":[4,8],"tags":[25,544,543,542,19],"class_list":["post-13535","post","type-post","status-publish","format-standard","has-post-thumbnail","hentry","category-destacadas","category-politica","tag-pampa","tag-salado","tag-tambolar","tag-unac","tag-verna"],"acf":[],"yoast_head":"<!-- This site is optimized with the Yoast SEO plugin v27.5 - https:\/\/yoast.com\/product\/yoast-seo-wordpress\/ -->\n<title>Tel\u00e9fono para Verna: San Juan licita la represa El Tambolar - Diario Textual<\/title>\n<meta name=\"robots\" content=\"index, follow, max-snippet:-1, max-image-preview:large, max-video-preview:-1\" \/>\n<link rel=\"canonical\" href=\"https:\/\/diariotextual.com\/inicio\/index.php\/2018\/07\/13\/telefono-verna-san-juan-licita-la-represa-tambolar\/\" \/>\n<meta property=\"og:locale\" content=\"es_ES\" \/>\n<meta property=\"og:type\" content=\"article\" \/>\n<meta property=\"og:title\" content=\"Tel\u00e9fono para Verna: San Juan licita la represa El Tambolar - Diario Textual\" \/>\n<meta property=\"og:description\" content=\"El gobernador de San Juan, Sergio U\u00f1ac, anunci\u00f3 que este lunes 16 de julio se habilitar\u00e1 el proceso de licitaci\u00f3n de El Tambolar. Es otra represa que perjudica a La&hellip;\" \/>\n<meta property=\"og:url\" content=\"https:\/\/diariotextual.com\/inicio\/index.php\/2018\/07\/13\/telefono-verna-san-juan-licita-la-represa-tambolar\/\" \/>\n<meta property=\"og:site_name\" content=\"Diario Textual\" \/>\n<meta property=\"article:publisher\" content=\"https:\/\/www.facebook.com\/eltextual\" \/>\n<meta property=\"article:published_time\" content=\"2018-07-13T14:09:54+00:00\" \/>\n<meta property=\"article:modified_time\" content=\"2018-07-13T19:25:47+00:00\" \/>\n<meta property=\"og:image\" content=\"https:\/\/diariotextual.com\/inicio\/wp-content\/uploads\/2018\/07\/vernacarlos333333.jpg\" \/>\n\t<meta property=\"og:image:width\" content=\"471\" \/>\n\t<meta property=\"og:image:height\" content=\"315\" \/>\n\t<meta property=\"og:image:type\" content=\"image\/jpeg\" \/>\n<meta name=\"author\" content=\"Diario1 Diario1\" \/>\n<meta name=\"twitter:card\" content=\"summary_large_image\" \/>\n<meta name=\"twitter:creator\" content=\"@eltextual\" \/>\n<meta name=\"twitter:site\" content=\"@eltextual\" \/>\n<meta name=\"twitter:label1\" content=\"Escrito por\" \/>\n\t<meta name=\"twitter:data1\" content=\"Diario1 Diario1\" \/>\n\t<meta name=\"twitter:label2\" content=\"Tiempo de lectura\" \/>\n\t<meta name=\"twitter:data2\" content=\"2 minutos\" \/>\n<script type=\"application\/ld+json\" class=\"yoast-schema-graph\">{\"@context\":\"https:\\\/\\\/schema.org\",\"@graph\":[{\"@type\":\"Article\",\"@id\":\"https:\\\/\\\/diariotextual.com\\\/inicio\\\/index.php\\\/2018\\\/07\\\/13\\\/telefono-verna-san-juan-licita-la-represa-tambolar\\\/#article\",\"isPartOf\":{\"@id\":\"https:\\\/\\\/diariotextual.com\\\/inicio\\\/index.php\\\/2018\\\/07\\\/13\\\/telefono-verna-san-juan-licita-la-represa-tambolar\\\/\"},\"author\":{\"name\":\"Diario1 Diario1\",\"@id\":\"https:\\\/\\\/diariotextual.com\\\/inicio\\\/#\\\/schema\\\/person\\\/418fc4093c33e86ed41562db3508f958\"},\"headline\":\"Tel\u00e9fono para Verna: San Juan licita la represa El Tambolar\",\"datePublished\":\"2018-07-13T14:09:54+00:00\",\"dateModified\":\"2018-07-13T19:25:47+00:00\",\"mainEntityOfPage\":{\"@id\":\"https:\\\/\\\/diariotextual.com\\\/inicio\\\/index.php\\\/2018\\\/07\\\/13\\\/telefono-verna-san-juan-licita-la-represa-tambolar\\\/\"},\"wordCount\":488,\"publisher\":{\"@id\":\"https:\\\/\\\/diariotextual.com\\\/inicio\\\/#organization\"},\"image\":{\"@id\":\"https:\\\/\\\/diariotextual.com\\\/inicio\\\/index.php\\\/2018\\\/07\\\/13\\\/telefono-verna-san-juan-licita-la-represa-tambolar\\\/#primaryimage\"},\"thumbnailUrl\":\"https:\\\/\\\/diariotextual.com\\\/inicio\\\/wp-content\\\/uploads\\\/2018\\\/07\\\/vernacarlos333333.jpg\",\"keywords\":[\"pampa\",\"salado\",\"tambolar\",\"u\u00f1ac\",\"verna\"],\"articleSection\":[\"A - DESTACADAS (mod 16)\",\"POLITICA\"],\"inLanguage\":\"es\"},{\"@type\":\"WebPage\",\"@id\":\"https:\\\/\\\/diariotextual.com\\\/inicio\\\/index.php\\\/2018\\\/07\\\/13\\\/telefono-verna-san-juan-licita-la-represa-tambolar\\\/\",\"url\":\"https:\\\/\\\/diariotextual.com\\\/inicio\\\/index.php\\\/2018\\\/07\\\/13\\\/telefono-verna-san-juan-licita-la-represa-tambolar\\\/\",\"name\":\"Tel\u00e9fono para Verna: San Juan licita la represa El Tambolar - Diario Textual\",\"isPartOf\":{\"@id\":\"https:\\\/\\\/diariotextual.com\\\/inicio\\\/#website\"},\"primaryImageOfPage\":{\"@id\":\"https:\\\/\\\/diariotextual.com\\\/inicio\\\/index.php\\\/2018\\\/07\\\/13\\\/telefono-verna-san-juan-licita-la-represa-tambolar\\\/#primaryimage\"},\"image\":{\"@id\":\"https:\\\/\\\/diariotextual.com\\\/inicio\\\/index.php\\\/2018\\\/07\\\/13\\\/telefono-verna-san-juan-licita-la-represa-tambolar\\\/#primaryimage\"},\"thumbnailUrl\":\"https:\\\/\\\/diariotextual.com\\\/inicio\\\/wp-content\\\/uploads\\\/2018\\\/07\\\/vernacarlos333333.jpg\",\"datePublished\":\"2018-07-13T14:09:54+00:00\",\"dateModified\":\"2018-07-13T19:25:47+00:00\",\"breadcrumb\":{\"@id\":\"https:\\\/\\\/diariotextual.com\\\/inicio\\\/index.php\\\/2018\\\/07\\\/13\\\/telefono-verna-san-juan-licita-la-represa-tambolar\\\/#breadcrumb\"},\"inLanguage\":\"es\",\"potentialAction\":[{\"@type\":\"ReadAction\",\"target\":[\"https:\\\/\\\/diariotextual.com\\\/inicio\\\/index.php\\\/2018\\\/07\\\/13\\\/telefono-verna-san-juan-licita-la-represa-tambolar\\\/\"]}]},{\"@type\":\"ImageObject\",\"inLanguage\":\"es\",\"@id\":\"https:\\\/\\\/diariotextual.com\\\/inicio\\\/index.php\\\/2018\\\/07\\\/13\\\/telefono-verna-san-juan-licita-la-represa-tambolar\\\/#primaryimage\",\"url\":\"https:\\\/\\\/diariotextual.com\\\/inicio\\\/wp-content\\\/uploads\\\/2018\\\/07\\\/vernacarlos333333.jpg\",\"contentUrl\":\"https:\\\/\\\/diariotextual.com\\\/inicio\\\/wp-content\\\/uploads\\\/2018\\\/07\\\/vernacarlos333333.jpg\",\"width\":471,\"height\":315},{\"@type\":\"BreadcrumbList\",\"@id\":\"https:\\\/\\\/diariotextual.com\\\/inicio\\\/index.php\\\/2018\\\/07\\\/13\\\/telefono-verna-san-juan-licita-la-represa-tambolar\\\/#breadcrumb\",\"itemListElement\":[{\"@type\":\"ListItem\",\"position\":1,\"name\":\"Portada\",\"item\":\"https:\\\/\\\/diariotextual.com\\\/inicio\\\/\"},{\"@type\":\"ListItem\",\"position\":2,\"name\":\"Tel\u00e9fono para Verna: San Juan licita la represa El Tambolar\"}]},{\"@type\":\"WebSite\",\"@id\":\"https:\\\/\\\/diariotextual.com\\\/inicio\\\/#website\",\"url\":\"https:\\\/\\\/diariotextual.com\\\/inicio\\\/\",\"name\":\"Diario Textual\",\"description\":\"\",\"publisher\":{\"@id\":\"https:\\\/\\\/diariotextual.com\\\/inicio\\\/#organization\"},\"potentialAction\":[{\"@type\":\"SearchAction\",\"target\":{\"@type\":\"EntryPoint\",\"urlTemplate\":\"https:\\\/\\\/diariotextual.com\\\/inicio\\\/?s={search_term_string}\"},\"query-input\":{\"@type\":\"PropertyValueSpecification\",\"valueRequired\":true,\"valueName\":\"search_term_string\"}}],\"inLanguage\":\"es\"},{\"@type\":\"Organization\",\"@id\":\"https:\\\/\\\/diariotextual.com\\\/inicio\\\/#organization\",\"name\":\"Diario Textual\",\"url\":\"https:\\\/\\\/diariotextual.com\\\/inicio\\\/\",\"logo\":{\"@type\":\"ImageObject\",\"inLanguage\":\"es\",\"@id\":\"https:\\\/\\\/diariotextual.com\\\/inicio\\\/#\\\/schema\\\/logo\\\/image\\\/\",\"url\":\"https:\\\/\\\/diariotextual.com\\\/inicio\\\/wp-content\\\/uploads\\\/2023\\\/05\\\/logotextual1.jpg\",\"contentUrl\":\"https:\\\/\\\/diariotextual.com\\\/inicio\\\/wp-content\\\/uploads\\\/2023\\\/05\\\/logotextual1.jpg\",\"width\":516,\"height\":76,\"caption\":\"Diario Textual\"},\"image\":{\"@id\":\"https:\\\/\\\/diariotextual.com\\\/inicio\\\/#\\\/schema\\\/logo\\\/image\\\/\"},\"sameAs\":[\"https:\\\/\\\/www.facebook.com\\\/eltextual\",\"https:\\\/\\\/x.com\\\/eltextual\",\"http:\\\/\\\/www.instagram.com\\\/eltextual\"]},{\"@type\":\"Person\",\"@id\":\"https:\\\/\\\/diariotextual.com\\\/inicio\\\/#\\\/schema\\\/person\\\/418fc4093c33e86ed41562db3508f958\",\"name\":\"Diario1 Diario1\",\"image\":{\"@type\":\"ImageObject\",\"inLanguage\":\"es\",\"@id\":\"https:\\\/\\\/secure.gravatar.com\\\/avatar\\\/9167d280179c85bc18be67aa7eda765854300033af4896dd779b608640f2ef7a?s=96&d=mm&r=g\",\"url\":\"https:\\\/\\\/secure.gravatar.com\\\/avatar\\\/9167d280179c85bc18be67aa7eda765854300033af4896dd779b608640f2ef7a?s=96&d=mm&r=g\",\"contentUrl\":\"https:\\\/\\\/secure.gravatar.com\\\/avatar\\\/9167d280179c85bc18be67aa7eda765854300033af4896dd779b608640f2ef7a?s=96&d=mm&r=g\",\"caption\":\"Diario1 Diario1\"},\"url\":\"https:\\\/\\\/diariotextual.com\\\/inicio\\\/index.php\\\/author\\\/diario1\\\/\"}]}<\/script>\n<!-- \/ Yoast SEO plugin. -->","yoast_head_json":{"title":"Tel\u00e9fono para Verna: San Juan licita la represa El Tambolar - Diario Textual","robots":{"index":"index","follow":"follow","max-snippet":"max-snippet:-1","max-image-preview":"max-image-preview:large","max-video-preview":"max-video-preview:-1"},"canonical":"https:\/\/diariotextual.com\/inicio\/index.php\/2018\/07\/13\/telefono-verna-san-juan-licita-la-represa-tambolar\/","og_locale":"es_ES","og_type":"article","og_title":"Tel\u00e9fono para Verna: San Juan licita la represa El Tambolar - Diario Textual","og_description":"El gobernador de San Juan, Sergio U\u00f1ac, anunci\u00f3 que este lunes 16 de julio se habilitar\u00e1 el proceso de licitaci\u00f3n de El Tambolar. Es otra represa que perjudica a La&hellip;","og_url":"https:\/\/diariotextual.com\/inicio\/index.php\/2018\/07\/13\/telefono-verna-san-juan-licita-la-represa-tambolar\/","og_site_name":"Diario Textual","article_publisher":"https:\/\/www.facebook.com\/eltextual","article_published_time":"2018-07-13T14:09:54+00:00","article_modified_time":"2018-07-13T19:25:47+00:00","og_image":[{"width":471,"height":315,"url":"https:\/\/diariotextual.com\/inicio\/wp-content\/uploads\/2018\/07\/vernacarlos333333.jpg","type":"image\/jpeg"}],"author":"Diario1 Diario1","twitter_card":"summary_large_image","twitter_creator":"@eltextual","twitter_site":"@eltextual","twitter_misc":{"Escrito por":"Diario1 Diario1","Tiempo de lectura":"2 minutos"},"schema":{"@context":"https:\/\/schema.org","@graph":[{"@type":"Article","@id":"https:\/\/diariotextual.com\/inicio\/index.php\/2018\/07\/13\/telefono-verna-san-juan-licita-la-represa-tambolar\/#article","isPartOf":{"@id":"https:\/\/diariotextual.com\/inicio\/index.php\/2018\/07\/13\/telefono-verna-san-juan-licita-la-represa-tambolar\/"},"author":{"name":"Diario1 Diario1","@id":"https:\/\/diariotextual.com\/inicio\/#\/schema\/person\/418fc4093c33e86ed41562db3508f958"},"headline":"Tel\u00e9fono para Verna: San Juan licita la represa El Tambolar","datePublished":"2018-07-13T14:09:54+00:00","dateModified":"2018-07-13T19:25:47+00:00","mainEntityOfPage":{"@id":"https:\/\/diariotextual.com\/inicio\/index.php\/2018\/07\/13\/telefono-verna-san-juan-licita-la-represa-tambolar\/"},"wordCount":488,"publisher":{"@id":"https:\/\/diariotextual.com\/inicio\/#organization"},"image":{"@id":"https:\/\/diariotextual.com\/inicio\/index.php\/2018\/07\/13\/telefono-verna-san-juan-licita-la-represa-tambolar\/#primaryimage"},"thumbnailUrl":"https:\/\/diariotextual.com\/inicio\/wp-content\/uploads\/2018\/07\/vernacarlos333333.jpg","keywords":["pampa","salado","tambolar","u\u00f1ac","verna"],"articleSection":["A - DESTACADAS (mod 16)","POLITICA"],"inLanguage":"es"},{"@type":"WebPage","@id":"https:\/\/diariotextual.com\/inicio\/index.php\/2018\/07\/13\/telefono-verna-san-juan-licita-la-represa-tambolar\/","url":"https:\/\/diariotextual.com\/inicio\/index.php\/2018\/07\/13\/telefono-verna-san-juan-licita-la-represa-tambolar\/","name":"Tel\u00e9fono para Verna: San Juan licita la represa El Tambolar - Diario Textual","isPartOf":{"@id":"https:\/\/diariotextual.com\/inicio\/#website"},"primaryImageOfPage":{"@id":"https:\/\/diariotextual.com\/inicio\/index.php\/2018\/07\/13\/telefono-verna-san-juan-licita-la-represa-tambolar\/#primaryimage"},"image":{"@id":"https:\/\/diariotextual.com\/inicio\/index.php\/2018\/07\/13\/telefono-verna-san-juan-licita-la-represa-tambolar\/#primaryimage"},"thumbnailUrl":"https:\/\/diariotextual.com\/inicio\/wp-content\/uploads\/2018\/07\/vernacarlos333333.jpg","datePublished":"2018-07-13T14:09:54+00:00","dateModified":"2018-07-13T19:25:47+00:00","breadcrumb":{"@id":"https:\/\/diariotextual.com\/inicio\/index.php\/2018\/07\/13\/telefono-verna-san-juan-licita-la-represa-tambolar\/#breadcrumb"},"inLanguage":"es","potentialAction":[{"@type":"ReadAction","target":["https:\/\/diariotextual.com\/inicio\/index.php\/2018\/07\/13\/telefono-verna-san-juan-licita-la-represa-tambolar\/"]}]},{"@type":"ImageObject","inLanguage":"es","@id":"https:\/\/diariotextual.com\/inicio\/index.php\/2018\/07\/13\/telefono-verna-san-juan-licita-la-represa-tambolar\/#primaryimage","url":"https:\/\/diariotextual.com\/inicio\/wp-content\/uploads\/2018\/07\/vernacarlos333333.jpg","contentUrl":"https:\/\/diariotextual.com\/inicio\/wp-content\/uploads\/2018\/07\/vernacarlos333333.jpg","width":471,"height":315},{"@type":"BreadcrumbList","@id":"https:\/\/diariotextual.com\/inicio\/index.php\/2018\/07\/13\/telefono-verna-san-juan-licita-la-represa-tambolar\/#breadcrumb","itemListElement":[{"@type":"ListItem","position":1,"name":"Portada","item":"https:\/\/diariotextual.com\/inicio\/"},{"@type":"ListItem","position":2,"name":"Tel\u00e9fono para Verna: San Juan licita la represa El Tambolar"}]},{"@type":"WebSite","@id":"https:\/\/diariotextual.com\/inicio\/#website","url":"https:\/\/diariotextual.com\/inicio\/","name":"Diario Textual","description":"","publisher":{"@id":"https:\/\/diariotextual.com\/inicio\/#organization"},"potentialAction":[{"@type":"SearchAction","target":{"@type":"EntryPoint","urlTemplate":"https:\/\/diariotextual.com\/inicio\/?s={search_term_string}"},"query-input":{"@type":"PropertyValueSpecification","valueRequired":true,"valueName":"search_term_string"}}],"inLanguage":"es"},{"@type":"Organization","@id":"https:\/\/diariotextual.com\/inicio\/#organization","name":"Diario Textual","url":"https:\/\/diariotextual.com\/inicio\/","logo":{"@type":"ImageObject","inLanguage":"es","@id":"https:\/\/diariotextual.com\/inicio\/#\/schema\/logo\/image\/","url":"https:\/\/diariotextual.com\/inicio\/wp-content\/uploads\/2023\/05\/logotextual1.jpg","contentUrl":"https:\/\/diariotextual.com\/inicio\/wp-content\/uploads\/2023\/05\/logotextual1.jpg","width":516,"height":76,"caption":"Diario Textual"},"image":{"@id":"https:\/\/diariotextual.com\/inicio\/#\/schema\/logo\/image\/"},"sameAs":["https:\/\/www.facebook.com\/eltextual","https:\/\/x.com\/eltextual","http:\/\/www.instagram.com\/eltextual"]},{"@type":"Person","@id":"https:\/\/diariotextual.com\/inicio\/#\/schema\/person\/418fc4093c33e86ed41562db3508f958","name":"Diario1 Diario1","image":{"@type":"ImageObject","inLanguage":"es","@id":"https:\/\/secure.gravatar.com\/avatar\/9167d280179c85bc18be67aa7eda765854300033af4896dd779b608640f2ef7a?s=96&d=mm&r=g","url":"https:\/\/secure.gravatar.com\/avatar\/9167d280179c85bc18be67aa7eda765854300033af4896dd779b608640f2ef7a?s=96&d=mm&r=g","contentUrl":"https:\/\/secure.gravatar.com\/avatar\/9167d280179c85bc18be67aa7eda765854300033af4896dd779b608640f2ef7a?s=96&d=mm&r=g","caption":"Diario1 Diario1"},"url":"https:\/\/diariotextual.com\/inicio\/index.php\/author\/diario1\/"}]}},"_links":{"self":[{"href":"https:\/\/diariotextual.com\/inicio\/index.php\/wp-json\/wp\/v2\/posts\/13535","targetHints":{"allow":["GET"]}}],"collection":[{"href":"https:\/\/diariotextual.com\/inicio\/index.php\/wp-json\/wp\/v2\/posts"}],"about":[{"href":"https:\/\/diariotextual.com\/inicio\/index.php\/wp-json\/wp\/v2\/types\/post"}],"author":[{"embeddable":true,"href":"https:\/\/diariotextual.com\/inicio\/index.php\/wp-json\/wp\/v2\/users\/3"}],"replies":[{"embeddable":true,"href":"https:\/\/diariotextual.com\/inicio\/index.php\/wp-json\/wp\/v2\/comments?post=13535"}],"version-history":[{"count":5,"href":"https:\/\/diariotextual.com\/inicio\/index.php\/wp-json\/wp\/v2\/posts\/13535\/revisions"}],"predecessor-version":[{"id":13546,"href":"https:\/\/diariotextual.com\/inicio\/index.php\/wp-json\/wp\/v2\/posts\/13535\/revisions\/13546"}],"wp:featuredmedia":[{"embeddable":true,"href":"https:\/\/diariotextual.com\/inicio\/index.php\/wp-json\/wp\/v2\/media\/13540"}],"wp:attachment":[{"href":"https:\/\/diariotextual.com\/inicio\/index.php\/wp-json\/wp\/v2\/media?parent=13535"}],"wp:term":[{"taxonomy":"category","embeddable":true,"href":"https:\/\/diariotextual.com\/inicio\/index.php\/wp-json\/wp\/v2\/categories?post=13535"},{"taxonomy":"post_tag","embeddable":true,"href":"https:\/\/diariotextual.com\/inicio\/index.php\/wp-json\/wp\/v2\/tags?post=13535"}],"curies":[{"name":"wp","href":"https:\/\/api.w.org\/{rel}","templated":true}]}}