{"id":135350,"date":"2021-02-28T19:15:24","date_gmt":"2021-02-28T22:15:24","guid":{"rendered":"http:\/\/diariotextual.com\/inicio\/?p=135350"},"modified":"2021-02-28T21:47:43","modified_gmt":"2021-03-01T00:47:43","slug":"el-crudo-relato-de-paula-en-pleno-centro-de-santa-rosa-acosada-y-amenazada-por-un-machito","status":"publish","type":"post","link":"https:\/\/diariotextual.com\/inicio\/index.php\/2021\/02\/28\/el-crudo-relato-de-paula-en-pleno-centro-de-santa-rosa-acosada-y-amenazada-por-un-machito\/","title":{"rendered":"El crudo relato de Paula: en pleno centro de Santa Rosa, acosada y amenazada por un \u201cmachito\u201d"},"content":{"rendered":"\n<p>Paula, una estudiante universitaria, cont\u00f3 en las redes sociales el terror que sinti\u00f3 al ser acosada y amenazada por un hombre de unos 50 a\u00f1os en la calle Hilario Lagos, en el centro de Santa Rosa. <strong>\u201cTe voy a violar y te voy a dejar tirada por ah\u00ed\u201d<\/strong>, le lleg\u00f3 a decir.<\/p>\n\n\n\n<p>Seg\u00fan cont\u00f3, otros hombres presentes en la misma calle vieron que la persegu\u00eda y la amenazaba, pero no hicieron nada. \u201cLas veredas estaban repletas de otros hombres que pudieron frenarlo pero decidieron s\u00f3lo ser espectadores\u201d, sostuvo.<\/p>\n\n\n\n<p>La joven -de quien Diario Textual se reserva su identidad- ya hizo la denuncia en la Polic\u00eda. Incluso se enter\u00f3 que otras dos mujeres sufrieron acosos y amenazas de la misma persona. Pero hasta ahora no fue identificado.<\/p>\n\n\n\n<p>Este es el relato:<\/p>\n\n\n\n<p><em>Ayer (NdeR: el s\u00e1bado 27) a las 7 de la tarde, por primera vez<strong>, me toc\u00f3 a m\u00ed ser la v\u00edctima de un machito que se crey\u00f3 que ten\u00eda el poder para hacerme lo que \u00e9l quer\u00eda<\/strong>.<\/em><\/p>\n\n\n\n<p><em>Hoy escribo esto para<strong> llamar la atenci\u00f3n de otras mujeres a las que le pueda pasar<\/strong>, porque no fue el horario (eran las siete de la tarde), el problema tampoco fue que iba caminando sola (las veredas estaban repletas de otros hombres que pudieron frenarlo pero decidieron s\u00f3lo ser espectadores), tampoco fue mi culpa \u201cque no iba atenta\u201d (porque cuando lo vi, cruc\u00e9 de vereda). <strong>El problema fue \u00fanica y exclusivamente \u00e9l<\/strong>.<\/em><\/p>\n\n\n\n<p><em><strong>Ayer estuve repitiendo \u201cpor suerte no me hizo nada\u201d, pero s\u00ed, s\u00ed me hizo. Me dej\u00f3 llena de miedo, de impotencia, me dej\u00f3 con un ataque de llanto que tuvo que frenar mi mam\u00e1 estando a kil\u00f3metros, me dej\u00f3 sin la \u00fanica plata que me quedaba<\/strong> (que es lo que menos me importa), me dej\u00f3 sintiendo asco por las cosas que dijo que iba a hacerme. <strong>Se crey\u00f3 con poder sobre m\u00ed e hizo lo que \u00e9l quiso.<\/strong><\/em><\/p>\n\n\n\n<p><em>Escribo esto porque \u201ca m\u00ed nunca me iba a pasar nada\u201d, porque \u201cno pasa nada, yo siempre ando en horarios en los que hay gente\u201d.<strong> Lo escribo porque estoy harta de que tengamos que vivir con miedo, mirando a los costados y atr\u00e1s nuestro continuamente, porque no es una exageraci\u00f3n que a cualquiera de nosotras nos puede pasar<\/strong>. Lo escribo porque es la \u00fanica forma que tengo de desahogar el enojo y el dolor que siento y que me provoca esta sociedad de mierda en la que a las mujeres nos toca morir (porque la mayor\u00eda de nosotras tenemos \u201csuerte\u201d de no estar muertas).<\/em><\/p>\n\n\n\n<p><em>Un hombre de aproximadamente 50 a\u00f1os me persigui\u00f3 ayer a las 7 pm durante tres cuadras (de Irigoyen hasta Lagos). Empez\u00f3 dici\u00e9ndome que \u201cqu\u00e9 bonita que est\u00e1s\u201d y cuando le ped\u00ed que me deje empez\u00f3 a perseguirme m\u00e1s r\u00e1pido y me gritaba cosas como \u201cte voy a violar y te voy a dejar tirada por ah\u00ed\u201d. Me afirm\u00f3 que iba a volver a agarrarme cuando me encuentre sola, me rob\u00f3 la poca plata que ten\u00eda en la billetera y se fue caminando abrazado a la seguridad de saberse impune.<\/em><\/p>\n\n\n\n<p><em>Quisiera no tener que hacerlo, pero les pido a las mujeres que frecuentan esa zona que tengan cuidado.<\/em><\/p>\n\n\n\n<p><em><strong>El hombre era de 1,70 mts, pelo negro corto, piel oscura, vest\u00eda remera corta de Boca y una bermuda, andaba solo y no fue para nada disimulado, no le import\u00f3 que est\u00e9 rodeada de gente.<\/strong><\/em><\/p>\n\n\n\n<p><em>Yo estoy bien. Solo espero que no cumpla lo que me dijo, ni conmigo ni con ninguna otra. Solo les pido que se lo compartan a mujeres que frecuenten la zona. Gracias<\/em>.<\/p>\n\n\n\n<p><\/p>\n\n\n\n<p><\/p>\n","protected":false},"excerpt":{"rendered":"<p>Paula, una estudiante universitaria, cont\u00f3 en las redes sociales el terror que sinti\u00f3 al ser acosada y amenazada por un hombre de unos 50 a\u00f1os en la calle Hilario Lagos,&hellip;<\/p>\n","protected":false},"author":3,"featured_media":35842,"comment_status":"closed","ping_status":"open","sticky":false,"template":"","format":"standard","meta":{"_acf_changed":false,"footnotes":""},"categories":[10,12],"tags":[5093],"class_list":["post-135350","post","type-post","status-publish","format-standard","has-post-thumbnail","hentry","category-portada-2","category-sociedad","tag-paula"],"acf":[],"yoast_head":"<!-- This site is optimized with the Yoast SEO plugin v27.5 - https:\/\/yoast.com\/product\/yoast-seo-wordpress\/ -->\n<title>El crudo relato de Paula: en pleno centro de Santa Rosa, acosada y amenazada por un \u201cmachito\u201d - Diario Textual<\/title>\n<meta name=\"robots\" content=\"index, follow, max-snippet:-1, max-image-preview:large, max-video-preview:-1\" \/>\n<link rel=\"canonical\" href=\"https:\/\/diariotextual.com\/inicio\/index.php\/2021\/02\/28\/el-crudo-relato-de-paula-en-pleno-centro-de-santa-rosa-acosada-y-amenazada-por-un-machito\/\" \/>\n<meta property=\"og:locale\" content=\"es_ES\" \/>\n<meta property=\"og:type\" content=\"article\" \/>\n<meta property=\"og:title\" content=\"El crudo relato de Paula: en pleno centro de Santa Rosa, acosada y amenazada por un \u201cmachito\u201d - Diario Textual\" \/>\n<meta property=\"og:description\" content=\"Paula, una estudiante universitaria, cont\u00f3 en las redes sociales el terror que sinti\u00f3 al ser acosada y amenazada por un hombre de unos 50 a\u00f1os en la calle Hilario Lagos,&hellip;\" \/>\n<meta property=\"og:url\" content=\"https:\/\/diariotextual.com\/inicio\/index.php\/2021\/02\/28\/el-crudo-relato-de-paula-en-pleno-centro-de-santa-rosa-acosada-y-amenazada-por-un-machito\/\" \/>\n<meta property=\"og:site_name\" content=\"Diario Textual\" \/>\n<meta property=\"article:publisher\" content=\"https:\/\/www.facebook.com\/eltextual\" \/>\n<meta property=\"article:published_time\" content=\"2021-02-28T22:15:24+00:00\" \/>\n<meta property=\"article:modified_time\" content=\"2021-03-01T00:47:43+00:00\" \/>\n<meta property=\"og:image\" content=\"https:\/\/diariotextual.com\/inicio\/wp-content\/uploads\/2019\/01\/niunamenostelam00000.jpg\" \/>\n\t<meta property=\"og:image:width\" content=\"2598\" \/>\n\t<meta property=\"og:image:height\" content=\"1772\" \/>\n\t<meta property=\"og:image:type\" content=\"image\/jpeg\" \/>\n<meta name=\"author\" content=\"Diario1 Diario1\" \/>\n<meta name=\"twitter:card\" content=\"summary_large_image\" \/>\n<meta name=\"twitter:creator\" content=\"@eltextual\" \/>\n<meta name=\"twitter:site\" content=\"@eltextual\" \/>\n<meta name=\"twitter:label1\" content=\"Escrito por\" \/>\n\t<meta name=\"twitter:data1\" content=\"Diario1 Diario1\" \/>\n\t<meta name=\"twitter:label2\" content=\"Tiempo de lectura\" \/>\n\t<meta name=\"twitter:data2\" content=\"3 minutos\" \/>\n<script type=\"application\/ld+json\" class=\"yoast-schema-graph\">{\"@context\":\"https:\\\/\\\/schema.org\",\"@graph\":[{\"@type\":\"Article\",\"@id\":\"https:\\\/\\\/diariotextual.com\\\/inicio\\\/index.php\\\/2021\\\/02\\\/28\\\/el-crudo-relato-de-paula-en-pleno-centro-de-santa-rosa-acosada-y-amenazada-por-un-machito\\\/#article\",\"isPartOf\":{\"@id\":\"https:\\\/\\\/diariotextual.com\\\/inicio\\\/index.php\\\/2021\\\/02\\\/28\\\/el-crudo-relato-de-paula-en-pleno-centro-de-santa-rosa-acosada-y-amenazada-por-un-machito\\\/\"},\"author\":{\"name\":\"Diario1 Diario1\",\"@id\":\"https:\\\/\\\/diariotextual.com\\\/inicio\\\/#\\\/schema\\\/person\\\/418fc4093c33e86ed41562db3508f958\"},\"headline\":\"El crudo relato de Paula: en pleno centro de Santa Rosa, acosada y amenazada por un \u201cmachito\u201d\",\"datePublished\":\"2021-02-28T22:15:24+00:00\",\"dateModified\":\"2021-03-01T00:47:43+00:00\",\"mainEntityOfPage\":{\"@id\":\"https:\\\/\\\/diariotextual.com\\\/inicio\\\/index.php\\\/2021\\\/02\\\/28\\\/el-crudo-relato-de-paula-en-pleno-centro-de-santa-rosa-acosada-y-amenazada-por-un-machito\\\/\"},\"wordCount\":628,\"publisher\":{\"@id\":\"https:\\\/\\\/diariotextual.com\\\/inicio\\\/#organization\"},\"image\":{\"@id\":\"https:\\\/\\\/diariotextual.com\\\/inicio\\\/index.php\\\/2021\\\/02\\\/28\\\/el-crudo-relato-de-paula-en-pleno-centro-de-santa-rosa-acosada-y-amenazada-por-un-machito\\\/#primaryimage\"},\"thumbnailUrl\":\"https:\\\/\\\/diariotextual.com\\\/inicio\\\/wp-content\\\/uploads\\\/2019\\\/01\\\/niunamenostelam00000.jpg\",\"keywords\":[\"paula\"],\"articleSection\":[\"A - PORTADA2\",\"SOCIEDAD\"],\"inLanguage\":\"es\"},{\"@type\":\"WebPage\",\"@id\":\"https:\\\/\\\/diariotextual.com\\\/inicio\\\/index.php\\\/2021\\\/02\\\/28\\\/el-crudo-relato-de-paula-en-pleno-centro-de-santa-rosa-acosada-y-amenazada-por-un-machito\\\/\",\"url\":\"https:\\\/\\\/diariotextual.com\\\/inicio\\\/index.php\\\/2021\\\/02\\\/28\\\/el-crudo-relato-de-paula-en-pleno-centro-de-santa-rosa-acosada-y-amenazada-por-un-machito\\\/\",\"name\":\"El crudo relato de Paula: en pleno centro de Santa Rosa, acosada y amenazada por un \u201cmachito\u201d - Diario Textual\",\"isPartOf\":{\"@id\":\"https:\\\/\\\/diariotextual.com\\\/inicio\\\/#website\"},\"primaryImageOfPage\":{\"@id\":\"https:\\\/\\\/diariotextual.com\\\/inicio\\\/index.php\\\/2021\\\/02\\\/28\\\/el-crudo-relato-de-paula-en-pleno-centro-de-santa-rosa-acosada-y-amenazada-por-un-machito\\\/#primaryimage\"},\"image\":{\"@id\":\"https:\\\/\\\/diariotextual.com\\\/inicio\\\/index.php\\\/2021\\\/02\\\/28\\\/el-crudo-relato-de-paula-en-pleno-centro-de-santa-rosa-acosada-y-amenazada-por-un-machito\\\/#primaryimage\"},\"thumbnailUrl\":\"https:\\\/\\\/diariotextual.com\\\/inicio\\\/wp-content\\\/uploads\\\/2019\\\/01\\\/niunamenostelam00000.jpg\",\"datePublished\":\"2021-02-28T22:15:24+00:00\",\"dateModified\":\"2021-03-01T00:47:43+00:00\",\"breadcrumb\":{\"@id\":\"https:\\\/\\\/diariotextual.com\\\/inicio\\\/index.php\\\/2021\\\/02\\\/28\\\/el-crudo-relato-de-paula-en-pleno-centro-de-santa-rosa-acosada-y-amenazada-por-un-machito\\\/#breadcrumb\"},\"inLanguage\":\"es\",\"potentialAction\":[{\"@type\":\"ReadAction\",\"target\":[\"https:\\\/\\\/diariotextual.com\\\/inicio\\\/index.php\\\/2021\\\/02\\\/28\\\/el-crudo-relato-de-paula-en-pleno-centro-de-santa-rosa-acosada-y-amenazada-por-un-machito\\\/\"]}]},{\"@type\":\"ImageObject\",\"inLanguage\":\"es\",\"@id\":\"https:\\\/\\\/diariotextual.com\\\/inicio\\\/index.php\\\/2021\\\/02\\\/28\\\/el-crudo-relato-de-paula-en-pleno-centro-de-santa-rosa-acosada-y-amenazada-por-un-machito\\\/#primaryimage\",\"url\":\"https:\\\/\\\/diariotextual.com\\\/inicio\\\/wp-content\\\/uploads\\\/2019\\\/01\\\/niunamenostelam00000.jpg\",\"contentUrl\":\"https:\\\/\\\/diariotextual.com\\\/inicio\\\/wp-content\\\/uploads\\\/2019\\\/01\\\/niunamenostelam00000.jpg\",\"width\":2598,\"height\":1772},{\"@type\":\"BreadcrumbList\",\"@id\":\"https:\\\/\\\/diariotextual.com\\\/inicio\\\/index.php\\\/2021\\\/02\\\/28\\\/el-crudo-relato-de-paula-en-pleno-centro-de-santa-rosa-acosada-y-amenazada-por-un-machito\\\/#breadcrumb\",\"itemListElement\":[{\"@type\":\"ListItem\",\"position\":1,\"name\":\"Portada\",\"item\":\"https:\\\/\\\/diariotextual.com\\\/inicio\\\/\"},{\"@type\":\"ListItem\",\"position\":2,\"name\":\"El crudo relato de Paula: en pleno centro de Santa Rosa, acosada y amenazada por un \u201cmachito\u201d\"}]},{\"@type\":\"WebSite\",\"@id\":\"https:\\\/\\\/diariotextual.com\\\/inicio\\\/#website\",\"url\":\"https:\\\/\\\/diariotextual.com\\\/inicio\\\/\",\"name\":\"Diario Textual\",\"description\":\"\",\"publisher\":{\"@id\":\"https:\\\/\\\/diariotextual.com\\\/inicio\\\/#organization\"},\"potentialAction\":[{\"@type\":\"SearchAction\",\"target\":{\"@type\":\"EntryPoint\",\"urlTemplate\":\"https:\\\/\\\/diariotextual.com\\\/inicio\\\/?s={search_term_string}\"},\"query-input\":{\"@type\":\"PropertyValueSpecification\",\"valueRequired\":true,\"valueName\":\"search_term_string\"}}],\"inLanguage\":\"es\"},{\"@type\":\"Organization\",\"@id\":\"https:\\\/\\\/diariotextual.com\\\/inicio\\\/#organization\",\"name\":\"Diario Textual\",\"url\":\"https:\\\/\\\/diariotextual.com\\\/inicio\\\/\",\"logo\":{\"@type\":\"ImageObject\",\"inLanguage\":\"es\",\"@id\":\"https:\\\/\\\/diariotextual.com\\\/inicio\\\/#\\\/schema\\\/logo\\\/image\\\/\",\"url\":\"https:\\\/\\\/diariotextual.com\\\/inicio\\\/wp-content\\\/uploads\\\/2023\\\/05\\\/logotextual1.jpg\",\"contentUrl\":\"https:\\\/\\\/diariotextual.com\\\/inicio\\\/wp-content\\\/uploads\\\/2023\\\/05\\\/logotextual1.jpg\",\"width\":516,\"height\":76,\"caption\":\"Diario Textual\"},\"image\":{\"@id\":\"https:\\\/\\\/diariotextual.com\\\/inicio\\\/#\\\/schema\\\/logo\\\/image\\\/\"},\"sameAs\":[\"https:\\\/\\\/www.facebook.com\\\/eltextual\",\"https:\\\/\\\/x.com\\\/eltextual\",\"http:\\\/\\\/www.instagram.com\\\/eltextual\"]},{\"@type\":\"Person\",\"@id\":\"https:\\\/\\\/diariotextual.com\\\/inicio\\\/#\\\/schema\\\/person\\\/418fc4093c33e86ed41562db3508f958\",\"name\":\"Diario1 Diario1\",\"image\":{\"@type\":\"ImageObject\",\"inLanguage\":\"es\",\"@id\":\"https:\\\/\\\/secure.gravatar.com\\\/avatar\\\/9167d280179c85bc18be67aa7eda765854300033af4896dd779b608640f2ef7a?s=96&d=mm&r=g\",\"url\":\"https:\\\/\\\/secure.gravatar.com\\\/avatar\\\/9167d280179c85bc18be67aa7eda765854300033af4896dd779b608640f2ef7a?s=96&d=mm&r=g\",\"contentUrl\":\"https:\\\/\\\/secure.gravatar.com\\\/avatar\\\/9167d280179c85bc18be67aa7eda765854300033af4896dd779b608640f2ef7a?s=96&d=mm&r=g\",\"caption\":\"Diario1 Diario1\"},\"url\":\"https:\\\/\\\/diariotextual.com\\\/inicio\\\/index.php\\\/author\\\/diario1\\\/\"}]}<\/script>\n<!-- \/ Yoast SEO plugin. -->","yoast_head_json":{"title":"El crudo relato de Paula: en pleno centro de Santa Rosa, acosada y amenazada por un \u201cmachito\u201d - Diario Textual","robots":{"index":"index","follow":"follow","max-snippet":"max-snippet:-1","max-image-preview":"max-image-preview:large","max-video-preview":"max-video-preview:-1"},"canonical":"https:\/\/diariotextual.com\/inicio\/index.php\/2021\/02\/28\/el-crudo-relato-de-paula-en-pleno-centro-de-santa-rosa-acosada-y-amenazada-por-un-machito\/","og_locale":"es_ES","og_type":"article","og_title":"El crudo relato de Paula: en pleno centro de Santa Rosa, acosada y amenazada por un \u201cmachito\u201d - Diario Textual","og_description":"Paula, una estudiante universitaria, cont\u00f3 en las redes sociales el terror que sinti\u00f3 al ser acosada y amenazada por un hombre de unos 50 a\u00f1os en la calle Hilario Lagos,&hellip;","og_url":"https:\/\/diariotextual.com\/inicio\/index.php\/2021\/02\/28\/el-crudo-relato-de-paula-en-pleno-centro-de-santa-rosa-acosada-y-amenazada-por-un-machito\/","og_site_name":"Diario Textual","article_publisher":"https:\/\/www.facebook.com\/eltextual","article_published_time":"2021-02-28T22:15:24+00:00","article_modified_time":"2021-03-01T00:47:43+00:00","og_image":[{"width":2598,"height":1772,"url":"https:\/\/diariotextual.com\/inicio\/wp-content\/uploads\/2019\/01\/niunamenostelam00000.jpg","type":"image\/jpeg"}],"author":"Diario1 Diario1","twitter_card":"summary_large_image","twitter_creator":"@eltextual","twitter_site":"@eltextual","twitter_misc":{"Escrito por":"Diario1 Diario1","Tiempo de lectura":"3 minutos"},"schema":{"@context":"https:\/\/schema.org","@graph":[{"@type":"Article","@id":"https:\/\/diariotextual.com\/inicio\/index.php\/2021\/02\/28\/el-crudo-relato-de-paula-en-pleno-centro-de-santa-rosa-acosada-y-amenazada-por-un-machito\/#article","isPartOf":{"@id":"https:\/\/diariotextual.com\/inicio\/index.php\/2021\/02\/28\/el-crudo-relato-de-paula-en-pleno-centro-de-santa-rosa-acosada-y-amenazada-por-un-machito\/"},"author":{"name":"Diario1 Diario1","@id":"https:\/\/diariotextual.com\/inicio\/#\/schema\/person\/418fc4093c33e86ed41562db3508f958"},"headline":"El crudo relato de Paula: en pleno centro de Santa Rosa, acosada y amenazada por un \u201cmachito\u201d","datePublished":"2021-02-28T22:15:24+00:00","dateModified":"2021-03-01T00:47:43+00:00","mainEntityOfPage":{"@id":"https:\/\/diariotextual.com\/inicio\/index.php\/2021\/02\/28\/el-crudo-relato-de-paula-en-pleno-centro-de-santa-rosa-acosada-y-amenazada-por-un-machito\/"},"wordCount":628,"publisher":{"@id":"https:\/\/diariotextual.com\/inicio\/#organization"},"image":{"@id":"https:\/\/diariotextual.com\/inicio\/index.php\/2021\/02\/28\/el-crudo-relato-de-paula-en-pleno-centro-de-santa-rosa-acosada-y-amenazada-por-un-machito\/#primaryimage"},"thumbnailUrl":"https:\/\/diariotextual.com\/inicio\/wp-content\/uploads\/2019\/01\/niunamenostelam00000.jpg","keywords":["paula"],"articleSection":["A - PORTADA2","SOCIEDAD"],"inLanguage":"es"},{"@type":"WebPage","@id":"https:\/\/diariotextual.com\/inicio\/index.php\/2021\/02\/28\/el-crudo-relato-de-paula-en-pleno-centro-de-santa-rosa-acosada-y-amenazada-por-un-machito\/","url":"https:\/\/diariotextual.com\/inicio\/index.php\/2021\/02\/28\/el-crudo-relato-de-paula-en-pleno-centro-de-santa-rosa-acosada-y-amenazada-por-un-machito\/","name":"El crudo relato de Paula: en pleno centro de Santa Rosa, acosada y amenazada por un \u201cmachito\u201d - Diario Textual","isPartOf":{"@id":"https:\/\/diariotextual.com\/inicio\/#website"},"primaryImageOfPage":{"@id":"https:\/\/diariotextual.com\/inicio\/index.php\/2021\/02\/28\/el-crudo-relato-de-paula-en-pleno-centro-de-santa-rosa-acosada-y-amenazada-por-un-machito\/#primaryimage"},"image":{"@id":"https:\/\/diariotextual.com\/inicio\/index.php\/2021\/02\/28\/el-crudo-relato-de-paula-en-pleno-centro-de-santa-rosa-acosada-y-amenazada-por-un-machito\/#primaryimage"},"thumbnailUrl":"https:\/\/diariotextual.com\/inicio\/wp-content\/uploads\/2019\/01\/niunamenostelam00000.jpg","datePublished":"2021-02-28T22:15:24+00:00","dateModified":"2021-03-01T00:47:43+00:00","breadcrumb":{"@id":"https:\/\/diariotextual.com\/inicio\/index.php\/2021\/02\/28\/el-crudo-relato-de-paula-en-pleno-centro-de-santa-rosa-acosada-y-amenazada-por-un-machito\/#breadcrumb"},"inLanguage":"es","potentialAction":[{"@type":"ReadAction","target":["https:\/\/diariotextual.com\/inicio\/index.php\/2021\/02\/28\/el-crudo-relato-de-paula-en-pleno-centro-de-santa-rosa-acosada-y-amenazada-por-un-machito\/"]}]},{"@type":"ImageObject","inLanguage":"es","@id":"https:\/\/diariotextual.com\/inicio\/index.php\/2021\/02\/28\/el-crudo-relato-de-paula-en-pleno-centro-de-santa-rosa-acosada-y-amenazada-por-un-machito\/#primaryimage","url":"https:\/\/diariotextual.com\/inicio\/wp-content\/uploads\/2019\/01\/niunamenostelam00000.jpg","contentUrl":"https:\/\/diariotextual.com\/inicio\/wp-content\/uploads\/2019\/01\/niunamenostelam00000.jpg","width":2598,"height":1772},{"@type":"BreadcrumbList","@id":"https:\/\/diariotextual.com\/inicio\/index.php\/2021\/02\/28\/el-crudo-relato-de-paula-en-pleno-centro-de-santa-rosa-acosada-y-amenazada-por-un-machito\/#breadcrumb","itemListElement":[{"@type":"ListItem","position":1,"name":"Portada","item":"https:\/\/diariotextual.com\/inicio\/"},{"@type":"ListItem","position":2,"name":"El crudo relato de Paula: en pleno centro de Santa Rosa, acosada y amenazada por un \u201cmachito\u201d"}]},{"@type":"WebSite","@id":"https:\/\/diariotextual.com\/inicio\/#website","url":"https:\/\/diariotextual.com\/inicio\/","name":"Diario Textual","description":"","publisher":{"@id":"https:\/\/diariotextual.com\/inicio\/#organization"},"potentialAction":[{"@type":"SearchAction","target":{"@type":"EntryPoint","urlTemplate":"https:\/\/diariotextual.com\/inicio\/?s={search_term_string}"},"query-input":{"@type":"PropertyValueSpecification","valueRequired":true,"valueName":"search_term_string"}}],"inLanguage":"es"},{"@type":"Organization","@id":"https:\/\/diariotextual.com\/inicio\/#organization","name":"Diario Textual","url":"https:\/\/diariotextual.com\/inicio\/","logo":{"@type":"ImageObject","inLanguage":"es","@id":"https:\/\/diariotextual.com\/inicio\/#\/schema\/logo\/image\/","url":"https:\/\/diariotextual.com\/inicio\/wp-content\/uploads\/2023\/05\/logotextual1.jpg","contentUrl":"https:\/\/diariotextual.com\/inicio\/wp-content\/uploads\/2023\/05\/logotextual1.jpg","width":516,"height":76,"caption":"Diario Textual"},"image":{"@id":"https:\/\/diariotextual.com\/inicio\/#\/schema\/logo\/image\/"},"sameAs":["https:\/\/www.facebook.com\/eltextual","https:\/\/x.com\/eltextual","http:\/\/www.instagram.com\/eltextual"]},{"@type":"Person","@id":"https:\/\/diariotextual.com\/inicio\/#\/schema\/person\/418fc4093c33e86ed41562db3508f958","name":"Diario1 Diario1","image":{"@type":"ImageObject","inLanguage":"es","@id":"https:\/\/secure.gravatar.com\/avatar\/9167d280179c85bc18be67aa7eda765854300033af4896dd779b608640f2ef7a?s=96&d=mm&r=g","url":"https:\/\/secure.gravatar.com\/avatar\/9167d280179c85bc18be67aa7eda765854300033af4896dd779b608640f2ef7a?s=96&d=mm&r=g","contentUrl":"https:\/\/secure.gravatar.com\/avatar\/9167d280179c85bc18be67aa7eda765854300033af4896dd779b608640f2ef7a?s=96&d=mm&r=g","caption":"Diario1 Diario1"},"url":"https:\/\/diariotextual.com\/inicio\/index.php\/author\/diario1\/"}]}},"_links":{"self":[{"href":"https:\/\/diariotextual.com\/inicio\/index.php\/wp-json\/wp\/v2\/posts\/135350","targetHints":{"allow":["GET"]}}],"collection":[{"href":"https:\/\/diariotextual.com\/inicio\/index.php\/wp-json\/wp\/v2\/posts"}],"about":[{"href":"https:\/\/diariotextual.com\/inicio\/index.php\/wp-json\/wp\/v2\/types\/post"}],"author":[{"embeddable":true,"href":"https:\/\/diariotextual.com\/inicio\/index.php\/wp-json\/wp\/v2\/users\/3"}],"replies":[{"embeddable":true,"href":"https:\/\/diariotextual.com\/inicio\/index.php\/wp-json\/wp\/v2\/comments?post=135350"}],"version-history":[{"count":8,"href":"https:\/\/diariotextual.com\/inicio\/index.php\/wp-json\/wp\/v2\/posts\/135350\/revisions"}],"predecessor-version":[{"id":135358,"href":"https:\/\/diariotextual.com\/inicio\/index.php\/wp-json\/wp\/v2\/posts\/135350\/revisions\/135358"}],"wp:featuredmedia":[{"embeddable":true,"href":"https:\/\/diariotextual.com\/inicio\/index.php\/wp-json\/wp\/v2\/media\/35842"}],"wp:attachment":[{"href":"https:\/\/diariotextual.com\/inicio\/index.php\/wp-json\/wp\/v2\/media?parent=135350"}],"wp:term":[{"taxonomy":"category","embeddable":true,"href":"https:\/\/diariotextual.com\/inicio\/index.php\/wp-json\/wp\/v2\/categories?post=135350"},{"taxonomy":"post_tag","embeddable":true,"href":"https:\/\/diariotextual.com\/inicio\/index.php\/wp-json\/wp\/v2\/tags?post=135350"}],"curies":[{"name":"wp","href":"https:\/\/api.w.org\/{rel}","templated":true}]}}