{"id":135432,"date":"2021-03-01T12:16:34","date_gmt":"2021-03-01T15:16:34","guid":{"rendered":"http:\/\/diariotextual.com\/inicio\/?p=135432"},"modified":"2021-03-01T13:52:33","modified_gmt":"2021-03-01T16:52:33","slug":"veterinarias-la-unica-faculta-de-la-unlpam-que-volvio-a-las-clases-presenciales","status":"publish","type":"post","link":"https:\/\/diariotextual.com\/inicio\/index.php\/2021\/03\/01\/veterinarias-la-unica-faculta-de-la-unlpam-que-volvio-a-las-clases-presenciales\/","title":{"rendered":"Veterinarias, la primera facultad de la UNLPam que volvi\u00f3 a las clases presenciales"},"content":{"rendered":"\n<p>Alumnos y alumnas de la Facultad de Ciencias Veterinarias de la Universidad Nacional de La Pampa (UNLPam), con sede en General Pico, volvieron a las clases presenciales que hab\u00edan sido suspendidas en 2020 por la pandemia de coronavirus. Es la primera de las seis facultades en volver a esta modalidad.<\/p>\n\n\n\n<p>El rector Oscar Alpa fue recibido en instalaciones de la Facultad de Ciencias Veterinarias por el decano Abelardo Ferran, para participar del inicio de actividades presenciales.<\/p>\n\n\n\n<p>\u201cEs la primera unidad acad\u00e9mica de la UNLPam en retomar la presencialidad con los protocolos establecidos, todo un desaf\u00edo para la Universidad P\u00fablica\u201d, dijo el rector.<\/p>\n\n\n\n<p>Las y los estudiantes efectuaron actividades en el marco de la c\u00e1tedra de Anatom\u00eda descriptiva del bovino de la carrera de Medicina Veterinaria.<\/p>\n\n\n\n<p>El rector aprovech\u00f3 la visita para conocer en el lugar las mejoras del Hospital Escuela de Peque\u00f1os Animales de esa unidad acad\u00e9mica.<\/p>\n\n\n\n<figure class=\"wp-block-image size-large\"><img fetchpriority=\"high\" decoding=\"async\" width=\"1024\" height=\"576\" src=\"http:\/\/diariotextual.com\/inicio\/wp-content\/uploads\/2021\/03\/veterinariasferranalpa2021-1-1024x576.jpg\" alt=\"\" class=\"wp-image-135438\" srcset=\"https:\/\/diariotextual.com\/inicio\/wp-content\/uploads\/2021\/03\/veterinariasferranalpa2021-1-1024x576.jpg 1024w, https:\/\/diariotextual.com\/inicio\/wp-content\/uploads\/2021\/03\/veterinariasferranalpa2021-1-300x169.jpg 300w, https:\/\/diariotextual.com\/inicio\/wp-content\/uploads\/2021\/03\/veterinariasferranalpa2021-1-768x432.jpg 768w, https:\/\/diariotextual.com\/inicio\/wp-content\/uploads\/2021\/03\/veterinariasferranalpa2021-1-585x329.jpg 585w, https:\/\/diariotextual.com\/inicio\/wp-content\/uploads\/2021\/03\/veterinariasferranalpa2021-1.jpg 1152w\" sizes=\"(max-width: 1024px) 100vw, 1024px\" \/><\/figure>\n","protected":false},"excerpt":{"rendered":"<p>Alumnos y alumnas de la Facultad de Ciencias Veterinarias de la Universidad Nacional de La Pampa (UNLPam), con sede en General Pico, volvieron a las clases presenciales que hab\u00edan sido&hellip;<\/p>\n","protected":false},"author":3,"featured_media":135436,"comment_status":"closed","ping_status":"open","sticky":false,"template":"","format":"standard","meta":{"_acf_changed":false,"footnotes":""},"categories":[10,12],"tags":[3325],"class_list":["post-135432","post","type-post","status-publish","format-standard","has-post-thumbnail","hentry","category-portada-2","category-sociedad","tag-veterinarias"],"acf":[],"yoast_head":"<!-- This site is optimized with the Yoast SEO plugin v27.5 - https:\/\/yoast.com\/product\/yoast-seo-wordpress\/ -->\n<title>Veterinarias, la primera facultad de la UNLPam que volvi\u00f3 a las clases presenciales - Diario Textual<\/title>\n<meta name=\"robots\" content=\"index, follow, max-snippet:-1, max-image-preview:large, max-video-preview:-1\" \/>\n<link rel=\"canonical\" href=\"https:\/\/diariotextual.com\/inicio\/index.php\/2021\/03\/01\/veterinarias-la-unica-faculta-de-la-unlpam-que-volvio-a-las-clases-presenciales\/\" \/>\n<meta property=\"og:locale\" content=\"es_ES\" \/>\n<meta property=\"og:type\" content=\"article\" \/>\n<meta property=\"og:title\" content=\"Veterinarias, la primera facultad de la UNLPam que volvi\u00f3 a las clases presenciales - Diario Textual\" \/>\n<meta property=\"og:description\" content=\"Alumnos y alumnas de la Facultad de Ciencias Veterinarias de la Universidad Nacional de La Pampa (UNLPam), con sede en General Pico, volvieron a las clases presenciales que hab\u00edan sido&hellip;\" \/>\n<meta property=\"og:url\" content=\"https:\/\/diariotextual.com\/inicio\/index.php\/2021\/03\/01\/veterinarias-la-unica-faculta-de-la-unlpam-que-volvio-a-las-clases-presenciales\/\" \/>\n<meta property=\"og:site_name\" content=\"Diario Textual\" \/>\n<meta property=\"article:publisher\" content=\"https:\/\/www.facebook.com\/eltextual\" \/>\n<meta property=\"article:published_time\" content=\"2021-03-01T15:16:34+00:00\" \/>\n<meta property=\"article:modified_time\" content=\"2021-03-01T16:52:33+00:00\" \/>\n<meta property=\"og:image\" content=\"https:\/\/diariotextual.com\/inicio\/wp-content\/uploads\/2021\/03\/veterinariasclases2021-1.jpg\" \/>\n\t<meta property=\"og:image:width\" content=\"1152\" \/>\n\t<meta property=\"og:image:height\" content=\"648\" \/>\n\t<meta property=\"og:image:type\" content=\"image\/jpeg\" \/>\n<meta name=\"author\" content=\"Diario1 Diario1\" \/>\n<meta name=\"twitter:card\" content=\"summary_large_image\" \/>\n<meta name=\"twitter:creator\" content=\"@eltextual\" \/>\n<meta name=\"twitter:site\" content=\"@eltextual\" \/>\n<meta name=\"twitter:label1\" content=\"Escrito por\" \/>\n\t<meta name=\"twitter:data1\" content=\"Diario1 Diario1\" \/>\n\t<meta name=\"twitter:label2\" content=\"Tiempo de lectura\" \/>\n\t<meta name=\"twitter:data2\" content=\"1 minuto\" \/>\n<script type=\"application\/ld+json\" class=\"yoast-schema-graph\">{\"@context\":\"https:\\\/\\\/schema.org\",\"@graph\":[{\"@type\":\"Article\",\"@id\":\"https:\\\/\\\/diariotextual.com\\\/inicio\\\/index.php\\\/2021\\\/03\\\/01\\\/veterinarias-la-unica-faculta-de-la-unlpam-que-volvio-a-las-clases-presenciales\\\/#article\",\"isPartOf\":{\"@id\":\"https:\\\/\\\/diariotextual.com\\\/inicio\\\/index.php\\\/2021\\\/03\\\/01\\\/veterinarias-la-unica-faculta-de-la-unlpam-que-volvio-a-las-clases-presenciales\\\/\"},\"author\":{\"name\":\"Diario1 Diario1\",\"@id\":\"https:\\\/\\\/diariotextual.com\\\/inicio\\\/#\\\/schema\\\/person\\\/418fc4093c33e86ed41562db3508f958\"},\"headline\":\"Veterinarias, la primera facultad de la UNLPam que volvi\u00f3 a las clases presenciales\",\"datePublished\":\"2021-03-01T15:16:34+00:00\",\"dateModified\":\"2021-03-01T16:52:33+00:00\",\"mainEntityOfPage\":{\"@id\":\"https:\\\/\\\/diariotextual.com\\\/inicio\\\/index.php\\\/2021\\\/03\\\/01\\\/veterinarias-la-unica-faculta-de-la-unlpam-que-volvio-a-las-clases-presenciales\\\/\"},\"wordCount\":167,\"publisher\":{\"@id\":\"https:\\\/\\\/diariotextual.com\\\/inicio\\\/#organization\"},\"image\":{\"@id\":\"https:\\\/\\\/diariotextual.com\\\/inicio\\\/index.php\\\/2021\\\/03\\\/01\\\/veterinarias-la-unica-faculta-de-la-unlpam-que-volvio-a-las-clases-presenciales\\\/#primaryimage\"},\"thumbnailUrl\":\"https:\\\/\\\/diariotextual.com\\\/inicio\\\/wp-content\\\/uploads\\\/2021\\\/03\\\/veterinariasclases2021-1.jpg\",\"keywords\":[\"veterinarias\"],\"articleSection\":[\"A - PORTADA2\",\"SOCIEDAD\"],\"inLanguage\":\"es\"},{\"@type\":\"WebPage\",\"@id\":\"https:\\\/\\\/diariotextual.com\\\/inicio\\\/index.php\\\/2021\\\/03\\\/01\\\/veterinarias-la-unica-faculta-de-la-unlpam-que-volvio-a-las-clases-presenciales\\\/\",\"url\":\"https:\\\/\\\/diariotextual.com\\\/inicio\\\/index.php\\\/2021\\\/03\\\/01\\\/veterinarias-la-unica-faculta-de-la-unlpam-que-volvio-a-las-clases-presenciales\\\/\",\"name\":\"Veterinarias, la primera facultad de la UNLPam que volvi\u00f3 a las clases presenciales - Diario Textual\",\"isPartOf\":{\"@id\":\"https:\\\/\\\/diariotextual.com\\\/inicio\\\/#website\"},\"primaryImageOfPage\":{\"@id\":\"https:\\\/\\\/diariotextual.com\\\/inicio\\\/index.php\\\/2021\\\/03\\\/01\\\/veterinarias-la-unica-faculta-de-la-unlpam-que-volvio-a-las-clases-presenciales\\\/#primaryimage\"},\"image\":{\"@id\":\"https:\\\/\\\/diariotextual.com\\\/inicio\\\/index.php\\\/2021\\\/03\\\/01\\\/veterinarias-la-unica-faculta-de-la-unlpam-que-volvio-a-las-clases-presenciales\\\/#primaryimage\"},\"thumbnailUrl\":\"https:\\\/\\\/diariotextual.com\\\/inicio\\\/wp-content\\\/uploads\\\/2021\\\/03\\\/veterinariasclases2021-1.jpg\",\"datePublished\":\"2021-03-01T15:16:34+00:00\",\"dateModified\":\"2021-03-01T16:52:33+00:00\",\"breadcrumb\":{\"@id\":\"https:\\\/\\\/diariotextual.com\\\/inicio\\\/index.php\\\/2021\\\/03\\\/01\\\/veterinarias-la-unica-faculta-de-la-unlpam-que-volvio-a-las-clases-presenciales\\\/#breadcrumb\"},\"inLanguage\":\"es\",\"potentialAction\":[{\"@type\":\"ReadAction\",\"target\":[\"https:\\\/\\\/diariotextual.com\\\/inicio\\\/index.php\\\/2021\\\/03\\\/01\\\/veterinarias-la-unica-faculta-de-la-unlpam-que-volvio-a-las-clases-presenciales\\\/\"]}]},{\"@type\":\"ImageObject\",\"inLanguage\":\"es\",\"@id\":\"https:\\\/\\\/diariotextual.com\\\/inicio\\\/index.php\\\/2021\\\/03\\\/01\\\/veterinarias-la-unica-faculta-de-la-unlpam-que-volvio-a-las-clases-presenciales\\\/#primaryimage\",\"url\":\"https:\\\/\\\/diariotextual.com\\\/inicio\\\/wp-content\\\/uploads\\\/2021\\\/03\\\/veterinariasclases2021-1.jpg\",\"contentUrl\":\"https:\\\/\\\/diariotextual.com\\\/inicio\\\/wp-content\\\/uploads\\\/2021\\\/03\\\/veterinariasclases2021-1.jpg\",\"width\":1152,\"height\":648},{\"@type\":\"BreadcrumbList\",\"@id\":\"https:\\\/\\\/diariotextual.com\\\/inicio\\\/index.php\\\/2021\\\/03\\\/01\\\/veterinarias-la-unica-faculta-de-la-unlpam-que-volvio-a-las-clases-presenciales\\\/#breadcrumb\",\"itemListElement\":[{\"@type\":\"ListItem\",\"position\":1,\"name\":\"Portada\",\"item\":\"https:\\\/\\\/diariotextual.com\\\/inicio\\\/\"},{\"@type\":\"ListItem\",\"position\":2,\"name\":\"Veterinarias, la primera facultad de la UNLPam que volvi\u00f3 a las clases presenciales\"}]},{\"@type\":\"WebSite\",\"@id\":\"https:\\\/\\\/diariotextual.com\\\/inicio\\\/#website\",\"url\":\"https:\\\/\\\/diariotextual.com\\\/inicio\\\/\",\"name\":\"Diario Textual\",\"description\":\"\",\"publisher\":{\"@id\":\"https:\\\/\\\/diariotextual.com\\\/inicio\\\/#organization\"},\"potentialAction\":[{\"@type\":\"SearchAction\",\"target\":{\"@type\":\"EntryPoint\",\"urlTemplate\":\"https:\\\/\\\/diariotextual.com\\\/inicio\\\/?s={search_term_string}\"},\"query-input\":{\"@type\":\"PropertyValueSpecification\",\"valueRequired\":true,\"valueName\":\"search_term_string\"}}],\"inLanguage\":\"es\"},{\"@type\":\"Organization\",\"@id\":\"https:\\\/\\\/diariotextual.com\\\/inicio\\\/#organization\",\"name\":\"Diario Textual\",\"url\":\"https:\\\/\\\/diariotextual.com\\\/inicio\\\/\",\"logo\":{\"@type\":\"ImageObject\",\"inLanguage\":\"es\",\"@id\":\"https:\\\/\\\/diariotextual.com\\\/inicio\\\/#\\\/schema\\\/logo\\\/image\\\/\",\"url\":\"https:\\\/\\\/diariotextual.com\\\/inicio\\\/wp-content\\\/uploads\\\/2023\\\/05\\\/logotextual1.jpg\",\"contentUrl\":\"https:\\\/\\\/diariotextual.com\\\/inicio\\\/wp-content\\\/uploads\\\/2023\\\/05\\\/logotextual1.jpg\",\"width\":516,\"height\":76,\"caption\":\"Diario Textual\"},\"image\":{\"@id\":\"https:\\\/\\\/diariotextual.com\\\/inicio\\\/#\\\/schema\\\/logo\\\/image\\\/\"},\"sameAs\":[\"https:\\\/\\\/www.facebook.com\\\/eltextual\",\"https:\\\/\\\/x.com\\\/eltextual\",\"http:\\\/\\\/www.instagram.com\\\/eltextual\"]},{\"@type\":\"Person\",\"@id\":\"https:\\\/\\\/diariotextual.com\\\/inicio\\\/#\\\/schema\\\/person\\\/418fc4093c33e86ed41562db3508f958\",\"name\":\"Diario1 Diario1\",\"image\":{\"@type\":\"ImageObject\",\"inLanguage\":\"es\",\"@id\":\"https:\\\/\\\/secure.gravatar.com\\\/avatar\\\/9167d280179c85bc18be67aa7eda765854300033af4896dd779b608640f2ef7a?s=96&d=mm&r=g\",\"url\":\"https:\\\/\\\/secure.gravatar.com\\\/avatar\\\/9167d280179c85bc18be67aa7eda765854300033af4896dd779b608640f2ef7a?s=96&d=mm&r=g\",\"contentUrl\":\"https:\\\/\\\/secure.gravatar.com\\\/avatar\\\/9167d280179c85bc18be67aa7eda765854300033af4896dd779b608640f2ef7a?s=96&d=mm&r=g\",\"caption\":\"Diario1 Diario1\"},\"url\":\"https:\\\/\\\/diariotextual.com\\\/inicio\\\/index.php\\\/author\\\/diario1\\\/\"}]}<\/script>\n<!-- \/ Yoast SEO plugin. -->","yoast_head_json":{"title":"Veterinarias, la primera facultad de la UNLPam que volvi\u00f3 a las clases presenciales - Diario Textual","robots":{"index":"index","follow":"follow","max-snippet":"max-snippet:-1","max-image-preview":"max-image-preview:large","max-video-preview":"max-video-preview:-1"},"canonical":"https:\/\/diariotextual.com\/inicio\/index.php\/2021\/03\/01\/veterinarias-la-unica-faculta-de-la-unlpam-que-volvio-a-las-clases-presenciales\/","og_locale":"es_ES","og_type":"article","og_title":"Veterinarias, la primera facultad de la UNLPam que volvi\u00f3 a las clases presenciales - Diario Textual","og_description":"Alumnos y alumnas de la Facultad de Ciencias Veterinarias de la Universidad Nacional de La Pampa (UNLPam), con sede en General Pico, volvieron a las clases presenciales que hab\u00edan sido&hellip;","og_url":"https:\/\/diariotextual.com\/inicio\/index.php\/2021\/03\/01\/veterinarias-la-unica-faculta-de-la-unlpam-que-volvio-a-las-clases-presenciales\/","og_site_name":"Diario Textual","article_publisher":"https:\/\/www.facebook.com\/eltextual","article_published_time":"2021-03-01T15:16:34+00:00","article_modified_time":"2021-03-01T16:52:33+00:00","og_image":[{"width":1152,"height":648,"url":"https:\/\/diariotextual.com\/inicio\/wp-content\/uploads\/2021\/03\/veterinariasclases2021-1.jpg","type":"image\/jpeg"}],"author":"Diario1 Diario1","twitter_card":"summary_large_image","twitter_creator":"@eltextual","twitter_site":"@eltextual","twitter_misc":{"Escrito por":"Diario1 Diario1","Tiempo de lectura":"1 minuto"},"schema":{"@context":"https:\/\/schema.org","@graph":[{"@type":"Article","@id":"https:\/\/diariotextual.com\/inicio\/index.php\/2021\/03\/01\/veterinarias-la-unica-faculta-de-la-unlpam-que-volvio-a-las-clases-presenciales\/#article","isPartOf":{"@id":"https:\/\/diariotextual.com\/inicio\/index.php\/2021\/03\/01\/veterinarias-la-unica-faculta-de-la-unlpam-que-volvio-a-las-clases-presenciales\/"},"author":{"name":"Diario1 Diario1","@id":"https:\/\/diariotextual.com\/inicio\/#\/schema\/person\/418fc4093c33e86ed41562db3508f958"},"headline":"Veterinarias, la primera facultad de la UNLPam que volvi\u00f3 a las clases presenciales","datePublished":"2021-03-01T15:16:34+00:00","dateModified":"2021-03-01T16:52:33+00:00","mainEntityOfPage":{"@id":"https:\/\/diariotextual.com\/inicio\/index.php\/2021\/03\/01\/veterinarias-la-unica-faculta-de-la-unlpam-que-volvio-a-las-clases-presenciales\/"},"wordCount":167,"publisher":{"@id":"https:\/\/diariotextual.com\/inicio\/#organization"},"image":{"@id":"https:\/\/diariotextual.com\/inicio\/index.php\/2021\/03\/01\/veterinarias-la-unica-faculta-de-la-unlpam-que-volvio-a-las-clases-presenciales\/#primaryimage"},"thumbnailUrl":"https:\/\/diariotextual.com\/inicio\/wp-content\/uploads\/2021\/03\/veterinariasclases2021-1.jpg","keywords":["veterinarias"],"articleSection":["A - PORTADA2","SOCIEDAD"],"inLanguage":"es"},{"@type":"WebPage","@id":"https:\/\/diariotextual.com\/inicio\/index.php\/2021\/03\/01\/veterinarias-la-unica-faculta-de-la-unlpam-que-volvio-a-las-clases-presenciales\/","url":"https:\/\/diariotextual.com\/inicio\/index.php\/2021\/03\/01\/veterinarias-la-unica-faculta-de-la-unlpam-que-volvio-a-las-clases-presenciales\/","name":"Veterinarias, la primera facultad de la UNLPam que volvi\u00f3 a las clases presenciales - Diario Textual","isPartOf":{"@id":"https:\/\/diariotextual.com\/inicio\/#website"},"primaryImageOfPage":{"@id":"https:\/\/diariotextual.com\/inicio\/index.php\/2021\/03\/01\/veterinarias-la-unica-faculta-de-la-unlpam-que-volvio-a-las-clases-presenciales\/#primaryimage"},"image":{"@id":"https:\/\/diariotextual.com\/inicio\/index.php\/2021\/03\/01\/veterinarias-la-unica-faculta-de-la-unlpam-que-volvio-a-las-clases-presenciales\/#primaryimage"},"thumbnailUrl":"https:\/\/diariotextual.com\/inicio\/wp-content\/uploads\/2021\/03\/veterinariasclases2021-1.jpg","datePublished":"2021-03-01T15:16:34+00:00","dateModified":"2021-03-01T16:52:33+00:00","breadcrumb":{"@id":"https:\/\/diariotextual.com\/inicio\/index.php\/2021\/03\/01\/veterinarias-la-unica-faculta-de-la-unlpam-que-volvio-a-las-clases-presenciales\/#breadcrumb"},"inLanguage":"es","potentialAction":[{"@type":"ReadAction","target":["https:\/\/diariotextual.com\/inicio\/index.php\/2021\/03\/01\/veterinarias-la-unica-faculta-de-la-unlpam-que-volvio-a-las-clases-presenciales\/"]}]},{"@type":"ImageObject","inLanguage":"es","@id":"https:\/\/diariotextual.com\/inicio\/index.php\/2021\/03\/01\/veterinarias-la-unica-faculta-de-la-unlpam-que-volvio-a-las-clases-presenciales\/#primaryimage","url":"https:\/\/diariotextual.com\/inicio\/wp-content\/uploads\/2021\/03\/veterinariasclases2021-1.jpg","contentUrl":"https:\/\/diariotextual.com\/inicio\/wp-content\/uploads\/2021\/03\/veterinariasclases2021-1.jpg","width":1152,"height":648},{"@type":"BreadcrumbList","@id":"https:\/\/diariotextual.com\/inicio\/index.php\/2021\/03\/01\/veterinarias-la-unica-faculta-de-la-unlpam-que-volvio-a-las-clases-presenciales\/#breadcrumb","itemListElement":[{"@type":"ListItem","position":1,"name":"Portada","item":"https:\/\/diariotextual.com\/inicio\/"},{"@type":"ListItem","position":2,"name":"Veterinarias, la primera facultad de la UNLPam que volvi\u00f3 a las clases presenciales"}]},{"@type":"WebSite","@id":"https:\/\/diariotextual.com\/inicio\/#website","url":"https:\/\/diariotextual.com\/inicio\/","name":"Diario Textual","description":"","publisher":{"@id":"https:\/\/diariotextual.com\/inicio\/#organization"},"potentialAction":[{"@type":"SearchAction","target":{"@type":"EntryPoint","urlTemplate":"https:\/\/diariotextual.com\/inicio\/?s={search_term_string}"},"query-input":{"@type":"PropertyValueSpecification","valueRequired":true,"valueName":"search_term_string"}}],"inLanguage":"es"},{"@type":"Organization","@id":"https:\/\/diariotextual.com\/inicio\/#organization","name":"Diario Textual","url":"https:\/\/diariotextual.com\/inicio\/","logo":{"@type":"ImageObject","inLanguage":"es","@id":"https:\/\/diariotextual.com\/inicio\/#\/schema\/logo\/image\/","url":"https:\/\/diariotextual.com\/inicio\/wp-content\/uploads\/2023\/05\/logotextual1.jpg","contentUrl":"https:\/\/diariotextual.com\/inicio\/wp-content\/uploads\/2023\/05\/logotextual1.jpg","width":516,"height":76,"caption":"Diario Textual"},"image":{"@id":"https:\/\/diariotextual.com\/inicio\/#\/schema\/logo\/image\/"},"sameAs":["https:\/\/www.facebook.com\/eltextual","https:\/\/x.com\/eltextual","http:\/\/www.instagram.com\/eltextual"]},{"@type":"Person","@id":"https:\/\/diariotextual.com\/inicio\/#\/schema\/person\/418fc4093c33e86ed41562db3508f958","name":"Diario1 Diario1","image":{"@type":"ImageObject","inLanguage":"es","@id":"https:\/\/secure.gravatar.com\/avatar\/9167d280179c85bc18be67aa7eda765854300033af4896dd779b608640f2ef7a?s=96&d=mm&r=g","url":"https:\/\/secure.gravatar.com\/avatar\/9167d280179c85bc18be67aa7eda765854300033af4896dd779b608640f2ef7a?s=96&d=mm&r=g","contentUrl":"https:\/\/secure.gravatar.com\/avatar\/9167d280179c85bc18be67aa7eda765854300033af4896dd779b608640f2ef7a?s=96&d=mm&r=g","caption":"Diario1 Diario1"},"url":"https:\/\/diariotextual.com\/inicio\/index.php\/author\/diario1\/"}]}},"_links":{"self":[{"href":"https:\/\/diariotextual.com\/inicio\/index.php\/wp-json\/wp\/v2\/posts\/135432","targetHints":{"allow":["GET"]}}],"collection":[{"href":"https:\/\/diariotextual.com\/inicio\/index.php\/wp-json\/wp\/v2\/posts"}],"about":[{"href":"https:\/\/diariotextual.com\/inicio\/index.php\/wp-json\/wp\/v2\/types\/post"}],"author":[{"embeddable":true,"href":"https:\/\/diariotextual.com\/inicio\/index.php\/wp-json\/wp\/v2\/users\/3"}],"replies":[{"embeddable":true,"href":"https:\/\/diariotextual.com\/inicio\/index.php\/wp-json\/wp\/v2\/comments?post=135432"}],"version-history":[{"count":6,"href":"https:\/\/diariotextual.com\/inicio\/index.php\/wp-json\/wp\/v2\/posts\/135432\/revisions"}],"predecessor-version":[{"id":135440,"href":"https:\/\/diariotextual.com\/inicio\/index.php\/wp-json\/wp\/v2\/posts\/135432\/revisions\/135440"}],"wp:featuredmedia":[{"embeddable":true,"href":"https:\/\/diariotextual.com\/inicio\/index.php\/wp-json\/wp\/v2\/media\/135436"}],"wp:attachment":[{"href":"https:\/\/diariotextual.com\/inicio\/index.php\/wp-json\/wp\/v2\/media?parent=135432"}],"wp:term":[{"taxonomy":"category","embeddable":true,"href":"https:\/\/diariotextual.com\/inicio\/index.php\/wp-json\/wp\/v2\/categories?post=135432"},{"taxonomy":"post_tag","embeddable":true,"href":"https:\/\/diariotextual.com\/inicio\/index.php\/wp-json\/wp\/v2\/tags?post=135432"}],"curies":[{"name":"wp","href":"https:\/\/api.w.org\/{rel}","templated":true}]}}