{"id":135492,"date":"2021-03-01T19:00:00","date_gmt":"2021-03-01T22:00:00","guid":{"rendered":"http:\/\/diariotextual.com\/inicio\/?p=135492"},"modified":"2021-03-02T12:11:11","modified_gmt":"2021-03-02T15:11:11","slug":"ziliotto-destaco-la-presencia-de-un-estado-presente-para-enfrentar-la-pandemia","status":"publish","type":"post","link":"https:\/\/diariotextual.com\/inicio\/index.php\/2021\/03\/01\/ziliotto-destaco-la-presencia-de-un-estado-presente-para-enfrentar-la-pandemia\/","title":{"rendered":"Ziliotto y el manejo de la pandemia: \u201cNo tuvimos alternativa\u201d"},"content":{"rendered":"\n<p>El gobernador <strong>Sergio Ziliotto<\/strong> dijo en la tarde de este lunes, en el tradicional discurso para abrir las sesiones ordinarias de la Legislatura, que el \u201cEstado presente\u201d permiti\u00f3 afrontar la pandemia de coronavirus y defendi\u00f3 la cuarentena y otras medidas que generaron pol\u00e9mica. \u201c<strong>No ten\u00edamos otra alternativa para cuidar la salud de los pampeanos. Cometimos errores, pero los corregimos<\/strong>\u201d, agreg\u00f3.<\/p>\n\n\n\n<p>El discurso dur\u00f3 una hora y diez minutos. En un escenario at\u00edpico por las medidas de prevenci\u00f3n por la pandemia, solo lo acompa\u00f1aron el presidente de la Legislatura y sus funcionarios.<\/p>\n\n\n\n<p>\u201cEl complejo a\u00f1o que atravesamos amerita reflexiones ante cada pampeana, ante cada pampeano.<strong> Debimos tomar decisiones que incomodaron y deterioraron su actividad laboral y su vida social.<\/strong> <strong>Cuidar la salud no permiti\u00f3 otras alternativas<\/strong>. Cada acci\u00f3n tuvo anclaje en razones sanitarios y, fundamentalmente<strong>,<\/strong>&nbsp;en nuestra buena fe. Ning\u00fan an\u00e1lisis racional puede ponerlo en duda\u201d, expres\u00f3.<br>&nbsp;<br>\u201c<strong>Cometimos errores, por supuesto que s\u00ed, pero los corregimos. Nadie es infalible, menos a\u00fan al enfrentar lo desconocido.<\/strong> Hoy, un nuevo horizonte est\u00e1 a la vista. Estamos en pleno proceso de vacunaci\u00f3n que, ante su masividad, significar\u00e1 una progresiva inmunizaci\u00f3n de nuestra sociedad\u201d, agreg\u00f3.<\/p>\n\n\n\n<p>\u201cA toda la sociedad le decimos que<strong> van a encontrar a este gobierno trabajando para garantizar una nueva realidad, m\u00e1s inclusiva y m\u00e1s integradora<\/strong>\u201d, dijo.<\/p>\n\n\n\n<p>\u201cEl desaf\u00edo es seguir dialogando y consensuando. El desaf\u00edo es colectivo, la pol\u00edtica es la herramienta y todos debemos aportar para el futuro. <strong>Con humildad, respeto y la profunda convicci\u00f3n, las y los convoco a seguir generando el desarrollo econ\u00f3mico con inclusi\u00f3n social. <\/strong>Depende de nuestras decisiones, no desaprovechemos la oportunidad\u201d, expres\u00f3.<\/p>\n\n\n\n<p>\u201cEn 2020 se rompi\u00f3 la normalidad y se trastocaron las prioridades\u201d, dijo. \u201cLa irrupci\u00f3n del covid puso a prueba la capacidad de respuesta del Estado para enfrentar las consecuencias sanitarias y econ\u00f3micas. La vigencia de un Estado presente nos permiti\u00f3 ejecutar acciones eficientes y eficaces\u201d, dijo.<\/p>\n\n\n\n<p>Destac\u00f3 el \u201crecurso estrat\u00e9gico\u201d del personal de Salud. Dijo que se incorpor\u00f3 m\u00e1s personal.<\/p>\n\n\n\n<blockquote class=\"twitter-tweet\"><p lang=\"es\" dir=\"ltr\"><a href=\"https:\/\/twitter.com\/hashtag\/Ahora?src=hash&amp;ref_src=twsrc%5Etfw\">#Ahora<\/a> &#8211; Apertura de Sesiones Legislativas 2021 &#8211; Discurso Inaugural <a href=\"https:\/\/t.co\/MtEEDeCmjs\">https:\/\/t.co\/MtEEDeCmjs<\/a><\/p>\u2014 Sergio Ziliotto (@ZiliottoSergio) <a href=\"https:\/\/twitter.com\/ZiliottoSergio\/status\/1366492410750980097?ref_src=twsrc%5Etfw\">March 1, 2021<\/a><\/blockquote> <script async=\"\" src=\"https:\/\/platform.twitter.com\/widgets.js\" charset=\"utf-8\"><\/script>\n\n\n\n<p>El mandatario, entre las medidas econ\u00f3micas, resalt\u00f3 el respaldo a las peque\u00f1as y medianas empresas, a las cooperativas y los clubes. Entre otros puntos, las pr\u00f3rrogas de cr\u00e9ditos y de impuestos y la ayuda a las cooperativas para mantener planchado las tarifas de los servicios.<\/p>\n\n\n\n<p>Se refiri\u00f3 al \u201crol central\u201d del Banco de La Pampa, con 6600 millones de pesos para pagar salarios o en promociones para sostener el consumo en la pandemia.<\/p>\n\n\n\n<figure class=\"wp-block-embed-wordpress wp-block-embed is-type-wp-embed is-provider-diario-textual\"><div class=\"wp-block-embed__wrapper\">\n<blockquote class=\"wp-embedded-content\" data-secret=\"MMiRrxHA8y\"><a href=\"http:\/\/diariotextual.com\/inicio\/index.php\/2021\/03\/01\/el-gobernador-anuncia-cambios-de-las-ddjj-para-dar-mas-transparencia\/\">El gobernador anuncia cambios de las DDJJ para dar m\u00e1s transparencia<\/a><\/blockquote><iframe class=\"wp-embedded-content\" sandbox=\"allow-scripts\" security=\"restricted\" style=\"position: absolute; clip: rect(1px, 1px, 1px, 1px);\" title=\"\u00abEl gobernador anuncia cambios de las DDJJ para dar m\u00e1s transparencia\u00bb \u2014 Diario Textual\" src=\"http:\/\/diariotextual.com\/inicio\/index.php\/2021\/03\/01\/el-gobernador-anuncia-cambios-de-las-ddjj-para-dar-mas-transparencia\/embed\/#?secret=MMiRrxHA8y\" data-secret=\"MMiRrxHA8y\" width=\"600\" height=\"338\" frameborder=\"0\" marginwidth=\"0\" marginheight=\"0\" scrolling=\"no\"><\/iframe>\n<\/div><\/figure>\n\n\n\n<p>\u201cDimos respuesta a las urgencias sanitarias y econ\u00f3micas, buscando el equilibrio\u201d, dijo.<\/p>\n\n\n\n<p>Adem\u00e1s, resalt\u00f3 el \u201cacompa\u00f1amiento\u201d de la \u201cgran mayor\u00eda de la poblaci\u00f3n pampeana\u201d, de los intendentes, de los diputados y del Tribunal de Cuentas.<\/p>\n\n\n\n<figure class=\"wp-block-embed-wordpress wp-block-embed is-type-wp-embed is-provider-diario-textual\"><div class=\"wp-block-embed__wrapper\">\n<blockquote class=\"wp-embedded-content\" data-secret=\"oTSpwIktpU\"><a href=\"http:\/\/diariotextual.com\/inicio\/index.php\/2021\/03\/01\/ziliotto-seguira-el-respaldo-a-la-unlpam-para-ampliar-la-oferta-educativa\/\">Ziliotto: seguir\u00e1 el respaldo a la UNLPam para ampliar la oferta educativa<\/a><\/blockquote><iframe class=\"wp-embedded-content\" sandbox=\"allow-scripts\" security=\"restricted\" style=\"position: absolute; clip: rect(1px, 1px, 1px, 1px);\" title=\"\u00abZiliotto: seguir\u00e1 el respaldo a la UNLPam para ampliar la oferta educativa\u00bb \u2014 Diario Textual\" src=\"http:\/\/diariotextual.com\/inicio\/index.php\/2021\/03\/01\/ziliotto-seguira-el-respaldo-a-la-unlpam-para-ampliar-la-oferta-educativa\/embed\/#?secret=oTSpwIktpU\" data-secret=\"oTSpwIktpU\" width=\"600\" height=\"338\" frameborder=\"0\" marginwidth=\"0\" marginheight=\"0\" scrolling=\"no\"><\/iframe>\n<\/div><\/figure>\n\n\n\n<p>Tambi\u00e9n destac\u00f3 el \u201capoyo incondicional\u201d del presidente Alberto Fern\u00e1ndez y su gabinete. \u201cTuvieron respuestas concretas e inmediatas, para cuidar la salud de los pampeanos, y tambi\u00e9n para sostener las actividades econ\u00f3micas\u201d, dijo. \u201cLa Pampa volvi\u00f3 a ser considerada en el contexto nacional. Es por ello que estamos identificados y comprometidos con poner a la Argentina de pie\u201d.<\/p>\n\n\n\n<p><\/p>\n\n\n\n<p>El gobernador dijo que durante la pandemia \u201cLa Pampa fue la \u00fanica provincia del pa\u00eds que mantuvo las paritarias abiertas\u201d, que represent\u00f3 un \u201cenorme sacrificio financiero\u201d de las cuentas p\u00fablicas. \u201cPero ya hay un escenario de incipiente recuperaci\u00f3n econ\u00f3mica, que redundar\u00e1 en una mejora de los recursos\u201d.<\/p>\n\n\n\n<p>El mandatario dijo que es central la obra p\u00fablica para La Pampa, por lo que se invertir\u00e1n 10.500 millones de pesos durante este a\u00f1o. \u201cSe har\u00e1 una continuidad de las obras ya en ejecuci\u00f3n, otras ya licitadas y otras por licitarse. \u201cEn cada localidad pampeana hay una obra en ejecuci\u00f3n o proyectada\u201d, dijo.<\/p>\n\n\n\n<figure class=\"wp-block-embed-wordpress wp-block-embed is-type-wp-embed is-provider-diario-textual\"><div class=\"wp-block-embed__wrapper\">\n<blockquote class=\"wp-embedded-content\" data-secret=\"RSS9X3RRAM\"><a href=\"http:\/\/diariotextual.com\/inicio\/index.php\/2021\/03\/01\/la-vivienda-de-morisoli-sera-una-casa-museo\/\">La vivienda de Morisoli ser\u00e1 una casa-museo<\/a><\/blockquote><iframe class=\"wp-embedded-content\" sandbox=\"allow-scripts\" security=\"restricted\" style=\"position: absolute; clip: rect(1px, 1px, 1px, 1px);\" title=\"\u00abLa vivienda de Morisoli ser\u00e1 una casa-museo\u00bb \u2014 Diario Textual\" src=\"http:\/\/diariotextual.com\/inicio\/index.php\/2021\/03\/01\/la-vivienda-de-morisoli-sera-una-casa-museo\/embed\/#?secret=RSS9X3RRAM\" data-secret=\"RSS9X3RRAM\" width=\"600\" height=\"338\" frameborder=\"0\" marginwidth=\"0\" marginheight=\"0\" scrolling=\"no\"><\/iframe>\n<\/div><\/figure>\n\n\n\n<p>Dijo que se terminar\u00e1 el nuevo hospital de Santa Rosa y que, independientemente de su costo, se invertir\u00e1n2 mil millones de pesos en equipamiento m\u00e9dico e inform\u00e1tico. \u201cHabr\u00e1 un considerable aporte econ\u00f3mico\u201d, dijo.<\/p>\n\n\n\n<p>Adem\u00e1s, <strong>anunci\u00f3 que licitar\u00e1n un nuevo hospital nivel 4 en la Adela, que permitir\u00e1 realizar partos y cirug\u00edas<\/strong>.<\/p>\n\n\n\n<p>Otro p\u00e1rrafo fue para las casas sociales. \u201cLa construcci\u00f3n de vivienda es la obra p\u00fablica por excelencia. En 2020 pusimos en marcha la construcci\u00f3n de 1000 viviendas. Todas las localidades tendr\u00e1n acceso\u201d, sostuvo.<\/p>\n\n\n\n<figure class=\"wp-block-embed-wordpress wp-block-embed is-type-wp-embed is-provider-diario-textual\"><div class=\"wp-block-embed__wrapper\">\n<blockquote class=\"wp-embedded-content\" data-secret=\"ElvfKpFSvX\"><a href=\"http:\/\/diariotextual.com\/inicio\/index.php\/2021\/03\/01\/ziliotto-y-las-comunidades-aborigenes-se-abordaran-sus-reclamos-de-tierras-y-les-daran-becas\/\">Ziliotto y las comunidades abor\u00edgenes: se abordar\u00e1n sus reclamos de tierras y les dar\u00e1n becas<\/a><\/blockquote><iframe class=\"wp-embedded-content\" sandbox=\"allow-scripts\" security=\"restricted\" style=\"position: absolute; clip: rect(1px, 1px, 1px, 1px);\" title=\"\u00abZiliotto y las comunidades abor\u00edgenes: se abordar\u00e1n sus reclamos de tierras y les dar\u00e1n becas\u00bb \u2014 Diario Textual\" src=\"http:\/\/diariotextual.com\/inicio\/index.php\/2021\/03\/01\/ziliotto-y-las-comunidades-aborigenes-se-abordaran-sus-reclamos-de-tierras-y-les-daran-becas\/embed\/#?secret=ElvfKpFSvX\" data-secret=\"ElvfKpFSvX\" width=\"600\" height=\"338\" frameborder=\"0\" marginwidth=\"0\" marginheight=\"0\" scrolling=\"no\"><\/iframe>\n<\/div><\/figure>\n\n\n\n<p>Dijo que hay unas 20 mil familias que demandan viviendas sociales, seg\u00fan la inscripci\u00f3n abierta por el Gobierno.<\/p>\n\n\n\n<p>Ziliotto dijo que \u201cse seguir\u00e1 acompa\u00f1ando\u201d a la Universidad Nacional de La Pampa para \u201caumentar la oferta educativa\u201d y la expansi\u00f3n territorial.<\/p>\n\n\n\n<p>\u201cEl Estado debe ser el veh\u00edculo para brindarle m\u00e1s y mejor educaci\u00f3n a los j\u00f3venes. Proyectamos una mayor oferta educativa en alimentos, energ\u00eda, seguridad ciudadana y salud\u201d, dijo.<\/p>\n\n\n\n<figure class=\"wp-block-embed-wordpress wp-block-embed is-type-wp-embed is-provider-diario-textual\"><div class=\"wp-block-embed__wrapper\">\n<blockquote class=\"wp-embedded-content\" data-secret=\"npP3v7fzC4\"><a href=\"http:\/\/diariotextual.com\/inicio\/index.php\/2021\/03\/01\/la-provincia-construira-una-bodega-de-vinos-en-casa-de-piedra\/\">La Provincia construir\u00e1 una bodega de vinos en Casa de Piedra<\/a><\/blockquote><iframe class=\"wp-embedded-content\" sandbox=\"allow-scripts\" security=\"restricted\" style=\"position: absolute; clip: rect(1px, 1px, 1px, 1px);\" title=\"\u00abLa Provincia construir\u00e1 una bodega de vinos en Casa de Piedra\u00bb \u2014 Diario Textual\" src=\"http:\/\/diariotextual.com\/inicio\/index.php\/2021\/03\/01\/la-provincia-construira-una-bodega-de-vinos-en-casa-de-piedra\/embed\/#?secret=npP3v7fzC4\" data-secret=\"npP3v7fzC4\" width=\"600\" height=\"338\" frameborder=\"0\" marginwidth=\"0\" marginheight=\"0\" scrolling=\"no\"><\/iframe>\n<\/div><\/figure>\n\n\n\n<p>\u201cEl Estado nacional, en ese marco, ha decidido financiar en forma permanente la carrera de Enfermer\u00eda. Ante ello, inmediatamente comenzar\u00e1 su dictado\u201d, dijo.<\/p>\n\n\n\n<p>Se refiri\u00f3 al proceso de vuelta a clases. \u201cLa pandemia puso al servicio educativo ante desaf\u00edos impensados. Tomamos la decisi\u00f3n de trabajar con las particularidades de cada zona, con el objetivo central de guiar el proceso de trabajo con los estudiantes desde sus casas. Mientras tanto no detuvimos la inversi\u00f3n en infraestructura educativa. Hicimos 201 concursos y reparaciones por 43 millones de pesos. Iniciamos un proceso gradual en donde m\u00e1s de 22 mil alumnos volvieron a las aulas, lo que representa un 23 % de los alumnos. Lo logramos con un fuerte compromiso de toda la comunidad. Construimos di\u00e1logo con los gremios. As\u00ed como valoramos al personal de salud, tambi\u00e9n debemos de hacerlo con quienes sostuvieron los v\u00ednculos con estudiantes y familias promoviendo un trabajo colaborativo\u201d, dijo.<\/p>\n\n\n\n<p>La Pampa tiene una penetraci\u00f3n de internet fija de 79.9%, solo superada por CABA y San Luis\u201d, dijo. \u201cSomos la tercera provincia, pero no puede conformarnos y queremos mejorar el servicio. Junto al Enacom invertirnos 500 millones de pesos en expansi\u00f3n de fibra \u00f3ptica para dar mejores respuestas en 23 localidades peque\u00f1as, que acceder\u00e1n a un mejor servicio teniendo velocidad de conexi\u00f3n como en las ciudades m\u00e1s grandes. La \u00faltima milla ser\u00e1 dada por cooperativas y pymes pampeanas. Multiplicaremos por 5 el tr\u00e1fico de nuestra fibra \u00f3ptica. Estamos muy pr\u00f3ximos a conectar Puelches\u201d.<\/p>\n\n\n\n<p>A su vez, crear\u00e1n la Agencia de Ciencia con sede en General Pico. \u201cSer\u00e1 un espacio de articulaci\u00f3n socioproductiva. No generar\u00e1 nueva burocracia, ya que incorporar\u00e1 la estructra ya existente\u201d, dijo.<\/p>\n\n\n\n<p>\u201cComenzaremos con el desarrollo del portal \u00fanico de tramites online. El certificado digital permite que el reci\u00e9n nacido sea registrado en donde residen sus padres. As\u00ed, los municipios podr\u00e1n saber la poblaci\u00f3n que tiene. Los puntos digitales de toma de tr\u00e1mites son de suma importancia, ya hay 62 y los que faltan los haremos a la brevedad\u201d, dijo.<\/p>\n\n\n\n<figure class=\"wp-block-embed-wordpress wp-block-embed is-type-wp-embed is-provider-diario-textual\"><div class=\"wp-block-embed__wrapper\">\n<blockquote class=\"wp-embedded-content\" data-secret=\"xNoC0Glagd\"><a href=\"http:\/\/diariotextual.com\/inicio\/index.php\/2021\/03\/01\/lista-unidad\/\">Legislativas 2021: el PJ piensa en una lista de unidad con vernistas, K, marinistas y jorgistas<\/a><\/blockquote><iframe class=\"wp-embedded-content\" sandbox=\"allow-scripts\" security=\"restricted\" style=\"position: absolute; clip: rect(1px, 1px, 1px, 1px);\" title=\"\u00abLegislativas 2021: el PJ piensa en una lista de unidad con vernistas, K, marinistas y jorgistas\u00bb \u2014 Diario Textual\" src=\"http:\/\/diariotextual.com\/inicio\/index.php\/2021\/03\/01\/lista-unidad\/embed\/#?secret=xNoC0Glagd\" data-secret=\"xNoC0Glagd\" width=\"600\" height=\"338\" frameborder=\"0\" marginwidth=\"0\" marginheight=\"0\" scrolling=\"no\"><\/iframe>\n<\/div><\/figure>\n\n\n\n<p>El mandatario se refiri\u00f3, en otro tramo de su discurso, a la pol\u00edtica de g\u00e9nero de la Provincia. \u201cLa cuesti\u00f3n de g\u00e9nero ocupa un lugar en nuestra agenda de derechos\u201d, dijo. \u201cLa Secretar\u00eda de la Mujer garantiz\u00f3 la atenci\u00f3n a las distintas problem\u00e1ticas de g\u00e9nero. Avanzamos para acortar brechas y aportar a la inclusi\u00f3n. El cambio de la denominaci\u00f3n, la creaci\u00f3n de la Direcci\u00f3n de Diversidad y la Ley de Inclusi\u00f3n Trans son ejemplos de nuestra convicci\u00f3n. Los tres poderes deben asumir un papel real. Capacitamos a autoridades personal en el marco de la ley Micaela. Los clubes y las organizaciones de la sociedad civil que se sumaron a la iniciativa demuestran la decisi\u00f3n de construir una sociedad libre de violencia. Garantizamos nuestra mayor dedicaci\u00f3n para que La Pampa libre de violencia siga siendo nuestro norte\u201d.<\/p>\n\n\n\n<p>La otra cuesti\u00f3n tratada tuvo que ver con los agroqu\u00edmicos: el a\u00f1o pasado suspendi\u00f3, por varias semanas, la comercializaci\u00f3n y posteriormente impuls\u00f3 la sanci\u00f3n de una nueva ley. \u201cSuspendimos la comercializaci\u00f3n de envases fitosanitarios, ante el incumplimiento de la normativa. Este trabajo conjunto con la sanci\u00f3n de la ley nos permite evitar un riesgo a la salud y al ambiente. Hoy contamos con tres centros de acopios habilitados y vamos a exigir que se construyan los que sean necesarios. En este recinto se ratific\u00f3 el convenio marco de cooperaci\u00f3n con el ministerio nacional y parque nacionales para proteger el bosque de cald\u00e9n. Se har\u00e1 este a\u00f1o la gesti\u00f3n para la financiaci\u00f3n de la reserva de nuestro bosque\u201d, dijo.<\/p>\n\n\n\n<p>Otro punto no menor es que confirm\u00f3 que enviar\u00e1 a la Legislatura un nuevo proyecto sobre seguridad ciudadana. \u201cQuiero sumar al reconocimiento que realizamos al personal de salud y docente, a todas y todos los integrantes de la fuerza policial por las tareas desarrolladas en \u00e9pocas de pandemia. Nuestra Polic\u00eda ha dado respuestas efectivas ante delitos emergentes. Sumamos recursos para seguridad ciudadana porque entendemos a la seguridad como una cuesti\u00f3n central, garantizando los derechos humanos y respaldando a los polic\u00edas en su tarea de cuidar la vida de los pampeanos. La Ley de Seguridad ciudadana ser\u00e1 una ley de polic\u00eda en democracia. Se han hechos foros para enriquecerla en todo el proceso de construcci\u00f3n de la ley. El ministerio hizo un estudio de legislaci\u00f3n comparada, marco del que surgen los lineamientos generales que contendr\u00e1 el documento final\u201d, dijo.<\/p>\n\n\n\n<p>A su vez, hizo una menci\u00f3n a la cuesti\u00f3n de los r\u00edos pampeanos. \u201c<strong>Ocuparnos de la pandemia no evit\u00f3 que sigamos luchando por recuperar nuestros r\u00edos<\/strong>. Uno de los hechos salientes fue lograr que el Consejo de Gobierno de COIRCO aprobara realizar un estudio de impacto ambiental de Portezuelo. Constituye otro hito la sentencia de la Corte Suprema de Justicia que fij\u00f3 un 3.2 m3 de caudal por segundo, decisi\u00f3n que determina un par\u00e1metro necesario para detener el da\u00f1o ambiental. El lamentable rechazo de Mendoza a nuestros derechos nos oblig\u00f3 a ir de vuelta a la Corte. Tampoco nos olvidamos del r\u00edo Salado y el da\u00f1o que ser\u00e1 evaluado en otro estudio\u201d, dijo.<\/p>\n\n\n\n<p>El gobernador  dijo que este a\u00f1o se \u201catender\u00e1n\u201d los reclamos de tierras de las comunidades abor\u00edgenes y se dar\u00e1n becas para que estudien sus j\u00f3venes.<\/p>\n\n\n\n<p>\u201cEntendemos que \u2018lo ind\u00edgena\u2019 debe ser abordado desde una mirada m\u00e1s pol\u00edtica que cultural\u201d, dijo.<\/p>\n\n\n\n<p>En 2020 el Consejo Provincial Aborigen, record\u00f3, se aboc\u00f3 a asistir a las comunidades frente a los m\u00faltiples inconvenientes derivados de la pandemia. \u201cDurante 2021 pondremos especial \u00e9nfasis en atender sus reclamos por tierras, sus proyectos productivos y educativos, acompa\u00f1aremos las pol\u00edticas de Educaci\u00f3n Intercultural Biling\u00fce, y destinaremos becas para los j\u00f3venes\u201d, dijo.<\/p>\n\n\n\n<p>\u201cEn s\u00edntesis, nos comprometemos a un tratamiento integral de la situaci\u00f3n jur\u00eddica, econ\u00f3mica, social y cultural ind\u00edgena, priorizando adem\u00e1s la atenci\u00f3n de la salud, educaci\u00f3n y vivienda, tal lo estipulado por Ley Provincial 1.228\u201d, anunci\u00f3.<\/p>\n","protected":false},"excerpt":{"rendered":"<p>El gobernador Sergio Ziliotto dijo en la tarde de este lunes, en el tradicional discurso para abrir las sesiones ordinarias de la Legislatura, que el \u201cEstado presente\u201d permiti\u00f3 afrontar la&hellip;<\/p>\n","protected":false},"author":3,"featured_media":135544,"comment_status":"closed","ping_status":"open","sticky":false,"template":"","format":"standard","meta":{"_acf_changed":false,"footnotes":""},"categories":[11,8],"tags":[424],"class_list":["post-135492","post","type-post","status-publish","format-standard","has-post-thumbnail","hentry","category-que-pasa","category-politica","tag-ziliotto"],"acf":[],"yoast_head":"<!-- This site is optimized with the Yoast SEO plugin v27.5 - https:\/\/yoast.com\/product\/yoast-seo-wordpress\/ -->\n<title>Ziliotto y el manejo de la pandemia: \u201cNo tuvimos alternativa\u201d - Diario Textual<\/title>\n<meta name=\"robots\" content=\"index, follow, max-snippet:-1, max-image-preview:large, max-video-preview:-1\" \/>\n<link rel=\"canonical\" href=\"https:\/\/diariotextual.com\/inicio\/index.php\/2021\/03\/01\/ziliotto-destaco-la-presencia-de-un-estado-presente-para-enfrentar-la-pandemia\/\" \/>\n<meta property=\"og:locale\" content=\"es_ES\" \/>\n<meta property=\"og:type\" content=\"article\" \/>\n<meta property=\"og:title\" content=\"Ziliotto y el manejo de la pandemia: \u201cNo tuvimos alternativa\u201d - Diario Textual\" \/>\n<meta property=\"og:description\" content=\"El gobernador Sergio Ziliotto dijo en la tarde de este lunes, en el tradicional discurso para abrir las sesiones ordinarias de la Legislatura, que el \u201cEstado presente\u201d permiti\u00f3 afrontar la&hellip;\" \/>\n<meta property=\"og:url\" content=\"https:\/\/diariotextual.com\/inicio\/index.php\/2021\/03\/01\/ziliotto-destaco-la-presencia-de-un-estado-presente-para-enfrentar-la-pandemia\/\" \/>\n<meta property=\"og:site_name\" content=\"Diario Textual\" \/>\n<meta property=\"article:publisher\" content=\"https:\/\/www.facebook.com\/eltextual\" \/>\n<meta property=\"article:published_time\" content=\"2021-03-01T22:00:00+00:00\" \/>\n<meta property=\"article:modified_time\" content=\"2021-03-02T15:11:11+00:00\" \/>\n<meta property=\"og:image\" content=\"https:\/\/diariotextual.com\/inicio\/wp-content\/uploads\/2021\/03\/ziliottosergioaperturasesiones2021-3.jpg\" \/>\n\t<meta property=\"og:image:width\" content=\"904\" \/>\n\t<meta property=\"og:image:height\" content=\"601\" \/>\n\t<meta property=\"og:image:type\" content=\"image\/jpeg\" \/>\n<meta name=\"author\" content=\"Diario1 Diario1\" \/>\n<meta name=\"twitter:card\" content=\"summary_large_image\" \/>\n<meta name=\"twitter:creator\" content=\"@eltextual\" \/>\n<meta name=\"twitter:site\" content=\"@eltextual\" \/>\n<meta name=\"twitter:label1\" content=\"Escrito por\" \/>\n\t<meta name=\"twitter:data1\" content=\"Diario1 Diario1\" \/>\n\t<meta name=\"twitter:label2\" content=\"Tiempo de lectura\" \/>\n\t<meta name=\"twitter:data2\" content=\"10 minutos\" \/>\n<script type=\"application\/ld+json\" class=\"yoast-schema-graph\">{\"@context\":\"https:\\\/\\\/schema.org\",\"@graph\":[{\"@type\":\"Article\",\"@id\":\"https:\\\/\\\/diariotextual.com\\\/inicio\\\/index.php\\\/2021\\\/03\\\/01\\\/ziliotto-destaco-la-presencia-de-un-estado-presente-para-enfrentar-la-pandemia\\\/#article\",\"isPartOf\":{\"@id\":\"https:\\\/\\\/diariotextual.com\\\/inicio\\\/index.php\\\/2021\\\/03\\\/01\\\/ziliotto-destaco-la-presencia-de-un-estado-presente-para-enfrentar-la-pandemia\\\/\"},\"author\":{\"name\":\"Diario1 Diario1\",\"@id\":\"https:\\\/\\\/diariotextual.com\\\/inicio\\\/#\\\/schema\\\/person\\\/418fc4093c33e86ed41562db3508f958\"},\"headline\":\"Ziliotto y el manejo de la pandemia: \u201cNo tuvimos alternativa\u201d\",\"datePublished\":\"2021-03-01T22:00:00+00:00\",\"dateModified\":\"2021-03-02T15:11:11+00:00\",\"mainEntityOfPage\":{\"@id\":\"https:\\\/\\\/diariotextual.com\\\/inicio\\\/index.php\\\/2021\\\/03\\\/01\\\/ziliotto-destaco-la-presencia-de-un-estado-presente-para-enfrentar-la-pandemia\\\/\"},\"wordCount\":1913,\"publisher\":{\"@id\":\"https:\\\/\\\/diariotextual.com\\\/inicio\\\/#organization\"},\"image\":{\"@id\":\"https:\\\/\\\/diariotextual.com\\\/inicio\\\/index.php\\\/2021\\\/03\\\/01\\\/ziliotto-destaco-la-presencia-de-un-estado-presente-para-enfrentar-la-pandemia\\\/#primaryimage\"},\"thumbnailUrl\":\"https:\\\/\\\/diariotextual.com\\\/inicio\\\/wp-content\\\/uploads\\\/2021\\\/03\\\/ziliottosergioaperturasesiones2021-3.jpg\",\"keywords\":[\"ziliotto\"],\"articleSection\":[\"A - QUE PASA (al costado)\",\"POLITICA\"],\"inLanguage\":\"es\"},{\"@type\":\"WebPage\",\"@id\":\"https:\\\/\\\/diariotextual.com\\\/inicio\\\/index.php\\\/2021\\\/03\\\/01\\\/ziliotto-destaco-la-presencia-de-un-estado-presente-para-enfrentar-la-pandemia\\\/\",\"url\":\"https:\\\/\\\/diariotextual.com\\\/inicio\\\/index.php\\\/2021\\\/03\\\/01\\\/ziliotto-destaco-la-presencia-de-un-estado-presente-para-enfrentar-la-pandemia\\\/\",\"name\":\"Ziliotto y el manejo de la pandemia: \u201cNo tuvimos alternativa\u201d - Diario Textual\",\"isPartOf\":{\"@id\":\"https:\\\/\\\/diariotextual.com\\\/inicio\\\/#website\"},\"primaryImageOfPage\":{\"@id\":\"https:\\\/\\\/diariotextual.com\\\/inicio\\\/index.php\\\/2021\\\/03\\\/01\\\/ziliotto-destaco-la-presencia-de-un-estado-presente-para-enfrentar-la-pandemia\\\/#primaryimage\"},\"image\":{\"@id\":\"https:\\\/\\\/diariotextual.com\\\/inicio\\\/index.php\\\/2021\\\/03\\\/01\\\/ziliotto-destaco-la-presencia-de-un-estado-presente-para-enfrentar-la-pandemia\\\/#primaryimage\"},\"thumbnailUrl\":\"https:\\\/\\\/diariotextual.com\\\/inicio\\\/wp-content\\\/uploads\\\/2021\\\/03\\\/ziliottosergioaperturasesiones2021-3.jpg\",\"datePublished\":\"2021-03-01T22:00:00+00:00\",\"dateModified\":\"2021-03-02T15:11:11+00:00\",\"breadcrumb\":{\"@id\":\"https:\\\/\\\/diariotextual.com\\\/inicio\\\/index.php\\\/2021\\\/03\\\/01\\\/ziliotto-destaco-la-presencia-de-un-estado-presente-para-enfrentar-la-pandemia\\\/#breadcrumb\"},\"inLanguage\":\"es\",\"potentialAction\":[{\"@type\":\"ReadAction\",\"target\":[\"https:\\\/\\\/diariotextual.com\\\/inicio\\\/index.php\\\/2021\\\/03\\\/01\\\/ziliotto-destaco-la-presencia-de-un-estado-presente-para-enfrentar-la-pandemia\\\/\"]}]},{\"@type\":\"ImageObject\",\"inLanguage\":\"es\",\"@id\":\"https:\\\/\\\/diariotextual.com\\\/inicio\\\/index.php\\\/2021\\\/03\\\/01\\\/ziliotto-destaco-la-presencia-de-un-estado-presente-para-enfrentar-la-pandemia\\\/#primaryimage\",\"url\":\"https:\\\/\\\/diariotextual.com\\\/inicio\\\/wp-content\\\/uploads\\\/2021\\\/03\\\/ziliottosergioaperturasesiones2021-3.jpg\",\"contentUrl\":\"https:\\\/\\\/diariotextual.com\\\/inicio\\\/wp-content\\\/uploads\\\/2021\\\/03\\\/ziliottosergioaperturasesiones2021-3.jpg\",\"width\":904,\"height\":601},{\"@type\":\"BreadcrumbList\",\"@id\":\"https:\\\/\\\/diariotextual.com\\\/inicio\\\/index.php\\\/2021\\\/03\\\/01\\\/ziliotto-destaco-la-presencia-de-un-estado-presente-para-enfrentar-la-pandemia\\\/#breadcrumb\",\"itemListElement\":[{\"@type\":\"ListItem\",\"position\":1,\"name\":\"Portada\",\"item\":\"https:\\\/\\\/diariotextual.com\\\/inicio\\\/\"},{\"@type\":\"ListItem\",\"position\":2,\"name\":\"Ziliotto y el manejo de la pandemia: \u201cNo tuvimos alternativa\u201d\"}]},{\"@type\":\"WebSite\",\"@id\":\"https:\\\/\\\/diariotextual.com\\\/inicio\\\/#website\",\"url\":\"https:\\\/\\\/diariotextual.com\\\/inicio\\\/\",\"name\":\"Diario Textual\",\"description\":\"\",\"publisher\":{\"@id\":\"https:\\\/\\\/diariotextual.com\\\/inicio\\\/#organization\"},\"potentialAction\":[{\"@type\":\"SearchAction\",\"target\":{\"@type\":\"EntryPoint\",\"urlTemplate\":\"https:\\\/\\\/diariotextual.com\\\/inicio\\\/?s={search_term_string}\"},\"query-input\":{\"@type\":\"PropertyValueSpecification\",\"valueRequired\":true,\"valueName\":\"search_term_string\"}}],\"inLanguage\":\"es\"},{\"@type\":\"Organization\",\"@id\":\"https:\\\/\\\/diariotextual.com\\\/inicio\\\/#organization\",\"name\":\"Diario Textual\",\"url\":\"https:\\\/\\\/diariotextual.com\\\/inicio\\\/\",\"logo\":{\"@type\":\"ImageObject\",\"inLanguage\":\"es\",\"@id\":\"https:\\\/\\\/diariotextual.com\\\/inicio\\\/#\\\/schema\\\/logo\\\/image\\\/\",\"url\":\"https:\\\/\\\/diariotextual.com\\\/inicio\\\/wp-content\\\/uploads\\\/2023\\\/05\\\/logotextual1.jpg\",\"contentUrl\":\"https:\\\/\\\/diariotextual.com\\\/inicio\\\/wp-content\\\/uploads\\\/2023\\\/05\\\/logotextual1.jpg\",\"width\":516,\"height\":76,\"caption\":\"Diario Textual\"},\"image\":{\"@id\":\"https:\\\/\\\/diariotextual.com\\\/inicio\\\/#\\\/schema\\\/logo\\\/image\\\/\"},\"sameAs\":[\"https:\\\/\\\/www.facebook.com\\\/eltextual\",\"https:\\\/\\\/x.com\\\/eltextual\",\"http:\\\/\\\/www.instagram.com\\\/eltextual\"]},{\"@type\":\"Person\",\"@id\":\"https:\\\/\\\/diariotextual.com\\\/inicio\\\/#\\\/schema\\\/person\\\/418fc4093c33e86ed41562db3508f958\",\"name\":\"Diario1 Diario1\",\"image\":{\"@type\":\"ImageObject\",\"inLanguage\":\"es\",\"@id\":\"https:\\\/\\\/secure.gravatar.com\\\/avatar\\\/9167d280179c85bc18be67aa7eda765854300033af4896dd779b608640f2ef7a?s=96&d=mm&r=g\",\"url\":\"https:\\\/\\\/secure.gravatar.com\\\/avatar\\\/9167d280179c85bc18be67aa7eda765854300033af4896dd779b608640f2ef7a?s=96&d=mm&r=g\",\"contentUrl\":\"https:\\\/\\\/secure.gravatar.com\\\/avatar\\\/9167d280179c85bc18be67aa7eda765854300033af4896dd779b608640f2ef7a?s=96&d=mm&r=g\",\"caption\":\"Diario1 Diario1\"},\"url\":\"https:\\\/\\\/diariotextual.com\\\/inicio\\\/index.php\\\/author\\\/diario1\\\/\"}]}<\/script>\n<!-- \/ Yoast SEO plugin. -->","yoast_head_json":{"title":"Ziliotto y el manejo de la pandemia: \u201cNo tuvimos alternativa\u201d - Diario Textual","robots":{"index":"index","follow":"follow","max-snippet":"max-snippet:-1","max-image-preview":"max-image-preview:large","max-video-preview":"max-video-preview:-1"},"canonical":"https:\/\/diariotextual.com\/inicio\/index.php\/2021\/03\/01\/ziliotto-destaco-la-presencia-de-un-estado-presente-para-enfrentar-la-pandemia\/","og_locale":"es_ES","og_type":"article","og_title":"Ziliotto y el manejo de la pandemia: \u201cNo tuvimos alternativa\u201d - Diario Textual","og_description":"El gobernador Sergio Ziliotto dijo en la tarde de este lunes, en el tradicional discurso para abrir las sesiones ordinarias de la Legislatura, que el \u201cEstado presente\u201d permiti\u00f3 afrontar la&hellip;","og_url":"https:\/\/diariotextual.com\/inicio\/index.php\/2021\/03\/01\/ziliotto-destaco-la-presencia-de-un-estado-presente-para-enfrentar-la-pandemia\/","og_site_name":"Diario Textual","article_publisher":"https:\/\/www.facebook.com\/eltextual","article_published_time":"2021-03-01T22:00:00+00:00","article_modified_time":"2021-03-02T15:11:11+00:00","og_image":[{"width":904,"height":601,"url":"https:\/\/diariotextual.com\/inicio\/wp-content\/uploads\/2021\/03\/ziliottosergioaperturasesiones2021-3.jpg","type":"image\/jpeg"}],"author":"Diario1 Diario1","twitter_card":"summary_large_image","twitter_creator":"@eltextual","twitter_site":"@eltextual","twitter_misc":{"Escrito por":"Diario1 Diario1","Tiempo de lectura":"10 minutos"},"schema":{"@context":"https:\/\/schema.org","@graph":[{"@type":"Article","@id":"https:\/\/diariotextual.com\/inicio\/index.php\/2021\/03\/01\/ziliotto-destaco-la-presencia-de-un-estado-presente-para-enfrentar-la-pandemia\/#article","isPartOf":{"@id":"https:\/\/diariotextual.com\/inicio\/index.php\/2021\/03\/01\/ziliotto-destaco-la-presencia-de-un-estado-presente-para-enfrentar-la-pandemia\/"},"author":{"name":"Diario1 Diario1","@id":"https:\/\/diariotextual.com\/inicio\/#\/schema\/person\/418fc4093c33e86ed41562db3508f958"},"headline":"Ziliotto y el manejo de la pandemia: \u201cNo tuvimos alternativa\u201d","datePublished":"2021-03-01T22:00:00+00:00","dateModified":"2021-03-02T15:11:11+00:00","mainEntityOfPage":{"@id":"https:\/\/diariotextual.com\/inicio\/index.php\/2021\/03\/01\/ziliotto-destaco-la-presencia-de-un-estado-presente-para-enfrentar-la-pandemia\/"},"wordCount":1913,"publisher":{"@id":"https:\/\/diariotextual.com\/inicio\/#organization"},"image":{"@id":"https:\/\/diariotextual.com\/inicio\/index.php\/2021\/03\/01\/ziliotto-destaco-la-presencia-de-un-estado-presente-para-enfrentar-la-pandemia\/#primaryimage"},"thumbnailUrl":"https:\/\/diariotextual.com\/inicio\/wp-content\/uploads\/2021\/03\/ziliottosergioaperturasesiones2021-3.jpg","keywords":["ziliotto"],"articleSection":["A - QUE PASA (al costado)","POLITICA"],"inLanguage":"es"},{"@type":"WebPage","@id":"https:\/\/diariotextual.com\/inicio\/index.php\/2021\/03\/01\/ziliotto-destaco-la-presencia-de-un-estado-presente-para-enfrentar-la-pandemia\/","url":"https:\/\/diariotextual.com\/inicio\/index.php\/2021\/03\/01\/ziliotto-destaco-la-presencia-de-un-estado-presente-para-enfrentar-la-pandemia\/","name":"Ziliotto y el manejo de la pandemia: \u201cNo tuvimos alternativa\u201d - Diario Textual","isPartOf":{"@id":"https:\/\/diariotextual.com\/inicio\/#website"},"primaryImageOfPage":{"@id":"https:\/\/diariotextual.com\/inicio\/index.php\/2021\/03\/01\/ziliotto-destaco-la-presencia-de-un-estado-presente-para-enfrentar-la-pandemia\/#primaryimage"},"image":{"@id":"https:\/\/diariotextual.com\/inicio\/index.php\/2021\/03\/01\/ziliotto-destaco-la-presencia-de-un-estado-presente-para-enfrentar-la-pandemia\/#primaryimage"},"thumbnailUrl":"https:\/\/diariotextual.com\/inicio\/wp-content\/uploads\/2021\/03\/ziliottosergioaperturasesiones2021-3.jpg","datePublished":"2021-03-01T22:00:00+00:00","dateModified":"2021-03-02T15:11:11+00:00","breadcrumb":{"@id":"https:\/\/diariotextual.com\/inicio\/index.php\/2021\/03\/01\/ziliotto-destaco-la-presencia-de-un-estado-presente-para-enfrentar-la-pandemia\/#breadcrumb"},"inLanguage":"es","potentialAction":[{"@type":"ReadAction","target":["https:\/\/diariotextual.com\/inicio\/index.php\/2021\/03\/01\/ziliotto-destaco-la-presencia-de-un-estado-presente-para-enfrentar-la-pandemia\/"]}]},{"@type":"ImageObject","inLanguage":"es","@id":"https:\/\/diariotextual.com\/inicio\/index.php\/2021\/03\/01\/ziliotto-destaco-la-presencia-de-un-estado-presente-para-enfrentar-la-pandemia\/#primaryimage","url":"https:\/\/diariotextual.com\/inicio\/wp-content\/uploads\/2021\/03\/ziliottosergioaperturasesiones2021-3.jpg","contentUrl":"https:\/\/diariotextual.com\/inicio\/wp-content\/uploads\/2021\/03\/ziliottosergioaperturasesiones2021-3.jpg","width":904,"height":601},{"@type":"BreadcrumbList","@id":"https:\/\/diariotextual.com\/inicio\/index.php\/2021\/03\/01\/ziliotto-destaco-la-presencia-de-un-estado-presente-para-enfrentar-la-pandemia\/#breadcrumb","itemListElement":[{"@type":"ListItem","position":1,"name":"Portada","item":"https:\/\/diariotextual.com\/inicio\/"},{"@type":"ListItem","position":2,"name":"Ziliotto y el manejo de la pandemia: \u201cNo tuvimos alternativa\u201d"}]},{"@type":"WebSite","@id":"https:\/\/diariotextual.com\/inicio\/#website","url":"https:\/\/diariotextual.com\/inicio\/","name":"Diario Textual","description":"","publisher":{"@id":"https:\/\/diariotextual.com\/inicio\/#organization"},"potentialAction":[{"@type":"SearchAction","target":{"@type":"EntryPoint","urlTemplate":"https:\/\/diariotextual.com\/inicio\/?s={search_term_string}"},"query-input":{"@type":"PropertyValueSpecification","valueRequired":true,"valueName":"search_term_string"}}],"inLanguage":"es"},{"@type":"Organization","@id":"https:\/\/diariotextual.com\/inicio\/#organization","name":"Diario Textual","url":"https:\/\/diariotextual.com\/inicio\/","logo":{"@type":"ImageObject","inLanguage":"es","@id":"https:\/\/diariotextual.com\/inicio\/#\/schema\/logo\/image\/","url":"https:\/\/diariotextual.com\/inicio\/wp-content\/uploads\/2023\/05\/logotextual1.jpg","contentUrl":"https:\/\/diariotextual.com\/inicio\/wp-content\/uploads\/2023\/05\/logotextual1.jpg","width":516,"height":76,"caption":"Diario Textual"},"image":{"@id":"https:\/\/diariotextual.com\/inicio\/#\/schema\/logo\/image\/"},"sameAs":["https:\/\/www.facebook.com\/eltextual","https:\/\/x.com\/eltextual","http:\/\/www.instagram.com\/eltextual"]},{"@type":"Person","@id":"https:\/\/diariotextual.com\/inicio\/#\/schema\/person\/418fc4093c33e86ed41562db3508f958","name":"Diario1 Diario1","image":{"@type":"ImageObject","inLanguage":"es","@id":"https:\/\/secure.gravatar.com\/avatar\/9167d280179c85bc18be67aa7eda765854300033af4896dd779b608640f2ef7a?s=96&d=mm&r=g","url":"https:\/\/secure.gravatar.com\/avatar\/9167d280179c85bc18be67aa7eda765854300033af4896dd779b608640f2ef7a?s=96&d=mm&r=g","contentUrl":"https:\/\/secure.gravatar.com\/avatar\/9167d280179c85bc18be67aa7eda765854300033af4896dd779b608640f2ef7a?s=96&d=mm&r=g","caption":"Diario1 Diario1"},"url":"https:\/\/diariotextual.com\/inicio\/index.php\/author\/diario1\/"}]}},"_links":{"self":[{"href":"https:\/\/diariotextual.com\/inicio\/index.php\/wp-json\/wp\/v2\/posts\/135492","targetHints":{"allow":["GET"]}}],"collection":[{"href":"https:\/\/diariotextual.com\/inicio\/index.php\/wp-json\/wp\/v2\/posts"}],"about":[{"href":"https:\/\/diariotextual.com\/inicio\/index.php\/wp-json\/wp\/v2\/types\/post"}],"author":[{"embeddable":true,"href":"https:\/\/diariotextual.com\/inicio\/index.php\/wp-json\/wp\/v2\/users\/3"}],"replies":[{"embeddable":true,"href":"https:\/\/diariotextual.com\/inicio\/index.php\/wp-json\/wp\/v2\/comments?post=135492"}],"version-history":[{"count":29,"href":"https:\/\/diariotextual.com\/inicio\/index.php\/wp-json\/wp\/v2\/posts\/135492\/revisions"}],"predecessor-version":[{"id":135642,"href":"https:\/\/diariotextual.com\/inicio\/index.php\/wp-json\/wp\/v2\/posts\/135492\/revisions\/135642"}],"wp:featuredmedia":[{"embeddable":true,"href":"https:\/\/diariotextual.com\/inicio\/index.php\/wp-json\/wp\/v2\/media\/135544"}],"wp:attachment":[{"href":"https:\/\/diariotextual.com\/inicio\/index.php\/wp-json\/wp\/v2\/media?parent=135492"}],"wp:term":[{"taxonomy":"category","embeddable":true,"href":"https:\/\/diariotextual.com\/inicio\/index.php\/wp-json\/wp\/v2\/categories?post=135492"},{"taxonomy":"post_tag","embeddable":true,"href":"https:\/\/diariotextual.com\/inicio\/index.php\/wp-json\/wp\/v2\/tags?post=135492"}],"curies":[{"name":"wp","href":"https:\/\/api.w.org\/{rel}","templated":true}]}}