{"id":135525,"date":"2021-03-01T18:58:41","date_gmt":"2021-03-01T21:58:41","guid":{"rendered":"http:\/\/diariotextual.com\/inicio\/?p=135525"},"modified":"2021-03-01T19:48:53","modified_gmt":"2021-03-01T22:48:53","slug":"la-vivienda-de-morisoli-sera-una-casa-museo","status":"publish","type":"post","link":"https:\/\/diariotextual.com\/inicio\/index.php\/2021\/03\/01\/la-vivienda-de-morisoli-sera-una-casa-museo\/","title":{"rendered":"La vivienda de Morisoli ser\u00e1 una casa-museo"},"content":{"rendered":"\n<p>La vivienda donde residi\u00f3 en Santa Rosa el escritor Edgar Morisoli , quien<strong><a rel=\"noreferrer noopener\" href=\"http:\/\/diariotextual.com\/inicio\/index.php\/2020\/06\/16\/murio-poeta-escritor-edgar-morisoli\/\" target=\"_blank\"> falleci\u00f3 en junio de 2020<\/a><\/strong>, ser\u00e1 adquirida por el Estado pampeano: se convertir\u00e1 una casa-museo, anunci\u00f3 el gobernador Sergio Ziliotto.<\/p>\n\n\n\n<p>\u201cLas propuestas culturales sufrieron un alto impacto por la pandemia. Tenemos el desaf\u00edo de generar propuestas innovadoras\u201d, dijo el mandatario, frente a los diputados, al abrir las sesiones ordinarias. <br>\u201cSi hablamos de derechos culturales, no podemos dejar de mirar nuestra propia y rica historia. Nos cabe tambi\u00e9n la responsabilidad de difundir, proteger y facilitar a los pampeanos el\u00a0 goce de esos derechos\u201d.\u00a0<\/p>\n\n\n\n<p>\u201cEdgar Morisoli fue el poeta, escritor y ensayista emblema de la provincia. Habit\u00f3 por muchos a\u00f1os la casa que hizo famoso al pasaje Pringles en Santa Rosa y junto a otra poeta aguerrida Margarita Monge formaron una familia y recibieron, con mate y poes\u00eda, a \u00a1cientos de pampeanos! Quiero anunciar que esa casa seguir\u00e1 perteneciendo a las y los pampeanos porque ser\u00e1 adquirida y transformada en una Casa Museo, abierta al pueblo\u201d, dijo. \u201cPara que siga vivo su esp\u00edritu militante y sencillo. Para que su obra, declarada Patrimonio Provincial, est\u00e9 abierta y a disposici\u00f3n de todas y todos\u201d.<\/p>\n\n\n\n<p>Morisoli hab\u00eda&nbsp;<strong>nacido en Acebal (Santa Fe) el 5 de noviembre de 1930<\/strong>, aunque era&nbsp;<strong>un pampeano por adopci\u00f3n.&nbsp;<\/strong>Fue miembro fundador de la Asociaci\u00f3n de Escritores Pampeanos.<\/p>\n\n\n\n<p>Considerado uno de los mayores poetas que ha dado La Pampa a trav\u00e9s del siglo XX e inicios del XXI, fue uno de los pilares fundamentales en la construcci\u00f3n de cierta \u201cpampeanidad\u201d. Muchos de sus poemas han sido musicalizados y exceden los l\u00edmites provinciales, lo que lo convierte en un poeta americano, universal.<\/p>\n\n\n\n<figure class=\"wp-block-embed-wordpress wp-block-embed is-type-wp-embed is-provider-diario-textual\"><div class=\"wp-block-embed__wrapper\">\n<blockquote class=\"wp-embedded-content\" data-secret=\"ZET8Adk4By\"><a href=\"http:\/\/diariotextual.com\/inicio\/index.php\/2021\/03\/01\/ziliotto-destaco-la-presencia-de-un-estado-presente-para-enfrentar-la-pandemia\/\">Ziliotto y el manejo de la pandemia: \u201cNo tuvimos alternativa\u201d<\/a><\/blockquote><iframe class=\"wp-embedded-content\" sandbox=\"allow-scripts\" security=\"restricted\" style=\"position: absolute; clip: rect(1px, 1px, 1px, 1px);\" title=\"\u00abZiliotto y el manejo de la pandemia: \u201cNo tuvimos alternativa\u201d\u00bb \u2014 Diario Textual\" src=\"http:\/\/diariotextual.com\/inicio\/index.php\/2021\/03\/01\/ziliotto-destaco-la-presencia-de-un-estado-presente-para-enfrentar-la-pandemia\/embed\/#?secret=ZET8Adk4By\" data-secret=\"ZET8Adk4By\" width=\"600\" height=\"338\" frameborder=\"0\" marginwidth=\"0\" marginheight=\"0\" scrolling=\"no\"><\/iframe>\n<\/div><\/figure>\n","protected":false},"excerpt":{"rendered":"<p>La vivienda donde residi\u00f3 en Santa Rosa el escritor Edgar Morisoli , quien falleci\u00f3 en junio de 2020, ser\u00e1 adquirida por el Estado pampeano: se convertir\u00e1 una casa-museo, anunci\u00f3 el&hellip;<\/p>\n","protected":false},"author":3,"featured_media":59145,"comment_status":"closed","ping_status":"open","sticky":false,"template":"","format":"standard","meta":{"_acf_changed":false,"footnotes":""},"categories":[1,2],"tags":[],"class_list":["post-135525","post","type-post","status-publish","format-standard","has-post-thumbnail","hentry","category-es-noticia","category-cultura"],"acf":[],"yoast_head":"<!-- This site is optimized with the Yoast SEO plugin v27.5 - https:\/\/yoast.com\/product\/yoast-seo-wordpress\/ -->\n<title>La vivienda de Morisoli ser\u00e1 una casa-museo - Diario Textual<\/title>\n<meta name=\"robots\" content=\"index, follow, max-snippet:-1, max-image-preview:large, max-video-preview:-1\" \/>\n<link rel=\"canonical\" href=\"https:\/\/diariotextual.com\/inicio\/index.php\/2021\/03\/01\/la-vivienda-de-morisoli-sera-una-casa-museo\/\" \/>\n<meta property=\"og:locale\" content=\"es_ES\" \/>\n<meta property=\"og:type\" content=\"article\" \/>\n<meta property=\"og:title\" content=\"La vivienda de Morisoli ser\u00e1 una casa-museo - Diario Textual\" \/>\n<meta property=\"og:description\" content=\"La vivienda donde residi\u00f3 en Santa Rosa el escritor Edgar Morisoli , quien falleci\u00f3 en junio de 2020, ser\u00e1 adquirida por el Estado pampeano: se convertir\u00e1 una casa-museo, anunci\u00f3 el&hellip;\" \/>\n<meta property=\"og:url\" content=\"https:\/\/diariotextual.com\/inicio\/index.php\/2021\/03\/01\/la-vivienda-de-morisoli-sera-una-casa-museo\/\" \/>\n<meta property=\"og:site_name\" content=\"Diario Textual\" \/>\n<meta property=\"article:publisher\" content=\"https:\/\/www.facebook.com\/eltextual\" \/>\n<meta property=\"article:published_time\" content=\"2021-03-01T21:58:41+00:00\" \/>\n<meta property=\"article:modified_time\" content=\"2021-03-01T22:48:53+00:00\" \/>\n<meta property=\"og:image\" content=\"https:\/\/diariotextual.com\/inicio\/wp-content\/uploads\/2019\/08\/morisoliedgar2019-16.jpg\" \/>\n\t<meta property=\"og:image:width\" content=\"1000\" \/>\n\t<meta property=\"og:image:height\" content=\"667\" \/>\n\t<meta property=\"og:image:type\" content=\"image\/jpeg\" \/>\n<meta name=\"author\" content=\"Diario1 Diario1\" \/>\n<meta name=\"twitter:card\" content=\"summary_large_image\" \/>\n<meta name=\"twitter:creator\" content=\"@eltextual\" \/>\n<meta name=\"twitter:site\" content=\"@eltextual\" \/>\n<meta name=\"twitter:label1\" content=\"Escrito por\" \/>\n\t<meta name=\"twitter:data1\" content=\"Diario1 Diario1\" \/>\n\t<meta name=\"twitter:label2\" content=\"Tiempo de lectura\" \/>\n\t<meta name=\"twitter:data2\" content=\"1 minuto\" \/>\n<script type=\"application\/ld+json\" class=\"yoast-schema-graph\">{\"@context\":\"https:\\\/\\\/schema.org\",\"@graph\":[{\"@type\":\"Article\",\"@id\":\"https:\\\/\\\/diariotextual.com\\\/inicio\\\/index.php\\\/2021\\\/03\\\/01\\\/la-vivienda-de-morisoli-sera-una-casa-museo\\\/#article\",\"isPartOf\":{\"@id\":\"https:\\\/\\\/diariotextual.com\\\/inicio\\\/index.php\\\/2021\\\/03\\\/01\\\/la-vivienda-de-morisoli-sera-una-casa-museo\\\/\"},\"author\":{\"name\":\"Diario1 Diario1\",\"@id\":\"https:\\\/\\\/diariotextual.com\\\/inicio\\\/#\\\/schema\\\/person\\\/418fc4093c33e86ed41562db3508f958\"},\"headline\":\"La vivienda de Morisoli ser\u00e1 una casa-museo\",\"datePublished\":\"2021-03-01T21:58:41+00:00\",\"dateModified\":\"2021-03-01T22:48:53+00:00\",\"mainEntityOfPage\":{\"@id\":\"https:\\\/\\\/diariotextual.com\\\/inicio\\\/index.php\\\/2021\\\/03\\\/01\\\/la-vivienda-de-morisoli-sera-una-casa-museo\\\/\"},\"wordCount\":299,\"publisher\":{\"@id\":\"https:\\\/\\\/diariotextual.com\\\/inicio\\\/#organization\"},\"image\":{\"@id\":\"https:\\\/\\\/diariotextual.com\\\/inicio\\\/index.php\\\/2021\\\/03\\\/01\\\/la-vivienda-de-morisoli-sera-una-casa-museo\\\/#primaryimage\"},\"thumbnailUrl\":\"https:\\\/\\\/diariotextual.com\\\/inicio\\\/wp-content\\\/uploads\\\/2019\\\/08\\\/morisoliedgar2019-16.jpg\",\"articleSection\":[\"A - ES NOTICIA (van abajo)\",\"CULTURA\"],\"inLanguage\":\"es\"},{\"@type\":\"WebPage\",\"@id\":\"https:\\\/\\\/diariotextual.com\\\/inicio\\\/index.php\\\/2021\\\/03\\\/01\\\/la-vivienda-de-morisoli-sera-una-casa-museo\\\/\",\"url\":\"https:\\\/\\\/diariotextual.com\\\/inicio\\\/index.php\\\/2021\\\/03\\\/01\\\/la-vivienda-de-morisoli-sera-una-casa-museo\\\/\",\"name\":\"La vivienda de Morisoli ser\u00e1 una casa-museo - Diario Textual\",\"isPartOf\":{\"@id\":\"https:\\\/\\\/diariotextual.com\\\/inicio\\\/#website\"},\"primaryImageOfPage\":{\"@id\":\"https:\\\/\\\/diariotextual.com\\\/inicio\\\/index.php\\\/2021\\\/03\\\/01\\\/la-vivienda-de-morisoli-sera-una-casa-museo\\\/#primaryimage\"},\"image\":{\"@id\":\"https:\\\/\\\/diariotextual.com\\\/inicio\\\/index.php\\\/2021\\\/03\\\/01\\\/la-vivienda-de-morisoli-sera-una-casa-museo\\\/#primaryimage\"},\"thumbnailUrl\":\"https:\\\/\\\/diariotextual.com\\\/inicio\\\/wp-content\\\/uploads\\\/2019\\\/08\\\/morisoliedgar2019-16.jpg\",\"datePublished\":\"2021-03-01T21:58:41+00:00\",\"dateModified\":\"2021-03-01T22:48:53+00:00\",\"breadcrumb\":{\"@id\":\"https:\\\/\\\/diariotextual.com\\\/inicio\\\/index.php\\\/2021\\\/03\\\/01\\\/la-vivienda-de-morisoli-sera-una-casa-museo\\\/#breadcrumb\"},\"inLanguage\":\"es\",\"potentialAction\":[{\"@type\":\"ReadAction\",\"target\":[\"https:\\\/\\\/diariotextual.com\\\/inicio\\\/index.php\\\/2021\\\/03\\\/01\\\/la-vivienda-de-morisoli-sera-una-casa-museo\\\/\"]}]},{\"@type\":\"ImageObject\",\"inLanguage\":\"es\",\"@id\":\"https:\\\/\\\/diariotextual.com\\\/inicio\\\/index.php\\\/2021\\\/03\\\/01\\\/la-vivienda-de-morisoli-sera-una-casa-museo\\\/#primaryimage\",\"url\":\"https:\\\/\\\/diariotextual.com\\\/inicio\\\/wp-content\\\/uploads\\\/2019\\\/08\\\/morisoliedgar2019-16.jpg\",\"contentUrl\":\"https:\\\/\\\/diariotextual.com\\\/inicio\\\/wp-content\\\/uploads\\\/2019\\\/08\\\/morisoliedgar2019-16.jpg\",\"width\":1000,\"height\":667},{\"@type\":\"BreadcrumbList\",\"@id\":\"https:\\\/\\\/diariotextual.com\\\/inicio\\\/index.php\\\/2021\\\/03\\\/01\\\/la-vivienda-de-morisoli-sera-una-casa-museo\\\/#breadcrumb\",\"itemListElement\":[{\"@type\":\"ListItem\",\"position\":1,\"name\":\"Portada\",\"item\":\"https:\\\/\\\/diariotextual.com\\\/inicio\\\/\"},{\"@type\":\"ListItem\",\"position\":2,\"name\":\"La vivienda de Morisoli ser\u00e1 una casa-museo\"}]},{\"@type\":\"WebSite\",\"@id\":\"https:\\\/\\\/diariotextual.com\\\/inicio\\\/#website\",\"url\":\"https:\\\/\\\/diariotextual.com\\\/inicio\\\/\",\"name\":\"Diario Textual\",\"description\":\"\",\"publisher\":{\"@id\":\"https:\\\/\\\/diariotextual.com\\\/inicio\\\/#organization\"},\"potentialAction\":[{\"@type\":\"SearchAction\",\"target\":{\"@type\":\"EntryPoint\",\"urlTemplate\":\"https:\\\/\\\/diariotextual.com\\\/inicio\\\/?s={search_term_string}\"},\"query-input\":{\"@type\":\"PropertyValueSpecification\",\"valueRequired\":true,\"valueName\":\"search_term_string\"}}],\"inLanguage\":\"es\"},{\"@type\":\"Organization\",\"@id\":\"https:\\\/\\\/diariotextual.com\\\/inicio\\\/#organization\",\"name\":\"Diario Textual\",\"url\":\"https:\\\/\\\/diariotextual.com\\\/inicio\\\/\",\"logo\":{\"@type\":\"ImageObject\",\"inLanguage\":\"es\",\"@id\":\"https:\\\/\\\/diariotextual.com\\\/inicio\\\/#\\\/schema\\\/logo\\\/image\\\/\",\"url\":\"https:\\\/\\\/diariotextual.com\\\/inicio\\\/wp-content\\\/uploads\\\/2023\\\/05\\\/logotextual1.jpg\",\"contentUrl\":\"https:\\\/\\\/diariotextual.com\\\/inicio\\\/wp-content\\\/uploads\\\/2023\\\/05\\\/logotextual1.jpg\",\"width\":516,\"height\":76,\"caption\":\"Diario Textual\"},\"image\":{\"@id\":\"https:\\\/\\\/diariotextual.com\\\/inicio\\\/#\\\/schema\\\/logo\\\/image\\\/\"},\"sameAs\":[\"https:\\\/\\\/www.facebook.com\\\/eltextual\",\"https:\\\/\\\/x.com\\\/eltextual\",\"http:\\\/\\\/www.instagram.com\\\/eltextual\"]},{\"@type\":\"Person\",\"@id\":\"https:\\\/\\\/diariotextual.com\\\/inicio\\\/#\\\/schema\\\/person\\\/418fc4093c33e86ed41562db3508f958\",\"name\":\"Diario1 Diario1\",\"image\":{\"@type\":\"ImageObject\",\"inLanguage\":\"es\",\"@id\":\"https:\\\/\\\/secure.gravatar.com\\\/avatar\\\/9167d280179c85bc18be67aa7eda765854300033af4896dd779b608640f2ef7a?s=96&d=mm&r=g\",\"url\":\"https:\\\/\\\/secure.gravatar.com\\\/avatar\\\/9167d280179c85bc18be67aa7eda765854300033af4896dd779b608640f2ef7a?s=96&d=mm&r=g\",\"contentUrl\":\"https:\\\/\\\/secure.gravatar.com\\\/avatar\\\/9167d280179c85bc18be67aa7eda765854300033af4896dd779b608640f2ef7a?s=96&d=mm&r=g\",\"caption\":\"Diario1 Diario1\"},\"url\":\"https:\\\/\\\/diariotextual.com\\\/inicio\\\/index.php\\\/author\\\/diario1\\\/\"}]}<\/script>\n<!-- \/ Yoast SEO plugin. -->","yoast_head_json":{"title":"La vivienda de Morisoli ser\u00e1 una casa-museo - Diario Textual","robots":{"index":"index","follow":"follow","max-snippet":"max-snippet:-1","max-image-preview":"max-image-preview:large","max-video-preview":"max-video-preview:-1"},"canonical":"https:\/\/diariotextual.com\/inicio\/index.php\/2021\/03\/01\/la-vivienda-de-morisoli-sera-una-casa-museo\/","og_locale":"es_ES","og_type":"article","og_title":"La vivienda de Morisoli ser\u00e1 una casa-museo - Diario Textual","og_description":"La vivienda donde residi\u00f3 en Santa Rosa el escritor Edgar Morisoli , quien falleci\u00f3 en junio de 2020, ser\u00e1 adquirida por el Estado pampeano: se convertir\u00e1 una casa-museo, anunci\u00f3 el&hellip;","og_url":"https:\/\/diariotextual.com\/inicio\/index.php\/2021\/03\/01\/la-vivienda-de-morisoli-sera-una-casa-museo\/","og_site_name":"Diario Textual","article_publisher":"https:\/\/www.facebook.com\/eltextual","article_published_time":"2021-03-01T21:58:41+00:00","article_modified_time":"2021-03-01T22:48:53+00:00","og_image":[{"width":1000,"height":667,"url":"https:\/\/diariotextual.com\/inicio\/wp-content\/uploads\/2019\/08\/morisoliedgar2019-16.jpg","type":"image\/jpeg"}],"author":"Diario1 Diario1","twitter_card":"summary_large_image","twitter_creator":"@eltextual","twitter_site":"@eltextual","twitter_misc":{"Escrito por":"Diario1 Diario1","Tiempo de lectura":"1 minuto"},"schema":{"@context":"https:\/\/schema.org","@graph":[{"@type":"Article","@id":"https:\/\/diariotextual.com\/inicio\/index.php\/2021\/03\/01\/la-vivienda-de-morisoli-sera-una-casa-museo\/#article","isPartOf":{"@id":"https:\/\/diariotextual.com\/inicio\/index.php\/2021\/03\/01\/la-vivienda-de-morisoli-sera-una-casa-museo\/"},"author":{"name":"Diario1 Diario1","@id":"https:\/\/diariotextual.com\/inicio\/#\/schema\/person\/418fc4093c33e86ed41562db3508f958"},"headline":"La vivienda de Morisoli ser\u00e1 una casa-museo","datePublished":"2021-03-01T21:58:41+00:00","dateModified":"2021-03-01T22:48:53+00:00","mainEntityOfPage":{"@id":"https:\/\/diariotextual.com\/inicio\/index.php\/2021\/03\/01\/la-vivienda-de-morisoli-sera-una-casa-museo\/"},"wordCount":299,"publisher":{"@id":"https:\/\/diariotextual.com\/inicio\/#organization"},"image":{"@id":"https:\/\/diariotextual.com\/inicio\/index.php\/2021\/03\/01\/la-vivienda-de-morisoli-sera-una-casa-museo\/#primaryimage"},"thumbnailUrl":"https:\/\/diariotextual.com\/inicio\/wp-content\/uploads\/2019\/08\/morisoliedgar2019-16.jpg","articleSection":["A - ES NOTICIA (van abajo)","CULTURA"],"inLanguage":"es"},{"@type":"WebPage","@id":"https:\/\/diariotextual.com\/inicio\/index.php\/2021\/03\/01\/la-vivienda-de-morisoli-sera-una-casa-museo\/","url":"https:\/\/diariotextual.com\/inicio\/index.php\/2021\/03\/01\/la-vivienda-de-morisoli-sera-una-casa-museo\/","name":"La vivienda de Morisoli ser\u00e1 una casa-museo - Diario Textual","isPartOf":{"@id":"https:\/\/diariotextual.com\/inicio\/#website"},"primaryImageOfPage":{"@id":"https:\/\/diariotextual.com\/inicio\/index.php\/2021\/03\/01\/la-vivienda-de-morisoli-sera-una-casa-museo\/#primaryimage"},"image":{"@id":"https:\/\/diariotextual.com\/inicio\/index.php\/2021\/03\/01\/la-vivienda-de-morisoli-sera-una-casa-museo\/#primaryimage"},"thumbnailUrl":"https:\/\/diariotextual.com\/inicio\/wp-content\/uploads\/2019\/08\/morisoliedgar2019-16.jpg","datePublished":"2021-03-01T21:58:41+00:00","dateModified":"2021-03-01T22:48:53+00:00","breadcrumb":{"@id":"https:\/\/diariotextual.com\/inicio\/index.php\/2021\/03\/01\/la-vivienda-de-morisoli-sera-una-casa-museo\/#breadcrumb"},"inLanguage":"es","potentialAction":[{"@type":"ReadAction","target":["https:\/\/diariotextual.com\/inicio\/index.php\/2021\/03\/01\/la-vivienda-de-morisoli-sera-una-casa-museo\/"]}]},{"@type":"ImageObject","inLanguage":"es","@id":"https:\/\/diariotextual.com\/inicio\/index.php\/2021\/03\/01\/la-vivienda-de-morisoli-sera-una-casa-museo\/#primaryimage","url":"https:\/\/diariotextual.com\/inicio\/wp-content\/uploads\/2019\/08\/morisoliedgar2019-16.jpg","contentUrl":"https:\/\/diariotextual.com\/inicio\/wp-content\/uploads\/2019\/08\/morisoliedgar2019-16.jpg","width":1000,"height":667},{"@type":"BreadcrumbList","@id":"https:\/\/diariotextual.com\/inicio\/index.php\/2021\/03\/01\/la-vivienda-de-morisoli-sera-una-casa-museo\/#breadcrumb","itemListElement":[{"@type":"ListItem","position":1,"name":"Portada","item":"https:\/\/diariotextual.com\/inicio\/"},{"@type":"ListItem","position":2,"name":"La vivienda de Morisoli ser\u00e1 una casa-museo"}]},{"@type":"WebSite","@id":"https:\/\/diariotextual.com\/inicio\/#website","url":"https:\/\/diariotextual.com\/inicio\/","name":"Diario Textual","description":"","publisher":{"@id":"https:\/\/diariotextual.com\/inicio\/#organization"},"potentialAction":[{"@type":"SearchAction","target":{"@type":"EntryPoint","urlTemplate":"https:\/\/diariotextual.com\/inicio\/?s={search_term_string}"},"query-input":{"@type":"PropertyValueSpecification","valueRequired":true,"valueName":"search_term_string"}}],"inLanguage":"es"},{"@type":"Organization","@id":"https:\/\/diariotextual.com\/inicio\/#organization","name":"Diario Textual","url":"https:\/\/diariotextual.com\/inicio\/","logo":{"@type":"ImageObject","inLanguage":"es","@id":"https:\/\/diariotextual.com\/inicio\/#\/schema\/logo\/image\/","url":"https:\/\/diariotextual.com\/inicio\/wp-content\/uploads\/2023\/05\/logotextual1.jpg","contentUrl":"https:\/\/diariotextual.com\/inicio\/wp-content\/uploads\/2023\/05\/logotextual1.jpg","width":516,"height":76,"caption":"Diario Textual"},"image":{"@id":"https:\/\/diariotextual.com\/inicio\/#\/schema\/logo\/image\/"},"sameAs":["https:\/\/www.facebook.com\/eltextual","https:\/\/x.com\/eltextual","http:\/\/www.instagram.com\/eltextual"]},{"@type":"Person","@id":"https:\/\/diariotextual.com\/inicio\/#\/schema\/person\/418fc4093c33e86ed41562db3508f958","name":"Diario1 Diario1","image":{"@type":"ImageObject","inLanguage":"es","@id":"https:\/\/secure.gravatar.com\/avatar\/9167d280179c85bc18be67aa7eda765854300033af4896dd779b608640f2ef7a?s=96&d=mm&r=g","url":"https:\/\/secure.gravatar.com\/avatar\/9167d280179c85bc18be67aa7eda765854300033af4896dd779b608640f2ef7a?s=96&d=mm&r=g","contentUrl":"https:\/\/secure.gravatar.com\/avatar\/9167d280179c85bc18be67aa7eda765854300033af4896dd779b608640f2ef7a?s=96&d=mm&r=g","caption":"Diario1 Diario1"},"url":"https:\/\/diariotextual.com\/inicio\/index.php\/author\/diario1\/"}]}},"_links":{"self":[{"href":"https:\/\/diariotextual.com\/inicio\/index.php\/wp-json\/wp\/v2\/posts\/135525","targetHints":{"allow":["GET"]}}],"collection":[{"href":"https:\/\/diariotextual.com\/inicio\/index.php\/wp-json\/wp\/v2\/posts"}],"about":[{"href":"https:\/\/diariotextual.com\/inicio\/index.php\/wp-json\/wp\/v2\/types\/post"}],"author":[{"embeddable":true,"href":"https:\/\/diariotextual.com\/inicio\/index.php\/wp-json\/wp\/v2\/users\/3"}],"replies":[{"embeddable":true,"href":"https:\/\/diariotextual.com\/inicio\/index.php\/wp-json\/wp\/v2\/comments?post=135525"}],"version-history":[{"count":6,"href":"https:\/\/diariotextual.com\/inicio\/index.php\/wp-json\/wp\/v2\/posts\/135525\/revisions"}],"predecessor-version":[{"id":135553,"href":"https:\/\/diariotextual.com\/inicio\/index.php\/wp-json\/wp\/v2\/posts\/135525\/revisions\/135553"}],"wp:featuredmedia":[{"embeddable":true,"href":"https:\/\/diariotextual.com\/inicio\/index.php\/wp-json\/wp\/v2\/media\/59145"}],"wp:attachment":[{"href":"https:\/\/diariotextual.com\/inicio\/index.php\/wp-json\/wp\/v2\/media?parent=135525"}],"wp:term":[{"taxonomy":"category","embeddable":true,"href":"https:\/\/diariotextual.com\/inicio\/index.php\/wp-json\/wp\/v2\/categories?post=135525"},{"taxonomy":"post_tag","embeddable":true,"href":"https:\/\/diariotextual.com\/inicio\/index.php\/wp-json\/wp\/v2\/tags?post=135525"}],"curies":[{"name":"wp","href":"https:\/\/api.w.org\/{rel}","templated":true}]}}