{"id":135617,"date":"2021-03-02T20:20:00","date_gmt":"2021-03-02T23:20:00","guid":{"rendered":"http:\/\/diariotextual.com\/inicio\/?p=135617"},"modified":"2021-03-02T20:27:50","modified_gmt":"2021-03-02T23:27:50","slug":"zil","status":"publish","type":"post","link":"https:\/\/diariotextual.com\/inicio\/index.php\/2021\/03\/02\/zil\/","title":{"rendered":"Ziliotto: la gesti\u00f3n como pol\u00edtica y el Estado potencia"},"content":{"rendered":"\n<h2 class=\"wp-block-heading\">por Norberto Asquini<\/h2>\n\n\n\n<p><\/p>\n\n\n\n<p><\/p>\n\n\n\n<p>El discurso del gobernador en la apertura del a\u00f1o legislativo tiene el objetivo no solo de hacer un balance sobre lo pasado, sino de marcar l\u00edneas de lo que se quiere hacer. <strong>El del gobernador Sergio Ziliotto el lunes en Diputados, de m\u00e1s de una hora de lectura, m\u00e1s all\u00e1 del racconto de obras y hechos, tuvo varias intenciones pol\u00edticas para marcar un rumbo.<\/strong><br><\/p>\n\n\n\n<p>Por un lado,<strong> fue la ratificaci\u00f3n de la gesti\u00f3n sanitaria y pol\u00edtica de la pandemia<\/strong>. Pas\u00f3 2020 y un Covid-19 que demoli\u00f3 todo lo dado. El 2021 es un a\u00f1o electoral y eso tambi\u00e9n le da el tono al mensaje gubernamental.<br><\/p>\n\n\n\n<p>La pandemia trajo una nueva normalidad que se va construyendo de a poco. Y de esa gesti\u00f3n de la crisis qued\u00f3 m\u00e1s que firme el rol del Estado, que se potenci\u00f3 en la provincia. Ziliotto destac\u00f3 la fortaleza de La Pampa que no tuvo que endeudarse gracias a la herencia recibida por su antecesor, que asumi\u00f3 nuevos gastos e inversiones para las necesidades sanitarias y las urgencias econ\u00f3micas, y que sostuvo el nivel y calidad de servicios. Cuando se habla de servicios solo se debe observar la tarea diaria e intensa del personal de salud y seguridad que estuvo un a\u00f1o en la trinchera.<br><\/p>\n\n\n\n<p>Ziliotto <strong>ratific\u00f3 un rumbo que ya ven\u00eda marcado y que ahora se quiere profundizar. Por un lado el papel del Estado: \u201cseguiremos interviniendo en la econom\u00eda provincial\u201d, dijo.<\/strong> El Estado peronista asumiendo riesgos o ante un mercado que aprieta. <strong>El Estado hacedor porque puede y debe<\/strong>.<\/p>\n\n\n\n<p><strong>Hubo optimismo en el discurso.<\/strong> A pesar del derrumbe que gener\u00f3 la pandemia y la crisis econ\u00f3mica al pa\u00eds, hay un camino marcado en la provincia: obras en marcha como el hospital y las viviendas (que sumar\u00e1n casi 2.000), productivos como la bodega en Casa de Piedra, econ\u00f3micos como la b\u00fasqueda de mercados en el exterior, educativos, energ\u00e9ticos, el rol de Empatel, Pampetrol y el BLP.<br><\/p>\n\n\n\n<p><strong>No hubo grandes anuncios novedosos el lunes, pero s\u00ed qued\u00f3 la contundencia de lo que se hizo mientras se frenaba lo m\u00e1s duro de la pandemia, proyectos puestos en marcha en una situaci\u00f3n no deseada para un gobierno<\/strong>. \u201cEn cada localidad pampeana hay una obra\u201d, dijo. <\/p>\n\n\n\n<p><strong>Hay en varias l\u00edneas una continuidad con su antecesor, Carlos Verna, pero tambi\u00e9n hay una profundizaci\u00f3n del camino que le es propio y que est\u00e1 en relaci\u00f3n con lo generacional. <\/strong>El hablar de desarrollo sostenido, modernizaci\u00f3n, conectividad y nuevas tecnolog\u00edas, de la soberan\u00eda energ\u00e9tica. <strong>Palabras que marcan una \u00e9poca: transparencia, derechos o innovaci\u00f3n son algunas.<\/strong> Dif\u00edcilmente se hubiera pronunciado en otras \u00e9pocas y otros dirigentes. Continuidad y profundizaci\u00f3n: desde el trabajo en conjunto con la Universidad hasta las pol\u00edticas para las cooperativas marcadas por ese doble sentido.<br><\/p>\n\n\n\n<p>Ziliotto es un dirigente nacido del ri\u00f1\u00f3n de Verna, y el estilo de discurso parece el mismo: hechos y m\u00e1s hechos. Sobriedad, tal vez un poco m\u00e1s parco. No pareci\u00f3 durante la lectura del discurso que hubiera grandes definiciones pol\u00edticas. Pero para Ziliotto la gesti\u00f3n es la pol\u00edtica. <strong>Las l\u00edneas est\u00e1n ah\u00ed: el acompa\u00f1amiento al gobierno nacional y a la recuperaci\u00f3n y reconstrucci\u00f3n del pa\u00eds, la b\u00fasqueda de consensos y la apertura. Lo que queda en claro que Ziliotto tiene un proyecto que se instituy\u00f3 en plena pandemia y se quiere consolidar desde el gobierno.<\/strong><\/p>\n\n\n\n<p><\/p>\n","protected":false},"excerpt":{"rendered":"<p>por Norberto Asquini El discurso del gobernador en la apertura del a\u00f1o legislativo tiene el objetivo no solo de hacer un balance sobre lo pasado, sino de marcar l\u00edneas de&hellip;<\/p>\n","protected":false},"author":3,"featured_media":135620,"comment_status":"closed","ping_status":"open","sticky":false,"template":"","format":"standard","meta":{"_acf_changed":false,"footnotes":""},"categories":[10,8],"tags":[3045,424],"class_list":["post-135617","post","type-post","status-publish","format-standard","has-post-thumbnail","hentry","category-portada-2","category-politica","tag-apertura","tag-ziliotto"],"acf":[],"yoast_head":"<!-- This site is optimized with the Yoast SEO plugin v27.5 - https:\/\/yoast.com\/product\/yoast-seo-wordpress\/ -->\n<title>Ziliotto: la gesti\u00f3n como pol\u00edtica y el Estado potencia - Diario Textual<\/title>\n<meta name=\"robots\" content=\"index, follow, max-snippet:-1, max-image-preview:large, max-video-preview:-1\" \/>\n<link rel=\"canonical\" href=\"https:\/\/diariotextual.com\/inicio\/index.php\/2021\/03\/02\/zil\/\" \/>\n<meta property=\"og:locale\" content=\"es_ES\" \/>\n<meta property=\"og:type\" content=\"article\" \/>\n<meta property=\"og:title\" content=\"Ziliotto: la gesti\u00f3n como pol\u00edtica y el Estado potencia - Diario Textual\" \/>\n<meta property=\"og:description\" content=\"por Norberto Asquini El discurso del gobernador en la apertura del a\u00f1o legislativo tiene el objetivo no solo de hacer un balance sobre lo pasado, sino de marcar l\u00edneas de&hellip;\" \/>\n<meta property=\"og:url\" content=\"https:\/\/diariotextual.com\/inicio\/index.php\/2021\/03\/02\/zil\/\" \/>\n<meta property=\"og:site_name\" content=\"Diario Textual\" \/>\n<meta property=\"article:publisher\" content=\"https:\/\/www.facebook.com\/eltextual\" \/>\n<meta property=\"article:published_time\" content=\"2021-03-02T23:20:00+00:00\" \/>\n<meta property=\"article:modified_time\" content=\"2021-03-02T23:27:50+00:00\" \/>\n<meta property=\"og:image\" content=\"https:\/\/diariotextual.com\/inicio\/wp-content\/uploads\/2022\/03\/ziliottosergioaperturasesiones2021-5.jpg\" \/>\n\t<meta property=\"og:image:width\" content=\"958\" \/>\n\t<meta property=\"og:image:height\" content=\"632\" \/>\n\t<meta property=\"og:image:type\" content=\"image\/jpeg\" \/>\n<meta name=\"author\" content=\"Diario1 Diario1\" \/>\n<meta name=\"twitter:card\" content=\"summary_large_image\" \/>\n<meta name=\"twitter:creator\" content=\"@eltextual\" \/>\n<meta name=\"twitter:site\" content=\"@eltextual\" \/>\n<meta name=\"twitter:label1\" content=\"Escrito por\" \/>\n\t<meta name=\"twitter:data1\" content=\"Diario1 Diario1\" \/>\n\t<meta name=\"twitter:label2\" content=\"Tiempo de lectura\" \/>\n\t<meta name=\"twitter:data2\" content=\"3 minutos\" \/>\n<script type=\"application\/ld+json\" class=\"yoast-schema-graph\">{\"@context\":\"https:\\\/\\\/schema.org\",\"@graph\":[{\"@type\":\"Article\",\"@id\":\"https:\\\/\\\/diariotextual.com\\\/inicio\\\/index.php\\\/2021\\\/03\\\/02\\\/zil\\\/#article\",\"isPartOf\":{\"@id\":\"https:\\\/\\\/diariotextual.com\\\/inicio\\\/index.php\\\/2021\\\/03\\\/02\\\/zil\\\/\"},\"author\":{\"name\":\"Diario1 Diario1\",\"@id\":\"https:\\\/\\\/diariotextual.com\\\/inicio\\\/#\\\/schema\\\/person\\\/418fc4093c33e86ed41562db3508f958\"},\"headline\":\"Ziliotto: la gesti\u00f3n como pol\u00edtica y el Estado potencia\",\"datePublished\":\"2021-03-02T23:20:00+00:00\",\"dateModified\":\"2021-03-02T23:27:50+00:00\",\"mainEntityOfPage\":{\"@id\":\"https:\\\/\\\/diariotextual.com\\\/inicio\\\/index.php\\\/2021\\\/03\\\/02\\\/zil\\\/\"},\"wordCount\":609,\"publisher\":{\"@id\":\"https:\\\/\\\/diariotextual.com\\\/inicio\\\/#organization\"},\"image\":{\"@id\":\"https:\\\/\\\/diariotextual.com\\\/inicio\\\/index.php\\\/2021\\\/03\\\/02\\\/zil\\\/#primaryimage\"},\"thumbnailUrl\":\"https:\\\/\\\/diariotextual.com\\\/inicio\\\/wp-content\\\/uploads\\\/2022\\\/03\\\/ziliottosergioaperturasesiones2021-5.jpg\",\"keywords\":[\"apertura\",\"ziliotto\"],\"articleSection\":[\"A - PORTADA2\",\"POLITICA\"],\"inLanguage\":\"es\"},{\"@type\":\"WebPage\",\"@id\":\"https:\\\/\\\/diariotextual.com\\\/inicio\\\/index.php\\\/2021\\\/03\\\/02\\\/zil\\\/\",\"url\":\"https:\\\/\\\/diariotextual.com\\\/inicio\\\/index.php\\\/2021\\\/03\\\/02\\\/zil\\\/\",\"name\":\"Ziliotto: la gesti\u00f3n como pol\u00edtica y el Estado potencia - Diario Textual\",\"isPartOf\":{\"@id\":\"https:\\\/\\\/diariotextual.com\\\/inicio\\\/#website\"},\"primaryImageOfPage\":{\"@id\":\"https:\\\/\\\/diariotextual.com\\\/inicio\\\/index.php\\\/2021\\\/03\\\/02\\\/zil\\\/#primaryimage\"},\"image\":{\"@id\":\"https:\\\/\\\/diariotextual.com\\\/inicio\\\/index.php\\\/2021\\\/03\\\/02\\\/zil\\\/#primaryimage\"},\"thumbnailUrl\":\"https:\\\/\\\/diariotextual.com\\\/inicio\\\/wp-content\\\/uploads\\\/2022\\\/03\\\/ziliottosergioaperturasesiones2021-5.jpg\",\"datePublished\":\"2021-03-02T23:20:00+00:00\",\"dateModified\":\"2021-03-02T23:27:50+00:00\",\"breadcrumb\":{\"@id\":\"https:\\\/\\\/diariotextual.com\\\/inicio\\\/index.php\\\/2021\\\/03\\\/02\\\/zil\\\/#breadcrumb\"},\"inLanguage\":\"es\",\"potentialAction\":[{\"@type\":\"ReadAction\",\"target\":[\"https:\\\/\\\/diariotextual.com\\\/inicio\\\/index.php\\\/2021\\\/03\\\/02\\\/zil\\\/\"]}]},{\"@type\":\"ImageObject\",\"inLanguage\":\"es\",\"@id\":\"https:\\\/\\\/diariotextual.com\\\/inicio\\\/index.php\\\/2021\\\/03\\\/02\\\/zil\\\/#primaryimage\",\"url\":\"https:\\\/\\\/diariotextual.com\\\/inicio\\\/wp-content\\\/uploads\\\/2022\\\/03\\\/ziliottosergioaperturasesiones2021-5.jpg\",\"contentUrl\":\"https:\\\/\\\/diariotextual.com\\\/inicio\\\/wp-content\\\/uploads\\\/2022\\\/03\\\/ziliottosergioaperturasesiones2021-5.jpg\",\"width\":958,\"height\":632},{\"@type\":\"BreadcrumbList\",\"@id\":\"https:\\\/\\\/diariotextual.com\\\/inicio\\\/index.php\\\/2021\\\/03\\\/02\\\/zil\\\/#breadcrumb\",\"itemListElement\":[{\"@type\":\"ListItem\",\"position\":1,\"name\":\"Portada\",\"item\":\"https:\\\/\\\/diariotextual.com\\\/inicio\\\/\"},{\"@type\":\"ListItem\",\"position\":2,\"name\":\"Ziliotto: la gesti\u00f3n como pol\u00edtica y el Estado potencia\"}]},{\"@type\":\"WebSite\",\"@id\":\"https:\\\/\\\/diariotextual.com\\\/inicio\\\/#website\",\"url\":\"https:\\\/\\\/diariotextual.com\\\/inicio\\\/\",\"name\":\"Diario Textual\",\"description\":\"\",\"publisher\":{\"@id\":\"https:\\\/\\\/diariotextual.com\\\/inicio\\\/#organization\"},\"potentialAction\":[{\"@type\":\"SearchAction\",\"target\":{\"@type\":\"EntryPoint\",\"urlTemplate\":\"https:\\\/\\\/diariotextual.com\\\/inicio\\\/?s={search_term_string}\"},\"query-input\":{\"@type\":\"PropertyValueSpecification\",\"valueRequired\":true,\"valueName\":\"search_term_string\"}}],\"inLanguage\":\"es\"},{\"@type\":\"Organization\",\"@id\":\"https:\\\/\\\/diariotextual.com\\\/inicio\\\/#organization\",\"name\":\"Diario Textual\",\"url\":\"https:\\\/\\\/diariotextual.com\\\/inicio\\\/\",\"logo\":{\"@type\":\"ImageObject\",\"inLanguage\":\"es\",\"@id\":\"https:\\\/\\\/diariotextual.com\\\/inicio\\\/#\\\/schema\\\/logo\\\/image\\\/\",\"url\":\"https:\\\/\\\/diariotextual.com\\\/inicio\\\/wp-content\\\/uploads\\\/2023\\\/05\\\/logotextual1.jpg\",\"contentUrl\":\"https:\\\/\\\/diariotextual.com\\\/inicio\\\/wp-content\\\/uploads\\\/2023\\\/05\\\/logotextual1.jpg\",\"width\":516,\"height\":76,\"caption\":\"Diario Textual\"},\"image\":{\"@id\":\"https:\\\/\\\/diariotextual.com\\\/inicio\\\/#\\\/schema\\\/logo\\\/image\\\/\"},\"sameAs\":[\"https:\\\/\\\/www.facebook.com\\\/eltextual\",\"https:\\\/\\\/x.com\\\/eltextual\",\"http:\\\/\\\/www.instagram.com\\\/eltextual\"]},{\"@type\":\"Person\",\"@id\":\"https:\\\/\\\/diariotextual.com\\\/inicio\\\/#\\\/schema\\\/person\\\/418fc4093c33e86ed41562db3508f958\",\"name\":\"Diario1 Diario1\",\"image\":{\"@type\":\"ImageObject\",\"inLanguage\":\"es\",\"@id\":\"https:\\\/\\\/secure.gravatar.com\\\/avatar\\\/9167d280179c85bc18be67aa7eda765854300033af4896dd779b608640f2ef7a?s=96&d=mm&r=g\",\"url\":\"https:\\\/\\\/secure.gravatar.com\\\/avatar\\\/9167d280179c85bc18be67aa7eda765854300033af4896dd779b608640f2ef7a?s=96&d=mm&r=g\",\"contentUrl\":\"https:\\\/\\\/secure.gravatar.com\\\/avatar\\\/9167d280179c85bc18be67aa7eda765854300033af4896dd779b608640f2ef7a?s=96&d=mm&r=g\",\"caption\":\"Diario1 Diario1\"},\"url\":\"https:\\\/\\\/diariotextual.com\\\/inicio\\\/index.php\\\/author\\\/diario1\\\/\"}]}<\/script>\n<!-- \/ Yoast SEO plugin. -->","yoast_head_json":{"title":"Ziliotto: la gesti\u00f3n como pol\u00edtica y el Estado potencia - Diario Textual","robots":{"index":"index","follow":"follow","max-snippet":"max-snippet:-1","max-image-preview":"max-image-preview:large","max-video-preview":"max-video-preview:-1"},"canonical":"https:\/\/diariotextual.com\/inicio\/index.php\/2021\/03\/02\/zil\/","og_locale":"es_ES","og_type":"article","og_title":"Ziliotto: la gesti\u00f3n como pol\u00edtica y el Estado potencia - Diario Textual","og_description":"por Norberto Asquini El discurso del gobernador en la apertura del a\u00f1o legislativo tiene el objetivo no solo de hacer un balance sobre lo pasado, sino de marcar l\u00edneas de&hellip;","og_url":"https:\/\/diariotextual.com\/inicio\/index.php\/2021\/03\/02\/zil\/","og_site_name":"Diario Textual","article_publisher":"https:\/\/www.facebook.com\/eltextual","article_published_time":"2021-03-02T23:20:00+00:00","article_modified_time":"2021-03-02T23:27:50+00:00","og_image":[{"width":958,"height":632,"url":"https:\/\/diariotextual.com\/inicio\/wp-content\/uploads\/2022\/03\/ziliottosergioaperturasesiones2021-5.jpg","type":"image\/jpeg"}],"author":"Diario1 Diario1","twitter_card":"summary_large_image","twitter_creator":"@eltextual","twitter_site":"@eltextual","twitter_misc":{"Escrito por":"Diario1 Diario1","Tiempo de lectura":"3 minutos"},"schema":{"@context":"https:\/\/schema.org","@graph":[{"@type":"Article","@id":"https:\/\/diariotextual.com\/inicio\/index.php\/2021\/03\/02\/zil\/#article","isPartOf":{"@id":"https:\/\/diariotextual.com\/inicio\/index.php\/2021\/03\/02\/zil\/"},"author":{"name":"Diario1 Diario1","@id":"https:\/\/diariotextual.com\/inicio\/#\/schema\/person\/418fc4093c33e86ed41562db3508f958"},"headline":"Ziliotto: la gesti\u00f3n como pol\u00edtica y el Estado potencia","datePublished":"2021-03-02T23:20:00+00:00","dateModified":"2021-03-02T23:27:50+00:00","mainEntityOfPage":{"@id":"https:\/\/diariotextual.com\/inicio\/index.php\/2021\/03\/02\/zil\/"},"wordCount":609,"publisher":{"@id":"https:\/\/diariotextual.com\/inicio\/#organization"},"image":{"@id":"https:\/\/diariotextual.com\/inicio\/index.php\/2021\/03\/02\/zil\/#primaryimage"},"thumbnailUrl":"https:\/\/diariotextual.com\/inicio\/wp-content\/uploads\/2022\/03\/ziliottosergioaperturasesiones2021-5.jpg","keywords":["apertura","ziliotto"],"articleSection":["A - PORTADA2","POLITICA"],"inLanguage":"es"},{"@type":"WebPage","@id":"https:\/\/diariotextual.com\/inicio\/index.php\/2021\/03\/02\/zil\/","url":"https:\/\/diariotextual.com\/inicio\/index.php\/2021\/03\/02\/zil\/","name":"Ziliotto: la gesti\u00f3n como pol\u00edtica y el Estado potencia - Diario Textual","isPartOf":{"@id":"https:\/\/diariotextual.com\/inicio\/#website"},"primaryImageOfPage":{"@id":"https:\/\/diariotextual.com\/inicio\/index.php\/2021\/03\/02\/zil\/#primaryimage"},"image":{"@id":"https:\/\/diariotextual.com\/inicio\/index.php\/2021\/03\/02\/zil\/#primaryimage"},"thumbnailUrl":"https:\/\/diariotextual.com\/inicio\/wp-content\/uploads\/2022\/03\/ziliottosergioaperturasesiones2021-5.jpg","datePublished":"2021-03-02T23:20:00+00:00","dateModified":"2021-03-02T23:27:50+00:00","breadcrumb":{"@id":"https:\/\/diariotextual.com\/inicio\/index.php\/2021\/03\/02\/zil\/#breadcrumb"},"inLanguage":"es","potentialAction":[{"@type":"ReadAction","target":["https:\/\/diariotextual.com\/inicio\/index.php\/2021\/03\/02\/zil\/"]}]},{"@type":"ImageObject","inLanguage":"es","@id":"https:\/\/diariotextual.com\/inicio\/index.php\/2021\/03\/02\/zil\/#primaryimage","url":"https:\/\/diariotextual.com\/inicio\/wp-content\/uploads\/2022\/03\/ziliottosergioaperturasesiones2021-5.jpg","contentUrl":"https:\/\/diariotextual.com\/inicio\/wp-content\/uploads\/2022\/03\/ziliottosergioaperturasesiones2021-5.jpg","width":958,"height":632},{"@type":"BreadcrumbList","@id":"https:\/\/diariotextual.com\/inicio\/index.php\/2021\/03\/02\/zil\/#breadcrumb","itemListElement":[{"@type":"ListItem","position":1,"name":"Portada","item":"https:\/\/diariotextual.com\/inicio\/"},{"@type":"ListItem","position":2,"name":"Ziliotto: la gesti\u00f3n como pol\u00edtica y el Estado potencia"}]},{"@type":"WebSite","@id":"https:\/\/diariotextual.com\/inicio\/#website","url":"https:\/\/diariotextual.com\/inicio\/","name":"Diario Textual","description":"","publisher":{"@id":"https:\/\/diariotextual.com\/inicio\/#organization"},"potentialAction":[{"@type":"SearchAction","target":{"@type":"EntryPoint","urlTemplate":"https:\/\/diariotextual.com\/inicio\/?s={search_term_string}"},"query-input":{"@type":"PropertyValueSpecification","valueRequired":true,"valueName":"search_term_string"}}],"inLanguage":"es"},{"@type":"Organization","@id":"https:\/\/diariotextual.com\/inicio\/#organization","name":"Diario Textual","url":"https:\/\/diariotextual.com\/inicio\/","logo":{"@type":"ImageObject","inLanguage":"es","@id":"https:\/\/diariotextual.com\/inicio\/#\/schema\/logo\/image\/","url":"https:\/\/diariotextual.com\/inicio\/wp-content\/uploads\/2023\/05\/logotextual1.jpg","contentUrl":"https:\/\/diariotextual.com\/inicio\/wp-content\/uploads\/2023\/05\/logotextual1.jpg","width":516,"height":76,"caption":"Diario Textual"},"image":{"@id":"https:\/\/diariotextual.com\/inicio\/#\/schema\/logo\/image\/"},"sameAs":["https:\/\/www.facebook.com\/eltextual","https:\/\/x.com\/eltextual","http:\/\/www.instagram.com\/eltextual"]},{"@type":"Person","@id":"https:\/\/diariotextual.com\/inicio\/#\/schema\/person\/418fc4093c33e86ed41562db3508f958","name":"Diario1 Diario1","image":{"@type":"ImageObject","inLanguage":"es","@id":"https:\/\/secure.gravatar.com\/avatar\/9167d280179c85bc18be67aa7eda765854300033af4896dd779b608640f2ef7a?s=96&d=mm&r=g","url":"https:\/\/secure.gravatar.com\/avatar\/9167d280179c85bc18be67aa7eda765854300033af4896dd779b608640f2ef7a?s=96&d=mm&r=g","contentUrl":"https:\/\/secure.gravatar.com\/avatar\/9167d280179c85bc18be67aa7eda765854300033af4896dd779b608640f2ef7a?s=96&d=mm&r=g","caption":"Diario1 Diario1"},"url":"https:\/\/diariotextual.com\/inicio\/index.php\/author\/diario1\/"}]}},"_links":{"self":[{"href":"https:\/\/diariotextual.com\/inicio\/index.php\/wp-json\/wp\/v2\/posts\/135617","targetHints":{"allow":["GET"]}}],"collection":[{"href":"https:\/\/diariotextual.com\/inicio\/index.php\/wp-json\/wp\/v2\/posts"}],"about":[{"href":"https:\/\/diariotextual.com\/inicio\/index.php\/wp-json\/wp\/v2\/types\/post"}],"author":[{"embeddable":true,"href":"https:\/\/diariotextual.com\/inicio\/index.php\/wp-json\/wp\/v2\/users\/3"}],"replies":[{"embeddable":true,"href":"https:\/\/diariotextual.com\/inicio\/index.php\/wp-json\/wp\/v2\/comments?post=135617"}],"version-history":[{"count":3,"href":"https:\/\/diariotextual.com\/inicio\/index.php\/wp-json\/wp\/v2\/posts\/135617\/revisions"}],"predecessor-version":[{"id":135621,"href":"https:\/\/diariotextual.com\/inicio\/index.php\/wp-json\/wp\/v2\/posts\/135617\/revisions\/135621"}],"wp:featuredmedia":[{"embeddable":true,"href":"https:\/\/diariotextual.com\/inicio\/index.php\/wp-json\/wp\/v2\/media\/135620"}],"wp:attachment":[{"href":"https:\/\/diariotextual.com\/inicio\/index.php\/wp-json\/wp\/v2\/media?parent=135617"}],"wp:term":[{"taxonomy":"category","embeddable":true,"href":"https:\/\/diariotextual.com\/inicio\/index.php\/wp-json\/wp\/v2\/categories?post=135617"},{"taxonomy":"post_tag","embeddable":true,"href":"https:\/\/diariotextual.com\/inicio\/index.php\/wp-json\/wp\/v2\/tags?post=135617"}],"curies":[{"name":"wp","href":"https:\/\/api.w.org\/{rel}","templated":true}]}}