{"id":135907,"date":"2021-03-04T07:43:44","date_gmt":"2021-03-04T10:43:44","guid":{"rendered":"http:\/\/diariotextual.com\/inicio\/?p=135907"},"modified":"2021-03-04T10:16:21","modified_gmt":"2021-03-04T13:16:21","slug":"incorporan-un-perro-protector-de-ganado-en-un-campo-del-oeste","status":"publish","type":"post","link":"https:\/\/diariotextual.com\/inicio\/index.php\/2021\/03\/04\/incorporan-un-perro-protector-de-ganado-en-un-campo-del-oeste\/","title":{"rendered":"Incorporan un perro protector de ganado en un campo del oeste"},"content":{"rendered":"\n<p>Un <strong>perro protector de ganado <\/strong>fue incorporado recientemente a un rodeo caprino del oeste pampeano, precisamente en la localidad de P<strong>uel\u00e9n, en el campo del productor Julio Toledano.<\/strong><\/p>\n\n\n\n<p>La incorporaci\u00f3n de este perro se enmarca dentro del proyecto del INTA \u201cAporte al desarrollo productivo caprino en el oeste pampeano y sureste mendocino\u201d desarrollado por la estaci\u00f3n experimental de Anguil y la agencia de extensi\u00f3n Victorica. \u00a0<\/p>\n\n\n\n<p>La iniciativa va a permitir validar el uso de esta herramienta en la regi\u00f3n, en la que a\u00fan no hay experiencia al respecto.<\/p>\n\n\n\n<figure class=\"wp-block-image size-large\"><img fetchpriority=\"high\" decoding=\"async\" width=\"533\" height=\"400\" src=\"http:\/\/diariotextual.com\/inicio\/wp-content\/uploads\/2021\/03\/perroprotectorpueleninta2021.jpg\" alt=\"\" class=\"wp-image-135911\" srcset=\"https:\/\/diariotextual.com\/inicio\/wp-content\/uploads\/2021\/03\/perroprotectorpueleninta2021.jpg 533w, https:\/\/diariotextual.com\/inicio\/wp-content\/uploads\/2021\/03\/perroprotectorpueleninta2021-300x225.jpg 300w\" sizes=\"(max-width: 533px) 100vw, 533px\" \/><\/figure>\n\n\n\n<p>&nbsp;Los perros protectores de ganado <strong>dan cuenta de una estrategia para reducir el efecto de los depredadores<\/strong>, en este caso los pumas, en cualquier sistema ganadero. Esta tecnolog\u00eda es muy interesante desde el punto de vista ambiental, ya que el productor convive con especies silvestres donde la depredaci\u00f3n termina siendo parte de las problem\u00e1ticas de su producci\u00f3n.<\/p>\n\n\n\n<p>El efecto de protecci\u00f3n se logra por la incorporaci\u00f3n de <strong>perros de la raza especializada&nbsp;Maremmano Abruzze&nbsp;y Monta\u00f1a del Pirineo<\/strong>, un adecuado proceso de entrenamiento de los cachorros y de la correcta implementaci\u00f3n por parte del productor.<\/p>\n\n\n\n<p>El control que ejercen estos caninos<strong> no es letal para el depredador ya que la presencia del perro genera un efecto de disuasi\u00f3n<\/strong>, evitando que los depredadores entren en contacto con los animales. Para la correcta funcionalidad de los mismos es clave asumir el compromiso y seguir protocolos de trabajo dise\u00f1ados para el uso de esta tecnolog\u00eda.<\/p>\n\n\n\n<p>En el pa\u00eds existen experiencias documentadas sobre el impacto del uso de perros protectores que mencionan efectos del orden del 50 al 90% de reducci\u00f3n de la mortandad por depredadores. Estos n\u00fameros resultan muy alentadores ante la inminente necesidad de incrementar la eficiencia productiva de los rodeos y fortalecer la permanencia de las familias en el campo.<\/p>\n\n\n\n<figure class=\"wp-block-image size-large\"><img decoding=\"async\" width=\"818\" height=\"440\" src=\"http:\/\/diariotextual.com\/inicio\/wp-content\/uploads\/2021\/03\/perroprotector444.jpg\" alt=\"\" class=\"wp-image-135915\" srcset=\"https:\/\/diariotextual.com\/inicio\/wp-content\/uploads\/2021\/03\/perroprotector444.jpg 818w, https:\/\/diariotextual.com\/inicio\/wp-content\/uploads\/2021\/03\/perroprotector444-300x161.jpg 300w, https:\/\/diariotextual.com\/inicio\/wp-content\/uploads\/2021\/03\/perroprotector444-768x413.jpg 768w, https:\/\/diariotextual.com\/inicio\/wp-content\/uploads\/2021\/03\/perroprotector444-585x315.jpg 585w\" sizes=\"(max-width: 818px) 100vw, 818px\" \/><\/figure>\n\n\n\n<figure class=\"wp-block-image size-large\"><img decoding=\"async\" width=\"879\" height=\"518\" src=\"http:\/\/diariotextual.com\/inicio\/wp-content\/uploads\/2021\/03\/perroprotector75480.jpg\" alt=\"\" class=\"wp-image-135917\" srcset=\"https:\/\/diariotextual.com\/inicio\/wp-content\/uploads\/2021\/03\/perroprotector75480.jpg 879w, https:\/\/diariotextual.com\/inicio\/wp-content\/uploads\/2021\/03\/perroprotector75480-300x177.jpg 300w, https:\/\/diariotextual.com\/inicio\/wp-content\/uploads\/2021\/03\/perroprotector75480-768x453.jpg 768w, https:\/\/diariotextual.com\/inicio\/wp-content\/uploads\/2021\/03\/perroprotector75480-585x345.jpg 585w\" sizes=\"(max-width: 879px) 100vw, 879px\" \/><\/figure>\n","protected":false},"excerpt":{"rendered":"<p>Un perro protector de ganado fue incorporado recientemente a un rodeo caprino del oeste pampeano, precisamente en la localidad de Puel\u00e9n, en el campo del productor Julio Toledano. La incorporaci\u00f3n&hellip;<\/p>\n","protected":false},"author":4,"featured_media":135913,"comment_status":"closed","ping_status":"open","sticky":false,"template":"","format":"standard","meta":{"_acf_changed":false,"footnotes":""},"categories":[10,20],"tags":[],"class_list":["post-135907","post","type-post","status-publish","format-standard","has-post-thumbnail","hentry","category-portada-2","category-campo"],"acf":[],"yoast_head":"<!-- This site is optimized with the Yoast SEO plugin v27.5 - https:\/\/yoast.com\/product\/yoast-seo-wordpress\/ -->\n<title>Incorporan un perro protector de ganado en un campo del oeste - Diario Textual<\/title>\n<meta name=\"robots\" content=\"index, follow, max-snippet:-1, max-image-preview:large, max-video-preview:-1\" \/>\n<link rel=\"canonical\" href=\"https:\/\/diariotextual.com\/inicio\/index.php\/2021\/03\/04\/incorporan-un-perro-protector-de-ganado-en-un-campo-del-oeste\/\" \/>\n<meta property=\"og:locale\" content=\"es_ES\" \/>\n<meta property=\"og:type\" content=\"article\" \/>\n<meta property=\"og:title\" content=\"Incorporan un perro protector de ganado en un campo del oeste - Diario Textual\" \/>\n<meta property=\"og:description\" content=\"Un perro protector de ganado fue incorporado recientemente a un rodeo caprino del oeste pampeano, precisamente en la localidad de Puel\u00e9n, en el campo del productor Julio Toledano. La incorporaci\u00f3n&hellip;\" \/>\n<meta property=\"og:url\" content=\"https:\/\/diariotextual.com\/inicio\/index.php\/2021\/03\/04\/incorporan-un-perro-protector-de-ganado-en-un-campo-del-oeste\/\" \/>\n<meta property=\"og:site_name\" content=\"Diario Textual\" \/>\n<meta property=\"article:publisher\" content=\"https:\/\/www.facebook.com\/eltextual\" \/>\n<meta property=\"article:published_time\" content=\"2021-03-04T10:43:44+00:00\" \/>\n<meta property=\"article:modified_time\" content=\"2021-03-04T13:16:21+00:00\" \/>\n<meta property=\"og:image\" content=\"https:\/\/diariotextual.com\/inicio\/wp-content\/uploads\/2021\/03\/perroportectoroeste478329.jpg\" \/>\n\t<meta property=\"og:image:width\" content=\"881\" \/>\n\t<meta property=\"og:image:height\" content=\"527\" \/>\n\t<meta property=\"og:image:type\" content=\"image\/jpeg\" \/>\n<meta name=\"author\" content=\"diario2\" \/>\n<meta name=\"twitter:card\" content=\"summary_large_image\" \/>\n<meta name=\"twitter:creator\" content=\"@eltextual\" \/>\n<meta name=\"twitter:site\" content=\"@eltextual\" \/>\n<meta name=\"twitter:label1\" content=\"Escrito por\" \/>\n\t<meta name=\"twitter:data1\" content=\"diario2\" \/>\n\t<meta name=\"twitter:label2\" content=\"Tiempo de lectura\" \/>\n\t<meta name=\"twitter:data2\" content=\"2 minutos\" \/>\n<script type=\"application\/ld+json\" class=\"yoast-schema-graph\">{\"@context\":\"https:\\\/\\\/schema.org\",\"@graph\":[{\"@type\":\"Article\",\"@id\":\"https:\\\/\\\/diariotextual.com\\\/inicio\\\/index.php\\\/2021\\\/03\\\/04\\\/incorporan-un-perro-protector-de-ganado-en-un-campo-del-oeste\\\/#article\",\"isPartOf\":{\"@id\":\"https:\\\/\\\/diariotextual.com\\\/inicio\\\/index.php\\\/2021\\\/03\\\/04\\\/incorporan-un-perro-protector-de-ganado-en-un-campo-del-oeste\\\/\"},\"author\":{\"name\":\"diario2\",\"@id\":\"https:\\\/\\\/diariotextual.com\\\/inicio\\\/#\\\/schema\\\/person\\\/694f60677f23c4a530867a98f22b3768\"},\"headline\":\"Incorporan un perro protector de ganado en un campo del oeste\",\"datePublished\":\"2021-03-04T10:43:44+00:00\",\"dateModified\":\"2021-03-04T13:16:21+00:00\",\"mainEntityOfPage\":{\"@id\":\"https:\\\/\\\/diariotextual.com\\\/inicio\\\/index.php\\\/2021\\\/03\\\/04\\\/incorporan-un-perro-protector-de-ganado-en-un-campo-del-oeste\\\/\"},\"wordCount\":329,\"publisher\":{\"@id\":\"https:\\\/\\\/diariotextual.com\\\/inicio\\\/#organization\"},\"image\":{\"@id\":\"https:\\\/\\\/diariotextual.com\\\/inicio\\\/index.php\\\/2021\\\/03\\\/04\\\/incorporan-un-perro-protector-de-ganado-en-un-campo-del-oeste\\\/#primaryimage\"},\"thumbnailUrl\":\"https:\\\/\\\/diariotextual.com\\\/inicio\\\/wp-content\\\/uploads\\\/2021\\\/03\\\/perroportectoroeste478329.jpg\",\"articleSection\":[\"A - PORTADA2\",\"CAMPO\"],\"inLanguage\":\"es\"},{\"@type\":\"WebPage\",\"@id\":\"https:\\\/\\\/diariotextual.com\\\/inicio\\\/index.php\\\/2021\\\/03\\\/04\\\/incorporan-un-perro-protector-de-ganado-en-un-campo-del-oeste\\\/\",\"url\":\"https:\\\/\\\/diariotextual.com\\\/inicio\\\/index.php\\\/2021\\\/03\\\/04\\\/incorporan-un-perro-protector-de-ganado-en-un-campo-del-oeste\\\/\",\"name\":\"Incorporan un perro protector de ganado en un campo del oeste - Diario Textual\",\"isPartOf\":{\"@id\":\"https:\\\/\\\/diariotextual.com\\\/inicio\\\/#website\"},\"primaryImageOfPage\":{\"@id\":\"https:\\\/\\\/diariotextual.com\\\/inicio\\\/index.php\\\/2021\\\/03\\\/04\\\/incorporan-un-perro-protector-de-ganado-en-un-campo-del-oeste\\\/#primaryimage\"},\"image\":{\"@id\":\"https:\\\/\\\/diariotextual.com\\\/inicio\\\/index.php\\\/2021\\\/03\\\/04\\\/incorporan-un-perro-protector-de-ganado-en-un-campo-del-oeste\\\/#primaryimage\"},\"thumbnailUrl\":\"https:\\\/\\\/diariotextual.com\\\/inicio\\\/wp-content\\\/uploads\\\/2021\\\/03\\\/perroportectoroeste478329.jpg\",\"datePublished\":\"2021-03-04T10:43:44+00:00\",\"dateModified\":\"2021-03-04T13:16:21+00:00\",\"breadcrumb\":{\"@id\":\"https:\\\/\\\/diariotextual.com\\\/inicio\\\/index.php\\\/2021\\\/03\\\/04\\\/incorporan-un-perro-protector-de-ganado-en-un-campo-del-oeste\\\/#breadcrumb\"},\"inLanguage\":\"es\",\"potentialAction\":[{\"@type\":\"ReadAction\",\"target\":[\"https:\\\/\\\/diariotextual.com\\\/inicio\\\/index.php\\\/2021\\\/03\\\/04\\\/incorporan-un-perro-protector-de-ganado-en-un-campo-del-oeste\\\/\"]}]},{\"@type\":\"ImageObject\",\"inLanguage\":\"es\",\"@id\":\"https:\\\/\\\/diariotextual.com\\\/inicio\\\/index.php\\\/2021\\\/03\\\/04\\\/incorporan-un-perro-protector-de-ganado-en-un-campo-del-oeste\\\/#primaryimage\",\"url\":\"https:\\\/\\\/diariotextual.com\\\/inicio\\\/wp-content\\\/uploads\\\/2021\\\/03\\\/perroportectoroeste478329.jpg\",\"contentUrl\":\"https:\\\/\\\/diariotextual.com\\\/inicio\\\/wp-content\\\/uploads\\\/2021\\\/03\\\/perroportectoroeste478329.jpg\",\"width\":881,\"height\":527},{\"@type\":\"BreadcrumbList\",\"@id\":\"https:\\\/\\\/diariotextual.com\\\/inicio\\\/index.php\\\/2021\\\/03\\\/04\\\/incorporan-un-perro-protector-de-ganado-en-un-campo-del-oeste\\\/#breadcrumb\",\"itemListElement\":[{\"@type\":\"ListItem\",\"position\":1,\"name\":\"Portada\",\"item\":\"https:\\\/\\\/diariotextual.com\\\/inicio\\\/\"},{\"@type\":\"ListItem\",\"position\":2,\"name\":\"Incorporan un perro protector de ganado en un campo del oeste\"}]},{\"@type\":\"WebSite\",\"@id\":\"https:\\\/\\\/diariotextual.com\\\/inicio\\\/#website\",\"url\":\"https:\\\/\\\/diariotextual.com\\\/inicio\\\/\",\"name\":\"Diario Textual\",\"description\":\"\",\"publisher\":{\"@id\":\"https:\\\/\\\/diariotextual.com\\\/inicio\\\/#organization\"},\"potentialAction\":[{\"@type\":\"SearchAction\",\"target\":{\"@type\":\"EntryPoint\",\"urlTemplate\":\"https:\\\/\\\/diariotextual.com\\\/inicio\\\/?s={search_term_string}\"},\"query-input\":{\"@type\":\"PropertyValueSpecification\",\"valueRequired\":true,\"valueName\":\"search_term_string\"}}],\"inLanguage\":\"es\"},{\"@type\":\"Organization\",\"@id\":\"https:\\\/\\\/diariotextual.com\\\/inicio\\\/#organization\",\"name\":\"Diario Textual\",\"url\":\"https:\\\/\\\/diariotextual.com\\\/inicio\\\/\",\"logo\":{\"@type\":\"ImageObject\",\"inLanguage\":\"es\",\"@id\":\"https:\\\/\\\/diariotextual.com\\\/inicio\\\/#\\\/schema\\\/logo\\\/image\\\/\",\"url\":\"https:\\\/\\\/diariotextual.com\\\/inicio\\\/wp-content\\\/uploads\\\/2023\\\/05\\\/logotextual1.jpg\",\"contentUrl\":\"https:\\\/\\\/diariotextual.com\\\/inicio\\\/wp-content\\\/uploads\\\/2023\\\/05\\\/logotextual1.jpg\",\"width\":516,\"height\":76,\"caption\":\"Diario Textual\"},\"image\":{\"@id\":\"https:\\\/\\\/diariotextual.com\\\/inicio\\\/#\\\/schema\\\/logo\\\/image\\\/\"},\"sameAs\":[\"https:\\\/\\\/www.facebook.com\\\/eltextual\",\"https:\\\/\\\/x.com\\\/eltextual\",\"http:\\\/\\\/www.instagram.com\\\/eltextual\"]},{\"@type\":\"Person\",\"@id\":\"https:\\\/\\\/diariotextual.com\\\/inicio\\\/#\\\/schema\\\/person\\\/694f60677f23c4a530867a98f22b3768\",\"name\":\"diario2\",\"image\":{\"@type\":\"ImageObject\",\"inLanguage\":\"es\",\"@id\":\"https:\\\/\\\/secure.gravatar.com\\\/avatar\\\/5a2567495ba16b852fcd8f1ed006a2e24fcace936018ed8237e95f488ad6e0a7?s=96&d=mm&r=g\",\"url\":\"https:\\\/\\\/secure.gravatar.com\\\/avatar\\\/5a2567495ba16b852fcd8f1ed006a2e24fcace936018ed8237e95f488ad6e0a7?s=96&d=mm&r=g\",\"contentUrl\":\"https:\\\/\\\/secure.gravatar.com\\\/avatar\\\/5a2567495ba16b852fcd8f1ed006a2e24fcace936018ed8237e95f488ad6e0a7?s=96&d=mm&r=g\",\"caption\":\"diario2\"},\"url\":\"https:\\\/\\\/diariotextual.com\\\/inicio\\\/index.php\\\/author\\\/diario2\\\/\"}]}<\/script>\n<!-- \/ Yoast SEO plugin. -->","yoast_head_json":{"title":"Incorporan un perro protector de ganado en un campo del oeste - Diario Textual","robots":{"index":"index","follow":"follow","max-snippet":"max-snippet:-1","max-image-preview":"max-image-preview:large","max-video-preview":"max-video-preview:-1"},"canonical":"https:\/\/diariotextual.com\/inicio\/index.php\/2021\/03\/04\/incorporan-un-perro-protector-de-ganado-en-un-campo-del-oeste\/","og_locale":"es_ES","og_type":"article","og_title":"Incorporan un perro protector de ganado en un campo del oeste - Diario Textual","og_description":"Un perro protector de ganado fue incorporado recientemente a un rodeo caprino del oeste pampeano, precisamente en la localidad de Puel\u00e9n, en el campo del productor Julio Toledano. La incorporaci\u00f3n&hellip;","og_url":"https:\/\/diariotextual.com\/inicio\/index.php\/2021\/03\/04\/incorporan-un-perro-protector-de-ganado-en-un-campo-del-oeste\/","og_site_name":"Diario Textual","article_publisher":"https:\/\/www.facebook.com\/eltextual","article_published_time":"2021-03-04T10:43:44+00:00","article_modified_time":"2021-03-04T13:16:21+00:00","og_image":[{"width":881,"height":527,"url":"https:\/\/diariotextual.com\/inicio\/wp-content\/uploads\/2021\/03\/perroportectoroeste478329.jpg","type":"image\/jpeg"}],"author":"diario2","twitter_card":"summary_large_image","twitter_creator":"@eltextual","twitter_site":"@eltextual","twitter_misc":{"Escrito por":"diario2","Tiempo de lectura":"2 minutos"},"schema":{"@context":"https:\/\/schema.org","@graph":[{"@type":"Article","@id":"https:\/\/diariotextual.com\/inicio\/index.php\/2021\/03\/04\/incorporan-un-perro-protector-de-ganado-en-un-campo-del-oeste\/#article","isPartOf":{"@id":"https:\/\/diariotextual.com\/inicio\/index.php\/2021\/03\/04\/incorporan-un-perro-protector-de-ganado-en-un-campo-del-oeste\/"},"author":{"name":"diario2","@id":"https:\/\/diariotextual.com\/inicio\/#\/schema\/person\/694f60677f23c4a530867a98f22b3768"},"headline":"Incorporan un perro protector de ganado en un campo del oeste","datePublished":"2021-03-04T10:43:44+00:00","dateModified":"2021-03-04T13:16:21+00:00","mainEntityOfPage":{"@id":"https:\/\/diariotextual.com\/inicio\/index.php\/2021\/03\/04\/incorporan-un-perro-protector-de-ganado-en-un-campo-del-oeste\/"},"wordCount":329,"publisher":{"@id":"https:\/\/diariotextual.com\/inicio\/#organization"},"image":{"@id":"https:\/\/diariotextual.com\/inicio\/index.php\/2021\/03\/04\/incorporan-un-perro-protector-de-ganado-en-un-campo-del-oeste\/#primaryimage"},"thumbnailUrl":"https:\/\/diariotextual.com\/inicio\/wp-content\/uploads\/2021\/03\/perroportectoroeste478329.jpg","articleSection":["A - PORTADA2","CAMPO"],"inLanguage":"es"},{"@type":"WebPage","@id":"https:\/\/diariotextual.com\/inicio\/index.php\/2021\/03\/04\/incorporan-un-perro-protector-de-ganado-en-un-campo-del-oeste\/","url":"https:\/\/diariotextual.com\/inicio\/index.php\/2021\/03\/04\/incorporan-un-perro-protector-de-ganado-en-un-campo-del-oeste\/","name":"Incorporan un perro protector de ganado en un campo del oeste - Diario Textual","isPartOf":{"@id":"https:\/\/diariotextual.com\/inicio\/#website"},"primaryImageOfPage":{"@id":"https:\/\/diariotextual.com\/inicio\/index.php\/2021\/03\/04\/incorporan-un-perro-protector-de-ganado-en-un-campo-del-oeste\/#primaryimage"},"image":{"@id":"https:\/\/diariotextual.com\/inicio\/index.php\/2021\/03\/04\/incorporan-un-perro-protector-de-ganado-en-un-campo-del-oeste\/#primaryimage"},"thumbnailUrl":"https:\/\/diariotextual.com\/inicio\/wp-content\/uploads\/2021\/03\/perroportectoroeste478329.jpg","datePublished":"2021-03-04T10:43:44+00:00","dateModified":"2021-03-04T13:16:21+00:00","breadcrumb":{"@id":"https:\/\/diariotextual.com\/inicio\/index.php\/2021\/03\/04\/incorporan-un-perro-protector-de-ganado-en-un-campo-del-oeste\/#breadcrumb"},"inLanguage":"es","potentialAction":[{"@type":"ReadAction","target":["https:\/\/diariotextual.com\/inicio\/index.php\/2021\/03\/04\/incorporan-un-perro-protector-de-ganado-en-un-campo-del-oeste\/"]}]},{"@type":"ImageObject","inLanguage":"es","@id":"https:\/\/diariotextual.com\/inicio\/index.php\/2021\/03\/04\/incorporan-un-perro-protector-de-ganado-en-un-campo-del-oeste\/#primaryimage","url":"https:\/\/diariotextual.com\/inicio\/wp-content\/uploads\/2021\/03\/perroportectoroeste478329.jpg","contentUrl":"https:\/\/diariotextual.com\/inicio\/wp-content\/uploads\/2021\/03\/perroportectoroeste478329.jpg","width":881,"height":527},{"@type":"BreadcrumbList","@id":"https:\/\/diariotextual.com\/inicio\/index.php\/2021\/03\/04\/incorporan-un-perro-protector-de-ganado-en-un-campo-del-oeste\/#breadcrumb","itemListElement":[{"@type":"ListItem","position":1,"name":"Portada","item":"https:\/\/diariotextual.com\/inicio\/"},{"@type":"ListItem","position":2,"name":"Incorporan un perro protector de ganado en un campo del oeste"}]},{"@type":"WebSite","@id":"https:\/\/diariotextual.com\/inicio\/#website","url":"https:\/\/diariotextual.com\/inicio\/","name":"Diario Textual","description":"","publisher":{"@id":"https:\/\/diariotextual.com\/inicio\/#organization"},"potentialAction":[{"@type":"SearchAction","target":{"@type":"EntryPoint","urlTemplate":"https:\/\/diariotextual.com\/inicio\/?s={search_term_string}"},"query-input":{"@type":"PropertyValueSpecification","valueRequired":true,"valueName":"search_term_string"}}],"inLanguage":"es"},{"@type":"Organization","@id":"https:\/\/diariotextual.com\/inicio\/#organization","name":"Diario Textual","url":"https:\/\/diariotextual.com\/inicio\/","logo":{"@type":"ImageObject","inLanguage":"es","@id":"https:\/\/diariotextual.com\/inicio\/#\/schema\/logo\/image\/","url":"https:\/\/diariotextual.com\/inicio\/wp-content\/uploads\/2023\/05\/logotextual1.jpg","contentUrl":"https:\/\/diariotextual.com\/inicio\/wp-content\/uploads\/2023\/05\/logotextual1.jpg","width":516,"height":76,"caption":"Diario Textual"},"image":{"@id":"https:\/\/diariotextual.com\/inicio\/#\/schema\/logo\/image\/"},"sameAs":["https:\/\/www.facebook.com\/eltextual","https:\/\/x.com\/eltextual","http:\/\/www.instagram.com\/eltextual"]},{"@type":"Person","@id":"https:\/\/diariotextual.com\/inicio\/#\/schema\/person\/694f60677f23c4a530867a98f22b3768","name":"diario2","image":{"@type":"ImageObject","inLanguage":"es","@id":"https:\/\/secure.gravatar.com\/avatar\/5a2567495ba16b852fcd8f1ed006a2e24fcace936018ed8237e95f488ad6e0a7?s=96&d=mm&r=g","url":"https:\/\/secure.gravatar.com\/avatar\/5a2567495ba16b852fcd8f1ed006a2e24fcace936018ed8237e95f488ad6e0a7?s=96&d=mm&r=g","contentUrl":"https:\/\/secure.gravatar.com\/avatar\/5a2567495ba16b852fcd8f1ed006a2e24fcace936018ed8237e95f488ad6e0a7?s=96&d=mm&r=g","caption":"diario2"},"url":"https:\/\/diariotextual.com\/inicio\/index.php\/author\/diario2\/"}]}},"_links":{"self":[{"href":"https:\/\/diariotextual.com\/inicio\/index.php\/wp-json\/wp\/v2\/posts\/135907","targetHints":{"allow":["GET"]}}],"collection":[{"href":"https:\/\/diariotextual.com\/inicio\/index.php\/wp-json\/wp\/v2\/posts"}],"about":[{"href":"https:\/\/diariotextual.com\/inicio\/index.php\/wp-json\/wp\/v2\/types\/post"}],"author":[{"embeddable":true,"href":"https:\/\/diariotextual.com\/inicio\/index.php\/wp-json\/wp\/v2\/users\/4"}],"replies":[{"embeddable":true,"href":"https:\/\/diariotextual.com\/inicio\/index.php\/wp-json\/wp\/v2\/comments?post=135907"}],"version-history":[{"count":5,"href":"https:\/\/diariotextual.com\/inicio\/index.php\/wp-json\/wp\/v2\/posts\/135907\/revisions"}],"predecessor-version":[{"id":135949,"href":"https:\/\/diariotextual.com\/inicio\/index.php\/wp-json\/wp\/v2\/posts\/135907\/revisions\/135949"}],"wp:featuredmedia":[{"embeddable":true,"href":"https:\/\/diariotextual.com\/inicio\/index.php\/wp-json\/wp\/v2\/media\/135913"}],"wp:attachment":[{"href":"https:\/\/diariotextual.com\/inicio\/index.php\/wp-json\/wp\/v2\/media?parent=135907"}],"wp:term":[{"taxonomy":"category","embeddable":true,"href":"https:\/\/diariotextual.com\/inicio\/index.php\/wp-json\/wp\/v2\/categories?post=135907"},{"taxonomy":"post_tag","embeddable":true,"href":"https:\/\/diariotextual.com\/inicio\/index.php\/wp-json\/wp\/v2\/tags?post=135907"}],"curies":[{"name":"wp","href":"https:\/\/api.w.org\/{rel}","templated":true}]}}