{"id":136144,"date":"2021-03-05T14:57:36","date_gmt":"2021-03-05T17:57:36","guid":{"rendered":"http:\/\/diariotextual.com\/inicio\/?p=136144"},"modified":"2021-03-08T08:45:29","modified_gmt":"2021-03-08T11:45:29","slug":"8m-por-un-dia-la-pampa-se-llamara-florentina-gomez-miranda","status":"publish","type":"post","link":"https:\/\/diariotextual.com\/inicio\/index.php\/2021\/03\/05\/8m-por-un-dia-la-pampa-se-llamara-florentina-gomez-miranda\/","title":{"rendered":"8M: por un d\u00eda, La Pampa se llamar\u00e1 Florentina G\u00f3mez Miranda"},"content":{"rendered":"\n<p>El pr\u00f3ximo 8 de marzo, D\u00eda Internacional de la Mujer, la provincia de La Pampa se llamar\u00e1 Florentina G\u00f3mez Miranda. Ser\u00e1 en memoria y honor a una gran militante y dirigente de las filas de la Uni\u00f3n C\u00edvica Radical.<\/p>\n\n\n\n<p>Florentina fue una maestra por vocaci\u00f3n, abogada por elecci\u00f3n y pol\u00edtica por pasi\u00f3n.<\/p>\n\n\n\n<p>Present\u00f3 m\u00e1s de 150 proyectos y se destac\u00f3 por la aprobaci\u00f3n de las leyes de patria potestad compartida, de igualdad de los hijos extramatrimoniales, derecho de la mujer a seguir usando el apellido de soltera luego de casada, pensi\u00f3n de la concubina y concubino, pensi\u00f3n a la c\u00f3nyuge divorciada y ley de divorcio vincular, todas ellas durante la presidencia de Ra\u00fal Alfons\u00edn.<\/p>\n\n\n\n<p>Tambi\u00e9n fue pionera al presentar el primer proyecto de despenalizaci\u00f3n del aborto en casos de violaci\u00f3n previsto en el C\u00f3digo Penal vigente en \u00e9pocas donde la palabra aborto pr\u00e1cticamente estaba prohibida o se dec\u00eda en voz baja.<\/p>\n\n\n\n<p>La iniciativa fue impulsada por el diputado provincial Marcos Cuelle, con el respaldo de 150 firmas de militantes y dirigentes de toda la provincia.<\/p>\n\n\n\n<p>\u201cQuiero agradecer personalmente a Liliana Robledo Secretaria de la Mujer y Adriana Maggio Secretaria de Cultura, quienes en un marco de convivencia y pluralidad democr\u00e1tica han aceptado la propuesta de este espacio pol\u00edtico\u201d, poste\u00f3 Cuelle. \u201cEl reconocimiento que en \u2018el campo del pueblo hay gente de \u2018mi\u2019 partido pero del otro tambi\u00e9n\u2019, quiz\u00e1s sirva para formar la agenda de los consensos y nos permita administrar los disensos, en favor de mejorar la calidad de vida de las y los pampeanos\u201d, finaliz\u00f3.<\/p>\n","protected":false},"excerpt":{"rendered":"<p>El pr\u00f3ximo 8 de marzo, D\u00eda Internacional de la Mujer, la provincia de La Pampa se llamar\u00e1 Florentina G\u00f3mez Miranda. Ser\u00e1 en memoria y honor a una gran militante y&hellip;<\/p>\n","protected":false},"author":3,"featured_media":135144,"comment_status":"closed","ping_status":"open","sticky":false,"template":"","format":"standard","meta":{"_acf_changed":false,"footnotes":""},"categories":[10,8],"tags":[5124],"class_list":["post-136144","post","type-post","status-publish","format-standard","has-post-thumbnail","hentry","category-portada-2","category-politica","tag-florentina"],"acf":[],"yoast_head":"<!-- This site is optimized with the Yoast SEO plugin v27.5 - https:\/\/yoast.com\/product\/yoast-seo-wordpress\/ -->\n<title>8M: por un d\u00eda, La Pampa se llamar\u00e1 Florentina G\u00f3mez Miranda - Diario Textual<\/title>\n<meta name=\"robots\" content=\"index, follow, max-snippet:-1, max-image-preview:large, max-video-preview:-1\" \/>\n<link rel=\"canonical\" href=\"https:\/\/diariotextual.com\/inicio\/index.php\/2021\/03\/05\/8m-por-un-dia-la-pampa-se-llamara-florentina-gomez-miranda\/\" \/>\n<meta property=\"og:locale\" content=\"es_ES\" \/>\n<meta property=\"og:type\" content=\"article\" \/>\n<meta property=\"og:title\" content=\"8M: por un d\u00eda, La Pampa se llamar\u00e1 Florentina G\u00f3mez Miranda - Diario Textual\" \/>\n<meta property=\"og:description\" content=\"El pr\u00f3ximo 8 de marzo, D\u00eda Internacional de la Mujer, la provincia de La Pampa se llamar\u00e1 Florentina G\u00f3mez Miranda. Ser\u00e1 en memoria y honor a una gran militante y&hellip;\" \/>\n<meta property=\"og:url\" content=\"https:\/\/diariotextual.com\/inicio\/index.php\/2021\/03\/05\/8m-por-un-dia-la-pampa-se-llamara-florentina-gomez-miranda\/\" \/>\n<meta property=\"og:site_name\" content=\"Diario Textual\" \/>\n<meta property=\"article:publisher\" content=\"https:\/\/www.facebook.com\/eltextual\" \/>\n<meta property=\"article:published_time\" content=\"2021-03-05T17:57:36+00:00\" \/>\n<meta property=\"article:modified_time\" content=\"2021-03-08T11:45:29+00:00\" \/>\n<meta property=\"og:image\" content=\"https:\/\/diariotextual.com\/inicio\/wp-content\/uploads\/2021\/02\/gomezmirandaflorentina1.jpeg\" \/>\n\t<meta property=\"og:image:width\" content=\"1004\" \/>\n\t<meta property=\"og:image:height\" content=\"678\" \/>\n\t<meta property=\"og:image:type\" content=\"image\/jpeg\" \/>\n<meta name=\"author\" content=\"Diario1 Diario1\" \/>\n<meta name=\"twitter:card\" content=\"summary_large_image\" \/>\n<meta name=\"twitter:creator\" content=\"@eltextual\" \/>\n<meta name=\"twitter:site\" content=\"@eltextual\" \/>\n<meta name=\"twitter:label1\" content=\"Escrito por\" \/>\n\t<meta name=\"twitter:data1\" content=\"Diario1 Diario1\" \/>\n\t<meta name=\"twitter:label2\" content=\"Tiempo de lectura\" \/>\n\t<meta name=\"twitter:data2\" content=\"2 minutos\" \/>\n<script type=\"application\/ld+json\" class=\"yoast-schema-graph\">{\"@context\":\"https:\\\/\\\/schema.org\",\"@graph\":[{\"@type\":\"Article\",\"@id\":\"https:\\\/\\\/diariotextual.com\\\/inicio\\\/index.php\\\/2021\\\/03\\\/05\\\/8m-por-un-dia-la-pampa-se-llamara-florentina-gomez-miranda\\\/#article\",\"isPartOf\":{\"@id\":\"https:\\\/\\\/diariotextual.com\\\/inicio\\\/index.php\\\/2021\\\/03\\\/05\\\/8m-por-un-dia-la-pampa-se-llamara-florentina-gomez-miranda\\\/\"},\"author\":{\"name\":\"Diario1 Diario1\",\"@id\":\"https:\\\/\\\/diariotextual.com\\\/inicio\\\/#\\\/schema\\\/person\\\/418fc4093c33e86ed41562db3508f958\"},\"headline\":\"8M: por un d\u00eda, La Pampa se llamar\u00e1 Florentina G\u00f3mez Miranda\",\"datePublished\":\"2021-03-05T17:57:36+00:00\",\"dateModified\":\"2021-03-08T11:45:29+00:00\",\"mainEntityOfPage\":{\"@id\":\"https:\\\/\\\/diariotextual.com\\\/inicio\\\/index.php\\\/2021\\\/03\\\/05\\\/8m-por-un-dia-la-pampa-se-llamara-florentina-gomez-miranda\\\/\"},\"wordCount\":292,\"publisher\":{\"@id\":\"https:\\\/\\\/diariotextual.com\\\/inicio\\\/#organization\"},\"image\":{\"@id\":\"https:\\\/\\\/diariotextual.com\\\/inicio\\\/index.php\\\/2021\\\/03\\\/05\\\/8m-por-un-dia-la-pampa-se-llamara-florentina-gomez-miranda\\\/#primaryimage\"},\"thumbnailUrl\":\"https:\\\/\\\/diariotextual.com\\\/inicio\\\/wp-content\\\/uploads\\\/2021\\\/02\\\/gomezmirandaflorentina1.jpeg\",\"keywords\":[\"florentina\"],\"articleSection\":[\"A - PORTADA2\",\"POLITICA\"],\"inLanguage\":\"es\"},{\"@type\":\"WebPage\",\"@id\":\"https:\\\/\\\/diariotextual.com\\\/inicio\\\/index.php\\\/2021\\\/03\\\/05\\\/8m-por-un-dia-la-pampa-se-llamara-florentina-gomez-miranda\\\/\",\"url\":\"https:\\\/\\\/diariotextual.com\\\/inicio\\\/index.php\\\/2021\\\/03\\\/05\\\/8m-por-un-dia-la-pampa-se-llamara-florentina-gomez-miranda\\\/\",\"name\":\"8M: por un d\u00eda, La Pampa se llamar\u00e1 Florentina G\u00f3mez Miranda - Diario Textual\",\"isPartOf\":{\"@id\":\"https:\\\/\\\/diariotextual.com\\\/inicio\\\/#website\"},\"primaryImageOfPage\":{\"@id\":\"https:\\\/\\\/diariotextual.com\\\/inicio\\\/index.php\\\/2021\\\/03\\\/05\\\/8m-por-un-dia-la-pampa-se-llamara-florentina-gomez-miranda\\\/#primaryimage\"},\"image\":{\"@id\":\"https:\\\/\\\/diariotextual.com\\\/inicio\\\/index.php\\\/2021\\\/03\\\/05\\\/8m-por-un-dia-la-pampa-se-llamara-florentina-gomez-miranda\\\/#primaryimage\"},\"thumbnailUrl\":\"https:\\\/\\\/diariotextual.com\\\/inicio\\\/wp-content\\\/uploads\\\/2021\\\/02\\\/gomezmirandaflorentina1.jpeg\",\"datePublished\":\"2021-03-05T17:57:36+00:00\",\"dateModified\":\"2021-03-08T11:45:29+00:00\",\"breadcrumb\":{\"@id\":\"https:\\\/\\\/diariotextual.com\\\/inicio\\\/index.php\\\/2021\\\/03\\\/05\\\/8m-por-un-dia-la-pampa-se-llamara-florentina-gomez-miranda\\\/#breadcrumb\"},\"inLanguage\":\"es\",\"potentialAction\":[{\"@type\":\"ReadAction\",\"target\":[\"https:\\\/\\\/diariotextual.com\\\/inicio\\\/index.php\\\/2021\\\/03\\\/05\\\/8m-por-un-dia-la-pampa-se-llamara-florentina-gomez-miranda\\\/\"]}]},{\"@type\":\"ImageObject\",\"inLanguage\":\"es\",\"@id\":\"https:\\\/\\\/diariotextual.com\\\/inicio\\\/index.php\\\/2021\\\/03\\\/05\\\/8m-por-un-dia-la-pampa-se-llamara-florentina-gomez-miranda\\\/#primaryimage\",\"url\":\"https:\\\/\\\/diariotextual.com\\\/inicio\\\/wp-content\\\/uploads\\\/2021\\\/02\\\/gomezmirandaflorentina1.jpeg\",\"contentUrl\":\"https:\\\/\\\/diariotextual.com\\\/inicio\\\/wp-content\\\/uploads\\\/2021\\\/02\\\/gomezmirandaflorentina1.jpeg\",\"width\":1004,\"height\":678},{\"@type\":\"BreadcrumbList\",\"@id\":\"https:\\\/\\\/diariotextual.com\\\/inicio\\\/index.php\\\/2021\\\/03\\\/05\\\/8m-por-un-dia-la-pampa-se-llamara-florentina-gomez-miranda\\\/#breadcrumb\",\"itemListElement\":[{\"@type\":\"ListItem\",\"position\":1,\"name\":\"Portada\",\"item\":\"https:\\\/\\\/diariotextual.com\\\/inicio\\\/\"},{\"@type\":\"ListItem\",\"position\":2,\"name\":\"8M: por un d\u00eda, La Pampa se llamar\u00e1 Florentina G\u00f3mez Miranda\"}]},{\"@type\":\"WebSite\",\"@id\":\"https:\\\/\\\/diariotextual.com\\\/inicio\\\/#website\",\"url\":\"https:\\\/\\\/diariotextual.com\\\/inicio\\\/\",\"name\":\"Diario Textual\",\"description\":\"\",\"publisher\":{\"@id\":\"https:\\\/\\\/diariotextual.com\\\/inicio\\\/#organization\"},\"potentialAction\":[{\"@type\":\"SearchAction\",\"target\":{\"@type\":\"EntryPoint\",\"urlTemplate\":\"https:\\\/\\\/diariotextual.com\\\/inicio\\\/?s={search_term_string}\"},\"query-input\":{\"@type\":\"PropertyValueSpecification\",\"valueRequired\":true,\"valueName\":\"search_term_string\"}}],\"inLanguage\":\"es\"},{\"@type\":\"Organization\",\"@id\":\"https:\\\/\\\/diariotextual.com\\\/inicio\\\/#organization\",\"name\":\"Diario Textual\",\"url\":\"https:\\\/\\\/diariotextual.com\\\/inicio\\\/\",\"logo\":{\"@type\":\"ImageObject\",\"inLanguage\":\"es\",\"@id\":\"https:\\\/\\\/diariotextual.com\\\/inicio\\\/#\\\/schema\\\/logo\\\/image\\\/\",\"url\":\"https:\\\/\\\/diariotextual.com\\\/inicio\\\/wp-content\\\/uploads\\\/2023\\\/05\\\/logotextual1.jpg\",\"contentUrl\":\"https:\\\/\\\/diariotextual.com\\\/inicio\\\/wp-content\\\/uploads\\\/2023\\\/05\\\/logotextual1.jpg\",\"width\":516,\"height\":76,\"caption\":\"Diario Textual\"},\"image\":{\"@id\":\"https:\\\/\\\/diariotextual.com\\\/inicio\\\/#\\\/schema\\\/logo\\\/image\\\/\"},\"sameAs\":[\"https:\\\/\\\/www.facebook.com\\\/eltextual\",\"https:\\\/\\\/x.com\\\/eltextual\",\"http:\\\/\\\/www.instagram.com\\\/eltextual\"]},{\"@type\":\"Person\",\"@id\":\"https:\\\/\\\/diariotextual.com\\\/inicio\\\/#\\\/schema\\\/person\\\/418fc4093c33e86ed41562db3508f958\",\"name\":\"Diario1 Diario1\",\"image\":{\"@type\":\"ImageObject\",\"inLanguage\":\"es\",\"@id\":\"https:\\\/\\\/secure.gravatar.com\\\/avatar\\\/9167d280179c85bc18be67aa7eda765854300033af4896dd779b608640f2ef7a?s=96&d=mm&r=g\",\"url\":\"https:\\\/\\\/secure.gravatar.com\\\/avatar\\\/9167d280179c85bc18be67aa7eda765854300033af4896dd779b608640f2ef7a?s=96&d=mm&r=g\",\"contentUrl\":\"https:\\\/\\\/secure.gravatar.com\\\/avatar\\\/9167d280179c85bc18be67aa7eda765854300033af4896dd779b608640f2ef7a?s=96&d=mm&r=g\",\"caption\":\"Diario1 Diario1\"},\"url\":\"https:\\\/\\\/diariotextual.com\\\/inicio\\\/index.php\\\/author\\\/diario1\\\/\"}]}<\/script>\n<!-- \/ Yoast SEO plugin. -->","yoast_head_json":{"title":"8M: por un d\u00eda, La Pampa se llamar\u00e1 Florentina G\u00f3mez Miranda - Diario Textual","robots":{"index":"index","follow":"follow","max-snippet":"max-snippet:-1","max-image-preview":"max-image-preview:large","max-video-preview":"max-video-preview:-1"},"canonical":"https:\/\/diariotextual.com\/inicio\/index.php\/2021\/03\/05\/8m-por-un-dia-la-pampa-se-llamara-florentina-gomez-miranda\/","og_locale":"es_ES","og_type":"article","og_title":"8M: por un d\u00eda, La Pampa se llamar\u00e1 Florentina G\u00f3mez Miranda - Diario Textual","og_description":"El pr\u00f3ximo 8 de marzo, D\u00eda Internacional de la Mujer, la provincia de La Pampa se llamar\u00e1 Florentina G\u00f3mez Miranda. Ser\u00e1 en memoria y honor a una gran militante y&hellip;","og_url":"https:\/\/diariotextual.com\/inicio\/index.php\/2021\/03\/05\/8m-por-un-dia-la-pampa-se-llamara-florentina-gomez-miranda\/","og_site_name":"Diario Textual","article_publisher":"https:\/\/www.facebook.com\/eltextual","article_published_time":"2021-03-05T17:57:36+00:00","article_modified_time":"2021-03-08T11:45:29+00:00","og_image":[{"width":1004,"height":678,"url":"https:\/\/diariotextual.com\/inicio\/wp-content\/uploads\/2021\/02\/gomezmirandaflorentina1.jpeg","type":"image\/jpeg"}],"author":"Diario1 Diario1","twitter_card":"summary_large_image","twitter_creator":"@eltextual","twitter_site":"@eltextual","twitter_misc":{"Escrito por":"Diario1 Diario1","Tiempo de lectura":"2 minutos"},"schema":{"@context":"https:\/\/schema.org","@graph":[{"@type":"Article","@id":"https:\/\/diariotextual.com\/inicio\/index.php\/2021\/03\/05\/8m-por-un-dia-la-pampa-se-llamara-florentina-gomez-miranda\/#article","isPartOf":{"@id":"https:\/\/diariotextual.com\/inicio\/index.php\/2021\/03\/05\/8m-por-un-dia-la-pampa-se-llamara-florentina-gomez-miranda\/"},"author":{"name":"Diario1 Diario1","@id":"https:\/\/diariotextual.com\/inicio\/#\/schema\/person\/418fc4093c33e86ed41562db3508f958"},"headline":"8M: por un d\u00eda, La Pampa se llamar\u00e1 Florentina G\u00f3mez Miranda","datePublished":"2021-03-05T17:57:36+00:00","dateModified":"2021-03-08T11:45:29+00:00","mainEntityOfPage":{"@id":"https:\/\/diariotextual.com\/inicio\/index.php\/2021\/03\/05\/8m-por-un-dia-la-pampa-se-llamara-florentina-gomez-miranda\/"},"wordCount":292,"publisher":{"@id":"https:\/\/diariotextual.com\/inicio\/#organization"},"image":{"@id":"https:\/\/diariotextual.com\/inicio\/index.php\/2021\/03\/05\/8m-por-un-dia-la-pampa-se-llamara-florentina-gomez-miranda\/#primaryimage"},"thumbnailUrl":"https:\/\/diariotextual.com\/inicio\/wp-content\/uploads\/2021\/02\/gomezmirandaflorentina1.jpeg","keywords":["florentina"],"articleSection":["A - PORTADA2","POLITICA"],"inLanguage":"es"},{"@type":"WebPage","@id":"https:\/\/diariotextual.com\/inicio\/index.php\/2021\/03\/05\/8m-por-un-dia-la-pampa-se-llamara-florentina-gomez-miranda\/","url":"https:\/\/diariotextual.com\/inicio\/index.php\/2021\/03\/05\/8m-por-un-dia-la-pampa-se-llamara-florentina-gomez-miranda\/","name":"8M: por un d\u00eda, La Pampa se llamar\u00e1 Florentina G\u00f3mez Miranda - Diario Textual","isPartOf":{"@id":"https:\/\/diariotextual.com\/inicio\/#website"},"primaryImageOfPage":{"@id":"https:\/\/diariotextual.com\/inicio\/index.php\/2021\/03\/05\/8m-por-un-dia-la-pampa-se-llamara-florentina-gomez-miranda\/#primaryimage"},"image":{"@id":"https:\/\/diariotextual.com\/inicio\/index.php\/2021\/03\/05\/8m-por-un-dia-la-pampa-se-llamara-florentina-gomez-miranda\/#primaryimage"},"thumbnailUrl":"https:\/\/diariotextual.com\/inicio\/wp-content\/uploads\/2021\/02\/gomezmirandaflorentina1.jpeg","datePublished":"2021-03-05T17:57:36+00:00","dateModified":"2021-03-08T11:45:29+00:00","breadcrumb":{"@id":"https:\/\/diariotextual.com\/inicio\/index.php\/2021\/03\/05\/8m-por-un-dia-la-pampa-se-llamara-florentina-gomez-miranda\/#breadcrumb"},"inLanguage":"es","potentialAction":[{"@type":"ReadAction","target":["https:\/\/diariotextual.com\/inicio\/index.php\/2021\/03\/05\/8m-por-un-dia-la-pampa-se-llamara-florentina-gomez-miranda\/"]}]},{"@type":"ImageObject","inLanguage":"es","@id":"https:\/\/diariotextual.com\/inicio\/index.php\/2021\/03\/05\/8m-por-un-dia-la-pampa-se-llamara-florentina-gomez-miranda\/#primaryimage","url":"https:\/\/diariotextual.com\/inicio\/wp-content\/uploads\/2021\/02\/gomezmirandaflorentina1.jpeg","contentUrl":"https:\/\/diariotextual.com\/inicio\/wp-content\/uploads\/2021\/02\/gomezmirandaflorentina1.jpeg","width":1004,"height":678},{"@type":"BreadcrumbList","@id":"https:\/\/diariotextual.com\/inicio\/index.php\/2021\/03\/05\/8m-por-un-dia-la-pampa-se-llamara-florentina-gomez-miranda\/#breadcrumb","itemListElement":[{"@type":"ListItem","position":1,"name":"Portada","item":"https:\/\/diariotextual.com\/inicio\/"},{"@type":"ListItem","position":2,"name":"8M: por un d\u00eda, La Pampa se llamar\u00e1 Florentina G\u00f3mez Miranda"}]},{"@type":"WebSite","@id":"https:\/\/diariotextual.com\/inicio\/#website","url":"https:\/\/diariotextual.com\/inicio\/","name":"Diario Textual","description":"","publisher":{"@id":"https:\/\/diariotextual.com\/inicio\/#organization"},"potentialAction":[{"@type":"SearchAction","target":{"@type":"EntryPoint","urlTemplate":"https:\/\/diariotextual.com\/inicio\/?s={search_term_string}"},"query-input":{"@type":"PropertyValueSpecification","valueRequired":true,"valueName":"search_term_string"}}],"inLanguage":"es"},{"@type":"Organization","@id":"https:\/\/diariotextual.com\/inicio\/#organization","name":"Diario Textual","url":"https:\/\/diariotextual.com\/inicio\/","logo":{"@type":"ImageObject","inLanguage":"es","@id":"https:\/\/diariotextual.com\/inicio\/#\/schema\/logo\/image\/","url":"https:\/\/diariotextual.com\/inicio\/wp-content\/uploads\/2023\/05\/logotextual1.jpg","contentUrl":"https:\/\/diariotextual.com\/inicio\/wp-content\/uploads\/2023\/05\/logotextual1.jpg","width":516,"height":76,"caption":"Diario Textual"},"image":{"@id":"https:\/\/diariotextual.com\/inicio\/#\/schema\/logo\/image\/"},"sameAs":["https:\/\/www.facebook.com\/eltextual","https:\/\/x.com\/eltextual","http:\/\/www.instagram.com\/eltextual"]},{"@type":"Person","@id":"https:\/\/diariotextual.com\/inicio\/#\/schema\/person\/418fc4093c33e86ed41562db3508f958","name":"Diario1 Diario1","image":{"@type":"ImageObject","inLanguage":"es","@id":"https:\/\/secure.gravatar.com\/avatar\/9167d280179c85bc18be67aa7eda765854300033af4896dd779b608640f2ef7a?s=96&d=mm&r=g","url":"https:\/\/secure.gravatar.com\/avatar\/9167d280179c85bc18be67aa7eda765854300033af4896dd779b608640f2ef7a?s=96&d=mm&r=g","contentUrl":"https:\/\/secure.gravatar.com\/avatar\/9167d280179c85bc18be67aa7eda765854300033af4896dd779b608640f2ef7a?s=96&d=mm&r=g","caption":"Diario1 Diario1"},"url":"https:\/\/diariotextual.com\/inicio\/index.php\/author\/diario1\/"}]}},"_links":{"self":[{"href":"https:\/\/diariotextual.com\/inicio\/index.php\/wp-json\/wp\/v2\/posts\/136144","targetHints":{"allow":["GET"]}}],"collection":[{"href":"https:\/\/diariotextual.com\/inicio\/index.php\/wp-json\/wp\/v2\/posts"}],"about":[{"href":"https:\/\/diariotextual.com\/inicio\/index.php\/wp-json\/wp\/v2\/types\/post"}],"author":[{"embeddable":true,"href":"https:\/\/diariotextual.com\/inicio\/index.php\/wp-json\/wp\/v2\/users\/3"}],"replies":[{"embeddable":true,"href":"https:\/\/diariotextual.com\/inicio\/index.php\/wp-json\/wp\/v2\/comments?post=136144"}],"version-history":[{"count":4,"href":"https:\/\/diariotextual.com\/inicio\/index.php\/wp-json\/wp\/v2\/posts\/136144\/revisions"}],"predecessor-version":[{"id":136158,"href":"https:\/\/diariotextual.com\/inicio\/index.php\/wp-json\/wp\/v2\/posts\/136144\/revisions\/136158"}],"wp:featuredmedia":[{"embeddable":true,"href":"https:\/\/diariotextual.com\/inicio\/index.php\/wp-json\/wp\/v2\/media\/135144"}],"wp:attachment":[{"href":"https:\/\/diariotextual.com\/inicio\/index.php\/wp-json\/wp\/v2\/media?parent=136144"}],"wp:term":[{"taxonomy":"category","embeddable":true,"href":"https:\/\/diariotextual.com\/inicio\/index.php\/wp-json\/wp\/v2\/categories?post=136144"},{"taxonomy":"post_tag","embeddable":true,"href":"https:\/\/diariotextual.com\/inicio\/index.php\/wp-json\/wp\/v2\/tags?post=136144"}],"curies":[{"name":"wp","href":"https:\/\/api.w.org\/{rel}","templated":true}]}}