{"id":136180,"date":"2021-03-05T19:40:21","date_gmt":"2021-03-05T22:40:21","guid":{"rendered":"http:\/\/diariotextual.com\/inicio\/?p=136180"},"modified":"2021-03-06T10:24:28","modified_gmt":"2021-03-06T13:24:28","slug":"el-ipav-advierte-si-no-hacen-el-relevamiento-pagaran-la-cuota-mas-alta","status":"publish","type":"post","link":"https:\/\/diariotextual.com\/inicio\/index.php\/2021\/03\/05\/el-ipav-advierte-si-no-hacen-el-relevamiento-pagaran-la-cuota-mas-alta\/","title":{"rendered":"El Ipav advierte: si no indican cu\u00e1les son sus ingresos, pagar\u00e1n la cuota m\u00e1s alta"},"content":{"rendered":"\n<p>Las autoridades del <strong>Instituto Provincial Aut\u00e1rquico de Viviendas<\/strong> (Ipav)   salieron a advertencia a las<strong> 28 mil familias<\/strong> que han recibido casas sociales en La Pampa: <strong>si no indican cu\u00e1les son sus ingresos, deber\u00e1n pagar la cuota m\u00e1s alta de su barrio.<\/strong><\/p>\n\n\n\n<p><strong>La decisi\u00f3n -dijeron funcionarios a Diario Textual- se tom\u00f3 luego de que a fines de 2020 se le pidiera voluntariamente a los 28 mil adjudicatarios de casas sociales que completaran el relevamiento de sus ingresos. Pero solo lo hicieron 500.<\/strong> Por eso, a trav\u00e9s de una resoluci\u00f3n firmada en los \u00faltimos d\u00edas de febrero, salieron a presionar para que hagan al relevamiento.<\/p>\n\n\n\n<p>La resoluci\u00f3n es la siguiente:<\/p>\n\n\n\n<p><em>Art. 1\u00b0.- Disp\u00f3nese el relevamiento obligatorio, a todos los adjudicatarios de viviendas sociales otorgadas por parte del Instituto Provincial Aut\u00e1rquico de Vivienda, cuya obligaci\u00f3n de pago no haya sido cancelada a la fecha.<\/em><\/p>\n\n\n\n<p><em>Art. 2\u00ba.- Determ\u00ednase que las personas alcanzadas por la obligaci\u00f3n referida en el art\u00edculo precedente, deber\u00e1n completar la informaci\u00f3n requerida mediante el ingreso con su Clave \u00danica de Identificaci\u00f3n Laboral (C.U.I.L.) en la p\u00e1gina del sitio web <a href=\"https:\/\/ipav.lapampa.gob.ar\/ipavdigital\" target=\"_blank\" rel=\"noreferrer noopener\">https:\/\/ipav.lapampa.gob.ar\/ipavdigital<\/a> &#8211; link \u201cMI IPAV\u201d, declarando bajo juramento que los datos brindados son veraces, exactos, ciertos y adecuados.<\/em><\/p>\n\n\n\n<p><em>Art. 3\u00ba.- Establ\u00e9cese que el relevamiento a que refiere el art\u00edculo 1\u00ba deber\u00e1 efectuarse hasta el d\u00eda 30 de abril de 2021 inclusive, como fecha l\u00edmite para las presentaciones.<\/em><\/p>\n\n\n\n<p><em>Art. 4\u00ba.- Determ\u00ednase que la falta de presentaci\u00f3n en los t\u00e9rminos y en la forma dispuesta en la presente, generar\u00e1 contra el adjudicatario la presunci\u00f3n \u201cIuris Tantum\u201d que sus ingresos alcanzan la escala m\u00e1s alta, a los fines de analizar posibles aumentos y\/o quita de subsidios en los nuevos planes de recupero.<\/em><\/p>\n\n\n\n<p>Hoy la cuota m\u00ednima que pagan los adjudicatarios y las adjudicatarias es de 1400 -1320 pesos, m\u00e1s 80 de seguro contra incendios- y la m\u00e1xima es de 2800 -2720 m\u00e1s 80 del seguro-.<\/p>\n\n\n\n<p>Actualmente, adem\u00e1s, cada barrio tiene su n\u00famero. \u00bfC\u00f3mo se establece la cuota? Se suman los certificados de obras del barrio, el valor del terreno y el costo de la infraestructura, y ese n\u00famero se divide por la cantidad de casas y meses a pagar.<\/p>\n\n\n\n<p>Sin embargo, esos valores se modificar\u00e1n pr\u00f3ximamente: el Gobierno pretende presentar una nueva estructura de las cuotas.<\/p>\n\n\n\n<p>Hoy, por ejemplo, la cuota de los nuevos barrios que se van a construir deber\u00eda estar en unos 10 mil pesos, estiman las autoridades.<\/p>\n\n\n\n<p>El Gobierno sabe que va a tener que subsidiar esa cuota. Pero, seg\u00fan sus palabras, quiere ser \u201ceficiente\u201d en la distribuci\u00f3n de ese subsidio: ayudar m\u00e1s a los que m\u00e1s necesitan, repiten.<\/p>\n\n\n\n<p>Adem\u00e1s, hay familias que, con el correr de los a\u00f1os, modificaron sus ingresos. \u201cPor ejemplo, hay familias que hace 15 a\u00f1os ten\u00edan una realidad econ\u00f3mica y hoy tienen otra. Esas familias, que hoy ganan m\u00e1s, deber\u00e1n tener menos subsidios que otra familia de ese mismo barrio que gana menos\u201d, explicaron las autoridades a Diario Textual.<\/p>\n\n\n\n<p>\u00bfQu\u00e9 pasar\u00e1 con los que no participen de ese relevamiento? \u201cEl Estado, de acuerdo a un relevamiento barrio por barrio de cada localidad, establecer\u00e1 de cu\u00e1nto ser\u00e1 la cuota. Si hay una familia que no presente su declaraci\u00f3n de ingresos, deber\u00e1 pagar la cuota m\u00e1s alta que se establezca para ese barrio\u201d, contaron.<\/p>\n\n\n\n<p><\/p>\n","protected":false},"excerpt":{"rendered":"<p>Las autoridades del Instituto Provincial Aut\u00e1rquico de Viviendas (Ipav) salieron a advertencia a las 28 mil familias que han recibido casas sociales en La Pampa: si no indican cu\u00e1les son&hellip;<\/p>\n","protected":false},"author":3,"featured_media":43355,"comment_status":"closed","ping_status":"open","sticky":false,"template":"","format":"standard","meta":{"_acf_changed":false,"footnotes":""},"categories":[10,12],"tags":[],"class_list":["post-136180","post","type-post","status-publish","format-standard","has-post-thumbnail","hentry","category-portada-2","category-sociedad"],"acf":[],"yoast_head":"<!-- This site is optimized with the Yoast SEO plugin v27.5 - https:\/\/yoast.com\/product\/yoast-seo-wordpress\/ -->\n<title>El Ipav advierte: si no indican cu\u00e1les son sus ingresos, pagar\u00e1n la cuota m\u00e1s alta - Diario Textual<\/title>\n<meta name=\"robots\" content=\"index, follow, max-snippet:-1, max-image-preview:large, max-video-preview:-1\" \/>\n<link rel=\"canonical\" href=\"https:\/\/diariotextual.com\/inicio\/index.php\/2021\/03\/05\/el-ipav-advierte-si-no-hacen-el-relevamiento-pagaran-la-cuota-mas-alta\/\" \/>\n<meta property=\"og:locale\" content=\"es_ES\" \/>\n<meta property=\"og:type\" content=\"article\" \/>\n<meta property=\"og:title\" content=\"El Ipav advierte: si no indican cu\u00e1les son sus ingresos, pagar\u00e1n la cuota m\u00e1s alta - Diario Textual\" \/>\n<meta property=\"og:description\" content=\"Las autoridades del Instituto Provincial Aut\u00e1rquico de Viviendas (Ipav) salieron a advertencia a las 28 mil familias que han recibido casas sociales en La Pampa: si no indican cu\u00e1les son&hellip;\" \/>\n<meta property=\"og:url\" content=\"https:\/\/diariotextual.com\/inicio\/index.php\/2021\/03\/05\/el-ipav-advierte-si-no-hacen-el-relevamiento-pagaran-la-cuota-mas-alta\/\" \/>\n<meta property=\"og:site_name\" content=\"Diario Textual\" \/>\n<meta property=\"article:publisher\" content=\"https:\/\/www.facebook.com\/eltextual\" \/>\n<meta property=\"article:published_time\" content=\"2021-03-05T22:40:21+00:00\" \/>\n<meta property=\"article:modified_time\" content=\"2021-03-06T13:24:28+00:00\" \/>\n<meta property=\"og:image\" content=\"https:\/\/diariotextual.com\/inicio\/wp-content\/uploads\/2019\/03\/casas1009mudanza2019-00001.jpg\" \/>\n\t<meta property=\"og:image:width\" content=\"1000\" \/>\n\t<meta property=\"og:image:height\" content=\"677\" \/>\n\t<meta property=\"og:image:type\" content=\"image\/jpeg\" \/>\n<meta name=\"author\" content=\"Diario1 Diario1\" \/>\n<meta name=\"twitter:card\" content=\"summary_large_image\" \/>\n<meta name=\"twitter:creator\" content=\"@eltextual\" \/>\n<meta name=\"twitter:site\" content=\"@eltextual\" \/>\n<meta name=\"twitter:label1\" content=\"Escrito por\" \/>\n\t<meta name=\"twitter:data1\" content=\"Diario1 Diario1\" \/>\n\t<meta name=\"twitter:label2\" content=\"Tiempo de lectura\" \/>\n\t<meta name=\"twitter:data2\" content=\"3 minutos\" \/>\n<script type=\"application\/ld+json\" class=\"yoast-schema-graph\">{\"@context\":\"https:\\\/\\\/schema.org\",\"@graph\":[{\"@type\":\"Article\",\"@id\":\"https:\\\/\\\/diariotextual.com\\\/inicio\\\/index.php\\\/2021\\\/03\\\/05\\\/el-ipav-advierte-si-no-hacen-el-relevamiento-pagaran-la-cuota-mas-alta\\\/#article\",\"isPartOf\":{\"@id\":\"https:\\\/\\\/diariotextual.com\\\/inicio\\\/index.php\\\/2021\\\/03\\\/05\\\/el-ipav-advierte-si-no-hacen-el-relevamiento-pagaran-la-cuota-mas-alta\\\/\"},\"author\":{\"name\":\"Diario1 Diario1\",\"@id\":\"https:\\\/\\\/diariotextual.com\\\/inicio\\\/#\\\/schema\\\/person\\\/418fc4093c33e86ed41562db3508f958\"},\"headline\":\"El Ipav advierte: si no indican cu\u00e1les son sus ingresos, pagar\u00e1n la cuota m\u00e1s alta\",\"datePublished\":\"2021-03-05T22:40:21+00:00\",\"dateModified\":\"2021-03-06T13:24:28+00:00\",\"mainEntityOfPage\":{\"@id\":\"https:\\\/\\\/diariotextual.com\\\/inicio\\\/index.php\\\/2021\\\/03\\\/05\\\/el-ipav-advierte-si-no-hacen-el-relevamiento-pagaran-la-cuota-mas-alta\\\/\"},\"wordCount\":602,\"publisher\":{\"@id\":\"https:\\\/\\\/diariotextual.com\\\/inicio\\\/#organization\"},\"image\":{\"@id\":\"https:\\\/\\\/diariotextual.com\\\/inicio\\\/index.php\\\/2021\\\/03\\\/05\\\/el-ipav-advierte-si-no-hacen-el-relevamiento-pagaran-la-cuota-mas-alta\\\/#primaryimage\"},\"thumbnailUrl\":\"https:\\\/\\\/diariotextual.com\\\/inicio\\\/wp-content\\\/uploads\\\/2019\\\/03\\\/casas1009mudanza2019-00001.jpg\",\"articleSection\":[\"A - PORTADA2\",\"SOCIEDAD\"],\"inLanguage\":\"es\"},{\"@type\":\"WebPage\",\"@id\":\"https:\\\/\\\/diariotextual.com\\\/inicio\\\/index.php\\\/2021\\\/03\\\/05\\\/el-ipav-advierte-si-no-hacen-el-relevamiento-pagaran-la-cuota-mas-alta\\\/\",\"url\":\"https:\\\/\\\/diariotextual.com\\\/inicio\\\/index.php\\\/2021\\\/03\\\/05\\\/el-ipav-advierte-si-no-hacen-el-relevamiento-pagaran-la-cuota-mas-alta\\\/\",\"name\":\"El Ipav advierte: si no indican cu\u00e1les son sus ingresos, pagar\u00e1n la cuota m\u00e1s alta - Diario Textual\",\"isPartOf\":{\"@id\":\"https:\\\/\\\/diariotextual.com\\\/inicio\\\/#website\"},\"primaryImageOfPage\":{\"@id\":\"https:\\\/\\\/diariotextual.com\\\/inicio\\\/index.php\\\/2021\\\/03\\\/05\\\/el-ipav-advierte-si-no-hacen-el-relevamiento-pagaran-la-cuota-mas-alta\\\/#primaryimage\"},\"image\":{\"@id\":\"https:\\\/\\\/diariotextual.com\\\/inicio\\\/index.php\\\/2021\\\/03\\\/05\\\/el-ipav-advierte-si-no-hacen-el-relevamiento-pagaran-la-cuota-mas-alta\\\/#primaryimage\"},\"thumbnailUrl\":\"https:\\\/\\\/diariotextual.com\\\/inicio\\\/wp-content\\\/uploads\\\/2019\\\/03\\\/casas1009mudanza2019-00001.jpg\",\"datePublished\":\"2021-03-05T22:40:21+00:00\",\"dateModified\":\"2021-03-06T13:24:28+00:00\",\"breadcrumb\":{\"@id\":\"https:\\\/\\\/diariotextual.com\\\/inicio\\\/index.php\\\/2021\\\/03\\\/05\\\/el-ipav-advierte-si-no-hacen-el-relevamiento-pagaran-la-cuota-mas-alta\\\/#breadcrumb\"},\"inLanguage\":\"es\",\"potentialAction\":[{\"@type\":\"ReadAction\",\"target\":[\"https:\\\/\\\/diariotextual.com\\\/inicio\\\/index.php\\\/2021\\\/03\\\/05\\\/el-ipav-advierte-si-no-hacen-el-relevamiento-pagaran-la-cuota-mas-alta\\\/\"]}]},{\"@type\":\"ImageObject\",\"inLanguage\":\"es\",\"@id\":\"https:\\\/\\\/diariotextual.com\\\/inicio\\\/index.php\\\/2021\\\/03\\\/05\\\/el-ipav-advierte-si-no-hacen-el-relevamiento-pagaran-la-cuota-mas-alta\\\/#primaryimage\",\"url\":\"https:\\\/\\\/diariotextual.com\\\/inicio\\\/wp-content\\\/uploads\\\/2019\\\/03\\\/casas1009mudanza2019-00001.jpg\",\"contentUrl\":\"https:\\\/\\\/diariotextual.com\\\/inicio\\\/wp-content\\\/uploads\\\/2019\\\/03\\\/casas1009mudanza2019-00001.jpg\",\"width\":1000,\"height\":677},{\"@type\":\"BreadcrumbList\",\"@id\":\"https:\\\/\\\/diariotextual.com\\\/inicio\\\/index.php\\\/2021\\\/03\\\/05\\\/el-ipav-advierte-si-no-hacen-el-relevamiento-pagaran-la-cuota-mas-alta\\\/#breadcrumb\",\"itemListElement\":[{\"@type\":\"ListItem\",\"position\":1,\"name\":\"Portada\",\"item\":\"https:\\\/\\\/diariotextual.com\\\/inicio\\\/\"},{\"@type\":\"ListItem\",\"position\":2,\"name\":\"El Ipav advierte: si no indican cu\u00e1les son sus ingresos, pagar\u00e1n la cuota m\u00e1s alta\"}]},{\"@type\":\"WebSite\",\"@id\":\"https:\\\/\\\/diariotextual.com\\\/inicio\\\/#website\",\"url\":\"https:\\\/\\\/diariotextual.com\\\/inicio\\\/\",\"name\":\"Diario Textual\",\"description\":\"\",\"publisher\":{\"@id\":\"https:\\\/\\\/diariotextual.com\\\/inicio\\\/#organization\"},\"potentialAction\":[{\"@type\":\"SearchAction\",\"target\":{\"@type\":\"EntryPoint\",\"urlTemplate\":\"https:\\\/\\\/diariotextual.com\\\/inicio\\\/?s={search_term_string}\"},\"query-input\":{\"@type\":\"PropertyValueSpecification\",\"valueRequired\":true,\"valueName\":\"search_term_string\"}}],\"inLanguage\":\"es\"},{\"@type\":\"Organization\",\"@id\":\"https:\\\/\\\/diariotextual.com\\\/inicio\\\/#organization\",\"name\":\"Diario Textual\",\"url\":\"https:\\\/\\\/diariotextual.com\\\/inicio\\\/\",\"logo\":{\"@type\":\"ImageObject\",\"inLanguage\":\"es\",\"@id\":\"https:\\\/\\\/diariotextual.com\\\/inicio\\\/#\\\/schema\\\/logo\\\/image\\\/\",\"url\":\"https:\\\/\\\/diariotextual.com\\\/inicio\\\/wp-content\\\/uploads\\\/2023\\\/05\\\/logotextual1.jpg\",\"contentUrl\":\"https:\\\/\\\/diariotextual.com\\\/inicio\\\/wp-content\\\/uploads\\\/2023\\\/05\\\/logotextual1.jpg\",\"width\":516,\"height\":76,\"caption\":\"Diario Textual\"},\"image\":{\"@id\":\"https:\\\/\\\/diariotextual.com\\\/inicio\\\/#\\\/schema\\\/logo\\\/image\\\/\"},\"sameAs\":[\"https:\\\/\\\/www.facebook.com\\\/eltextual\",\"https:\\\/\\\/x.com\\\/eltextual\",\"http:\\\/\\\/www.instagram.com\\\/eltextual\"]},{\"@type\":\"Person\",\"@id\":\"https:\\\/\\\/diariotextual.com\\\/inicio\\\/#\\\/schema\\\/person\\\/418fc4093c33e86ed41562db3508f958\",\"name\":\"Diario1 Diario1\",\"image\":{\"@type\":\"ImageObject\",\"inLanguage\":\"es\",\"@id\":\"https:\\\/\\\/secure.gravatar.com\\\/avatar\\\/9167d280179c85bc18be67aa7eda765854300033af4896dd779b608640f2ef7a?s=96&d=mm&r=g\",\"url\":\"https:\\\/\\\/secure.gravatar.com\\\/avatar\\\/9167d280179c85bc18be67aa7eda765854300033af4896dd779b608640f2ef7a?s=96&d=mm&r=g\",\"contentUrl\":\"https:\\\/\\\/secure.gravatar.com\\\/avatar\\\/9167d280179c85bc18be67aa7eda765854300033af4896dd779b608640f2ef7a?s=96&d=mm&r=g\",\"caption\":\"Diario1 Diario1\"},\"url\":\"https:\\\/\\\/diariotextual.com\\\/inicio\\\/index.php\\\/author\\\/diario1\\\/\"}]}<\/script>\n<!-- \/ Yoast SEO plugin. -->","yoast_head_json":{"title":"El Ipav advierte: si no indican cu\u00e1les son sus ingresos, pagar\u00e1n la cuota m\u00e1s alta - Diario Textual","robots":{"index":"index","follow":"follow","max-snippet":"max-snippet:-1","max-image-preview":"max-image-preview:large","max-video-preview":"max-video-preview:-1"},"canonical":"https:\/\/diariotextual.com\/inicio\/index.php\/2021\/03\/05\/el-ipav-advierte-si-no-hacen-el-relevamiento-pagaran-la-cuota-mas-alta\/","og_locale":"es_ES","og_type":"article","og_title":"El Ipav advierte: si no indican cu\u00e1les son sus ingresos, pagar\u00e1n la cuota m\u00e1s alta - Diario Textual","og_description":"Las autoridades del Instituto Provincial Aut\u00e1rquico de Viviendas (Ipav) salieron a advertencia a las 28 mil familias que han recibido casas sociales en La Pampa: si no indican cu\u00e1les son&hellip;","og_url":"https:\/\/diariotextual.com\/inicio\/index.php\/2021\/03\/05\/el-ipav-advierte-si-no-hacen-el-relevamiento-pagaran-la-cuota-mas-alta\/","og_site_name":"Diario Textual","article_publisher":"https:\/\/www.facebook.com\/eltextual","article_published_time":"2021-03-05T22:40:21+00:00","article_modified_time":"2021-03-06T13:24:28+00:00","og_image":[{"width":1000,"height":677,"url":"https:\/\/diariotextual.com\/inicio\/wp-content\/uploads\/2019\/03\/casas1009mudanza2019-00001.jpg","type":"image\/jpeg"}],"author":"Diario1 Diario1","twitter_card":"summary_large_image","twitter_creator":"@eltextual","twitter_site":"@eltextual","twitter_misc":{"Escrito por":"Diario1 Diario1","Tiempo de lectura":"3 minutos"},"schema":{"@context":"https:\/\/schema.org","@graph":[{"@type":"Article","@id":"https:\/\/diariotextual.com\/inicio\/index.php\/2021\/03\/05\/el-ipav-advierte-si-no-hacen-el-relevamiento-pagaran-la-cuota-mas-alta\/#article","isPartOf":{"@id":"https:\/\/diariotextual.com\/inicio\/index.php\/2021\/03\/05\/el-ipav-advierte-si-no-hacen-el-relevamiento-pagaran-la-cuota-mas-alta\/"},"author":{"name":"Diario1 Diario1","@id":"https:\/\/diariotextual.com\/inicio\/#\/schema\/person\/418fc4093c33e86ed41562db3508f958"},"headline":"El Ipav advierte: si no indican cu\u00e1les son sus ingresos, pagar\u00e1n la cuota m\u00e1s alta","datePublished":"2021-03-05T22:40:21+00:00","dateModified":"2021-03-06T13:24:28+00:00","mainEntityOfPage":{"@id":"https:\/\/diariotextual.com\/inicio\/index.php\/2021\/03\/05\/el-ipav-advierte-si-no-hacen-el-relevamiento-pagaran-la-cuota-mas-alta\/"},"wordCount":602,"publisher":{"@id":"https:\/\/diariotextual.com\/inicio\/#organization"},"image":{"@id":"https:\/\/diariotextual.com\/inicio\/index.php\/2021\/03\/05\/el-ipav-advierte-si-no-hacen-el-relevamiento-pagaran-la-cuota-mas-alta\/#primaryimage"},"thumbnailUrl":"https:\/\/diariotextual.com\/inicio\/wp-content\/uploads\/2019\/03\/casas1009mudanza2019-00001.jpg","articleSection":["A - PORTADA2","SOCIEDAD"],"inLanguage":"es"},{"@type":"WebPage","@id":"https:\/\/diariotextual.com\/inicio\/index.php\/2021\/03\/05\/el-ipav-advierte-si-no-hacen-el-relevamiento-pagaran-la-cuota-mas-alta\/","url":"https:\/\/diariotextual.com\/inicio\/index.php\/2021\/03\/05\/el-ipav-advierte-si-no-hacen-el-relevamiento-pagaran-la-cuota-mas-alta\/","name":"El Ipav advierte: si no indican cu\u00e1les son sus ingresos, pagar\u00e1n la cuota m\u00e1s alta - Diario Textual","isPartOf":{"@id":"https:\/\/diariotextual.com\/inicio\/#website"},"primaryImageOfPage":{"@id":"https:\/\/diariotextual.com\/inicio\/index.php\/2021\/03\/05\/el-ipav-advierte-si-no-hacen-el-relevamiento-pagaran-la-cuota-mas-alta\/#primaryimage"},"image":{"@id":"https:\/\/diariotextual.com\/inicio\/index.php\/2021\/03\/05\/el-ipav-advierte-si-no-hacen-el-relevamiento-pagaran-la-cuota-mas-alta\/#primaryimage"},"thumbnailUrl":"https:\/\/diariotextual.com\/inicio\/wp-content\/uploads\/2019\/03\/casas1009mudanza2019-00001.jpg","datePublished":"2021-03-05T22:40:21+00:00","dateModified":"2021-03-06T13:24:28+00:00","breadcrumb":{"@id":"https:\/\/diariotextual.com\/inicio\/index.php\/2021\/03\/05\/el-ipav-advierte-si-no-hacen-el-relevamiento-pagaran-la-cuota-mas-alta\/#breadcrumb"},"inLanguage":"es","potentialAction":[{"@type":"ReadAction","target":["https:\/\/diariotextual.com\/inicio\/index.php\/2021\/03\/05\/el-ipav-advierte-si-no-hacen-el-relevamiento-pagaran-la-cuota-mas-alta\/"]}]},{"@type":"ImageObject","inLanguage":"es","@id":"https:\/\/diariotextual.com\/inicio\/index.php\/2021\/03\/05\/el-ipav-advierte-si-no-hacen-el-relevamiento-pagaran-la-cuota-mas-alta\/#primaryimage","url":"https:\/\/diariotextual.com\/inicio\/wp-content\/uploads\/2019\/03\/casas1009mudanza2019-00001.jpg","contentUrl":"https:\/\/diariotextual.com\/inicio\/wp-content\/uploads\/2019\/03\/casas1009mudanza2019-00001.jpg","width":1000,"height":677},{"@type":"BreadcrumbList","@id":"https:\/\/diariotextual.com\/inicio\/index.php\/2021\/03\/05\/el-ipav-advierte-si-no-hacen-el-relevamiento-pagaran-la-cuota-mas-alta\/#breadcrumb","itemListElement":[{"@type":"ListItem","position":1,"name":"Portada","item":"https:\/\/diariotextual.com\/inicio\/"},{"@type":"ListItem","position":2,"name":"El Ipav advierte: si no indican cu\u00e1les son sus ingresos, pagar\u00e1n la cuota m\u00e1s alta"}]},{"@type":"WebSite","@id":"https:\/\/diariotextual.com\/inicio\/#website","url":"https:\/\/diariotextual.com\/inicio\/","name":"Diario Textual","description":"","publisher":{"@id":"https:\/\/diariotextual.com\/inicio\/#organization"},"potentialAction":[{"@type":"SearchAction","target":{"@type":"EntryPoint","urlTemplate":"https:\/\/diariotextual.com\/inicio\/?s={search_term_string}"},"query-input":{"@type":"PropertyValueSpecification","valueRequired":true,"valueName":"search_term_string"}}],"inLanguage":"es"},{"@type":"Organization","@id":"https:\/\/diariotextual.com\/inicio\/#organization","name":"Diario Textual","url":"https:\/\/diariotextual.com\/inicio\/","logo":{"@type":"ImageObject","inLanguage":"es","@id":"https:\/\/diariotextual.com\/inicio\/#\/schema\/logo\/image\/","url":"https:\/\/diariotextual.com\/inicio\/wp-content\/uploads\/2023\/05\/logotextual1.jpg","contentUrl":"https:\/\/diariotextual.com\/inicio\/wp-content\/uploads\/2023\/05\/logotextual1.jpg","width":516,"height":76,"caption":"Diario Textual"},"image":{"@id":"https:\/\/diariotextual.com\/inicio\/#\/schema\/logo\/image\/"},"sameAs":["https:\/\/www.facebook.com\/eltextual","https:\/\/x.com\/eltextual","http:\/\/www.instagram.com\/eltextual"]},{"@type":"Person","@id":"https:\/\/diariotextual.com\/inicio\/#\/schema\/person\/418fc4093c33e86ed41562db3508f958","name":"Diario1 Diario1","image":{"@type":"ImageObject","inLanguage":"es","@id":"https:\/\/secure.gravatar.com\/avatar\/9167d280179c85bc18be67aa7eda765854300033af4896dd779b608640f2ef7a?s=96&d=mm&r=g","url":"https:\/\/secure.gravatar.com\/avatar\/9167d280179c85bc18be67aa7eda765854300033af4896dd779b608640f2ef7a?s=96&d=mm&r=g","contentUrl":"https:\/\/secure.gravatar.com\/avatar\/9167d280179c85bc18be67aa7eda765854300033af4896dd779b608640f2ef7a?s=96&d=mm&r=g","caption":"Diario1 Diario1"},"url":"https:\/\/diariotextual.com\/inicio\/index.php\/author\/diario1\/"}]}},"_links":{"self":[{"href":"https:\/\/diariotextual.com\/inicio\/index.php\/wp-json\/wp\/v2\/posts\/136180","targetHints":{"allow":["GET"]}}],"collection":[{"href":"https:\/\/diariotextual.com\/inicio\/index.php\/wp-json\/wp\/v2\/posts"}],"about":[{"href":"https:\/\/diariotextual.com\/inicio\/index.php\/wp-json\/wp\/v2\/types\/post"}],"author":[{"embeddable":true,"href":"https:\/\/diariotextual.com\/inicio\/index.php\/wp-json\/wp\/v2\/users\/3"}],"replies":[{"embeddable":true,"href":"https:\/\/diariotextual.com\/inicio\/index.php\/wp-json\/wp\/v2\/comments?post=136180"}],"version-history":[{"count":7,"href":"https:\/\/diariotextual.com\/inicio\/index.php\/wp-json\/wp\/v2\/posts\/136180\/revisions"}],"predecessor-version":[{"id":136188,"href":"https:\/\/diariotextual.com\/inicio\/index.php\/wp-json\/wp\/v2\/posts\/136180\/revisions\/136188"}],"wp:featuredmedia":[{"embeddable":true,"href":"https:\/\/diariotextual.com\/inicio\/index.php\/wp-json\/wp\/v2\/media\/43355"}],"wp:attachment":[{"href":"https:\/\/diariotextual.com\/inicio\/index.php\/wp-json\/wp\/v2\/media?parent=136180"}],"wp:term":[{"taxonomy":"category","embeddable":true,"href":"https:\/\/diariotextual.com\/inicio\/index.php\/wp-json\/wp\/v2\/categories?post=136180"},{"taxonomy":"post_tag","embeddable":true,"href":"https:\/\/diariotextual.com\/inicio\/index.php\/wp-json\/wp\/v2\/tags?post=136180"}],"curies":[{"name":"wp","href":"https:\/\/api.w.org\/{rel}","templated":true}]}}