{"id":136208,"date":"2021-03-06T10:07:55","date_gmt":"2021-03-06T13:07:55","guid":{"rendered":"http:\/\/diariotextual.com\/inicio\/?p=136208"},"modified":"2021-03-06T15:49:41","modified_gmt":"2021-03-06T18:49:41","slug":"la-facultad-de-agronomia-dictara-una-diplomatura-para-personas-sordas","status":"publish","type":"post","link":"https:\/\/diariotextual.com\/inicio\/index.php\/2021\/03\/06\/la-facultad-de-agronomia-dictara-una-diplomatura-para-personas-sordas\/","title":{"rendered":"La Facultad de Agronom\u00eda dictar\u00e1 una diplomatura para personas sordas"},"content":{"rendered":"\n<p>La Facultad de Agronom\u00eda de la Universidad Nacional de La Pampa dictar\u00e1 la diplomatura universitaria <strong>\u201cIniciaci\u00f3n a la huerta familiar agroecol\u00f3gica\u201d<\/strong>, dirigida a personas sordas mayores de 18 a\u00f1os, hablantes en lenguaje de se\u00f1as.<\/p>\n\n\n\n<p>Dicha diplomatura se dictar\u00e1 en conjunto con la Facultad de Ciencias Exactas y Naturales, la Agencia de Extensi\u00f3n Rural Santa Rosa de INTA, la Direcci\u00f3n General de Agricultura Familiar y la Direcci\u00f3n de Discapacidad, ambas del Ministerio de Desarrollo Social de la Provincia de La Pampa y con el acompa\u00f1amiento del Instituto Manos que Hablan Santa Rosa.<\/p>\n\n\n\n<p>\u201cEsta carrera representa una gran oportunidad para un sector de la sociedad cada vez m\u00e1s&nbsp; demandante de contenidos que les permita acceder a diferentes conocimientos t\u00e9cnicos, para desarrollar actividades econ\u00f3micas ya sea participando de la autoproducci\u00f3n como en mano de obra capacitada, lo cual es de gran importancia al momento de considerar acciones de inclusi\u00f3n\u201d, se\u00f1al\u00f3 la Facultad de Agronom\u00eda.<\/p>\n","protected":false},"excerpt":{"rendered":"<p>La Facultad de Agronom\u00eda de la Universidad Nacional de La Pampa dictar\u00e1 la diplomatura universitaria \u201cIniciaci\u00f3n a la huerta familiar agroecol\u00f3gica\u201d, dirigida a personas sordas mayores de 18 a\u00f1os, hablantes&hellip;<\/p>\n","protected":false},"author":7,"featured_media":109222,"comment_status":"closed","ping_status":"open","sticky":false,"template":"","format":"standard","meta":{"_acf_changed":false,"footnotes":""},"categories":[10,12],"tags":[],"class_list":["post-136208","post","type-post","status-publish","format-standard","has-post-thumbnail","hentry","category-portada-2","category-sociedad"],"acf":[],"yoast_head":"<!-- This site is optimized with the Yoast SEO plugin v27.5 - https:\/\/yoast.com\/product\/yoast-seo-wordpress\/ -->\n<title>La Facultad de Agronom\u00eda dictar\u00e1 una diplomatura para personas sordas - Diario Textual<\/title>\n<meta name=\"robots\" content=\"index, follow, max-snippet:-1, max-image-preview:large, max-video-preview:-1\" \/>\n<link rel=\"canonical\" href=\"https:\/\/diariotextual.com\/inicio\/index.php\/2021\/03\/06\/la-facultad-de-agronomia-dictara-una-diplomatura-para-personas-sordas\/\" \/>\n<meta property=\"og:locale\" content=\"es_ES\" \/>\n<meta property=\"og:type\" content=\"article\" \/>\n<meta property=\"og:title\" content=\"La Facultad de Agronom\u00eda dictar\u00e1 una diplomatura para personas sordas - Diario Textual\" \/>\n<meta property=\"og:description\" content=\"La Facultad de Agronom\u00eda de la Universidad Nacional de La Pampa dictar\u00e1 la diplomatura universitaria \u201cIniciaci\u00f3n a la huerta familiar agroecol\u00f3gica\u201d, dirigida a personas sordas mayores de 18 a\u00f1os, hablantes&hellip;\" \/>\n<meta property=\"og:url\" content=\"https:\/\/diariotextual.com\/inicio\/index.php\/2021\/03\/06\/la-facultad-de-agronomia-dictara-una-diplomatura-para-personas-sordas\/\" \/>\n<meta property=\"og:site_name\" content=\"Diario Textual\" \/>\n<meta property=\"article:publisher\" content=\"https:\/\/www.facebook.com\/eltextual\" \/>\n<meta property=\"article:published_time\" content=\"2021-03-06T13:07:55+00:00\" \/>\n<meta property=\"article:modified_time\" content=\"2021-03-06T18:49:41+00:00\" \/>\n<meta property=\"og:image\" content=\"https:\/\/diariotextual.com\/inicio\/wp-content\/uploads\/2020\/09\/huertaurbana.jpg\" \/>\n\t<meta property=\"og:image:width\" content=\"861\" \/>\n\t<meta property=\"og:image:height\" content=\"469\" \/>\n\t<meta property=\"og:image:type\" content=\"image\/jpeg\" \/>\n<meta name=\"author\" content=\"diario5\" \/>\n<meta name=\"twitter:card\" content=\"summary_large_image\" \/>\n<meta name=\"twitter:creator\" content=\"@eltextual\" \/>\n<meta name=\"twitter:site\" content=\"@eltextual\" \/>\n<meta name=\"twitter:label1\" content=\"Escrito por\" \/>\n\t<meta name=\"twitter:data1\" content=\"diario5\" \/>\n\t<meta name=\"twitter:label2\" content=\"Tiempo de lectura\" \/>\n\t<meta name=\"twitter:data2\" content=\"1 minuto\" \/>\n<script type=\"application\/ld+json\" class=\"yoast-schema-graph\">{\"@context\":\"https:\\\/\\\/schema.org\",\"@graph\":[{\"@type\":\"Article\",\"@id\":\"https:\\\/\\\/diariotextual.com\\\/inicio\\\/index.php\\\/2021\\\/03\\\/06\\\/la-facultad-de-agronomia-dictara-una-diplomatura-para-personas-sordas\\\/#article\",\"isPartOf\":{\"@id\":\"https:\\\/\\\/diariotextual.com\\\/inicio\\\/index.php\\\/2021\\\/03\\\/06\\\/la-facultad-de-agronomia-dictara-una-diplomatura-para-personas-sordas\\\/\"},\"author\":{\"name\":\"diario5\",\"@id\":\"https:\\\/\\\/diariotextual.com\\\/inicio\\\/#\\\/schema\\\/person\\\/c7834961ad8b29b1d9cdbf4571299067\"},\"headline\":\"La Facultad de Agronom\u00eda dictar\u00e1 una diplomatura para personas sordas\",\"datePublished\":\"2021-03-06T13:07:55+00:00\",\"dateModified\":\"2021-03-06T18:49:41+00:00\",\"mainEntityOfPage\":{\"@id\":\"https:\\\/\\\/diariotextual.com\\\/inicio\\\/index.php\\\/2021\\\/03\\\/06\\\/la-facultad-de-agronomia-dictara-una-diplomatura-para-personas-sordas\\\/\"},\"wordCount\":178,\"publisher\":{\"@id\":\"https:\\\/\\\/diariotextual.com\\\/inicio\\\/#organization\"},\"image\":{\"@id\":\"https:\\\/\\\/diariotextual.com\\\/inicio\\\/index.php\\\/2021\\\/03\\\/06\\\/la-facultad-de-agronomia-dictara-una-diplomatura-para-personas-sordas\\\/#primaryimage\"},\"thumbnailUrl\":\"https:\\\/\\\/diariotextual.com\\\/inicio\\\/wp-content\\\/uploads\\\/2020\\\/09\\\/huertaurbana.jpg\",\"articleSection\":[\"A - PORTADA2\",\"SOCIEDAD\"],\"inLanguage\":\"es\"},{\"@type\":\"WebPage\",\"@id\":\"https:\\\/\\\/diariotextual.com\\\/inicio\\\/index.php\\\/2021\\\/03\\\/06\\\/la-facultad-de-agronomia-dictara-una-diplomatura-para-personas-sordas\\\/\",\"url\":\"https:\\\/\\\/diariotextual.com\\\/inicio\\\/index.php\\\/2021\\\/03\\\/06\\\/la-facultad-de-agronomia-dictara-una-diplomatura-para-personas-sordas\\\/\",\"name\":\"La Facultad de Agronom\u00eda dictar\u00e1 una diplomatura para personas sordas - Diario Textual\",\"isPartOf\":{\"@id\":\"https:\\\/\\\/diariotextual.com\\\/inicio\\\/#website\"},\"primaryImageOfPage\":{\"@id\":\"https:\\\/\\\/diariotextual.com\\\/inicio\\\/index.php\\\/2021\\\/03\\\/06\\\/la-facultad-de-agronomia-dictara-una-diplomatura-para-personas-sordas\\\/#primaryimage\"},\"image\":{\"@id\":\"https:\\\/\\\/diariotextual.com\\\/inicio\\\/index.php\\\/2021\\\/03\\\/06\\\/la-facultad-de-agronomia-dictara-una-diplomatura-para-personas-sordas\\\/#primaryimage\"},\"thumbnailUrl\":\"https:\\\/\\\/diariotextual.com\\\/inicio\\\/wp-content\\\/uploads\\\/2020\\\/09\\\/huertaurbana.jpg\",\"datePublished\":\"2021-03-06T13:07:55+00:00\",\"dateModified\":\"2021-03-06T18:49:41+00:00\",\"breadcrumb\":{\"@id\":\"https:\\\/\\\/diariotextual.com\\\/inicio\\\/index.php\\\/2021\\\/03\\\/06\\\/la-facultad-de-agronomia-dictara-una-diplomatura-para-personas-sordas\\\/#breadcrumb\"},\"inLanguage\":\"es\",\"potentialAction\":[{\"@type\":\"ReadAction\",\"target\":[\"https:\\\/\\\/diariotextual.com\\\/inicio\\\/index.php\\\/2021\\\/03\\\/06\\\/la-facultad-de-agronomia-dictara-una-diplomatura-para-personas-sordas\\\/\"]}]},{\"@type\":\"ImageObject\",\"inLanguage\":\"es\",\"@id\":\"https:\\\/\\\/diariotextual.com\\\/inicio\\\/index.php\\\/2021\\\/03\\\/06\\\/la-facultad-de-agronomia-dictara-una-diplomatura-para-personas-sordas\\\/#primaryimage\",\"url\":\"https:\\\/\\\/diariotextual.com\\\/inicio\\\/wp-content\\\/uploads\\\/2020\\\/09\\\/huertaurbana.jpg\",\"contentUrl\":\"https:\\\/\\\/diariotextual.com\\\/inicio\\\/wp-content\\\/uploads\\\/2020\\\/09\\\/huertaurbana.jpg\",\"width\":861,\"height\":469},{\"@type\":\"BreadcrumbList\",\"@id\":\"https:\\\/\\\/diariotextual.com\\\/inicio\\\/index.php\\\/2021\\\/03\\\/06\\\/la-facultad-de-agronomia-dictara-una-diplomatura-para-personas-sordas\\\/#breadcrumb\",\"itemListElement\":[{\"@type\":\"ListItem\",\"position\":1,\"name\":\"Portada\",\"item\":\"https:\\\/\\\/diariotextual.com\\\/inicio\\\/\"},{\"@type\":\"ListItem\",\"position\":2,\"name\":\"La Facultad de Agronom\u00eda dictar\u00e1 una diplomatura para personas sordas\"}]},{\"@type\":\"WebSite\",\"@id\":\"https:\\\/\\\/diariotextual.com\\\/inicio\\\/#website\",\"url\":\"https:\\\/\\\/diariotextual.com\\\/inicio\\\/\",\"name\":\"Diario Textual\",\"description\":\"\",\"publisher\":{\"@id\":\"https:\\\/\\\/diariotextual.com\\\/inicio\\\/#organization\"},\"potentialAction\":[{\"@type\":\"SearchAction\",\"target\":{\"@type\":\"EntryPoint\",\"urlTemplate\":\"https:\\\/\\\/diariotextual.com\\\/inicio\\\/?s={search_term_string}\"},\"query-input\":{\"@type\":\"PropertyValueSpecification\",\"valueRequired\":true,\"valueName\":\"search_term_string\"}}],\"inLanguage\":\"es\"},{\"@type\":\"Organization\",\"@id\":\"https:\\\/\\\/diariotextual.com\\\/inicio\\\/#organization\",\"name\":\"Diario Textual\",\"url\":\"https:\\\/\\\/diariotextual.com\\\/inicio\\\/\",\"logo\":{\"@type\":\"ImageObject\",\"inLanguage\":\"es\",\"@id\":\"https:\\\/\\\/diariotextual.com\\\/inicio\\\/#\\\/schema\\\/logo\\\/image\\\/\",\"url\":\"https:\\\/\\\/diariotextual.com\\\/inicio\\\/wp-content\\\/uploads\\\/2023\\\/05\\\/logotextual1.jpg\",\"contentUrl\":\"https:\\\/\\\/diariotextual.com\\\/inicio\\\/wp-content\\\/uploads\\\/2023\\\/05\\\/logotextual1.jpg\",\"width\":516,\"height\":76,\"caption\":\"Diario Textual\"},\"image\":{\"@id\":\"https:\\\/\\\/diariotextual.com\\\/inicio\\\/#\\\/schema\\\/logo\\\/image\\\/\"},\"sameAs\":[\"https:\\\/\\\/www.facebook.com\\\/eltextual\",\"https:\\\/\\\/x.com\\\/eltextual\",\"http:\\\/\\\/www.instagram.com\\\/eltextual\"]},{\"@type\":\"Person\",\"@id\":\"https:\\\/\\\/diariotextual.com\\\/inicio\\\/#\\\/schema\\\/person\\\/c7834961ad8b29b1d9cdbf4571299067\",\"name\":\"diario5\",\"image\":{\"@type\":\"ImageObject\",\"inLanguage\":\"es\",\"@id\":\"https:\\\/\\\/secure.gravatar.com\\\/avatar\\\/948c893b847ca6df68216ead81b63f363408ec9b0f600fefc0641ce78613b111?s=96&d=mm&r=g\",\"url\":\"https:\\\/\\\/secure.gravatar.com\\\/avatar\\\/948c893b847ca6df68216ead81b63f363408ec9b0f600fefc0641ce78613b111?s=96&d=mm&r=g\",\"contentUrl\":\"https:\\\/\\\/secure.gravatar.com\\\/avatar\\\/948c893b847ca6df68216ead81b63f363408ec9b0f600fefc0641ce78613b111?s=96&d=mm&r=g\",\"caption\":\"diario5\"},\"url\":\"https:\\\/\\\/diariotextual.com\\\/inicio\\\/index.php\\\/author\\\/diario5\\\/\"}]}<\/script>\n<!-- \/ Yoast SEO plugin. -->","yoast_head_json":{"title":"La Facultad de Agronom\u00eda dictar\u00e1 una diplomatura para personas sordas - Diario Textual","robots":{"index":"index","follow":"follow","max-snippet":"max-snippet:-1","max-image-preview":"max-image-preview:large","max-video-preview":"max-video-preview:-1"},"canonical":"https:\/\/diariotextual.com\/inicio\/index.php\/2021\/03\/06\/la-facultad-de-agronomia-dictara-una-diplomatura-para-personas-sordas\/","og_locale":"es_ES","og_type":"article","og_title":"La Facultad de Agronom\u00eda dictar\u00e1 una diplomatura para personas sordas - Diario Textual","og_description":"La Facultad de Agronom\u00eda de la Universidad Nacional de La Pampa dictar\u00e1 la diplomatura universitaria \u201cIniciaci\u00f3n a la huerta familiar agroecol\u00f3gica\u201d, dirigida a personas sordas mayores de 18 a\u00f1os, hablantes&hellip;","og_url":"https:\/\/diariotextual.com\/inicio\/index.php\/2021\/03\/06\/la-facultad-de-agronomia-dictara-una-diplomatura-para-personas-sordas\/","og_site_name":"Diario Textual","article_publisher":"https:\/\/www.facebook.com\/eltextual","article_published_time":"2021-03-06T13:07:55+00:00","article_modified_time":"2021-03-06T18:49:41+00:00","og_image":[{"width":861,"height":469,"url":"https:\/\/diariotextual.com\/inicio\/wp-content\/uploads\/2020\/09\/huertaurbana.jpg","type":"image\/jpeg"}],"author":"diario5","twitter_card":"summary_large_image","twitter_creator":"@eltextual","twitter_site":"@eltextual","twitter_misc":{"Escrito por":"diario5","Tiempo de lectura":"1 minuto"},"schema":{"@context":"https:\/\/schema.org","@graph":[{"@type":"Article","@id":"https:\/\/diariotextual.com\/inicio\/index.php\/2021\/03\/06\/la-facultad-de-agronomia-dictara-una-diplomatura-para-personas-sordas\/#article","isPartOf":{"@id":"https:\/\/diariotextual.com\/inicio\/index.php\/2021\/03\/06\/la-facultad-de-agronomia-dictara-una-diplomatura-para-personas-sordas\/"},"author":{"name":"diario5","@id":"https:\/\/diariotextual.com\/inicio\/#\/schema\/person\/c7834961ad8b29b1d9cdbf4571299067"},"headline":"La Facultad de Agronom\u00eda dictar\u00e1 una diplomatura para personas sordas","datePublished":"2021-03-06T13:07:55+00:00","dateModified":"2021-03-06T18:49:41+00:00","mainEntityOfPage":{"@id":"https:\/\/diariotextual.com\/inicio\/index.php\/2021\/03\/06\/la-facultad-de-agronomia-dictara-una-diplomatura-para-personas-sordas\/"},"wordCount":178,"publisher":{"@id":"https:\/\/diariotextual.com\/inicio\/#organization"},"image":{"@id":"https:\/\/diariotextual.com\/inicio\/index.php\/2021\/03\/06\/la-facultad-de-agronomia-dictara-una-diplomatura-para-personas-sordas\/#primaryimage"},"thumbnailUrl":"https:\/\/diariotextual.com\/inicio\/wp-content\/uploads\/2020\/09\/huertaurbana.jpg","articleSection":["A - PORTADA2","SOCIEDAD"],"inLanguage":"es"},{"@type":"WebPage","@id":"https:\/\/diariotextual.com\/inicio\/index.php\/2021\/03\/06\/la-facultad-de-agronomia-dictara-una-diplomatura-para-personas-sordas\/","url":"https:\/\/diariotextual.com\/inicio\/index.php\/2021\/03\/06\/la-facultad-de-agronomia-dictara-una-diplomatura-para-personas-sordas\/","name":"La Facultad de Agronom\u00eda dictar\u00e1 una diplomatura para personas sordas - Diario Textual","isPartOf":{"@id":"https:\/\/diariotextual.com\/inicio\/#website"},"primaryImageOfPage":{"@id":"https:\/\/diariotextual.com\/inicio\/index.php\/2021\/03\/06\/la-facultad-de-agronomia-dictara-una-diplomatura-para-personas-sordas\/#primaryimage"},"image":{"@id":"https:\/\/diariotextual.com\/inicio\/index.php\/2021\/03\/06\/la-facultad-de-agronomia-dictara-una-diplomatura-para-personas-sordas\/#primaryimage"},"thumbnailUrl":"https:\/\/diariotextual.com\/inicio\/wp-content\/uploads\/2020\/09\/huertaurbana.jpg","datePublished":"2021-03-06T13:07:55+00:00","dateModified":"2021-03-06T18:49:41+00:00","breadcrumb":{"@id":"https:\/\/diariotextual.com\/inicio\/index.php\/2021\/03\/06\/la-facultad-de-agronomia-dictara-una-diplomatura-para-personas-sordas\/#breadcrumb"},"inLanguage":"es","potentialAction":[{"@type":"ReadAction","target":["https:\/\/diariotextual.com\/inicio\/index.php\/2021\/03\/06\/la-facultad-de-agronomia-dictara-una-diplomatura-para-personas-sordas\/"]}]},{"@type":"ImageObject","inLanguage":"es","@id":"https:\/\/diariotextual.com\/inicio\/index.php\/2021\/03\/06\/la-facultad-de-agronomia-dictara-una-diplomatura-para-personas-sordas\/#primaryimage","url":"https:\/\/diariotextual.com\/inicio\/wp-content\/uploads\/2020\/09\/huertaurbana.jpg","contentUrl":"https:\/\/diariotextual.com\/inicio\/wp-content\/uploads\/2020\/09\/huertaurbana.jpg","width":861,"height":469},{"@type":"BreadcrumbList","@id":"https:\/\/diariotextual.com\/inicio\/index.php\/2021\/03\/06\/la-facultad-de-agronomia-dictara-una-diplomatura-para-personas-sordas\/#breadcrumb","itemListElement":[{"@type":"ListItem","position":1,"name":"Portada","item":"https:\/\/diariotextual.com\/inicio\/"},{"@type":"ListItem","position":2,"name":"La Facultad de Agronom\u00eda dictar\u00e1 una diplomatura para personas sordas"}]},{"@type":"WebSite","@id":"https:\/\/diariotextual.com\/inicio\/#website","url":"https:\/\/diariotextual.com\/inicio\/","name":"Diario Textual","description":"","publisher":{"@id":"https:\/\/diariotextual.com\/inicio\/#organization"},"potentialAction":[{"@type":"SearchAction","target":{"@type":"EntryPoint","urlTemplate":"https:\/\/diariotextual.com\/inicio\/?s={search_term_string}"},"query-input":{"@type":"PropertyValueSpecification","valueRequired":true,"valueName":"search_term_string"}}],"inLanguage":"es"},{"@type":"Organization","@id":"https:\/\/diariotextual.com\/inicio\/#organization","name":"Diario Textual","url":"https:\/\/diariotextual.com\/inicio\/","logo":{"@type":"ImageObject","inLanguage":"es","@id":"https:\/\/diariotextual.com\/inicio\/#\/schema\/logo\/image\/","url":"https:\/\/diariotextual.com\/inicio\/wp-content\/uploads\/2023\/05\/logotextual1.jpg","contentUrl":"https:\/\/diariotextual.com\/inicio\/wp-content\/uploads\/2023\/05\/logotextual1.jpg","width":516,"height":76,"caption":"Diario Textual"},"image":{"@id":"https:\/\/diariotextual.com\/inicio\/#\/schema\/logo\/image\/"},"sameAs":["https:\/\/www.facebook.com\/eltextual","https:\/\/x.com\/eltextual","http:\/\/www.instagram.com\/eltextual"]},{"@type":"Person","@id":"https:\/\/diariotextual.com\/inicio\/#\/schema\/person\/c7834961ad8b29b1d9cdbf4571299067","name":"diario5","image":{"@type":"ImageObject","inLanguage":"es","@id":"https:\/\/secure.gravatar.com\/avatar\/948c893b847ca6df68216ead81b63f363408ec9b0f600fefc0641ce78613b111?s=96&d=mm&r=g","url":"https:\/\/secure.gravatar.com\/avatar\/948c893b847ca6df68216ead81b63f363408ec9b0f600fefc0641ce78613b111?s=96&d=mm&r=g","contentUrl":"https:\/\/secure.gravatar.com\/avatar\/948c893b847ca6df68216ead81b63f363408ec9b0f600fefc0641ce78613b111?s=96&d=mm&r=g","caption":"diario5"},"url":"https:\/\/diariotextual.com\/inicio\/index.php\/author\/diario5\/"}]}},"_links":{"self":[{"href":"https:\/\/diariotextual.com\/inicio\/index.php\/wp-json\/wp\/v2\/posts\/136208","targetHints":{"allow":["GET"]}}],"collection":[{"href":"https:\/\/diariotextual.com\/inicio\/index.php\/wp-json\/wp\/v2\/posts"}],"about":[{"href":"https:\/\/diariotextual.com\/inicio\/index.php\/wp-json\/wp\/v2\/types\/post"}],"author":[{"embeddable":true,"href":"https:\/\/diariotextual.com\/inicio\/index.php\/wp-json\/wp\/v2\/users\/7"}],"replies":[{"embeddable":true,"href":"https:\/\/diariotextual.com\/inicio\/index.php\/wp-json\/wp\/v2\/comments?post=136208"}],"version-history":[{"count":2,"href":"https:\/\/diariotextual.com\/inicio\/index.php\/wp-json\/wp\/v2\/posts\/136208\/revisions"}],"predecessor-version":[{"id":136210,"href":"https:\/\/diariotextual.com\/inicio\/index.php\/wp-json\/wp\/v2\/posts\/136208\/revisions\/136210"}],"wp:featuredmedia":[{"embeddable":true,"href":"https:\/\/diariotextual.com\/inicio\/index.php\/wp-json\/wp\/v2\/media\/109222"}],"wp:attachment":[{"href":"https:\/\/diariotextual.com\/inicio\/index.php\/wp-json\/wp\/v2\/media?parent=136208"}],"wp:term":[{"taxonomy":"category","embeddable":true,"href":"https:\/\/diariotextual.com\/inicio\/index.php\/wp-json\/wp\/v2\/categories?post=136208"},{"taxonomy":"post_tag","embeddable":true,"href":"https:\/\/diariotextual.com\/inicio\/index.php\/wp-json\/wp\/v2\/tags?post=136208"}],"curies":[{"name":"wp","href":"https:\/\/api.w.org\/{rel}","templated":true}]}}