{"id":136365,"date":"2021-03-07T20:12:56","date_gmt":"2021-03-07T23:12:56","guid":{"rendered":"http:\/\/diariotextual.com\/inicio\/?p=136365"},"modified":"2021-03-07T20:12:57","modified_gmt":"2021-03-07T23:12:57","slug":"schwartzman-se-consagro-campeon-del-argentina-open","status":"publish","type":"post","link":"https:\/\/diariotextual.com\/inicio\/index.php\/2021\/03\/07\/schwartzman-se-consagro-campeon-del-argentina-open\/","title":{"rendered":"Schwartzman se consagr\u00f3 campe\u00f3n del Argentina Open"},"content":{"rendered":"\n<p>Diego Schwartzman sac\u00f3 a relucir su enorme categor\u00eda y conquist\u00f3 hoy el t\u00edtulo que m\u00e1s ansiaba, el del Argentina Open, tras jugar en un nivel superlativo la final que le gan\u00f3 a la gran revelaci\u00f3n del torneo, Francisco Cer\u00fandolo, por 6-1 y 6-2.<\/p>\n\n\n\n<p>El \u00abPeque\u00bb Schwartzman, noveno en el ranking mundial de la ATP y m\u00e1ximo favorito al t\u00edtulo, emple\u00f3 una hora y 20 minutos para doblegar a Cer\u00fandolo (137) en una final que fue un mon\u00f3logo y se jug\u00f3 ante unos 500 espectadores en la cancha central del Buenos Aires Lawn Tennis Club.<\/p>\n\n\n\n<p>Con la conquista del t\u00edtulo del \u00abPeque\u00bb el tenis argentino volvi\u00f3 a tener un campe\u00f3n en el ATP porte\u00f1o luego de 13 a\u00f1os, desde que el cordob\u00e9s David Nalbandian alz\u00f3 el trofeo en la edici\u00f3n de 2008 tras imponerse en la final ante el misionero Jos\u00e9 Acasuso.<\/p>\n\n\n\n<p>Luego de esa conquista del cordob\u00e9s de Unquillo se sucedieron 12 coronaciones extranjeras, las m\u00e1s destacadas las del espa\u00f1ol Rafael Nadal en 2015 y el austr\u00edaco Dominic Thiem en 2016 y 2018.<\/p>\n\n\n\n<p>El t\u00edtulo del \u00abPeque\u00bb y la irrupci\u00f3n de Cer\u00fandolo decoraron dos grandes semanas para el tenis argentino, que hab\u00eda consagrado otro campe\u00f3n el domingo pasado cuando alz\u00f3 el t\u00edtulo en el C\u00f3rdoba Open el menor de los Cer\u00fandolo, Juan Manuel.<\/p>\n\n\n\n<p>El \u00abPeque\u00bb borr\u00f3 por completo el paso en falso que hab\u00eda dado la semana pasada en C\u00f3rdoba cuando cay\u00f3 en cuartos de final ante el catal\u00e1n Albert Ramos, un rival al que hab\u00eda vencido en los cinco cruces previos, y mostr\u00f3 su mejor versi\u00f3n en Buenos Aires.<\/p>\n\n\n\n<p>En octavos de final le gan\u00f3 al eslovaco Lukas Klein (291), en cuartos de final al espa\u00f1ol Jaume Munar (106) y en semifinales arras\u00f3 al serbio Miomir Kecmanovic (42), con un rendimiento de menor a mayor que tuvo continuidad en la final.<\/p>\n\n\n\n<p>Schwartzman sac\u00f3 a relucir su chapa de \u00abtop ten\u00bb desde el primer punto del partido, con un juego agresivo y tiros profundos, as\u00ed mantuvo a Cer\u00fandolo a la defensiva.<\/p>\n\n\n\n<p>No extra\u00f1\u00f3 entonces que el \u00abPeque\u00bb se pusiera 3-0 con dos quiebres r\u00e1pidos de servicio ante un rival que s\u00f3lo atinaba a defenderse, sin poder imponer sus condiciones, sobre todo la potencia de su derecha.<\/p>\n\n\n\n<p>Cer\u00fandolo, la gran revelaci\u00f3n del torneo porte\u00f1o, se caracteriza por una llamativa facilidad para acelerar con su derecha y encontrar huecos en la cancha, algo que Schwartzman sab\u00eda de antemano y por eso se lo impidi\u00f3 durante todo el partido.<\/p>\n\n\n\n<p>Cer\u00fandolo gan\u00f3 su primer punto a la media hora de juego y decor\u00f3 el marcador 4-1, aunque eso fue lo \u00fanico positivo del set para el tenista de 22 a\u00f1os que se encuentra en pleno proceso de dejar atr\u00e1s la etapa de Challengers e incursionar en los ATP.<\/p>\n\n\n\n<p>Schwartzman no se apart\u00f3 de su plan y sigui\u00f3 firme, con tiros variados y siempre profundos, sin la necesidad de traerlo a la red con alg\u00fan drop como hab\u00eda hecho en los partidos anteriores, sobre todo ante Munar. y se llev\u00f3 el set por 6-1 en apenas 43 minutos.<\/p>\n\n\n\n<p>En el segundo parcial, Schwartzman volvi\u00f3 a adelantarse r\u00e1pido por 3-0 con otro quiebre de servicio y con la ventaja de que en los momentos decisivos de cada punto tomaba mejores decisiones que su inexperto rival.<\/p>\n\n\n\n<p>El campe\u00f3n no se incomod\u00f3 ni siquiera cuando cedi\u00f3 por \u00fanica ve su servicio y qued\u00f3 3-2 al frente en el marcador, ya que lo recuper\u00f3 en el juego siguiente y comenz\u00f3 a allanar su camino a la victoria.<\/p>\n\n\n\n<p>El \u00abPeque\u00bb sac\u00f3 a la perfecci\u00f3n, se adelant\u00f3 5-2, y luego devolvi\u00f3 como un \u00abtop ten\u00bb para sellar el 6-2 que festej\u00f3 con los brazos abiertos y mirando a su barra de amigos que lo hab\u00eda alentado durante toda la tarde.<\/p>\n\n\n\n<p>Schwartzman conquist\u00f3 en forma brillante el Argentina Open, el m\u00e1s preciado de los cuatro t\u00edtulos que gan\u00f3 en el circuito (antes hab\u00eda conquistado Estambul 2016, R\u00edo de Janeiro 2018 y Los Cabos 2019) y el tenis argentino goz\u00f3 de su t\u00edtulo n\u00famero 225, con dos coronaciones sucesivas, para decir presente en el circuito y mirar con optimismo el futuro.<\/p>\n\n\n\n<p>La notable semana de Schwartzman, quien quer\u00eda ganar en Buenos Aires y al lograrlo se sac\u00f3 una gran mochila de sus espaldas, no pueden opacar todo lo bueno que hizo Cer\u00fandolo, quien ingres\u00f3 al cuadro principal tras atravesar la clasificaci\u00f3n y se carg\u00f3 a pesos pesados como el franc\u00e9s Benoit Paire (29) y el catal\u00e1n Albert Ramos (46).<\/p>\n\n\n\n<p>El Argentina Open, que cumpli\u00f3 su 21ra. edici\u00f3n en un marco inusual, ya que no hubo venta de entradas al p\u00fablico y s\u00f3lo pudieron presenciar los partidos los invitados especiales o personal de las empresas auspiciantes, coron\u00f3 a un nuevo campe\u00f3n argentino.<\/p>\n\n\n\n<p>Schwartman inscribi\u00f3 su nombre junto a los del mencionado Nalbandian (2008), m\u00e1s Guillermo Coria (2004), Gast\u00f3n Gaudio (2005) y Juan M\u00f3naco (2008).<\/p>\n","protected":false},"excerpt":{"rendered":"<p>Diego Schwartzman sac\u00f3 a relucir su enorme categor\u00eda y conquist\u00f3 hoy el t\u00edtulo que m\u00e1s ansiaba, el del Argentina Open, tras jugar en un nivel superlativo la final que le&hellip;<\/p>\n","protected":false},"author":7,"featured_media":136306,"comment_status":"closed","ping_status":"open","sticky":false,"template":"","format":"standard","meta":{"_acf_changed":false,"footnotes":""},"categories":[1,3],"tags":[],"class_list":["post-136365","post","type-post","status-publish","format-standard","has-post-thumbnail","hentry","category-es-noticia","category-deportes"],"acf":[],"yoast_head":"<!-- This site is optimized with the Yoast SEO plugin v27.5 - https:\/\/yoast.com\/product\/yoast-seo-wordpress\/ -->\n<title>Schwartzman se consagr\u00f3 campe\u00f3n del Argentina Open - Diario Textual<\/title>\n<meta name=\"robots\" content=\"index, follow, max-snippet:-1, max-image-preview:large, max-video-preview:-1\" \/>\n<link rel=\"canonical\" href=\"https:\/\/diariotextual.com\/inicio\/index.php\/2021\/03\/07\/schwartzman-se-consagro-campeon-del-argentina-open\/\" \/>\n<meta property=\"og:locale\" content=\"es_ES\" \/>\n<meta property=\"og:type\" content=\"article\" \/>\n<meta property=\"og:title\" content=\"Schwartzman se consagr\u00f3 campe\u00f3n del Argentina Open - Diario Textual\" \/>\n<meta property=\"og:description\" content=\"Diego Schwartzman sac\u00f3 a relucir su enorme categor\u00eda y conquist\u00f3 hoy el t\u00edtulo que m\u00e1s ansiaba, el del Argentina Open, tras jugar en un nivel superlativo la final que le&hellip;\" \/>\n<meta property=\"og:url\" content=\"https:\/\/diariotextual.com\/inicio\/index.php\/2021\/03\/07\/schwartzman-se-consagro-campeon-del-argentina-open\/\" \/>\n<meta property=\"og:site_name\" content=\"Diario Textual\" \/>\n<meta property=\"article:publisher\" content=\"https:\/\/www.facebook.com\/eltextual\" \/>\n<meta property=\"article:published_time\" content=\"2021-03-07T23:12:56+00:00\" \/>\n<meta property=\"article:modified_time\" content=\"2021-03-07T23:12:57+00:00\" \/>\n<meta property=\"og:image\" content=\"https:\/\/diariotextual.com\/inicio\/wp-content\/uploads\/2021\/03\/schuartzmanrgentinaopen.jpg\" \/>\n\t<meta property=\"og:image:width\" content=\"2352\" \/>\n\t<meta property=\"og:image:height\" content=\"1637\" \/>\n\t<meta property=\"og:image:type\" content=\"image\/jpeg\" \/>\n<meta name=\"author\" content=\"diario5\" \/>\n<meta name=\"twitter:card\" content=\"summary_large_image\" \/>\n<meta name=\"twitter:creator\" content=\"@eltextual\" \/>\n<meta name=\"twitter:site\" content=\"@eltextual\" \/>\n<meta name=\"twitter:label1\" content=\"Escrito por\" \/>\n\t<meta name=\"twitter:data1\" content=\"diario5\" \/>\n\t<meta name=\"twitter:label2\" content=\"Tiempo de lectura\" \/>\n\t<meta name=\"twitter:data2\" content=\"4 minutos\" \/>\n<script type=\"application\/ld+json\" class=\"yoast-schema-graph\">{\"@context\":\"https:\\\/\\\/schema.org\",\"@graph\":[{\"@type\":\"Article\",\"@id\":\"https:\\\/\\\/diariotextual.com\\\/inicio\\\/index.php\\\/2021\\\/03\\\/07\\\/schwartzman-se-consagro-campeon-del-argentina-open\\\/#article\",\"isPartOf\":{\"@id\":\"https:\\\/\\\/diariotextual.com\\\/inicio\\\/index.php\\\/2021\\\/03\\\/07\\\/schwartzman-se-consagro-campeon-del-argentina-open\\\/\"},\"author\":{\"name\":\"diario5\",\"@id\":\"https:\\\/\\\/diariotextual.com\\\/inicio\\\/#\\\/schema\\\/person\\\/c7834961ad8b29b1d9cdbf4571299067\"},\"headline\":\"Schwartzman se consagr\u00f3 campe\u00f3n del Argentina Open\",\"datePublished\":\"2021-03-07T23:12:56+00:00\",\"dateModified\":\"2021-03-07T23:12:57+00:00\",\"mainEntityOfPage\":{\"@id\":\"https:\\\/\\\/diariotextual.com\\\/inicio\\\/index.php\\\/2021\\\/03\\\/07\\\/schwartzman-se-consagro-campeon-del-argentina-open\\\/\"},\"wordCount\":851,\"publisher\":{\"@id\":\"https:\\\/\\\/diariotextual.com\\\/inicio\\\/#organization\"},\"image\":{\"@id\":\"https:\\\/\\\/diariotextual.com\\\/inicio\\\/index.php\\\/2021\\\/03\\\/07\\\/schwartzman-se-consagro-campeon-del-argentina-open\\\/#primaryimage\"},\"thumbnailUrl\":\"https:\\\/\\\/diariotextual.com\\\/inicio\\\/wp-content\\\/uploads\\\/2021\\\/03\\\/schuartzmanrgentinaopen.jpg\",\"articleSection\":[\"A - ES NOTICIA (van abajo)\",\"DEPORTES\"],\"inLanguage\":\"es\"},{\"@type\":\"WebPage\",\"@id\":\"https:\\\/\\\/diariotextual.com\\\/inicio\\\/index.php\\\/2021\\\/03\\\/07\\\/schwartzman-se-consagro-campeon-del-argentina-open\\\/\",\"url\":\"https:\\\/\\\/diariotextual.com\\\/inicio\\\/index.php\\\/2021\\\/03\\\/07\\\/schwartzman-se-consagro-campeon-del-argentina-open\\\/\",\"name\":\"Schwartzman se consagr\u00f3 campe\u00f3n del Argentina Open - Diario Textual\",\"isPartOf\":{\"@id\":\"https:\\\/\\\/diariotextual.com\\\/inicio\\\/#website\"},\"primaryImageOfPage\":{\"@id\":\"https:\\\/\\\/diariotextual.com\\\/inicio\\\/index.php\\\/2021\\\/03\\\/07\\\/schwartzman-se-consagro-campeon-del-argentina-open\\\/#primaryimage\"},\"image\":{\"@id\":\"https:\\\/\\\/diariotextual.com\\\/inicio\\\/index.php\\\/2021\\\/03\\\/07\\\/schwartzman-se-consagro-campeon-del-argentina-open\\\/#primaryimage\"},\"thumbnailUrl\":\"https:\\\/\\\/diariotextual.com\\\/inicio\\\/wp-content\\\/uploads\\\/2021\\\/03\\\/schuartzmanrgentinaopen.jpg\",\"datePublished\":\"2021-03-07T23:12:56+00:00\",\"dateModified\":\"2021-03-07T23:12:57+00:00\",\"breadcrumb\":{\"@id\":\"https:\\\/\\\/diariotextual.com\\\/inicio\\\/index.php\\\/2021\\\/03\\\/07\\\/schwartzman-se-consagro-campeon-del-argentina-open\\\/#breadcrumb\"},\"inLanguage\":\"es\",\"potentialAction\":[{\"@type\":\"ReadAction\",\"target\":[\"https:\\\/\\\/diariotextual.com\\\/inicio\\\/index.php\\\/2021\\\/03\\\/07\\\/schwartzman-se-consagro-campeon-del-argentina-open\\\/\"]}]},{\"@type\":\"ImageObject\",\"inLanguage\":\"es\",\"@id\":\"https:\\\/\\\/diariotextual.com\\\/inicio\\\/index.php\\\/2021\\\/03\\\/07\\\/schwartzman-se-consagro-campeon-del-argentina-open\\\/#primaryimage\",\"url\":\"https:\\\/\\\/diariotextual.com\\\/inicio\\\/wp-content\\\/uploads\\\/2021\\\/03\\\/schuartzmanrgentinaopen.jpg\",\"contentUrl\":\"https:\\\/\\\/diariotextual.com\\\/inicio\\\/wp-content\\\/uploads\\\/2021\\\/03\\\/schuartzmanrgentinaopen.jpg\",\"width\":2352,\"height\":1637,\"caption\":\"ARGENTINA OPEN 2021. DIEGO SCHWARTZMAN vs. M. KECMANOVIC\"},{\"@type\":\"BreadcrumbList\",\"@id\":\"https:\\\/\\\/diariotextual.com\\\/inicio\\\/index.php\\\/2021\\\/03\\\/07\\\/schwartzman-se-consagro-campeon-del-argentina-open\\\/#breadcrumb\",\"itemListElement\":[{\"@type\":\"ListItem\",\"position\":1,\"name\":\"Portada\",\"item\":\"https:\\\/\\\/diariotextual.com\\\/inicio\\\/\"},{\"@type\":\"ListItem\",\"position\":2,\"name\":\"Schwartzman se consagr\u00f3 campe\u00f3n del Argentina Open\"}]},{\"@type\":\"WebSite\",\"@id\":\"https:\\\/\\\/diariotextual.com\\\/inicio\\\/#website\",\"url\":\"https:\\\/\\\/diariotextual.com\\\/inicio\\\/\",\"name\":\"Diario Textual\",\"description\":\"\",\"publisher\":{\"@id\":\"https:\\\/\\\/diariotextual.com\\\/inicio\\\/#organization\"},\"potentialAction\":[{\"@type\":\"SearchAction\",\"target\":{\"@type\":\"EntryPoint\",\"urlTemplate\":\"https:\\\/\\\/diariotextual.com\\\/inicio\\\/?s={search_term_string}\"},\"query-input\":{\"@type\":\"PropertyValueSpecification\",\"valueRequired\":true,\"valueName\":\"search_term_string\"}}],\"inLanguage\":\"es\"},{\"@type\":\"Organization\",\"@id\":\"https:\\\/\\\/diariotextual.com\\\/inicio\\\/#organization\",\"name\":\"Diario Textual\",\"url\":\"https:\\\/\\\/diariotextual.com\\\/inicio\\\/\",\"logo\":{\"@type\":\"ImageObject\",\"inLanguage\":\"es\",\"@id\":\"https:\\\/\\\/diariotextual.com\\\/inicio\\\/#\\\/schema\\\/logo\\\/image\\\/\",\"url\":\"https:\\\/\\\/diariotextual.com\\\/inicio\\\/wp-content\\\/uploads\\\/2023\\\/05\\\/logotextual1.jpg\",\"contentUrl\":\"https:\\\/\\\/diariotextual.com\\\/inicio\\\/wp-content\\\/uploads\\\/2023\\\/05\\\/logotextual1.jpg\",\"width\":516,\"height\":76,\"caption\":\"Diario Textual\"},\"image\":{\"@id\":\"https:\\\/\\\/diariotextual.com\\\/inicio\\\/#\\\/schema\\\/logo\\\/image\\\/\"},\"sameAs\":[\"https:\\\/\\\/www.facebook.com\\\/eltextual\",\"https:\\\/\\\/x.com\\\/eltextual\",\"http:\\\/\\\/www.instagram.com\\\/eltextual\"]},{\"@type\":\"Person\",\"@id\":\"https:\\\/\\\/diariotextual.com\\\/inicio\\\/#\\\/schema\\\/person\\\/c7834961ad8b29b1d9cdbf4571299067\",\"name\":\"diario5\",\"image\":{\"@type\":\"ImageObject\",\"inLanguage\":\"es\",\"@id\":\"https:\\\/\\\/secure.gravatar.com\\\/avatar\\\/948c893b847ca6df68216ead81b63f363408ec9b0f600fefc0641ce78613b111?s=96&d=mm&r=g\",\"url\":\"https:\\\/\\\/secure.gravatar.com\\\/avatar\\\/948c893b847ca6df68216ead81b63f363408ec9b0f600fefc0641ce78613b111?s=96&d=mm&r=g\",\"contentUrl\":\"https:\\\/\\\/secure.gravatar.com\\\/avatar\\\/948c893b847ca6df68216ead81b63f363408ec9b0f600fefc0641ce78613b111?s=96&d=mm&r=g\",\"caption\":\"diario5\"},\"url\":\"https:\\\/\\\/diariotextual.com\\\/inicio\\\/index.php\\\/author\\\/diario5\\\/\"}]}<\/script>\n<!-- \/ Yoast SEO plugin. -->","yoast_head_json":{"title":"Schwartzman se consagr\u00f3 campe\u00f3n del Argentina Open - Diario Textual","robots":{"index":"index","follow":"follow","max-snippet":"max-snippet:-1","max-image-preview":"max-image-preview:large","max-video-preview":"max-video-preview:-1"},"canonical":"https:\/\/diariotextual.com\/inicio\/index.php\/2021\/03\/07\/schwartzman-se-consagro-campeon-del-argentina-open\/","og_locale":"es_ES","og_type":"article","og_title":"Schwartzman se consagr\u00f3 campe\u00f3n del Argentina Open - Diario Textual","og_description":"Diego Schwartzman sac\u00f3 a relucir su enorme categor\u00eda y conquist\u00f3 hoy el t\u00edtulo que m\u00e1s ansiaba, el del Argentina Open, tras jugar en un nivel superlativo la final que le&hellip;","og_url":"https:\/\/diariotextual.com\/inicio\/index.php\/2021\/03\/07\/schwartzman-se-consagro-campeon-del-argentina-open\/","og_site_name":"Diario Textual","article_publisher":"https:\/\/www.facebook.com\/eltextual","article_published_time":"2021-03-07T23:12:56+00:00","article_modified_time":"2021-03-07T23:12:57+00:00","og_image":[{"width":2352,"height":1637,"url":"https:\/\/diariotextual.com\/inicio\/wp-content\/uploads\/2021\/03\/schuartzmanrgentinaopen.jpg","type":"image\/jpeg"}],"author":"diario5","twitter_card":"summary_large_image","twitter_creator":"@eltextual","twitter_site":"@eltextual","twitter_misc":{"Escrito por":"diario5","Tiempo de lectura":"4 minutos"},"schema":{"@context":"https:\/\/schema.org","@graph":[{"@type":"Article","@id":"https:\/\/diariotextual.com\/inicio\/index.php\/2021\/03\/07\/schwartzman-se-consagro-campeon-del-argentina-open\/#article","isPartOf":{"@id":"https:\/\/diariotextual.com\/inicio\/index.php\/2021\/03\/07\/schwartzman-se-consagro-campeon-del-argentina-open\/"},"author":{"name":"diario5","@id":"https:\/\/diariotextual.com\/inicio\/#\/schema\/person\/c7834961ad8b29b1d9cdbf4571299067"},"headline":"Schwartzman se consagr\u00f3 campe\u00f3n del Argentina Open","datePublished":"2021-03-07T23:12:56+00:00","dateModified":"2021-03-07T23:12:57+00:00","mainEntityOfPage":{"@id":"https:\/\/diariotextual.com\/inicio\/index.php\/2021\/03\/07\/schwartzman-se-consagro-campeon-del-argentina-open\/"},"wordCount":851,"publisher":{"@id":"https:\/\/diariotextual.com\/inicio\/#organization"},"image":{"@id":"https:\/\/diariotextual.com\/inicio\/index.php\/2021\/03\/07\/schwartzman-se-consagro-campeon-del-argentina-open\/#primaryimage"},"thumbnailUrl":"https:\/\/diariotextual.com\/inicio\/wp-content\/uploads\/2021\/03\/schuartzmanrgentinaopen.jpg","articleSection":["A - ES NOTICIA (van abajo)","DEPORTES"],"inLanguage":"es"},{"@type":"WebPage","@id":"https:\/\/diariotextual.com\/inicio\/index.php\/2021\/03\/07\/schwartzman-se-consagro-campeon-del-argentina-open\/","url":"https:\/\/diariotextual.com\/inicio\/index.php\/2021\/03\/07\/schwartzman-se-consagro-campeon-del-argentina-open\/","name":"Schwartzman se consagr\u00f3 campe\u00f3n del Argentina Open - Diario Textual","isPartOf":{"@id":"https:\/\/diariotextual.com\/inicio\/#website"},"primaryImageOfPage":{"@id":"https:\/\/diariotextual.com\/inicio\/index.php\/2021\/03\/07\/schwartzman-se-consagro-campeon-del-argentina-open\/#primaryimage"},"image":{"@id":"https:\/\/diariotextual.com\/inicio\/index.php\/2021\/03\/07\/schwartzman-se-consagro-campeon-del-argentina-open\/#primaryimage"},"thumbnailUrl":"https:\/\/diariotextual.com\/inicio\/wp-content\/uploads\/2021\/03\/schuartzmanrgentinaopen.jpg","datePublished":"2021-03-07T23:12:56+00:00","dateModified":"2021-03-07T23:12:57+00:00","breadcrumb":{"@id":"https:\/\/diariotextual.com\/inicio\/index.php\/2021\/03\/07\/schwartzman-se-consagro-campeon-del-argentina-open\/#breadcrumb"},"inLanguage":"es","potentialAction":[{"@type":"ReadAction","target":["https:\/\/diariotextual.com\/inicio\/index.php\/2021\/03\/07\/schwartzman-se-consagro-campeon-del-argentina-open\/"]}]},{"@type":"ImageObject","inLanguage":"es","@id":"https:\/\/diariotextual.com\/inicio\/index.php\/2021\/03\/07\/schwartzman-se-consagro-campeon-del-argentina-open\/#primaryimage","url":"https:\/\/diariotextual.com\/inicio\/wp-content\/uploads\/2021\/03\/schuartzmanrgentinaopen.jpg","contentUrl":"https:\/\/diariotextual.com\/inicio\/wp-content\/uploads\/2021\/03\/schuartzmanrgentinaopen.jpg","width":2352,"height":1637,"caption":"ARGENTINA OPEN 2021. DIEGO SCHWARTZMAN vs. M. KECMANOVIC"},{"@type":"BreadcrumbList","@id":"https:\/\/diariotextual.com\/inicio\/index.php\/2021\/03\/07\/schwartzman-se-consagro-campeon-del-argentina-open\/#breadcrumb","itemListElement":[{"@type":"ListItem","position":1,"name":"Portada","item":"https:\/\/diariotextual.com\/inicio\/"},{"@type":"ListItem","position":2,"name":"Schwartzman se consagr\u00f3 campe\u00f3n del Argentina Open"}]},{"@type":"WebSite","@id":"https:\/\/diariotextual.com\/inicio\/#website","url":"https:\/\/diariotextual.com\/inicio\/","name":"Diario Textual","description":"","publisher":{"@id":"https:\/\/diariotextual.com\/inicio\/#organization"},"potentialAction":[{"@type":"SearchAction","target":{"@type":"EntryPoint","urlTemplate":"https:\/\/diariotextual.com\/inicio\/?s={search_term_string}"},"query-input":{"@type":"PropertyValueSpecification","valueRequired":true,"valueName":"search_term_string"}}],"inLanguage":"es"},{"@type":"Organization","@id":"https:\/\/diariotextual.com\/inicio\/#organization","name":"Diario Textual","url":"https:\/\/diariotextual.com\/inicio\/","logo":{"@type":"ImageObject","inLanguage":"es","@id":"https:\/\/diariotextual.com\/inicio\/#\/schema\/logo\/image\/","url":"https:\/\/diariotextual.com\/inicio\/wp-content\/uploads\/2023\/05\/logotextual1.jpg","contentUrl":"https:\/\/diariotextual.com\/inicio\/wp-content\/uploads\/2023\/05\/logotextual1.jpg","width":516,"height":76,"caption":"Diario Textual"},"image":{"@id":"https:\/\/diariotextual.com\/inicio\/#\/schema\/logo\/image\/"},"sameAs":["https:\/\/www.facebook.com\/eltextual","https:\/\/x.com\/eltextual","http:\/\/www.instagram.com\/eltextual"]},{"@type":"Person","@id":"https:\/\/diariotextual.com\/inicio\/#\/schema\/person\/c7834961ad8b29b1d9cdbf4571299067","name":"diario5","image":{"@type":"ImageObject","inLanguage":"es","@id":"https:\/\/secure.gravatar.com\/avatar\/948c893b847ca6df68216ead81b63f363408ec9b0f600fefc0641ce78613b111?s=96&d=mm&r=g","url":"https:\/\/secure.gravatar.com\/avatar\/948c893b847ca6df68216ead81b63f363408ec9b0f600fefc0641ce78613b111?s=96&d=mm&r=g","contentUrl":"https:\/\/secure.gravatar.com\/avatar\/948c893b847ca6df68216ead81b63f363408ec9b0f600fefc0641ce78613b111?s=96&d=mm&r=g","caption":"diario5"},"url":"https:\/\/diariotextual.com\/inicio\/index.php\/author\/diario5\/"}]}},"_links":{"self":[{"href":"https:\/\/diariotextual.com\/inicio\/index.php\/wp-json\/wp\/v2\/posts\/136365","targetHints":{"allow":["GET"]}}],"collection":[{"href":"https:\/\/diariotextual.com\/inicio\/index.php\/wp-json\/wp\/v2\/posts"}],"about":[{"href":"https:\/\/diariotextual.com\/inicio\/index.php\/wp-json\/wp\/v2\/types\/post"}],"author":[{"embeddable":true,"href":"https:\/\/diariotextual.com\/inicio\/index.php\/wp-json\/wp\/v2\/users\/7"}],"replies":[{"embeddable":true,"href":"https:\/\/diariotextual.com\/inicio\/index.php\/wp-json\/wp\/v2\/comments?post=136365"}],"version-history":[{"count":1,"href":"https:\/\/diariotextual.com\/inicio\/index.php\/wp-json\/wp\/v2\/posts\/136365\/revisions"}],"predecessor-version":[{"id":136366,"href":"https:\/\/diariotextual.com\/inicio\/index.php\/wp-json\/wp\/v2\/posts\/136365\/revisions\/136366"}],"wp:featuredmedia":[{"embeddable":true,"href":"https:\/\/diariotextual.com\/inicio\/index.php\/wp-json\/wp\/v2\/media\/136306"}],"wp:attachment":[{"href":"https:\/\/diariotextual.com\/inicio\/index.php\/wp-json\/wp\/v2\/media?parent=136365"}],"wp:term":[{"taxonomy":"category","embeddable":true,"href":"https:\/\/diariotextual.com\/inicio\/index.php\/wp-json\/wp\/v2\/categories?post=136365"},{"taxonomy":"post_tag","embeddable":true,"href":"https:\/\/diariotextual.com\/inicio\/index.php\/wp-json\/wp\/v2\/tags?post=136365"}],"curies":[{"name":"wp","href":"https:\/\/api.w.org\/{rel}","templated":true}]}}