{"id":136786,"date":"2021-03-09T17:09:11","date_gmt":"2021-03-09T20:09:11","guid":{"rendered":"http:\/\/diariotextual.com\/inicio\/?p=136786"},"modified":"2021-03-09T19:05:24","modified_gmt":"2021-03-09T22:05:24","slug":"catrilo-por-facebook-y-desde-la-prision-esta-amenazando-a-su-ex","status":"publish","type":"post","link":"https:\/\/diariotextual.com\/inicio\/index.php\/2021\/03\/09\/catrilo-por-facebook-y-desde-la-prision-esta-amenazando-a-su-ex\/","title":{"rendered":"Catril\u00f3: por Facebook y desde la prisi\u00f3n, est\u00e1 amenazando a su ex"},"content":{"rendered":"\n<p>Un hombre de la localidad de<strong> Catril\u00f3<\/strong>, que deb\u00eda salir en libertad el 5 de marzo, <strong>comenz\u00f3 a hostigar y amenazar a su expareja<\/strong>, por lo que las autoridades judiciales decidieron no liberarlo.<\/p>\n\n\n\n<p>El acusado de Daniel Molina, quien se encuentra detenido por una denuncia por abuso en la Alcaid\u00eda de Santa Rosa.<\/p>\n\n\n\n<p>Seg\u00fan dijeron fuentes oficiales a Diario Textual, deb\u00eda ser liberado el 5 de marzo, pero comenz\u00f3 a amenazar a su ex. Las autoridades policiales, alertadas por el mensaje, avisaron a la Fiscal\u00eda, que decidi\u00f3 dejarlo tras las rejas otros 30 d\u00edas m\u00e1s.<\/p>\n\n\n\n<p>El 7 de marzo, hizo una nueva amenaza por Facebook. Este es el mensaje: <em>\u00abFlorcita mi amor como te deceso tanto te amo y nunca te voy a dejar que seas felis con otro me metiste ac\u00e1 en prisi\u00f3n y eso no te lo voy a permitir nunca estoy tan obsesionado con vos que mi venganza empieza desde ahora cuidate mucho porque voy hacer tu peor pesadilla vos empezaste ahora aguantar\u00e9 de lo que se viene (&#8230;) vos nunca vas hacer feliz con nadie voy ha estar en todos tus sue\u00f1os cuidare mientras pueda besitos amor mio vos vas hacer siempre m\u00eda nunca lo olvides vos sos toda mia\u00bb.<\/em><\/p>\n\n\n\n<p>La publicaci\u00f3n de Molina se viraliz\u00f3 y cosech\u00f3 decenas de comentarios de repudio.<\/p>\n\n\n\n<p>La Polic\u00eda otra vez intervino de oficio y ya avis\u00f3 a la Fiscal\u00eda.<\/p>\n\n\n\n<p><strong>Amigas y conocidas del pueblo pidieron ayuda para la v\u00edctima. \u201cPedimos como pueblo que nos escuchen y que un fiscal act\u00fae de oficio. Por favor, elle est\u00e1 necesitando que la protejan\u201d<\/strong>, dijeron a Diario Textual.<\/p>\n","protected":false},"excerpt":{"rendered":"<p>Un hombre de la localidad de Catril\u00f3, que deb\u00eda salir en libertad el 5 de marzo, comenz\u00f3 a hostigar y amenazar a su expareja, por lo que las autoridades judiciales&hellip;<\/p>\n","protected":false},"author":3,"featured_media":136798,"comment_status":"closed","ping_status":"open","sticky":false,"template":"","format":"standard","meta":{"_acf_changed":false,"footnotes":""},"categories":[10,12],"tags":[225,1650,4503,661],"class_list":["post-136786","post","type-post","status-publish","format-standard","has-post-thumbnail","hentry","category-portada-2","category-sociedad","tag-facebook","tag-genero","tag-molina","tag-violencia"],"acf":[],"yoast_head":"<!-- This site is optimized with the Yoast SEO plugin v27.5 - https:\/\/yoast.com\/product\/yoast-seo-wordpress\/ -->\n<title>Catril\u00f3: por Facebook y desde la prisi\u00f3n, est\u00e1 amenazando a su ex - Diario Textual<\/title>\n<meta name=\"robots\" content=\"index, follow, max-snippet:-1, max-image-preview:large, max-video-preview:-1\" \/>\n<link rel=\"canonical\" href=\"https:\/\/diariotextual.com\/inicio\/index.php\/2021\/03\/09\/catrilo-por-facebook-y-desde-la-prision-esta-amenazando-a-su-ex\/\" \/>\n<meta property=\"og:locale\" content=\"es_ES\" \/>\n<meta property=\"og:type\" content=\"article\" \/>\n<meta property=\"og:title\" content=\"Catril\u00f3: por Facebook y desde la prisi\u00f3n, est\u00e1 amenazando a su ex - Diario Textual\" \/>\n<meta property=\"og:description\" content=\"Un hombre de la localidad de Catril\u00f3, que deb\u00eda salir en libertad el 5 de marzo, comenz\u00f3 a hostigar y amenazar a su expareja, por lo que las autoridades judiciales&hellip;\" \/>\n<meta property=\"og:url\" content=\"https:\/\/diariotextual.com\/inicio\/index.php\/2021\/03\/09\/catrilo-por-facebook-y-desde-la-prision-esta-amenazando-a-su-ex\/\" \/>\n<meta property=\"og:site_name\" content=\"Diario Textual\" \/>\n<meta property=\"article:publisher\" content=\"https:\/\/www.facebook.com\/eltextual\" \/>\n<meta property=\"article:published_time\" content=\"2021-03-09T20:09:11+00:00\" \/>\n<meta property=\"article:modified_time\" content=\"2021-03-09T22:05:24+00:00\" \/>\n<meta property=\"og:image\" content=\"https:\/\/diariotextual.com\/inicio\/wp-content\/uploads\/2021\/03\/violenciadegenerocatriloamenazaspostmolina2021-3.jpg\" \/>\n\t<meta property=\"og:image:width\" content=\"1057\" \/>\n\t<meta property=\"og:image:height\" content=\"684\" \/>\n\t<meta property=\"og:image:type\" content=\"image\/jpeg\" \/>\n<meta name=\"author\" content=\"Diario1 Diario1\" \/>\n<meta name=\"twitter:card\" content=\"summary_large_image\" \/>\n<meta name=\"twitter:creator\" content=\"@eltextual\" \/>\n<meta name=\"twitter:site\" content=\"@eltextual\" \/>\n<meta name=\"twitter:label1\" content=\"Escrito por\" \/>\n\t<meta name=\"twitter:data1\" content=\"Diario1 Diario1\" \/>\n\t<meta name=\"twitter:label2\" content=\"Tiempo de lectura\" \/>\n\t<meta name=\"twitter:data2\" content=\"2 minutos\" \/>\n<script type=\"application\/ld+json\" class=\"yoast-schema-graph\">{\"@context\":\"https:\\\/\\\/schema.org\",\"@graph\":[{\"@type\":\"Article\",\"@id\":\"https:\\\/\\\/diariotextual.com\\\/inicio\\\/index.php\\\/2021\\\/03\\\/09\\\/catrilo-por-facebook-y-desde-la-prision-esta-amenazando-a-su-ex\\\/#article\",\"isPartOf\":{\"@id\":\"https:\\\/\\\/diariotextual.com\\\/inicio\\\/index.php\\\/2021\\\/03\\\/09\\\/catrilo-por-facebook-y-desde-la-prision-esta-amenazando-a-su-ex\\\/\"},\"author\":{\"name\":\"Diario1 Diario1\",\"@id\":\"https:\\\/\\\/diariotextual.com\\\/inicio\\\/#\\\/schema\\\/person\\\/418fc4093c33e86ed41562db3508f958\"},\"headline\":\"Catril\u00f3: por Facebook y desde la prisi\u00f3n, est\u00e1 amenazando a su ex\",\"datePublished\":\"2021-03-09T20:09:11+00:00\",\"dateModified\":\"2021-03-09T22:05:24+00:00\",\"mainEntityOfPage\":{\"@id\":\"https:\\\/\\\/diariotextual.com\\\/inicio\\\/index.php\\\/2021\\\/03\\\/09\\\/catrilo-por-facebook-y-desde-la-prision-esta-amenazando-a-su-ex\\\/\"},\"wordCount\":288,\"publisher\":{\"@id\":\"https:\\\/\\\/diariotextual.com\\\/inicio\\\/#organization\"},\"image\":{\"@id\":\"https:\\\/\\\/diariotextual.com\\\/inicio\\\/index.php\\\/2021\\\/03\\\/09\\\/catrilo-por-facebook-y-desde-la-prision-esta-amenazando-a-su-ex\\\/#primaryimage\"},\"thumbnailUrl\":\"https:\\\/\\\/diariotextual.com\\\/inicio\\\/wp-content\\\/uploads\\\/2021\\\/03\\\/violenciadegenerocatriloamenazaspostmolina2021-3.jpg\",\"keywords\":[\"facebook\",\"genero\",\"molina\",\"violencia\"],\"articleSection\":[\"A - PORTADA2\",\"SOCIEDAD\"],\"inLanguage\":\"es\"},{\"@type\":\"WebPage\",\"@id\":\"https:\\\/\\\/diariotextual.com\\\/inicio\\\/index.php\\\/2021\\\/03\\\/09\\\/catrilo-por-facebook-y-desde-la-prision-esta-amenazando-a-su-ex\\\/\",\"url\":\"https:\\\/\\\/diariotextual.com\\\/inicio\\\/index.php\\\/2021\\\/03\\\/09\\\/catrilo-por-facebook-y-desde-la-prision-esta-amenazando-a-su-ex\\\/\",\"name\":\"Catril\u00f3: por Facebook y desde la prisi\u00f3n, est\u00e1 amenazando a su ex - Diario Textual\",\"isPartOf\":{\"@id\":\"https:\\\/\\\/diariotextual.com\\\/inicio\\\/#website\"},\"primaryImageOfPage\":{\"@id\":\"https:\\\/\\\/diariotextual.com\\\/inicio\\\/index.php\\\/2021\\\/03\\\/09\\\/catrilo-por-facebook-y-desde-la-prision-esta-amenazando-a-su-ex\\\/#primaryimage\"},\"image\":{\"@id\":\"https:\\\/\\\/diariotextual.com\\\/inicio\\\/index.php\\\/2021\\\/03\\\/09\\\/catrilo-por-facebook-y-desde-la-prision-esta-amenazando-a-su-ex\\\/#primaryimage\"},\"thumbnailUrl\":\"https:\\\/\\\/diariotextual.com\\\/inicio\\\/wp-content\\\/uploads\\\/2021\\\/03\\\/violenciadegenerocatriloamenazaspostmolina2021-3.jpg\",\"datePublished\":\"2021-03-09T20:09:11+00:00\",\"dateModified\":\"2021-03-09T22:05:24+00:00\",\"breadcrumb\":{\"@id\":\"https:\\\/\\\/diariotextual.com\\\/inicio\\\/index.php\\\/2021\\\/03\\\/09\\\/catrilo-por-facebook-y-desde-la-prision-esta-amenazando-a-su-ex\\\/#breadcrumb\"},\"inLanguage\":\"es\",\"potentialAction\":[{\"@type\":\"ReadAction\",\"target\":[\"https:\\\/\\\/diariotextual.com\\\/inicio\\\/index.php\\\/2021\\\/03\\\/09\\\/catrilo-por-facebook-y-desde-la-prision-esta-amenazando-a-su-ex\\\/\"]}]},{\"@type\":\"ImageObject\",\"inLanguage\":\"es\",\"@id\":\"https:\\\/\\\/diariotextual.com\\\/inicio\\\/index.php\\\/2021\\\/03\\\/09\\\/catrilo-por-facebook-y-desde-la-prision-esta-amenazando-a-su-ex\\\/#primaryimage\",\"url\":\"https:\\\/\\\/diariotextual.com\\\/inicio\\\/wp-content\\\/uploads\\\/2021\\\/03\\\/violenciadegenerocatriloamenazaspostmolina2021-3.jpg\",\"contentUrl\":\"https:\\\/\\\/diariotextual.com\\\/inicio\\\/wp-content\\\/uploads\\\/2021\\\/03\\\/violenciadegenerocatriloamenazaspostmolina2021-3.jpg\",\"width\":1057,\"height\":684},{\"@type\":\"BreadcrumbList\",\"@id\":\"https:\\\/\\\/diariotextual.com\\\/inicio\\\/index.php\\\/2021\\\/03\\\/09\\\/catrilo-por-facebook-y-desde-la-prision-esta-amenazando-a-su-ex\\\/#breadcrumb\",\"itemListElement\":[{\"@type\":\"ListItem\",\"position\":1,\"name\":\"Portada\",\"item\":\"https:\\\/\\\/diariotextual.com\\\/inicio\\\/\"},{\"@type\":\"ListItem\",\"position\":2,\"name\":\"Catril\u00f3: por Facebook y desde la prisi\u00f3n, est\u00e1 amenazando a su ex\"}]},{\"@type\":\"WebSite\",\"@id\":\"https:\\\/\\\/diariotextual.com\\\/inicio\\\/#website\",\"url\":\"https:\\\/\\\/diariotextual.com\\\/inicio\\\/\",\"name\":\"Diario Textual\",\"description\":\"\",\"publisher\":{\"@id\":\"https:\\\/\\\/diariotextual.com\\\/inicio\\\/#organization\"},\"potentialAction\":[{\"@type\":\"SearchAction\",\"target\":{\"@type\":\"EntryPoint\",\"urlTemplate\":\"https:\\\/\\\/diariotextual.com\\\/inicio\\\/?s={search_term_string}\"},\"query-input\":{\"@type\":\"PropertyValueSpecification\",\"valueRequired\":true,\"valueName\":\"search_term_string\"}}],\"inLanguage\":\"es\"},{\"@type\":\"Organization\",\"@id\":\"https:\\\/\\\/diariotextual.com\\\/inicio\\\/#organization\",\"name\":\"Diario Textual\",\"url\":\"https:\\\/\\\/diariotextual.com\\\/inicio\\\/\",\"logo\":{\"@type\":\"ImageObject\",\"inLanguage\":\"es\",\"@id\":\"https:\\\/\\\/diariotextual.com\\\/inicio\\\/#\\\/schema\\\/logo\\\/image\\\/\",\"url\":\"https:\\\/\\\/diariotextual.com\\\/inicio\\\/wp-content\\\/uploads\\\/2023\\\/05\\\/logotextual1.jpg\",\"contentUrl\":\"https:\\\/\\\/diariotextual.com\\\/inicio\\\/wp-content\\\/uploads\\\/2023\\\/05\\\/logotextual1.jpg\",\"width\":516,\"height\":76,\"caption\":\"Diario Textual\"},\"image\":{\"@id\":\"https:\\\/\\\/diariotextual.com\\\/inicio\\\/#\\\/schema\\\/logo\\\/image\\\/\"},\"sameAs\":[\"https:\\\/\\\/www.facebook.com\\\/eltextual\",\"https:\\\/\\\/x.com\\\/eltextual\",\"http:\\\/\\\/www.instagram.com\\\/eltextual\"]},{\"@type\":\"Person\",\"@id\":\"https:\\\/\\\/diariotextual.com\\\/inicio\\\/#\\\/schema\\\/person\\\/418fc4093c33e86ed41562db3508f958\",\"name\":\"Diario1 Diario1\",\"image\":{\"@type\":\"ImageObject\",\"inLanguage\":\"es\",\"@id\":\"https:\\\/\\\/secure.gravatar.com\\\/avatar\\\/9167d280179c85bc18be67aa7eda765854300033af4896dd779b608640f2ef7a?s=96&d=mm&r=g\",\"url\":\"https:\\\/\\\/secure.gravatar.com\\\/avatar\\\/9167d280179c85bc18be67aa7eda765854300033af4896dd779b608640f2ef7a?s=96&d=mm&r=g\",\"contentUrl\":\"https:\\\/\\\/secure.gravatar.com\\\/avatar\\\/9167d280179c85bc18be67aa7eda765854300033af4896dd779b608640f2ef7a?s=96&d=mm&r=g\",\"caption\":\"Diario1 Diario1\"},\"url\":\"https:\\\/\\\/diariotextual.com\\\/inicio\\\/index.php\\\/author\\\/diario1\\\/\"}]}<\/script>\n<!-- \/ Yoast SEO plugin. -->","yoast_head_json":{"title":"Catril\u00f3: por Facebook y desde la prisi\u00f3n, est\u00e1 amenazando a su ex - Diario Textual","robots":{"index":"index","follow":"follow","max-snippet":"max-snippet:-1","max-image-preview":"max-image-preview:large","max-video-preview":"max-video-preview:-1"},"canonical":"https:\/\/diariotextual.com\/inicio\/index.php\/2021\/03\/09\/catrilo-por-facebook-y-desde-la-prision-esta-amenazando-a-su-ex\/","og_locale":"es_ES","og_type":"article","og_title":"Catril\u00f3: por Facebook y desde la prisi\u00f3n, est\u00e1 amenazando a su ex - Diario Textual","og_description":"Un hombre de la localidad de Catril\u00f3, que deb\u00eda salir en libertad el 5 de marzo, comenz\u00f3 a hostigar y amenazar a su expareja, por lo que las autoridades judiciales&hellip;","og_url":"https:\/\/diariotextual.com\/inicio\/index.php\/2021\/03\/09\/catrilo-por-facebook-y-desde-la-prision-esta-amenazando-a-su-ex\/","og_site_name":"Diario Textual","article_publisher":"https:\/\/www.facebook.com\/eltextual","article_published_time":"2021-03-09T20:09:11+00:00","article_modified_time":"2021-03-09T22:05:24+00:00","og_image":[{"width":1057,"height":684,"url":"https:\/\/diariotextual.com\/inicio\/wp-content\/uploads\/2021\/03\/violenciadegenerocatriloamenazaspostmolina2021-3.jpg","type":"image\/jpeg"}],"author":"Diario1 Diario1","twitter_card":"summary_large_image","twitter_creator":"@eltextual","twitter_site":"@eltextual","twitter_misc":{"Escrito por":"Diario1 Diario1","Tiempo de lectura":"2 minutos"},"schema":{"@context":"https:\/\/schema.org","@graph":[{"@type":"Article","@id":"https:\/\/diariotextual.com\/inicio\/index.php\/2021\/03\/09\/catrilo-por-facebook-y-desde-la-prision-esta-amenazando-a-su-ex\/#article","isPartOf":{"@id":"https:\/\/diariotextual.com\/inicio\/index.php\/2021\/03\/09\/catrilo-por-facebook-y-desde-la-prision-esta-amenazando-a-su-ex\/"},"author":{"name":"Diario1 Diario1","@id":"https:\/\/diariotextual.com\/inicio\/#\/schema\/person\/418fc4093c33e86ed41562db3508f958"},"headline":"Catril\u00f3: por Facebook y desde la prisi\u00f3n, est\u00e1 amenazando a su ex","datePublished":"2021-03-09T20:09:11+00:00","dateModified":"2021-03-09T22:05:24+00:00","mainEntityOfPage":{"@id":"https:\/\/diariotextual.com\/inicio\/index.php\/2021\/03\/09\/catrilo-por-facebook-y-desde-la-prision-esta-amenazando-a-su-ex\/"},"wordCount":288,"publisher":{"@id":"https:\/\/diariotextual.com\/inicio\/#organization"},"image":{"@id":"https:\/\/diariotextual.com\/inicio\/index.php\/2021\/03\/09\/catrilo-por-facebook-y-desde-la-prision-esta-amenazando-a-su-ex\/#primaryimage"},"thumbnailUrl":"https:\/\/diariotextual.com\/inicio\/wp-content\/uploads\/2021\/03\/violenciadegenerocatriloamenazaspostmolina2021-3.jpg","keywords":["facebook","genero","molina","violencia"],"articleSection":["A - PORTADA2","SOCIEDAD"],"inLanguage":"es"},{"@type":"WebPage","@id":"https:\/\/diariotextual.com\/inicio\/index.php\/2021\/03\/09\/catrilo-por-facebook-y-desde-la-prision-esta-amenazando-a-su-ex\/","url":"https:\/\/diariotextual.com\/inicio\/index.php\/2021\/03\/09\/catrilo-por-facebook-y-desde-la-prision-esta-amenazando-a-su-ex\/","name":"Catril\u00f3: por Facebook y desde la prisi\u00f3n, est\u00e1 amenazando a su ex - Diario Textual","isPartOf":{"@id":"https:\/\/diariotextual.com\/inicio\/#website"},"primaryImageOfPage":{"@id":"https:\/\/diariotextual.com\/inicio\/index.php\/2021\/03\/09\/catrilo-por-facebook-y-desde-la-prision-esta-amenazando-a-su-ex\/#primaryimage"},"image":{"@id":"https:\/\/diariotextual.com\/inicio\/index.php\/2021\/03\/09\/catrilo-por-facebook-y-desde-la-prision-esta-amenazando-a-su-ex\/#primaryimage"},"thumbnailUrl":"https:\/\/diariotextual.com\/inicio\/wp-content\/uploads\/2021\/03\/violenciadegenerocatriloamenazaspostmolina2021-3.jpg","datePublished":"2021-03-09T20:09:11+00:00","dateModified":"2021-03-09T22:05:24+00:00","breadcrumb":{"@id":"https:\/\/diariotextual.com\/inicio\/index.php\/2021\/03\/09\/catrilo-por-facebook-y-desde-la-prision-esta-amenazando-a-su-ex\/#breadcrumb"},"inLanguage":"es","potentialAction":[{"@type":"ReadAction","target":["https:\/\/diariotextual.com\/inicio\/index.php\/2021\/03\/09\/catrilo-por-facebook-y-desde-la-prision-esta-amenazando-a-su-ex\/"]}]},{"@type":"ImageObject","inLanguage":"es","@id":"https:\/\/diariotextual.com\/inicio\/index.php\/2021\/03\/09\/catrilo-por-facebook-y-desde-la-prision-esta-amenazando-a-su-ex\/#primaryimage","url":"https:\/\/diariotextual.com\/inicio\/wp-content\/uploads\/2021\/03\/violenciadegenerocatriloamenazaspostmolina2021-3.jpg","contentUrl":"https:\/\/diariotextual.com\/inicio\/wp-content\/uploads\/2021\/03\/violenciadegenerocatriloamenazaspostmolina2021-3.jpg","width":1057,"height":684},{"@type":"BreadcrumbList","@id":"https:\/\/diariotextual.com\/inicio\/index.php\/2021\/03\/09\/catrilo-por-facebook-y-desde-la-prision-esta-amenazando-a-su-ex\/#breadcrumb","itemListElement":[{"@type":"ListItem","position":1,"name":"Portada","item":"https:\/\/diariotextual.com\/inicio\/"},{"@type":"ListItem","position":2,"name":"Catril\u00f3: por Facebook y desde la prisi\u00f3n, est\u00e1 amenazando a su ex"}]},{"@type":"WebSite","@id":"https:\/\/diariotextual.com\/inicio\/#website","url":"https:\/\/diariotextual.com\/inicio\/","name":"Diario Textual","description":"","publisher":{"@id":"https:\/\/diariotextual.com\/inicio\/#organization"},"potentialAction":[{"@type":"SearchAction","target":{"@type":"EntryPoint","urlTemplate":"https:\/\/diariotextual.com\/inicio\/?s={search_term_string}"},"query-input":{"@type":"PropertyValueSpecification","valueRequired":true,"valueName":"search_term_string"}}],"inLanguage":"es"},{"@type":"Organization","@id":"https:\/\/diariotextual.com\/inicio\/#organization","name":"Diario Textual","url":"https:\/\/diariotextual.com\/inicio\/","logo":{"@type":"ImageObject","inLanguage":"es","@id":"https:\/\/diariotextual.com\/inicio\/#\/schema\/logo\/image\/","url":"https:\/\/diariotextual.com\/inicio\/wp-content\/uploads\/2023\/05\/logotextual1.jpg","contentUrl":"https:\/\/diariotextual.com\/inicio\/wp-content\/uploads\/2023\/05\/logotextual1.jpg","width":516,"height":76,"caption":"Diario Textual"},"image":{"@id":"https:\/\/diariotextual.com\/inicio\/#\/schema\/logo\/image\/"},"sameAs":["https:\/\/www.facebook.com\/eltextual","https:\/\/x.com\/eltextual","http:\/\/www.instagram.com\/eltextual"]},{"@type":"Person","@id":"https:\/\/diariotextual.com\/inicio\/#\/schema\/person\/418fc4093c33e86ed41562db3508f958","name":"Diario1 Diario1","image":{"@type":"ImageObject","inLanguage":"es","@id":"https:\/\/secure.gravatar.com\/avatar\/9167d280179c85bc18be67aa7eda765854300033af4896dd779b608640f2ef7a?s=96&d=mm&r=g","url":"https:\/\/secure.gravatar.com\/avatar\/9167d280179c85bc18be67aa7eda765854300033af4896dd779b608640f2ef7a?s=96&d=mm&r=g","contentUrl":"https:\/\/secure.gravatar.com\/avatar\/9167d280179c85bc18be67aa7eda765854300033af4896dd779b608640f2ef7a?s=96&d=mm&r=g","caption":"Diario1 Diario1"},"url":"https:\/\/diariotextual.com\/inicio\/index.php\/author\/diario1\/"}]}},"_links":{"self":[{"href":"https:\/\/diariotextual.com\/inicio\/index.php\/wp-json\/wp\/v2\/posts\/136786","targetHints":{"allow":["GET"]}}],"collection":[{"href":"https:\/\/diariotextual.com\/inicio\/index.php\/wp-json\/wp\/v2\/posts"}],"about":[{"href":"https:\/\/diariotextual.com\/inicio\/index.php\/wp-json\/wp\/v2\/types\/post"}],"author":[{"embeddable":true,"href":"https:\/\/diariotextual.com\/inicio\/index.php\/wp-json\/wp\/v2\/users\/3"}],"replies":[{"embeddable":true,"href":"https:\/\/diariotextual.com\/inicio\/index.php\/wp-json\/wp\/v2\/comments?post=136786"}],"version-history":[{"count":6,"href":"https:\/\/diariotextual.com\/inicio\/index.php\/wp-json\/wp\/v2\/posts\/136786\/revisions"}],"predecessor-version":[{"id":136801,"href":"https:\/\/diariotextual.com\/inicio\/index.php\/wp-json\/wp\/v2\/posts\/136786\/revisions\/136801"}],"wp:featuredmedia":[{"embeddable":true,"href":"https:\/\/diariotextual.com\/inicio\/index.php\/wp-json\/wp\/v2\/media\/136798"}],"wp:attachment":[{"href":"https:\/\/diariotextual.com\/inicio\/index.php\/wp-json\/wp\/v2\/media?parent=136786"}],"wp:term":[{"taxonomy":"category","embeddable":true,"href":"https:\/\/diariotextual.com\/inicio\/index.php\/wp-json\/wp\/v2\/categories?post=136786"},{"taxonomy":"post_tag","embeddable":true,"href":"https:\/\/diariotextual.com\/inicio\/index.php\/wp-json\/wp\/v2\/tags?post=136786"}],"curies":[{"name":"wp","href":"https:\/\/api.w.org\/{rel}","templated":true}]}}