{"id":13754,"date":"2018-07-15T19:38:43","date_gmt":"2018-07-15T22:38:43","guid":{"rendered":"http:\/\/diariotextual.com\/inicio\/?p=13754"},"modified":"2018-07-15T19:38:43","modified_gmt":"2018-07-15T22:38:43","slug":"detienen-mar-del-plata-coronel-la-sanguinaria-dictadura-pinochet","status":"publish","type":"post","link":"https:\/\/diariotextual.com\/inicio\/index.php\/2018\/07\/15\/detienen-mar-del-plata-coronel-la-sanguinaria-dictadura-pinochet\/","title":{"rendered":"Detienen en Mar del Plata a un coronel de la sanguinaria dictadura de Pinochet"},"content":{"rendered":"<p>Sergio Francisco Jara Arancibia, coronel del Ej\u00e9rcito durante el proceso dictatorial dirigido por Augusto Pinochet, era uno de los pr\u00f3fugos m\u00e1s buscados en Chile por distintos homicidios cometidos en 1973. Hoy, tras una investigaci\u00f3n del Ministerio de Seguridad de la Naci\u00f3n, a cargo de Patricia Bullrich, fue capturado en Mar del Plata por la Polic\u00eda Federal Argentina.<\/p>\n<p>En la intervenci\u00f3n del Juzgado Federal de Mar del Plata, a cargo de Santiago Inchausti, la Direcci\u00f3n General de Coordinaci\u00f3n Internacional del Departamento Interpol logr\u00f3 dar con el paradero del pr\u00f3fugo chileno, sobre quien pesaba una orden de captura internacional por homicidios. El detenido ser\u00e1 extraditado a Chile y puesto a disposici\u00f3n de la Justicia.<\/p>\n<p>La Divisi\u00f3n Investigaci\u00f3n Federal de Fugitivos del Departamento Interpol de la Polic\u00eda Federal, fuerza que conduce N\u00e9stor Roncaglia, captur\u00f3 a Jara Arancibia en la intersecci\u00f3n de las calles San Juan y 25 de Mayo.<\/p>\n<p>El hombre estaba pr\u00f3fugo de la justicia chilena desde hace m\u00e1s de un a\u00f1o. Las tareas de inteligencia criminal y la cooperaci\u00f3n entre Argentina y Chile fueron claves para determinar su paradero.<\/p>\n<p>La informaci\u00f3n recolectada permiti\u00f3 identificar a su hijo y hacer un seguimiento controlado sobre sus movimientos desde la Ciudad de Buenos Aires hacia Salta y Jujuy y nuevamente hacia la Capital Federal para luego trasladarse hacia Mar del Plata, donde culmin\u00f3 la investigaci\u00f3n con la captura de Jara Arancibia, quien fue puesto a disposici\u00f3n del juzgado interventor.<\/p>\n<p>La Corte Suprema de Chile confirm\u00f3 el a\u00f1o pasado su condena a prisi\u00f3n por el asesinato de un m\u00e9dico y un funcionario p\u00fablico opositores a la dictadura de Augusto Pinochet.<\/p>\n<p>&nbsp;<\/p>\n<p>&nbsp;<\/p>\n","protected":false},"excerpt":{"rendered":"<p>Sergio Francisco Jara Arancibia, coronel del Ej\u00e9rcito durante el proceso dictatorial dirigido por Augusto Pinochet, era uno de los pr\u00f3fugos m\u00e1s buscados en Chile por distintos homicidios cometidos en 1973.&hellip;<\/p>\n","protected":false},"author":3,"featured_media":0,"comment_status":"closed","ping_status":"open","sticky":false,"template":"","format":"standard","meta":{"_acf_changed":false,"footnotes":""},"categories":[11,7],"tags":[],"class_list":["post-13754","post","type-post","status-publish","format-standard","hentry","category-que-pasa","category-mundo"],"acf":[],"yoast_head":"<!-- This site is optimized with the Yoast SEO plugin v27.5 - https:\/\/yoast.com\/product\/yoast-seo-wordpress\/ -->\n<title>Detienen en Mar del Plata a un coronel de la sanguinaria dictadura de Pinochet - Diario Textual<\/title>\n<meta name=\"robots\" content=\"index, follow, max-snippet:-1, max-image-preview:large, max-video-preview:-1\" \/>\n<link rel=\"canonical\" href=\"https:\/\/diariotextual.com\/inicio\/index.php\/2018\/07\/15\/detienen-mar-del-plata-coronel-la-sanguinaria-dictadura-pinochet\/\" \/>\n<meta property=\"og:locale\" content=\"es_ES\" \/>\n<meta property=\"og:type\" content=\"article\" \/>\n<meta property=\"og:title\" content=\"Detienen en Mar del Plata a un coronel de la sanguinaria dictadura de Pinochet - Diario Textual\" \/>\n<meta property=\"og:description\" content=\"Sergio Francisco Jara Arancibia, coronel del Ej\u00e9rcito durante el proceso dictatorial dirigido por Augusto Pinochet, era uno de los pr\u00f3fugos m\u00e1s buscados en Chile por distintos homicidios cometidos en 1973.&hellip;\" \/>\n<meta property=\"og:url\" content=\"https:\/\/diariotextual.com\/inicio\/index.php\/2018\/07\/15\/detienen-mar-del-plata-coronel-la-sanguinaria-dictadura-pinochet\/\" \/>\n<meta property=\"og:site_name\" content=\"Diario Textual\" \/>\n<meta property=\"article:publisher\" content=\"https:\/\/www.facebook.com\/eltextual\" \/>\n<meta property=\"article:published_time\" content=\"2018-07-15T22:38:43+00:00\" \/>\n<meta name=\"author\" content=\"Diario1 Diario1\" \/>\n<meta name=\"twitter:card\" content=\"summary_large_image\" \/>\n<meta name=\"twitter:creator\" content=\"@eltextual\" \/>\n<meta name=\"twitter:site\" content=\"@eltextual\" \/>\n<meta name=\"twitter:label1\" content=\"Escrito por\" \/>\n\t<meta name=\"twitter:data1\" content=\"Diario1 Diario1\" \/>\n\t<meta name=\"twitter:label2\" content=\"Tiempo de lectura\" \/>\n\t<meta name=\"twitter:data2\" content=\"1 minuto\" \/>\n<script type=\"application\/ld+json\" class=\"yoast-schema-graph\">{\"@context\":\"https:\\\/\\\/schema.org\",\"@graph\":[{\"@type\":\"Article\",\"@id\":\"https:\\\/\\\/diariotextual.com\\\/inicio\\\/index.php\\\/2018\\\/07\\\/15\\\/detienen-mar-del-plata-coronel-la-sanguinaria-dictadura-pinochet\\\/#article\",\"isPartOf\":{\"@id\":\"https:\\\/\\\/diariotextual.com\\\/inicio\\\/index.php\\\/2018\\\/07\\\/15\\\/detienen-mar-del-plata-coronel-la-sanguinaria-dictadura-pinochet\\\/\"},\"author\":{\"name\":\"Diario1 Diario1\",\"@id\":\"https:\\\/\\\/diariotextual.com\\\/inicio\\\/#\\\/schema\\\/person\\\/418fc4093c33e86ed41562db3508f958\"},\"headline\":\"Detienen en Mar del Plata a un coronel de la sanguinaria dictadura de Pinochet\",\"datePublished\":\"2018-07-15T22:38:43+00:00\",\"mainEntityOfPage\":{\"@id\":\"https:\\\/\\\/diariotextual.com\\\/inicio\\\/index.php\\\/2018\\\/07\\\/15\\\/detienen-mar-del-plata-coronel-la-sanguinaria-dictadura-pinochet\\\/\"},\"wordCount\":306,\"publisher\":{\"@id\":\"https:\\\/\\\/diariotextual.com\\\/inicio\\\/#organization\"},\"articleSection\":[\"A - QUE PASA (al costado)\",\"MUNDO\"],\"inLanguage\":\"es\"},{\"@type\":\"WebPage\",\"@id\":\"https:\\\/\\\/diariotextual.com\\\/inicio\\\/index.php\\\/2018\\\/07\\\/15\\\/detienen-mar-del-plata-coronel-la-sanguinaria-dictadura-pinochet\\\/\",\"url\":\"https:\\\/\\\/diariotextual.com\\\/inicio\\\/index.php\\\/2018\\\/07\\\/15\\\/detienen-mar-del-plata-coronel-la-sanguinaria-dictadura-pinochet\\\/\",\"name\":\"Detienen en Mar del Plata a un coronel de la sanguinaria dictadura de Pinochet - Diario Textual\",\"isPartOf\":{\"@id\":\"https:\\\/\\\/diariotextual.com\\\/inicio\\\/#website\"},\"datePublished\":\"2018-07-15T22:38:43+00:00\",\"breadcrumb\":{\"@id\":\"https:\\\/\\\/diariotextual.com\\\/inicio\\\/index.php\\\/2018\\\/07\\\/15\\\/detienen-mar-del-plata-coronel-la-sanguinaria-dictadura-pinochet\\\/#breadcrumb\"},\"inLanguage\":\"es\",\"potentialAction\":[{\"@type\":\"ReadAction\",\"target\":[\"https:\\\/\\\/diariotextual.com\\\/inicio\\\/index.php\\\/2018\\\/07\\\/15\\\/detienen-mar-del-plata-coronel-la-sanguinaria-dictadura-pinochet\\\/\"]}]},{\"@type\":\"BreadcrumbList\",\"@id\":\"https:\\\/\\\/diariotextual.com\\\/inicio\\\/index.php\\\/2018\\\/07\\\/15\\\/detienen-mar-del-plata-coronel-la-sanguinaria-dictadura-pinochet\\\/#breadcrumb\",\"itemListElement\":[{\"@type\":\"ListItem\",\"position\":1,\"name\":\"Portada\",\"item\":\"https:\\\/\\\/diariotextual.com\\\/inicio\\\/\"},{\"@type\":\"ListItem\",\"position\":2,\"name\":\"Detienen en Mar del Plata a un coronel de la sanguinaria dictadura de Pinochet\"}]},{\"@type\":\"WebSite\",\"@id\":\"https:\\\/\\\/diariotextual.com\\\/inicio\\\/#website\",\"url\":\"https:\\\/\\\/diariotextual.com\\\/inicio\\\/\",\"name\":\"Diario Textual\",\"description\":\"\",\"publisher\":{\"@id\":\"https:\\\/\\\/diariotextual.com\\\/inicio\\\/#organization\"},\"potentialAction\":[{\"@type\":\"SearchAction\",\"target\":{\"@type\":\"EntryPoint\",\"urlTemplate\":\"https:\\\/\\\/diariotextual.com\\\/inicio\\\/?s={search_term_string}\"},\"query-input\":{\"@type\":\"PropertyValueSpecification\",\"valueRequired\":true,\"valueName\":\"search_term_string\"}}],\"inLanguage\":\"es\"},{\"@type\":\"Organization\",\"@id\":\"https:\\\/\\\/diariotextual.com\\\/inicio\\\/#organization\",\"name\":\"Diario Textual\",\"url\":\"https:\\\/\\\/diariotextual.com\\\/inicio\\\/\",\"logo\":{\"@type\":\"ImageObject\",\"inLanguage\":\"es\",\"@id\":\"https:\\\/\\\/diariotextual.com\\\/inicio\\\/#\\\/schema\\\/logo\\\/image\\\/\",\"url\":\"https:\\\/\\\/diariotextual.com\\\/inicio\\\/wp-content\\\/uploads\\\/2023\\\/05\\\/logotextual1.jpg\",\"contentUrl\":\"https:\\\/\\\/diariotextual.com\\\/inicio\\\/wp-content\\\/uploads\\\/2023\\\/05\\\/logotextual1.jpg\",\"width\":516,\"height\":76,\"caption\":\"Diario Textual\"},\"image\":{\"@id\":\"https:\\\/\\\/diariotextual.com\\\/inicio\\\/#\\\/schema\\\/logo\\\/image\\\/\"},\"sameAs\":[\"https:\\\/\\\/www.facebook.com\\\/eltextual\",\"https:\\\/\\\/x.com\\\/eltextual\",\"http:\\\/\\\/www.instagram.com\\\/eltextual\"]},{\"@type\":\"Person\",\"@id\":\"https:\\\/\\\/diariotextual.com\\\/inicio\\\/#\\\/schema\\\/person\\\/418fc4093c33e86ed41562db3508f958\",\"name\":\"Diario1 Diario1\",\"image\":{\"@type\":\"ImageObject\",\"inLanguage\":\"es\",\"@id\":\"https:\\\/\\\/secure.gravatar.com\\\/avatar\\\/9167d280179c85bc18be67aa7eda765854300033af4896dd779b608640f2ef7a?s=96&d=mm&r=g\",\"url\":\"https:\\\/\\\/secure.gravatar.com\\\/avatar\\\/9167d280179c85bc18be67aa7eda765854300033af4896dd779b608640f2ef7a?s=96&d=mm&r=g\",\"contentUrl\":\"https:\\\/\\\/secure.gravatar.com\\\/avatar\\\/9167d280179c85bc18be67aa7eda765854300033af4896dd779b608640f2ef7a?s=96&d=mm&r=g\",\"caption\":\"Diario1 Diario1\"},\"url\":\"https:\\\/\\\/diariotextual.com\\\/inicio\\\/index.php\\\/author\\\/diario1\\\/\"}]}<\/script>\n<!-- \/ Yoast SEO plugin. -->","yoast_head_json":{"title":"Detienen en Mar del Plata a un coronel de la sanguinaria dictadura de Pinochet - Diario Textual","robots":{"index":"index","follow":"follow","max-snippet":"max-snippet:-1","max-image-preview":"max-image-preview:large","max-video-preview":"max-video-preview:-1"},"canonical":"https:\/\/diariotextual.com\/inicio\/index.php\/2018\/07\/15\/detienen-mar-del-plata-coronel-la-sanguinaria-dictadura-pinochet\/","og_locale":"es_ES","og_type":"article","og_title":"Detienen en Mar del Plata a un coronel de la sanguinaria dictadura de Pinochet - Diario Textual","og_description":"Sergio Francisco Jara Arancibia, coronel del Ej\u00e9rcito durante el proceso dictatorial dirigido por Augusto Pinochet, era uno de los pr\u00f3fugos m\u00e1s buscados en Chile por distintos homicidios cometidos en 1973.&hellip;","og_url":"https:\/\/diariotextual.com\/inicio\/index.php\/2018\/07\/15\/detienen-mar-del-plata-coronel-la-sanguinaria-dictadura-pinochet\/","og_site_name":"Diario Textual","article_publisher":"https:\/\/www.facebook.com\/eltextual","article_published_time":"2018-07-15T22:38:43+00:00","author":"Diario1 Diario1","twitter_card":"summary_large_image","twitter_creator":"@eltextual","twitter_site":"@eltextual","twitter_misc":{"Escrito por":"Diario1 Diario1","Tiempo de lectura":"1 minuto"},"schema":{"@context":"https:\/\/schema.org","@graph":[{"@type":"Article","@id":"https:\/\/diariotextual.com\/inicio\/index.php\/2018\/07\/15\/detienen-mar-del-plata-coronel-la-sanguinaria-dictadura-pinochet\/#article","isPartOf":{"@id":"https:\/\/diariotextual.com\/inicio\/index.php\/2018\/07\/15\/detienen-mar-del-plata-coronel-la-sanguinaria-dictadura-pinochet\/"},"author":{"name":"Diario1 Diario1","@id":"https:\/\/diariotextual.com\/inicio\/#\/schema\/person\/418fc4093c33e86ed41562db3508f958"},"headline":"Detienen en Mar del Plata a un coronel de la sanguinaria dictadura de Pinochet","datePublished":"2018-07-15T22:38:43+00:00","mainEntityOfPage":{"@id":"https:\/\/diariotextual.com\/inicio\/index.php\/2018\/07\/15\/detienen-mar-del-plata-coronel-la-sanguinaria-dictadura-pinochet\/"},"wordCount":306,"publisher":{"@id":"https:\/\/diariotextual.com\/inicio\/#organization"},"articleSection":["A - QUE PASA (al costado)","MUNDO"],"inLanguage":"es"},{"@type":"WebPage","@id":"https:\/\/diariotextual.com\/inicio\/index.php\/2018\/07\/15\/detienen-mar-del-plata-coronel-la-sanguinaria-dictadura-pinochet\/","url":"https:\/\/diariotextual.com\/inicio\/index.php\/2018\/07\/15\/detienen-mar-del-plata-coronel-la-sanguinaria-dictadura-pinochet\/","name":"Detienen en Mar del Plata a un coronel de la sanguinaria dictadura de Pinochet - Diario Textual","isPartOf":{"@id":"https:\/\/diariotextual.com\/inicio\/#website"},"datePublished":"2018-07-15T22:38:43+00:00","breadcrumb":{"@id":"https:\/\/diariotextual.com\/inicio\/index.php\/2018\/07\/15\/detienen-mar-del-plata-coronel-la-sanguinaria-dictadura-pinochet\/#breadcrumb"},"inLanguage":"es","potentialAction":[{"@type":"ReadAction","target":["https:\/\/diariotextual.com\/inicio\/index.php\/2018\/07\/15\/detienen-mar-del-plata-coronel-la-sanguinaria-dictadura-pinochet\/"]}]},{"@type":"BreadcrumbList","@id":"https:\/\/diariotextual.com\/inicio\/index.php\/2018\/07\/15\/detienen-mar-del-plata-coronel-la-sanguinaria-dictadura-pinochet\/#breadcrumb","itemListElement":[{"@type":"ListItem","position":1,"name":"Portada","item":"https:\/\/diariotextual.com\/inicio\/"},{"@type":"ListItem","position":2,"name":"Detienen en Mar del Plata a un coronel de la sanguinaria dictadura de Pinochet"}]},{"@type":"WebSite","@id":"https:\/\/diariotextual.com\/inicio\/#website","url":"https:\/\/diariotextual.com\/inicio\/","name":"Diario Textual","description":"","publisher":{"@id":"https:\/\/diariotextual.com\/inicio\/#organization"},"potentialAction":[{"@type":"SearchAction","target":{"@type":"EntryPoint","urlTemplate":"https:\/\/diariotextual.com\/inicio\/?s={search_term_string}"},"query-input":{"@type":"PropertyValueSpecification","valueRequired":true,"valueName":"search_term_string"}}],"inLanguage":"es"},{"@type":"Organization","@id":"https:\/\/diariotextual.com\/inicio\/#organization","name":"Diario Textual","url":"https:\/\/diariotextual.com\/inicio\/","logo":{"@type":"ImageObject","inLanguage":"es","@id":"https:\/\/diariotextual.com\/inicio\/#\/schema\/logo\/image\/","url":"https:\/\/diariotextual.com\/inicio\/wp-content\/uploads\/2023\/05\/logotextual1.jpg","contentUrl":"https:\/\/diariotextual.com\/inicio\/wp-content\/uploads\/2023\/05\/logotextual1.jpg","width":516,"height":76,"caption":"Diario Textual"},"image":{"@id":"https:\/\/diariotextual.com\/inicio\/#\/schema\/logo\/image\/"},"sameAs":["https:\/\/www.facebook.com\/eltextual","https:\/\/x.com\/eltextual","http:\/\/www.instagram.com\/eltextual"]},{"@type":"Person","@id":"https:\/\/diariotextual.com\/inicio\/#\/schema\/person\/418fc4093c33e86ed41562db3508f958","name":"Diario1 Diario1","image":{"@type":"ImageObject","inLanguage":"es","@id":"https:\/\/secure.gravatar.com\/avatar\/9167d280179c85bc18be67aa7eda765854300033af4896dd779b608640f2ef7a?s=96&d=mm&r=g","url":"https:\/\/secure.gravatar.com\/avatar\/9167d280179c85bc18be67aa7eda765854300033af4896dd779b608640f2ef7a?s=96&d=mm&r=g","contentUrl":"https:\/\/secure.gravatar.com\/avatar\/9167d280179c85bc18be67aa7eda765854300033af4896dd779b608640f2ef7a?s=96&d=mm&r=g","caption":"Diario1 Diario1"},"url":"https:\/\/diariotextual.com\/inicio\/index.php\/author\/diario1\/"}]}},"_links":{"self":[{"href":"https:\/\/diariotextual.com\/inicio\/index.php\/wp-json\/wp\/v2\/posts\/13754","targetHints":{"allow":["GET"]}}],"collection":[{"href":"https:\/\/diariotextual.com\/inicio\/index.php\/wp-json\/wp\/v2\/posts"}],"about":[{"href":"https:\/\/diariotextual.com\/inicio\/index.php\/wp-json\/wp\/v2\/types\/post"}],"author":[{"embeddable":true,"href":"https:\/\/diariotextual.com\/inicio\/index.php\/wp-json\/wp\/v2\/users\/3"}],"replies":[{"embeddable":true,"href":"https:\/\/diariotextual.com\/inicio\/index.php\/wp-json\/wp\/v2\/comments?post=13754"}],"version-history":[{"count":1,"href":"https:\/\/diariotextual.com\/inicio\/index.php\/wp-json\/wp\/v2\/posts\/13754\/revisions"}],"predecessor-version":[{"id":13755,"href":"https:\/\/diariotextual.com\/inicio\/index.php\/wp-json\/wp\/v2\/posts\/13754\/revisions\/13755"}],"wp:attachment":[{"href":"https:\/\/diariotextual.com\/inicio\/index.php\/wp-json\/wp\/v2\/media?parent=13754"}],"wp:term":[{"taxonomy":"category","embeddable":true,"href":"https:\/\/diariotextual.com\/inicio\/index.php\/wp-json\/wp\/v2\/categories?post=13754"},{"taxonomy":"post_tag","embeddable":true,"href":"https:\/\/diariotextual.com\/inicio\/index.php\/wp-json\/wp\/v2\/tags?post=13754"}],"curies":[{"name":"wp","href":"https:\/\/api.w.org\/{rel}","templated":true}]}}