{"id":137580,"date":"2021-03-14T08:56:23","date_gmt":"2021-03-14T11:56:23","guid":{"rendered":"http:\/\/diariotextual.com\/inicio\/?p=137580"},"modified":"2021-03-14T12:39:58","modified_gmt":"2021-03-14T15:39:58","slug":"el-pampeano-acribillado-en-la-dictadura-junto-al-dueno-del-molino-werner","status":"publish","type":"post","link":"https:\/\/diariotextual.com\/inicio\/index.php\/2021\/03\/14\/el-pampeano-acribillado-en-la-dictadura-junto-al-dueno-del-molino-werner\/","title":{"rendered":"El pampeano acribillado en la dictadura junto al due\u00f1o del Molino Werner"},"content":{"rendered":"\n<h2 class=\"wp-block-heading\"><strong>Por Norberto G. Asquini<\/strong><\/h2>\n\n\n\n<p><\/p>\n\n\n\n<p>La historia de <strong>Jos\u00e9 Luis Escudero<\/strong>, un trabajador del<strong> Molino Werner<\/strong> en la d\u00e9cada de 1970, se conoc\u00eda entre sus ex compa\u00f1eras y compa\u00f1eros de trabajo, pero ahora toma otra dimensi\u00f3n. <strong>Es uno de los \u00faltimos 15 casos que el gobierno de La Pampa incorpor\u00f3 hace algunos d\u00edas a la lista de v\u00edctimas del terrorismo de Estado durante la dictadura c\u00edvico militar<\/strong>.<\/p>\n\n\n\n<p>Escudero <strong>no ten\u00eda militancia pol\u00edtica que lo hiciera foco de la represi\u00f3n ilegal, pero fue acribillado por una patrulla y su caso qued\u00f3 impune<\/strong>.<\/p>\n\n\n\n<p>Hab\u00eda nacido en Realic\u00f3 el 25 de febrero de 1946 y trabajaba para el Molino Werner. En 1977 ten\u00eda 31 a\u00f1os, estaba casado con Norma Mercedes G\u00f3mez y ten\u00edan dos hijos.<strong> El 9 de mayo de 1977 a las 20 horas fue baleado por personal del Ej\u00e9rcito y recibi\u00f3 unos diez tiros dentro del auto (un Valiant chapa B-379.539) que conduc\u00eda y que llevaba al due\u00f1o de la empresa, Emilio Werner, en el kil\u00f3metro 683 de la ruta nacional 3, en cercan\u00edas de Bah\u00eda Blanca.<\/strong><\/p>\n\n\n\n<p><\/p>\n\n\n\n<p><\/p>\n\n\n\n<p><\/p>\n\n\n\n<h3 class=\"wp-block-heading\">La versi\u00f3n oficial del asesinato<\/h3>\n\n\n\n<p>El periodista Diego Mart\u00ednez, quien indag\u00f3 sobre los a\u00f1os del Terrorismo de Estado en Bah\u00eda Blanca, dio con la documentaci\u00f3n sobre su caso.<\/p>\n\n\n\n<p>En el diario La Raz\u00f3n, del 10 de mayo de 1977, se indica la versi\u00f3n oficial que dieron las autoridades. Es la siguiente:<em> \u201cEn circunstancias en que se ejecutaba una operaci\u00f3n de control de rutas de acceso a la ciudad de Bah\u00eda Blanca, en la zona de la estaci\u00f3n de servicio barrio Patagonia, en cuyas cercan\u00edas se presum\u00eda una reuni\u00f3n de delincuentes subversivos, un veh\u00edculo que se desplazaba por la citada ruta continu\u00f3 la marcha, no obstante las reiteradas indicaciones de detenci\u00f3n. Como consecuencia de esta actitud imprudente, los integrantes de las patrullas, a cargo de un oficial, hicieron fuego sobre el mismo. Accidentalmente, otro veh\u00edculo que avanzaba delante del anterior fue alcanzado en un neum\u00e1tico, lo cual provoc\u00f3 un desplazamiento sobre la banquina, en donde se encontraba una fracci\u00f3n de seguridad, la que, ante circusntancias imprevista, interpretada como maniobra intencional, accion\u00f3 sus armas. Inmediatamente el jefe de patrulla pudo comprobar:<\/em><\/p>\n\n\n\n<p><em>\u201cQue en el primero de los veh\u00edculos se\u00f1alados (el que eludiera los controles) viajaban aparentemente tres personas, las que hicieron r\u00e1pido abandono del lugar, sin logr\u00e1rselas identificar.<\/em><\/p>\n\n\n\n<p><em>\u201cDe averiguaciones posteriores pudo comprobarse que en el Hospital Espa\u00f1ol se present\u00f3 una persona, probablemente uno de los ocupantes del citado rodado, quien dijo llamarse Marino Blandina, con domicilio en la avenida Alem sin n\u00famero, la que presentaba escoriaciones en el rostro de car\u00e1cter leve de las que luego de ser tratada en dicho nosocomio se retir\u00f3 a su domicilio. Se procura determinar su identidad y la del resto de los ocupantes del mismo.<\/em><\/p>\n\n\n\n<p><em>\u201cQue en el segundo de los veh\u00edculos nombrados viajaban Jos\u00e9 Luis Escudero, Emilio R. Werner y Hugo Fernando Colombato. El primero de los nombrados, conductor del veh\u00edculo, falleci\u00f3 mientras era atendido en el Hospital Municipal como consecuencia de las heridas de bala recibidas. El se\u00f1or Werner se encuentra internado en el Hospital Espa\u00f1ol con diagn\u00f3stico reservado, en tanto que el tercero de los nombrados result\u00f3 ileso. Ante hechos lamentables como el ocurrido este Comando de Zona recomienda una vez m\u00e1s a la poblaci\u00f3n la necesidad de respetar y obedecer las indicaciones de las fuerzas legales, cuya \u00fanica intenci\u00f3n en estas operaciones de control s\u00f3lo pretende la preservaci\u00f3n del orden y seguridad p\u00fablicos\u201d.<\/em><\/p>\n\n\n\n<p><\/p>\n\n\n\n<p><\/p>\n\n\n\n<p><\/p>\n\n\n\n<h3 class=\"wp-block-heading\">La causa judicial da algunas pistas<\/h3>\n\n\n\n<p>En la causa judicial, consultada por Mart\u00ednez, se indica que la ma\u00f1ana siguiente al sangriento hecho el comisario Alfredo Abel Fern\u00e1ndez, de la Polic\u00eda Federal, recibi\u00f3 el llamado del teniente coronel Jorge Mansueto Swendsen, que en estos \u00faltimos a\u00f1os ser\u00eda condenado por cr\u00edmenes de lesa humanidad en esa ciudad.<\/p>\n\n\n\n<p>El oficial del Ej\u00e9rcito le inform\u00f3 que en la estaci\u00f3n de servicio Patagonia, en circunstancias que fuerzas militares realizaban un control de automotores, a consecuencia de \u201cuna desinteligencia por parte del conductor de un rodado\u201d se hab\u00edan producido disparos con armas de fuego y que como resultado de ello hab\u00eda perdido la vida Escudero.<\/p>\n\n\n\n<p>La autopsia realizada por el m\u00e9dico Julio Silva de Murat detall\u00f3 en Escudero una \u00abherida por entrada de proyectil en la zona occipital derecha\u00bb, \u00abocho heridas por entrada de proyectiles en la zona circundante inferior a la herida anteriormente se\u00f1alada en zona interescapular\u201d y \u201cherida por entrada de proyectil en hombro derecho\u00bb, es decir por lo menos diez tiros.<\/p>\n\n\n\n<p>En la Justicia, la causa 218\/77 \u201cEscudero, Jos\u00e9 Luis su fallecimiento\u201d, fue archivada \u201ccomo de costumbre sin investigar\u201d, indica Mart\u00ednez al analizar la intervenci\u00f3n que tuvieron el teniente coronel y del secretario judicial Hugo Sierra y que fue similar en otros hechos similares. Del otro auto que hablaba la versi\u00f3n oficial, no hay datos.<strong> El asesinato de Escudero, quedar\u00eda impune.<\/strong><\/p>\n","protected":false},"excerpt":{"rendered":"<p>Por Norberto G. Asquini La historia de Jos\u00e9 Luis Escudero, un trabajador del Molino Werner en la d\u00e9cada de 1970, se conoc\u00eda entre sus ex compa\u00f1eras y compa\u00f1eros de trabajo,&hellip;<\/p>\n","protected":false},"author":3,"featured_media":137582,"comment_status":"closed","ping_status":"open","sticky":false,"template":"","format":"standard","meta":{"_acf_changed":false,"footnotes":""},"categories":[10,12],"tags":[255,5167,1949],"class_list":["post-137580","post","type-post","status-publish","format-standard","has-post-thumbnail","hentry","category-portada-2","category-sociedad","tag-dictadura","tag-escudero","tag-werner"],"acf":[],"yoast_head":"<!-- This site is optimized with the Yoast SEO plugin v27.5 - https:\/\/yoast.com\/product\/yoast-seo-wordpress\/ -->\n<title>El pampeano acribillado en la dictadura junto al due\u00f1o del Molino Werner - Diario Textual<\/title>\n<meta name=\"robots\" content=\"index, follow, max-snippet:-1, max-image-preview:large, max-video-preview:-1\" \/>\n<link rel=\"canonical\" href=\"https:\/\/diariotextual.com\/inicio\/index.php\/2021\/03\/14\/el-pampeano-acribillado-en-la-dictadura-junto-al-dueno-del-molino-werner\/\" \/>\n<meta property=\"og:locale\" content=\"es_ES\" \/>\n<meta property=\"og:type\" content=\"article\" \/>\n<meta property=\"og:title\" content=\"El pampeano acribillado en la dictadura junto al due\u00f1o del Molino Werner - Diario Textual\" \/>\n<meta property=\"og:description\" content=\"Por Norberto G. Asquini La historia de Jos\u00e9 Luis Escudero, un trabajador del Molino Werner en la d\u00e9cada de 1970, se conoc\u00eda entre sus ex compa\u00f1eras y compa\u00f1eros de trabajo,&hellip;\" \/>\n<meta property=\"og:url\" content=\"https:\/\/diariotextual.com\/inicio\/index.php\/2021\/03\/14\/el-pampeano-acribillado-en-la-dictadura-junto-al-dueno-del-molino-werner\/\" \/>\n<meta property=\"og:site_name\" content=\"Diario Textual\" \/>\n<meta property=\"article:publisher\" content=\"https:\/\/www.facebook.com\/eltextual\" \/>\n<meta property=\"article:published_time\" content=\"2021-03-14T11:56:23+00:00\" \/>\n<meta property=\"article:modified_time\" content=\"2021-03-14T15:39:58+00:00\" \/>\n<meta property=\"og:image\" content=\"https:\/\/diariotextual.com\/inicio\/wp-content\/uploads\/2021\/03\/escuderoasesinatobahiawerner01.jpg\" \/>\n\t<meta property=\"og:image:width\" content=\"882\" \/>\n\t<meta property=\"og:image:height\" content=\"604\" \/>\n\t<meta property=\"og:image:type\" content=\"image\/jpeg\" \/>\n<meta name=\"author\" content=\"Diario1 Diario1\" \/>\n<meta name=\"twitter:card\" content=\"summary_large_image\" \/>\n<meta name=\"twitter:creator\" content=\"@eltextual\" \/>\n<meta name=\"twitter:site\" content=\"@eltextual\" \/>\n<meta name=\"twitter:label1\" content=\"Escrito por\" \/>\n\t<meta name=\"twitter:data1\" content=\"Diario1 Diario1\" \/>\n\t<meta name=\"twitter:label2\" content=\"Tiempo de lectura\" \/>\n\t<meta name=\"twitter:data2\" content=\"4 minutos\" \/>\n<script type=\"application\/ld+json\" class=\"yoast-schema-graph\">{\"@context\":\"https:\\\/\\\/schema.org\",\"@graph\":[{\"@type\":\"Article\",\"@id\":\"https:\\\/\\\/diariotextual.com\\\/inicio\\\/index.php\\\/2021\\\/03\\\/14\\\/el-pampeano-acribillado-en-la-dictadura-junto-al-dueno-del-molino-werner\\\/#article\",\"isPartOf\":{\"@id\":\"https:\\\/\\\/diariotextual.com\\\/inicio\\\/index.php\\\/2021\\\/03\\\/14\\\/el-pampeano-acribillado-en-la-dictadura-junto-al-dueno-del-molino-werner\\\/\"},\"author\":{\"name\":\"Diario1 Diario1\",\"@id\":\"https:\\\/\\\/diariotextual.com\\\/inicio\\\/#\\\/schema\\\/person\\\/418fc4093c33e86ed41562db3508f958\"},\"headline\":\"El pampeano acribillado en la dictadura junto al due\u00f1o del Molino Werner\",\"datePublished\":\"2021-03-14T11:56:23+00:00\",\"dateModified\":\"2021-03-14T15:39:58+00:00\",\"mainEntityOfPage\":{\"@id\":\"https:\\\/\\\/diariotextual.com\\\/inicio\\\/index.php\\\/2021\\\/03\\\/14\\\/el-pampeano-acribillado-en-la-dictadura-junto-al-dueno-del-molino-werner\\\/\"},\"wordCount\":869,\"publisher\":{\"@id\":\"https:\\\/\\\/diariotextual.com\\\/inicio\\\/#organization\"},\"image\":{\"@id\":\"https:\\\/\\\/diariotextual.com\\\/inicio\\\/index.php\\\/2021\\\/03\\\/14\\\/el-pampeano-acribillado-en-la-dictadura-junto-al-dueno-del-molino-werner\\\/#primaryimage\"},\"thumbnailUrl\":\"https:\\\/\\\/diariotextual.com\\\/inicio\\\/wp-content\\\/uploads\\\/2021\\\/03\\\/escuderoasesinatobahiawerner01.jpg\",\"keywords\":[\"dictadura\",\"escudero\",\"werner\"],\"articleSection\":[\"A - PORTADA2\",\"SOCIEDAD\"],\"inLanguage\":\"es\"},{\"@type\":\"WebPage\",\"@id\":\"https:\\\/\\\/diariotextual.com\\\/inicio\\\/index.php\\\/2021\\\/03\\\/14\\\/el-pampeano-acribillado-en-la-dictadura-junto-al-dueno-del-molino-werner\\\/\",\"url\":\"https:\\\/\\\/diariotextual.com\\\/inicio\\\/index.php\\\/2021\\\/03\\\/14\\\/el-pampeano-acribillado-en-la-dictadura-junto-al-dueno-del-molino-werner\\\/\",\"name\":\"El pampeano acribillado en la dictadura junto al due\u00f1o del Molino Werner - Diario Textual\",\"isPartOf\":{\"@id\":\"https:\\\/\\\/diariotextual.com\\\/inicio\\\/#website\"},\"primaryImageOfPage\":{\"@id\":\"https:\\\/\\\/diariotextual.com\\\/inicio\\\/index.php\\\/2021\\\/03\\\/14\\\/el-pampeano-acribillado-en-la-dictadura-junto-al-dueno-del-molino-werner\\\/#primaryimage\"},\"image\":{\"@id\":\"https:\\\/\\\/diariotextual.com\\\/inicio\\\/index.php\\\/2021\\\/03\\\/14\\\/el-pampeano-acribillado-en-la-dictadura-junto-al-dueno-del-molino-werner\\\/#primaryimage\"},\"thumbnailUrl\":\"https:\\\/\\\/diariotextual.com\\\/inicio\\\/wp-content\\\/uploads\\\/2021\\\/03\\\/escuderoasesinatobahiawerner01.jpg\",\"datePublished\":\"2021-03-14T11:56:23+00:00\",\"dateModified\":\"2021-03-14T15:39:58+00:00\",\"breadcrumb\":{\"@id\":\"https:\\\/\\\/diariotextual.com\\\/inicio\\\/index.php\\\/2021\\\/03\\\/14\\\/el-pampeano-acribillado-en-la-dictadura-junto-al-dueno-del-molino-werner\\\/#breadcrumb\"},\"inLanguage\":\"es\",\"potentialAction\":[{\"@type\":\"ReadAction\",\"target\":[\"https:\\\/\\\/diariotextual.com\\\/inicio\\\/index.php\\\/2021\\\/03\\\/14\\\/el-pampeano-acribillado-en-la-dictadura-junto-al-dueno-del-molino-werner\\\/\"]}]},{\"@type\":\"ImageObject\",\"inLanguage\":\"es\",\"@id\":\"https:\\\/\\\/diariotextual.com\\\/inicio\\\/index.php\\\/2021\\\/03\\\/14\\\/el-pampeano-acribillado-en-la-dictadura-junto-al-dueno-del-molino-werner\\\/#primaryimage\",\"url\":\"https:\\\/\\\/diariotextual.com\\\/inicio\\\/wp-content\\\/uploads\\\/2021\\\/03\\\/escuderoasesinatobahiawerner01.jpg\",\"contentUrl\":\"https:\\\/\\\/diariotextual.com\\\/inicio\\\/wp-content\\\/uploads\\\/2021\\\/03\\\/escuderoasesinatobahiawerner01.jpg\",\"width\":882,\"height\":604},{\"@type\":\"BreadcrumbList\",\"@id\":\"https:\\\/\\\/diariotextual.com\\\/inicio\\\/index.php\\\/2021\\\/03\\\/14\\\/el-pampeano-acribillado-en-la-dictadura-junto-al-dueno-del-molino-werner\\\/#breadcrumb\",\"itemListElement\":[{\"@type\":\"ListItem\",\"position\":1,\"name\":\"Portada\",\"item\":\"https:\\\/\\\/diariotextual.com\\\/inicio\\\/\"},{\"@type\":\"ListItem\",\"position\":2,\"name\":\"El pampeano acribillado en la dictadura junto al due\u00f1o del Molino Werner\"}]},{\"@type\":\"WebSite\",\"@id\":\"https:\\\/\\\/diariotextual.com\\\/inicio\\\/#website\",\"url\":\"https:\\\/\\\/diariotextual.com\\\/inicio\\\/\",\"name\":\"Diario Textual\",\"description\":\"\",\"publisher\":{\"@id\":\"https:\\\/\\\/diariotextual.com\\\/inicio\\\/#organization\"},\"potentialAction\":[{\"@type\":\"SearchAction\",\"target\":{\"@type\":\"EntryPoint\",\"urlTemplate\":\"https:\\\/\\\/diariotextual.com\\\/inicio\\\/?s={search_term_string}\"},\"query-input\":{\"@type\":\"PropertyValueSpecification\",\"valueRequired\":true,\"valueName\":\"search_term_string\"}}],\"inLanguage\":\"es\"},{\"@type\":\"Organization\",\"@id\":\"https:\\\/\\\/diariotextual.com\\\/inicio\\\/#organization\",\"name\":\"Diario Textual\",\"url\":\"https:\\\/\\\/diariotextual.com\\\/inicio\\\/\",\"logo\":{\"@type\":\"ImageObject\",\"inLanguage\":\"es\",\"@id\":\"https:\\\/\\\/diariotextual.com\\\/inicio\\\/#\\\/schema\\\/logo\\\/image\\\/\",\"url\":\"https:\\\/\\\/diariotextual.com\\\/inicio\\\/wp-content\\\/uploads\\\/2023\\\/05\\\/logotextual1.jpg\",\"contentUrl\":\"https:\\\/\\\/diariotextual.com\\\/inicio\\\/wp-content\\\/uploads\\\/2023\\\/05\\\/logotextual1.jpg\",\"width\":516,\"height\":76,\"caption\":\"Diario Textual\"},\"image\":{\"@id\":\"https:\\\/\\\/diariotextual.com\\\/inicio\\\/#\\\/schema\\\/logo\\\/image\\\/\"},\"sameAs\":[\"https:\\\/\\\/www.facebook.com\\\/eltextual\",\"https:\\\/\\\/x.com\\\/eltextual\",\"http:\\\/\\\/www.instagram.com\\\/eltextual\"]},{\"@type\":\"Person\",\"@id\":\"https:\\\/\\\/diariotextual.com\\\/inicio\\\/#\\\/schema\\\/person\\\/418fc4093c33e86ed41562db3508f958\",\"name\":\"Diario1 Diario1\",\"image\":{\"@type\":\"ImageObject\",\"inLanguage\":\"es\",\"@id\":\"https:\\\/\\\/secure.gravatar.com\\\/avatar\\\/9167d280179c85bc18be67aa7eda765854300033af4896dd779b608640f2ef7a?s=96&d=mm&r=g\",\"url\":\"https:\\\/\\\/secure.gravatar.com\\\/avatar\\\/9167d280179c85bc18be67aa7eda765854300033af4896dd779b608640f2ef7a?s=96&d=mm&r=g\",\"contentUrl\":\"https:\\\/\\\/secure.gravatar.com\\\/avatar\\\/9167d280179c85bc18be67aa7eda765854300033af4896dd779b608640f2ef7a?s=96&d=mm&r=g\",\"caption\":\"Diario1 Diario1\"},\"url\":\"https:\\\/\\\/diariotextual.com\\\/inicio\\\/index.php\\\/author\\\/diario1\\\/\"}]}<\/script>\n<!-- \/ Yoast SEO plugin. -->","yoast_head_json":{"title":"El pampeano acribillado en la dictadura junto al due\u00f1o del Molino Werner - Diario Textual","robots":{"index":"index","follow":"follow","max-snippet":"max-snippet:-1","max-image-preview":"max-image-preview:large","max-video-preview":"max-video-preview:-1"},"canonical":"https:\/\/diariotextual.com\/inicio\/index.php\/2021\/03\/14\/el-pampeano-acribillado-en-la-dictadura-junto-al-dueno-del-molino-werner\/","og_locale":"es_ES","og_type":"article","og_title":"El pampeano acribillado en la dictadura junto al due\u00f1o del Molino Werner - Diario Textual","og_description":"Por Norberto G. Asquini La historia de Jos\u00e9 Luis Escudero, un trabajador del Molino Werner en la d\u00e9cada de 1970, se conoc\u00eda entre sus ex compa\u00f1eras y compa\u00f1eros de trabajo,&hellip;","og_url":"https:\/\/diariotextual.com\/inicio\/index.php\/2021\/03\/14\/el-pampeano-acribillado-en-la-dictadura-junto-al-dueno-del-molino-werner\/","og_site_name":"Diario Textual","article_publisher":"https:\/\/www.facebook.com\/eltextual","article_published_time":"2021-03-14T11:56:23+00:00","article_modified_time":"2021-03-14T15:39:58+00:00","og_image":[{"width":882,"height":604,"url":"https:\/\/diariotextual.com\/inicio\/wp-content\/uploads\/2021\/03\/escuderoasesinatobahiawerner01.jpg","type":"image\/jpeg"}],"author":"Diario1 Diario1","twitter_card":"summary_large_image","twitter_creator":"@eltextual","twitter_site":"@eltextual","twitter_misc":{"Escrito por":"Diario1 Diario1","Tiempo de lectura":"4 minutos"},"schema":{"@context":"https:\/\/schema.org","@graph":[{"@type":"Article","@id":"https:\/\/diariotextual.com\/inicio\/index.php\/2021\/03\/14\/el-pampeano-acribillado-en-la-dictadura-junto-al-dueno-del-molino-werner\/#article","isPartOf":{"@id":"https:\/\/diariotextual.com\/inicio\/index.php\/2021\/03\/14\/el-pampeano-acribillado-en-la-dictadura-junto-al-dueno-del-molino-werner\/"},"author":{"name":"Diario1 Diario1","@id":"https:\/\/diariotextual.com\/inicio\/#\/schema\/person\/418fc4093c33e86ed41562db3508f958"},"headline":"El pampeano acribillado en la dictadura junto al due\u00f1o del Molino Werner","datePublished":"2021-03-14T11:56:23+00:00","dateModified":"2021-03-14T15:39:58+00:00","mainEntityOfPage":{"@id":"https:\/\/diariotextual.com\/inicio\/index.php\/2021\/03\/14\/el-pampeano-acribillado-en-la-dictadura-junto-al-dueno-del-molino-werner\/"},"wordCount":869,"publisher":{"@id":"https:\/\/diariotextual.com\/inicio\/#organization"},"image":{"@id":"https:\/\/diariotextual.com\/inicio\/index.php\/2021\/03\/14\/el-pampeano-acribillado-en-la-dictadura-junto-al-dueno-del-molino-werner\/#primaryimage"},"thumbnailUrl":"https:\/\/diariotextual.com\/inicio\/wp-content\/uploads\/2021\/03\/escuderoasesinatobahiawerner01.jpg","keywords":["dictadura","escudero","werner"],"articleSection":["A - PORTADA2","SOCIEDAD"],"inLanguage":"es"},{"@type":"WebPage","@id":"https:\/\/diariotextual.com\/inicio\/index.php\/2021\/03\/14\/el-pampeano-acribillado-en-la-dictadura-junto-al-dueno-del-molino-werner\/","url":"https:\/\/diariotextual.com\/inicio\/index.php\/2021\/03\/14\/el-pampeano-acribillado-en-la-dictadura-junto-al-dueno-del-molino-werner\/","name":"El pampeano acribillado en la dictadura junto al due\u00f1o del Molino Werner - Diario Textual","isPartOf":{"@id":"https:\/\/diariotextual.com\/inicio\/#website"},"primaryImageOfPage":{"@id":"https:\/\/diariotextual.com\/inicio\/index.php\/2021\/03\/14\/el-pampeano-acribillado-en-la-dictadura-junto-al-dueno-del-molino-werner\/#primaryimage"},"image":{"@id":"https:\/\/diariotextual.com\/inicio\/index.php\/2021\/03\/14\/el-pampeano-acribillado-en-la-dictadura-junto-al-dueno-del-molino-werner\/#primaryimage"},"thumbnailUrl":"https:\/\/diariotextual.com\/inicio\/wp-content\/uploads\/2021\/03\/escuderoasesinatobahiawerner01.jpg","datePublished":"2021-03-14T11:56:23+00:00","dateModified":"2021-03-14T15:39:58+00:00","breadcrumb":{"@id":"https:\/\/diariotextual.com\/inicio\/index.php\/2021\/03\/14\/el-pampeano-acribillado-en-la-dictadura-junto-al-dueno-del-molino-werner\/#breadcrumb"},"inLanguage":"es","potentialAction":[{"@type":"ReadAction","target":["https:\/\/diariotextual.com\/inicio\/index.php\/2021\/03\/14\/el-pampeano-acribillado-en-la-dictadura-junto-al-dueno-del-molino-werner\/"]}]},{"@type":"ImageObject","inLanguage":"es","@id":"https:\/\/diariotextual.com\/inicio\/index.php\/2021\/03\/14\/el-pampeano-acribillado-en-la-dictadura-junto-al-dueno-del-molino-werner\/#primaryimage","url":"https:\/\/diariotextual.com\/inicio\/wp-content\/uploads\/2021\/03\/escuderoasesinatobahiawerner01.jpg","contentUrl":"https:\/\/diariotextual.com\/inicio\/wp-content\/uploads\/2021\/03\/escuderoasesinatobahiawerner01.jpg","width":882,"height":604},{"@type":"BreadcrumbList","@id":"https:\/\/diariotextual.com\/inicio\/index.php\/2021\/03\/14\/el-pampeano-acribillado-en-la-dictadura-junto-al-dueno-del-molino-werner\/#breadcrumb","itemListElement":[{"@type":"ListItem","position":1,"name":"Portada","item":"https:\/\/diariotextual.com\/inicio\/"},{"@type":"ListItem","position":2,"name":"El pampeano acribillado en la dictadura junto al due\u00f1o del Molino Werner"}]},{"@type":"WebSite","@id":"https:\/\/diariotextual.com\/inicio\/#website","url":"https:\/\/diariotextual.com\/inicio\/","name":"Diario Textual","description":"","publisher":{"@id":"https:\/\/diariotextual.com\/inicio\/#organization"},"potentialAction":[{"@type":"SearchAction","target":{"@type":"EntryPoint","urlTemplate":"https:\/\/diariotextual.com\/inicio\/?s={search_term_string}"},"query-input":{"@type":"PropertyValueSpecification","valueRequired":true,"valueName":"search_term_string"}}],"inLanguage":"es"},{"@type":"Organization","@id":"https:\/\/diariotextual.com\/inicio\/#organization","name":"Diario Textual","url":"https:\/\/diariotextual.com\/inicio\/","logo":{"@type":"ImageObject","inLanguage":"es","@id":"https:\/\/diariotextual.com\/inicio\/#\/schema\/logo\/image\/","url":"https:\/\/diariotextual.com\/inicio\/wp-content\/uploads\/2023\/05\/logotextual1.jpg","contentUrl":"https:\/\/diariotextual.com\/inicio\/wp-content\/uploads\/2023\/05\/logotextual1.jpg","width":516,"height":76,"caption":"Diario Textual"},"image":{"@id":"https:\/\/diariotextual.com\/inicio\/#\/schema\/logo\/image\/"},"sameAs":["https:\/\/www.facebook.com\/eltextual","https:\/\/x.com\/eltextual","http:\/\/www.instagram.com\/eltextual"]},{"@type":"Person","@id":"https:\/\/diariotextual.com\/inicio\/#\/schema\/person\/418fc4093c33e86ed41562db3508f958","name":"Diario1 Diario1","image":{"@type":"ImageObject","inLanguage":"es","@id":"https:\/\/secure.gravatar.com\/avatar\/9167d280179c85bc18be67aa7eda765854300033af4896dd779b608640f2ef7a?s=96&d=mm&r=g","url":"https:\/\/secure.gravatar.com\/avatar\/9167d280179c85bc18be67aa7eda765854300033af4896dd779b608640f2ef7a?s=96&d=mm&r=g","contentUrl":"https:\/\/secure.gravatar.com\/avatar\/9167d280179c85bc18be67aa7eda765854300033af4896dd779b608640f2ef7a?s=96&d=mm&r=g","caption":"Diario1 Diario1"},"url":"https:\/\/diariotextual.com\/inicio\/index.php\/author\/diario1\/"}]}},"_links":{"self":[{"href":"https:\/\/diariotextual.com\/inicio\/index.php\/wp-json\/wp\/v2\/posts\/137580","targetHints":{"allow":["GET"]}}],"collection":[{"href":"https:\/\/diariotextual.com\/inicio\/index.php\/wp-json\/wp\/v2\/posts"}],"about":[{"href":"https:\/\/diariotextual.com\/inicio\/index.php\/wp-json\/wp\/v2\/types\/post"}],"author":[{"embeddable":true,"href":"https:\/\/diariotextual.com\/inicio\/index.php\/wp-json\/wp\/v2\/users\/3"}],"replies":[{"embeddable":true,"href":"https:\/\/diariotextual.com\/inicio\/index.php\/wp-json\/wp\/v2\/comments?post=137580"}],"version-history":[{"count":3,"href":"https:\/\/diariotextual.com\/inicio\/index.php\/wp-json\/wp\/v2\/posts\/137580\/revisions"}],"predecessor-version":[{"id":137585,"href":"https:\/\/diariotextual.com\/inicio\/index.php\/wp-json\/wp\/v2\/posts\/137580\/revisions\/137585"}],"wp:featuredmedia":[{"embeddable":true,"href":"https:\/\/diariotextual.com\/inicio\/index.php\/wp-json\/wp\/v2\/media\/137582"}],"wp:attachment":[{"href":"https:\/\/diariotextual.com\/inicio\/index.php\/wp-json\/wp\/v2\/media?parent=137580"}],"wp:term":[{"taxonomy":"category","embeddable":true,"href":"https:\/\/diariotextual.com\/inicio\/index.php\/wp-json\/wp\/v2\/categories?post=137580"},{"taxonomy":"post_tag","embeddable":true,"href":"https:\/\/diariotextual.com\/inicio\/index.php\/wp-json\/wp\/v2\/tags?post=137580"}],"curies":[{"name":"wp","href":"https:\/\/api.w.org\/{rel}","templated":true}]}}