{"id":137698,"date":"2021-03-15T09:10:46","date_gmt":"2021-03-15T12:10:46","guid":{"rendered":"http:\/\/diariotextual.com\/inicio\/?p=137698"},"modified":"2021-03-16T09:35:11","modified_gmt":"2021-03-16T12:35:11","slug":"llevo-a-sus-hijos-a-vivir-a-una-casilla-para-que-puedan-estudiar-en-la-epet-de-realico","status":"publish","type":"post","link":"https:\/\/diariotextual.com\/inicio\/index.php\/2021\/03\/15\/llevo-a-sus-hijos-a-vivir-a-una-casilla-para-que-puedan-estudiar-en-la-epet-de-realico\/","title":{"rendered":"Sin internados, llev\u00f3 a sus hijos a vivir a una casilla para que puedan estudiar en Realic\u00f3"},"content":{"rendered":"\n<p>La Pampa a\u00fan no habilit\u00f3 los internados en los colegios secundarios y ha generado inconvenientes en estudiantes de otras provincias.<\/p>\n\n\n\n<p>Ahora <strong>Javier Gazzera<\/strong>, un vecino de Del Campillo, localidad ubicada al sur de la provincia de C\u00f3rdoba, decidi\u00f3 instalar una casilla en un terreno en Realic\u00f3 para que vivan sus hijos de 14 a\u00f1os y puedan cursar en la Epet. \u201cNecesitamos que los chicos estudien\u201d, reclam\u00f3.<\/p>\n\n\n\n<p>En Realic\u00f3, la situaci\u00f3n afecta a los internados de la Epet y del Colegio Agropecuario.<\/p>\n\n\n\n<figure class=\"wp-block-embed is-type-wp-embed is-provider-diario-textual wp-block-embed-diario-textual\"><div class=\"wp-block-embed__wrapper\">\n<blockquote class=\"wp-embedded-content\" data-secret=\"T51Cw61Z7F\"><a href=\"http:\/\/diariotextual.com\/inicio\/index.php\/2021\/03\/05\/la-provincia-se-olvido-de-los-colegios-con-internados-dice-el-pro\/\">\u201cLa Provincia se olvid\u00f3 de los colegios con internados\u201d, dice el PRO<\/a><\/blockquote><iframe class=\"wp-embedded-content\" sandbox=\"allow-scripts\" security=\"restricted\" style=\"position: absolute; clip: rect(1px, 1px, 1px, 1px);\" title=\"\u00ab\u201cLa Provincia se olvid\u00f3 de los colegios con internados\u201d, dice el PRO\u00bb \u2014 Diario Textual\" src=\"http:\/\/diariotextual.com\/inicio\/index.php\/2021\/03\/05\/la-provincia-se-olvido-de-los-colegios-con-internados-dice-el-pro\/embed\/#?secret=T51Cw61Z7F\" data-secret=\"T51Cw61Z7F\" width=\"600\" height=\"338\" frameborder=\"0\" marginwidth=\"0\" marginheight=\"0\" scrolling=\"no\"><\/iframe>\n<\/div><\/figure>\n\n\n\n<p>Javier cont\u00f3 que una familia amiga de Realic\u00f3 le ofreci\u00f3 un predio y ellos no dudaron: trajeron una casilla y la acondicionaron para que sus hijos vivan durante la semana y de esa forma puedan ir a clase en la Epet.<\/p>\n\n\n\n<p>\u201cDel Campillo est\u00e1 a 90 kil\u00f3metros de Realic\u00f3. Mis hijos, ambos de 14 a\u00f1os, cursan cuarto a\u00f1o de la Epet y como no habilitaron el internado y no tenemos transporte los \u00edbamos a dejar en el pueblo, pero ellos no quisieron porque en la Epet tienen a sus amigos. Hablamos con una gente amiga y nos ofreci\u00f3 un predio, entonces trajimos la casilla y viajamos dos veces a la semanas, los lunes los traemos y los viernes los venimos a buscar\u201d, cont\u00f3 Javier al portal Infotec.<\/p>\n\n\n\n<p>\u201cTomamos todas las precauciones, tenemos la confianza de esta gente que nos prest\u00f3 el lugar, que adem\u00e1s los cuida\u201d, agreg\u00f3. <\/p>\n\n\n\n<p>Seg\u00fan dijo el vecino, no es la \u00fanica situaci\u00f3n que se da con adolescentes que son de otras localidades y estudian en la Epet. \u201cSabemos que hay profesores y otras familias que albergan a los chicos que tienen que estudiar. Necesitamos que los chicos estudien\u201d, reclam\u00f3.<\/p>\n\n\n\n<p>Esta situaci\u00f3n se produce porque a\u00fan no fueron habilitados los protocolos para el funcionamiento de los colegios con estudiantes internados. <\/p>\n\n\n\n<p>El tema fue planteado p\u00fablicamente por el rector del Colegio Agropecuario de Realic\u00f3, Marcelo Montani, quien alert\u00f3 que si no se habilitan en el corto plazo, podr\u00edan cerrar sus puertas luego de 50 a\u00f1os de trayectoria.<\/p>\n\n\n\n<p>Dos diputados opositores, Mar\u00eda Laura Trapaglia y Eduardo Pepa, del PRO, se sumaron al reclamo y pidieron una \u201cr\u00e1pida respuesta\u201d del Ministerio de Educaci\u00f3n a los padres y sobre todo a los alumnos. <\/p>\n\n\n\n<p><\/p>\n","protected":false},"excerpt":{"rendered":"<p>La Pampa a\u00fan no habilit\u00f3 los internados en los colegios secundarios y ha generado inconvenientes en estudiantes de otras provincias. Ahora Javier Gazzera, un vecino de Del Campillo, localidad ubicada&hellip;<\/p>\n","protected":false},"author":7,"featured_media":137699,"comment_status":"closed","ping_status":"open","sticky":false,"template":"","format":"standard","meta":{"_acf_changed":false,"footnotes":""},"categories":[11,12],"tags":[1297,5176,5175],"class_list":["post-137698","post","type-post","status-publish","format-standard","has-post-thumbnail","hentry","category-que-pasa","category-sociedad","tag-casilla","tag-epet-realico","tag-internados"],"acf":[],"yoast_head":"<!-- This site is optimized with the Yoast SEO plugin v27.5 - https:\/\/yoast.com\/product\/yoast-seo-wordpress\/ -->\n<title>Sin internados, llev\u00f3 a sus hijos a vivir a una casilla para que puedan estudiar en Realic\u00f3 - Diario Textual<\/title>\n<meta name=\"robots\" content=\"index, follow, max-snippet:-1, max-image-preview:large, max-video-preview:-1\" \/>\n<link rel=\"canonical\" href=\"https:\/\/diariotextual.com\/inicio\/index.php\/2021\/03\/15\/llevo-a-sus-hijos-a-vivir-a-una-casilla-para-que-puedan-estudiar-en-la-epet-de-realico\/\" \/>\n<meta property=\"og:locale\" content=\"es_ES\" \/>\n<meta property=\"og:type\" content=\"article\" \/>\n<meta property=\"og:title\" content=\"Sin internados, llev\u00f3 a sus hijos a vivir a una casilla para que puedan estudiar en Realic\u00f3 - Diario Textual\" \/>\n<meta property=\"og:description\" content=\"La Pampa a\u00fan no habilit\u00f3 los internados en los colegios secundarios y ha generado inconvenientes en estudiantes de otras provincias. Ahora Javier Gazzera, un vecino de Del Campillo, localidad ubicada&hellip;\" \/>\n<meta property=\"og:url\" content=\"https:\/\/diariotextual.com\/inicio\/index.php\/2021\/03\/15\/llevo-a-sus-hijos-a-vivir-a-una-casilla-para-que-puedan-estudiar-en-la-epet-de-realico\/\" \/>\n<meta property=\"og:site_name\" content=\"Diario Textual\" \/>\n<meta property=\"article:publisher\" content=\"https:\/\/www.facebook.com\/eltextual\" \/>\n<meta property=\"article:published_time\" content=\"2021-03-15T12:10:46+00:00\" \/>\n<meta property=\"article:modified_time\" content=\"2021-03-16T12:35:11+00:00\" \/>\n<meta property=\"og:image\" content=\"https:\/\/diariotextual.com\/inicio\/wp-content\/uploads\/2021\/03\/gazzerajavierpapadelcampillo.jpg\" \/>\n\t<meta property=\"og:image:width\" content=\"955\" \/>\n\t<meta property=\"og:image:height\" content=\"488\" \/>\n\t<meta property=\"og:image:type\" content=\"image\/jpeg\" \/>\n<meta name=\"author\" content=\"diario5\" \/>\n<meta name=\"twitter:card\" content=\"summary_large_image\" \/>\n<meta name=\"twitter:creator\" content=\"@eltextual\" \/>\n<meta name=\"twitter:site\" content=\"@eltextual\" \/>\n<meta name=\"twitter:label1\" content=\"Escrito por\" \/>\n\t<meta name=\"twitter:data1\" content=\"diario5\" \/>\n\t<meta name=\"twitter:label2\" content=\"Tiempo de lectura\" \/>\n\t<meta name=\"twitter:data2\" content=\"2 minutos\" \/>\n<script type=\"application\/ld+json\" class=\"yoast-schema-graph\">{\"@context\":\"https:\\\/\\\/schema.org\",\"@graph\":[{\"@type\":\"Article\",\"@id\":\"https:\\\/\\\/diariotextual.com\\\/inicio\\\/index.php\\\/2021\\\/03\\\/15\\\/llevo-a-sus-hijos-a-vivir-a-una-casilla-para-que-puedan-estudiar-en-la-epet-de-realico\\\/#article\",\"isPartOf\":{\"@id\":\"https:\\\/\\\/diariotextual.com\\\/inicio\\\/index.php\\\/2021\\\/03\\\/15\\\/llevo-a-sus-hijos-a-vivir-a-una-casilla-para-que-puedan-estudiar-en-la-epet-de-realico\\\/\"},\"author\":{\"name\":\"diario5\",\"@id\":\"https:\\\/\\\/diariotextual.com\\\/inicio\\\/#\\\/schema\\\/person\\\/c7834961ad8b29b1d9cdbf4571299067\"},\"headline\":\"Sin internados, llev\u00f3 a sus hijos a vivir a una casilla para que puedan estudiar en Realic\u00f3\",\"datePublished\":\"2021-03-15T12:10:46+00:00\",\"dateModified\":\"2021-03-16T12:35:11+00:00\",\"mainEntityOfPage\":{\"@id\":\"https:\\\/\\\/diariotextual.com\\\/inicio\\\/index.php\\\/2021\\\/03\\\/15\\\/llevo-a-sus-hijos-a-vivir-a-una-casilla-para-que-puedan-estudiar-en-la-epet-de-realico\\\/\"},\"wordCount\":401,\"publisher\":{\"@id\":\"https:\\\/\\\/diariotextual.com\\\/inicio\\\/#organization\"},\"image\":{\"@id\":\"https:\\\/\\\/diariotextual.com\\\/inicio\\\/index.php\\\/2021\\\/03\\\/15\\\/llevo-a-sus-hijos-a-vivir-a-una-casilla-para-que-puedan-estudiar-en-la-epet-de-realico\\\/#primaryimage\"},\"thumbnailUrl\":\"https:\\\/\\\/diariotextual.com\\\/inicio\\\/wp-content\\\/uploads\\\/2021\\\/03\\\/gazzerajavierpapadelcampillo.jpg\",\"keywords\":[\"casilla\",\"epet realic\u00f3\",\"internados\"],\"articleSection\":[\"A - QUE PASA (al costado)\",\"SOCIEDAD\"],\"inLanguage\":\"es\"},{\"@type\":\"WebPage\",\"@id\":\"https:\\\/\\\/diariotextual.com\\\/inicio\\\/index.php\\\/2021\\\/03\\\/15\\\/llevo-a-sus-hijos-a-vivir-a-una-casilla-para-que-puedan-estudiar-en-la-epet-de-realico\\\/\",\"url\":\"https:\\\/\\\/diariotextual.com\\\/inicio\\\/index.php\\\/2021\\\/03\\\/15\\\/llevo-a-sus-hijos-a-vivir-a-una-casilla-para-que-puedan-estudiar-en-la-epet-de-realico\\\/\",\"name\":\"Sin internados, llev\u00f3 a sus hijos a vivir a una casilla para que puedan estudiar en Realic\u00f3 - Diario Textual\",\"isPartOf\":{\"@id\":\"https:\\\/\\\/diariotextual.com\\\/inicio\\\/#website\"},\"primaryImageOfPage\":{\"@id\":\"https:\\\/\\\/diariotextual.com\\\/inicio\\\/index.php\\\/2021\\\/03\\\/15\\\/llevo-a-sus-hijos-a-vivir-a-una-casilla-para-que-puedan-estudiar-en-la-epet-de-realico\\\/#primaryimage\"},\"image\":{\"@id\":\"https:\\\/\\\/diariotextual.com\\\/inicio\\\/index.php\\\/2021\\\/03\\\/15\\\/llevo-a-sus-hijos-a-vivir-a-una-casilla-para-que-puedan-estudiar-en-la-epet-de-realico\\\/#primaryimage\"},\"thumbnailUrl\":\"https:\\\/\\\/diariotextual.com\\\/inicio\\\/wp-content\\\/uploads\\\/2021\\\/03\\\/gazzerajavierpapadelcampillo.jpg\",\"datePublished\":\"2021-03-15T12:10:46+00:00\",\"dateModified\":\"2021-03-16T12:35:11+00:00\",\"breadcrumb\":{\"@id\":\"https:\\\/\\\/diariotextual.com\\\/inicio\\\/index.php\\\/2021\\\/03\\\/15\\\/llevo-a-sus-hijos-a-vivir-a-una-casilla-para-que-puedan-estudiar-en-la-epet-de-realico\\\/#breadcrumb\"},\"inLanguage\":\"es\",\"potentialAction\":[{\"@type\":\"ReadAction\",\"target\":[\"https:\\\/\\\/diariotextual.com\\\/inicio\\\/index.php\\\/2021\\\/03\\\/15\\\/llevo-a-sus-hijos-a-vivir-a-una-casilla-para-que-puedan-estudiar-en-la-epet-de-realico\\\/\"]}]},{\"@type\":\"ImageObject\",\"inLanguage\":\"es\",\"@id\":\"https:\\\/\\\/diariotextual.com\\\/inicio\\\/index.php\\\/2021\\\/03\\\/15\\\/llevo-a-sus-hijos-a-vivir-a-una-casilla-para-que-puedan-estudiar-en-la-epet-de-realico\\\/#primaryimage\",\"url\":\"https:\\\/\\\/diariotextual.com\\\/inicio\\\/wp-content\\\/uploads\\\/2021\\\/03\\\/gazzerajavierpapadelcampillo.jpg\",\"contentUrl\":\"https:\\\/\\\/diariotextual.com\\\/inicio\\\/wp-content\\\/uploads\\\/2021\\\/03\\\/gazzerajavierpapadelcampillo.jpg\",\"width\":955,\"height\":488},{\"@type\":\"BreadcrumbList\",\"@id\":\"https:\\\/\\\/diariotextual.com\\\/inicio\\\/index.php\\\/2021\\\/03\\\/15\\\/llevo-a-sus-hijos-a-vivir-a-una-casilla-para-que-puedan-estudiar-en-la-epet-de-realico\\\/#breadcrumb\",\"itemListElement\":[{\"@type\":\"ListItem\",\"position\":1,\"name\":\"Portada\",\"item\":\"https:\\\/\\\/diariotextual.com\\\/inicio\\\/\"},{\"@type\":\"ListItem\",\"position\":2,\"name\":\"Sin internados, llev\u00f3 a sus hijos a vivir a una casilla para que puedan estudiar en Realic\u00f3\"}]},{\"@type\":\"WebSite\",\"@id\":\"https:\\\/\\\/diariotextual.com\\\/inicio\\\/#website\",\"url\":\"https:\\\/\\\/diariotextual.com\\\/inicio\\\/\",\"name\":\"Diario Textual\",\"description\":\"\",\"publisher\":{\"@id\":\"https:\\\/\\\/diariotextual.com\\\/inicio\\\/#organization\"},\"potentialAction\":[{\"@type\":\"SearchAction\",\"target\":{\"@type\":\"EntryPoint\",\"urlTemplate\":\"https:\\\/\\\/diariotextual.com\\\/inicio\\\/?s={search_term_string}\"},\"query-input\":{\"@type\":\"PropertyValueSpecification\",\"valueRequired\":true,\"valueName\":\"search_term_string\"}}],\"inLanguage\":\"es\"},{\"@type\":\"Organization\",\"@id\":\"https:\\\/\\\/diariotextual.com\\\/inicio\\\/#organization\",\"name\":\"Diario Textual\",\"url\":\"https:\\\/\\\/diariotextual.com\\\/inicio\\\/\",\"logo\":{\"@type\":\"ImageObject\",\"inLanguage\":\"es\",\"@id\":\"https:\\\/\\\/diariotextual.com\\\/inicio\\\/#\\\/schema\\\/logo\\\/image\\\/\",\"url\":\"https:\\\/\\\/diariotextual.com\\\/inicio\\\/wp-content\\\/uploads\\\/2023\\\/05\\\/logotextual1.jpg\",\"contentUrl\":\"https:\\\/\\\/diariotextual.com\\\/inicio\\\/wp-content\\\/uploads\\\/2023\\\/05\\\/logotextual1.jpg\",\"width\":516,\"height\":76,\"caption\":\"Diario Textual\"},\"image\":{\"@id\":\"https:\\\/\\\/diariotextual.com\\\/inicio\\\/#\\\/schema\\\/logo\\\/image\\\/\"},\"sameAs\":[\"https:\\\/\\\/www.facebook.com\\\/eltextual\",\"https:\\\/\\\/x.com\\\/eltextual\",\"http:\\\/\\\/www.instagram.com\\\/eltextual\"]},{\"@type\":\"Person\",\"@id\":\"https:\\\/\\\/diariotextual.com\\\/inicio\\\/#\\\/schema\\\/person\\\/c7834961ad8b29b1d9cdbf4571299067\",\"name\":\"diario5\",\"image\":{\"@type\":\"ImageObject\",\"inLanguage\":\"es\",\"@id\":\"https:\\\/\\\/secure.gravatar.com\\\/avatar\\\/948c893b847ca6df68216ead81b63f363408ec9b0f600fefc0641ce78613b111?s=96&d=mm&r=g\",\"url\":\"https:\\\/\\\/secure.gravatar.com\\\/avatar\\\/948c893b847ca6df68216ead81b63f363408ec9b0f600fefc0641ce78613b111?s=96&d=mm&r=g\",\"contentUrl\":\"https:\\\/\\\/secure.gravatar.com\\\/avatar\\\/948c893b847ca6df68216ead81b63f363408ec9b0f600fefc0641ce78613b111?s=96&d=mm&r=g\",\"caption\":\"diario5\"},\"url\":\"https:\\\/\\\/diariotextual.com\\\/inicio\\\/index.php\\\/author\\\/diario5\\\/\"}]}<\/script>\n<!-- \/ Yoast SEO plugin. -->","yoast_head_json":{"title":"Sin internados, llev\u00f3 a sus hijos a vivir a una casilla para que puedan estudiar en Realic\u00f3 - Diario Textual","robots":{"index":"index","follow":"follow","max-snippet":"max-snippet:-1","max-image-preview":"max-image-preview:large","max-video-preview":"max-video-preview:-1"},"canonical":"https:\/\/diariotextual.com\/inicio\/index.php\/2021\/03\/15\/llevo-a-sus-hijos-a-vivir-a-una-casilla-para-que-puedan-estudiar-en-la-epet-de-realico\/","og_locale":"es_ES","og_type":"article","og_title":"Sin internados, llev\u00f3 a sus hijos a vivir a una casilla para que puedan estudiar en Realic\u00f3 - Diario Textual","og_description":"La Pampa a\u00fan no habilit\u00f3 los internados en los colegios secundarios y ha generado inconvenientes en estudiantes de otras provincias. Ahora Javier Gazzera, un vecino de Del Campillo, localidad ubicada&hellip;","og_url":"https:\/\/diariotextual.com\/inicio\/index.php\/2021\/03\/15\/llevo-a-sus-hijos-a-vivir-a-una-casilla-para-que-puedan-estudiar-en-la-epet-de-realico\/","og_site_name":"Diario Textual","article_publisher":"https:\/\/www.facebook.com\/eltextual","article_published_time":"2021-03-15T12:10:46+00:00","article_modified_time":"2021-03-16T12:35:11+00:00","og_image":[{"width":955,"height":488,"url":"https:\/\/diariotextual.com\/inicio\/wp-content\/uploads\/2021\/03\/gazzerajavierpapadelcampillo.jpg","type":"image\/jpeg"}],"author":"diario5","twitter_card":"summary_large_image","twitter_creator":"@eltextual","twitter_site":"@eltextual","twitter_misc":{"Escrito por":"diario5","Tiempo de lectura":"2 minutos"},"schema":{"@context":"https:\/\/schema.org","@graph":[{"@type":"Article","@id":"https:\/\/diariotextual.com\/inicio\/index.php\/2021\/03\/15\/llevo-a-sus-hijos-a-vivir-a-una-casilla-para-que-puedan-estudiar-en-la-epet-de-realico\/#article","isPartOf":{"@id":"https:\/\/diariotextual.com\/inicio\/index.php\/2021\/03\/15\/llevo-a-sus-hijos-a-vivir-a-una-casilla-para-que-puedan-estudiar-en-la-epet-de-realico\/"},"author":{"name":"diario5","@id":"https:\/\/diariotextual.com\/inicio\/#\/schema\/person\/c7834961ad8b29b1d9cdbf4571299067"},"headline":"Sin internados, llev\u00f3 a sus hijos a vivir a una casilla para que puedan estudiar en Realic\u00f3","datePublished":"2021-03-15T12:10:46+00:00","dateModified":"2021-03-16T12:35:11+00:00","mainEntityOfPage":{"@id":"https:\/\/diariotextual.com\/inicio\/index.php\/2021\/03\/15\/llevo-a-sus-hijos-a-vivir-a-una-casilla-para-que-puedan-estudiar-en-la-epet-de-realico\/"},"wordCount":401,"publisher":{"@id":"https:\/\/diariotextual.com\/inicio\/#organization"},"image":{"@id":"https:\/\/diariotextual.com\/inicio\/index.php\/2021\/03\/15\/llevo-a-sus-hijos-a-vivir-a-una-casilla-para-que-puedan-estudiar-en-la-epet-de-realico\/#primaryimage"},"thumbnailUrl":"https:\/\/diariotextual.com\/inicio\/wp-content\/uploads\/2021\/03\/gazzerajavierpapadelcampillo.jpg","keywords":["casilla","epet realic\u00f3","internados"],"articleSection":["A - QUE PASA (al costado)","SOCIEDAD"],"inLanguage":"es"},{"@type":"WebPage","@id":"https:\/\/diariotextual.com\/inicio\/index.php\/2021\/03\/15\/llevo-a-sus-hijos-a-vivir-a-una-casilla-para-que-puedan-estudiar-en-la-epet-de-realico\/","url":"https:\/\/diariotextual.com\/inicio\/index.php\/2021\/03\/15\/llevo-a-sus-hijos-a-vivir-a-una-casilla-para-que-puedan-estudiar-en-la-epet-de-realico\/","name":"Sin internados, llev\u00f3 a sus hijos a vivir a una casilla para que puedan estudiar en Realic\u00f3 - Diario Textual","isPartOf":{"@id":"https:\/\/diariotextual.com\/inicio\/#website"},"primaryImageOfPage":{"@id":"https:\/\/diariotextual.com\/inicio\/index.php\/2021\/03\/15\/llevo-a-sus-hijos-a-vivir-a-una-casilla-para-que-puedan-estudiar-en-la-epet-de-realico\/#primaryimage"},"image":{"@id":"https:\/\/diariotextual.com\/inicio\/index.php\/2021\/03\/15\/llevo-a-sus-hijos-a-vivir-a-una-casilla-para-que-puedan-estudiar-en-la-epet-de-realico\/#primaryimage"},"thumbnailUrl":"https:\/\/diariotextual.com\/inicio\/wp-content\/uploads\/2021\/03\/gazzerajavierpapadelcampillo.jpg","datePublished":"2021-03-15T12:10:46+00:00","dateModified":"2021-03-16T12:35:11+00:00","breadcrumb":{"@id":"https:\/\/diariotextual.com\/inicio\/index.php\/2021\/03\/15\/llevo-a-sus-hijos-a-vivir-a-una-casilla-para-que-puedan-estudiar-en-la-epet-de-realico\/#breadcrumb"},"inLanguage":"es","potentialAction":[{"@type":"ReadAction","target":["https:\/\/diariotextual.com\/inicio\/index.php\/2021\/03\/15\/llevo-a-sus-hijos-a-vivir-a-una-casilla-para-que-puedan-estudiar-en-la-epet-de-realico\/"]}]},{"@type":"ImageObject","inLanguage":"es","@id":"https:\/\/diariotextual.com\/inicio\/index.php\/2021\/03\/15\/llevo-a-sus-hijos-a-vivir-a-una-casilla-para-que-puedan-estudiar-en-la-epet-de-realico\/#primaryimage","url":"https:\/\/diariotextual.com\/inicio\/wp-content\/uploads\/2021\/03\/gazzerajavierpapadelcampillo.jpg","contentUrl":"https:\/\/diariotextual.com\/inicio\/wp-content\/uploads\/2021\/03\/gazzerajavierpapadelcampillo.jpg","width":955,"height":488},{"@type":"BreadcrumbList","@id":"https:\/\/diariotextual.com\/inicio\/index.php\/2021\/03\/15\/llevo-a-sus-hijos-a-vivir-a-una-casilla-para-que-puedan-estudiar-en-la-epet-de-realico\/#breadcrumb","itemListElement":[{"@type":"ListItem","position":1,"name":"Portada","item":"https:\/\/diariotextual.com\/inicio\/"},{"@type":"ListItem","position":2,"name":"Sin internados, llev\u00f3 a sus hijos a vivir a una casilla para que puedan estudiar en Realic\u00f3"}]},{"@type":"WebSite","@id":"https:\/\/diariotextual.com\/inicio\/#website","url":"https:\/\/diariotextual.com\/inicio\/","name":"Diario Textual","description":"","publisher":{"@id":"https:\/\/diariotextual.com\/inicio\/#organization"},"potentialAction":[{"@type":"SearchAction","target":{"@type":"EntryPoint","urlTemplate":"https:\/\/diariotextual.com\/inicio\/?s={search_term_string}"},"query-input":{"@type":"PropertyValueSpecification","valueRequired":true,"valueName":"search_term_string"}}],"inLanguage":"es"},{"@type":"Organization","@id":"https:\/\/diariotextual.com\/inicio\/#organization","name":"Diario Textual","url":"https:\/\/diariotextual.com\/inicio\/","logo":{"@type":"ImageObject","inLanguage":"es","@id":"https:\/\/diariotextual.com\/inicio\/#\/schema\/logo\/image\/","url":"https:\/\/diariotextual.com\/inicio\/wp-content\/uploads\/2023\/05\/logotextual1.jpg","contentUrl":"https:\/\/diariotextual.com\/inicio\/wp-content\/uploads\/2023\/05\/logotextual1.jpg","width":516,"height":76,"caption":"Diario Textual"},"image":{"@id":"https:\/\/diariotextual.com\/inicio\/#\/schema\/logo\/image\/"},"sameAs":["https:\/\/www.facebook.com\/eltextual","https:\/\/x.com\/eltextual","http:\/\/www.instagram.com\/eltextual"]},{"@type":"Person","@id":"https:\/\/diariotextual.com\/inicio\/#\/schema\/person\/c7834961ad8b29b1d9cdbf4571299067","name":"diario5","image":{"@type":"ImageObject","inLanguage":"es","@id":"https:\/\/secure.gravatar.com\/avatar\/948c893b847ca6df68216ead81b63f363408ec9b0f600fefc0641ce78613b111?s=96&d=mm&r=g","url":"https:\/\/secure.gravatar.com\/avatar\/948c893b847ca6df68216ead81b63f363408ec9b0f600fefc0641ce78613b111?s=96&d=mm&r=g","contentUrl":"https:\/\/secure.gravatar.com\/avatar\/948c893b847ca6df68216ead81b63f363408ec9b0f600fefc0641ce78613b111?s=96&d=mm&r=g","caption":"diario5"},"url":"https:\/\/diariotextual.com\/inicio\/index.php\/author\/diario5\/"}]}},"_links":{"self":[{"href":"https:\/\/diariotextual.com\/inicio\/index.php\/wp-json\/wp\/v2\/posts\/137698","targetHints":{"allow":["GET"]}}],"collection":[{"href":"https:\/\/diariotextual.com\/inicio\/index.php\/wp-json\/wp\/v2\/posts"}],"about":[{"href":"https:\/\/diariotextual.com\/inicio\/index.php\/wp-json\/wp\/v2\/types\/post"}],"author":[{"embeddable":true,"href":"https:\/\/diariotextual.com\/inicio\/index.php\/wp-json\/wp\/v2\/users\/7"}],"replies":[{"embeddable":true,"href":"https:\/\/diariotextual.com\/inicio\/index.php\/wp-json\/wp\/v2\/comments?post=137698"}],"version-history":[{"count":5,"href":"https:\/\/diariotextual.com\/inicio\/index.php\/wp-json\/wp\/v2\/posts\/137698\/revisions"}],"predecessor-version":[{"id":137748,"href":"https:\/\/diariotextual.com\/inicio\/index.php\/wp-json\/wp\/v2\/posts\/137698\/revisions\/137748"}],"wp:featuredmedia":[{"embeddable":true,"href":"https:\/\/diariotextual.com\/inicio\/index.php\/wp-json\/wp\/v2\/media\/137699"}],"wp:attachment":[{"href":"https:\/\/diariotextual.com\/inicio\/index.php\/wp-json\/wp\/v2\/media?parent=137698"}],"wp:term":[{"taxonomy":"category","embeddable":true,"href":"https:\/\/diariotextual.com\/inicio\/index.php\/wp-json\/wp\/v2\/categories?post=137698"},{"taxonomy":"post_tag","embeddable":true,"href":"https:\/\/diariotextual.com\/inicio\/index.php\/wp-json\/wp\/v2\/tags?post=137698"}],"curies":[{"name":"wp","href":"https:\/\/api.w.org\/{rel}","templated":true}]}}