{"id":137900,"date":"2021-03-16T17:00:00","date_gmt":"2021-03-16T20:00:00","guid":{"rendered":"http:\/\/diariotextual.com\/inicio\/?p=137900"},"modified":"2021-03-16T17:23:41","modified_gmt":"2021-03-16T20:23:41","slug":"ponen-en-marcha-un-nuevo-procrear-con-300-viviendas","status":"publish","type":"post","link":"https:\/\/diariotextual.com\/inicio\/index.php\/2021\/03\/16\/ponen-en-marcha-un-nuevo-procrear-con-300-viviendas\/","title":{"rendered":"Ponen en marcha un nuevo Procrear con 300 viviendas en La Pampa"},"content":{"rendered":"\n<p>El gobernador <strong>Sergio Ziliotto<\/strong> anunci\u00f3 la puesta en marcha de un nuevo plan de trescientas viviendas del programa <strong>Procrear<\/strong>, de las cuales cien se construir\u00e1n en Santa Rosa. Adem\u00e1s, se firm\u00f3 convenio con municipios para  otras 45 casas del plan Mi Casa. <\/p>\n\n\n\n<p>Los convenios se firmaron esta ma\u00f1ana durante un acto del que tambi\u00e9n participaron el ministro de Obras y Servicios P\u00fablicos, Juan Ram\u00f3n Garay; el presidente del Instituto Provincial Aut\u00e1rquico de Vivienda (Ipav), Jorge Lezcano; y diez intendentes. Tambi\u00e9n el secretario de Asuntos Municipales, Rogelio Schanton; y las gerentas del organismo de vivienda, Eica Riboyra y Romina Montes de Oca.<\/p>\n\n\n\n<p>A su vez, <strong>se confirm\u00f3 una nueva l\u00ednea de viviendas del Procrear que se llevar\u00e1 a cabo conjuntamente con el Gobierno nacional. Es un plan para la clase media, a trav\u00e9s de un desarrollo urban\u00edstico.<\/strong><\/p>\n\n\n\n<p>Las casas se distribuir\u00e1n de la siguiente manera: 100 en Santa Rosa, 80 en General Pico y 30 en Toay, General Acha, Eduardo Castex y 25 de Mayo.&nbsp;<\/p>\n\n\n\n<p>Ziliotto dijo que<strong> el Procrear tiene el aporte econ\u00f3mico y dise\u00f1o financiero de Naci\u00f3n y el aporte de tierras e infraestructura de la provincia.<\/strong><\/p>\n\n\n\n<p><br><strong>\u201cLa entrega de viviendas no es s\u00f3lo uno de los principales actos que m\u00e1s gratifica a un gobernante, sino que es la expresi\u00f3n tangible de lo que es el federalismo, el trabajo conjunto\u201d<\/strong>, dijo el mandatario.<br><\/p>\n\n\n\n<p>\u201cEs una gran satisfacci\u00f3n porque esa semilla que se plant\u00f3 en la gesti\u00f3n del gobernador (Carlos) Verna, de trabajar en conjunto para que todos seamos part\u00edcipes, de lograr que la mayor cantidad de pampeanas y pampeanos tengan el techo propio ha sido internalizada y ha sido comprendida y se est\u00e1 ejecutando por parte del gobierno nacional\u201d, sostuvo.<br><\/p>\n\n\n\n<p>Valor\u00f3 el trabajo \u201cmancomunado\u201d de la Naci\u00f3n, la Provincia y los Municipios. \u201cEntre todos hacemos la mayor justicia social a trav\u00e9s de la vivienda propia, pero tambi\u00e9n hacemos cada vez m\u00e1s eficiente la aplicaci\u00f3n de los fondos p\u00fablicos, de las pampeanas y los pampeanos\u201d, dijo.<br><\/p>\n\n\n\n<p>\u201cNos ver\u00e1n trabajar en conjunto, en forma transversal en cada una de las decisiones y necesidades de los pampeanos. No hay signo pol\u00edtico de quien gobierna, porque como precis\u00f3 Jorge (Lezcano), estamos asignando de acuerdo a la cantidad de habitantes, al d\u00e9ficit habitacional y tambi\u00e9n complementando una operatoria con la otra\u201d, dijo.<br><\/p>\n\n\n\n<p>Reiter\u00f3 el pedido a intendentas e intendentes \u201cque no demoren\u201d con las obras. \u201cAvancen porque siempre van a tener atr\u00e1s al gobierno provincial, porque vivienda que se termina, vivienda que comienza otra\u201d, dijo.  \u201cEl Gobierno nacional nos han asignado 894 viviendas con el compromiso de que cuando est\u00e9n a punto de finalizar volvamos a tener otra operatoria\u201d.<br><\/p>\n\n\n\n<p>\u201cSe empieza a cristalizar la respuesta a una de las principales promesas de campa\u00f1a, que es hacer viviendas para los sectores vulnerables pero tambi\u00e9n para los sectores de clase media que tienen un poder adquisitivo un poco superior\u201d, manifest\u00f3.<br><\/p>\n\n\n\n<p>En este sentido resalt\u00f3 el Procrear. \u201cSe pone en marcha el Procrear nacional de gesti\u00f3n provincial, donde hay un fuerte aporte financiero nacional y una gran interacci\u00f3n a partir de la tierra y la infraestructura que aporta la provincia\u201d, dijo.<br><\/p>\n\n\n\n<p>\u201cEn pocos meses -agreg\u00f3- va a estar en construcci\u00f3n algo de lo que hab\u00edamos perdido la memoria, m\u00e1s de 2000 viviendas en ejecuci\u00f3n, m\u00e1s de 2000 unidades de generaci\u00f3n que actividad econ\u00f3mica que a su vez van a generar m\u00e1s de 4000 puestos de trabajo para pampeanas y pampeanos, creo que eso es lo que nos tiene que fortalecer y darnos incentivo para avanzar sin demorarnos\u201d.<br><\/p>\n\n\n\n<p><br>Por su parte, el titular del Instituto Provincial Aut\u00e1rquico de Vivienda dio datos ilustrativos de c\u00f3mo avanza la ejecuci\u00f3n de viviendas en todo el territorio provincia.<br><\/p>\n\n\n\n<p>Inform\u00f3 que 140 viviendas fueron entregadas durante la pandemia y actualmente hay 263 en ejecuci\u00f3n.<br><\/p>\n\n\n\n<p>\u201cComo dec\u00eda uno de los intendentes se trata del techo y es la movilidad del pueblo. Por eso el se\u00f1or gobernador dijo el 1\u00ba de marzo ante la Asamblea Legislativa que la pol\u00edtica habitacional es pol\u00edtica de Estado y as\u00ed la estamos ejecutando\u201d, afirm\u00f3.<br><\/p>\n\n\n\n<p>Se refiri\u00f3 a la obtenci\u00f3n de suelo urbano para la construcci\u00f3n de viviendas, tema de compleja resoluci\u00f3n no solo en La Pampa sino en el resto del pa\u00eds. En este sentido inform\u00f3 que la provincia cuenta con 136 hect\u00e1reas declaradas de utilidad p\u00fablica de las que ya puede disponer, en tanto que en Santa Rosa hay 68 hect\u00e1reas m\u00e1s que se encuentran en proceso de acuerdo para su utilizaci\u00f3n.<br><\/p>\n\n\n\n<p>\u201cEstamos trabajando en el fortalecimiento de todas las aristas que convergen en la problem\u00e1tica habitacional, porque el d\u00e9ficit habitacional no es responsabilidad de uno, sino de varios actores, donde la intervenci\u00f3n de un Estado Presente es imprescindible\u201d, concluy\u00f3.<br><br><\/p>\n\n\n\n<p>Los municipios que firmaron por el plan Mi Casa fueron los siguientes: Tel\u00e9n, 8; Luan Toro, 5; Metileo, 6; Gobernador Duval, 4; Pichi Huinca, 4; Maisonnave, 4; Cuchillo co, 2; Chacharramendi, 4; La Adela, 6; y La Reforma, 2.<br><\/p>\n\n\n\n<p>Para el cupo de las viviendas nacionales, en localidades de m\u00e1s de 10.000 habitantes, Santa Rosa recibir\u00e1 280; General Pico, 200; Toay, 40; General Acha, 40; y Eduardo Castex, 40.<br><\/p>\n\n\n\n<p>A su vez, en localidades de entre 10.000 y 7.000 habitantes, en Colonia 25 de Mayo, 34; Intendente Alvear, 30; y Realic\u00f3, 30.<br><\/p>\n\n\n\n<p>En tanto, para localidades de entre 7.000 y 3.000 habitantes, se asignaron 20 a Victorica, Guatrach\u00e9, Macach\u00edn, Ingeniero Luiggi, Catril\u00f3, Quem\u00fa Quem\u00fa, Rancul, Trenel, Santa Isabel y Colonia Bar\u00f3n.<\/p>\n\n\n\n<p><\/p>\n","protected":false},"excerpt":{"rendered":"<p>El gobernador Sergio Ziliotto anunci\u00f3 la puesta en marcha de un nuevo plan de trescientas viviendas del programa Procrear, de las cuales cien se construir\u00e1n en Santa Rosa. Adem\u00e1s, se&hellip;<\/p>\n","protected":false},"author":4,"featured_media":137916,"comment_status":"closed","ping_status":"open","sticky":false,"template":"","format":"standard","meta":{"_acf_changed":false,"footnotes":""},"categories":[10,12],"tags":[1850],"class_list":["post-137900","post","type-post","status-publish","format-standard","has-post-thumbnail","hentry","category-portada-2","category-sociedad","tag-procrear"],"acf":[],"yoast_head":"<!-- This site is optimized with the Yoast SEO plugin v27.5 - https:\/\/yoast.com\/product\/yoast-seo-wordpress\/ -->\n<title>Ponen en marcha un nuevo Procrear con 300 viviendas en La Pampa - Diario Textual<\/title>\n<meta name=\"robots\" content=\"index, follow, max-snippet:-1, max-image-preview:large, max-video-preview:-1\" \/>\n<link rel=\"canonical\" href=\"https:\/\/diariotextual.com\/inicio\/index.php\/2021\/03\/16\/ponen-en-marcha-un-nuevo-procrear-con-300-viviendas\/\" \/>\n<meta property=\"og:locale\" content=\"es_ES\" \/>\n<meta property=\"og:type\" content=\"article\" \/>\n<meta property=\"og:title\" content=\"Ponen en marcha un nuevo Procrear con 300 viviendas en La Pampa - Diario Textual\" \/>\n<meta property=\"og:description\" content=\"El gobernador Sergio Ziliotto anunci\u00f3 la puesta en marcha de un nuevo plan de trescientas viviendas del programa Procrear, de las cuales cien se construir\u00e1n en Santa Rosa. Adem\u00e1s, se&hellip;\" \/>\n<meta property=\"og:url\" content=\"https:\/\/diariotextual.com\/inicio\/index.php\/2021\/03\/16\/ponen-en-marcha-un-nuevo-procrear-con-300-viviendas\/\" \/>\n<meta property=\"og:site_name\" content=\"Diario Textual\" \/>\n<meta property=\"article:publisher\" content=\"https:\/\/www.facebook.com\/eltextual\" \/>\n<meta property=\"article:published_time\" content=\"2021-03-16T20:00:00+00:00\" \/>\n<meta property=\"article:modified_time\" content=\"2021-03-16T20:23:41+00:00\" \/>\n<meta property=\"og:image\" content=\"https:\/\/diariotextual.com\/inicio\/wp-content\/uploads\/2021\/03\/procrearpampeanoanuncioziliottointendentes2021-1.jpg\" \/>\n\t<meta property=\"og:image:width\" content=\"887\" \/>\n\t<meta property=\"og:image:height\" content=\"587\" \/>\n\t<meta property=\"og:image:type\" content=\"image\/jpeg\" \/>\n<meta name=\"author\" content=\"diario2\" \/>\n<meta name=\"twitter:card\" content=\"summary_large_image\" \/>\n<meta name=\"twitter:creator\" content=\"@eltextual\" \/>\n<meta name=\"twitter:site\" content=\"@eltextual\" \/>\n<meta name=\"twitter:label1\" content=\"Escrito por\" \/>\n\t<meta name=\"twitter:data1\" content=\"diario2\" \/>\n\t<meta name=\"twitter:label2\" content=\"Tiempo de lectura\" \/>\n\t<meta name=\"twitter:data2\" content=\"4 minutos\" \/>\n<script type=\"application\/ld+json\" class=\"yoast-schema-graph\">{\"@context\":\"https:\\\/\\\/schema.org\",\"@graph\":[{\"@type\":\"Article\",\"@id\":\"https:\\\/\\\/diariotextual.com\\\/inicio\\\/index.php\\\/2021\\\/03\\\/16\\\/ponen-en-marcha-un-nuevo-procrear-con-300-viviendas\\\/#article\",\"isPartOf\":{\"@id\":\"https:\\\/\\\/diariotextual.com\\\/inicio\\\/index.php\\\/2021\\\/03\\\/16\\\/ponen-en-marcha-un-nuevo-procrear-con-300-viviendas\\\/\"},\"author\":{\"name\":\"diario2\",\"@id\":\"https:\\\/\\\/diariotextual.com\\\/inicio\\\/#\\\/schema\\\/person\\\/694f60677f23c4a530867a98f22b3768\"},\"headline\":\"Ponen en marcha un nuevo Procrear con 300 viviendas en La Pampa\",\"datePublished\":\"2021-03-16T20:00:00+00:00\",\"dateModified\":\"2021-03-16T20:23:41+00:00\",\"mainEntityOfPage\":{\"@id\":\"https:\\\/\\\/diariotextual.com\\\/inicio\\\/index.php\\\/2021\\\/03\\\/16\\\/ponen-en-marcha-un-nuevo-procrear-con-300-viviendas\\\/\"},\"wordCount\":936,\"publisher\":{\"@id\":\"https:\\\/\\\/diariotextual.com\\\/inicio\\\/#organization\"},\"image\":{\"@id\":\"https:\\\/\\\/diariotextual.com\\\/inicio\\\/index.php\\\/2021\\\/03\\\/16\\\/ponen-en-marcha-un-nuevo-procrear-con-300-viviendas\\\/#primaryimage\"},\"thumbnailUrl\":\"https:\\\/\\\/diariotextual.com\\\/inicio\\\/wp-content\\\/uploads\\\/2021\\\/03\\\/procrearpampeanoanuncioziliottointendentes2021-1.jpg\",\"keywords\":[\"Procrear\"],\"articleSection\":[\"A - PORTADA2\",\"SOCIEDAD\"],\"inLanguage\":\"es\"},{\"@type\":\"WebPage\",\"@id\":\"https:\\\/\\\/diariotextual.com\\\/inicio\\\/index.php\\\/2021\\\/03\\\/16\\\/ponen-en-marcha-un-nuevo-procrear-con-300-viviendas\\\/\",\"url\":\"https:\\\/\\\/diariotextual.com\\\/inicio\\\/index.php\\\/2021\\\/03\\\/16\\\/ponen-en-marcha-un-nuevo-procrear-con-300-viviendas\\\/\",\"name\":\"Ponen en marcha un nuevo Procrear con 300 viviendas en La Pampa - Diario Textual\",\"isPartOf\":{\"@id\":\"https:\\\/\\\/diariotextual.com\\\/inicio\\\/#website\"},\"primaryImageOfPage\":{\"@id\":\"https:\\\/\\\/diariotextual.com\\\/inicio\\\/index.php\\\/2021\\\/03\\\/16\\\/ponen-en-marcha-un-nuevo-procrear-con-300-viviendas\\\/#primaryimage\"},\"image\":{\"@id\":\"https:\\\/\\\/diariotextual.com\\\/inicio\\\/index.php\\\/2021\\\/03\\\/16\\\/ponen-en-marcha-un-nuevo-procrear-con-300-viviendas\\\/#primaryimage\"},\"thumbnailUrl\":\"https:\\\/\\\/diariotextual.com\\\/inicio\\\/wp-content\\\/uploads\\\/2021\\\/03\\\/procrearpampeanoanuncioziliottointendentes2021-1.jpg\",\"datePublished\":\"2021-03-16T20:00:00+00:00\",\"dateModified\":\"2021-03-16T20:23:41+00:00\",\"breadcrumb\":{\"@id\":\"https:\\\/\\\/diariotextual.com\\\/inicio\\\/index.php\\\/2021\\\/03\\\/16\\\/ponen-en-marcha-un-nuevo-procrear-con-300-viviendas\\\/#breadcrumb\"},\"inLanguage\":\"es\",\"potentialAction\":[{\"@type\":\"ReadAction\",\"target\":[\"https:\\\/\\\/diariotextual.com\\\/inicio\\\/index.php\\\/2021\\\/03\\\/16\\\/ponen-en-marcha-un-nuevo-procrear-con-300-viviendas\\\/\"]}]},{\"@type\":\"ImageObject\",\"inLanguage\":\"es\",\"@id\":\"https:\\\/\\\/diariotextual.com\\\/inicio\\\/index.php\\\/2021\\\/03\\\/16\\\/ponen-en-marcha-un-nuevo-procrear-con-300-viviendas\\\/#primaryimage\",\"url\":\"https:\\\/\\\/diariotextual.com\\\/inicio\\\/wp-content\\\/uploads\\\/2021\\\/03\\\/procrearpampeanoanuncioziliottointendentes2021-1.jpg\",\"contentUrl\":\"https:\\\/\\\/diariotextual.com\\\/inicio\\\/wp-content\\\/uploads\\\/2021\\\/03\\\/procrearpampeanoanuncioziliottointendentes2021-1.jpg\",\"width\":887,\"height\":587},{\"@type\":\"BreadcrumbList\",\"@id\":\"https:\\\/\\\/diariotextual.com\\\/inicio\\\/index.php\\\/2021\\\/03\\\/16\\\/ponen-en-marcha-un-nuevo-procrear-con-300-viviendas\\\/#breadcrumb\",\"itemListElement\":[{\"@type\":\"ListItem\",\"position\":1,\"name\":\"Portada\",\"item\":\"https:\\\/\\\/diariotextual.com\\\/inicio\\\/\"},{\"@type\":\"ListItem\",\"position\":2,\"name\":\"Ponen en marcha un nuevo Procrear con 300 viviendas en La Pampa\"}]},{\"@type\":\"WebSite\",\"@id\":\"https:\\\/\\\/diariotextual.com\\\/inicio\\\/#website\",\"url\":\"https:\\\/\\\/diariotextual.com\\\/inicio\\\/\",\"name\":\"Diario Textual\",\"description\":\"\",\"publisher\":{\"@id\":\"https:\\\/\\\/diariotextual.com\\\/inicio\\\/#organization\"},\"potentialAction\":[{\"@type\":\"SearchAction\",\"target\":{\"@type\":\"EntryPoint\",\"urlTemplate\":\"https:\\\/\\\/diariotextual.com\\\/inicio\\\/?s={search_term_string}\"},\"query-input\":{\"@type\":\"PropertyValueSpecification\",\"valueRequired\":true,\"valueName\":\"search_term_string\"}}],\"inLanguage\":\"es\"},{\"@type\":\"Organization\",\"@id\":\"https:\\\/\\\/diariotextual.com\\\/inicio\\\/#organization\",\"name\":\"Diario Textual\",\"url\":\"https:\\\/\\\/diariotextual.com\\\/inicio\\\/\",\"logo\":{\"@type\":\"ImageObject\",\"inLanguage\":\"es\",\"@id\":\"https:\\\/\\\/diariotextual.com\\\/inicio\\\/#\\\/schema\\\/logo\\\/image\\\/\",\"url\":\"https:\\\/\\\/diariotextual.com\\\/inicio\\\/wp-content\\\/uploads\\\/2023\\\/05\\\/logotextual1.jpg\",\"contentUrl\":\"https:\\\/\\\/diariotextual.com\\\/inicio\\\/wp-content\\\/uploads\\\/2023\\\/05\\\/logotextual1.jpg\",\"width\":516,\"height\":76,\"caption\":\"Diario Textual\"},\"image\":{\"@id\":\"https:\\\/\\\/diariotextual.com\\\/inicio\\\/#\\\/schema\\\/logo\\\/image\\\/\"},\"sameAs\":[\"https:\\\/\\\/www.facebook.com\\\/eltextual\",\"https:\\\/\\\/x.com\\\/eltextual\",\"http:\\\/\\\/www.instagram.com\\\/eltextual\"]},{\"@type\":\"Person\",\"@id\":\"https:\\\/\\\/diariotextual.com\\\/inicio\\\/#\\\/schema\\\/person\\\/694f60677f23c4a530867a98f22b3768\",\"name\":\"diario2\",\"image\":{\"@type\":\"ImageObject\",\"inLanguage\":\"es\",\"@id\":\"https:\\\/\\\/secure.gravatar.com\\\/avatar\\\/5a2567495ba16b852fcd8f1ed006a2e24fcace936018ed8237e95f488ad6e0a7?s=96&d=mm&r=g\",\"url\":\"https:\\\/\\\/secure.gravatar.com\\\/avatar\\\/5a2567495ba16b852fcd8f1ed006a2e24fcace936018ed8237e95f488ad6e0a7?s=96&d=mm&r=g\",\"contentUrl\":\"https:\\\/\\\/secure.gravatar.com\\\/avatar\\\/5a2567495ba16b852fcd8f1ed006a2e24fcace936018ed8237e95f488ad6e0a7?s=96&d=mm&r=g\",\"caption\":\"diario2\"},\"url\":\"https:\\\/\\\/diariotextual.com\\\/inicio\\\/index.php\\\/author\\\/diario2\\\/\"}]}<\/script>\n<!-- \/ Yoast SEO plugin. -->","yoast_head_json":{"title":"Ponen en marcha un nuevo Procrear con 300 viviendas en La Pampa - Diario Textual","robots":{"index":"index","follow":"follow","max-snippet":"max-snippet:-1","max-image-preview":"max-image-preview:large","max-video-preview":"max-video-preview:-1"},"canonical":"https:\/\/diariotextual.com\/inicio\/index.php\/2021\/03\/16\/ponen-en-marcha-un-nuevo-procrear-con-300-viviendas\/","og_locale":"es_ES","og_type":"article","og_title":"Ponen en marcha un nuevo Procrear con 300 viviendas en La Pampa - Diario Textual","og_description":"El gobernador Sergio Ziliotto anunci\u00f3 la puesta en marcha de un nuevo plan de trescientas viviendas del programa Procrear, de las cuales cien se construir\u00e1n en Santa Rosa. Adem\u00e1s, se&hellip;","og_url":"https:\/\/diariotextual.com\/inicio\/index.php\/2021\/03\/16\/ponen-en-marcha-un-nuevo-procrear-con-300-viviendas\/","og_site_name":"Diario Textual","article_publisher":"https:\/\/www.facebook.com\/eltextual","article_published_time":"2021-03-16T20:00:00+00:00","article_modified_time":"2021-03-16T20:23:41+00:00","og_image":[{"width":887,"height":587,"url":"https:\/\/diariotextual.com\/inicio\/wp-content\/uploads\/2021\/03\/procrearpampeanoanuncioziliottointendentes2021-1.jpg","type":"image\/jpeg"}],"author":"diario2","twitter_card":"summary_large_image","twitter_creator":"@eltextual","twitter_site":"@eltextual","twitter_misc":{"Escrito por":"diario2","Tiempo de lectura":"4 minutos"},"schema":{"@context":"https:\/\/schema.org","@graph":[{"@type":"Article","@id":"https:\/\/diariotextual.com\/inicio\/index.php\/2021\/03\/16\/ponen-en-marcha-un-nuevo-procrear-con-300-viviendas\/#article","isPartOf":{"@id":"https:\/\/diariotextual.com\/inicio\/index.php\/2021\/03\/16\/ponen-en-marcha-un-nuevo-procrear-con-300-viviendas\/"},"author":{"name":"diario2","@id":"https:\/\/diariotextual.com\/inicio\/#\/schema\/person\/694f60677f23c4a530867a98f22b3768"},"headline":"Ponen en marcha un nuevo Procrear con 300 viviendas en La Pampa","datePublished":"2021-03-16T20:00:00+00:00","dateModified":"2021-03-16T20:23:41+00:00","mainEntityOfPage":{"@id":"https:\/\/diariotextual.com\/inicio\/index.php\/2021\/03\/16\/ponen-en-marcha-un-nuevo-procrear-con-300-viviendas\/"},"wordCount":936,"publisher":{"@id":"https:\/\/diariotextual.com\/inicio\/#organization"},"image":{"@id":"https:\/\/diariotextual.com\/inicio\/index.php\/2021\/03\/16\/ponen-en-marcha-un-nuevo-procrear-con-300-viviendas\/#primaryimage"},"thumbnailUrl":"https:\/\/diariotextual.com\/inicio\/wp-content\/uploads\/2021\/03\/procrearpampeanoanuncioziliottointendentes2021-1.jpg","keywords":["Procrear"],"articleSection":["A - PORTADA2","SOCIEDAD"],"inLanguage":"es"},{"@type":"WebPage","@id":"https:\/\/diariotextual.com\/inicio\/index.php\/2021\/03\/16\/ponen-en-marcha-un-nuevo-procrear-con-300-viviendas\/","url":"https:\/\/diariotextual.com\/inicio\/index.php\/2021\/03\/16\/ponen-en-marcha-un-nuevo-procrear-con-300-viviendas\/","name":"Ponen en marcha un nuevo Procrear con 300 viviendas en La Pampa - Diario Textual","isPartOf":{"@id":"https:\/\/diariotextual.com\/inicio\/#website"},"primaryImageOfPage":{"@id":"https:\/\/diariotextual.com\/inicio\/index.php\/2021\/03\/16\/ponen-en-marcha-un-nuevo-procrear-con-300-viviendas\/#primaryimage"},"image":{"@id":"https:\/\/diariotextual.com\/inicio\/index.php\/2021\/03\/16\/ponen-en-marcha-un-nuevo-procrear-con-300-viviendas\/#primaryimage"},"thumbnailUrl":"https:\/\/diariotextual.com\/inicio\/wp-content\/uploads\/2021\/03\/procrearpampeanoanuncioziliottointendentes2021-1.jpg","datePublished":"2021-03-16T20:00:00+00:00","dateModified":"2021-03-16T20:23:41+00:00","breadcrumb":{"@id":"https:\/\/diariotextual.com\/inicio\/index.php\/2021\/03\/16\/ponen-en-marcha-un-nuevo-procrear-con-300-viviendas\/#breadcrumb"},"inLanguage":"es","potentialAction":[{"@type":"ReadAction","target":["https:\/\/diariotextual.com\/inicio\/index.php\/2021\/03\/16\/ponen-en-marcha-un-nuevo-procrear-con-300-viviendas\/"]}]},{"@type":"ImageObject","inLanguage":"es","@id":"https:\/\/diariotextual.com\/inicio\/index.php\/2021\/03\/16\/ponen-en-marcha-un-nuevo-procrear-con-300-viviendas\/#primaryimage","url":"https:\/\/diariotextual.com\/inicio\/wp-content\/uploads\/2021\/03\/procrearpampeanoanuncioziliottointendentes2021-1.jpg","contentUrl":"https:\/\/diariotextual.com\/inicio\/wp-content\/uploads\/2021\/03\/procrearpampeanoanuncioziliottointendentes2021-1.jpg","width":887,"height":587},{"@type":"BreadcrumbList","@id":"https:\/\/diariotextual.com\/inicio\/index.php\/2021\/03\/16\/ponen-en-marcha-un-nuevo-procrear-con-300-viviendas\/#breadcrumb","itemListElement":[{"@type":"ListItem","position":1,"name":"Portada","item":"https:\/\/diariotextual.com\/inicio\/"},{"@type":"ListItem","position":2,"name":"Ponen en marcha un nuevo Procrear con 300 viviendas en La Pampa"}]},{"@type":"WebSite","@id":"https:\/\/diariotextual.com\/inicio\/#website","url":"https:\/\/diariotextual.com\/inicio\/","name":"Diario Textual","description":"","publisher":{"@id":"https:\/\/diariotextual.com\/inicio\/#organization"},"potentialAction":[{"@type":"SearchAction","target":{"@type":"EntryPoint","urlTemplate":"https:\/\/diariotextual.com\/inicio\/?s={search_term_string}"},"query-input":{"@type":"PropertyValueSpecification","valueRequired":true,"valueName":"search_term_string"}}],"inLanguage":"es"},{"@type":"Organization","@id":"https:\/\/diariotextual.com\/inicio\/#organization","name":"Diario Textual","url":"https:\/\/diariotextual.com\/inicio\/","logo":{"@type":"ImageObject","inLanguage":"es","@id":"https:\/\/diariotextual.com\/inicio\/#\/schema\/logo\/image\/","url":"https:\/\/diariotextual.com\/inicio\/wp-content\/uploads\/2023\/05\/logotextual1.jpg","contentUrl":"https:\/\/diariotextual.com\/inicio\/wp-content\/uploads\/2023\/05\/logotextual1.jpg","width":516,"height":76,"caption":"Diario Textual"},"image":{"@id":"https:\/\/diariotextual.com\/inicio\/#\/schema\/logo\/image\/"},"sameAs":["https:\/\/www.facebook.com\/eltextual","https:\/\/x.com\/eltextual","http:\/\/www.instagram.com\/eltextual"]},{"@type":"Person","@id":"https:\/\/diariotextual.com\/inicio\/#\/schema\/person\/694f60677f23c4a530867a98f22b3768","name":"diario2","image":{"@type":"ImageObject","inLanguage":"es","@id":"https:\/\/secure.gravatar.com\/avatar\/5a2567495ba16b852fcd8f1ed006a2e24fcace936018ed8237e95f488ad6e0a7?s=96&d=mm&r=g","url":"https:\/\/secure.gravatar.com\/avatar\/5a2567495ba16b852fcd8f1ed006a2e24fcace936018ed8237e95f488ad6e0a7?s=96&d=mm&r=g","contentUrl":"https:\/\/secure.gravatar.com\/avatar\/5a2567495ba16b852fcd8f1ed006a2e24fcace936018ed8237e95f488ad6e0a7?s=96&d=mm&r=g","caption":"diario2"},"url":"https:\/\/diariotextual.com\/inicio\/index.php\/author\/diario2\/"}]}},"_links":{"self":[{"href":"https:\/\/diariotextual.com\/inicio\/index.php\/wp-json\/wp\/v2\/posts\/137900","targetHints":{"allow":["GET"]}}],"collection":[{"href":"https:\/\/diariotextual.com\/inicio\/index.php\/wp-json\/wp\/v2\/posts"}],"about":[{"href":"https:\/\/diariotextual.com\/inicio\/index.php\/wp-json\/wp\/v2\/types\/post"}],"author":[{"embeddable":true,"href":"https:\/\/diariotextual.com\/inicio\/index.php\/wp-json\/wp\/v2\/users\/4"}],"replies":[{"embeddable":true,"href":"https:\/\/diariotextual.com\/inicio\/index.php\/wp-json\/wp\/v2\/comments?post=137900"}],"version-history":[{"count":16,"href":"https:\/\/diariotextual.com\/inicio\/index.php\/wp-json\/wp\/v2\/posts\/137900\/revisions"}],"predecessor-version":[{"id":137963,"href":"https:\/\/diariotextual.com\/inicio\/index.php\/wp-json\/wp\/v2\/posts\/137900\/revisions\/137963"}],"wp:featuredmedia":[{"embeddable":true,"href":"https:\/\/diariotextual.com\/inicio\/index.php\/wp-json\/wp\/v2\/media\/137916"}],"wp:attachment":[{"href":"https:\/\/diariotextual.com\/inicio\/index.php\/wp-json\/wp\/v2\/media?parent=137900"}],"wp:term":[{"taxonomy":"category","embeddable":true,"href":"https:\/\/diariotextual.com\/inicio\/index.php\/wp-json\/wp\/v2\/categories?post=137900"},{"taxonomy":"post_tag","embeddable":true,"href":"https:\/\/diariotextual.com\/inicio\/index.php\/wp-json\/wp\/v2\/tags?post=137900"}],"curies":[{"name":"wp","href":"https:\/\/api.w.org\/{rel}","templated":true}]}}