{"id":137999,"date":"2021-03-17T08:57:00","date_gmt":"2021-03-17T11:57:00","guid":{"rendered":"http:\/\/diariotextual.com\/inicio\/?p=137999"},"modified":"2021-03-17T14:46:59","modified_gmt":"2021-03-17T17:46:59","slug":"columna","status":"publish","type":"post","link":"https:\/\/diariotextual.com\/inicio\/index.php\/2021\/03\/17\/columna\/","title":{"rendered":"El PJ pampeano modelo 2021 empieza a tomar forma"},"content":{"rendered":"\n<h2 class=\"wp-block-heading\"><br>Por Norberto G. Asquini<\/h2>\n\n\n\n<p><\/p>\n\n\n\n<p>El peronismo pampeano empez\u00f3 por estos d\u00edas a definir el a\u00f1o electoral y su nueva configuraci\u00f3n interna. Ambas instancias van de la mano: en las listas para las legislativas nacionales y en las partidarias quedar\u00e1 plasmado el nuevo mapa interno surgido despu\u00e9s de 2019, pero tambi\u00e9n un armado de unidad. La nueva estructura pol\u00edtica ser\u00e1 una alquimia entre el capital pol\u00edtico de cada sector y el equilibrio interno que se quiere lograr entre los diversos sectores. Las legislativas y las partidarias establecer\u00e1n jerarqu\u00edas y simetr\u00edas pol\u00edticas, premiar\u00e1n a unos y compensar\u00e1n a otros.<\/p>\n\n\n\n<p><\/p>\n\n\n\n<p><\/p>\n\n\n\n<h4 class=\"wp-block-heading\"><strong>Fechas y documento<\/strong><\/h4>\n\n\n\n<p>Las dos fechas que se conocieron esta semana le dieron certezas al escenario pol\u00edtico provincial. Por un lado, las partidarias ser\u00e1n el 6 de junio (el 5 de mayo se presentan listas) y por otro el 8 de agosto se har\u00e1n las PASO (el 19 de junio tendr\u00e1n que estar los nombres de las y los postulantes). Pero tambi\u00e9n hubo otro hecho pol\u00edtico: la Plural de Santa Rosa marc\u00f3 la cancha con un documento que anunci\u00f3 que el pr\u00f3ximo armado interno, y las candidaturas, quedar\u00e1n a cargo de \u201clos due\u00f1os de la lapicera\u201d. Son los dos que mandan: el ex gobernador Carlos Verna como candidato a senador y como elector de la lista de legisladores; y el actual mandatario Sergio Ziliotto como jefe partidario al asumir la presidencia del PJ provincial.<br><\/p>\n\n\n\n<p>El documento que sali\u00f3 de la usina pol\u00edtica de Casa de Gobierno, exactamente de la oficina del ministro de Gobierno, tambi\u00e9n tiene otro condimento. No es un supuesto operativo clamor para que Verna sea candidato. Verna ya no necesita que se lo pidan o lo posicionen porque est\u00e1 establecido que debe ser \u00e9l quien encabece. Lo \u00fanico que falta es su decisi\u00f3n. El texto se convirti\u00f3 en la primera toma de posici\u00f3n del vernismo, ausente en otros debates m\u00e1s partidarios ya que sus dirigentes est\u00e1n en el gobierno y sus manifestaciones son m\u00e1s institucionales y de gesti\u00f3n que pol\u00edtico-partidarias.<\/p>\n\n\n\n<p><\/p>\n\n\n\n<p><\/p>\n\n\n\n<h4 class=\"wp-block-heading\">Por d\u00f3nde pasa el poder<\/h4>\n\n\n\n<p>El lunes se reunieron los y las representantes del PJ para comenzar a delinear qu\u00e9 pasar\u00e1 con el partido. Las listas de legisladores nacionales y los cargos en los \u00f3rganos colegiados (Consejo Provincial, delegados departamentales, congresales, consejos de unidades b\u00e1sicas, unidades b\u00e1sicas) tendr\u00e1n como premisa la unidad y los consensos, respetando el peso pol\u00edtico de cada sector.<br><\/p>\n\n\n\n<p>El documento de la Plural deja tambi\u00e9n establecido lo que de facto estaba en el aire de la pol\u00edtica provincial: que los lugares mayoritarios ser\u00e1n para el vernismo. Y que las listas ser\u00e1n encabezadas por ese sector: casi un mensaje al intendente de Santa Rosa, el camporista Luciano di N\u00e1poli, que hab\u00eda dicho que si no va Verna de candidato deber\u00eda encabezar una mujer y de La C\u00e1mpora. Peso pol\u00edtico no le falta a la apuntada por jefe comunal, pero la realidad objetiva marca que el poder en el peronismo pampeano pasa por la centralidad del vernismo. El kirchnerismo es socio estrat\u00e9gico de la Plural y por su relaci\u00f3n con el gobierno nacional la segunda fuerza dentro del conglomerado peronista, pero todav\u00eda falta consolidarse a nivel provincial. Entre el vernismo y el kirchnerismo esto es solo pirotecnia verbal.<\/p>\n\n\n\n<p><\/p>\n\n\n\n<p><\/p>\n\n\n\n<h4 class=\"wp-block-heading\">\u00bfQui\u00e9n va tercero?<\/h4>\n\n\n\n<p>La nueva configuraci\u00f3n interna si pone en tensi\u00f3n a los dem\u00e1s sectores que esperan no ser relegados en las decisiones. \u00bfQui\u00e9n es el tercero en el peronismo?, parece ser la pregunta. Esta puja hace dar pasos en falso y en ese sentido las recriminaciones realizada por el hist\u00f3rico Rub\u00e9n Mar\u00edn durante la reuni\u00f3n del lunes dej\u00f3 enojados a muchos de los presentes.<br>Convergencia y Compromiso Peronista se disputan el tercer lugar. El espacio de que ocupen ambos quedar\u00e1 plasmado en las listas legislativas y repercutir\u00e1 en la cantidad de cargos hacia dentro del partido. Ambos sectores est\u00e1n acelerados por ganar esa carrera y reclamaron definiciones al vernismo. La lista de unidad, a priori, parece establecer que los dos primeros lugares de la lista de diputados (los cargos expectables) se repartir\u00e1n uno y uno para ambos, ya que el vernismo y el kirchnerismo se quedar\u00e1n con los dos de senadores. La cuesti\u00f3n a determinar es si la encabezar\u00e1 Convergencia o Compromiso (ya sea mujer u hombre el candidato). Quien gane la pulseada puede exigir m\u00e1s cargos en las listas partidarias. \u00bfC\u00f3mo ven esa disputa desde los otros sectores? Mar\u00edn por su trayectoria tiene algo en cada localidad, Compromiso tiene m\u00e1s dirigentes. Est\u00e1 peleada.<br><\/p>\n\n\n\n<p>Finalmente, hay que ver c\u00f3mo se derrama el acuerdo al interior de la provincia. No solo en cada unidad b\u00e1sica de Santa Rosa y General Pico, donde habr\u00e1 disputas entre sectores. Tampoco en las localidades gobernadas por el PJ: la estrategia de la unidad baja l\u00ednea y determina que sean las y los intendentes los que encabecen las listas locales, o quien ellos pongan. Seguramente en los que gobierna la oposici\u00f3n habr\u00e1 m\u00e1s disputa, como ocurre en General Acha, con un peronismo fragmentado, disperso y sin referentes desde hace a\u00f1os.<\/p>\n\n\n\n<p><\/p>\n\n\n\n<p><\/p>\n","protected":false},"excerpt":{"rendered":"<p>Por Norberto G. Asquini El peronismo pampeano empez\u00f3 por estos d\u00edas a definir el a\u00f1o electoral y su nueva configuraci\u00f3n interna. Ambas instancias van de la mano: en las listas&hellip;<\/p>\n","protected":false},"author":3,"featured_media":66384,"comment_status":"closed","ping_status":"open","sticky":false,"template":"","format":"standard","meta":{"_acf_changed":false,"footnotes":""},"categories":[10,8],"tags":[2308],"class_list":["post-137999","post","type-post","status-publish","format-standard","has-post-thumbnail","hentry","category-portada-2","category-politica","tag-peronismo"],"acf":[],"yoast_head":"<!-- This site is optimized with the Yoast SEO plugin v27.5 - https:\/\/yoast.com\/product\/yoast-seo-wordpress\/ -->\n<title>El PJ pampeano modelo 2021 empieza a tomar forma - Diario Textual<\/title>\n<meta name=\"robots\" content=\"index, follow, max-snippet:-1, max-image-preview:large, max-video-preview:-1\" \/>\n<link rel=\"canonical\" href=\"https:\/\/diariotextual.com\/inicio\/index.php\/2021\/03\/17\/columna\/\" \/>\n<meta property=\"og:locale\" content=\"es_ES\" \/>\n<meta property=\"og:type\" content=\"article\" \/>\n<meta property=\"og:title\" content=\"El PJ pampeano modelo 2021 empieza a tomar forma - Diario Textual\" \/>\n<meta property=\"og:description\" content=\"Por Norberto G. Asquini El peronismo pampeano empez\u00f3 por estos d\u00edas a definir el a\u00f1o electoral y su nueva configuraci\u00f3n interna. Ambas instancias van de la mano: en las listas&hellip;\" \/>\n<meta property=\"og:url\" content=\"https:\/\/diariotextual.com\/inicio\/index.php\/2021\/03\/17\/columna\/\" \/>\n<meta property=\"og:site_name\" content=\"Diario Textual\" \/>\n<meta property=\"article:publisher\" content=\"https:\/\/www.facebook.com\/eltextual\" \/>\n<meta property=\"article:published_time\" content=\"2021-03-17T11:57:00+00:00\" \/>\n<meta property=\"article:modified_time\" content=\"2021-03-17T17:46:59+00:00\" \/>\n<meta property=\"og:image\" content=\"https:\/\/diariotextual.com\/inicio\/wp-content\/uploads\/2019\/10\/diadelalealtad2019cristinafernandezverna3.jpg\" \/>\n\t<meta property=\"og:image:width\" content=\"1080\" \/>\n\t<meta property=\"og:image:height\" content=\"720\" \/>\n\t<meta property=\"og:image:type\" content=\"image\/jpeg\" \/>\n<meta name=\"author\" content=\"Diario1 Diario1\" \/>\n<meta name=\"twitter:card\" content=\"summary_large_image\" \/>\n<meta name=\"twitter:creator\" content=\"@eltextual\" \/>\n<meta name=\"twitter:site\" content=\"@eltextual\" \/>\n<meta name=\"twitter:label1\" content=\"Escrito por\" \/>\n\t<meta name=\"twitter:data1\" content=\"Diario1 Diario1\" \/>\n\t<meta name=\"twitter:label2\" content=\"Tiempo de lectura\" \/>\n\t<meta name=\"twitter:data2\" content=\"4 minutos\" \/>\n<script type=\"application\/ld+json\" class=\"yoast-schema-graph\">{\"@context\":\"https:\\\/\\\/schema.org\",\"@graph\":[{\"@type\":\"Article\",\"@id\":\"https:\\\/\\\/diariotextual.com\\\/inicio\\\/index.php\\\/2021\\\/03\\\/17\\\/columna\\\/#article\",\"isPartOf\":{\"@id\":\"https:\\\/\\\/diariotextual.com\\\/inicio\\\/index.php\\\/2021\\\/03\\\/17\\\/columna\\\/\"},\"author\":{\"name\":\"Diario1 Diario1\",\"@id\":\"https:\\\/\\\/diariotextual.com\\\/inicio\\\/#\\\/schema\\\/person\\\/418fc4093c33e86ed41562db3508f958\"},\"headline\":\"El PJ pampeano modelo 2021 empieza a tomar forma\",\"datePublished\":\"2021-03-17T11:57:00+00:00\",\"dateModified\":\"2021-03-17T17:46:59+00:00\",\"mainEntityOfPage\":{\"@id\":\"https:\\\/\\\/diariotextual.com\\\/inicio\\\/index.php\\\/2021\\\/03\\\/17\\\/columna\\\/\"},\"wordCount\":899,\"publisher\":{\"@id\":\"https:\\\/\\\/diariotextual.com\\\/inicio\\\/#organization\"},\"image\":{\"@id\":\"https:\\\/\\\/diariotextual.com\\\/inicio\\\/index.php\\\/2021\\\/03\\\/17\\\/columna\\\/#primaryimage\"},\"thumbnailUrl\":\"https:\\\/\\\/diariotextual.com\\\/inicio\\\/wp-content\\\/uploads\\\/2019\\\/10\\\/diadelalealtad2019cristinafernandezverna3.jpg\",\"keywords\":[\"peronismo\"],\"articleSection\":[\"A - PORTADA2\",\"POLITICA\"],\"inLanguage\":\"es\"},{\"@type\":\"WebPage\",\"@id\":\"https:\\\/\\\/diariotextual.com\\\/inicio\\\/index.php\\\/2021\\\/03\\\/17\\\/columna\\\/\",\"url\":\"https:\\\/\\\/diariotextual.com\\\/inicio\\\/index.php\\\/2021\\\/03\\\/17\\\/columna\\\/\",\"name\":\"El PJ pampeano modelo 2021 empieza a tomar forma - Diario Textual\",\"isPartOf\":{\"@id\":\"https:\\\/\\\/diariotextual.com\\\/inicio\\\/#website\"},\"primaryImageOfPage\":{\"@id\":\"https:\\\/\\\/diariotextual.com\\\/inicio\\\/index.php\\\/2021\\\/03\\\/17\\\/columna\\\/#primaryimage\"},\"image\":{\"@id\":\"https:\\\/\\\/diariotextual.com\\\/inicio\\\/index.php\\\/2021\\\/03\\\/17\\\/columna\\\/#primaryimage\"},\"thumbnailUrl\":\"https:\\\/\\\/diariotextual.com\\\/inicio\\\/wp-content\\\/uploads\\\/2019\\\/10\\\/diadelalealtad2019cristinafernandezverna3.jpg\",\"datePublished\":\"2021-03-17T11:57:00+00:00\",\"dateModified\":\"2021-03-17T17:46:59+00:00\",\"breadcrumb\":{\"@id\":\"https:\\\/\\\/diariotextual.com\\\/inicio\\\/index.php\\\/2021\\\/03\\\/17\\\/columna\\\/#breadcrumb\"},\"inLanguage\":\"es\",\"potentialAction\":[{\"@type\":\"ReadAction\",\"target\":[\"https:\\\/\\\/diariotextual.com\\\/inicio\\\/index.php\\\/2021\\\/03\\\/17\\\/columna\\\/\"]}]},{\"@type\":\"ImageObject\",\"inLanguage\":\"es\",\"@id\":\"https:\\\/\\\/diariotextual.com\\\/inicio\\\/index.php\\\/2021\\\/03\\\/17\\\/columna\\\/#primaryimage\",\"url\":\"https:\\\/\\\/diariotextual.com\\\/inicio\\\/wp-content\\\/uploads\\\/2019\\\/10\\\/diadelalealtad2019cristinafernandezverna3.jpg\",\"contentUrl\":\"https:\\\/\\\/diariotextual.com\\\/inicio\\\/wp-content\\\/uploads\\\/2019\\\/10\\\/diadelalealtad2019cristinafernandezverna3.jpg\",\"width\":1080,\"height\":720},{\"@type\":\"BreadcrumbList\",\"@id\":\"https:\\\/\\\/diariotextual.com\\\/inicio\\\/index.php\\\/2021\\\/03\\\/17\\\/columna\\\/#breadcrumb\",\"itemListElement\":[{\"@type\":\"ListItem\",\"position\":1,\"name\":\"Portada\",\"item\":\"https:\\\/\\\/diariotextual.com\\\/inicio\\\/\"},{\"@type\":\"ListItem\",\"position\":2,\"name\":\"El PJ pampeano modelo 2021 empieza a tomar forma\"}]},{\"@type\":\"WebSite\",\"@id\":\"https:\\\/\\\/diariotextual.com\\\/inicio\\\/#website\",\"url\":\"https:\\\/\\\/diariotextual.com\\\/inicio\\\/\",\"name\":\"Diario Textual\",\"description\":\"\",\"publisher\":{\"@id\":\"https:\\\/\\\/diariotextual.com\\\/inicio\\\/#organization\"},\"potentialAction\":[{\"@type\":\"SearchAction\",\"target\":{\"@type\":\"EntryPoint\",\"urlTemplate\":\"https:\\\/\\\/diariotextual.com\\\/inicio\\\/?s={search_term_string}\"},\"query-input\":{\"@type\":\"PropertyValueSpecification\",\"valueRequired\":true,\"valueName\":\"search_term_string\"}}],\"inLanguage\":\"es\"},{\"@type\":\"Organization\",\"@id\":\"https:\\\/\\\/diariotextual.com\\\/inicio\\\/#organization\",\"name\":\"Diario Textual\",\"url\":\"https:\\\/\\\/diariotextual.com\\\/inicio\\\/\",\"logo\":{\"@type\":\"ImageObject\",\"inLanguage\":\"es\",\"@id\":\"https:\\\/\\\/diariotextual.com\\\/inicio\\\/#\\\/schema\\\/logo\\\/image\\\/\",\"url\":\"https:\\\/\\\/diariotextual.com\\\/inicio\\\/wp-content\\\/uploads\\\/2023\\\/05\\\/logotextual1.jpg\",\"contentUrl\":\"https:\\\/\\\/diariotextual.com\\\/inicio\\\/wp-content\\\/uploads\\\/2023\\\/05\\\/logotextual1.jpg\",\"width\":516,\"height\":76,\"caption\":\"Diario Textual\"},\"image\":{\"@id\":\"https:\\\/\\\/diariotextual.com\\\/inicio\\\/#\\\/schema\\\/logo\\\/image\\\/\"},\"sameAs\":[\"https:\\\/\\\/www.facebook.com\\\/eltextual\",\"https:\\\/\\\/x.com\\\/eltextual\",\"http:\\\/\\\/www.instagram.com\\\/eltextual\"]},{\"@type\":\"Person\",\"@id\":\"https:\\\/\\\/diariotextual.com\\\/inicio\\\/#\\\/schema\\\/person\\\/418fc4093c33e86ed41562db3508f958\",\"name\":\"Diario1 Diario1\",\"image\":{\"@type\":\"ImageObject\",\"inLanguage\":\"es\",\"@id\":\"https:\\\/\\\/secure.gravatar.com\\\/avatar\\\/9167d280179c85bc18be67aa7eda765854300033af4896dd779b608640f2ef7a?s=96&d=mm&r=g\",\"url\":\"https:\\\/\\\/secure.gravatar.com\\\/avatar\\\/9167d280179c85bc18be67aa7eda765854300033af4896dd779b608640f2ef7a?s=96&d=mm&r=g\",\"contentUrl\":\"https:\\\/\\\/secure.gravatar.com\\\/avatar\\\/9167d280179c85bc18be67aa7eda765854300033af4896dd779b608640f2ef7a?s=96&d=mm&r=g\",\"caption\":\"Diario1 Diario1\"},\"url\":\"https:\\\/\\\/diariotextual.com\\\/inicio\\\/index.php\\\/author\\\/diario1\\\/\"}]}<\/script>\n<!-- \/ Yoast SEO plugin. -->","yoast_head_json":{"title":"El PJ pampeano modelo 2021 empieza a tomar forma - Diario Textual","robots":{"index":"index","follow":"follow","max-snippet":"max-snippet:-1","max-image-preview":"max-image-preview:large","max-video-preview":"max-video-preview:-1"},"canonical":"https:\/\/diariotextual.com\/inicio\/index.php\/2021\/03\/17\/columna\/","og_locale":"es_ES","og_type":"article","og_title":"El PJ pampeano modelo 2021 empieza a tomar forma - Diario Textual","og_description":"Por Norberto G. Asquini El peronismo pampeano empez\u00f3 por estos d\u00edas a definir el a\u00f1o electoral y su nueva configuraci\u00f3n interna. Ambas instancias van de la mano: en las listas&hellip;","og_url":"https:\/\/diariotextual.com\/inicio\/index.php\/2021\/03\/17\/columna\/","og_site_name":"Diario Textual","article_publisher":"https:\/\/www.facebook.com\/eltextual","article_published_time":"2021-03-17T11:57:00+00:00","article_modified_time":"2021-03-17T17:46:59+00:00","og_image":[{"width":1080,"height":720,"url":"https:\/\/diariotextual.com\/inicio\/wp-content\/uploads\/2019\/10\/diadelalealtad2019cristinafernandezverna3.jpg","type":"image\/jpeg"}],"author":"Diario1 Diario1","twitter_card":"summary_large_image","twitter_creator":"@eltextual","twitter_site":"@eltextual","twitter_misc":{"Escrito por":"Diario1 Diario1","Tiempo de lectura":"4 minutos"},"schema":{"@context":"https:\/\/schema.org","@graph":[{"@type":"Article","@id":"https:\/\/diariotextual.com\/inicio\/index.php\/2021\/03\/17\/columna\/#article","isPartOf":{"@id":"https:\/\/diariotextual.com\/inicio\/index.php\/2021\/03\/17\/columna\/"},"author":{"name":"Diario1 Diario1","@id":"https:\/\/diariotextual.com\/inicio\/#\/schema\/person\/418fc4093c33e86ed41562db3508f958"},"headline":"El PJ pampeano modelo 2021 empieza a tomar forma","datePublished":"2021-03-17T11:57:00+00:00","dateModified":"2021-03-17T17:46:59+00:00","mainEntityOfPage":{"@id":"https:\/\/diariotextual.com\/inicio\/index.php\/2021\/03\/17\/columna\/"},"wordCount":899,"publisher":{"@id":"https:\/\/diariotextual.com\/inicio\/#organization"},"image":{"@id":"https:\/\/diariotextual.com\/inicio\/index.php\/2021\/03\/17\/columna\/#primaryimage"},"thumbnailUrl":"https:\/\/diariotextual.com\/inicio\/wp-content\/uploads\/2019\/10\/diadelalealtad2019cristinafernandezverna3.jpg","keywords":["peronismo"],"articleSection":["A - PORTADA2","POLITICA"],"inLanguage":"es"},{"@type":"WebPage","@id":"https:\/\/diariotextual.com\/inicio\/index.php\/2021\/03\/17\/columna\/","url":"https:\/\/diariotextual.com\/inicio\/index.php\/2021\/03\/17\/columna\/","name":"El PJ pampeano modelo 2021 empieza a tomar forma - Diario Textual","isPartOf":{"@id":"https:\/\/diariotextual.com\/inicio\/#website"},"primaryImageOfPage":{"@id":"https:\/\/diariotextual.com\/inicio\/index.php\/2021\/03\/17\/columna\/#primaryimage"},"image":{"@id":"https:\/\/diariotextual.com\/inicio\/index.php\/2021\/03\/17\/columna\/#primaryimage"},"thumbnailUrl":"https:\/\/diariotextual.com\/inicio\/wp-content\/uploads\/2019\/10\/diadelalealtad2019cristinafernandezverna3.jpg","datePublished":"2021-03-17T11:57:00+00:00","dateModified":"2021-03-17T17:46:59+00:00","breadcrumb":{"@id":"https:\/\/diariotextual.com\/inicio\/index.php\/2021\/03\/17\/columna\/#breadcrumb"},"inLanguage":"es","potentialAction":[{"@type":"ReadAction","target":["https:\/\/diariotextual.com\/inicio\/index.php\/2021\/03\/17\/columna\/"]}]},{"@type":"ImageObject","inLanguage":"es","@id":"https:\/\/diariotextual.com\/inicio\/index.php\/2021\/03\/17\/columna\/#primaryimage","url":"https:\/\/diariotextual.com\/inicio\/wp-content\/uploads\/2019\/10\/diadelalealtad2019cristinafernandezverna3.jpg","contentUrl":"https:\/\/diariotextual.com\/inicio\/wp-content\/uploads\/2019\/10\/diadelalealtad2019cristinafernandezverna3.jpg","width":1080,"height":720},{"@type":"BreadcrumbList","@id":"https:\/\/diariotextual.com\/inicio\/index.php\/2021\/03\/17\/columna\/#breadcrumb","itemListElement":[{"@type":"ListItem","position":1,"name":"Portada","item":"https:\/\/diariotextual.com\/inicio\/"},{"@type":"ListItem","position":2,"name":"El PJ pampeano modelo 2021 empieza a tomar forma"}]},{"@type":"WebSite","@id":"https:\/\/diariotextual.com\/inicio\/#website","url":"https:\/\/diariotextual.com\/inicio\/","name":"Diario Textual","description":"","publisher":{"@id":"https:\/\/diariotextual.com\/inicio\/#organization"},"potentialAction":[{"@type":"SearchAction","target":{"@type":"EntryPoint","urlTemplate":"https:\/\/diariotextual.com\/inicio\/?s={search_term_string}"},"query-input":{"@type":"PropertyValueSpecification","valueRequired":true,"valueName":"search_term_string"}}],"inLanguage":"es"},{"@type":"Organization","@id":"https:\/\/diariotextual.com\/inicio\/#organization","name":"Diario Textual","url":"https:\/\/diariotextual.com\/inicio\/","logo":{"@type":"ImageObject","inLanguage":"es","@id":"https:\/\/diariotextual.com\/inicio\/#\/schema\/logo\/image\/","url":"https:\/\/diariotextual.com\/inicio\/wp-content\/uploads\/2023\/05\/logotextual1.jpg","contentUrl":"https:\/\/diariotextual.com\/inicio\/wp-content\/uploads\/2023\/05\/logotextual1.jpg","width":516,"height":76,"caption":"Diario Textual"},"image":{"@id":"https:\/\/diariotextual.com\/inicio\/#\/schema\/logo\/image\/"},"sameAs":["https:\/\/www.facebook.com\/eltextual","https:\/\/x.com\/eltextual","http:\/\/www.instagram.com\/eltextual"]},{"@type":"Person","@id":"https:\/\/diariotextual.com\/inicio\/#\/schema\/person\/418fc4093c33e86ed41562db3508f958","name":"Diario1 Diario1","image":{"@type":"ImageObject","inLanguage":"es","@id":"https:\/\/secure.gravatar.com\/avatar\/9167d280179c85bc18be67aa7eda765854300033af4896dd779b608640f2ef7a?s=96&d=mm&r=g","url":"https:\/\/secure.gravatar.com\/avatar\/9167d280179c85bc18be67aa7eda765854300033af4896dd779b608640f2ef7a?s=96&d=mm&r=g","contentUrl":"https:\/\/secure.gravatar.com\/avatar\/9167d280179c85bc18be67aa7eda765854300033af4896dd779b608640f2ef7a?s=96&d=mm&r=g","caption":"Diario1 Diario1"},"url":"https:\/\/diariotextual.com\/inicio\/index.php\/author\/diario1\/"}]}},"_links":{"self":[{"href":"https:\/\/diariotextual.com\/inicio\/index.php\/wp-json\/wp\/v2\/posts\/137999","targetHints":{"allow":["GET"]}}],"collection":[{"href":"https:\/\/diariotextual.com\/inicio\/index.php\/wp-json\/wp\/v2\/posts"}],"about":[{"href":"https:\/\/diariotextual.com\/inicio\/index.php\/wp-json\/wp\/v2\/types\/post"}],"author":[{"embeddable":true,"href":"https:\/\/diariotextual.com\/inicio\/index.php\/wp-json\/wp\/v2\/users\/3"}],"replies":[{"embeddable":true,"href":"https:\/\/diariotextual.com\/inicio\/index.php\/wp-json\/wp\/v2\/comments?post=137999"}],"version-history":[{"count":4,"href":"https:\/\/diariotextual.com\/inicio\/index.php\/wp-json\/wp\/v2\/posts\/137999\/revisions"}],"predecessor-version":[{"id":138007,"href":"https:\/\/diariotextual.com\/inicio\/index.php\/wp-json\/wp\/v2\/posts\/137999\/revisions\/138007"}],"wp:featuredmedia":[{"embeddable":true,"href":"https:\/\/diariotextual.com\/inicio\/index.php\/wp-json\/wp\/v2\/media\/66384"}],"wp:attachment":[{"href":"https:\/\/diariotextual.com\/inicio\/index.php\/wp-json\/wp\/v2\/media?parent=137999"}],"wp:term":[{"taxonomy":"category","embeddable":true,"href":"https:\/\/diariotextual.com\/inicio\/index.php\/wp-json\/wp\/v2\/categories?post=137999"},{"taxonomy":"post_tag","embeddable":true,"href":"https:\/\/diariotextual.com\/inicio\/index.php\/wp-json\/wp\/v2\/tags?post=137999"}],"curies":[{"name":"wp","href":"https:\/\/api.w.org\/{rel}","templated":true}]}}