{"id":138210,"date":"2021-03-18T18:52:28","date_gmt":"2021-03-18T21:52:28","guid":{"rendered":"http:\/\/diariotextual.com\/inicio\/?p=138210"},"modified":"2021-03-19T10:14:04","modified_gmt":"2021-03-19T13:14:04","slug":"ahora-deberan-aislarse-extranjeros-y-pampeanos-que-ingresen-a-la-provincia-desde-el-exterior","status":"publish","type":"post","link":"https:\/\/diariotextual.com\/inicio\/index.php\/2021\/03\/18\/ahora-deberan-aislarse-extranjeros-y-pampeanos-que-ingresen-a-la-provincia-desde-el-exterior\/","title":{"rendered":"Ahora deber\u00e1n aislarse extranjeros y pampeanos que ingresen a la provincia desde el exterior"},"content":{"rendered":"\n<p>En Casa de Gobierno<strong><a href=\"http:\/\/diariotextual.com\/inicio\/index.php\/2021\/03\/18\/salud-de-la-pampa-ya-habla-de-una-segunda-ola-de-covid-y-apura-mas-inversiones\/\" target=\"_blank\" rel=\"noreferrer noopener\"> ya descuentan que se viene la segunda ola de coronavirus<\/a><\/strong>. Por lo pronto, <strong>el mandatario pampeano<a href=\"https:\/\/www.lapampa.gob.ar\/images\/Archivos\/BoletinOficial\/2021\/SepIII3457.pdf\" target=\"_blank\" rel=\"noreferrer noopener\"> Sergio Ziliotto firm\u00f3 un decreto<\/a> que establece que los pampeanos y extranjeros que ingresen a la provincia desde el exterior deber\u00e1n aislarse obligatoriamente durante 14 d\u00edas, lapso que podr\u00e1 ser reducido a 10 d\u00edas por la autoridad sanitaria.<\/strong> La decisi\u00f3n la tom\u00f3 luego del an\u00e1lisis de la situaci\u00f3n sanitaria que <strong><a href=\"http:\/\/diariotextual.com\/inicio\/index.php\/2021\/03\/18\/el-presidente-se-reune-con-los-gobernadores-para-analizar-el-avance-de-la-pandemia\/\" target=\"_blank\" rel=\"noreferrer noopener\">el presidente Alberto Fern\u00e1ndez realiz\u00f3 este jueves por videoconferencia con los gobernadores<\/a><\/strong>.<\/p>\n\n\n\n<p>La medida que se implementa en la provincia de La Pampa obedece a la detecci\u00f3n de distintos casos de argentinos que regresaron al pa\u00eds desde el exterior contagiados de Covid-19, incluso algunos siendo portadores de nuevas cepas surgidas en distintos lugares del mundo, argument\u00f3 Ziliotto.<br><\/p>\n\n\n\n<p>El Gobierno provincial estableci\u00f3 que<strong> las personas deber\u00e1n aislarse en los hoteles que la provincia tiene contratados con ese fin<\/strong>. Solo estar\u00e1n exceptuados y podr\u00e1n realizar aislamiento domiciliario las personas y\/o familias que las autoridades sanitarias faculten por razones justificadas y que garanticen el cumplimiento del aislamiento en sus domicilios.<br><\/p>\n\n\n\n<p>Seg\u00fan comunic\u00f3, a los efectos de que quienes ingresen desde el exterior a la provincia puedan registrarse se encuentra habilitado el n\u00famero de tel\u00e9fono 2954 822322.<br><\/p>\n\n\n\n<p>Para coordinar el operativo de aislamiento de quienes regresen del extranjero, la provincia de La Pampa contar\u00e1 con la informaci\u00f3n que suministre el Ministerio del Interior a trav\u00e9s de la Direcci\u00f3n Nacional de Migraciones.<br><\/p>\n\n\n\n<p>El pasado 24 de diciembre de 2020 el Gobierno nacional dispuso el cierre de fronteras para extranjeros no residente y estableci\u00f3 restricciones y condiciones de ingreso y egreso a la Argentina.<br><\/p>\n\n\n\n<p>Asimismo est\u00e1 vigente la recomendaci\u00f3n de las autoridades sanitarias nacionales de evitar los viajes al exterior, en particular a los mayores de 60 a\u00f1os de edad o a personas pertenecientes a los grupos en riesgo cuando los mismos no respondieran al desarrollo de actividades esenciales.<\/p>\n\n\n\n<figure class=\"wp-block-embed is-type-wp-embed is-provider-diario-textual wp-block-embed-diario-textual\"><div class=\"wp-block-embed__wrapper\">\n<blockquote class=\"wp-embedded-content\" data-secret=\"D84JRysDlA\"><a href=\"http:\/\/diariotextual.com\/inicio\/index.php\/2021\/03\/18\/salud-de-la-pampa-ya-habla-de-una-segunda-ola-de-covid-y-apura-mas-inversiones\/\">Salud de La Pampa ya habla de una segunda ola de covid y apura m\u00e1s inversiones<\/a><\/blockquote><iframe class=\"wp-embedded-content\" sandbox=\"allow-scripts\" security=\"restricted\" style=\"position: absolute; clip: rect(1px, 1px, 1px, 1px);\" title=\"\u00abSalud de La Pampa ya habla de una segunda ola de covid y apura m\u00e1s inversiones\u00bb \u2014 Diario Textual\" src=\"http:\/\/diariotextual.com\/inicio\/index.php\/2021\/03\/18\/salud-de-la-pampa-ya-habla-de-una-segunda-ola-de-covid-y-apura-mas-inversiones\/embed\/#?secret=D84JRysDlA\" data-secret=\"D84JRysDlA\" width=\"600\" height=\"338\" frameborder=\"0\" marginwidth=\"0\" marginheight=\"0\" scrolling=\"no\"><\/iframe>\n<\/div><\/figure>\n","protected":false},"excerpt":{"rendered":"<p>En Casa de Gobierno ya descuentan que se viene la segunda ola de coronavirus. Por lo pronto, el mandatario pampeano Sergio Ziliotto firm\u00f3 un decreto que establece que los pampeanos&hellip;<\/p>\n","protected":false},"author":3,"featured_media":119101,"comment_status":"closed","ping_status":"open","sticky":false,"template":"","format":"standard","meta":{"_acf_changed":false,"footnotes":""},"categories":[11,8],"tags":[424],"class_list":["post-138210","post","type-post","status-publish","format-standard","has-post-thumbnail","hentry","category-que-pasa","category-politica","tag-ziliotto"],"acf":[],"yoast_head":"<!-- This site is optimized with the Yoast SEO plugin v27.5 - https:\/\/yoast.com\/product\/yoast-seo-wordpress\/ -->\n<title>Ahora deber\u00e1n aislarse extranjeros y pampeanos que ingresen a la provincia desde el exterior - Diario Textual<\/title>\n<meta name=\"robots\" content=\"index, follow, max-snippet:-1, max-image-preview:large, max-video-preview:-1\" \/>\n<link rel=\"canonical\" href=\"https:\/\/diariotextual.com\/inicio\/index.php\/2021\/03\/18\/ahora-deberan-aislarse-extranjeros-y-pampeanos-que-ingresen-a-la-provincia-desde-el-exterior\/\" \/>\n<meta property=\"og:locale\" content=\"es_ES\" \/>\n<meta property=\"og:type\" content=\"article\" \/>\n<meta property=\"og:title\" content=\"Ahora deber\u00e1n aislarse extranjeros y pampeanos que ingresen a la provincia desde el exterior - Diario Textual\" \/>\n<meta property=\"og:description\" content=\"En Casa de Gobierno ya descuentan que se viene la segunda ola de coronavirus. Por lo pronto, el mandatario pampeano Sergio Ziliotto firm\u00f3 un decreto que establece que los pampeanos&hellip;\" \/>\n<meta property=\"og:url\" content=\"https:\/\/diariotextual.com\/inicio\/index.php\/2021\/03\/18\/ahora-deberan-aislarse-extranjeros-y-pampeanos-que-ingresen-a-la-provincia-desde-el-exterior\/\" \/>\n<meta property=\"og:site_name\" content=\"Diario Textual\" \/>\n<meta property=\"article:publisher\" content=\"https:\/\/www.facebook.com\/eltextual\" \/>\n<meta property=\"article:published_time\" content=\"2021-03-18T21:52:28+00:00\" \/>\n<meta property=\"article:modified_time\" content=\"2021-03-19T13:14:04+00:00\" \/>\n<meta property=\"og:image\" content=\"https:\/\/diariotextual.com\/inicio\/wp-content\/uploads\/2020\/10\/ziliottosergio2020-20002.jpg\" \/>\n\t<meta property=\"og:image:width\" content=\"1379\" \/>\n\t<meta property=\"og:image:height\" content=\"920\" \/>\n\t<meta property=\"og:image:type\" content=\"image\/jpeg\" \/>\n<meta name=\"author\" content=\"Diario1 Diario1\" \/>\n<meta name=\"twitter:card\" content=\"summary_large_image\" \/>\n<meta name=\"twitter:creator\" content=\"@eltextual\" \/>\n<meta name=\"twitter:site\" content=\"@eltextual\" \/>\n<meta name=\"twitter:label1\" content=\"Escrito por\" \/>\n\t<meta name=\"twitter:data1\" content=\"Diario1 Diario1\" \/>\n\t<meta name=\"twitter:label2\" content=\"Tiempo de lectura\" \/>\n\t<meta name=\"twitter:data2\" content=\"2 minutos\" \/>\n<script type=\"application\/ld+json\" class=\"yoast-schema-graph\">{\"@context\":\"https:\\\/\\\/schema.org\",\"@graph\":[{\"@type\":\"Article\",\"@id\":\"https:\\\/\\\/diariotextual.com\\\/inicio\\\/index.php\\\/2021\\\/03\\\/18\\\/ahora-deberan-aislarse-extranjeros-y-pampeanos-que-ingresen-a-la-provincia-desde-el-exterior\\\/#article\",\"isPartOf\":{\"@id\":\"https:\\\/\\\/diariotextual.com\\\/inicio\\\/index.php\\\/2021\\\/03\\\/18\\\/ahora-deberan-aislarse-extranjeros-y-pampeanos-que-ingresen-a-la-provincia-desde-el-exterior\\\/\"},\"author\":{\"name\":\"Diario1 Diario1\",\"@id\":\"https:\\\/\\\/diariotextual.com\\\/inicio\\\/#\\\/schema\\\/person\\\/418fc4093c33e86ed41562db3508f958\"},\"headline\":\"Ahora deber\u00e1n aislarse extranjeros y pampeanos que ingresen a la provincia desde el exterior\",\"datePublished\":\"2021-03-18T21:52:28+00:00\",\"dateModified\":\"2021-03-19T13:14:04+00:00\",\"mainEntityOfPage\":{\"@id\":\"https:\\\/\\\/diariotextual.com\\\/inicio\\\/index.php\\\/2021\\\/03\\\/18\\\/ahora-deberan-aislarse-extranjeros-y-pampeanos-que-ingresen-a-la-provincia-desde-el-exterior\\\/\"},\"wordCount\":349,\"publisher\":{\"@id\":\"https:\\\/\\\/diariotextual.com\\\/inicio\\\/#organization\"},\"image\":{\"@id\":\"https:\\\/\\\/diariotextual.com\\\/inicio\\\/index.php\\\/2021\\\/03\\\/18\\\/ahora-deberan-aislarse-extranjeros-y-pampeanos-que-ingresen-a-la-provincia-desde-el-exterior\\\/#primaryimage\"},\"thumbnailUrl\":\"https:\\\/\\\/diariotextual.com\\\/inicio\\\/wp-content\\\/uploads\\\/2020\\\/10\\\/ziliottosergio2020-20002.jpg\",\"keywords\":[\"ziliotto\"],\"articleSection\":[\"A - QUE PASA (al costado)\",\"POLITICA\"],\"inLanguage\":\"es\"},{\"@type\":\"WebPage\",\"@id\":\"https:\\\/\\\/diariotextual.com\\\/inicio\\\/index.php\\\/2021\\\/03\\\/18\\\/ahora-deberan-aislarse-extranjeros-y-pampeanos-que-ingresen-a-la-provincia-desde-el-exterior\\\/\",\"url\":\"https:\\\/\\\/diariotextual.com\\\/inicio\\\/index.php\\\/2021\\\/03\\\/18\\\/ahora-deberan-aislarse-extranjeros-y-pampeanos-que-ingresen-a-la-provincia-desde-el-exterior\\\/\",\"name\":\"Ahora deber\u00e1n aislarse extranjeros y pampeanos que ingresen a la provincia desde el exterior - Diario Textual\",\"isPartOf\":{\"@id\":\"https:\\\/\\\/diariotextual.com\\\/inicio\\\/#website\"},\"primaryImageOfPage\":{\"@id\":\"https:\\\/\\\/diariotextual.com\\\/inicio\\\/index.php\\\/2021\\\/03\\\/18\\\/ahora-deberan-aislarse-extranjeros-y-pampeanos-que-ingresen-a-la-provincia-desde-el-exterior\\\/#primaryimage\"},\"image\":{\"@id\":\"https:\\\/\\\/diariotextual.com\\\/inicio\\\/index.php\\\/2021\\\/03\\\/18\\\/ahora-deberan-aislarse-extranjeros-y-pampeanos-que-ingresen-a-la-provincia-desde-el-exterior\\\/#primaryimage\"},\"thumbnailUrl\":\"https:\\\/\\\/diariotextual.com\\\/inicio\\\/wp-content\\\/uploads\\\/2020\\\/10\\\/ziliottosergio2020-20002.jpg\",\"datePublished\":\"2021-03-18T21:52:28+00:00\",\"dateModified\":\"2021-03-19T13:14:04+00:00\",\"breadcrumb\":{\"@id\":\"https:\\\/\\\/diariotextual.com\\\/inicio\\\/index.php\\\/2021\\\/03\\\/18\\\/ahora-deberan-aislarse-extranjeros-y-pampeanos-que-ingresen-a-la-provincia-desde-el-exterior\\\/#breadcrumb\"},\"inLanguage\":\"es\",\"potentialAction\":[{\"@type\":\"ReadAction\",\"target\":[\"https:\\\/\\\/diariotextual.com\\\/inicio\\\/index.php\\\/2021\\\/03\\\/18\\\/ahora-deberan-aislarse-extranjeros-y-pampeanos-que-ingresen-a-la-provincia-desde-el-exterior\\\/\"]}]},{\"@type\":\"ImageObject\",\"inLanguage\":\"es\",\"@id\":\"https:\\\/\\\/diariotextual.com\\\/inicio\\\/index.php\\\/2021\\\/03\\\/18\\\/ahora-deberan-aislarse-extranjeros-y-pampeanos-que-ingresen-a-la-provincia-desde-el-exterior\\\/#primaryimage\",\"url\":\"https:\\\/\\\/diariotextual.com\\\/inicio\\\/wp-content\\\/uploads\\\/2020\\\/10\\\/ziliottosergio2020-20002.jpg\",\"contentUrl\":\"https:\\\/\\\/diariotextual.com\\\/inicio\\\/wp-content\\\/uploads\\\/2020\\\/10\\\/ziliottosergio2020-20002.jpg\",\"width\":1379,\"height\":920},{\"@type\":\"BreadcrumbList\",\"@id\":\"https:\\\/\\\/diariotextual.com\\\/inicio\\\/index.php\\\/2021\\\/03\\\/18\\\/ahora-deberan-aislarse-extranjeros-y-pampeanos-que-ingresen-a-la-provincia-desde-el-exterior\\\/#breadcrumb\",\"itemListElement\":[{\"@type\":\"ListItem\",\"position\":1,\"name\":\"Portada\",\"item\":\"https:\\\/\\\/diariotextual.com\\\/inicio\\\/\"},{\"@type\":\"ListItem\",\"position\":2,\"name\":\"Ahora deber\u00e1n aislarse extranjeros y pampeanos que ingresen a la provincia desde el exterior\"}]},{\"@type\":\"WebSite\",\"@id\":\"https:\\\/\\\/diariotextual.com\\\/inicio\\\/#website\",\"url\":\"https:\\\/\\\/diariotextual.com\\\/inicio\\\/\",\"name\":\"Diario Textual\",\"description\":\"\",\"publisher\":{\"@id\":\"https:\\\/\\\/diariotextual.com\\\/inicio\\\/#organization\"},\"potentialAction\":[{\"@type\":\"SearchAction\",\"target\":{\"@type\":\"EntryPoint\",\"urlTemplate\":\"https:\\\/\\\/diariotextual.com\\\/inicio\\\/?s={search_term_string}\"},\"query-input\":{\"@type\":\"PropertyValueSpecification\",\"valueRequired\":true,\"valueName\":\"search_term_string\"}}],\"inLanguage\":\"es\"},{\"@type\":\"Organization\",\"@id\":\"https:\\\/\\\/diariotextual.com\\\/inicio\\\/#organization\",\"name\":\"Diario Textual\",\"url\":\"https:\\\/\\\/diariotextual.com\\\/inicio\\\/\",\"logo\":{\"@type\":\"ImageObject\",\"inLanguage\":\"es\",\"@id\":\"https:\\\/\\\/diariotextual.com\\\/inicio\\\/#\\\/schema\\\/logo\\\/image\\\/\",\"url\":\"https:\\\/\\\/diariotextual.com\\\/inicio\\\/wp-content\\\/uploads\\\/2023\\\/05\\\/logotextual1.jpg\",\"contentUrl\":\"https:\\\/\\\/diariotextual.com\\\/inicio\\\/wp-content\\\/uploads\\\/2023\\\/05\\\/logotextual1.jpg\",\"width\":516,\"height\":76,\"caption\":\"Diario Textual\"},\"image\":{\"@id\":\"https:\\\/\\\/diariotextual.com\\\/inicio\\\/#\\\/schema\\\/logo\\\/image\\\/\"},\"sameAs\":[\"https:\\\/\\\/www.facebook.com\\\/eltextual\",\"https:\\\/\\\/x.com\\\/eltextual\",\"http:\\\/\\\/www.instagram.com\\\/eltextual\"]},{\"@type\":\"Person\",\"@id\":\"https:\\\/\\\/diariotextual.com\\\/inicio\\\/#\\\/schema\\\/person\\\/418fc4093c33e86ed41562db3508f958\",\"name\":\"Diario1 Diario1\",\"image\":{\"@type\":\"ImageObject\",\"inLanguage\":\"es\",\"@id\":\"https:\\\/\\\/secure.gravatar.com\\\/avatar\\\/9167d280179c85bc18be67aa7eda765854300033af4896dd779b608640f2ef7a?s=96&d=mm&r=g\",\"url\":\"https:\\\/\\\/secure.gravatar.com\\\/avatar\\\/9167d280179c85bc18be67aa7eda765854300033af4896dd779b608640f2ef7a?s=96&d=mm&r=g\",\"contentUrl\":\"https:\\\/\\\/secure.gravatar.com\\\/avatar\\\/9167d280179c85bc18be67aa7eda765854300033af4896dd779b608640f2ef7a?s=96&d=mm&r=g\",\"caption\":\"Diario1 Diario1\"},\"url\":\"https:\\\/\\\/diariotextual.com\\\/inicio\\\/index.php\\\/author\\\/diario1\\\/\"}]}<\/script>\n<!-- \/ Yoast SEO plugin. -->","yoast_head_json":{"title":"Ahora deber\u00e1n aislarse extranjeros y pampeanos que ingresen a la provincia desde el exterior - Diario Textual","robots":{"index":"index","follow":"follow","max-snippet":"max-snippet:-1","max-image-preview":"max-image-preview:large","max-video-preview":"max-video-preview:-1"},"canonical":"https:\/\/diariotextual.com\/inicio\/index.php\/2021\/03\/18\/ahora-deberan-aislarse-extranjeros-y-pampeanos-que-ingresen-a-la-provincia-desde-el-exterior\/","og_locale":"es_ES","og_type":"article","og_title":"Ahora deber\u00e1n aislarse extranjeros y pampeanos que ingresen a la provincia desde el exterior - Diario Textual","og_description":"En Casa de Gobierno ya descuentan que se viene la segunda ola de coronavirus. Por lo pronto, el mandatario pampeano Sergio Ziliotto firm\u00f3 un decreto que establece que los pampeanos&hellip;","og_url":"https:\/\/diariotextual.com\/inicio\/index.php\/2021\/03\/18\/ahora-deberan-aislarse-extranjeros-y-pampeanos-que-ingresen-a-la-provincia-desde-el-exterior\/","og_site_name":"Diario Textual","article_publisher":"https:\/\/www.facebook.com\/eltextual","article_published_time":"2021-03-18T21:52:28+00:00","article_modified_time":"2021-03-19T13:14:04+00:00","og_image":[{"width":1379,"height":920,"url":"https:\/\/diariotextual.com\/inicio\/wp-content\/uploads\/2020\/10\/ziliottosergio2020-20002.jpg","type":"image\/jpeg"}],"author":"Diario1 Diario1","twitter_card":"summary_large_image","twitter_creator":"@eltextual","twitter_site":"@eltextual","twitter_misc":{"Escrito por":"Diario1 Diario1","Tiempo de lectura":"2 minutos"},"schema":{"@context":"https:\/\/schema.org","@graph":[{"@type":"Article","@id":"https:\/\/diariotextual.com\/inicio\/index.php\/2021\/03\/18\/ahora-deberan-aislarse-extranjeros-y-pampeanos-que-ingresen-a-la-provincia-desde-el-exterior\/#article","isPartOf":{"@id":"https:\/\/diariotextual.com\/inicio\/index.php\/2021\/03\/18\/ahora-deberan-aislarse-extranjeros-y-pampeanos-que-ingresen-a-la-provincia-desde-el-exterior\/"},"author":{"name":"Diario1 Diario1","@id":"https:\/\/diariotextual.com\/inicio\/#\/schema\/person\/418fc4093c33e86ed41562db3508f958"},"headline":"Ahora deber\u00e1n aislarse extranjeros y pampeanos que ingresen a la provincia desde el exterior","datePublished":"2021-03-18T21:52:28+00:00","dateModified":"2021-03-19T13:14:04+00:00","mainEntityOfPage":{"@id":"https:\/\/diariotextual.com\/inicio\/index.php\/2021\/03\/18\/ahora-deberan-aislarse-extranjeros-y-pampeanos-que-ingresen-a-la-provincia-desde-el-exterior\/"},"wordCount":349,"publisher":{"@id":"https:\/\/diariotextual.com\/inicio\/#organization"},"image":{"@id":"https:\/\/diariotextual.com\/inicio\/index.php\/2021\/03\/18\/ahora-deberan-aislarse-extranjeros-y-pampeanos-que-ingresen-a-la-provincia-desde-el-exterior\/#primaryimage"},"thumbnailUrl":"https:\/\/diariotextual.com\/inicio\/wp-content\/uploads\/2020\/10\/ziliottosergio2020-20002.jpg","keywords":["ziliotto"],"articleSection":["A - QUE PASA (al costado)","POLITICA"],"inLanguage":"es"},{"@type":"WebPage","@id":"https:\/\/diariotextual.com\/inicio\/index.php\/2021\/03\/18\/ahora-deberan-aislarse-extranjeros-y-pampeanos-que-ingresen-a-la-provincia-desde-el-exterior\/","url":"https:\/\/diariotextual.com\/inicio\/index.php\/2021\/03\/18\/ahora-deberan-aislarse-extranjeros-y-pampeanos-que-ingresen-a-la-provincia-desde-el-exterior\/","name":"Ahora deber\u00e1n aislarse extranjeros y pampeanos que ingresen a la provincia desde el exterior - Diario Textual","isPartOf":{"@id":"https:\/\/diariotextual.com\/inicio\/#website"},"primaryImageOfPage":{"@id":"https:\/\/diariotextual.com\/inicio\/index.php\/2021\/03\/18\/ahora-deberan-aislarse-extranjeros-y-pampeanos-que-ingresen-a-la-provincia-desde-el-exterior\/#primaryimage"},"image":{"@id":"https:\/\/diariotextual.com\/inicio\/index.php\/2021\/03\/18\/ahora-deberan-aislarse-extranjeros-y-pampeanos-que-ingresen-a-la-provincia-desde-el-exterior\/#primaryimage"},"thumbnailUrl":"https:\/\/diariotextual.com\/inicio\/wp-content\/uploads\/2020\/10\/ziliottosergio2020-20002.jpg","datePublished":"2021-03-18T21:52:28+00:00","dateModified":"2021-03-19T13:14:04+00:00","breadcrumb":{"@id":"https:\/\/diariotextual.com\/inicio\/index.php\/2021\/03\/18\/ahora-deberan-aislarse-extranjeros-y-pampeanos-que-ingresen-a-la-provincia-desde-el-exterior\/#breadcrumb"},"inLanguage":"es","potentialAction":[{"@type":"ReadAction","target":["https:\/\/diariotextual.com\/inicio\/index.php\/2021\/03\/18\/ahora-deberan-aislarse-extranjeros-y-pampeanos-que-ingresen-a-la-provincia-desde-el-exterior\/"]}]},{"@type":"ImageObject","inLanguage":"es","@id":"https:\/\/diariotextual.com\/inicio\/index.php\/2021\/03\/18\/ahora-deberan-aislarse-extranjeros-y-pampeanos-que-ingresen-a-la-provincia-desde-el-exterior\/#primaryimage","url":"https:\/\/diariotextual.com\/inicio\/wp-content\/uploads\/2020\/10\/ziliottosergio2020-20002.jpg","contentUrl":"https:\/\/diariotextual.com\/inicio\/wp-content\/uploads\/2020\/10\/ziliottosergio2020-20002.jpg","width":1379,"height":920},{"@type":"BreadcrumbList","@id":"https:\/\/diariotextual.com\/inicio\/index.php\/2021\/03\/18\/ahora-deberan-aislarse-extranjeros-y-pampeanos-que-ingresen-a-la-provincia-desde-el-exterior\/#breadcrumb","itemListElement":[{"@type":"ListItem","position":1,"name":"Portada","item":"https:\/\/diariotextual.com\/inicio\/"},{"@type":"ListItem","position":2,"name":"Ahora deber\u00e1n aislarse extranjeros y pampeanos que ingresen a la provincia desde el exterior"}]},{"@type":"WebSite","@id":"https:\/\/diariotextual.com\/inicio\/#website","url":"https:\/\/diariotextual.com\/inicio\/","name":"Diario Textual","description":"","publisher":{"@id":"https:\/\/diariotextual.com\/inicio\/#organization"},"potentialAction":[{"@type":"SearchAction","target":{"@type":"EntryPoint","urlTemplate":"https:\/\/diariotextual.com\/inicio\/?s={search_term_string}"},"query-input":{"@type":"PropertyValueSpecification","valueRequired":true,"valueName":"search_term_string"}}],"inLanguage":"es"},{"@type":"Organization","@id":"https:\/\/diariotextual.com\/inicio\/#organization","name":"Diario Textual","url":"https:\/\/diariotextual.com\/inicio\/","logo":{"@type":"ImageObject","inLanguage":"es","@id":"https:\/\/diariotextual.com\/inicio\/#\/schema\/logo\/image\/","url":"https:\/\/diariotextual.com\/inicio\/wp-content\/uploads\/2023\/05\/logotextual1.jpg","contentUrl":"https:\/\/diariotextual.com\/inicio\/wp-content\/uploads\/2023\/05\/logotextual1.jpg","width":516,"height":76,"caption":"Diario Textual"},"image":{"@id":"https:\/\/diariotextual.com\/inicio\/#\/schema\/logo\/image\/"},"sameAs":["https:\/\/www.facebook.com\/eltextual","https:\/\/x.com\/eltextual","http:\/\/www.instagram.com\/eltextual"]},{"@type":"Person","@id":"https:\/\/diariotextual.com\/inicio\/#\/schema\/person\/418fc4093c33e86ed41562db3508f958","name":"Diario1 Diario1","image":{"@type":"ImageObject","inLanguage":"es","@id":"https:\/\/secure.gravatar.com\/avatar\/9167d280179c85bc18be67aa7eda765854300033af4896dd779b608640f2ef7a?s=96&d=mm&r=g","url":"https:\/\/secure.gravatar.com\/avatar\/9167d280179c85bc18be67aa7eda765854300033af4896dd779b608640f2ef7a?s=96&d=mm&r=g","contentUrl":"https:\/\/secure.gravatar.com\/avatar\/9167d280179c85bc18be67aa7eda765854300033af4896dd779b608640f2ef7a?s=96&d=mm&r=g","caption":"Diario1 Diario1"},"url":"https:\/\/diariotextual.com\/inicio\/index.php\/author\/diario1\/"}]}},"_links":{"self":[{"href":"https:\/\/diariotextual.com\/inicio\/index.php\/wp-json\/wp\/v2\/posts\/138210","targetHints":{"allow":["GET"]}}],"collection":[{"href":"https:\/\/diariotextual.com\/inicio\/index.php\/wp-json\/wp\/v2\/posts"}],"about":[{"href":"https:\/\/diariotextual.com\/inicio\/index.php\/wp-json\/wp\/v2\/types\/post"}],"author":[{"embeddable":true,"href":"https:\/\/diariotextual.com\/inicio\/index.php\/wp-json\/wp\/v2\/users\/3"}],"replies":[{"embeddable":true,"href":"https:\/\/diariotextual.com\/inicio\/index.php\/wp-json\/wp\/v2\/comments?post=138210"}],"version-history":[{"count":9,"href":"https:\/\/diariotextual.com\/inicio\/index.php\/wp-json\/wp\/v2\/posts\/138210\/revisions"}],"predecessor-version":[{"id":138266,"href":"https:\/\/diariotextual.com\/inicio\/index.php\/wp-json\/wp\/v2\/posts\/138210\/revisions\/138266"}],"wp:featuredmedia":[{"embeddable":true,"href":"https:\/\/diariotextual.com\/inicio\/index.php\/wp-json\/wp\/v2\/media\/119101"}],"wp:attachment":[{"href":"https:\/\/diariotextual.com\/inicio\/index.php\/wp-json\/wp\/v2\/media?parent=138210"}],"wp:term":[{"taxonomy":"category","embeddable":true,"href":"https:\/\/diariotextual.com\/inicio\/index.php\/wp-json\/wp\/v2\/categories?post=138210"},{"taxonomy":"post_tag","embeddable":true,"href":"https:\/\/diariotextual.com\/inicio\/index.php\/wp-json\/wp\/v2\/tags?post=138210"}],"curies":[{"name":"wp","href":"https:\/\/api.w.org\/{rel}","templated":true}]}}