{"id":138244,"date":"2021-03-18T21:21:31","date_gmt":"2021-03-19T00:21:31","guid":{"rendered":"http:\/\/diariotextual.com\/inicio\/?p=138244"},"modified":"2021-03-19T09:56:39","modified_gmt":"2021-03-19T12:56:39","slug":"finalmente-la-pampa-aprobo-el-protocolo-y-habilito-los-internados-en-los-colegios","status":"publish","type":"post","link":"https:\/\/diariotextual.com\/inicio\/index.php\/2021\/03\/18\/finalmente-la-pampa-aprobo-el-protocolo-y-habilito-los-internados-en-los-colegios\/","title":{"rendered":"Finalmente La Pampa aprob\u00f3 el protocolo y habilit\u00f3 los internados en los colegios"},"content":{"rendered":"\n<p>El Gobierno pampeano firm\u00f3 finalmente la autorizaci\u00f3n para que vuelvan a funcionar los internados en colegios primarios y secundarios.<\/p>\n\n\n\n<p>Era una medida esperada por la comunidad educativa. En las \u00faltimas semanas, las quejas m\u00e1s recurrentes se hab\u00edan concentrado en Realic\u00f3: all\u00ed hay internados en el Colegio Agropecuario y <strong><a href=\"http:\/\/diariotextual.com\/inicio\/index.php\/2021\/03\/15\/llevo-a-sus-hijos-a-vivir-a-una-casilla-para-que-puedan-estudiar-en-la-epet-de-realico\/\" target=\"_blank\" rel=\"noreferrer noopener\">la Epet<\/a><\/strong>.<\/p>\n\n\n\n<p>Esa situaci\u00f3n, de todas maneras, preocupaba en las escuelas hogares y otras instituciones.<\/p>\n\n\n\n<p>Este jueves el Ministerio de Educaci\u00f3n de La Pampa inform\u00f3 que, en el marco de la Comisi\u00f3n Mixta de Salud y Seguridad en el Trabajo, se aprob\u00f3 el protocolo sobre la habilitaci\u00f3n de las residencias estudiantiles y las escuelas hogares en la provincia, el cual formar\u00e1 parte de los anexos pertenecientes al documento marco \u00abLineamientos Generales y Protocolo de Actuaci\u00f3n para el Regreso Presencial a las Aulas\u00bb.<\/p>\n\n\n\n<figure class=\"wp-block-embed is-type-wp-embed is-provider-diario-textual wp-block-embed-diario-textual\"><div class=\"wp-block-embed__wrapper\">\n<blockquote class=\"wp-embedded-content\" data-secret=\"8NsmzGrDG4\"><a href=\"http:\/\/diariotextual.com\/inicio\/index.php\/2021\/03\/18\/ahora-deberan-aislarse-extranjeros-y-pampeanos-que-ingresen-a-la-provincia-desde-el-exterior\/\">Ahora deber\u00e1n aislarse extranjeros y pampeanos que ingresen a la provincia desde el exterior<\/a><\/blockquote><iframe class=\"wp-embedded-content\" sandbox=\"allow-scripts\" security=\"restricted\" style=\"position: absolute; clip: rect(1px, 1px, 1px, 1px);\" title=\"\u00abAhora deber\u00e1n aislarse extranjeros y pampeanos que ingresen a la provincia desde el exterior\u00bb \u2014 Diario Textual\" src=\"http:\/\/diariotextual.com\/inicio\/index.php\/2021\/03\/18\/ahora-deberan-aislarse-extranjeros-y-pampeanos-que-ingresen-a-la-provincia-desde-el-exterior\/embed\/#?secret=8NsmzGrDG4\" data-secret=\"8NsmzGrDG4\" width=\"600\" height=\"338\" frameborder=\"0\" marginwidth=\"0\" marginheight=\"0\" scrolling=\"no\"><\/iframe>\n<\/div><\/figure>\n\n\n\n<p>El protocolo ser\u00e1 publicado oficialmente en el sitio web del Ministerio de Educaci\u00f3n de La Pampa &#8211; en el micrositio \u201cVolvemos al Aula\u201d &#8211; y ser\u00e1 compartido a las instituciones educativas pampeanas. \u201cA partir de esta definici\u00f3n, los establecimientos escolares que cuenten con residencias articular\u00e1n dicha normativa con su Plan Institucional de Regreso a la Presencialidad, y posteriormente requerir\u00e1 la aprobaci\u00f3n de la Direcci\u00f3n de Nivel o Subsecretar\u00eda correspondiente\u201d, se inform\u00f3.<\/p>\n\n\n\n<figure class=\"wp-block-embed is-type-wp-embed is-provider-diario-textual wp-block-embed-diario-textual\"><div class=\"wp-block-embed__wrapper\">\n<blockquote class=\"wp-embedded-content\" data-secret=\"aMkAbWtZb0\"><a href=\"http:\/\/diariotextual.com\/inicio\/index.php\/2021\/03\/15\/llevo-a-sus-hijos-a-vivir-a-una-casilla-para-que-puedan-estudiar-en-la-epet-de-realico\/\">Sin internados, llev\u00f3 a sus hijos a vivir a una casilla para que puedan estudiar en Realic\u00f3<\/a><\/blockquote><iframe class=\"wp-embedded-content\" sandbox=\"allow-scripts\" security=\"restricted\" style=\"position: absolute; clip: rect(1px, 1px, 1px, 1px);\" title=\"\u00abSin internados, llev\u00f3 a sus hijos a vivir a una casilla para que puedan estudiar en Realic\u00f3\u00bb \u2014 Diario Textual\" src=\"http:\/\/diariotextual.com\/inicio\/index.php\/2021\/03\/15\/llevo-a-sus-hijos-a-vivir-a-una-casilla-para-que-puedan-estudiar-en-la-epet-de-realico\/embed\/#?secret=aMkAbWtZb0\" data-secret=\"aMkAbWtZb0\" width=\"600\" height=\"338\" frameborder=\"0\" marginwidth=\"0\" marginheight=\"0\" scrolling=\"no\"><\/iframe>\n<\/div><\/figure>\n","protected":false},"excerpt":{"rendered":"<p>El Gobierno pampeano firm\u00f3 finalmente la autorizaci\u00f3n para que vuelvan a funcionar los internados en colegios primarios y secundarios. Era una medida esperada por la comunidad educativa. En las \u00faltimas&hellip;<\/p>\n","protected":false},"author":3,"featured_media":135876,"comment_status":"closed","ping_status":"open","sticky":false,"template":"","format":"standard","meta":{"_acf_changed":false,"footnotes":""},"categories":[10,12],"tags":[944,5175],"class_list":["post-138244","post","type-post","status-publish","format-standard","has-post-thumbnail","hentry","category-portada-2","category-sociedad","tag-colegio","tag-internados"],"acf":[],"yoast_head":"<!-- This site is optimized with the Yoast SEO plugin v27.5 - https:\/\/yoast.com\/product\/yoast-seo-wordpress\/ -->\n<title>Finalmente La Pampa aprob\u00f3 el protocolo y habilit\u00f3 los internados en los colegios - Diario Textual<\/title>\n<meta name=\"robots\" content=\"index, follow, max-snippet:-1, max-image-preview:large, max-video-preview:-1\" \/>\n<link rel=\"canonical\" href=\"https:\/\/diariotextual.com\/inicio\/index.php\/2021\/03\/18\/finalmente-la-pampa-aprobo-el-protocolo-y-habilito-los-internados-en-los-colegios\/\" \/>\n<meta property=\"og:locale\" content=\"es_ES\" \/>\n<meta property=\"og:type\" content=\"article\" \/>\n<meta property=\"og:title\" content=\"Finalmente La Pampa aprob\u00f3 el protocolo y habilit\u00f3 los internados en los colegios - Diario Textual\" \/>\n<meta property=\"og:description\" content=\"El Gobierno pampeano firm\u00f3 finalmente la autorizaci\u00f3n para que vuelvan a funcionar los internados en colegios primarios y secundarios. Era una medida esperada por la comunidad educativa. En las \u00faltimas&hellip;\" \/>\n<meta property=\"og:url\" content=\"https:\/\/diariotextual.com\/inicio\/index.php\/2021\/03\/18\/finalmente-la-pampa-aprobo-el-protocolo-y-habilito-los-internados-en-los-colegios\/\" \/>\n<meta property=\"og:site_name\" content=\"Diario Textual\" \/>\n<meta property=\"article:publisher\" content=\"https:\/\/www.facebook.com\/eltextual\" \/>\n<meta property=\"article:published_time\" content=\"2021-03-19T00:21:31+00:00\" \/>\n<meta property=\"article:modified_time\" content=\"2021-03-19T12:56:39+00:00\" \/>\n<meta property=\"og:image\" content=\"https:\/\/diariotextual.com\/inicio\/wp-content\/uploads\/2021\/03\/colegiosociedadruralrealico2021-2.jpg\" \/>\n\t<meta property=\"og:image:width\" content=\"879\" \/>\n\t<meta property=\"og:image:height\" content=\"586\" \/>\n\t<meta property=\"og:image:type\" content=\"image\/jpeg\" \/>\n<meta name=\"author\" content=\"Diario1 Diario1\" \/>\n<meta name=\"twitter:card\" content=\"summary_large_image\" \/>\n<meta name=\"twitter:creator\" content=\"@eltextual\" \/>\n<meta name=\"twitter:site\" content=\"@eltextual\" \/>\n<meta name=\"twitter:label1\" content=\"Escrito por\" \/>\n\t<meta name=\"twitter:data1\" content=\"Diario1 Diario1\" \/>\n\t<meta name=\"twitter:label2\" content=\"Tiempo de lectura\" \/>\n\t<meta name=\"twitter:data2\" content=\"1 minuto\" \/>\n<script type=\"application\/ld+json\" class=\"yoast-schema-graph\">{\"@context\":\"https:\\\/\\\/schema.org\",\"@graph\":[{\"@type\":\"Article\",\"@id\":\"https:\\\/\\\/diariotextual.com\\\/inicio\\\/index.php\\\/2021\\\/03\\\/18\\\/finalmente-la-pampa-aprobo-el-protocolo-y-habilito-los-internados-en-los-colegios\\\/#article\",\"isPartOf\":{\"@id\":\"https:\\\/\\\/diariotextual.com\\\/inicio\\\/index.php\\\/2021\\\/03\\\/18\\\/finalmente-la-pampa-aprobo-el-protocolo-y-habilito-los-internados-en-los-colegios\\\/\"},\"author\":{\"name\":\"Diario1 Diario1\",\"@id\":\"https:\\\/\\\/diariotextual.com\\\/inicio\\\/#\\\/schema\\\/person\\\/418fc4093c33e86ed41562db3508f958\"},\"headline\":\"Finalmente La Pampa aprob\u00f3 el protocolo y habilit\u00f3 los internados en los colegios\",\"datePublished\":\"2021-03-19T00:21:31+00:00\",\"dateModified\":\"2021-03-19T12:56:39+00:00\",\"mainEntityOfPage\":{\"@id\":\"https:\\\/\\\/diariotextual.com\\\/inicio\\\/index.php\\\/2021\\\/03\\\/18\\\/finalmente-la-pampa-aprobo-el-protocolo-y-habilito-los-internados-en-los-colegios\\\/\"},\"wordCount\":242,\"publisher\":{\"@id\":\"https:\\\/\\\/diariotextual.com\\\/inicio\\\/#organization\"},\"image\":{\"@id\":\"https:\\\/\\\/diariotextual.com\\\/inicio\\\/index.php\\\/2021\\\/03\\\/18\\\/finalmente-la-pampa-aprobo-el-protocolo-y-habilito-los-internados-en-los-colegios\\\/#primaryimage\"},\"thumbnailUrl\":\"https:\\\/\\\/diariotextual.com\\\/inicio\\\/wp-content\\\/uploads\\\/2021\\\/03\\\/colegiosociedadruralrealico2021-2.jpg\",\"keywords\":[\"colegio\",\"internados\"],\"articleSection\":[\"A - PORTADA2\",\"SOCIEDAD\"],\"inLanguage\":\"es\"},{\"@type\":\"WebPage\",\"@id\":\"https:\\\/\\\/diariotextual.com\\\/inicio\\\/index.php\\\/2021\\\/03\\\/18\\\/finalmente-la-pampa-aprobo-el-protocolo-y-habilito-los-internados-en-los-colegios\\\/\",\"url\":\"https:\\\/\\\/diariotextual.com\\\/inicio\\\/index.php\\\/2021\\\/03\\\/18\\\/finalmente-la-pampa-aprobo-el-protocolo-y-habilito-los-internados-en-los-colegios\\\/\",\"name\":\"Finalmente La Pampa aprob\u00f3 el protocolo y habilit\u00f3 los internados en los colegios - Diario Textual\",\"isPartOf\":{\"@id\":\"https:\\\/\\\/diariotextual.com\\\/inicio\\\/#website\"},\"primaryImageOfPage\":{\"@id\":\"https:\\\/\\\/diariotextual.com\\\/inicio\\\/index.php\\\/2021\\\/03\\\/18\\\/finalmente-la-pampa-aprobo-el-protocolo-y-habilito-los-internados-en-los-colegios\\\/#primaryimage\"},\"image\":{\"@id\":\"https:\\\/\\\/diariotextual.com\\\/inicio\\\/index.php\\\/2021\\\/03\\\/18\\\/finalmente-la-pampa-aprobo-el-protocolo-y-habilito-los-internados-en-los-colegios\\\/#primaryimage\"},\"thumbnailUrl\":\"https:\\\/\\\/diariotextual.com\\\/inicio\\\/wp-content\\\/uploads\\\/2021\\\/03\\\/colegiosociedadruralrealico2021-2.jpg\",\"datePublished\":\"2021-03-19T00:21:31+00:00\",\"dateModified\":\"2021-03-19T12:56:39+00:00\",\"breadcrumb\":{\"@id\":\"https:\\\/\\\/diariotextual.com\\\/inicio\\\/index.php\\\/2021\\\/03\\\/18\\\/finalmente-la-pampa-aprobo-el-protocolo-y-habilito-los-internados-en-los-colegios\\\/#breadcrumb\"},\"inLanguage\":\"es\",\"potentialAction\":[{\"@type\":\"ReadAction\",\"target\":[\"https:\\\/\\\/diariotextual.com\\\/inicio\\\/index.php\\\/2021\\\/03\\\/18\\\/finalmente-la-pampa-aprobo-el-protocolo-y-habilito-los-internados-en-los-colegios\\\/\"]}]},{\"@type\":\"ImageObject\",\"inLanguage\":\"es\",\"@id\":\"https:\\\/\\\/diariotextual.com\\\/inicio\\\/index.php\\\/2021\\\/03\\\/18\\\/finalmente-la-pampa-aprobo-el-protocolo-y-habilito-los-internados-en-los-colegios\\\/#primaryimage\",\"url\":\"https:\\\/\\\/diariotextual.com\\\/inicio\\\/wp-content\\\/uploads\\\/2021\\\/03\\\/colegiosociedadruralrealico2021-2.jpg\",\"contentUrl\":\"https:\\\/\\\/diariotextual.com\\\/inicio\\\/wp-content\\\/uploads\\\/2021\\\/03\\\/colegiosociedadruralrealico2021-2.jpg\",\"width\":879,\"height\":586},{\"@type\":\"BreadcrumbList\",\"@id\":\"https:\\\/\\\/diariotextual.com\\\/inicio\\\/index.php\\\/2021\\\/03\\\/18\\\/finalmente-la-pampa-aprobo-el-protocolo-y-habilito-los-internados-en-los-colegios\\\/#breadcrumb\",\"itemListElement\":[{\"@type\":\"ListItem\",\"position\":1,\"name\":\"Portada\",\"item\":\"https:\\\/\\\/diariotextual.com\\\/inicio\\\/\"},{\"@type\":\"ListItem\",\"position\":2,\"name\":\"Finalmente La Pampa aprob\u00f3 el protocolo y habilit\u00f3 los internados en los colegios\"}]},{\"@type\":\"WebSite\",\"@id\":\"https:\\\/\\\/diariotextual.com\\\/inicio\\\/#website\",\"url\":\"https:\\\/\\\/diariotextual.com\\\/inicio\\\/\",\"name\":\"Diario Textual\",\"description\":\"\",\"publisher\":{\"@id\":\"https:\\\/\\\/diariotextual.com\\\/inicio\\\/#organization\"},\"potentialAction\":[{\"@type\":\"SearchAction\",\"target\":{\"@type\":\"EntryPoint\",\"urlTemplate\":\"https:\\\/\\\/diariotextual.com\\\/inicio\\\/?s={search_term_string}\"},\"query-input\":{\"@type\":\"PropertyValueSpecification\",\"valueRequired\":true,\"valueName\":\"search_term_string\"}}],\"inLanguage\":\"es\"},{\"@type\":\"Organization\",\"@id\":\"https:\\\/\\\/diariotextual.com\\\/inicio\\\/#organization\",\"name\":\"Diario Textual\",\"url\":\"https:\\\/\\\/diariotextual.com\\\/inicio\\\/\",\"logo\":{\"@type\":\"ImageObject\",\"inLanguage\":\"es\",\"@id\":\"https:\\\/\\\/diariotextual.com\\\/inicio\\\/#\\\/schema\\\/logo\\\/image\\\/\",\"url\":\"https:\\\/\\\/diariotextual.com\\\/inicio\\\/wp-content\\\/uploads\\\/2023\\\/05\\\/logotextual1.jpg\",\"contentUrl\":\"https:\\\/\\\/diariotextual.com\\\/inicio\\\/wp-content\\\/uploads\\\/2023\\\/05\\\/logotextual1.jpg\",\"width\":516,\"height\":76,\"caption\":\"Diario Textual\"},\"image\":{\"@id\":\"https:\\\/\\\/diariotextual.com\\\/inicio\\\/#\\\/schema\\\/logo\\\/image\\\/\"},\"sameAs\":[\"https:\\\/\\\/www.facebook.com\\\/eltextual\",\"https:\\\/\\\/x.com\\\/eltextual\",\"http:\\\/\\\/www.instagram.com\\\/eltextual\"]},{\"@type\":\"Person\",\"@id\":\"https:\\\/\\\/diariotextual.com\\\/inicio\\\/#\\\/schema\\\/person\\\/418fc4093c33e86ed41562db3508f958\",\"name\":\"Diario1 Diario1\",\"image\":{\"@type\":\"ImageObject\",\"inLanguage\":\"es\",\"@id\":\"https:\\\/\\\/secure.gravatar.com\\\/avatar\\\/9167d280179c85bc18be67aa7eda765854300033af4896dd779b608640f2ef7a?s=96&d=mm&r=g\",\"url\":\"https:\\\/\\\/secure.gravatar.com\\\/avatar\\\/9167d280179c85bc18be67aa7eda765854300033af4896dd779b608640f2ef7a?s=96&d=mm&r=g\",\"contentUrl\":\"https:\\\/\\\/secure.gravatar.com\\\/avatar\\\/9167d280179c85bc18be67aa7eda765854300033af4896dd779b608640f2ef7a?s=96&d=mm&r=g\",\"caption\":\"Diario1 Diario1\"},\"url\":\"https:\\\/\\\/diariotextual.com\\\/inicio\\\/index.php\\\/author\\\/diario1\\\/\"}]}<\/script>\n<!-- \/ Yoast SEO plugin. -->","yoast_head_json":{"title":"Finalmente La Pampa aprob\u00f3 el protocolo y habilit\u00f3 los internados en los colegios - Diario Textual","robots":{"index":"index","follow":"follow","max-snippet":"max-snippet:-1","max-image-preview":"max-image-preview:large","max-video-preview":"max-video-preview:-1"},"canonical":"https:\/\/diariotextual.com\/inicio\/index.php\/2021\/03\/18\/finalmente-la-pampa-aprobo-el-protocolo-y-habilito-los-internados-en-los-colegios\/","og_locale":"es_ES","og_type":"article","og_title":"Finalmente La Pampa aprob\u00f3 el protocolo y habilit\u00f3 los internados en los colegios - Diario Textual","og_description":"El Gobierno pampeano firm\u00f3 finalmente la autorizaci\u00f3n para que vuelvan a funcionar los internados en colegios primarios y secundarios. Era una medida esperada por la comunidad educativa. En las \u00faltimas&hellip;","og_url":"https:\/\/diariotextual.com\/inicio\/index.php\/2021\/03\/18\/finalmente-la-pampa-aprobo-el-protocolo-y-habilito-los-internados-en-los-colegios\/","og_site_name":"Diario Textual","article_publisher":"https:\/\/www.facebook.com\/eltextual","article_published_time":"2021-03-19T00:21:31+00:00","article_modified_time":"2021-03-19T12:56:39+00:00","og_image":[{"width":879,"height":586,"url":"https:\/\/diariotextual.com\/inicio\/wp-content\/uploads\/2021\/03\/colegiosociedadruralrealico2021-2.jpg","type":"image\/jpeg"}],"author":"Diario1 Diario1","twitter_card":"summary_large_image","twitter_creator":"@eltextual","twitter_site":"@eltextual","twitter_misc":{"Escrito por":"Diario1 Diario1","Tiempo de lectura":"1 minuto"},"schema":{"@context":"https:\/\/schema.org","@graph":[{"@type":"Article","@id":"https:\/\/diariotextual.com\/inicio\/index.php\/2021\/03\/18\/finalmente-la-pampa-aprobo-el-protocolo-y-habilito-los-internados-en-los-colegios\/#article","isPartOf":{"@id":"https:\/\/diariotextual.com\/inicio\/index.php\/2021\/03\/18\/finalmente-la-pampa-aprobo-el-protocolo-y-habilito-los-internados-en-los-colegios\/"},"author":{"name":"Diario1 Diario1","@id":"https:\/\/diariotextual.com\/inicio\/#\/schema\/person\/418fc4093c33e86ed41562db3508f958"},"headline":"Finalmente La Pampa aprob\u00f3 el protocolo y habilit\u00f3 los internados en los colegios","datePublished":"2021-03-19T00:21:31+00:00","dateModified":"2021-03-19T12:56:39+00:00","mainEntityOfPage":{"@id":"https:\/\/diariotextual.com\/inicio\/index.php\/2021\/03\/18\/finalmente-la-pampa-aprobo-el-protocolo-y-habilito-los-internados-en-los-colegios\/"},"wordCount":242,"publisher":{"@id":"https:\/\/diariotextual.com\/inicio\/#organization"},"image":{"@id":"https:\/\/diariotextual.com\/inicio\/index.php\/2021\/03\/18\/finalmente-la-pampa-aprobo-el-protocolo-y-habilito-los-internados-en-los-colegios\/#primaryimage"},"thumbnailUrl":"https:\/\/diariotextual.com\/inicio\/wp-content\/uploads\/2021\/03\/colegiosociedadruralrealico2021-2.jpg","keywords":["colegio","internados"],"articleSection":["A - PORTADA2","SOCIEDAD"],"inLanguage":"es"},{"@type":"WebPage","@id":"https:\/\/diariotextual.com\/inicio\/index.php\/2021\/03\/18\/finalmente-la-pampa-aprobo-el-protocolo-y-habilito-los-internados-en-los-colegios\/","url":"https:\/\/diariotextual.com\/inicio\/index.php\/2021\/03\/18\/finalmente-la-pampa-aprobo-el-protocolo-y-habilito-los-internados-en-los-colegios\/","name":"Finalmente La Pampa aprob\u00f3 el protocolo y habilit\u00f3 los internados en los colegios - Diario Textual","isPartOf":{"@id":"https:\/\/diariotextual.com\/inicio\/#website"},"primaryImageOfPage":{"@id":"https:\/\/diariotextual.com\/inicio\/index.php\/2021\/03\/18\/finalmente-la-pampa-aprobo-el-protocolo-y-habilito-los-internados-en-los-colegios\/#primaryimage"},"image":{"@id":"https:\/\/diariotextual.com\/inicio\/index.php\/2021\/03\/18\/finalmente-la-pampa-aprobo-el-protocolo-y-habilito-los-internados-en-los-colegios\/#primaryimage"},"thumbnailUrl":"https:\/\/diariotextual.com\/inicio\/wp-content\/uploads\/2021\/03\/colegiosociedadruralrealico2021-2.jpg","datePublished":"2021-03-19T00:21:31+00:00","dateModified":"2021-03-19T12:56:39+00:00","breadcrumb":{"@id":"https:\/\/diariotextual.com\/inicio\/index.php\/2021\/03\/18\/finalmente-la-pampa-aprobo-el-protocolo-y-habilito-los-internados-en-los-colegios\/#breadcrumb"},"inLanguage":"es","potentialAction":[{"@type":"ReadAction","target":["https:\/\/diariotextual.com\/inicio\/index.php\/2021\/03\/18\/finalmente-la-pampa-aprobo-el-protocolo-y-habilito-los-internados-en-los-colegios\/"]}]},{"@type":"ImageObject","inLanguage":"es","@id":"https:\/\/diariotextual.com\/inicio\/index.php\/2021\/03\/18\/finalmente-la-pampa-aprobo-el-protocolo-y-habilito-los-internados-en-los-colegios\/#primaryimage","url":"https:\/\/diariotextual.com\/inicio\/wp-content\/uploads\/2021\/03\/colegiosociedadruralrealico2021-2.jpg","contentUrl":"https:\/\/diariotextual.com\/inicio\/wp-content\/uploads\/2021\/03\/colegiosociedadruralrealico2021-2.jpg","width":879,"height":586},{"@type":"BreadcrumbList","@id":"https:\/\/diariotextual.com\/inicio\/index.php\/2021\/03\/18\/finalmente-la-pampa-aprobo-el-protocolo-y-habilito-los-internados-en-los-colegios\/#breadcrumb","itemListElement":[{"@type":"ListItem","position":1,"name":"Portada","item":"https:\/\/diariotextual.com\/inicio\/"},{"@type":"ListItem","position":2,"name":"Finalmente La Pampa aprob\u00f3 el protocolo y habilit\u00f3 los internados en los colegios"}]},{"@type":"WebSite","@id":"https:\/\/diariotextual.com\/inicio\/#website","url":"https:\/\/diariotextual.com\/inicio\/","name":"Diario Textual","description":"","publisher":{"@id":"https:\/\/diariotextual.com\/inicio\/#organization"},"potentialAction":[{"@type":"SearchAction","target":{"@type":"EntryPoint","urlTemplate":"https:\/\/diariotextual.com\/inicio\/?s={search_term_string}"},"query-input":{"@type":"PropertyValueSpecification","valueRequired":true,"valueName":"search_term_string"}}],"inLanguage":"es"},{"@type":"Organization","@id":"https:\/\/diariotextual.com\/inicio\/#organization","name":"Diario Textual","url":"https:\/\/diariotextual.com\/inicio\/","logo":{"@type":"ImageObject","inLanguage":"es","@id":"https:\/\/diariotextual.com\/inicio\/#\/schema\/logo\/image\/","url":"https:\/\/diariotextual.com\/inicio\/wp-content\/uploads\/2023\/05\/logotextual1.jpg","contentUrl":"https:\/\/diariotextual.com\/inicio\/wp-content\/uploads\/2023\/05\/logotextual1.jpg","width":516,"height":76,"caption":"Diario Textual"},"image":{"@id":"https:\/\/diariotextual.com\/inicio\/#\/schema\/logo\/image\/"},"sameAs":["https:\/\/www.facebook.com\/eltextual","https:\/\/x.com\/eltextual","http:\/\/www.instagram.com\/eltextual"]},{"@type":"Person","@id":"https:\/\/diariotextual.com\/inicio\/#\/schema\/person\/418fc4093c33e86ed41562db3508f958","name":"Diario1 Diario1","image":{"@type":"ImageObject","inLanguage":"es","@id":"https:\/\/secure.gravatar.com\/avatar\/9167d280179c85bc18be67aa7eda765854300033af4896dd779b608640f2ef7a?s=96&d=mm&r=g","url":"https:\/\/secure.gravatar.com\/avatar\/9167d280179c85bc18be67aa7eda765854300033af4896dd779b608640f2ef7a?s=96&d=mm&r=g","contentUrl":"https:\/\/secure.gravatar.com\/avatar\/9167d280179c85bc18be67aa7eda765854300033af4896dd779b608640f2ef7a?s=96&d=mm&r=g","caption":"Diario1 Diario1"},"url":"https:\/\/diariotextual.com\/inicio\/index.php\/author\/diario1\/"}]}},"_links":{"self":[{"href":"https:\/\/diariotextual.com\/inicio\/index.php\/wp-json\/wp\/v2\/posts\/138244","targetHints":{"allow":["GET"]}}],"collection":[{"href":"https:\/\/diariotextual.com\/inicio\/index.php\/wp-json\/wp\/v2\/posts"}],"about":[{"href":"https:\/\/diariotextual.com\/inicio\/index.php\/wp-json\/wp\/v2\/types\/post"}],"author":[{"embeddable":true,"href":"https:\/\/diariotextual.com\/inicio\/index.php\/wp-json\/wp\/v2\/users\/3"}],"replies":[{"embeddable":true,"href":"https:\/\/diariotextual.com\/inicio\/index.php\/wp-json\/wp\/v2\/comments?post=138244"}],"version-history":[{"count":4,"href":"https:\/\/diariotextual.com\/inicio\/index.php\/wp-json\/wp\/v2\/posts\/138244\/revisions"}],"predecessor-version":[{"id":138249,"href":"https:\/\/diariotextual.com\/inicio\/index.php\/wp-json\/wp\/v2\/posts\/138244\/revisions\/138249"}],"wp:featuredmedia":[{"embeddable":true,"href":"https:\/\/diariotextual.com\/inicio\/index.php\/wp-json\/wp\/v2\/media\/135876"}],"wp:attachment":[{"href":"https:\/\/diariotextual.com\/inicio\/index.php\/wp-json\/wp\/v2\/media?parent=138244"}],"wp:term":[{"taxonomy":"category","embeddable":true,"href":"https:\/\/diariotextual.com\/inicio\/index.php\/wp-json\/wp\/v2\/categories?post=138244"},{"taxonomy":"post_tag","embeddable":true,"href":"https:\/\/diariotextual.com\/inicio\/index.php\/wp-json\/wp\/v2\/tags?post=138244"}],"curies":[{"name":"wp","href":"https:\/\/api.w.org\/{rel}","templated":true}]}}