{"id":138308,"date":"2021-03-19T12:37:17","date_gmt":"2021-03-19T15:37:17","guid":{"rendered":"http:\/\/diariotextual.com\/inicio\/?p=138308"},"modified":"2021-03-19T12:37:18","modified_gmt":"2021-03-19T15:37:18","slug":"estacionamiento-en-santa-rosa-empiezan-a-cobrar-con-la-app-del-celular","status":"publish","type":"post","link":"https:\/\/diariotextual.com\/inicio\/index.php\/2021\/03\/19\/estacionamiento-en-santa-rosa-empiezan-a-cobrar-con-la-app-del-celular\/","title":{"rendered":"Estacionamiento en Santa Rosa: empiezan a cobrar con la app del celular"},"content":{"rendered":"\n<p>La semana que viene entrar\u00e1 en vigencia el nuevo sistema de estacionamiento medido en Santa Rosa, la aplicaci\u00f3n que reemplaza al antiguo sistema de tarjetas de estacionamiento.<\/p>\n\n\n\n<p>Desde el \u00faltimo 2 de marzo el sistema est\u00e1 en marcha pero sin la aplicaci\u00f3n de&nbsp; multas. Se impuso una ventana de tiempo en la que se educ\u00f3 y explic\u00f3, sobre todo a las personas mayores que necesitaban una ayuda y a la gente que ven\u00eda de otras localidades.<\/p>\n\n\n\n<p>En esos d\u00edas, los inspectores de tr\u00e1nsito recorrieron el centro santarrose\u00f1o utilizando un dispositivo en el que verificaban si el conductor hab\u00eda utilizado el pago mediante la aplicaci\u00f3n para estacionar. En caso negativo, les dejaban dos folletos, uno en el que se advert\u00eda sobre el \u201cveh\u00edculo mal estacionado\u201d y en otro donde adem\u00e1s de explicarse c\u00f3mo funciona el SEM, hab\u00eda un mapa donde se pod\u00eda ver la zona asignada al estacionamiento medido.<\/p>\n\n\n\n<p>Una de las dificultades m\u00e1s comunes que los inspectores e inspectoras observaron era que la gente por sol\u00eda abrir la aplicaci\u00f3n pero se olvidaba de finalizar el tr\u00e1mite, para lo que hay una ventanita que tiene una alarma que sirve para que eso no suceda, advirtieron.<\/p>\n","protected":false},"excerpt":{"rendered":"<p>La semana que viene entrar\u00e1 en vigencia el nuevo sistema de estacionamiento medido en Santa Rosa, la aplicaci\u00f3n que reemplaza al antiguo sistema de tarjetas de estacionamiento. Desde el \u00faltimo&hellip;<\/p>\n","protected":false},"author":3,"featured_media":81796,"comment_status":"closed","ping_status":"open","sticky":false,"template":"","format":"standard","meta":{"_acf_changed":false,"footnotes":""},"categories":[4,12],"tags":[2078],"class_list":["post-138308","post","type-post","status-publish","format-standard","has-post-thumbnail","hentry","category-destacadas","category-sociedad","tag-app"],"acf":[],"yoast_head":"<!-- This site is optimized with the Yoast SEO plugin v27.5 - https:\/\/yoast.com\/product\/yoast-seo-wordpress\/ -->\n<title>Estacionamiento en Santa Rosa: empiezan a cobrar con la app del celular - Diario Textual<\/title>\n<meta name=\"robots\" content=\"index, follow, max-snippet:-1, max-image-preview:large, max-video-preview:-1\" \/>\n<link rel=\"canonical\" href=\"https:\/\/diariotextual.com\/inicio\/index.php\/2021\/03\/19\/estacionamiento-en-santa-rosa-empiezan-a-cobrar-con-la-app-del-celular\/\" \/>\n<meta property=\"og:locale\" content=\"es_ES\" \/>\n<meta property=\"og:type\" content=\"article\" \/>\n<meta property=\"og:title\" content=\"Estacionamiento en Santa Rosa: empiezan a cobrar con la app del celular - Diario Textual\" \/>\n<meta property=\"og:description\" content=\"La semana que viene entrar\u00e1 en vigencia el nuevo sistema de estacionamiento medido en Santa Rosa, la aplicaci\u00f3n que reemplaza al antiguo sistema de tarjetas de estacionamiento. Desde el \u00faltimo&hellip;\" \/>\n<meta property=\"og:url\" content=\"https:\/\/diariotextual.com\/inicio\/index.php\/2021\/03\/19\/estacionamiento-en-santa-rosa-empiezan-a-cobrar-con-la-app-del-celular\/\" \/>\n<meta property=\"og:site_name\" content=\"Diario Textual\" \/>\n<meta property=\"article:publisher\" content=\"https:\/\/www.facebook.com\/eltextual\" \/>\n<meta property=\"article:published_time\" content=\"2021-03-19T15:37:17+00:00\" \/>\n<meta property=\"article:modified_time\" content=\"2021-03-19T15:37:18+00:00\" \/>\n<meta property=\"og:image\" content=\"https:\/\/diariotextual.com\/inicio\/wp-content\/uploads\/2020\/03\/semmobileestacionamiento1.jpg\" \/>\n\t<meta property=\"og:image:width\" content=\"3908\" \/>\n\t<meta property=\"og:image:height\" content=\"2378\" \/>\n\t<meta property=\"og:image:type\" content=\"image\/jpeg\" \/>\n<meta name=\"author\" content=\"Diario1 Diario1\" \/>\n<meta name=\"twitter:card\" content=\"summary_large_image\" \/>\n<meta name=\"twitter:creator\" content=\"@eltextual\" \/>\n<meta name=\"twitter:site\" content=\"@eltextual\" \/>\n<meta name=\"twitter:label1\" content=\"Escrito por\" \/>\n\t<meta name=\"twitter:data1\" content=\"Diario1 Diario1\" \/>\n\t<meta name=\"twitter:label2\" content=\"Tiempo de lectura\" \/>\n\t<meta name=\"twitter:data2\" content=\"1 minuto\" \/>\n<script type=\"application\/ld+json\" class=\"yoast-schema-graph\">{\"@context\":\"https:\\\/\\\/schema.org\",\"@graph\":[{\"@type\":\"Article\",\"@id\":\"https:\\\/\\\/diariotextual.com\\\/inicio\\\/index.php\\\/2021\\\/03\\\/19\\\/estacionamiento-en-santa-rosa-empiezan-a-cobrar-con-la-app-del-celular\\\/#article\",\"isPartOf\":{\"@id\":\"https:\\\/\\\/diariotextual.com\\\/inicio\\\/index.php\\\/2021\\\/03\\\/19\\\/estacionamiento-en-santa-rosa-empiezan-a-cobrar-con-la-app-del-celular\\\/\"},\"author\":{\"name\":\"Diario1 Diario1\",\"@id\":\"https:\\\/\\\/diariotextual.com\\\/inicio\\\/#\\\/schema\\\/person\\\/418fc4093c33e86ed41562db3508f958\"},\"headline\":\"Estacionamiento en Santa Rosa: empiezan a cobrar con la app del celular\",\"datePublished\":\"2021-03-19T15:37:17+00:00\",\"dateModified\":\"2021-03-19T15:37:18+00:00\",\"mainEntityOfPage\":{\"@id\":\"https:\\\/\\\/diariotextual.com\\\/inicio\\\/index.php\\\/2021\\\/03\\\/19\\\/estacionamiento-en-santa-rosa-empiezan-a-cobrar-con-la-app-del-celular\\\/\"},\"wordCount\":224,\"publisher\":{\"@id\":\"https:\\\/\\\/diariotextual.com\\\/inicio\\\/#organization\"},\"image\":{\"@id\":\"https:\\\/\\\/diariotextual.com\\\/inicio\\\/index.php\\\/2021\\\/03\\\/19\\\/estacionamiento-en-santa-rosa-empiezan-a-cobrar-con-la-app-del-celular\\\/#primaryimage\"},\"thumbnailUrl\":\"https:\\\/\\\/diariotextual.com\\\/inicio\\\/wp-content\\\/uploads\\\/2020\\\/03\\\/semmobileestacionamiento1.jpg\",\"keywords\":[\"app\"],\"articleSection\":[\"A - DESTACADAS (mod 16)\",\"SOCIEDAD\"],\"inLanguage\":\"es\"},{\"@type\":\"WebPage\",\"@id\":\"https:\\\/\\\/diariotextual.com\\\/inicio\\\/index.php\\\/2021\\\/03\\\/19\\\/estacionamiento-en-santa-rosa-empiezan-a-cobrar-con-la-app-del-celular\\\/\",\"url\":\"https:\\\/\\\/diariotextual.com\\\/inicio\\\/index.php\\\/2021\\\/03\\\/19\\\/estacionamiento-en-santa-rosa-empiezan-a-cobrar-con-la-app-del-celular\\\/\",\"name\":\"Estacionamiento en Santa Rosa: empiezan a cobrar con la app del celular - Diario Textual\",\"isPartOf\":{\"@id\":\"https:\\\/\\\/diariotextual.com\\\/inicio\\\/#website\"},\"primaryImageOfPage\":{\"@id\":\"https:\\\/\\\/diariotextual.com\\\/inicio\\\/index.php\\\/2021\\\/03\\\/19\\\/estacionamiento-en-santa-rosa-empiezan-a-cobrar-con-la-app-del-celular\\\/#primaryimage\"},\"image\":{\"@id\":\"https:\\\/\\\/diariotextual.com\\\/inicio\\\/index.php\\\/2021\\\/03\\\/19\\\/estacionamiento-en-santa-rosa-empiezan-a-cobrar-con-la-app-del-celular\\\/#primaryimage\"},\"thumbnailUrl\":\"https:\\\/\\\/diariotextual.com\\\/inicio\\\/wp-content\\\/uploads\\\/2020\\\/03\\\/semmobileestacionamiento1.jpg\",\"datePublished\":\"2021-03-19T15:37:17+00:00\",\"dateModified\":\"2021-03-19T15:37:18+00:00\",\"breadcrumb\":{\"@id\":\"https:\\\/\\\/diariotextual.com\\\/inicio\\\/index.php\\\/2021\\\/03\\\/19\\\/estacionamiento-en-santa-rosa-empiezan-a-cobrar-con-la-app-del-celular\\\/#breadcrumb\"},\"inLanguage\":\"es\",\"potentialAction\":[{\"@type\":\"ReadAction\",\"target\":[\"https:\\\/\\\/diariotextual.com\\\/inicio\\\/index.php\\\/2021\\\/03\\\/19\\\/estacionamiento-en-santa-rosa-empiezan-a-cobrar-con-la-app-del-celular\\\/\"]}]},{\"@type\":\"ImageObject\",\"inLanguage\":\"es\",\"@id\":\"https:\\\/\\\/diariotextual.com\\\/inicio\\\/index.php\\\/2021\\\/03\\\/19\\\/estacionamiento-en-santa-rosa-empiezan-a-cobrar-con-la-app-del-celular\\\/#primaryimage\",\"url\":\"https:\\\/\\\/diariotextual.com\\\/inicio\\\/wp-content\\\/uploads\\\/2020\\\/03\\\/semmobileestacionamiento1.jpg\",\"contentUrl\":\"https:\\\/\\\/diariotextual.com\\\/inicio\\\/wp-content\\\/uploads\\\/2020\\\/03\\\/semmobileestacionamiento1.jpg\",\"width\":3908,\"height\":2378},{\"@type\":\"BreadcrumbList\",\"@id\":\"https:\\\/\\\/diariotextual.com\\\/inicio\\\/index.php\\\/2021\\\/03\\\/19\\\/estacionamiento-en-santa-rosa-empiezan-a-cobrar-con-la-app-del-celular\\\/#breadcrumb\",\"itemListElement\":[{\"@type\":\"ListItem\",\"position\":1,\"name\":\"Portada\",\"item\":\"https:\\\/\\\/diariotextual.com\\\/inicio\\\/\"},{\"@type\":\"ListItem\",\"position\":2,\"name\":\"Estacionamiento en Santa Rosa: empiezan a cobrar con la app del celular\"}]},{\"@type\":\"WebSite\",\"@id\":\"https:\\\/\\\/diariotextual.com\\\/inicio\\\/#website\",\"url\":\"https:\\\/\\\/diariotextual.com\\\/inicio\\\/\",\"name\":\"Diario Textual\",\"description\":\"\",\"publisher\":{\"@id\":\"https:\\\/\\\/diariotextual.com\\\/inicio\\\/#organization\"},\"potentialAction\":[{\"@type\":\"SearchAction\",\"target\":{\"@type\":\"EntryPoint\",\"urlTemplate\":\"https:\\\/\\\/diariotextual.com\\\/inicio\\\/?s={search_term_string}\"},\"query-input\":{\"@type\":\"PropertyValueSpecification\",\"valueRequired\":true,\"valueName\":\"search_term_string\"}}],\"inLanguage\":\"es\"},{\"@type\":\"Organization\",\"@id\":\"https:\\\/\\\/diariotextual.com\\\/inicio\\\/#organization\",\"name\":\"Diario Textual\",\"url\":\"https:\\\/\\\/diariotextual.com\\\/inicio\\\/\",\"logo\":{\"@type\":\"ImageObject\",\"inLanguage\":\"es\",\"@id\":\"https:\\\/\\\/diariotextual.com\\\/inicio\\\/#\\\/schema\\\/logo\\\/image\\\/\",\"url\":\"https:\\\/\\\/diariotextual.com\\\/inicio\\\/wp-content\\\/uploads\\\/2023\\\/05\\\/logotextual1.jpg\",\"contentUrl\":\"https:\\\/\\\/diariotextual.com\\\/inicio\\\/wp-content\\\/uploads\\\/2023\\\/05\\\/logotextual1.jpg\",\"width\":516,\"height\":76,\"caption\":\"Diario Textual\"},\"image\":{\"@id\":\"https:\\\/\\\/diariotextual.com\\\/inicio\\\/#\\\/schema\\\/logo\\\/image\\\/\"},\"sameAs\":[\"https:\\\/\\\/www.facebook.com\\\/eltextual\",\"https:\\\/\\\/x.com\\\/eltextual\",\"http:\\\/\\\/www.instagram.com\\\/eltextual\"]},{\"@type\":\"Person\",\"@id\":\"https:\\\/\\\/diariotextual.com\\\/inicio\\\/#\\\/schema\\\/person\\\/418fc4093c33e86ed41562db3508f958\",\"name\":\"Diario1 Diario1\",\"image\":{\"@type\":\"ImageObject\",\"inLanguage\":\"es\",\"@id\":\"https:\\\/\\\/secure.gravatar.com\\\/avatar\\\/9167d280179c85bc18be67aa7eda765854300033af4896dd779b608640f2ef7a?s=96&d=mm&r=g\",\"url\":\"https:\\\/\\\/secure.gravatar.com\\\/avatar\\\/9167d280179c85bc18be67aa7eda765854300033af4896dd779b608640f2ef7a?s=96&d=mm&r=g\",\"contentUrl\":\"https:\\\/\\\/secure.gravatar.com\\\/avatar\\\/9167d280179c85bc18be67aa7eda765854300033af4896dd779b608640f2ef7a?s=96&d=mm&r=g\",\"caption\":\"Diario1 Diario1\"},\"url\":\"https:\\\/\\\/diariotextual.com\\\/inicio\\\/index.php\\\/author\\\/diario1\\\/\"}]}<\/script>\n<!-- \/ Yoast SEO plugin. -->","yoast_head_json":{"title":"Estacionamiento en Santa Rosa: empiezan a cobrar con la app del celular - Diario Textual","robots":{"index":"index","follow":"follow","max-snippet":"max-snippet:-1","max-image-preview":"max-image-preview:large","max-video-preview":"max-video-preview:-1"},"canonical":"https:\/\/diariotextual.com\/inicio\/index.php\/2021\/03\/19\/estacionamiento-en-santa-rosa-empiezan-a-cobrar-con-la-app-del-celular\/","og_locale":"es_ES","og_type":"article","og_title":"Estacionamiento en Santa Rosa: empiezan a cobrar con la app del celular - Diario Textual","og_description":"La semana que viene entrar\u00e1 en vigencia el nuevo sistema de estacionamiento medido en Santa Rosa, la aplicaci\u00f3n que reemplaza al antiguo sistema de tarjetas de estacionamiento. Desde el \u00faltimo&hellip;","og_url":"https:\/\/diariotextual.com\/inicio\/index.php\/2021\/03\/19\/estacionamiento-en-santa-rosa-empiezan-a-cobrar-con-la-app-del-celular\/","og_site_name":"Diario Textual","article_publisher":"https:\/\/www.facebook.com\/eltextual","article_published_time":"2021-03-19T15:37:17+00:00","article_modified_time":"2021-03-19T15:37:18+00:00","og_image":[{"width":3908,"height":2378,"url":"https:\/\/diariotextual.com\/inicio\/wp-content\/uploads\/2020\/03\/semmobileestacionamiento1.jpg","type":"image\/jpeg"}],"author":"Diario1 Diario1","twitter_card":"summary_large_image","twitter_creator":"@eltextual","twitter_site":"@eltextual","twitter_misc":{"Escrito por":"Diario1 Diario1","Tiempo de lectura":"1 minuto"},"schema":{"@context":"https:\/\/schema.org","@graph":[{"@type":"Article","@id":"https:\/\/diariotextual.com\/inicio\/index.php\/2021\/03\/19\/estacionamiento-en-santa-rosa-empiezan-a-cobrar-con-la-app-del-celular\/#article","isPartOf":{"@id":"https:\/\/diariotextual.com\/inicio\/index.php\/2021\/03\/19\/estacionamiento-en-santa-rosa-empiezan-a-cobrar-con-la-app-del-celular\/"},"author":{"name":"Diario1 Diario1","@id":"https:\/\/diariotextual.com\/inicio\/#\/schema\/person\/418fc4093c33e86ed41562db3508f958"},"headline":"Estacionamiento en Santa Rosa: empiezan a cobrar con la app del celular","datePublished":"2021-03-19T15:37:17+00:00","dateModified":"2021-03-19T15:37:18+00:00","mainEntityOfPage":{"@id":"https:\/\/diariotextual.com\/inicio\/index.php\/2021\/03\/19\/estacionamiento-en-santa-rosa-empiezan-a-cobrar-con-la-app-del-celular\/"},"wordCount":224,"publisher":{"@id":"https:\/\/diariotextual.com\/inicio\/#organization"},"image":{"@id":"https:\/\/diariotextual.com\/inicio\/index.php\/2021\/03\/19\/estacionamiento-en-santa-rosa-empiezan-a-cobrar-con-la-app-del-celular\/#primaryimage"},"thumbnailUrl":"https:\/\/diariotextual.com\/inicio\/wp-content\/uploads\/2020\/03\/semmobileestacionamiento1.jpg","keywords":["app"],"articleSection":["A - DESTACADAS (mod 16)","SOCIEDAD"],"inLanguage":"es"},{"@type":"WebPage","@id":"https:\/\/diariotextual.com\/inicio\/index.php\/2021\/03\/19\/estacionamiento-en-santa-rosa-empiezan-a-cobrar-con-la-app-del-celular\/","url":"https:\/\/diariotextual.com\/inicio\/index.php\/2021\/03\/19\/estacionamiento-en-santa-rosa-empiezan-a-cobrar-con-la-app-del-celular\/","name":"Estacionamiento en Santa Rosa: empiezan a cobrar con la app del celular - Diario Textual","isPartOf":{"@id":"https:\/\/diariotextual.com\/inicio\/#website"},"primaryImageOfPage":{"@id":"https:\/\/diariotextual.com\/inicio\/index.php\/2021\/03\/19\/estacionamiento-en-santa-rosa-empiezan-a-cobrar-con-la-app-del-celular\/#primaryimage"},"image":{"@id":"https:\/\/diariotextual.com\/inicio\/index.php\/2021\/03\/19\/estacionamiento-en-santa-rosa-empiezan-a-cobrar-con-la-app-del-celular\/#primaryimage"},"thumbnailUrl":"https:\/\/diariotextual.com\/inicio\/wp-content\/uploads\/2020\/03\/semmobileestacionamiento1.jpg","datePublished":"2021-03-19T15:37:17+00:00","dateModified":"2021-03-19T15:37:18+00:00","breadcrumb":{"@id":"https:\/\/diariotextual.com\/inicio\/index.php\/2021\/03\/19\/estacionamiento-en-santa-rosa-empiezan-a-cobrar-con-la-app-del-celular\/#breadcrumb"},"inLanguage":"es","potentialAction":[{"@type":"ReadAction","target":["https:\/\/diariotextual.com\/inicio\/index.php\/2021\/03\/19\/estacionamiento-en-santa-rosa-empiezan-a-cobrar-con-la-app-del-celular\/"]}]},{"@type":"ImageObject","inLanguage":"es","@id":"https:\/\/diariotextual.com\/inicio\/index.php\/2021\/03\/19\/estacionamiento-en-santa-rosa-empiezan-a-cobrar-con-la-app-del-celular\/#primaryimage","url":"https:\/\/diariotextual.com\/inicio\/wp-content\/uploads\/2020\/03\/semmobileestacionamiento1.jpg","contentUrl":"https:\/\/diariotextual.com\/inicio\/wp-content\/uploads\/2020\/03\/semmobileestacionamiento1.jpg","width":3908,"height":2378},{"@type":"BreadcrumbList","@id":"https:\/\/diariotextual.com\/inicio\/index.php\/2021\/03\/19\/estacionamiento-en-santa-rosa-empiezan-a-cobrar-con-la-app-del-celular\/#breadcrumb","itemListElement":[{"@type":"ListItem","position":1,"name":"Portada","item":"https:\/\/diariotextual.com\/inicio\/"},{"@type":"ListItem","position":2,"name":"Estacionamiento en Santa Rosa: empiezan a cobrar con la app del celular"}]},{"@type":"WebSite","@id":"https:\/\/diariotextual.com\/inicio\/#website","url":"https:\/\/diariotextual.com\/inicio\/","name":"Diario Textual","description":"","publisher":{"@id":"https:\/\/diariotextual.com\/inicio\/#organization"},"potentialAction":[{"@type":"SearchAction","target":{"@type":"EntryPoint","urlTemplate":"https:\/\/diariotextual.com\/inicio\/?s={search_term_string}"},"query-input":{"@type":"PropertyValueSpecification","valueRequired":true,"valueName":"search_term_string"}}],"inLanguage":"es"},{"@type":"Organization","@id":"https:\/\/diariotextual.com\/inicio\/#organization","name":"Diario Textual","url":"https:\/\/diariotextual.com\/inicio\/","logo":{"@type":"ImageObject","inLanguage":"es","@id":"https:\/\/diariotextual.com\/inicio\/#\/schema\/logo\/image\/","url":"https:\/\/diariotextual.com\/inicio\/wp-content\/uploads\/2023\/05\/logotextual1.jpg","contentUrl":"https:\/\/diariotextual.com\/inicio\/wp-content\/uploads\/2023\/05\/logotextual1.jpg","width":516,"height":76,"caption":"Diario Textual"},"image":{"@id":"https:\/\/diariotextual.com\/inicio\/#\/schema\/logo\/image\/"},"sameAs":["https:\/\/www.facebook.com\/eltextual","https:\/\/x.com\/eltextual","http:\/\/www.instagram.com\/eltextual"]},{"@type":"Person","@id":"https:\/\/diariotextual.com\/inicio\/#\/schema\/person\/418fc4093c33e86ed41562db3508f958","name":"Diario1 Diario1","image":{"@type":"ImageObject","inLanguage":"es","@id":"https:\/\/secure.gravatar.com\/avatar\/9167d280179c85bc18be67aa7eda765854300033af4896dd779b608640f2ef7a?s=96&d=mm&r=g","url":"https:\/\/secure.gravatar.com\/avatar\/9167d280179c85bc18be67aa7eda765854300033af4896dd779b608640f2ef7a?s=96&d=mm&r=g","contentUrl":"https:\/\/secure.gravatar.com\/avatar\/9167d280179c85bc18be67aa7eda765854300033af4896dd779b608640f2ef7a?s=96&d=mm&r=g","caption":"Diario1 Diario1"},"url":"https:\/\/diariotextual.com\/inicio\/index.php\/author\/diario1\/"}]}},"_links":{"self":[{"href":"https:\/\/diariotextual.com\/inicio\/index.php\/wp-json\/wp\/v2\/posts\/138308","targetHints":{"allow":["GET"]}}],"collection":[{"href":"https:\/\/diariotextual.com\/inicio\/index.php\/wp-json\/wp\/v2\/posts"}],"about":[{"href":"https:\/\/diariotextual.com\/inicio\/index.php\/wp-json\/wp\/v2\/types\/post"}],"author":[{"embeddable":true,"href":"https:\/\/diariotextual.com\/inicio\/index.php\/wp-json\/wp\/v2\/users\/3"}],"replies":[{"embeddable":true,"href":"https:\/\/diariotextual.com\/inicio\/index.php\/wp-json\/wp\/v2\/comments?post=138308"}],"version-history":[{"count":1,"href":"https:\/\/diariotextual.com\/inicio\/index.php\/wp-json\/wp\/v2\/posts\/138308\/revisions"}],"predecessor-version":[{"id":138309,"href":"https:\/\/diariotextual.com\/inicio\/index.php\/wp-json\/wp\/v2\/posts\/138308\/revisions\/138309"}],"wp:featuredmedia":[{"embeddable":true,"href":"https:\/\/diariotextual.com\/inicio\/index.php\/wp-json\/wp\/v2\/media\/81796"}],"wp:attachment":[{"href":"https:\/\/diariotextual.com\/inicio\/index.php\/wp-json\/wp\/v2\/media?parent=138308"}],"wp:term":[{"taxonomy":"category","embeddable":true,"href":"https:\/\/diariotextual.com\/inicio\/index.php\/wp-json\/wp\/v2\/categories?post=138308"},{"taxonomy":"post_tag","embeddable":true,"href":"https:\/\/diariotextual.com\/inicio\/index.php\/wp-json\/wp\/v2\/tags?post=138308"}],"curies":[{"name":"wp","href":"https:\/\/api.w.org\/{rel}","templated":true}]}}