{"id":138319,"date":"2021-03-19T13:24:34","date_gmt":"2021-03-19T16:24:34","guid":{"rendered":"http:\/\/diariotextual.com\/inicio\/?p=138319"},"modified":"2021-03-19T13:24:35","modified_gmt":"2021-03-19T16:24:35","slug":"la-biblioteca-de-anguil-celebra-con-un-libro-su-25o-aniversario","status":"publish","type":"post","link":"https:\/\/diariotextual.com\/inicio\/index.php\/2021\/03\/19\/la-biblioteca-de-anguil-celebra-con-un-libro-su-25o-aniversario\/","title":{"rendered":"La biblioteca de Anguil celebra con un libro su 25\u00ba aniversario"},"content":{"rendered":"\n<p>Con la publicaci\u00f3n del libro \u00abUn cuarto de siglo: 25 Aniversario\u00bb, que incluye escritores y escritoras del pueblo o fuertemente relacionados con la comunidad anguilense, conmemora sus 25 a\u00f1os de vida.<\/p>\n\n\n\n<p>Publicado por ediciones Amerindia el&nbsp;pasado&nbsp;a\u00f1o, el libro&nbsp;desarrolla&nbsp;una revisi\u00f3n hist\u00f3rica de la trayectoria institucional, realiza&nbsp;un reconocimiento a las Comisiones Directivas y a la bibliotecaria,&nbsp;as\u00ed como tambi\u00e9n incorpora&nbsp;curiosidades pueblerinas&nbsp;y&nbsp;visitantes ilustres, entre otras tem\u00e1ticas.<\/p>\n\n\n\n<p>Se decidi\u00f3 incluir a escritores y escritoras del pueblo o fuertemente relacionados con la comunidad anguilense,&nbsp;como as\u00ed tambi\u00e9n artesanos y artesanas con el fin de visibilizar y agradecer su aporte cultural a la localidad.<\/p>\n\n\n\n<p>Esta publicaci\u00f3n ha sido posible gracias al apoyo de la Secretar\u00eda de Cultura del Gobierno de La&nbsp;Pampa y&nbsp;el Concejo Deliberante de Anguil,&nbsp;y hasta el momento fue entregada a autoridades provinciales y municipales, a quienes aportaron su arte&nbsp;en la publicaci\u00f3n, y en breve&nbsp;llegar\u00e1&nbsp;a cada una de las bibliotecas populares y m\u00f3viles de la Provincia.&nbsp;Por supuesto, ya&nbsp;se encuentra&nbsp;disponible en la biblioteca&nbsp;de Anguil&nbsp;para consulta.<\/p>\n","protected":false},"excerpt":{"rendered":"<p>Con la publicaci\u00f3n del libro \u00abUn cuarto de siglo: 25 Aniversario\u00bb, que incluye escritores y escritoras del pueblo o fuertemente relacionados con la comunidad anguilense, conmemora sus 25 a\u00f1os de&hellip;<\/p>\n","protected":false},"author":4,"featured_media":138321,"comment_status":"closed","ping_status":"open","sticky":false,"template":"","format":"standard","meta":{"_acf_changed":false,"footnotes":""},"categories":[1,2],"tags":[],"class_list":["post-138319","post","type-post","status-publish","format-standard","has-post-thumbnail","hentry","category-es-noticia","category-cultura"],"acf":[],"yoast_head":"<!-- This site is optimized with the Yoast SEO plugin v27.5 - https:\/\/yoast.com\/product\/yoast-seo-wordpress\/ -->\n<title>La biblioteca de Anguil celebra con un libro su 25\u00ba aniversario - Diario Textual<\/title>\n<meta name=\"robots\" content=\"index, follow, max-snippet:-1, max-image-preview:large, max-video-preview:-1\" \/>\n<link rel=\"canonical\" href=\"https:\/\/diariotextual.com\/inicio\/index.php\/2021\/03\/19\/la-biblioteca-de-anguil-celebra-con-un-libro-su-25o-aniversario\/\" \/>\n<meta property=\"og:locale\" content=\"es_ES\" \/>\n<meta property=\"og:type\" content=\"article\" \/>\n<meta property=\"og:title\" content=\"La biblioteca de Anguil celebra con un libro su 25\u00ba aniversario - Diario Textual\" \/>\n<meta property=\"og:description\" content=\"Con la publicaci\u00f3n del libro \u00abUn cuarto de siglo: 25 Aniversario\u00bb, que incluye escritores y escritoras del pueblo o fuertemente relacionados con la comunidad anguilense, conmemora sus 25 a\u00f1os de&hellip;\" \/>\n<meta property=\"og:url\" content=\"https:\/\/diariotextual.com\/inicio\/index.php\/2021\/03\/19\/la-biblioteca-de-anguil-celebra-con-un-libro-su-25o-aniversario\/\" \/>\n<meta property=\"og:site_name\" content=\"Diario Textual\" \/>\n<meta property=\"article:publisher\" content=\"https:\/\/www.facebook.com\/eltextual\" \/>\n<meta property=\"article:published_time\" content=\"2021-03-19T16:24:34+00:00\" \/>\n<meta property=\"article:modified_time\" content=\"2021-03-19T16:24:35+00:00\" \/>\n<meta property=\"og:image\" content=\"https:\/\/diariotextual.com\/inicio\/wp-content\/uploads\/2021\/03\/librobibliotecaanguil555.jpg\" \/>\n\t<meta property=\"og:image:width\" content=\"748\" \/>\n\t<meta property=\"og:image:height\" content=\"507\" \/>\n\t<meta property=\"og:image:type\" content=\"image\/jpeg\" \/>\n<meta name=\"author\" content=\"diario2\" \/>\n<meta name=\"twitter:card\" content=\"summary_large_image\" \/>\n<meta name=\"twitter:creator\" content=\"@eltextual\" \/>\n<meta name=\"twitter:site\" content=\"@eltextual\" \/>\n<meta name=\"twitter:label1\" content=\"Escrito por\" \/>\n\t<meta name=\"twitter:data1\" content=\"diario2\" \/>\n\t<meta name=\"twitter:label2\" content=\"Tiempo de lectura\" \/>\n\t<meta name=\"twitter:data2\" content=\"1 minuto\" \/>\n<script type=\"application\/ld+json\" class=\"yoast-schema-graph\">{\"@context\":\"https:\\\/\\\/schema.org\",\"@graph\":[{\"@type\":\"Article\",\"@id\":\"https:\\\/\\\/diariotextual.com\\\/inicio\\\/index.php\\\/2021\\\/03\\\/19\\\/la-biblioteca-de-anguil-celebra-con-un-libro-su-25o-aniversario\\\/#article\",\"isPartOf\":{\"@id\":\"https:\\\/\\\/diariotextual.com\\\/inicio\\\/index.php\\\/2021\\\/03\\\/19\\\/la-biblioteca-de-anguil-celebra-con-un-libro-su-25o-aniversario\\\/\"},\"author\":{\"name\":\"diario2\",\"@id\":\"https:\\\/\\\/diariotextual.com\\\/inicio\\\/#\\\/schema\\\/person\\\/694f60677f23c4a530867a98f22b3768\"},\"headline\":\"La biblioteca de Anguil celebra con un libro su 25\u00ba aniversario\",\"datePublished\":\"2021-03-19T16:24:34+00:00\",\"dateModified\":\"2021-03-19T16:24:35+00:00\",\"mainEntityOfPage\":{\"@id\":\"https:\\\/\\\/diariotextual.com\\\/inicio\\\/index.php\\\/2021\\\/03\\\/19\\\/la-biblioteca-de-anguil-celebra-con-un-libro-su-25o-aniversario\\\/\"},\"wordCount\":219,\"publisher\":{\"@id\":\"https:\\\/\\\/diariotextual.com\\\/inicio\\\/#organization\"},\"image\":{\"@id\":\"https:\\\/\\\/diariotextual.com\\\/inicio\\\/index.php\\\/2021\\\/03\\\/19\\\/la-biblioteca-de-anguil-celebra-con-un-libro-su-25o-aniversario\\\/#primaryimage\"},\"thumbnailUrl\":\"https:\\\/\\\/diariotextual.com\\\/inicio\\\/wp-content\\\/uploads\\\/2021\\\/03\\\/librobibliotecaanguil555.jpg\",\"articleSection\":[\"A - ES NOTICIA (van abajo)\",\"CULTURA\"],\"inLanguage\":\"es\"},{\"@type\":\"WebPage\",\"@id\":\"https:\\\/\\\/diariotextual.com\\\/inicio\\\/index.php\\\/2021\\\/03\\\/19\\\/la-biblioteca-de-anguil-celebra-con-un-libro-su-25o-aniversario\\\/\",\"url\":\"https:\\\/\\\/diariotextual.com\\\/inicio\\\/index.php\\\/2021\\\/03\\\/19\\\/la-biblioteca-de-anguil-celebra-con-un-libro-su-25o-aniversario\\\/\",\"name\":\"La biblioteca de Anguil celebra con un libro su 25\u00ba aniversario - Diario Textual\",\"isPartOf\":{\"@id\":\"https:\\\/\\\/diariotextual.com\\\/inicio\\\/#website\"},\"primaryImageOfPage\":{\"@id\":\"https:\\\/\\\/diariotextual.com\\\/inicio\\\/index.php\\\/2021\\\/03\\\/19\\\/la-biblioteca-de-anguil-celebra-con-un-libro-su-25o-aniversario\\\/#primaryimage\"},\"image\":{\"@id\":\"https:\\\/\\\/diariotextual.com\\\/inicio\\\/index.php\\\/2021\\\/03\\\/19\\\/la-biblioteca-de-anguil-celebra-con-un-libro-su-25o-aniversario\\\/#primaryimage\"},\"thumbnailUrl\":\"https:\\\/\\\/diariotextual.com\\\/inicio\\\/wp-content\\\/uploads\\\/2021\\\/03\\\/librobibliotecaanguil555.jpg\",\"datePublished\":\"2021-03-19T16:24:34+00:00\",\"dateModified\":\"2021-03-19T16:24:35+00:00\",\"breadcrumb\":{\"@id\":\"https:\\\/\\\/diariotextual.com\\\/inicio\\\/index.php\\\/2021\\\/03\\\/19\\\/la-biblioteca-de-anguil-celebra-con-un-libro-su-25o-aniversario\\\/#breadcrumb\"},\"inLanguage\":\"es\",\"potentialAction\":[{\"@type\":\"ReadAction\",\"target\":[\"https:\\\/\\\/diariotextual.com\\\/inicio\\\/index.php\\\/2021\\\/03\\\/19\\\/la-biblioteca-de-anguil-celebra-con-un-libro-su-25o-aniversario\\\/\"]}]},{\"@type\":\"ImageObject\",\"inLanguage\":\"es\",\"@id\":\"https:\\\/\\\/diariotextual.com\\\/inicio\\\/index.php\\\/2021\\\/03\\\/19\\\/la-biblioteca-de-anguil-celebra-con-un-libro-su-25o-aniversario\\\/#primaryimage\",\"url\":\"https:\\\/\\\/diariotextual.com\\\/inicio\\\/wp-content\\\/uploads\\\/2021\\\/03\\\/librobibliotecaanguil555.jpg\",\"contentUrl\":\"https:\\\/\\\/diariotextual.com\\\/inicio\\\/wp-content\\\/uploads\\\/2021\\\/03\\\/librobibliotecaanguil555.jpg\",\"width\":748,\"height\":507},{\"@type\":\"BreadcrumbList\",\"@id\":\"https:\\\/\\\/diariotextual.com\\\/inicio\\\/index.php\\\/2021\\\/03\\\/19\\\/la-biblioteca-de-anguil-celebra-con-un-libro-su-25o-aniversario\\\/#breadcrumb\",\"itemListElement\":[{\"@type\":\"ListItem\",\"position\":1,\"name\":\"Portada\",\"item\":\"https:\\\/\\\/diariotextual.com\\\/inicio\\\/\"},{\"@type\":\"ListItem\",\"position\":2,\"name\":\"La biblioteca de Anguil celebra con un libro su 25\u00ba aniversario\"}]},{\"@type\":\"WebSite\",\"@id\":\"https:\\\/\\\/diariotextual.com\\\/inicio\\\/#website\",\"url\":\"https:\\\/\\\/diariotextual.com\\\/inicio\\\/\",\"name\":\"Diario Textual\",\"description\":\"\",\"publisher\":{\"@id\":\"https:\\\/\\\/diariotextual.com\\\/inicio\\\/#organization\"},\"potentialAction\":[{\"@type\":\"SearchAction\",\"target\":{\"@type\":\"EntryPoint\",\"urlTemplate\":\"https:\\\/\\\/diariotextual.com\\\/inicio\\\/?s={search_term_string}\"},\"query-input\":{\"@type\":\"PropertyValueSpecification\",\"valueRequired\":true,\"valueName\":\"search_term_string\"}}],\"inLanguage\":\"es\"},{\"@type\":\"Organization\",\"@id\":\"https:\\\/\\\/diariotextual.com\\\/inicio\\\/#organization\",\"name\":\"Diario Textual\",\"url\":\"https:\\\/\\\/diariotextual.com\\\/inicio\\\/\",\"logo\":{\"@type\":\"ImageObject\",\"inLanguage\":\"es\",\"@id\":\"https:\\\/\\\/diariotextual.com\\\/inicio\\\/#\\\/schema\\\/logo\\\/image\\\/\",\"url\":\"https:\\\/\\\/diariotextual.com\\\/inicio\\\/wp-content\\\/uploads\\\/2023\\\/05\\\/logotextual1.jpg\",\"contentUrl\":\"https:\\\/\\\/diariotextual.com\\\/inicio\\\/wp-content\\\/uploads\\\/2023\\\/05\\\/logotextual1.jpg\",\"width\":516,\"height\":76,\"caption\":\"Diario Textual\"},\"image\":{\"@id\":\"https:\\\/\\\/diariotextual.com\\\/inicio\\\/#\\\/schema\\\/logo\\\/image\\\/\"},\"sameAs\":[\"https:\\\/\\\/www.facebook.com\\\/eltextual\",\"https:\\\/\\\/x.com\\\/eltextual\",\"http:\\\/\\\/www.instagram.com\\\/eltextual\"]},{\"@type\":\"Person\",\"@id\":\"https:\\\/\\\/diariotextual.com\\\/inicio\\\/#\\\/schema\\\/person\\\/694f60677f23c4a530867a98f22b3768\",\"name\":\"diario2\",\"image\":{\"@type\":\"ImageObject\",\"inLanguage\":\"es\",\"@id\":\"https:\\\/\\\/secure.gravatar.com\\\/avatar\\\/5a2567495ba16b852fcd8f1ed006a2e24fcace936018ed8237e95f488ad6e0a7?s=96&d=mm&r=g\",\"url\":\"https:\\\/\\\/secure.gravatar.com\\\/avatar\\\/5a2567495ba16b852fcd8f1ed006a2e24fcace936018ed8237e95f488ad6e0a7?s=96&d=mm&r=g\",\"contentUrl\":\"https:\\\/\\\/secure.gravatar.com\\\/avatar\\\/5a2567495ba16b852fcd8f1ed006a2e24fcace936018ed8237e95f488ad6e0a7?s=96&d=mm&r=g\",\"caption\":\"diario2\"},\"url\":\"https:\\\/\\\/diariotextual.com\\\/inicio\\\/index.php\\\/author\\\/diario2\\\/\"}]}<\/script>\n<!-- \/ Yoast SEO plugin. -->","yoast_head_json":{"title":"La biblioteca de Anguil celebra con un libro su 25\u00ba aniversario - Diario Textual","robots":{"index":"index","follow":"follow","max-snippet":"max-snippet:-1","max-image-preview":"max-image-preview:large","max-video-preview":"max-video-preview:-1"},"canonical":"https:\/\/diariotextual.com\/inicio\/index.php\/2021\/03\/19\/la-biblioteca-de-anguil-celebra-con-un-libro-su-25o-aniversario\/","og_locale":"es_ES","og_type":"article","og_title":"La biblioteca de Anguil celebra con un libro su 25\u00ba aniversario - Diario Textual","og_description":"Con la publicaci\u00f3n del libro \u00abUn cuarto de siglo: 25 Aniversario\u00bb, que incluye escritores y escritoras del pueblo o fuertemente relacionados con la comunidad anguilense, conmemora sus 25 a\u00f1os de&hellip;","og_url":"https:\/\/diariotextual.com\/inicio\/index.php\/2021\/03\/19\/la-biblioteca-de-anguil-celebra-con-un-libro-su-25o-aniversario\/","og_site_name":"Diario Textual","article_publisher":"https:\/\/www.facebook.com\/eltextual","article_published_time":"2021-03-19T16:24:34+00:00","article_modified_time":"2021-03-19T16:24:35+00:00","og_image":[{"width":748,"height":507,"url":"https:\/\/diariotextual.com\/inicio\/wp-content\/uploads\/2021\/03\/librobibliotecaanguil555.jpg","type":"image\/jpeg"}],"author":"diario2","twitter_card":"summary_large_image","twitter_creator":"@eltextual","twitter_site":"@eltextual","twitter_misc":{"Escrito por":"diario2","Tiempo de lectura":"1 minuto"},"schema":{"@context":"https:\/\/schema.org","@graph":[{"@type":"Article","@id":"https:\/\/diariotextual.com\/inicio\/index.php\/2021\/03\/19\/la-biblioteca-de-anguil-celebra-con-un-libro-su-25o-aniversario\/#article","isPartOf":{"@id":"https:\/\/diariotextual.com\/inicio\/index.php\/2021\/03\/19\/la-biblioteca-de-anguil-celebra-con-un-libro-su-25o-aniversario\/"},"author":{"name":"diario2","@id":"https:\/\/diariotextual.com\/inicio\/#\/schema\/person\/694f60677f23c4a530867a98f22b3768"},"headline":"La biblioteca de Anguil celebra con un libro su 25\u00ba aniversario","datePublished":"2021-03-19T16:24:34+00:00","dateModified":"2021-03-19T16:24:35+00:00","mainEntityOfPage":{"@id":"https:\/\/diariotextual.com\/inicio\/index.php\/2021\/03\/19\/la-biblioteca-de-anguil-celebra-con-un-libro-su-25o-aniversario\/"},"wordCount":219,"publisher":{"@id":"https:\/\/diariotextual.com\/inicio\/#organization"},"image":{"@id":"https:\/\/diariotextual.com\/inicio\/index.php\/2021\/03\/19\/la-biblioteca-de-anguil-celebra-con-un-libro-su-25o-aniversario\/#primaryimage"},"thumbnailUrl":"https:\/\/diariotextual.com\/inicio\/wp-content\/uploads\/2021\/03\/librobibliotecaanguil555.jpg","articleSection":["A - ES NOTICIA (van abajo)","CULTURA"],"inLanguage":"es"},{"@type":"WebPage","@id":"https:\/\/diariotextual.com\/inicio\/index.php\/2021\/03\/19\/la-biblioteca-de-anguil-celebra-con-un-libro-su-25o-aniversario\/","url":"https:\/\/diariotextual.com\/inicio\/index.php\/2021\/03\/19\/la-biblioteca-de-anguil-celebra-con-un-libro-su-25o-aniversario\/","name":"La biblioteca de Anguil celebra con un libro su 25\u00ba aniversario - Diario Textual","isPartOf":{"@id":"https:\/\/diariotextual.com\/inicio\/#website"},"primaryImageOfPage":{"@id":"https:\/\/diariotextual.com\/inicio\/index.php\/2021\/03\/19\/la-biblioteca-de-anguil-celebra-con-un-libro-su-25o-aniversario\/#primaryimage"},"image":{"@id":"https:\/\/diariotextual.com\/inicio\/index.php\/2021\/03\/19\/la-biblioteca-de-anguil-celebra-con-un-libro-su-25o-aniversario\/#primaryimage"},"thumbnailUrl":"https:\/\/diariotextual.com\/inicio\/wp-content\/uploads\/2021\/03\/librobibliotecaanguil555.jpg","datePublished":"2021-03-19T16:24:34+00:00","dateModified":"2021-03-19T16:24:35+00:00","breadcrumb":{"@id":"https:\/\/diariotextual.com\/inicio\/index.php\/2021\/03\/19\/la-biblioteca-de-anguil-celebra-con-un-libro-su-25o-aniversario\/#breadcrumb"},"inLanguage":"es","potentialAction":[{"@type":"ReadAction","target":["https:\/\/diariotextual.com\/inicio\/index.php\/2021\/03\/19\/la-biblioteca-de-anguil-celebra-con-un-libro-su-25o-aniversario\/"]}]},{"@type":"ImageObject","inLanguage":"es","@id":"https:\/\/diariotextual.com\/inicio\/index.php\/2021\/03\/19\/la-biblioteca-de-anguil-celebra-con-un-libro-su-25o-aniversario\/#primaryimage","url":"https:\/\/diariotextual.com\/inicio\/wp-content\/uploads\/2021\/03\/librobibliotecaanguil555.jpg","contentUrl":"https:\/\/diariotextual.com\/inicio\/wp-content\/uploads\/2021\/03\/librobibliotecaanguil555.jpg","width":748,"height":507},{"@type":"BreadcrumbList","@id":"https:\/\/diariotextual.com\/inicio\/index.php\/2021\/03\/19\/la-biblioteca-de-anguil-celebra-con-un-libro-su-25o-aniversario\/#breadcrumb","itemListElement":[{"@type":"ListItem","position":1,"name":"Portada","item":"https:\/\/diariotextual.com\/inicio\/"},{"@type":"ListItem","position":2,"name":"La biblioteca de Anguil celebra con un libro su 25\u00ba aniversario"}]},{"@type":"WebSite","@id":"https:\/\/diariotextual.com\/inicio\/#website","url":"https:\/\/diariotextual.com\/inicio\/","name":"Diario Textual","description":"","publisher":{"@id":"https:\/\/diariotextual.com\/inicio\/#organization"},"potentialAction":[{"@type":"SearchAction","target":{"@type":"EntryPoint","urlTemplate":"https:\/\/diariotextual.com\/inicio\/?s={search_term_string}"},"query-input":{"@type":"PropertyValueSpecification","valueRequired":true,"valueName":"search_term_string"}}],"inLanguage":"es"},{"@type":"Organization","@id":"https:\/\/diariotextual.com\/inicio\/#organization","name":"Diario Textual","url":"https:\/\/diariotextual.com\/inicio\/","logo":{"@type":"ImageObject","inLanguage":"es","@id":"https:\/\/diariotextual.com\/inicio\/#\/schema\/logo\/image\/","url":"https:\/\/diariotextual.com\/inicio\/wp-content\/uploads\/2023\/05\/logotextual1.jpg","contentUrl":"https:\/\/diariotextual.com\/inicio\/wp-content\/uploads\/2023\/05\/logotextual1.jpg","width":516,"height":76,"caption":"Diario Textual"},"image":{"@id":"https:\/\/diariotextual.com\/inicio\/#\/schema\/logo\/image\/"},"sameAs":["https:\/\/www.facebook.com\/eltextual","https:\/\/x.com\/eltextual","http:\/\/www.instagram.com\/eltextual"]},{"@type":"Person","@id":"https:\/\/diariotextual.com\/inicio\/#\/schema\/person\/694f60677f23c4a530867a98f22b3768","name":"diario2","image":{"@type":"ImageObject","inLanguage":"es","@id":"https:\/\/secure.gravatar.com\/avatar\/5a2567495ba16b852fcd8f1ed006a2e24fcace936018ed8237e95f488ad6e0a7?s=96&d=mm&r=g","url":"https:\/\/secure.gravatar.com\/avatar\/5a2567495ba16b852fcd8f1ed006a2e24fcace936018ed8237e95f488ad6e0a7?s=96&d=mm&r=g","contentUrl":"https:\/\/secure.gravatar.com\/avatar\/5a2567495ba16b852fcd8f1ed006a2e24fcace936018ed8237e95f488ad6e0a7?s=96&d=mm&r=g","caption":"diario2"},"url":"https:\/\/diariotextual.com\/inicio\/index.php\/author\/diario2\/"}]}},"_links":{"self":[{"href":"https:\/\/diariotextual.com\/inicio\/index.php\/wp-json\/wp\/v2\/posts\/138319","targetHints":{"allow":["GET"]}}],"collection":[{"href":"https:\/\/diariotextual.com\/inicio\/index.php\/wp-json\/wp\/v2\/posts"}],"about":[{"href":"https:\/\/diariotextual.com\/inicio\/index.php\/wp-json\/wp\/v2\/types\/post"}],"author":[{"embeddable":true,"href":"https:\/\/diariotextual.com\/inicio\/index.php\/wp-json\/wp\/v2\/users\/4"}],"replies":[{"embeddable":true,"href":"https:\/\/diariotextual.com\/inicio\/index.php\/wp-json\/wp\/v2\/comments?post=138319"}],"version-history":[{"count":1,"href":"https:\/\/diariotextual.com\/inicio\/index.php\/wp-json\/wp\/v2\/posts\/138319\/revisions"}],"predecessor-version":[{"id":138322,"href":"https:\/\/diariotextual.com\/inicio\/index.php\/wp-json\/wp\/v2\/posts\/138319\/revisions\/138322"}],"wp:featuredmedia":[{"embeddable":true,"href":"https:\/\/diariotextual.com\/inicio\/index.php\/wp-json\/wp\/v2\/media\/138321"}],"wp:attachment":[{"href":"https:\/\/diariotextual.com\/inicio\/index.php\/wp-json\/wp\/v2\/media?parent=138319"}],"wp:term":[{"taxonomy":"category","embeddable":true,"href":"https:\/\/diariotextual.com\/inicio\/index.php\/wp-json\/wp\/v2\/categories?post=138319"},{"taxonomy":"post_tag","embeddable":true,"href":"https:\/\/diariotextual.com\/inicio\/index.php\/wp-json\/wp\/v2\/tags?post=138319"}],"curies":[{"name":"wp","href":"https:\/\/api.w.org\/{rel}","templated":true}]}}