{"id":138390,"date":"2021-03-20T09:52:57","date_gmt":"2021-03-20T12:52:57","guid":{"rendered":"http:\/\/diariotextual.com\/inicio\/?p=138390"},"modified":"2021-03-20T17:05:55","modified_gmt":"2021-03-20T20:05:55","slug":"cancilleria-lanza-una-campana-internacional-para-la-busqueda-de-nietos-y-nietas-en-el-exterior","status":"publish","type":"post","link":"https:\/\/diariotextual.com\/inicio\/index.php\/2021\/03\/20\/cancilleria-lanza-una-campana-internacional-para-la-busqueda-de-nietos-y-nietas-en-el-exterior\/","title":{"rendered":"Canciller\u00eda lanza una campa\u00f1a internacional para la b\u00fasqueda de nietos y nietas en el exterior"},"content":{"rendered":"\n<p>La Canciller\u00eda lanzar\u00e1 el pr\u00f3ximo 24 de marzo, con motivo del D\u00eda Nacional de la Memoria por la Verdad y la Justicia, una Campa\u00f1a Internacional por el Derecho a la Identidad, que tiene como objetivo potenciar la b\u00fasqueda de nietas y nietos apropiados durante la \u00faltima dictadura c\u00edvico-militar en la Argentina, que pueden estar residiendo en el exterior.<\/p>\n\n\n\n<p>La campa\u00f1a ser\u00e1 desplegada a trav\u00e9s de todas sus sedes durante este a\u00f1o, con el fin de que las personas que tengan dudas sobre su identidad, o la de otra persona, puedan contactarse con los consulados argentinos en el exterior para recibir asesoramiento, seg\u00fan se inform\u00f3 en un comunicado de esa cartera.<\/p>\n\n\n\n<p>\u201cCon la campa\u00f1a, el Estado argentino da un paso m\u00e1s para garantizar el derecho a la identidad, profundizando el acompa\u00f1amiento de la larga b\u00fasqueda que llevan a cabo las Abuelas de Plaza de Mayo y las familias para recuperar a aquellos beb\u00e9s, ni\u00f1as y ni\u00f1os, hoy personas adultas, que a\u00fan viven con sus identidades fraguadas\u201d, seg\u00fan dijeron en un comunicado.<\/p>\n\n\n\n<p>La iniciativa fue diagramada de forma conjunta con la Comisi\u00f3n Nacional por el Derecho a la Identidad (Conadi) y Abuelas de Plaza de Mayo, tanto en la elaboraci\u00f3n del material de difusi\u00f3n como en la realizaci\u00f3n de capacitaciones al personal consular.<\/p>\n\n\n\n<p>Por otra parte, la gr\u00e1fica de la campa\u00f1a fue dise\u00f1ada en base al dibujo del artista pl\u00e1stico Hern\u00e1n Cappelletti, \u201cEl Cape\u201d. En ese marco, se detall\u00f3 que se realizaron 11 encuentros virtuales de capacitaci\u00f3n, de los que participaron todos los consulados y secciones consulares de embajadas argentinas en el exterior.<\/p>\n\n\n\n<p>De estos encuentros participaron. adem\u00e1s de Abuelas y Conadi, nietas y nietos restituidos y familiares que buscan a hermanas o hermanos apropiados, que dieron su testimonio para que el personal consular tome contacto directo con la b\u00fasqueda y conozca la trascendencia del tema para las familias y para el Estado argentino, seg\u00fan se explic\u00f3.<\/p>\n","protected":false},"excerpt":{"rendered":"<p>La Canciller\u00eda lanzar\u00e1 el pr\u00f3ximo 24 de marzo, con motivo del D\u00eda Nacional de la Memoria por la Verdad y la Justicia, una Campa\u00f1a Internacional por el Derecho a la&hellip;<\/p>\n","protected":false},"author":2,"featured_media":138392,"comment_status":"closed","ping_status":"open","sticky":false,"template":"","format":"standard","meta":{"_acf_changed":false,"footnotes":""},"categories":[10,8],"tags":[5204],"class_list":["post-138390","post","type-post","status-publish","format-standard","has-post-thumbnail","hentry","category-portada-2","category-politica","tag-hijos"],"acf":[],"yoast_head":"<!-- This site is optimized with the Yoast SEO plugin v27.5 - https:\/\/yoast.com\/product\/yoast-seo-wordpress\/ -->\n<title>Canciller\u00eda lanza una campa\u00f1a internacional para la b\u00fasqueda de nietos y nietas en el exterior - Diario Textual<\/title>\n<meta name=\"robots\" content=\"index, follow, max-snippet:-1, max-image-preview:large, max-video-preview:-1\" \/>\n<link rel=\"canonical\" href=\"https:\/\/diariotextual.com\/inicio\/index.php\/2021\/03\/20\/cancilleria-lanza-una-campana-internacional-para-la-busqueda-de-nietos-y-nietas-en-el-exterior\/\" \/>\n<meta property=\"og:locale\" content=\"es_ES\" \/>\n<meta property=\"og:type\" content=\"article\" \/>\n<meta property=\"og:title\" content=\"Canciller\u00eda lanza una campa\u00f1a internacional para la b\u00fasqueda de nietos y nietas en el exterior - Diario Textual\" \/>\n<meta property=\"og:description\" content=\"La Canciller\u00eda lanzar\u00e1 el pr\u00f3ximo 24 de marzo, con motivo del D\u00eda Nacional de la Memoria por la Verdad y la Justicia, una Campa\u00f1a Internacional por el Derecho a la&hellip;\" \/>\n<meta property=\"og:url\" content=\"https:\/\/diariotextual.com\/inicio\/index.php\/2021\/03\/20\/cancilleria-lanza-una-campana-internacional-para-la-busqueda-de-nietos-y-nietas-en-el-exterior\/\" \/>\n<meta property=\"og:site_name\" content=\"Diario Textual\" \/>\n<meta property=\"article:publisher\" content=\"https:\/\/www.facebook.com\/eltextual\" \/>\n<meta property=\"article:published_time\" content=\"2021-03-20T12:52:57+00:00\" \/>\n<meta property=\"article:modified_time\" content=\"2021-03-20T20:05:55+00:00\" \/>\n<meta property=\"og:image\" content=\"https:\/\/diariotextual.com\/inicio\/wp-content\/uploads\/2021\/03\/hijosdesaparecidostelam00001.jpg\" \/>\n\t<meta property=\"og:image:width\" content=\"1004\" \/>\n\t<meta property=\"og:image:height\" content=\"565\" \/>\n\t<meta property=\"og:image:type\" content=\"image\/jpeg\" \/>\n<meta name=\"author\" content=\"Sergio Romano\" \/>\n<meta name=\"twitter:card\" content=\"summary_large_image\" \/>\n<meta name=\"twitter:creator\" content=\"@eltextual\" \/>\n<meta name=\"twitter:site\" content=\"@eltextual\" \/>\n<meta name=\"twitter:label1\" content=\"Escrito por\" \/>\n\t<meta name=\"twitter:data1\" content=\"Sergio Romano\" \/>\n\t<meta name=\"twitter:label2\" content=\"Tiempo de lectura\" \/>\n\t<meta name=\"twitter:data2\" content=\"2 minutos\" \/>\n<script type=\"application\/ld+json\" class=\"yoast-schema-graph\">{\"@context\":\"https:\\\/\\\/schema.org\",\"@graph\":[{\"@type\":\"Article\",\"@id\":\"https:\\\/\\\/diariotextual.com\\\/inicio\\\/index.php\\\/2021\\\/03\\\/20\\\/cancilleria-lanza-una-campana-internacional-para-la-busqueda-de-nietos-y-nietas-en-el-exterior\\\/#article\",\"isPartOf\":{\"@id\":\"https:\\\/\\\/diariotextual.com\\\/inicio\\\/index.php\\\/2021\\\/03\\\/20\\\/cancilleria-lanza-una-campana-internacional-para-la-busqueda-de-nietos-y-nietas-en-el-exterior\\\/\"},\"author\":{\"name\":\"Sergio Romano\",\"@id\":\"https:\\\/\\\/diariotextual.com\\\/inicio\\\/#\\\/schema\\\/person\\\/523499e72392084bbaa07d9918058135\"},\"headline\":\"Canciller\u00eda lanza una campa\u00f1a internacional para la b\u00fasqueda de nietos y nietas en el exterior\",\"datePublished\":\"2021-03-20T12:52:57+00:00\",\"dateModified\":\"2021-03-20T20:05:55+00:00\",\"mainEntityOfPage\":{\"@id\":\"https:\\\/\\\/diariotextual.com\\\/inicio\\\/index.php\\\/2021\\\/03\\\/20\\\/cancilleria-lanza-una-campana-internacional-para-la-busqueda-de-nietos-y-nietas-en-el-exterior\\\/\"},\"wordCount\":363,\"publisher\":{\"@id\":\"https:\\\/\\\/diariotextual.com\\\/inicio\\\/#organization\"},\"image\":{\"@id\":\"https:\\\/\\\/diariotextual.com\\\/inicio\\\/index.php\\\/2021\\\/03\\\/20\\\/cancilleria-lanza-una-campana-internacional-para-la-busqueda-de-nietos-y-nietas-en-el-exterior\\\/#primaryimage\"},\"thumbnailUrl\":\"https:\\\/\\\/diariotextual.com\\\/inicio\\\/wp-content\\\/uploads\\\/2021\\\/03\\\/hijosdesaparecidostelam00001.jpg\",\"keywords\":[\"hijos\"],\"articleSection\":[\"A - PORTADA2\",\"POLITICA\"],\"inLanguage\":\"es\"},{\"@type\":\"WebPage\",\"@id\":\"https:\\\/\\\/diariotextual.com\\\/inicio\\\/index.php\\\/2021\\\/03\\\/20\\\/cancilleria-lanza-una-campana-internacional-para-la-busqueda-de-nietos-y-nietas-en-el-exterior\\\/\",\"url\":\"https:\\\/\\\/diariotextual.com\\\/inicio\\\/index.php\\\/2021\\\/03\\\/20\\\/cancilleria-lanza-una-campana-internacional-para-la-busqueda-de-nietos-y-nietas-en-el-exterior\\\/\",\"name\":\"Canciller\u00eda lanza una campa\u00f1a internacional para la b\u00fasqueda de nietos y nietas en el exterior - Diario Textual\",\"isPartOf\":{\"@id\":\"https:\\\/\\\/diariotextual.com\\\/inicio\\\/#website\"},\"primaryImageOfPage\":{\"@id\":\"https:\\\/\\\/diariotextual.com\\\/inicio\\\/index.php\\\/2021\\\/03\\\/20\\\/cancilleria-lanza-una-campana-internacional-para-la-busqueda-de-nietos-y-nietas-en-el-exterior\\\/#primaryimage\"},\"image\":{\"@id\":\"https:\\\/\\\/diariotextual.com\\\/inicio\\\/index.php\\\/2021\\\/03\\\/20\\\/cancilleria-lanza-una-campana-internacional-para-la-busqueda-de-nietos-y-nietas-en-el-exterior\\\/#primaryimage\"},\"thumbnailUrl\":\"https:\\\/\\\/diariotextual.com\\\/inicio\\\/wp-content\\\/uploads\\\/2021\\\/03\\\/hijosdesaparecidostelam00001.jpg\",\"datePublished\":\"2021-03-20T12:52:57+00:00\",\"dateModified\":\"2021-03-20T20:05:55+00:00\",\"breadcrumb\":{\"@id\":\"https:\\\/\\\/diariotextual.com\\\/inicio\\\/index.php\\\/2021\\\/03\\\/20\\\/cancilleria-lanza-una-campana-internacional-para-la-busqueda-de-nietos-y-nietas-en-el-exterior\\\/#breadcrumb\"},\"inLanguage\":\"es\",\"potentialAction\":[{\"@type\":\"ReadAction\",\"target\":[\"https:\\\/\\\/diariotextual.com\\\/inicio\\\/index.php\\\/2021\\\/03\\\/20\\\/cancilleria-lanza-una-campana-internacional-para-la-busqueda-de-nietos-y-nietas-en-el-exterior\\\/\"]}]},{\"@type\":\"ImageObject\",\"inLanguage\":\"es\",\"@id\":\"https:\\\/\\\/diariotextual.com\\\/inicio\\\/index.php\\\/2021\\\/03\\\/20\\\/cancilleria-lanza-una-campana-internacional-para-la-busqueda-de-nietos-y-nietas-en-el-exterior\\\/#primaryimage\",\"url\":\"https:\\\/\\\/diariotextual.com\\\/inicio\\\/wp-content\\\/uploads\\\/2021\\\/03\\\/hijosdesaparecidostelam00001.jpg\",\"contentUrl\":\"https:\\\/\\\/diariotextual.com\\\/inicio\\\/wp-content\\\/uploads\\\/2021\\\/03\\\/hijosdesaparecidostelam00001.jpg\",\"width\":1004,\"height\":565},{\"@type\":\"BreadcrumbList\",\"@id\":\"https:\\\/\\\/diariotextual.com\\\/inicio\\\/index.php\\\/2021\\\/03\\\/20\\\/cancilleria-lanza-una-campana-internacional-para-la-busqueda-de-nietos-y-nietas-en-el-exterior\\\/#breadcrumb\",\"itemListElement\":[{\"@type\":\"ListItem\",\"position\":1,\"name\":\"Portada\",\"item\":\"https:\\\/\\\/diariotextual.com\\\/inicio\\\/\"},{\"@type\":\"ListItem\",\"position\":2,\"name\":\"Canciller\u00eda lanza una campa\u00f1a internacional para la b\u00fasqueda de nietos y nietas en el exterior\"}]},{\"@type\":\"WebSite\",\"@id\":\"https:\\\/\\\/diariotextual.com\\\/inicio\\\/#website\",\"url\":\"https:\\\/\\\/diariotextual.com\\\/inicio\\\/\",\"name\":\"Diario Textual\",\"description\":\"\",\"publisher\":{\"@id\":\"https:\\\/\\\/diariotextual.com\\\/inicio\\\/#organization\"},\"potentialAction\":[{\"@type\":\"SearchAction\",\"target\":{\"@type\":\"EntryPoint\",\"urlTemplate\":\"https:\\\/\\\/diariotextual.com\\\/inicio\\\/?s={search_term_string}\"},\"query-input\":{\"@type\":\"PropertyValueSpecification\",\"valueRequired\":true,\"valueName\":\"search_term_string\"}}],\"inLanguage\":\"es\"},{\"@type\":\"Organization\",\"@id\":\"https:\\\/\\\/diariotextual.com\\\/inicio\\\/#organization\",\"name\":\"Diario Textual\",\"url\":\"https:\\\/\\\/diariotextual.com\\\/inicio\\\/\",\"logo\":{\"@type\":\"ImageObject\",\"inLanguage\":\"es\",\"@id\":\"https:\\\/\\\/diariotextual.com\\\/inicio\\\/#\\\/schema\\\/logo\\\/image\\\/\",\"url\":\"https:\\\/\\\/diariotextual.com\\\/inicio\\\/wp-content\\\/uploads\\\/2023\\\/05\\\/logotextual1.jpg\",\"contentUrl\":\"https:\\\/\\\/diariotextual.com\\\/inicio\\\/wp-content\\\/uploads\\\/2023\\\/05\\\/logotextual1.jpg\",\"width\":516,\"height\":76,\"caption\":\"Diario Textual\"},\"image\":{\"@id\":\"https:\\\/\\\/diariotextual.com\\\/inicio\\\/#\\\/schema\\\/logo\\\/image\\\/\"},\"sameAs\":[\"https:\\\/\\\/www.facebook.com\\\/eltextual\",\"https:\\\/\\\/x.com\\\/eltextual\",\"http:\\\/\\\/www.instagram.com\\\/eltextual\"]},{\"@type\":\"Person\",\"@id\":\"https:\\\/\\\/diariotextual.com\\\/inicio\\\/#\\\/schema\\\/person\\\/523499e72392084bbaa07d9918058135\",\"name\":\"Sergio Romano\",\"image\":{\"@type\":\"ImageObject\",\"inLanguage\":\"es\",\"@id\":\"https:\\\/\\\/secure.gravatar.com\\\/avatar\\\/558f03f407fa3accd9dabd3c363c971a21b2b44ce0fe39bb24a92ac5472808b8?s=96&d=mm&r=g\",\"url\":\"https:\\\/\\\/secure.gravatar.com\\\/avatar\\\/558f03f407fa3accd9dabd3c363c971a21b2b44ce0fe39bb24a92ac5472808b8?s=96&d=mm&r=g\",\"contentUrl\":\"https:\\\/\\\/secure.gravatar.com\\\/avatar\\\/558f03f407fa3accd9dabd3c363c971a21b2b44ce0fe39bb24a92ac5472808b8?s=96&d=mm&r=g\",\"caption\":\"Sergio Romano\"},\"sameAs\":[\"http:\\\/\\\/www.diariotextual.com\"],\"url\":\"https:\\\/\\\/diariotextual.com\\\/inicio\\\/index.php\\\/author\\\/sergio\\\/\"}]}<\/script>\n<!-- \/ Yoast SEO plugin. -->","yoast_head_json":{"title":"Canciller\u00eda lanza una campa\u00f1a internacional para la b\u00fasqueda de nietos y nietas en el exterior - Diario Textual","robots":{"index":"index","follow":"follow","max-snippet":"max-snippet:-1","max-image-preview":"max-image-preview:large","max-video-preview":"max-video-preview:-1"},"canonical":"https:\/\/diariotextual.com\/inicio\/index.php\/2021\/03\/20\/cancilleria-lanza-una-campana-internacional-para-la-busqueda-de-nietos-y-nietas-en-el-exterior\/","og_locale":"es_ES","og_type":"article","og_title":"Canciller\u00eda lanza una campa\u00f1a internacional para la b\u00fasqueda de nietos y nietas en el exterior - Diario Textual","og_description":"La Canciller\u00eda lanzar\u00e1 el pr\u00f3ximo 24 de marzo, con motivo del D\u00eda Nacional de la Memoria por la Verdad y la Justicia, una Campa\u00f1a Internacional por el Derecho a la&hellip;","og_url":"https:\/\/diariotextual.com\/inicio\/index.php\/2021\/03\/20\/cancilleria-lanza-una-campana-internacional-para-la-busqueda-de-nietos-y-nietas-en-el-exterior\/","og_site_name":"Diario Textual","article_publisher":"https:\/\/www.facebook.com\/eltextual","article_published_time":"2021-03-20T12:52:57+00:00","article_modified_time":"2021-03-20T20:05:55+00:00","og_image":[{"width":1004,"height":565,"url":"https:\/\/diariotextual.com\/inicio\/wp-content\/uploads\/2021\/03\/hijosdesaparecidostelam00001.jpg","type":"image\/jpeg"}],"author":"Sergio Romano","twitter_card":"summary_large_image","twitter_creator":"@eltextual","twitter_site":"@eltextual","twitter_misc":{"Escrito por":"Sergio Romano","Tiempo de lectura":"2 minutos"},"schema":{"@context":"https:\/\/schema.org","@graph":[{"@type":"Article","@id":"https:\/\/diariotextual.com\/inicio\/index.php\/2021\/03\/20\/cancilleria-lanza-una-campana-internacional-para-la-busqueda-de-nietos-y-nietas-en-el-exterior\/#article","isPartOf":{"@id":"https:\/\/diariotextual.com\/inicio\/index.php\/2021\/03\/20\/cancilleria-lanza-una-campana-internacional-para-la-busqueda-de-nietos-y-nietas-en-el-exterior\/"},"author":{"name":"Sergio Romano","@id":"https:\/\/diariotextual.com\/inicio\/#\/schema\/person\/523499e72392084bbaa07d9918058135"},"headline":"Canciller\u00eda lanza una campa\u00f1a internacional para la b\u00fasqueda de nietos y nietas en el exterior","datePublished":"2021-03-20T12:52:57+00:00","dateModified":"2021-03-20T20:05:55+00:00","mainEntityOfPage":{"@id":"https:\/\/diariotextual.com\/inicio\/index.php\/2021\/03\/20\/cancilleria-lanza-una-campana-internacional-para-la-busqueda-de-nietos-y-nietas-en-el-exterior\/"},"wordCount":363,"publisher":{"@id":"https:\/\/diariotextual.com\/inicio\/#organization"},"image":{"@id":"https:\/\/diariotextual.com\/inicio\/index.php\/2021\/03\/20\/cancilleria-lanza-una-campana-internacional-para-la-busqueda-de-nietos-y-nietas-en-el-exterior\/#primaryimage"},"thumbnailUrl":"https:\/\/diariotextual.com\/inicio\/wp-content\/uploads\/2021\/03\/hijosdesaparecidostelam00001.jpg","keywords":["hijos"],"articleSection":["A - PORTADA2","POLITICA"],"inLanguage":"es"},{"@type":"WebPage","@id":"https:\/\/diariotextual.com\/inicio\/index.php\/2021\/03\/20\/cancilleria-lanza-una-campana-internacional-para-la-busqueda-de-nietos-y-nietas-en-el-exterior\/","url":"https:\/\/diariotextual.com\/inicio\/index.php\/2021\/03\/20\/cancilleria-lanza-una-campana-internacional-para-la-busqueda-de-nietos-y-nietas-en-el-exterior\/","name":"Canciller\u00eda lanza una campa\u00f1a internacional para la b\u00fasqueda de nietos y nietas en el exterior - Diario Textual","isPartOf":{"@id":"https:\/\/diariotextual.com\/inicio\/#website"},"primaryImageOfPage":{"@id":"https:\/\/diariotextual.com\/inicio\/index.php\/2021\/03\/20\/cancilleria-lanza-una-campana-internacional-para-la-busqueda-de-nietos-y-nietas-en-el-exterior\/#primaryimage"},"image":{"@id":"https:\/\/diariotextual.com\/inicio\/index.php\/2021\/03\/20\/cancilleria-lanza-una-campana-internacional-para-la-busqueda-de-nietos-y-nietas-en-el-exterior\/#primaryimage"},"thumbnailUrl":"https:\/\/diariotextual.com\/inicio\/wp-content\/uploads\/2021\/03\/hijosdesaparecidostelam00001.jpg","datePublished":"2021-03-20T12:52:57+00:00","dateModified":"2021-03-20T20:05:55+00:00","breadcrumb":{"@id":"https:\/\/diariotextual.com\/inicio\/index.php\/2021\/03\/20\/cancilleria-lanza-una-campana-internacional-para-la-busqueda-de-nietos-y-nietas-en-el-exterior\/#breadcrumb"},"inLanguage":"es","potentialAction":[{"@type":"ReadAction","target":["https:\/\/diariotextual.com\/inicio\/index.php\/2021\/03\/20\/cancilleria-lanza-una-campana-internacional-para-la-busqueda-de-nietos-y-nietas-en-el-exterior\/"]}]},{"@type":"ImageObject","inLanguage":"es","@id":"https:\/\/diariotextual.com\/inicio\/index.php\/2021\/03\/20\/cancilleria-lanza-una-campana-internacional-para-la-busqueda-de-nietos-y-nietas-en-el-exterior\/#primaryimage","url":"https:\/\/diariotextual.com\/inicio\/wp-content\/uploads\/2021\/03\/hijosdesaparecidostelam00001.jpg","contentUrl":"https:\/\/diariotextual.com\/inicio\/wp-content\/uploads\/2021\/03\/hijosdesaparecidostelam00001.jpg","width":1004,"height":565},{"@type":"BreadcrumbList","@id":"https:\/\/diariotextual.com\/inicio\/index.php\/2021\/03\/20\/cancilleria-lanza-una-campana-internacional-para-la-busqueda-de-nietos-y-nietas-en-el-exterior\/#breadcrumb","itemListElement":[{"@type":"ListItem","position":1,"name":"Portada","item":"https:\/\/diariotextual.com\/inicio\/"},{"@type":"ListItem","position":2,"name":"Canciller\u00eda lanza una campa\u00f1a internacional para la b\u00fasqueda de nietos y nietas en el exterior"}]},{"@type":"WebSite","@id":"https:\/\/diariotextual.com\/inicio\/#website","url":"https:\/\/diariotextual.com\/inicio\/","name":"Diario Textual","description":"","publisher":{"@id":"https:\/\/diariotextual.com\/inicio\/#organization"},"potentialAction":[{"@type":"SearchAction","target":{"@type":"EntryPoint","urlTemplate":"https:\/\/diariotextual.com\/inicio\/?s={search_term_string}"},"query-input":{"@type":"PropertyValueSpecification","valueRequired":true,"valueName":"search_term_string"}}],"inLanguage":"es"},{"@type":"Organization","@id":"https:\/\/diariotextual.com\/inicio\/#organization","name":"Diario Textual","url":"https:\/\/diariotextual.com\/inicio\/","logo":{"@type":"ImageObject","inLanguage":"es","@id":"https:\/\/diariotextual.com\/inicio\/#\/schema\/logo\/image\/","url":"https:\/\/diariotextual.com\/inicio\/wp-content\/uploads\/2023\/05\/logotextual1.jpg","contentUrl":"https:\/\/diariotextual.com\/inicio\/wp-content\/uploads\/2023\/05\/logotextual1.jpg","width":516,"height":76,"caption":"Diario Textual"},"image":{"@id":"https:\/\/diariotextual.com\/inicio\/#\/schema\/logo\/image\/"},"sameAs":["https:\/\/www.facebook.com\/eltextual","https:\/\/x.com\/eltextual","http:\/\/www.instagram.com\/eltextual"]},{"@type":"Person","@id":"https:\/\/diariotextual.com\/inicio\/#\/schema\/person\/523499e72392084bbaa07d9918058135","name":"Sergio Romano","image":{"@type":"ImageObject","inLanguage":"es","@id":"https:\/\/secure.gravatar.com\/avatar\/558f03f407fa3accd9dabd3c363c971a21b2b44ce0fe39bb24a92ac5472808b8?s=96&d=mm&r=g","url":"https:\/\/secure.gravatar.com\/avatar\/558f03f407fa3accd9dabd3c363c971a21b2b44ce0fe39bb24a92ac5472808b8?s=96&d=mm&r=g","contentUrl":"https:\/\/secure.gravatar.com\/avatar\/558f03f407fa3accd9dabd3c363c971a21b2b44ce0fe39bb24a92ac5472808b8?s=96&d=mm&r=g","caption":"Sergio Romano"},"sameAs":["http:\/\/www.diariotextual.com"],"url":"https:\/\/diariotextual.com\/inicio\/index.php\/author\/sergio\/"}]}},"_links":{"self":[{"href":"https:\/\/diariotextual.com\/inicio\/index.php\/wp-json\/wp\/v2\/posts\/138390","targetHints":{"allow":["GET"]}}],"collection":[{"href":"https:\/\/diariotextual.com\/inicio\/index.php\/wp-json\/wp\/v2\/posts"}],"about":[{"href":"https:\/\/diariotextual.com\/inicio\/index.php\/wp-json\/wp\/v2\/types\/post"}],"author":[{"embeddable":true,"href":"https:\/\/diariotextual.com\/inicio\/index.php\/wp-json\/wp\/v2\/users\/2"}],"replies":[{"embeddable":true,"href":"https:\/\/diariotextual.com\/inicio\/index.php\/wp-json\/wp\/v2\/comments?post=138390"}],"version-history":[{"count":1,"href":"https:\/\/diariotextual.com\/inicio\/index.php\/wp-json\/wp\/v2\/posts\/138390\/revisions"}],"predecessor-version":[{"id":138391,"href":"https:\/\/diariotextual.com\/inicio\/index.php\/wp-json\/wp\/v2\/posts\/138390\/revisions\/138391"}],"wp:featuredmedia":[{"embeddable":true,"href":"https:\/\/diariotextual.com\/inicio\/index.php\/wp-json\/wp\/v2\/media\/138392"}],"wp:attachment":[{"href":"https:\/\/diariotextual.com\/inicio\/index.php\/wp-json\/wp\/v2\/media?parent=138390"}],"wp:term":[{"taxonomy":"category","embeddable":true,"href":"https:\/\/diariotextual.com\/inicio\/index.php\/wp-json\/wp\/v2\/categories?post=138390"},{"taxonomy":"post_tag","embeddable":true,"href":"https:\/\/diariotextual.com\/inicio\/index.php\/wp-json\/wp\/v2\/tags?post=138390"}],"curies":[{"name":"wp","href":"https:\/\/api.w.org\/{rel}","templated":true}]}}