{"id":138425,"date":"2021-03-20T17:29:40","date_gmt":"2021-03-20T20:29:40","guid":{"rendered":"http:\/\/diariotextual.com\/inicio\/?p=138425"},"modified":"2021-03-20T18:05:25","modified_gmt":"2021-03-20T21:05:25","slug":"caso-m-se-nego-a-declarar-el-acusado-por-el-secuestro-de-la-nina","status":"publish","type":"post","link":"https:\/\/diariotextual.com\/inicio\/index.php\/2021\/03\/20\/caso-m-se-nego-a-declarar-el-acusado-por-el-secuestro-de-la-nina\/","title":{"rendered":"Caso M: se neg\u00f3 a declarar el acusado por el secuestro de la ni\u00f1a"},"content":{"rendered":"\n<p><strong>Carlos Alberto Savanz<\/strong>, el cartonero de 39 a\u00f1os detenido por llevarse a una nena de 7 a\u00f1os, se neg\u00f3 a declarar este s\u00e1bado en la indagatoria por la&nbsp;<strong>causa M.<\/strong>&nbsp;<\/p>\n\n\n\n<p>Rodolfo Baqu\u00e9 es el abogado que representa a la madre de la ni\u00f1a que Savanz se llev\u00f3 el lunes pasado. El hombre la llev\u00f3&nbsp;desde Parque Avellaneda hasta Luj\u00e1n, donde fueron encontrados.&nbsp;<\/p>\n\n\n\n<p>Jorge Alfonso es el abogado que defiende a Savanz, que eligi\u00f3 no responder las preguntas de la jueza Fabiana Galletti, que est\u00e1 a cargo del Juzgado Nacional en lo Criminal y Correccional 57.<\/p>\n\n\n\n<p>El delito que se le imputa al detenido est\u00e1 contemplado en el art\u00edculo 146 del C\u00f3digo Penal y prev\u00e9 una pena de entre 5 y 15 a\u00f1os de prisi\u00f3n. El hombre seguir\u00e1 detenido en una celda de la Superintendencia de Investigaciones Federales de la Polic\u00eda Federal Argentina (PFA), situada en Villa Lugano.<\/p>\n\n\n\n<p>A Savanz se lo reconoce m\u00e1s como \u201cCarlitos\u201d. \u00c9l es cartonero y no tiene un domicilio fijo. Estuvo viviendo un tiempo en Villa Zavaleta y los vecinos se\u00f1alaron que lo echaron por un caso de abuso sexual a un menor de edad.<\/p>\n\n\n\n<p>La familia de la menor secuestrada por Savanz indic\u00f3 que el hombre apareci\u00f3 hace un mes por el barrio Cild\u00e1\u00f1ez de Parque Avellaneda. Desde ah\u00ed empez\u00f3 a interactuar con la ni\u00f1a y su mam\u00e1. \u201cCarlitos\u201d empez\u00f3 a recolectar con ellas y ah\u00ed se gan\u00f3 la confianza.<\/p>\n","protected":false},"excerpt":{"rendered":"<p>Carlos Alberto Savanz, el cartonero de 39 a\u00f1os detenido por llevarse a una nena de 7 a\u00f1os, se neg\u00f3 a declarar este s\u00e1bado en la indagatoria por la&nbsp;causa M.&nbsp; Rodolfo&hellip;<\/p>\n","protected":false},"author":3,"featured_media":138429,"comment_status":"closed","ping_status":"open","sticky":false,"template":"","format":"standard","meta":{"_acf_changed":false,"footnotes":""},"categories":[10,12],"tags":[5206],"class_list":["post-138425","post","type-post","status-publish","format-standard","has-post-thumbnail","hentry","category-portada-2","category-sociedad","tag-savanz"],"acf":[],"yoast_head":"<!-- This site is optimized with the Yoast SEO plugin v27.5 - https:\/\/yoast.com\/product\/yoast-seo-wordpress\/ -->\n<title>Caso M: se neg\u00f3 a declarar el acusado por el secuestro de la ni\u00f1a - Diario Textual<\/title>\n<meta name=\"robots\" content=\"index, follow, max-snippet:-1, max-image-preview:large, max-video-preview:-1\" \/>\n<link rel=\"canonical\" href=\"https:\/\/diariotextual.com\/inicio\/index.php\/2021\/03\/20\/caso-m-se-nego-a-declarar-el-acusado-por-el-secuestro-de-la-nina\/\" \/>\n<meta property=\"og:locale\" content=\"es_ES\" \/>\n<meta property=\"og:type\" content=\"article\" \/>\n<meta property=\"og:title\" content=\"Caso M: se neg\u00f3 a declarar el acusado por el secuestro de la ni\u00f1a - Diario Textual\" \/>\n<meta property=\"og:description\" content=\"Carlos Alberto Savanz, el cartonero de 39 a\u00f1os detenido por llevarse a una nena de 7 a\u00f1os, se neg\u00f3 a declarar este s\u00e1bado en la indagatoria por la&nbsp;causa M.&nbsp; Rodolfo&hellip;\" \/>\n<meta property=\"og:url\" content=\"https:\/\/diariotextual.com\/inicio\/index.php\/2021\/03\/20\/caso-m-se-nego-a-declarar-el-acusado-por-el-secuestro-de-la-nina\/\" \/>\n<meta property=\"og:site_name\" content=\"Diario Textual\" \/>\n<meta property=\"article:publisher\" content=\"https:\/\/www.facebook.com\/eltextual\" \/>\n<meta property=\"article:published_time\" content=\"2021-03-20T20:29:40+00:00\" \/>\n<meta property=\"article:modified_time\" content=\"2021-03-20T21:05:25+00:00\" \/>\n<meta property=\"og:image\" content=\"https:\/\/diariotextual.com\/inicio\/wp-content\/uploads\/2021\/03\/savanzcarloscasom2021-2.jpeg\" \/>\n\t<meta property=\"og:image:width\" content=\"879\" \/>\n\t<meta property=\"og:image:height\" content=\"586\" \/>\n\t<meta property=\"og:image:type\" content=\"image\/jpeg\" \/>\n<meta name=\"author\" content=\"Diario1 Diario1\" \/>\n<meta name=\"twitter:card\" content=\"summary_large_image\" \/>\n<meta name=\"twitter:creator\" content=\"@eltextual\" \/>\n<meta name=\"twitter:site\" content=\"@eltextual\" \/>\n<meta name=\"twitter:label1\" content=\"Escrito por\" \/>\n\t<meta name=\"twitter:data1\" content=\"Diario1 Diario1\" \/>\n\t<meta name=\"twitter:label2\" content=\"Tiempo de lectura\" \/>\n\t<meta name=\"twitter:data2\" content=\"2 minutos\" \/>\n<script type=\"application\/ld+json\" class=\"yoast-schema-graph\">{\"@context\":\"https:\\\/\\\/schema.org\",\"@graph\":[{\"@type\":\"Article\",\"@id\":\"https:\\\/\\\/diariotextual.com\\\/inicio\\\/index.php\\\/2021\\\/03\\\/20\\\/caso-m-se-nego-a-declarar-el-acusado-por-el-secuestro-de-la-nina\\\/#article\",\"isPartOf\":{\"@id\":\"https:\\\/\\\/diariotextual.com\\\/inicio\\\/index.php\\\/2021\\\/03\\\/20\\\/caso-m-se-nego-a-declarar-el-acusado-por-el-secuestro-de-la-nina\\\/\"},\"author\":{\"name\":\"Diario1 Diario1\",\"@id\":\"https:\\\/\\\/diariotextual.com\\\/inicio\\\/#\\\/schema\\\/person\\\/418fc4093c33e86ed41562db3508f958\"},\"headline\":\"Caso M: se neg\u00f3 a declarar el acusado por el secuestro de la ni\u00f1a\",\"datePublished\":\"2021-03-20T20:29:40+00:00\",\"dateModified\":\"2021-03-20T21:05:25+00:00\",\"mainEntityOfPage\":{\"@id\":\"https:\\\/\\\/diariotextual.com\\\/inicio\\\/index.php\\\/2021\\\/03\\\/20\\\/caso-m-se-nego-a-declarar-el-acusado-por-el-secuestro-de-la-nina\\\/\"},\"wordCount\":262,\"publisher\":{\"@id\":\"https:\\\/\\\/diariotextual.com\\\/inicio\\\/#organization\"},\"image\":{\"@id\":\"https:\\\/\\\/diariotextual.com\\\/inicio\\\/index.php\\\/2021\\\/03\\\/20\\\/caso-m-se-nego-a-declarar-el-acusado-por-el-secuestro-de-la-nina\\\/#primaryimage\"},\"thumbnailUrl\":\"https:\\\/\\\/diariotextual.com\\\/inicio\\\/wp-content\\\/uploads\\\/2021\\\/03\\\/savanzcarloscasom2021-2.jpeg\",\"keywords\":[\"savanz\"],\"articleSection\":[\"A - PORTADA2\",\"SOCIEDAD\"],\"inLanguage\":\"es\"},{\"@type\":\"WebPage\",\"@id\":\"https:\\\/\\\/diariotextual.com\\\/inicio\\\/index.php\\\/2021\\\/03\\\/20\\\/caso-m-se-nego-a-declarar-el-acusado-por-el-secuestro-de-la-nina\\\/\",\"url\":\"https:\\\/\\\/diariotextual.com\\\/inicio\\\/index.php\\\/2021\\\/03\\\/20\\\/caso-m-se-nego-a-declarar-el-acusado-por-el-secuestro-de-la-nina\\\/\",\"name\":\"Caso M: se neg\u00f3 a declarar el acusado por el secuestro de la ni\u00f1a - Diario Textual\",\"isPartOf\":{\"@id\":\"https:\\\/\\\/diariotextual.com\\\/inicio\\\/#website\"},\"primaryImageOfPage\":{\"@id\":\"https:\\\/\\\/diariotextual.com\\\/inicio\\\/index.php\\\/2021\\\/03\\\/20\\\/caso-m-se-nego-a-declarar-el-acusado-por-el-secuestro-de-la-nina\\\/#primaryimage\"},\"image\":{\"@id\":\"https:\\\/\\\/diariotextual.com\\\/inicio\\\/index.php\\\/2021\\\/03\\\/20\\\/caso-m-se-nego-a-declarar-el-acusado-por-el-secuestro-de-la-nina\\\/#primaryimage\"},\"thumbnailUrl\":\"https:\\\/\\\/diariotextual.com\\\/inicio\\\/wp-content\\\/uploads\\\/2021\\\/03\\\/savanzcarloscasom2021-2.jpeg\",\"datePublished\":\"2021-03-20T20:29:40+00:00\",\"dateModified\":\"2021-03-20T21:05:25+00:00\",\"breadcrumb\":{\"@id\":\"https:\\\/\\\/diariotextual.com\\\/inicio\\\/index.php\\\/2021\\\/03\\\/20\\\/caso-m-se-nego-a-declarar-el-acusado-por-el-secuestro-de-la-nina\\\/#breadcrumb\"},\"inLanguage\":\"es\",\"potentialAction\":[{\"@type\":\"ReadAction\",\"target\":[\"https:\\\/\\\/diariotextual.com\\\/inicio\\\/index.php\\\/2021\\\/03\\\/20\\\/caso-m-se-nego-a-declarar-el-acusado-por-el-secuestro-de-la-nina\\\/\"]}]},{\"@type\":\"ImageObject\",\"inLanguage\":\"es\",\"@id\":\"https:\\\/\\\/diariotextual.com\\\/inicio\\\/index.php\\\/2021\\\/03\\\/20\\\/caso-m-se-nego-a-declarar-el-acusado-por-el-secuestro-de-la-nina\\\/#primaryimage\",\"url\":\"https:\\\/\\\/diariotextual.com\\\/inicio\\\/wp-content\\\/uploads\\\/2021\\\/03\\\/savanzcarloscasom2021-2.jpeg\",\"contentUrl\":\"https:\\\/\\\/diariotextual.com\\\/inicio\\\/wp-content\\\/uploads\\\/2021\\\/03\\\/savanzcarloscasom2021-2.jpeg\",\"width\":879,\"height\":586},{\"@type\":\"BreadcrumbList\",\"@id\":\"https:\\\/\\\/diariotextual.com\\\/inicio\\\/index.php\\\/2021\\\/03\\\/20\\\/caso-m-se-nego-a-declarar-el-acusado-por-el-secuestro-de-la-nina\\\/#breadcrumb\",\"itemListElement\":[{\"@type\":\"ListItem\",\"position\":1,\"name\":\"Portada\",\"item\":\"https:\\\/\\\/diariotextual.com\\\/inicio\\\/\"},{\"@type\":\"ListItem\",\"position\":2,\"name\":\"Caso M: se neg\u00f3 a declarar el acusado por el secuestro de la ni\u00f1a\"}]},{\"@type\":\"WebSite\",\"@id\":\"https:\\\/\\\/diariotextual.com\\\/inicio\\\/#website\",\"url\":\"https:\\\/\\\/diariotextual.com\\\/inicio\\\/\",\"name\":\"Diario Textual\",\"description\":\"\",\"publisher\":{\"@id\":\"https:\\\/\\\/diariotextual.com\\\/inicio\\\/#organization\"},\"potentialAction\":[{\"@type\":\"SearchAction\",\"target\":{\"@type\":\"EntryPoint\",\"urlTemplate\":\"https:\\\/\\\/diariotextual.com\\\/inicio\\\/?s={search_term_string}\"},\"query-input\":{\"@type\":\"PropertyValueSpecification\",\"valueRequired\":true,\"valueName\":\"search_term_string\"}}],\"inLanguage\":\"es\"},{\"@type\":\"Organization\",\"@id\":\"https:\\\/\\\/diariotextual.com\\\/inicio\\\/#organization\",\"name\":\"Diario Textual\",\"url\":\"https:\\\/\\\/diariotextual.com\\\/inicio\\\/\",\"logo\":{\"@type\":\"ImageObject\",\"inLanguage\":\"es\",\"@id\":\"https:\\\/\\\/diariotextual.com\\\/inicio\\\/#\\\/schema\\\/logo\\\/image\\\/\",\"url\":\"https:\\\/\\\/diariotextual.com\\\/inicio\\\/wp-content\\\/uploads\\\/2023\\\/05\\\/logotextual1.jpg\",\"contentUrl\":\"https:\\\/\\\/diariotextual.com\\\/inicio\\\/wp-content\\\/uploads\\\/2023\\\/05\\\/logotextual1.jpg\",\"width\":516,\"height\":76,\"caption\":\"Diario Textual\"},\"image\":{\"@id\":\"https:\\\/\\\/diariotextual.com\\\/inicio\\\/#\\\/schema\\\/logo\\\/image\\\/\"},\"sameAs\":[\"https:\\\/\\\/www.facebook.com\\\/eltextual\",\"https:\\\/\\\/x.com\\\/eltextual\",\"http:\\\/\\\/www.instagram.com\\\/eltextual\"]},{\"@type\":\"Person\",\"@id\":\"https:\\\/\\\/diariotextual.com\\\/inicio\\\/#\\\/schema\\\/person\\\/418fc4093c33e86ed41562db3508f958\",\"name\":\"Diario1 Diario1\",\"image\":{\"@type\":\"ImageObject\",\"inLanguage\":\"es\",\"@id\":\"https:\\\/\\\/secure.gravatar.com\\\/avatar\\\/9167d280179c85bc18be67aa7eda765854300033af4896dd779b608640f2ef7a?s=96&d=mm&r=g\",\"url\":\"https:\\\/\\\/secure.gravatar.com\\\/avatar\\\/9167d280179c85bc18be67aa7eda765854300033af4896dd779b608640f2ef7a?s=96&d=mm&r=g\",\"contentUrl\":\"https:\\\/\\\/secure.gravatar.com\\\/avatar\\\/9167d280179c85bc18be67aa7eda765854300033af4896dd779b608640f2ef7a?s=96&d=mm&r=g\",\"caption\":\"Diario1 Diario1\"},\"url\":\"https:\\\/\\\/diariotextual.com\\\/inicio\\\/index.php\\\/author\\\/diario1\\\/\"}]}<\/script>\n<!-- \/ Yoast SEO plugin. -->","yoast_head_json":{"title":"Caso M: se neg\u00f3 a declarar el acusado por el secuestro de la ni\u00f1a - Diario Textual","robots":{"index":"index","follow":"follow","max-snippet":"max-snippet:-1","max-image-preview":"max-image-preview:large","max-video-preview":"max-video-preview:-1"},"canonical":"https:\/\/diariotextual.com\/inicio\/index.php\/2021\/03\/20\/caso-m-se-nego-a-declarar-el-acusado-por-el-secuestro-de-la-nina\/","og_locale":"es_ES","og_type":"article","og_title":"Caso M: se neg\u00f3 a declarar el acusado por el secuestro de la ni\u00f1a - Diario Textual","og_description":"Carlos Alberto Savanz, el cartonero de 39 a\u00f1os detenido por llevarse a una nena de 7 a\u00f1os, se neg\u00f3 a declarar este s\u00e1bado en la indagatoria por la&nbsp;causa M.&nbsp; Rodolfo&hellip;","og_url":"https:\/\/diariotextual.com\/inicio\/index.php\/2021\/03\/20\/caso-m-se-nego-a-declarar-el-acusado-por-el-secuestro-de-la-nina\/","og_site_name":"Diario Textual","article_publisher":"https:\/\/www.facebook.com\/eltextual","article_published_time":"2021-03-20T20:29:40+00:00","article_modified_time":"2021-03-20T21:05:25+00:00","og_image":[{"width":879,"height":586,"url":"https:\/\/diariotextual.com\/inicio\/wp-content\/uploads\/2021\/03\/savanzcarloscasom2021-2.jpeg","type":"image\/jpeg"}],"author":"Diario1 Diario1","twitter_card":"summary_large_image","twitter_creator":"@eltextual","twitter_site":"@eltextual","twitter_misc":{"Escrito por":"Diario1 Diario1","Tiempo de lectura":"2 minutos"},"schema":{"@context":"https:\/\/schema.org","@graph":[{"@type":"Article","@id":"https:\/\/diariotextual.com\/inicio\/index.php\/2021\/03\/20\/caso-m-se-nego-a-declarar-el-acusado-por-el-secuestro-de-la-nina\/#article","isPartOf":{"@id":"https:\/\/diariotextual.com\/inicio\/index.php\/2021\/03\/20\/caso-m-se-nego-a-declarar-el-acusado-por-el-secuestro-de-la-nina\/"},"author":{"name":"Diario1 Diario1","@id":"https:\/\/diariotextual.com\/inicio\/#\/schema\/person\/418fc4093c33e86ed41562db3508f958"},"headline":"Caso M: se neg\u00f3 a declarar el acusado por el secuestro de la ni\u00f1a","datePublished":"2021-03-20T20:29:40+00:00","dateModified":"2021-03-20T21:05:25+00:00","mainEntityOfPage":{"@id":"https:\/\/diariotextual.com\/inicio\/index.php\/2021\/03\/20\/caso-m-se-nego-a-declarar-el-acusado-por-el-secuestro-de-la-nina\/"},"wordCount":262,"publisher":{"@id":"https:\/\/diariotextual.com\/inicio\/#organization"},"image":{"@id":"https:\/\/diariotextual.com\/inicio\/index.php\/2021\/03\/20\/caso-m-se-nego-a-declarar-el-acusado-por-el-secuestro-de-la-nina\/#primaryimage"},"thumbnailUrl":"https:\/\/diariotextual.com\/inicio\/wp-content\/uploads\/2021\/03\/savanzcarloscasom2021-2.jpeg","keywords":["savanz"],"articleSection":["A - PORTADA2","SOCIEDAD"],"inLanguage":"es"},{"@type":"WebPage","@id":"https:\/\/diariotextual.com\/inicio\/index.php\/2021\/03\/20\/caso-m-se-nego-a-declarar-el-acusado-por-el-secuestro-de-la-nina\/","url":"https:\/\/diariotextual.com\/inicio\/index.php\/2021\/03\/20\/caso-m-se-nego-a-declarar-el-acusado-por-el-secuestro-de-la-nina\/","name":"Caso M: se neg\u00f3 a declarar el acusado por el secuestro de la ni\u00f1a - Diario Textual","isPartOf":{"@id":"https:\/\/diariotextual.com\/inicio\/#website"},"primaryImageOfPage":{"@id":"https:\/\/diariotextual.com\/inicio\/index.php\/2021\/03\/20\/caso-m-se-nego-a-declarar-el-acusado-por-el-secuestro-de-la-nina\/#primaryimage"},"image":{"@id":"https:\/\/diariotextual.com\/inicio\/index.php\/2021\/03\/20\/caso-m-se-nego-a-declarar-el-acusado-por-el-secuestro-de-la-nina\/#primaryimage"},"thumbnailUrl":"https:\/\/diariotextual.com\/inicio\/wp-content\/uploads\/2021\/03\/savanzcarloscasom2021-2.jpeg","datePublished":"2021-03-20T20:29:40+00:00","dateModified":"2021-03-20T21:05:25+00:00","breadcrumb":{"@id":"https:\/\/diariotextual.com\/inicio\/index.php\/2021\/03\/20\/caso-m-se-nego-a-declarar-el-acusado-por-el-secuestro-de-la-nina\/#breadcrumb"},"inLanguage":"es","potentialAction":[{"@type":"ReadAction","target":["https:\/\/diariotextual.com\/inicio\/index.php\/2021\/03\/20\/caso-m-se-nego-a-declarar-el-acusado-por-el-secuestro-de-la-nina\/"]}]},{"@type":"ImageObject","inLanguage":"es","@id":"https:\/\/diariotextual.com\/inicio\/index.php\/2021\/03\/20\/caso-m-se-nego-a-declarar-el-acusado-por-el-secuestro-de-la-nina\/#primaryimage","url":"https:\/\/diariotextual.com\/inicio\/wp-content\/uploads\/2021\/03\/savanzcarloscasom2021-2.jpeg","contentUrl":"https:\/\/diariotextual.com\/inicio\/wp-content\/uploads\/2021\/03\/savanzcarloscasom2021-2.jpeg","width":879,"height":586},{"@type":"BreadcrumbList","@id":"https:\/\/diariotextual.com\/inicio\/index.php\/2021\/03\/20\/caso-m-se-nego-a-declarar-el-acusado-por-el-secuestro-de-la-nina\/#breadcrumb","itemListElement":[{"@type":"ListItem","position":1,"name":"Portada","item":"https:\/\/diariotextual.com\/inicio\/"},{"@type":"ListItem","position":2,"name":"Caso M: se neg\u00f3 a declarar el acusado por el secuestro de la ni\u00f1a"}]},{"@type":"WebSite","@id":"https:\/\/diariotextual.com\/inicio\/#website","url":"https:\/\/diariotextual.com\/inicio\/","name":"Diario Textual","description":"","publisher":{"@id":"https:\/\/diariotextual.com\/inicio\/#organization"},"potentialAction":[{"@type":"SearchAction","target":{"@type":"EntryPoint","urlTemplate":"https:\/\/diariotextual.com\/inicio\/?s={search_term_string}"},"query-input":{"@type":"PropertyValueSpecification","valueRequired":true,"valueName":"search_term_string"}}],"inLanguage":"es"},{"@type":"Organization","@id":"https:\/\/diariotextual.com\/inicio\/#organization","name":"Diario Textual","url":"https:\/\/diariotextual.com\/inicio\/","logo":{"@type":"ImageObject","inLanguage":"es","@id":"https:\/\/diariotextual.com\/inicio\/#\/schema\/logo\/image\/","url":"https:\/\/diariotextual.com\/inicio\/wp-content\/uploads\/2023\/05\/logotextual1.jpg","contentUrl":"https:\/\/diariotextual.com\/inicio\/wp-content\/uploads\/2023\/05\/logotextual1.jpg","width":516,"height":76,"caption":"Diario Textual"},"image":{"@id":"https:\/\/diariotextual.com\/inicio\/#\/schema\/logo\/image\/"},"sameAs":["https:\/\/www.facebook.com\/eltextual","https:\/\/x.com\/eltextual","http:\/\/www.instagram.com\/eltextual"]},{"@type":"Person","@id":"https:\/\/diariotextual.com\/inicio\/#\/schema\/person\/418fc4093c33e86ed41562db3508f958","name":"Diario1 Diario1","image":{"@type":"ImageObject","inLanguage":"es","@id":"https:\/\/secure.gravatar.com\/avatar\/9167d280179c85bc18be67aa7eda765854300033af4896dd779b608640f2ef7a?s=96&d=mm&r=g","url":"https:\/\/secure.gravatar.com\/avatar\/9167d280179c85bc18be67aa7eda765854300033af4896dd779b608640f2ef7a?s=96&d=mm&r=g","contentUrl":"https:\/\/secure.gravatar.com\/avatar\/9167d280179c85bc18be67aa7eda765854300033af4896dd779b608640f2ef7a?s=96&d=mm&r=g","caption":"Diario1 Diario1"},"url":"https:\/\/diariotextual.com\/inicio\/index.php\/author\/diario1\/"}]}},"_links":{"self":[{"href":"https:\/\/diariotextual.com\/inicio\/index.php\/wp-json\/wp\/v2\/posts\/138425","targetHints":{"allow":["GET"]}}],"collection":[{"href":"https:\/\/diariotextual.com\/inicio\/index.php\/wp-json\/wp\/v2\/posts"}],"about":[{"href":"https:\/\/diariotextual.com\/inicio\/index.php\/wp-json\/wp\/v2\/types\/post"}],"author":[{"embeddable":true,"href":"https:\/\/diariotextual.com\/inicio\/index.php\/wp-json\/wp\/v2\/users\/3"}],"replies":[{"embeddable":true,"href":"https:\/\/diariotextual.com\/inicio\/index.php\/wp-json\/wp\/v2\/comments?post=138425"}],"version-history":[{"count":3,"href":"https:\/\/diariotextual.com\/inicio\/index.php\/wp-json\/wp\/v2\/posts\/138425\/revisions"}],"predecessor-version":[{"id":138430,"href":"https:\/\/diariotextual.com\/inicio\/index.php\/wp-json\/wp\/v2\/posts\/138425\/revisions\/138430"}],"wp:featuredmedia":[{"embeddable":true,"href":"https:\/\/diariotextual.com\/inicio\/index.php\/wp-json\/wp\/v2\/media\/138429"}],"wp:attachment":[{"href":"https:\/\/diariotextual.com\/inicio\/index.php\/wp-json\/wp\/v2\/media?parent=138425"}],"wp:term":[{"taxonomy":"category","embeddable":true,"href":"https:\/\/diariotextual.com\/inicio\/index.php\/wp-json\/wp\/v2\/categories?post=138425"},{"taxonomy":"post_tag","embeddable":true,"href":"https:\/\/diariotextual.com\/inicio\/index.php\/wp-json\/wp\/v2\/tags?post=138425"}],"curies":[{"name":"wp","href":"https:\/\/api.w.org\/{rel}","templated":true}]}}