{"id":138483,"date":"2021-03-21T18:44:47","date_gmt":"2021-03-21T21:44:47","guid":{"rendered":"http:\/\/diariotextual.com\/inicio\/?p=138483"},"modified":"2021-03-22T07:28:52","modified_gmt":"2021-03-22T10:28:52","slug":"en-un-ano-se-contagiaron-de-covid-637-trabajadores-de-salud-en-la-pampa","status":"publish","type":"post","link":"https:\/\/diariotextual.com\/inicio\/index.php\/2021\/03\/21\/en-un-ano-se-contagiaron-de-covid-637-trabajadores-de-salud-en-la-pampa\/","title":{"rendered":"En un a\u00f1o se contagiaron de covid 637 trabajadores de Salud en La Pampa"},"content":{"rendered":"\n<p>Un total de 637 trabajadores y trabajadoras de la Salud se contagiaron de coronavirus en el a\u00f1o que lleva la pandemia en La Pampa.<\/p>\n\n\n\n<p>Estuvieron y siguen estando en la primera l\u00ednea de la lucha contra el coronavirus y, por ende, fueron y son los m\u00e1s expuestos frente al avance de la pandemia. Sufrieron el impacto f\u00edsico y psicol\u00f3gico como ning\u00fan otro sector de la poblaci\u00f3n.<\/p>\n\n\n\n<p>Seg\u00fan public\u00f3 el portal <strong><a href=\"https:\/\/www.infobae.com\/politica\/2021\/03\/21\/a-un-ano-del-inicio-de-la-pandemia-hubo-casi-500-muertos-y-mas-de-78000-casos-entre-el-personal-de-salud\/\" target=\"_blank\" rel=\"noreferrer noopener\">Infobae<\/a><\/strong> en base a fuentes oficiales, en el a\u00f1o que lleva la pandemia en el pa\u00eds, perdieron la vida a causa del COVID-19 un total de 470 profesionales y trabajadores de la salud. Y son ya 78.912 los que contrajeron coronavirus, lo que implica que 15 de cada 100 sufrieron la enfermedad. El 87% del total de contagiados, pudo recuperarse.<\/p>\n\n\n\n<p>Esta cifra de fallecidos representa el 1% del total de las 54.517 muertes registradas en Argentina hasta la fecha. Sin embargo, desde la Red de M\u00e9dicos Integrados (REDIMA) sostienen que hay \u201cun subregistro\u201d en los n\u00fameros oficiales respecto que ellos llevan contabilizados. \u201cLa mortalidad informada est\u00e1 por debajo de lo que nosotros pudimos constatar hacia principios de diciembre, cuando ten\u00edamos confirmados 488 fallecidos\u201d, le dijo a Infobae Mar\u00eda Berude, miembro de REDIMA.<\/p>\n\n\n\n<p>En cuanto al total de contagios entre el personal sanitario, esos 78.912 confirmados representan el 3,5% del total de casos detectados en la poblaci\u00f3n en general con COVID-19, de acuerdo a los \u00faltimos datos de la Direcci\u00f3n Nacional de Epidemiolog\u00eda e Informaci\u00f3n Estrat\u00e9gica del Ministerio de Salud de la Naci\u00f3n, actualizados al 17 de este mes. En el caso de La Pampa son 637 los contagiados.<\/p>\n\n\n\n<figure class=\"wp-block-image size-large\"><img fetchpriority=\"high\" decoding=\"async\" width=\"774\" height=\"565\" src=\"http:\/\/diariotextual.com\/inicio\/wp-content\/uploads\/2021\/03\/coronavirusinfografiacontagios2021-1.jpg\" alt=\"\" class=\"wp-image-138487\" srcset=\"https:\/\/diariotextual.com\/inicio\/wp-content\/uploads\/2021\/03\/coronavirusinfografiacontagios2021-1.jpg 774w, https:\/\/diariotextual.com\/inicio\/wp-content\/uploads\/2021\/03\/coronavirusinfografiacontagios2021-1-300x219.jpg 300w, https:\/\/diariotextual.com\/inicio\/wp-content\/uploads\/2021\/03\/coronavirusinfografiacontagios2021-1-768x561.jpg 768w, https:\/\/diariotextual.com\/inicio\/wp-content\/uploads\/2021\/03\/coronavirusinfografiacontagios2021-1-585x427.jpg 585w\" sizes=\"(max-width: 774px) 100vw, 774px\" \/><\/figure>\n","protected":false},"excerpt":{"rendered":"<p>Un total de 637 trabajadores y trabajadoras de la Salud se contagiaron de coronavirus en el a\u00f1o que lleva la pandemia en La Pampa. Estuvieron y siguen estando en la&hellip;<\/p>\n","protected":false},"author":3,"featured_media":122421,"comment_status":"closed","ping_status":"open","sticky":false,"template":"","format":"standard","meta":{"_acf_changed":false,"footnotes":""},"categories":[10,12],"tags":[2662],"class_list":["post-138483","post","type-post","status-publish","format-standard","has-post-thumbnail","hentry","category-portada-2","category-sociedad","tag-coronavirus"],"acf":[],"yoast_head":"<!-- This site is optimized with the Yoast SEO plugin v27.5 - https:\/\/yoast.com\/product\/yoast-seo-wordpress\/ -->\n<title>En un a\u00f1o se contagiaron de covid 637 trabajadores de Salud en La Pampa - Diario Textual<\/title>\n<meta name=\"robots\" content=\"index, follow, max-snippet:-1, max-image-preview:large, max-video-preview:-1\" \/>\n<link rel=\"canonical\" href=\"https:\/\/diariotextual.com\/inicio\/index.php\/2021\/03\/21\/en-un-ano-se-contagiaron-de-covid-637-trabajadores-de-salud-en-la-pampa\/\" \/>\n<meta property=\"og:locale\" content=\"es_ES\" \/>\n<meta property=\"og:type\" content=\"article\" \/>\n<meta property=\"og:title\" content=\"En un a\u00f1o se contagiaron de covid 637 trabajadores de Salud en La Pampa - Diario Textual\" \/>\n<meta property=\"og:description\" content=\"Un total de 637 trabajadores y trabajadoras de la Salud se contagiaron de coronavirus en el a\u00f1o que lleva la pandemia en La Pampa. Estuvieron y siguen estando en la&hellip;\" \/>\n<meta property=\"og:url\" content=\"https:\/\/diariotextual.com\/inicio\/index.php\/2021\/03\/21\/en-un-ano-se-contagiaron-de-covid-637-trabajadores-de-salud-en-la-pampa\/\" \/>\n<meta property=\"og:site_name\" content=\"Diario Textual\" \/>\n<meta property=\"article:publisher\" content=\"https:\/\/www.facebook.com\/eltextual\" \/>\n<meta property=\"article:published_time\" content=\"2021-03-21T21:44:47+00:00\" \/>\n<meta property=\"article:modified_time\" content=\"2021-03-22T10:28:52+00:00\" \/>\n<meta property=\"og:image\" content=\"https:\/\/diariotextual.com\/inicio\/wp-content\/uploads\/2020\/11\/coronavirustelam2020-286.jpg\" \/>\n\t<meta property=\"og:image:width\" content=\"1004\" \/>\n\t<meta property=\"og:image:height\" content=\"565\" \/>\n\t<meta property=\"og:image:type\" content=\"image\/jpeg\" \/>\n<meta name=\"author\" content=\"Diario1 Diario1\" \/>\n<meta name=\"twitter:card\" content=\"summary_large_image\" \/>\n<meta name=\"twitter:creator\" content=\"@eltextual\" \/>\n<meta name=\"twitter:site\" content=\"@eltextual\" \/>\n<meta name=\"twitter:label1\" content=\"Escrito por\" \/>\n\t<meta name=\"twitter:data1\" content=\"Diario1 Diario1\" \/>\n\t<meta name=\"twitter:label2\" content=\"Tiempo de lectura\" \/>\n\t<meta name=\"twitter:data2\" content=\"2 minutos\" \/>\n<script type=\"application\/ld+json\" class=\"yoast-schema-graph\">{\"@context\":\"https:\\\/\\\/schema.org\",\"@graph\":[{\"@type\":\"Article\",\"@id\":\"https:\\\/\\\/diariotextual.com\\\/inicio\\\/index.php\\\/2021\\\/03\\\/21\\\/en-un-ano-se-contagiaron-de-covid-637-trabajadores-de-salud-en-la-pampa\\\/#article\",\"isPartOf\":{\"@id\":\"https:\\\/\\\/diariotextual.com\\\/inicio\\\/index.php\\\/2021\\\/03\\\/21\\\/en-un-ano-se-contagiaron-de-covid-637-trabajadores-de-salud-en-la-pampa\\\/\"},\"author\":{\"name\":\"Diario1 Diario1\",\"@id\":\"https:\\\/\\\/diariotextual.com\\\/inicio\\\/#\\\/schema\\\/person\\\/418fc4093c33e86ed41562db3508f958\"},\"headline\":\"En un a\u00f1o se contagiaron de covid 637 trabajadores de Salud en La Pampa\",\"datePublished\":\"2021-03-21T21:44:47+00:00\",\"dateModified\":\"2021-03-22T10:28:52+00:00\",\"mainEntityOfPage\":{\"@id\":\"https:\\\/\\\/diariotextual.com\\\/inicio\\\/index.php\\\/2021\\\/03\\\/21\\\/en-un-ano-se-contagiaron-de-covid-637-trabajadores-de-salud-en-la-pampa\\\/\"},\"wordCount\":289,\"publisher\":{\"@id\":\"https:\\\/\\\/diariotextual.com\\\/inicio\\\/#organization\"},\"image\":{\"@id\":\"https:\\\/\\\/diariotextual.com\\\/inicio\\\/index.php\\\/2021\\\/03\\\/21\\\/en-un-ano-se-contagiaron-de-covid-637-trabajadores-de-salud-en-la-pampa\\\/#primaryimage\"},\"thumbnailUrl\":\"https:\\\/\\\/diariotextual.com\\\/inicio\\\/wp-content\\\/uploads\\\/2020\\\/11\\\/coronavirustelam2020-286.jpg\",\"keywords\":[\"coronavirus\"],\"articleSection\":[\"A - PORTADA2\",\"SOCIEDAD\"],\"inLanguage\":\"es\"},{\"@type\":\"WebPage\",\"@id\":\"https:\\\/\\\/diariotextual.com\\\/inicio\\\/index.php\\\/2021\\\/03\\\/21\\\/en-un-ano-se-contagiaron-de-covid-637-trabajadores-de-salud-en-la-pampa\\\/\",\"url\":\"https:\\\/\\\/diariotextual.com\\\/inicio\\\/index.php\\\/2021\\\/03\\\/21\\\/en-un-ano-se-contagiaron-de-covid-637-trabajadores-de-salud-en-la-pampa\\\/\",\"name\":\"En un a\u00f1o se contagiaron de covid 637 trabajadores de Salud en La Pampa - Diario Textual\",\"isPartOf\":{\"@id\":\"https:\\\/\\\/diariotextual.com\\\/inicio\\\/#website\"},\"primaryImageOfPage\":{\"@id\":\"https:\\\/\\\/diariotextual.com\\\/inicio\\\/index.php\\\/2021\\\/03\\\/21\\\/en-un-ano-se-contagiaron-de-covid-637-trabajadores-de-salud-en-la-pampa\\\/#primaryimage\"},\"image\":{\"@id\":\"https:\\\/\\\/diariotextual.com\\\/inicio\\\/index.php\\\/2021\\\/03\\\/21\\\/en-un-ano-se-contagiaron-de-covid-637-trabajadores-de-salud-en-la-pampa\\\/#primaryimage\"},\"thumbnailUrl\":\"https:\\\/\\\/diariotextual.com\\\/inicio\\\/wp-content\\\/uploads\\\/2020\\\/11\\\/coronavirustelam2020-286.jpg\",\"datePublished\":\"2021-03-21T21:44:47+00:00\",\"dateModified\":\"2021-03-22T10:28:52+00:00\",\"breadcrumb\":{\"@id\":\"https:\\\/\\\/diariotextual.com\\\/inicio\\\/index.php\\\/2021\\\/03\\\/21\\\/en-un-ano-se-contagiaron-de-covid-637-trabajadores-de-salud-en-la-pampa\\\/#breadcrumb\"},\"inLanguage\":\"es\",\"potentialAction\":[{\"@type\":\"ReadAction\",\"target\":[\"https:\\\/\\\/diariotextual.com\\\/inicio\\\/index.php\\\/2021\\\/03\\\/21\\\/en-un-ano-se-contagiaron-de-covid-637-trabajadores-de-salud-en-la-pampa\\\/\"]}]},{\"@type\":\"ImageObject\",\"inLanguage\":\"es\",\"@id\":\"https:\\\/\\\/diariotextual.com\\\/inicio\\\/index.php\\\/2021\\\/03\\\/21\\\/en-un-ano-se-contagiaron-de-covid-637-trabajadores-de-salud-en-la-pampa\\\/#primaryimage\",\"url\":\"https:\\\/\\\/diariotextual.com\\\/inicio\\\/wp-content\\\/uploads\\\/2020\\\/11\\\/coronavirustelam2020-286.jpg\",\"contentUrl\":\"https:\\\/\\\/diariotextual.com\\\/inicio\\\/wp-content\\\/uploads\\\/2020\\\/11\\\/coronavirustelam2020-286.jpg\",\"width\":1004,\"height\":565},{\"@type\":\"BreadcrumbList\",\"@id\":\"https:\\\/\\\/diariotextual.com\\\/inicio\\\/index.php\\\/2021\\\/03\\\/21\\\/en-un-ano-se-contagiaron-de-covid-637-trabajadores-de-salud-en-la-pampa\\\/#breadcrumb\",\"itemListElement\":[{\"@type\":\"ListItem\",\"position\":1,\"name\":\"Portada\",\"item\":\"https:\\\/\\\/diariotextual.com\\\/inicio\\\/\"},{\"@type\":\"ListItem\",\"position\":2,\"name\":\"En un a\u00f1o se contagiaron de covid 637 trabajadores de Salud en La Pampa\"}]},{\"@type\":\"WebSite\",\"@id\":\"https:\\\/\\\/diariotextual.com\\\/inicio\\\/#website\",\"url\":\"https:\\\/\\\/diariotextual.com\\\/inicio\\\/\",\"name\":\"Diario Textual\",\"description\":\"\",\"publisher\":{\"@id\":\"https:\\\/\\\/diariotextual.com\\\/inicio\\\/#organization\"},\"potentialAction\":[{\"@type\":\"SearchAction\",\"target\":{\"@type\":\"EntryPoint\",\"urlTemplate\":\"https:\\\/\\\/diariotextual.com\\\/inicio\\\/?s={search_term_string}\"},\"query-input\":{\"@type\":\"PropertyValueSpecification\",\"valueRequired\":true,\"valueName\":\"search_term_string\"}}],\"inLanguage\":\"es\"},{\"@type\":\"Organization\",\"@id\":\"https:\\\/\\\/diariotextual.com\\\/inicio\\\/#organization\",\"name\":\"Diario Textual\",\"url\":\"https:\\\/\\\/diariotextual.com\\\/inicio\\\/\",\"logo\":{\"@type\":\"ImageObject\",\"inLanguage\":\"es\",\"@id\":\"https:\\\/\\\/diariotextual.com\\\/inicio\\\/#\\\/schema\\\/logo\\\/image\\\/\",\"url\":\"https:\\\/\\\/diariotextual.com\\\/inicio\\\/wp-content\\\/uploads\\\/2023\\\/05\\\/logotextual1.jpg\",\"contentUrl\":\"https:\\\/\\\/diariotextual.com\\\/inicio\\\/wp-content\\\/uploads\\\/2023\\\/05\\\/logotextual1.jpg\",\"width\":516,\"height\":76,\"caption\":\"Diario Textual\"},\"image\":{\"@id\":\"https:\\\/\\\/diariotextual.com\\\/inicio\\\/#\\\/schema\\\/logo\\\/image\\\/\"},\"sameAs\":[\"https:\\\/\\\/www.facebook.com\\\/eltextual\",\"https:\\\/\\\/x.com\\\/eltextual\",\"http:\\\/\\\/www.instagram.com\\\/eltextual\"]},{\"@type\":\"Person\",\"@id\":\"https:\\\/\\\/diariotextual.com\\\/inicio\\\/#\\\/schema\\\/person\\\/418fc4093c33e86ed41562db3508f958\",\"name\":\"Diario1 Diario1\",\"image\":{\"@type\":\"ImageObject\",\"inLanguage\":\"es\",\"@id\":\"https:\\\/\\\/secure.gravatar.com\\\/avatar\\\/9167d280179c85bc18be67aa7eda765854300033af4896dd779b608640f2ef7a?s=96&d=mm&r=g\",\"url\":\"https:\\\/\\\/secure.gravatar.com\\\/avatar\\\/9167d280179c85bc18be67aa7eda765854300033af4896dd779b608640f2ef7a?s=96&d=mm&r=g\",\"contentUrl\":\"https:\\\/\\\/secure.gravatar.com\\\/avatar\\\/9167d280179c85bc18be67aa7eda765854300033af4896dd779b608640f2ef7a?s=96&d=mm&r=g\",\"caption\":\"Diario1 Diario1\"},\"url\":\"https:\\\/\\\/diariotextual.com\\\/inicio\\\/index.php\\\/author\\\/diario1\\\/\"}]}<\/script>\n<!-- \/ Yoast SEO plugin. -->","yoast_head_json":{"title":"En un a\u00f1o se contagiaron de covid 637 trabajadores de Salud en La Pampa - Diario Textual","robots":{"index":"index","follow":"follow","max-snippet":"max-snippet:-1","max-image-preview":"max-image-preview:large","max-video-preview":"max-video-preview:-1"},"canonical":"https:\/\/diariotextual.com\/inicio\/index.php\/2021\/03\/21\/en-un-ano-se-contagiaron-de-covid-637-trabajadores-de-salud-en-la-pampa\/","og_locale":"es_ES","og_type":"article","og_title":"En un a\u00f1o se contagiaron de covid 637 trabajadores de Salud en La Pampa - Diario Textual","og_description":"Un total de 637 trabajadores y trabajadoras de la Salud se contagiaron de coronavirus en el a\u00f1o que lleva la pandemia en La Pampa. Estuvieron y siguen estando en la&hellip;","og_url":"https:\/\/diariotextual.com\/inicio\/index.php\/2021\/03\/21\/en-un-ano-se-contagiaron-de-covid-637-trabajadores-de-salud-en-la-pampa\/","og_site_name":"Diario Textual","article_publisher":"https:\/\/www.facebook.com\/eltextual","article_published_time":"2021-03-21T21:44:47+00:00","article_modified_time":"2021-03-22T10:28:52+00:00","og_image":[{"width":1004,"height":565,"url":"https:\/\/diariotextual.com\/inicio\/wp-content\/uploads\/2020\/11\/coronavirustelam2020-286.jpg","type":"image\/jpeg"}],"author":"Diario1 Diario1","twitter_card":"summary_large_image","twitter_creator":"@eltextual","twitter_site":"@eltextual","twitter_misc":{"Escrito por":"Diario1 Diario1","Tiempo de lectura":"2 minutos"},"schema":{"@context":"https:\/\/schema.org","@graph":[{"@type":"Article","@id":"https:\/\/diariotextual.com\/inicio\/index.php\/2021\/03\/21\/en-un-ano-se-contagiaron-de-covid-637-trabajadores-de-salud-en-la-pampa\/#article","isPartOf":{"@id":"https:\/\/diariotextual.com\/inicio\/index.php\/2021\/03\/21\/en-un-ano-se-contagiaron-de-covid-637-trabajadores-de-salud-en-la-pampa\/"},"author":{"name":"Diario1 Diario1","@id":"https:\/\/diariotextual.com\/inicio\/#\/schema\/person\/418fc4093c33e86ed41562db3508f958"},"headline":"En un a\u00f1o se contagiaron de covid 637 trabajadores de Salud en La Pampa","datePublished":"2021-03-21T21:44:47+00:00","dateModified":"2021-03-22T10:28:52+00:00","mainEntityOfPage":{"@id":"https:\/\/diariotextual.com\/inicio\/index.php\/2021\/03\/21\/en-un-ano-se-contagiaron-de-covid-637-trabajadores-de-salud-en-la-pampa\/"},"wordCount":289,"publisher":{"@id":"https:\/\/diariotextual.com\/inicio\/#organization"},"image":{"@id":"https:\/\/diariotextual.com\/inicio\/index.php\/2021\/03\/21\/en-un-ano-se-contagiaron-de-covid-637-trabajadores-de-salud-en-la-pampa\/#primaryimage"},"thumbnailUrl":"https:\/\/diariotextual.com\/inicio\/wp-content\/uploads\/2020\/11\/coronavirustelam2020-286.jpg","keywords":["coronavirus"],"articleSection":["A - PORTADA2","SOCIEDAD"],"inLanguage":"es"},{"@type":"WebPage","@id":"https:\/\/diariotextual.com\/inicio\/index.php\/2021\/03\/21\/en-un-ano-se-contagiaron-de-covid-637-trabajadores-de-salud-en-la-pampa\/","url":"https:\/\/diariotextual.com\/inicio\/index.php\/2021\/03\/21\/en-un-ano-se-contagiaron-de-covid-637-trabajadores-de-salud-en-la-pampa\/","name":"En un a\u00f1o se contagiaron de covid 637 trabajadores de Salud en La Pampa - Diario Textual","isPartOf":{"@id":"https:\/\/diariotextual.com\/inicio\/#website"},"primaryImageOfPage":{"@id":"https:\/\/diariotextual.com\/inicio\/index.php\/2021\/03\/21\/en-un-ano-se-contagiaron-de-covid-637-trabajadores-de-salud-en-la-pampa\/#primaryimage"},"image":{"@id":"https:\/\/diariotextual.com\/inicio\/index.php\/2021\/03\/21\/en-un-ano-se-contagiaron-de-covid-637-trabajadores-de-salud-en-la-pampa\/#primaryimage"},"thumbnailUrl":"https:\/\/diariotextual.com\/inicio\/wp-content\/uploads\/2020\/11\/coronavirustelam2020-286.jpg","datePublished":"2021-03-21T21:44:47+00:00","dateModified":"2021-03-22T10:28:52+00:00","breadcrumb":{"@id":"https:\/\/diariotextual.com\/inicio\/index.php\/2021\/03\/21\/en-un-ano-se-contagiaron-de-covid-637-trabajadores-de-salud-en-la-pampa\/#breadcrumb"},"inLanguage":"es","potentialAction":[{"@type":"ReadAction","target":["https:\/\/diariotextual.com\/inicio\/index.php\/2021\/03\/21\/en-un-ano-se-contagiaron-de-covid-637-trabajadores-de-salud-en-la-pampa\/"]}]},{"@type":"ImageObject","inLanguage":"es","@id":"https:\/\/diariotextual.com\/inicio\/index.php\/2021\/03\/21\/en-un-ano-se-contagiaron-de-covid-637-trabajadores-de-salud-en-la-pampa\/#primaryimage","url":"https:\/\/diariotextual.com\/inicio\/wp-content\/uploads\/2020\/11\/coronavirustelam2020-286.jpg","contentUrl":"https:\/\/diariotextual.com\/inicio\/wp-content\/uploads\/2020\/11\/coronavirustelam2020-286.jpg","width":1004,"height":565},{"@type":"BreadcrumbList","@id":"https:\/\/diariotextual.com\/inicio\/index.php\/2021\/03\/21\/en-un-ano-se-contagiaron-de-covid-637-trabajadores-de-salud-en-la-pampa\/#breadcrumb","itemListElement":[{"@type":"ListItem","position":1,"name":"Portada","item":"https:\/\/diariotextual.com\/inicio\/"},{"@type":"ListItem","position":2,"name":"En un a\u00f1o se contagiaron de covid 637 trabajadores de Salud en La Pampa"}]},{"@type":"WebSite","@id":"https:\/\/diariotextual.com\/inicio\/#website","url":"https:\/\/diariotextual.com\/inicio\/","name":"Diario Textual","description":"","publisher":{"@id":"https:\/\/diariotextual.com\/inicio\/#organization"},"potentialAction":[{"@type":"SearchAction","target":{"@type":"EntryPoint","urlTemplate":"https:\/\/diariotextual.com\/inicio\/?s={search_term_string}"},"query-input":{"@type":"PropertyValueSpecification","valueRequired":true,"valueName":"search_term_string"}}],"inLanguage":"es"},{"@type":"Organization","@id":"https:\/\/diariotextual.com\/inicio\/#organization","name":"Diario Textual","url":"https:\/\/diariotextual.com\/inicio\/","logo":{"@type":"ImageObject","inLanguage":"es","@id":"https:\/\/diariotextual.com\/inicio\/#\/schema\/logo\/image\/","url":"https:\/\/diariotextual.com\/inicio\/wp-content\/uploads\/2023\/05\/logotextual1.jpg","contentUrl":"https:\/\/diariotextual.com\/inicio\/wp-content\/uploads\/2023\/05\/logotextual1.jpg","width":516,"height":76,"caption":"Diario Textual"},"image":{"@id":"https:\/\/diariotextual.com\/inicio\/#\/schema\/logo\/image\/"},"sameAs":["https:\/\/www.facebook.com\/eltextual","https:\/\/x.com\/eltextual","http:\/\/www.instagram.com\/eltextual"]},{"@type":"Person","@id":"https:\/\/diariotextual.com\/inicio\/#\/schema\/person\/418fc4093c33e86ed41562db3508f958","name":"Diario1 Diario1","image":{"@type":"ImageObject","inLanguage":"es","@id":"https:\/\/secure.gravatar.com\/avatar\/9167d280179c85bc18be67aa7eda765854300033af4896dd779b608640f2ef7a?s=96&d=mm&r=g","url":"https:\/\/secure.gravatar.com\/avatar\/9167d280179c85bc18be67aa7eda765854300033af4896dd779b608640f2ef7a?s=96&d=mm&r=g","contentUrl":"https:\/\/secure.gravatar.com\/avatar\/9167d280179c85bc18be67aa7eda765854300033af4896dd779b608640f2ef7a?s=96&d=mm&r=g","caption":"Diario1 Diario1"},"url":"https:\/\/diariotextual.com\/inicio\/index.php\/author\/diario1\/"}]}},"_links":{"self":[{"href":"https:\/\/diariotextual.com\/inicio\/index.php\/wp-json\/wp\/v2\/posts\/138483","targetHints":{"allow":["GET"]}}],"collection":[{"href":"https:\/\/diariotextual.com\/inicio\/index.php\/wp-json\/wp\/v2\/posts"}],"about":[{"href":"https:\/\/diariotextual.com\/inicio\/index.php\/wp-json\/wp\/v2\/types\/post"}],"author":[{"embeddable":true,"href":"https:\/\/diariotextual.com\/inicio\/index.php\/wp-json\/wp\/v2\/users\/3"}],"replies":[{"embeddable":true,"href":"https:\/\/diariotextual.com\/inicio\/index.php\/wp-json\/wp\/v2\/comments?post=138483"}],"version-history":[{"count":3,"href":"https:\/\/diariotextual.com\/inicio\/index.php\/wp-json\/wp\/v2\/posts\/138483\/revisions"}],"predecessor-version":[{"id":138488,"href":"https:\/\/diariotextual.com\/inicio\/index.php\/wp-json\/wp\/v2\/posts\/138483\/revisions\/138488"}],"wp:featuredmedia":[{"embeddable":true,"href":"https:\/\/diariotextual.com\/inicio\/index.php\/wp-json\/wp\/v2\/media\/122421"}],"wp:attachment":[{"href":"https:\/\/diariotextual.com\/inicio\/index.php\/wp-json\/wp\/v2\/media?parent=138483"}],"wp:term":[{"taxonomy":"category","embeddable":true,"href":"https:\/\/diariotextual.com\/inicio\/index.php\/wp-json\/wp\/v2\/categories?post=138483"},{"taxonomy":"post_tag","embeddable":true,"href":"https:\/\/diariotextual.com\/inicio\/index.php\/wp-json\/wp\/v2\/tags?post=138483"}],"curies":[{"name":"wp","href":"https:\/\/api.w.org\/{rel}","templated":true}]}}