{"id":138515,"date":"2021-03-22T07:31:30","date_gmt":"2021-03-22T10:31:30","guid":{"rendered":"http:\/\/diariotextual.com\/inicio\/?p=138515"},"modified":"2021-03-22T09:03:03","modified_gmt":"2021-03-22T12:03:03","slug":"alberto-fernandez-asume-la-presidencia-del-consejo-del-partido-justicialista","status":"publish","type":"post","link":"https:\/\/diariotextual.com\/inicio\/index.php\/2021\/03\/22\/alberto-fernandez-asume-la-presidencia-del-consejo-del-partido-justicialista\/","title":{"rendered":"Alberto Fern\u00e1ndez asume la presidencia del Consejo del Partido Justicialista"},"content":{"rendered":"\n<p>El presidente Alberto Fern\u00e1ndez asumir\u00e1 hoy la presidencia del Consejo del Partido Justicialista (PJ) a nivel nacional, en un acto que se realizar\u00e1 en la ciudad de Buenos Aires y al que asistir\u00e1n funcionarios, gobernadores, legisladores, intendentes, referentes sindicales y partidarios, aunque en un n\u00famero limitado y bajo estrictos controles sanitarios por la pandemia de coronavirus.<br><br>El acto de asunci\u00f3n se realizar\u00e1, a las 19, en el club Defensores de Belgrano, en Comodoro Mart\u00edn Rivadavia 1450, en el barrio porte\u00f1o de N\u00fa\u00f1ez, y ser\u00e1 el primer encuentro del flamante consejo que conducir\u00e1 los destinos partidarios en una etapa que se inicia con el peronismo en el poder y que tiene entre sus objetivos \u201cmodernizar el partido\u201d y darle una estructura \u201cm\u00e1s \u00e1gil\u201d, se\u00f1alaron fuentes cercanas al primer mandatario.<br><br>Luego de casi cinco a\u00f1os de presidencia del diputado nacional Jos\u00e9 Luis Gioja en un contexto adverso por la divisi\u00f3n del peronismo tras la derrota del 2015 y la intervenci\u00f3n judicial en 2018, ahora ser\u00e1 el turno de Fern\u00e1ndez, en una situaci\u00f3n muy diferente y que cumple con una tradici\u00f3n no escrita que marca que cuando el justicialismo est\u00e1 en el Gobierno, el presidente de la Naci\u00f3n es el l\u00edder partidario.<br><br>En el acto de asunci\u00f3n, el Presidente estar\u00e1 acompa\u00f1ado por todos los sectores del peronismo que consensuaron la lista denominada \u00abUnidad y Federalismo\u00bb, que representa a los distintos espacios dentro del movimiento justicialista, incluidas agrupaciones como La C\u00e1mpora, que hab\u00eda quedado afuera del PJ en 2016.<br><br>Bajo la premisa de \u201cunidad en la diversidad\u201d, el Consejo del PJ nacional estar\u00e1 integrado por la vicepresidenta 1\u00b0, la diputada nacional Cristina \u00c1lvarez Rodr\u00edguez; vicepresidente 2\u00b0, el gobernador bonaerense, Axel Kicillof; vicepresidenta 3\u00b0, la vicegobernadora de Chaco, Anal\u00eda Rach Quiroga; vicepresidente 4\u00b0, el gobernador de Tucum\u00e1n, Juan Manzur; la vicepresidente 5\u00b0, la diputada nacional Luc\u00eda Corpacci; cumpliendo con la ley de Paridad de G\u00e9nero.<br><br>Tambi\u00e9n acompa\u00f1ar\u00e1n a Alberto Fern\u00e1ndez en el PJ los ministros Santiago Cafiero (Gabinete); Eduardo de Pedro (Interior) y Agust\u00edn Rossi (Defensa); los secretarios Julio Vitobello (General), Fernando Navarro (Relaciones Parlamentarias) y Guillermo Olivieri (Culto); y la titular de Anses, Fernanda Raverta.<br><br>Forman parte de esta nueva conducci\u00f3n los sindicalistas H\u00e9ctor Daer (Sanidad), Pablo Moyano (Camioneros), Antonio Cal\u00f3 (UOM), V\u00edctor Santa Mar\u00eda (Suterh), Ricardo Pignanelli (Smata) y Hugo Yasky (CTA).<br><br>Adem\u00e1s de Kicillof y Manzur, los gobernadores peronistas que acompa\u00f1ar\u00e1n a Fern\u00e1ndez como consejeros en la conducci\u00f3n partidaria son Sergio Ziliotto (La Pampa), Sergio U\u00f1ac (San Juan), Ricardo Quintela (La Rioja), Gustavo Bordet (Entre R\u00edos), Omar Perotti (Santa Fe), Alicia Kirchner (Santa Cruz) y la vicegobernadora bonaerense Ver\u00f3nica Magario.<\/p>\n","protected":false},"excerpt":{"rendered":"<p>El presidente Alberto Fern\u00e1ndez asumir\u00e1 hoy la presidencia del Consejo del Partido Justicialista (PJ) a nivel nacional, en un acto que se realizar\u00e1 en la ciudad de Buenos Aires y&hellip;<\/p>\n","protected":false},"author":4,"featured_media":66341,"comment_status":"closed","ping_status":"open","sticky":false,"template":"","format":"standard","meta":{"_acf_changed":false,"footnotes":""},"categories":[10,8],"tags":[],"class_list":["post-138515","post","type-post","status-publish","format-standard","has-post-thumbnail","hentry","category-portada-2","category-politica"],"acf":[],"yoast_head":"<!-- This site is optimized with the Yoast SEO plugin v27.5 - https:\/\/yoast.com\/product\/yoast-seo-wordpress\/ -->\n<title>Alberto Fern\u00e1ndez asume la presidencia del Consejo del Partido Justicialista - Diario Textual<\/title>\n<meta name=\"robots\" content=\"index, follow, max-snippet:-1, max-image-preview:large, max-video-preview:-1\" \/>\n<link rel=\"canonical\" href=\"https:\/\/diariotextual.com\/inicio\/index.php\/2021\/03\/22\/alberto-fernandez-asume-la-presidencia-del-consejo-del-partido-justicialista\/\" \/>\n<meta property=\"og:locale\" content=\"es_ES\" \/>\n<meta property=\"og:type\" content=\"article\" \/>\n<meta property=\"og:title\" content=\"Alberto Fern\u00e1ndez asume la presidencia del Consejo del Partido Justicialista - Diario Textual\" \/>\n<meta property=\"og:description\" content=\"El presidente Alberto Fern\u00e1ndez asumir\u00e1 hoy la presidencia del Consejo del Partido Justicialista (PJ) a nivel nacional, en un acto que se realizar\u00e1 en la ciudad de Buenos Aires y&hellip;\" \/>\n<meta property=\"og:url\" content=\"https:\/\/diariotextual.com\/inicio\/index.php\/2021\/03\/22\/alberto-fernandez-asume-la-presidencia-del-consejo-del-partido-justicialista\/\" \/>\n<meta property=\"og:site_name\" content=\"Diario Textual\" \/>\n<meta property=\"article:publisher\" content=\"https:\/\/www.facebook.com\/eltextual\" \/>\n<meta property=\"article:published_time\" content=\"2021-03-22T10:31:30+00:00\" \/>\n<meta property=\"article:modified_time\" content=\"2021-03-22T12:03:03+00:00\" \/>\n<meta property=\"og:image\" content=\"https:\/\/diariotextual.com\/inicio\/wp-content\/uploads\/2019\/10\/fernandezalbertodiadelalealtadsantarosa2019-3.jpeg\" \/>\n\t<meta property=\"og:image:width\" content=\"1024\" \/>\n\t<meta property=\"og:image:height\" content=\"683\" \/>\n\t<meta property=\"og:image:type\" content=\"image\/jpeg\" \/>\n<meta name=\"author\" content=\"diario2\" \/>\n<meta name=\"twitter:card\" content=\"summary_large_image\" \/>\n<meta name=\"twitter:creator\" content=\"@eltextual\" \/>\n<meta name=\"twitter:site\" content=\"@eltextual\" \/>\n<meta name=\"twitter:label1\" content=\"Escrito por\" \/>\n\t<meta name=\"twitter:data1\" content=\"diario2\" \/>\n\t<meta name=\"twitter:label2\" content=\"Tiempo de lectura\" \/>\n\t<meta name=\"twitter:data2\" content=\"2 minutos\" \/>\n<script type=\"application\/ld+json\" class=\"yoast-schema-graph\">{\"@context\":\"https:\\\/\\\/schema.org\",\"@graph\":[{\"@type\":\"Article\",\"@id\":\"https:\\\/\\\/diariotextual.com\\\/inicio\\\/index.php\\\/2021\\\/03\\\/22\\\/alberto-fernandez-asume-la-presidencia-del-consejo-del-partido-justicialista\\\/#article\",\"isPartOf\":{\"@id\":\"https:\\\/\\\/diariotextual.com\\\/inicio\\\/index.php\\\/2021\\\/03\\\/22\\\/alberto-fernandez-asume-la-presidencia-del-consejo-del-partido-justicialista\\\/\"},\"author\":{\"name\":\"diario2\",\"@id\":\"https:\\\/\\\/diariotextual.com\\\/inicio\\\/#\\\/schema\\\/person\\\/694f60677f23c4a530867a98f22b3768\"},\"headline\":\"Alberto Fern\u00e1ndez asume la presidencia del Consejo del Partido Justicialista\",\"datePublished\":\"2021-03-22T10:31:30+00:00\",\"dateModified\":\"2021-03-22T12:03:03+00:00\",\"mainEntityOfPage\":{\"@id\":\"https:\\\/\\\/diariotextual.com\\\/inicio\\\/index.php\\\/2021\\\/03\\\/22\\\/alberto-fernandez-asume-la-presidencia-del-consejo-del-partido-justicialista\\\/\"},\"wordCount\":472,\"publisher\":{\"@id\":\"https:\\\/\\\/diariotextual.com\\\/inicio\\\/#organization\"},\"image\":{\"@id\":\"https:\\\/\\\/diariotextual.com\\\/inicio\\\/index.php\\\/2021\\\/03\\\/22\\\/alberto-fernandez-asume-la-presidencia-del-consejo-del-partido-justicialista\\\/#primaryimage\"},\"thumbnailUrl\":\"https:\\\/\\\/diariotextual.com\\\/inicio\\\/wp-content\\\/uploads\\\/2019\\\/10\\\/fernandezalbertodiadelalealtadsantarosa2019-3.jpeg\",\"articleSection\":[\"A - PORTADA2\",\"POLITICA\"],\"inLanguage\":\"es\"},{\"@type\":\"WebPage\",\"@id\":\"https:\\\/\\\/diariotextual.com\\\/inicio\\\/index.php\\\/2021\\\/03\\\/22\\\/alberto-fernandez-asume-la-presidencia-del-consejo-del-partido-justicialista\\\/\",\"url\":\"https:\\\/\\\/diariotextual.com\\\/inicio\\\/index.php\\\/2021\\\/03\\\/22\\\/alberto-fernandez-asume-la-presidencia-del-consejo-del-partido-justicialista\\\/\",\"name\":\"Alberto Fern\u00e1ndez asume la presidencia del Consejo del Partido Justicialista - Diario Textual\",\"isPartOf\":{\"@id\":\"https:\\\/\\\/diariotextual.com\\\/inicio\\\/#website\"},\"primaryImageOfPage\":{\"@id\":\"https:\\\/\\\/diariotextual.com\\\/inicio\\\/index.php\\\/2021\\\/03\\\/22\\\/alberto-fernandez-asume-la-presidencia-del-consejo-del-partido-justicialista\\\/#primaryimage\"},\"image\":{\"@id\":\"https:\\\/\\\/diariotextual.com\\\/inicio\\\/index.php\\\/2021\\\/03\\\/22\\\/alberto-fernandez-asume-la-presidencia-del-consejo-del-partido-justicialista\\\/#primaryimage\"},\"thumbnailUrl\":\"https:\\\/\\\/diariotextual.com\\\/inicio\\\/wp-content\\\/uploads\\\/2019\\\/10\\\/fernandezalbertodiadelalealtadsantarosa2019-3.jpeg\",\"datePublished\":\"2021-03-22T10:31:30+00:00\",\"dateModified\":\"2021-03-22T12:03:03+00:00\",\"breadcrumb\":{\"@id\":\"https:\\\/\\\/diariotextual.com\\\/inicio\\\/index.php\\\/2021\\\/03\\\/22\\\/alberto-fernandez-asume-la-presidencia-del-consejo-del-partido-justicialista\\\/#breadcrumb\"},\"inLanguage\":\"es\",\"potentialAction\":[{\"@type\":\"ReadAction\",\"target\":[\"https:\\\/\\\/diariotextual.com\\\/inicio\\\/index.php\\\/2021\\\/03\\\/22\\\/alberto-fernandez-asume-la-presidencia-del-consejo-del-partido-justicialista\\\/\"]}]},{\"@type\":\"ImageObject\",\"inLanguage\":\"es\",\"@id\":\"https:\\\/\\\/diariotextual.com\\\/inicio\\\/index.php\\\/2021\\\/03\\\/22\\\/alberto-fernandez-asume-la-presidencia-del-consejo-del-partido-justicialista\\\/#primaryimage\",\"url\":\"https:\\\/\\\/diariotextual.com\\\/inicio\\\/wp-content\\\/uploads\\\/2019\\\/10\\\/fernandezalbertodiadelalealtadsantarosa2019-3.jpeg\",\"contentUrl\":\"https:\\\/\\\/diariotextual.com\\\/inicio\\\/wp-content\\\/uploads\\\/2019\\\/10\\\/fernandezalbertodiadelalealtadsantarosa2019-3.jpeg\",\"width\":1024,\"height\":683},{\"@type\":\"BreadcrumbList\",\"@id\":\"https:\\\/\\\/diariotextual.com\\\/inicio\\\/index.php\\\/2021\\\/03\\\/22\\\/alberto-fernandez-asume-la-presidencia-del-consejo-del-partido-justicialista\\\/#breadcrumb\",\"itemListElement\":[{\"@type\":\"ListItem\",\"position\":1,\"name\":\"Portada\",\"item\":\"https:\\\/\\\/diariotextual.com\\\/inicio\\\/\"},{\"@type\":\"ListItem\",\"position\":2,\"name\":\"Alberto Fern\u00e1ndez asume la presidencia del Consejo del Partido Justicialista\"}]},{\"@type\":\"WebSite\",\"@id\":\"https:\\\/\\\/diariotextual.com\\\/inicio\\\/#website\",\"url\":\"https:\\\/\\\/diariotextual.com\\\/inicio\\\/\",\"name\":\"Diario Textual\",\"description\":\"\",\"publisher\":{\"@id\":\"https:\\\/\\\/diariotextual.com\\\/inicio\\\/#organization\"},\"potentialAction\":[{\"@type\":\"SearchAction\",\"target\":{\"@type\":\"EntryPoint\",\"urlTemplate\":\"https:\\\/\\\/diariotextual.com\\\/inicio\\\/?s={search_term_string}\"},\"query-input\":{\"@type\":\"PropertyValueSpecification\",\"valueRequired\":true,\"valueName\":\"search_term_string\"}}],\"inLanguage\":\"es\"},{\"@type\":\"Organization\",\"@id\":\"https:\\\/\\\/diariotextual.com\\\/inicio\\\/#organization\",\"name\":\"Diario Textual\",\"url\":\"https:\\\/\\\/diariotextual.com\\\/inicio\\\/\",\"logo\":{\"@type\":\"ImageObject\",\"inLanguage\":\"es\",\"@id\":\"https:\\\/\\\/diariotextual.com\\\/inicio\\\/#\\\/schema\\\/logo\\\/image\\\/\",\"url\":\"https:\\\/\\\/diariotextual.com\\\/inicio\\\/wp-content\\\/uploads\\\/2023\\\/05\\\/logotextual1.jpg\",\"contentUrl\":\"https:\\\/\\\/diariotextual.com\\\/inicio\\\/wp-content\\\/uploads\\\/2023\\\/05\\\/logotextual1.jpg\",\"width\":516,\"height\":76,\"caption\":\"Diario Textual\"},\"image\":{\"@id\":\"https:\\\/\\\/diariotextual.com\\\/inicio\\\/#\\\/schema\\\/logo\\\/image\\\/\"},\"sameAs\":[\"https:\\\/\\\/www.facebook.com\\\/eltextual\",\"https:\\\/\\\/x.com\\\/eltextual\",\"http:\\\/\\\/www.instagram.com\\\/eltextual\"]},{\"@type\":\"Person\",\"@id\":\"https:\\\/\\\/diariotextual.com\\\/inicio\\\/#\\\/schema\\\/person\\\/694f60677f23c4a530867a98f22b3768\",\"name\":\"diario2\",\"image\":{\"@type\":\"ImageObject\",\"inLanguage\":\"es\",\"@id\":\"https:\\\/\\\/secure.gravatar.com\\\/avatar\\\/5a2567495ba16b852fcd8f1ed006a2e24fcace936018ed8237e95f488ad6e0a7?s=96&d=mm&r=g\",\"url\":\"https:\\\/\\\/secure.gravatar.com\\\/avatar\\\/5a2567495ba16b852fcd8f1ed006a2e24fcace936018ed8237e95f488ad6e0a7?s=96&d=mm&r=g\",\"contentUrl\":\"https:\\\/\\\/secure.gravatar.com\\\/avatar\\\/5a2567495ba16b852fcd8f1ed006a2e24fcace936018ed8237e95f488ad6e0a7?s=96&d=mm&r=g\",\"caption\":\"diario2\"},\"url\":\"https:\\\/\\\/diariotextual.com\\\/inicio\\\/index.php\\\/author\\\/diario2\\\/\"}]}<\/script>\n<!-- \/ Yoast SEO plugin. -->","yoast_head_json":{"title":"Alberto Fern\u00e1ndez asume la presidencia del Consejo del Partido Justicialista - Diario Textual","robots":{"index":"index","follow":"follow","max-snippet":"max-snippet:-1","max-image-preview":"max-image-preview:large","max-video-preview":"max-video-preview:-1"},"canonical":"https:\/\/diariotextual.com\/inicio\/index.php\/2021\/03\/22\/alberto-fernandez-asume-la-presidencia-del-consejo-del-partido-justicialista\/","og_locale":"es_ES","og_type":"article","og_title":"Alberto Fern\u00e1ndez asume la presidencia del Consejo del Partido Justicialista - Diario Textual","og_description":"El presidente Alberto Fern\u00e1ndez asumir\u00e1 hoy la presidencia del Consejo del Partido Justicialista (PJ) a nivel nacional, en un acto que se realizar\u00e1 en la ciudad de Buenos Aires y&hellip;","og_url":"https:\/\/diariotextual.com\/inicio\/index.php\/2021\/03\/22\/alberto-fernandez-asume-la-presidencia-del-consejo-del-partido-justicialista\/","og_site_name":"Diario Textual","article_publisher":"https:\/\/www.facebook.com\/eltextual","article_published_time":"2021-03-22T10:31:30+00:00","article_modified_time":"2021-03-22T12:03:03+00:00","og_image":[{"width":1024,"height":683,"url":"https:\/\/diariotextual.com\/inicio\/wp-content\/uploads\/2019\/10\/fernandezalbertodiadelalealtadsantarosa2019-3.jpeg","type":"image\/jpeg"}],"author":"diario2","twitter_card":"summary_large_image","twitter_creator":"@eltextual","twitter_site":"@eltextual","twitter_misc":{"Escrito por":"diario2","Tiempo de lectura":"2 minutos"},"schema":{"@context":"https:\/\/schema.org","@graph":[{"@type":"Article","@id":"https:\/\/diariotextual.com\/inicio\/index.php\/2021\/03\/22\/alberto-fernandez-asume-la-presidencia-del-consejo-del-partido-justicialista\/#article","isPartOf":{"@id":"https:\/\/diariotextual.com\/inicio\/index.php\/2021\/03\/22\/alberto-fernandez-asume-la-presidencia-del-consejo-del-partido-justicialista\/"},"author":{"name":"diario2","@id":"https:\/\/diariotextual.com\/inicio\/#\/schema\/person\/694f60677f23c4a530867a98f22b3768"},"headline":"Alberto Fern\u00e1ndez asume la presidencia del Consejo del Partido Justicialista","datePublished":"2021-03-22T10:31:30+00:00","dateModified":"2021-03-22T12:03:03+00:00","mainEntityOfPage":{"@id":"https:\/\/diariotextual.com\/inicio\/index.php\/2021\/03\/22\/alberto-fernandez-asume-la-presidencia-del-consejo-del-partido-justicialista\/"},"wordCount":472,"publisher":{"@id":"https:\/\/diariotextual.com\/inicio\/#organization"},"image":{"@id":"https:\/\/diariotextual.com\/inicio\/index.php\/2021\/03\/22\/alberto-fernandez-asume-la-presidencia-del-consejo-del-partido-justicialista\/#primaryimage"},"thumbnailUrl":"https:\/\/diariotextual.com\/inicio\/wp-content\/uploads\/2019\/10\/fernandezalbertodiadelalealtadsantarosa2019-3.jpeg","articleSection":["A - PORTADA2","POLITICA"],"inLanguage":"es"},{"@type":"WebPage","@id":"https:\/\/diariotextual.com\/inicio\/index.php\/2021\/03\/22\/alberto-fernandez-asume-la-presidencia-del-consejo-del-partido-justicialista\/","url":"https:\/\/diariotextual.com\/inicio\/index.php\/2021\/03\/22\/alberto-fernandez-asume-la-presidencia-del-consejo-del-partido-justicialista\/","name":"Alberto Fern\u00e1ndez asume la presidencia del Consejo del Partido Justicialista - Diario Textual","isPartOf":{"@id":"https:\/\/diariotextual.com\/inicio\/#website"},"primaryImageOfPage":{"@id":"https:\/\/diariotextual.com\/inicio\/index.php\/2021\/03\/22\/alberto-fernandez-asume-la-presidencia-del-consejo-del-partido-justicialista\/#primaryimage"},"image":{"@id":"https:\/\/diariotextual.com\/inicio\/index.php\/2021\/03\/22\/alberto-fernandez-asume-la-presidencia-del-consejo-del-partido-justicialista\/#primaryimage"},"thumbnailUrl":"https:\/\/diariotextual.com\/inicio\/wp-content\/uploads\/2019\/10\/fernandezalbertodiadelalealtadsantarosa2019-3.jpeg","datePublished":"2021-03-22T10:31:30+00:00","dateModified":"2021-03-22T12:03:03+00:00","breadcrumb":{"@id":"https:\/\/diariotextual.com\/inicio\/index.php\/2021\/03\/22\/alberto-fernandez-asume-la-presidencia-del-consejo-del-partido-justicialista\/#breadcrumb"},"inLanguage":"es","potentialAction":[{"@type":"ReadAction","target":["https:\/\/diariotextual.com\/inicio\/index.php\/2021\/03\/22\/alberto-fernandez-asume-la-presidencia-del-consejo-del-partido-justicialista\/"]}]},{"@type":"ImageObject","inLanguage":"es","@id":"https:\/\/diariotextual.com\/inicio\/index.php\/2021\/03\/22\/alberto-fernandez-asume-la-presidencia-del-consejo-del-partido-justicialista\/#primaryimage","url":"https:\/\/diariotextual.com\/inicio\/wp-content\/uploads\/2019\/10\/fernandezalbertodiadelalealtadsantarosa2019-3.jpeg","contentUrl":"https:\/\/diariotextual.com\/inicio\/wp-content\/uploads\/2019\/10\/fernandezalbertodiadelalealtadsantarosa2019-3.jpeg","width":1024,"height":683},{"@type":"BreadcrumbList","@id":"https:\/\/diariotextual.com\/inicio\/index.php\/2021\/03\/22\/alberto-fernandez-asume-la-presidencia-del-consejo-del-partido-justicialista\/#breadcrumb","itemListElement":[{"@type":"ListItem","position":1,"name":"Portada","item":"https:\/\/diariotextual.com\/inicio\/"},{"@type":"ListItem","position":2,"name":"Alberto Fern\u00e1ndez asume la presidencia del Consejo del Partido Justicialista"}]},{"@type":"WebSite","@id":"https:\/\/diariotextual.com\/inicio\/#website","url":"https:\/\/diariotextual.com\/inicio\/","name":"Diario Textual","description":"","publisher":{"@id":"https:\/\/diariotextual.com\/inicio\/#organization"},"potentialAction":[{"@type":"SearchAction","target":{"@type":"EntryPoint","urlTemplate":"https:\/\/diariotextual.com\/inicio\/?s={search_term_string}"},"query-input":{"@type":"PropertyValueSpecification","valueRequired":true,"valueName":"search_term_string"}}],"inLanguage":"es"},{"@type":"Organization","@id":"https:\/\/diariotextual.com\/inicio\/#organization","name":"Diario Textual","url":"https:\/\/diariotextual.com\/inicio\/","logo":{"@type":"ImageObject","inLanguage":"es","@id":"https:\/\/diariotextual.com\/inicio\/#\/schema\/logo\/image\/","url":"https:\/\/diariotextual.com\/inicio\/wp-content\/uploads\/2023\/05\/logotextual1.jpg","contentUrl":"https:\/\/diariotextual.com\/inicio\/wp-content\/uploads\/2023\/05\/logotextual1.jpg","width":516,"height":76,"caption":"Diario Textual"},"image":{"@id":"https:\/\/diariotextual.com\/inicio\/#\/schema\/logo\/image\/"},"sameAs":["https:\/\/www.facebook.com\/eltextual","https:\/\/x.com\/eltextual","http:\/\/www.instagram.com\/eltextual"]},{"@type":"Person","@id":"https:\/\/diariotextual.com\/inicio\/#\/schema\/person\/694f60677f23c4a530867a98f22b3768","name":"diario2","image":{"@type":"ImageObject","inLanguage":"es","@id":"https:\/\/secure.gravatar.com\/avatar\/5a2567495ba16b852fcd8f1ed006a2e24fcace936018ed8237e95f488ad6e0a7?s=96&d=mm&r=g","url":"https:\/\/secure.gravatar.com\/avatar\/5a2567495ba16b852fcd8f1ed006a2e24fcace936018ed8237e95f488ad6e0a7?s=96&d=mm&r=g","contentUrl":"https:\/\/secure.gravatar.com\/avatar\/5a2567495ba16b852fcd8f1ed006a2e24fcace936018ed8237e95f488ad6e0a7?s=96&d=mm&r=g","caption":"diario2"},"url":"https:\/\/diariotextual.com\/inicio\/index.php\/author\/diario2\/"}]}},"_links":{"self":[{"href":"https:\/\/diariotextual.com\/inicio\/index.php\/wp-json\/wp\/v2\/posts\/138515","targetHints":{"allow":["GET"]}}],"collection":[{"href":"https:\/\/diariotextual.com\/inicio\/index.php\/wp-json\/wp\/v2\/posts"}],"about":[{"href":"https:\/\/diariotextual.com\/inicio\/index.php\/wp-json\/wp\/v2\/types\/post"}],"author":[{"embeddable":true,"href":"https:\/\/diariotextual.com\/inicio\/index.php\/wp-json\/wp\/v2\/users\/4"}],"replies":[{"embeddable":true,"href":"https:\/\/diariotextual.com\/inicio\/index.php\/wp-json\/wp\/v2\/comments?post=138515"}],"version-history":[{"count":1,"href":"https:\/\/diariotextual.com\/inicio\/index.php\/wp-json\/wp\/v2\/posts\/138515\/revisions"}],"predecessor-version":[{"id":138519,"href":"https:\/\/diariotextual.com\/inicio\/index.php\/wp-json\/wp\/v2\/posts\/138515\/revisions\/138519"}],"wp:featuredmedia":[{"embeddable":true,"href":"https:\/\/diariotextual.com\/inicio\/index.php\/wp-json\/wp\/v2\/media\/66341"}],"wp:attachment":[{"href":"https:\/\/diariotextual.com\/inicio\/index.php\/wp-json\/wp\/v2\/media?parent=138515"}],"wp:term":[{"taxonomy":"category","embeddable":true,"href":"https:\/\/diariotextual.com\/inicio\/index.php\/wp-json\/wp\/v2\/categories?post=138515"},{"taxonomy":"post_tag","embeddable":true,"href":"https:\/\/diariotextual.com\/inicio\/index.php\/wp-json\/wp\/v2\/tags?post=138515"}],"curies":[{"name":"wp","href":"https:\/\/api.w.org\/{rel}","templated":true}]}}