{"id":138783,"date":"2021-03-24T08:46:37","date_gmt":"2021-03-24T11:46:37","guid":{"rendered":"http:\/\/diariotextual.com\/inicio\/?p=138783"},"modified":"2021-03-24T16:36:28","modified_gmt":"2021-03-24T19:36:28","slug":"24m-como-se-vivio-el-dia-del-golpe-en-la-pampa-minuto-a-minuto","status":"publish","type":"post","link":"https:\/\/diariotextual.com\/inicio\/index.php\/2021\/03\/24\/24m-como-se-vivio-el-dia-del-golpe-en-la-pampa-minuto-a-minuto\/","title":{"rendered":"24M: c\u00f3mo se vivi\u00f3 el d\u00eda del golpe en La Pampa minuto a minuto"},"content":{"rendered":"\n<h2 class=\"wp-block-heading\">Por Norberto Asquini<\/h2>\n\n\n\n<p><\/p>\n\n\n\n<p>\u00bfC\u00f3mo fueron las horas previas y posteriores al golpe de Estado del 24 de marzo de 1976 en La Pampa? \u00bfC\u00f3mo se vivi\u00f3 durante esa noche y madrugada? \u00bfQu\u00e9 pas\u00f3 con las y los principales actores pol\u00edticos de la provincia en esos momentos cruciales? Cuando publiqu\u00e9 el libro \u201cCr\u00f3nicas del Fuego\u201d, pude entrevistar a catorce de las y los mencionados en este art\u00edculo, con cuyos testimonios ahora se reconstruyen esas horas claves.<\/p>\n\n\n\n<p><strong>23:00 Hs. <\/strong>El vicegobernador Rub\u00e9n Mar\u00edn se encontraba en Capital Federal para entrevistas ya pautadas. Esa tarde ley\u00f3 el titular de La Raz\u00f3n: \u201cEst\u00e1 todo dicho\u201d. Llam\u00f3 a su secretaria Silvia Gallego para que sacara sus pertenencias de la C\u00e1mara de Diputados. Sobre la medianoche se fue con el chofer por la avenida Alberdi y cuando cruz\u00f3 la General Paz hab\u00eda un puesto de operaciones con militares. Logr\u00f3 pasar por otra calle y llegaron a La Pampa.<\/p>\n\n\n\n<p><strong>0:00 Hs.<\/strong> Se recibe en las teletipo de las redacciones el cable que indica que se inici\u00f3 el desplazamiento de efectivos con asiento en Campo de Mayo hacia la Capital Federal.<\/p>\n\n\n\n<p><strong>0.30 Hs. <\/strong>Las tropas se lanzan a las calles para ocupar edificios p\u00fablicos, sindicatos, sedes partidarias, radios y canales de televisi\u00f3n. Las Ford F-100 y los camiones del Ej\u00e9rcito empiezan a circular en Santa Rosa y General Pico con las listas de las personas a detener. El mayor Luis Enrique Baraldini ingresa a la Jefatura de Polic\u00eda.<\/p>\n\n\n\n<p><strong>1:00 Hs.<\/strong> Es detenida la presidenta Isabel Per\u00f3n en su helic\u00f3ptero en el Aeroparque. Tropas ingresan a Casa Rosa y al Congreso. La ex mandataria es trasladada poco despu\u00e9s a Bariloche.<\/p>\n\n\n\n<p><strong>2.00 Hs. <\/strong>El director de La Capital, Nelson Nicoletti, escucha en la radio el anuncio del golpe mientras hace la sobremesa tras un asado con sus compa\u00f1eros. Toma el auto del diario (que era una cooperativa), pasa a buscar a algunos t\u00e9cnicos y periodistas y va a la sede en Pellegrini 126. Se estaba preparando la nueva edici\u00f3n y Nicoletti escrib\u00eda la editorial. Soldados ingresan abruptamente al lugar, el director es enca\u00f1onado, colocado contra la pared y encapuchado. Se lo llevan en un veh\u00edculo militar.<\/p>\n\n\n\n<p><strong>3:00 Hs.<\/strong> El gobernador Jos\u00e9 Aquiles Regazzoli enterado en su casa de la detenci\u00f3n de la presidenta, encomienda a su familia: \u201cEmpiecen a llamar por tel\u00e9fono\u201d a funcionarios. \u201cLa detuvieron a Isabel. Regazzoli va para Casa de Gobierno\u201d, es el mensaje para que intenten llegar hasta sus oficinas. Tambi\u00e9n hablan con militantes de la JP como Alvarado y Folmer. Regazzoli sale rumbo a Casa de Gobierno.<\/p>\n\n\n\n<p><strong>3.21 Hs. <\/strong>Las radios y canales de televisi\u00f3n suspenden sus programaciones habituales para entrar en cadena y transmitir el comunicado n\u00famero 1 en el que los militares anuncian a la poblaci\u00f3n: \u201cA partir de la fecha, el pa\u00eds se encuentra bajo el control operacional de la Junta de Comandantes Generales de las Fuerzas Armadas\u201d.<\/p>\n\n\n\n<p><strong>3.30 Hs. <\/strong>Llegan a Casa de Gobierno los ministros Eduardo Molteni (Gobierno), F\u00e9lix Mariani (Bienestar Social) y Jorge Matzkin (Econom\u00eda), que tienen que dejar sus autos a varias cuadras del lugar y, tras identificarse en el control que cerraba las calles, en la guardia de la puerta de Casa de Gobierno y en otra del pasillo del edificio, se re\u00fanen con Regazzoli. El gobernador firma algunas medidas pendientes, como el decreto de aumentos para los empleados estatales. Los militares ordenan a los ministros que saquen sus cosas, cada uno custodiado por un hombre armado.<\/p>\n\n\n\n<p><strong>4.00 Hs. <\/strong>Es detenida en la casa del gobernador, en la calle Mansilla, su hija Mireya Regazzoli, cuando est\u00e1 con su madre. Poco antes una patrulla hab\u00eda ido hasta su casa y arrestado a su esposo, Victorio Vlasich. Quedar\u00e1 detenida varios meses en la Seccional Primera, luego en la Brigada de Investigaciones y por \u00faltimo en la U13 antes de ser trasladada hasta la c\u00e1rcel de Devoto donde estuvo presa hasta noviembre del 76.<\/p>\n\n\n\n<p><strong>4.00 Hs. <\/strong>Regazzoli llama a la asistente social Alicia Ch\u00e1vez y le da una lista garabateada de los adjudicatarios de las ochenta viviendas del barrio Pe\u00f1i Ruca. La empleada toma la caja de madera con las llaves de Bienestar Social para repartirlas. H\u00e9ctor de la Iglesia, que fue abogado de Regazzoli luego del golpe, confi\u00f3 en una entrevista que lo hab\u00edan procesado por ejercicio irregular de la autoridad por ese hecho. Pero como el acta de toma de posesi\u00f3n que figur\u00f3 en la Escriban\u00eda de Gobierno indicaba que hab\u00eda sido a las 13.00 del 24 de marzo, todav\u00eda segu\u00eda siendo gobernador cuando se hab\u00edan entregado las viviendas.<\/p>\n\n\n\n<p><strong>5.00 Hs. <\/strong>El director de La Arena, Sa\u00fal Santesteban, despu\u00e9s de cerrar la edici\u00f3n con la \u00faltima noticia del arresto de la presidenta, est\u00e1 durmiendo en su casa de la calle O\u2019Higgins cuando llega una camioneta del Ej\u00e9rcito. Los soldados golpean la puerta y lo van a detener a su habitaci\u00f3n.<\/p>\n\n\n\n<p><strong>5.00 Hs.<\/strong> El gremialista de los municipales, Miguel Maldonado, enterado del golpe por la radio en su casa del barrio Villa del Busto, va hasta la casa de su vecina, la titular de ATE Mar\u00eda Alvarado, para avisarle de lo que ocurr\u00eda. No la encuentra y al volver a su casa es detenido antes de las 6.00 cuando de una camioneta de la polic\u00eda bajan varios uniformados. Le dice a su madre \u201cNo te hagas problema que ya vengo\u201d. Pasar\u00eda 18 meses detenido.<\/p>\n\n\n\n<p><strong>6.00 Hs.<\/strong> Llega a Casa de Gobierno el coronel Fabio Iriart, jefe del Ej\u00e9rcito en La Pampa, junto a otros oficiales. El ministro Mariani record\u00f3 que dijo: \u201cVengo a hacerme cargo del gobierno en nombre de las Fuerzas Armadas\u201d. Y dej\u00f3 una pistola sobre una mesita ratona. Mariani coment\u00f3 al coronel enfundado en un sobretodo marr\u00f3n: \u2013Estamos todos, falta Covella, que est\u00e1 en su casa de Pico. \u2013\u00bfEstar\u00e1? -contest\u00f3 un enigm\u00e1tico y sonriente Iriart. El gobernador y los tres ministros se quedaron serios.<\/p>\n\n\n\n<p><strong>6:00 Hs.<\/strong> En General Pico, en su casa de la calle 101 y 26, es detenido el ministro de Obras P\u00fablicas, Santiago Covella. Hac\u00eda varios d\u00edas que hab\u00eda una guardia permanente en su casa. Es uno de los primeros secuestrados en la ciudad. Son detenidos poco despu\u00e9s el locutor y docente Hugo Ferrari y su colega de la radio el locutor H\u00e9ctor Oscar Su\u00e1rez.<\/p>\n\n\n\n<p><strong>6.00 Hs. <\/strong>Es detenido en Santa Rosa el dirigente universitario Jos\u00e9 Mendiz\u00e1bal que est\u00e1 junto a varios estudiantes en la pensi\u00f3n que habitaba sobre la calle Escalante.<\/p>\n\n\n\n<p><strong>6.00 Hs. <\/strong>Es detenido el diputado provincial Hermes Acc\u00e1toli. De acuerdo al testimonio de un periodista piquense, habr\u00eda salido de la casa y frente a la puerta sac\u00f3 un rev\u00f3lver, y grit\u00f3 \u201c\u00a1Per\u00f3n o Muerte!\u201d y dispar\u00f3 dos veces al aire. Uno de los polic\u00edas que hac\u00eda el procedimiento y que lo conoc\u00eda habr\u00eda alcanzado a tomarlo por el cuello para reducirlo, seg\u00fan la misma fuente. En una entrevista que se le realiz\u00f3, no se habl\u00f3 de esa versi\u00f3n. Antes fue detenido su compa\u00f1ero de bancada y militancia, Roberto Gil.<\/p>\n\n\n\n<p><strong>7.00 Hs. <\/strong>Mar\u00edn llega a Santa Rosa en el auto oficial y en la ruta 5 frente al hip\u00f3dromo lo intercepta un grupo de soldados. El oficial, que era el que dirig\u00eda la banda militar y que lo ubicaba de los actos patrios, lo reconoce y luego de un llamado lo deja seguir camino. Llega a su casa en el barrio de los funcionarios sobre la avenida Belgrano y tras tomar sus pertenencias se marcha a Pico.<\/p>\n\n\n\n<p><strong>10.00 Hs. <\/strong>Durante la madrugada continu\u00f3 la seguidilla de comunicados con prohibiciones y advertencias a los habitantes. A las 10 van por la n\u00famero 22, que suspend\u00eda espect\u00e1culos p\u00fablicos. A esa hora, la Junta Militar se hace cargo del gobierno en un acto realizado en el Edificio Libertador. El golpe se hab\u00eda hecho. Durante toda la ma\u00f1ana y la tarde, y los d\u00edas siguientes, continuaron las detenciones que sumar\u00edan unas 70 m\u00e1s hasta el 27 de marzo, al menos. Nota: Los ex diputados Gil y Acc\u00e1toli; el periodista Nicoletti; el sindicalista Maldonado; el universitario Mendiz\u00e1bal y el ex ministro Covella ser\u00edan interrogados y torturados y pasar\u00edan meses presos. El 7 de septiembre de 1976 son trasladados a la c\u00e1rcel de m\u00e1xima seguridad de Rawson, en Chubut, donde se sumaron a otros pampeanos detenidos antes del golpe: Ra\u00fal D\u2019Atri y Hugo Chumbita. Nicoletti es liberado el 16 de noviembre del 76; Gil el 29 de abril de 1977; Covella luego de 13 meses y cuatro d\u00edas detenido; Acc\u00e1toli el 16 de junio de 1977; Maldonado algunos meses despu\u00e9s; y el \u00faltimo ser\u00eda Mendiz\u00e1bal, trasladado a la c\u00e1rcel de La Plata, reci\u00e9n saldr\u00eda en noviembre del 80.<\/p>\n\n\n","protected":false},"excerpt":{"rendered":"<p>Por Norberto Asquini \u00bfC\u00f3mo fueron las horas previas y posteriores al golpe de Estado del 24 de marzo de 1976 en La Pampa? \u00bfC\u00f3mo se vivi\u00f3 durante esa noche y&hellip;<\/p>\n","protected":false},"author":3,"featured_media":138786,"comment_status":"closed","ping_status":"open","sticky":false,"template":"","format":"standard","meta":{"_acf_changed":false,"footnotes":""},"categories":[10,8],"tags":[217],"class_list":["post-138783","post","type-post","status-publish","format-standard","has-post-thumbnail","hentry","category-portada-2","category-politica","tag-golpe"],"acf":[],"yoast_head":"<!-- This site is optimized with the Yoast SEO plugin v27.5 - https:\/\/yoast.com\/product\/yoast-seo-wordpress\/ -->\n<title>24M: c\u00f3mo se vivi\u00f3 el d\u00eda del golpe en La Pampa minuto a minuto - Diario Textual<\/title>\n<meta name=\"robots\" content=\"index, follow, max-snippet:-1, max-image-preview:large, max-video-preview:-1\" \/>\n<link rel=\"canonical\" href=\"https:\/\/diariotextual.com\/inicio\/index.php\/2021\/03\/24\/24m-como-se-vivio-el-dia-del-golpe-en-la-pampa-minuto-a-minuto\/\" \/>\n<meta property=\"og:locale\" content=\"es_ES\" \/>\n<meta property=\"og:type\" content=\"article\" \/>\n<meta property=\"og:title\" content=\"24M: c\u00f3mo se vivi\u00f3 el d\u00eda del golpe en La Pampa minuto a minuto - Diario Textual\" \/>\n<meta property=\"og:description\" content=\"Por Norberto Asquini \u00bfC\u00f3mo fueron las horas previas y posteriores al golpe de Estado del 24 de marzo de 1976 en La Pampa? \u00bfC\u00f3mo se vivi\u00f3 durante esa noche y&hellip;\" \/>\n<meta property=\"og:url\" content=\"https:\/\/diariotextual.com\/inicio\/index.php\/2021\/03\/24\/24m-como-se-vivio-el-dia-del-golpe-en-la-pampa-minuto-a-minuto\/\" \/>\n<meta property=\"og:site_name\" content=\"Diario Textual\" \/>\n<meta property=\"article:publisher\" content=\"https:\/\/www.facebook.com\/eltextual\" \/>\n<meta property=\"article:published_time\" content=\"2021-03-24T11:46:37+00:00\" \/>\n<meta property=\"article:modified_time\" content=\"2021-03-24T19:36:28+00:00\" \/>\n<meta property=\"og:image\" content=\"https:\/\/diariotextual.com\/inicio\/wp-content\/uploads\/2021\/03\/golpemilitar76-1.jpg\" \/>\n\t<meta property=\"og:image:width\" content=\"920\" \/>\n\t<meta property=\"og:image:height\" content=\"517\" \/>\n\t<meta property=\"og:image:type\" content=\"image\/jpeg\" \/>\n<meta name=\"author\" content=\"Diario1 Diario1\" \/>\n<meta name=\"twitter:card\" content=\"summary_large_image\" \/>\n<meta name=\"twitter:creator\" content=\"@eltextual\" \/>\n<meta name=\"twitter:site\" content=\"@eltextual\" \/>\n<meta name=\"twitter:label1\" content=\"Escrito por\" \/>\n\t<meta name=\"twitter:data1\" content=\"Diario1 Diario1\" \/>\n\t<meta name=\"twitter:label2\" content=\"Tiempo de lectura\" \/>\n\t<meta name=\"twitter:data2\" content=\"7 minutos\" \/>\n<script type=\"application\/ld+json\" class=\"yoast-schema-graph\">{\"@context\":\"https:\\\/\\\/schema.org\",\"@graph\":[{\"@type\":\"Article\",\"@id\":\"https:\\\/\\\/diariotextual.com\\\/inicio\\\/index.php\\\/2021\\\/03\\\/24\\\/24m-como-se-vivio-el-dia-del-golpe-en-la-pampa-minuto-a-minuto\\\/#article\",\"isPartOf\":{\"@id\":\"https:\\\/\\\/diariotextual.com\\\/inicio\\\/index.php\\\/2021\\\/03\\\/24\\\/24m-como-se-vivio-el-dia-del-golpe-en-la-pampa-minuto-a-minuto\\\/\"},\"author\":{\"name\":\"Diario1 Diario1\",\"@id\":\"https:\\\/\\\/diariotextual.com\\\/inicio\\\/#\\\/schema\\\/person\\\/418fc4093c33e86ed41562db3508f958\"},\"headline\":\"24M: c\u00f3mo se vivi\u00f3 el d\u00eda del golpe en La Pampa minuto a minuto\",\"datePublished\":\"2021-03-24T11:46:37+00:00\",\"dateModified\":\"2021-03-24T19:36:28+00:00\",\"mainEntityOfPage\":{\"@id\":\"https:\\\/\\\/diariotextual.com\\\/inicio\\\/index.php\\\/2021\\\/03\\\/24\\\/24m-como-se-vivio-el-dia-del-golpe-en-la-pampa-minuto-a-minuto\\\/\"},\"wordCount\":1499,\"publisher\":{\"@id\":\"https:\\\/\\\/diariotextual.com\\\/inicio\\\/#organization\"},\"image\":{\"@id\":\"https:\\\/\\\/diariotextual.com\\\/inicio\\\/index.php\\\/2021\\\/03\\\/24\\\/24m-como-se-vivio-el-dia-del-golpe-en-la-pampa-minuto-a-minuto\\\/#primaryimage\"},\"thumbnailUrl\":\"https:\\\/\\\/diariotextual.com\\\/inicio\\\/wp-content\\\/uploads\\\/2021\\\/03\\\/golpemilitar76-1.jpg\",\"keywords\":[\"golpe\"],\"articleSection\":[\"A - PORTADA2\",\"POLITICA\"],\"inLanguage\":\"es\"},{\"@type\":\"WebPage\",\"@id\":\"https:\\\/\\\/diariotextual.com\\\/inicio\\\/index.php\\\/2021\\\/03\\\/24\\\/24m-como-se-vivio-el-dia-del-golpe-en-la-pampa-minuto-a-minuto\\\/\",\"url\":\"https:\\\/\\\/diariotextual.com\\\/inicio\\\/index.php\\\/2021\\\/03\\\/24\\\/24m-como-se-vivio-el-dia-del-golpe-en-la-pampa-minuto-a-minuto\\\/\",\"name\":\"24M: c\u00f3mo se vivi\u00f3 el d\u00eda del golpe en La Pampa minuto a minuto - Diario Textual\",\"isPartOf\":{\"@id\":\"https:\\\/\\\/diariotextual.com\\\/inicio\\\/#website\"},\"primaryImageOfPage\":{\"@id\":\"https:\\\/\\\/diariotextual.com\\\/inicio\\\/index.php\\\/2021\\\/03\\\/24\\\/24m-como-se-vivio-el-dia-del-golpe-en-la-pampa-minuto-a-minuto\\\/#primaryimage\"},\"image\":{\"@id\":\"https:\\\/\\\/diariotextual.com\\\/inicio\\\/index.php\\\/2021\\\/03\\\/24\\\/24m-como-se-vivio-el-dia-del-golpe-en-la-pampa-minuto-a-minuto\\\/#primaryimage\"},\"thumbnailUrl\":\"https:\\\/\\\/diariotextual.com\\\/inicio\\\/wp-content\\\/uploads\\\/2021\\\/03\\\/golpemilitar76-1.jpg\",\"datePublished\":\"2021-03-24T11:46:37+00:00\",\"dateModified\":\"2021-03-24T19:36:28+00:00\",\"breadcrumb\":{\"@id\":\"https:\\\/\\\/diariotextual.com\\\/inicio\\\/index.php\\\/2021\\\/03\\\/24\\\/24m-como-se-vivio-el-dia-del-golpe-en-la-pampa-minuto-a-minuto\\\/#breadcrumb\"},\"inLanguage\":\"es\",\"potentialAction\":[{\"@type\":\"ReadAction\",\"target\":[\"https:\\\/\\\/diariotextual.com\\\/inicio\\\/index.php\\\/2021\\\/03\\\/24\\\/24m-como-se-vivio-el-dia-del-golpe-en-la-pampa-minuto-a-minuto\\\/\"]}]},{\"@type\":\"ImageObject\",\"inLanguage\":\"es\",\"@id\":\"https:\\\/\\\/diariotextual.com\\\/inicio\\\/index.php\\\/2021\\\/03\\\/24\\\/24m-como-se-vivio-el-dia-del-golpe-en-la-pampa-minuto-a-minuto\\\/#primaryimage\",\"url\":\"https:\\\/\\\/diariotextual.com\\\/inicio\\\/wp-content\\\/uploads\\\/2021\\\/03\\\/golpemilitar76-1.jpg\",\"contentUrl\":\"https:\\\/\\\/diariotextual.com\\\/inicio\\\/wp-content\\\/uploads\\\/2021\\\/03\\\/golpemilitar76-1.jpg\",\"width\":920,\"height\":517},{\"@type\":\"BreadcrumbList\",\"@id\":\"https:\\\/\\\/diariotextual.com\\\/inicio\\\/index.php\\\/2021\\\/03\\\/24\\\/24m-como-se-vivio-el-dia-del-golpe-en-la-pampa-minuto-a-minuto\\\/#breadcrumb\",\"itemListElement\":[{\"@type\":\"ListItem\",\"position\":1,\"name\":\"Portada\",\"item\":\"https:\\\/\\\/diariotextual.com\\\/inicio\\\/\"},{\"@type\":\"ListItem\",\"position\":2,\"name\":\"24M: c\u00f3mo se vivi\u00f3 el d\u00eda del golpe en La Pampa minuto a minuto\"}]},{\"@type\":\"WebSite\",\"@id\":\"https:\\\/\\\/diariotextual.com\\\/inicio\\\/#website\",\"url\":\"https:\\\/\\\/diariotextual.com\\\/inicio\\\/\",\"name\":\"Diario Textual\",\"description\":\"\",\"publisher\":{\"@id\":\"https:\\\/\\\/diariotextual.com\\\/inicio\\\/#organization\"},\"potentialAction\":[{\"@type\":\"SearchAction\",\"target\":{\"@type\":\"EntryPoint\",\"urlTemplate\":\"https:\\\/\\\/diariotextual.com\\\/inicio\\\/?s={search_term_string}\"},\"query-input\":{\"@type\":\"PropertyValueSpecification\",\"valueRequired\":true,\"valueName\":\"search_term_string\"}}],\"inLanguage\":\"es\"},{\"@type\":\"Organization\",\"@id\":\"https:\\\/\\\/diariotextual.com\\\/inicio\\\/#organization\",\"name\":\"Diario Textual\",\"url\":\"https:\\\/\\\/diariotextual.com\\\/inicio\\\/\",\"logo\":{\"@type\":\"ImageObject\",\"inLanguage\":\"es\",\"@id\":\"https:\\\/\\\/diariotextual.com\\\/inicio\\\/#\\\/schema\\\/logo\\\/image\\\/\",\"url\":\"https:\\\/\\\/diariotextual.com\\\/inicio\\\/wp-content\\\/uploads\\\/2023\\\/05\\\/logotextual1.jpg\",\"contentUrl\":\"https:\\\/\\\/diariotextual.com\\\/inicio\\\/wp-content\\\/uploads\\\/2023\\\/05\\\/logotextual1.jpg\",\"width\":516,\"height\":76,\"caption\":\"Diario Textual\"},\"image\":{\"@id\":\"https:\\\/\\\/diariotextual.com\\\/inicio\\\/#\\\/schema\\\/logo\\\/image\\\/\"},\"sameAs\":[\"https:\\\/\\\/www.facebook.com\\\/eltextual\",\"https:\\\/\\\/x.com\\\/eltextual\",\"http:\\\/\\\/www.instagram.com\\\/eltextual\"]},{\"@type\":\"Person\",\"@id\":\"https:\\\/\\\/diariotextual.com\\\/inicio\\\/#\\\/schema\\\/person\\\/418fc4093c33e86ed41562db3508f958\",\"name\":\"Diario1 Diario1\",\"image\":{\"@type\":\"ImageObject\",\"inLanguage\":\"es\",\"@id\":\"https:\\\/\\\/secure.gravatar.com\\\/avatar\\\/9167d280179c85bc18be67aa7eda765854300033af4896dd779b608640f2ef7a?s=96&d=mm&r=g\",\"url\":\"https:\\\/\\\/secure.gravatar.com\\\/avatar\\\/9167d280179c85bc18be67aa7eda765854300033af4896dd779b608640f2ef7a?s=96&d=mm&r=g\",\"contentUrl\":\"https:\\\/\\\/secure.gravatar.com\\\/avatar\\\/9167d280179c85bc18be67aa7eda765854300033af4896dd779b608640f2ef7a?s=96&d=mm&r=g\",\"caption\":\"Diario1 Diario1\"},\"url\":\"https:\\\/\\\/diariotextual.com\\\/inicio\\\/index.php\\\/author\\\/diario1\\\/\"}]}<\/script>\n<!-- \/ Yoast SEO plugin. -->","yoast_head_json":{"title":"24M: c\u00f3mo se vivi\u00f3 el d\u00eda del golpe en La Pampa minuto a minuto - Diario Textual","robots":{"index":"index","follow":"follow","max-snippet":"max-snippet:-1","max-image-preview":"max-image-preview:large","max-video-preview":"max-video-preview:-1"},"canonical":"https:\/\/diariotextual.com\/inicio\/index.php\/2021\/03\/24\/24m-como-se-vivio-el-dia-del-golpe-en-la-pampa-minuto-a-minuto\/","og_locale":"es_ES","og_type":"article","og_title":"24M: c\u00f3mo se vivi\u00f3 el d\u00eda del golpe en La Pampa minuto a minuto - Diario Textual","og_description":"Por Norberto Asquini \u00bfC\u00f3mo fueron las horas previas y posteriores al golpe de Estado del 24 de marzo de 1976 en La Pampa? \u00bfC\u00f3mo se vivi\u00f3 durante esa noche y&hellip;","og_url":"https:\/\/diariotextual.com\/inicio\/index.php\/2021\/03\/24\/24m-como-se-vivio-el-dia-del-golpe-en-la-pampa-minuto-a-minuto\/","og_site_name":"Diario Textual","article_publisher":"https:\/\/www.facebook.com\/eltextual","article_published_time":"2021-03-24T11:46:37+00:00","article_modified_time":"2021-03-24T19:36:28+00:00","og_image":[{"width":920,"height":517,"url":"https:\/\/diariotextual.com\/inicio\/wp-content\/uploads\/2021\/03\/golpemilitar76-1.jpg","type":"image\/jpeg"}],"author":"Diario1 Diario1","twitter_card":"summary_large_image","twitter_creator":"@eltextual","twitter_site":"@eltextual","twitter_misc":{"Escrito por":"Diario1 Diario1","Tiempo de lectura":"7 minutos"},"schema":{"@context":"https:\/\/schema.org","@graph":[{"@type":"Article","@id":"https:\/\/diariotextual.com\/inicio\/index.php\/2021\/03\/24\/24m-como-se-vivio-el-dia-del-golpe-en-la-pampa-minuto-a-minuto\/#article","isPartOf":{"@id":"https:\/\/diariotextual.com\/inicio\/index.php\/2021\/03\/24\/24m-como-se-vivio-el-dia-del-golpe-en-la-pampa-minuto-a-minuto\/"},"author":{"name":"Diario1 Diario1","@id":"https:\/\/diariotextual.com\/inicio\/#\/schema\/person\/418fc4093c33e86ed41562db3508f958"},"headline":"24M: c\u00f3mo se vivi\u00f3 el d\u00eda del golpe en La Pampa minuto a minuto","datePublished":"2021-03-24T11:46:37+00:00","dateModified":"2021-03-24T19:36:28+00:00","mainEntityOfPage":{"@id":"https:\/\/diariotextual.com\/inicio\/index.php\/2021\/03\/24\/24m-como-se-vivio-el-dia-del-golpe-en-la-pampa-minuto-a-minuto\/"},"wordCount":1499,"publisher":{"@id":"https:\/\/diariotextual.com\/inicio\/#organization"},"image":{"@id":"https:\/\/diariotextual.com\/inicio\/index.php\/2021\/03\/24\/24m-como-se-vivio-el-dia-del-golpe-en-la-pampa-minuto-a-minuto\/#primaryimage"},"thumbnailUrl":"https:\/\/diariotextual.com\/inicio\/wp-content\/uploads\/2021\/03\/golpemilitar76-1.jpg","keywords":["golpe"],"articleSection":["A - PORTADA2","POLITICA"],"inLanguage":"es"},{"@type":"WebPage","@id":"https:\/\/diariotextual.com\/inicio\/index.php\/2021\/03\/24\/24m-como-se-vivio-el-dia-del-golpe-en-la-pampa-minuto-a-minuto\/","url":"https:\/\/diariotextual.com\/inicio\/index.php\/2021\/03\/24\/24m-como-se-vivio-el-dia-del-golpe-en-la-pampa-minuto-a-minuto\/","name":"24M: c\u00f3mo se vivi\u00f3 el d\u00eda del golpe en La Pampa minuto a minuto - Diario Textual","isPartOf":{"@id":"https:\/\/diariotextual.com\/inicio\/#website"},"primaryImageOfPage":{"@id":"https:\/\/diariotextual.com\/inicio\/index.php\/2021\/03\/24\/24m-como-se-vivio-el-dia-del-golpe-en-la-pampa-minuto-a-minuto\/#primaryimage"},"image":{"@id":"https:\/\/diariotextual.com\/inicio\/index.php\/2021\/03\/24\/24m-como-se-vivio-el-dia-del-golpe-en-la-pampa-minuto-a-minuto\/#primaryimage"},"thumbnailUrl":"https:\/\/diariotextual.com\/inicio\/wp-content\/uploads\/2021\/03\/golpemilitar76-1.jpg","datePublished":"2021-03-24T11:46:37+00:00","dateModified":"2021-03-24T19:36:28+00:00","breadcrumb":{"@id":"https:\/\/diariotextual.com\/inicio\/index.php\/2021\/03\/24\/24m-como-se-vivio-el-dia-del-golpe-en-la-pampa-minuto-a-minuto\/#breadcrumb"},"inLanguage":"es","potentialAction":[{"@type":"ReadAction","target":["https:\/\/diariotextual.com\/inicio\/index.php\/2021\/03\/24\/24m-como-se-vivio-el-dia-del-golpe-en-la-pampa-minuto-a-minuto\/"]}]},{"@type":"ImageObject","inLanguage":"es","@id":"https:\/\/diariotextual.com\/inicio\/index.php\/2021\/03\/24\/24m-como-se-vivio-el-dia-del-golpe-en-la-pampa-minuto-a-minuto\/#primaryimage","url":"https:\/\/diariotextual.com\/inicio\/wp-content\/uploads\/2021\/03\/golpemilitar76-1.jpg","contentUrl":"https:\/\/diariotextual.com\/inicio\/wp-content\/uploads\/2021\/03\/golpemilitar76-1.jpg","width":920,"height":517},{"@type":"BreadcrumbList","@id":"https:\/\/diariotextual.com\/inicio\/index.php\/2021\/03\/24\/24m-como-se-vivio-el-dia-del-golpe-en-la-pampa-minuto-a-minuto\/#breadcrumb","itemListElement":[{"@type":"ListItem","position":1,"name":"Portada","item":"https:\/\/diariotextual.com\/inicio\/"},{"@type":"ListItem","position":2,"name":"24M: c\u00f3mo se vivi\u00f3 el d\u00eda del golpe en La Pampa minuto a minuto"}]},{"@type":"WebSite","@id":"https:\/\/diariotextual.com\/inicio\/#website","url":"https:\/\/diariotextual.com\/inicio\/","name":"Diario Textual","description":"","publisher":{"@id":"https:\/\/diariotextual.com\/inicio\/#organization"},"potentialAction":[{"@type":"SearchAction","target":{"@type":"EntryPoint","urlTemplate":"https:\/\/diariotextual.com\/inicio\/?s={search_term_string}"},"query-input":{"@type":"PropertyValueSpecification","valueRequired":true,"valueName":"search_term_string"}}],"inLanguage":"es"},{"@type":"Organization","@id":"https:\/\/diariotextual.com\/inicio\/#organization","name":"Diario Textual","url":"https:\/\/diariotextual.com\/inicio\/","logo":{"@type":"ImageObject","inLanguage":"es","@id":"https:\/\/diariotextual.com\/inicio\/#\/schema\/logo\/image\/","url":"https:\/\/diariotextual.com\/inicio\/wp-content\/uploads\/2023\/05\/logotextual1.jpg","contentUrl":"https:\/\/diariotextual.com\/inicio\/wp-content\/uploads\/2023\/05\/logotextual1.jpg","width":516,"height":76,"caption":"Diario Textual"},"image":{"@id":"https:\/\/diariotextual.com\/inicio\/#\/schema\/logo\/image\/"},"sameAs":["https:\/\/www.facebook.com\/eltextual","https:\/\/x.com\/eltextual","http:\/\/www.instagram.com\/eltextual"]},{"@type":"Person","@id":"https:\/\/diariotextual.com\/inicio\/#\/schema\/person\/418fc4093c33e86ed41562db3508f958","name":"Diario1 Diario1","image":{"@type":"ImageObject","inLanguage":"es","@id":"https:\/\/secure.gravatar.com\/avatar\/9167d280179c85bc18be67aa7eda765854300033af4896dd779b608640f2ef7a?s=96&d=mm&r=g","url":"https:\/\/secure.gravatar.com\/avatar\/9167d280179c85bc18be67aa7eda765854300033af4896dd779b608640f2ef7a?s=96&d=mm&r=g","contentUrl":"https:\/\/secure.gravatar.com\/avatar\/9167d280179c85bc18be67aa7eda765854300033af4896dd779b608640f2ef7a?s=96&d=mm&r=g","caption":"Diario1 Diario1"},"url":"https:\/\/diariotextual.com\/inicio\/index.php\/author\/diario1\/"}]}},"_links":{"self":[{"href":"https:\/\/diariotextual.com\/inicio\/index.php\/wp-json\/wp\/v2\/posts\/138783","targetHints":{"allow":["GET"]}}],"collection":[{"href":"https:\/\/diariotextual.com\/inicio\/index.php\/wp-json\/wp\/v2\/posts"}],"about":[{"href":"https:\/\/diariotextual.com\/inicio\/index.php\/wp-json\/wp\/v2\/types\/post"}],"author":[{"embeddable":true,"href":"https:\/\/diariotextual.com\/inicio\/index.php\/wp-json\/wp\/v2\/users\/3"}],"replies":[{"embeddable":true,"href":"https:\/\/diariotextual.com\/inicio\/index.php\/wp-json\/wp\/v2\/comments?post=138783"}],"version-history":[{"count":2,"href":"https:\/\/diariotextual.com\/inicio\/index.php\/wp-json\/wp\/v2\/posts\/138783\/revisions"}],"predecessor-version":[{"id":138785,"href":"https:\/\/diariotextual.com\/inicio\/index.php\/wp-json\/wp\/v2\/posts\/138783\/revisions\/138785"}],"wp:featuredmedia":[{"embeddable":true,"href":"https:\/\/diariotextual.com\/inicio\/index.php\/wp-json\/wp\/v2\/media\/138786"}],"wp:attachment":[{"href":"https:\/\/diariotextual.com\/inicio\/index.php\/wp-json\/wp\/v2\/media?parent=138783"}],"wp:term":[{"taxonomy":"category","embeddable":true,"href":"https:\/\/diariotextual.com\/inicio\/index.php\/wp-json\/wp\/v2\/categories?post=138783"},{"taxonomy":"post_tag","embeddable":true,"href":"https:\/\/diariotextual.com\/inicio\/index.php\/wp-json\/wp\/v2\/tags?post=138783"}],"curies":[{"name":"wp","href":"https:\/\/api.w.org\/{rel}","templated":true}]}}